{"id":11433,"date":"2023-12-06T07:53:53","date_gmt":"2023-12-06T10:53:53","guid":{"rendered":"https:\/\/noticiasribeiraopreto.com.br\/index.php\/2023\/12\/06\/9-bares-padarias-e-restaurantes-para-curtir-o-verao-em-sp\/"},"modified":"2023-12-06T07:53:53","modified_gmt":"2023-12-06T10:53:53","slug":"9-bares-padarias-e-restaurantes-para-curtir-o-verao-em-sp","status":"publish","type":"post","link":"https:\/\/noticiasribeiraopreto.com.br\/index.php\/2023\/12\/06\/9-bares-padarias-e-restaurantes-para-curtir-o-verao-em-sp\/","title":{"rendered":"9 bares, padarias e restaurantes para curtir o ver\u00e3o em SP"},"content":{"rendered":"<div class='code-block code-block-1' style='margin: 8px 0 8px auto; text-align: right; display: block; clear: both;'>\n<p><a href=\"https:\/\/wa.link\/vpicfd\"><img data-recalc-dims=\"1\" class=\"wp-image-4922\" style=\"aspect-ratio: 2.0253164556962027; width: 561px; height: auto;\" src=\"https:\/\/i0.wp.com\/ismaelcolosi.com.br\/wp-content\/uploads\/2023\/11\/grupo-de-empregos-whatsapp-e-facebook-ismael-colosi-vagas.jpg?ssl=1\" alt=\"\" \/><\/a><\/p>\n<!-- \/wp:image -->\n<\/div>\n<p> <br \/>\n<\/p>\n<div>\n<p>A esta\u00e7\u00e3o mais adorada pela maioria dos brasileiros, o ver\u00e3o 2023\/2024 come\u00e7a oficilamente no dia 22 de dezembro. Por\u00e9m, o calor\u00e3o dos \u00faltimos meses t\u00eam dar uma pr\u00e9via de como ser\u00e1 a esta\u00e7\u00e3o.<\/p>\n<p>Op\u00e7\u00f5es de <a href=\"https:\/\/catracalivre.com.br\/agenda\/cine-na-praca-filmes-gratuitos-parque-do-povo-sp\/\">espa\u00e7os ao ar livre<\/a> para comer e beber na cidade de S\u00e3o Paulo \u00e9 o que n\u00e3o faltam. Al\u00e9m dos pratos, o ambiente convida clientes a aproveitarem os dias ensolarados.<\/p>\n<div id=\"attachment_2312802\" class=\"wp-caption aligncenter\">\n<div class=\"d-flex justify-content-center\" data-attachment-id=\"2312802\">\n<div class=\"position-relative d-inline-block\"><img data-recalc-dims=\"1\" data-portal-copyright=\"Divulga\u00e7\u00e3o\" fetchpriority=\"high\" decoding=\"async\" class=\"wp-image-2312802 size-full\" src=\"https:\/\/i0.wp.com\/catracalivre.com.br\/wp-content\/uploads\/2023\/11\/unnamed-4.png?resize=769%2C510&#038;ssl=1\" alt=\"9 bares, padarias e restaurantes para curtir o ver\u00e3o em SP\" width=\"769\" height=\"510\" srcset=\"https:\/\/catracalivre.com.br\/wp-content\/uploads\/2023\/11\/unnamed-4.png 769w, https:\/\/catracalivre.com.br\/wp-content\/uploads\/2023\/11\/unnamed-4-450x298.png 450w\" sizes=\"(max-width: 769px) 100vw, 769px\"\/><\/p>\n<p>Cr\u00e9ditos: Divulga\u00e7\u00e3o<\/p>\n<\/div>\n<\/div>\n<p><span class=\"post-imagem__legenda\">9 bares, padarias e restaurantes para curtir o ver\u00e3o em SP<\/span><\/p>\n<\/div>\n<p>A Catraca Livre selecionou alguns bares, padarias e restaurantes da capital paulista com mesas ao ar livre para curtir com amigos uma tarde de ver\u00e3o.<\/p>\n<h3>St Chico<\/h3>\n<p>Come\u00e7ando pelo caf\u00e9 da manh\u00e3, a requintada <a href=\"https:\/\/www.instagram.com\/st.chico\/\" target=\"_blank\" rel=\"noopener\">padaria \u00e9 perfeita para os fins de semana<\/a>, e al\u00e9m do card\u00e1pio, que \u00e9 de dar \u00e1gua na boca, a St Chico tem um ambiente agrad\u00e1vel e conta com mesinhas ao ar livre e guarda-s\u00f3is.<\/p>\n<div id=\"attachment_2312805\" class=\"wp-caption aligncenter\">\n<div class=\"d-flex justify-content-center\" data-attachment-id=\"2312805\">\n<div class=\"position-relative d-inline-block\"><img data-recalc-dims=\"1\" loading=\"lazy\" data-portal-copyright=\"Divulga\u00e7\u00e3o\" decoding=\"async\" class=\"wp-image-2312805 size-large\" src=\"https:\/\/i0.wp.com\/catracalivre.com.br\/wp-content\/uploads\/2023\/11\/unnamed-10-910x683.jpg?resize=910%2C683&#038;ssl=1\" alt=\"A a requintada padaria \u00e9 perfeita para ir aos fins de semana\" width=\"910\" height=\"683\" srcset=\"https:\/\/catracalivre.com.br\/wp-content\/uploads\/2023\/11\/unnamed-10-910x683.jpg 910w, https:\/\/catracalivre.com.br\/wp-content\/uploads\/2023\/11\/unnamed-10-450x338.jpg 450w, https:\/\/catracalivre.com.br\/wp-content\/uploads\/2023\/11\/unnamed-10-768x576.jpg 768w\" sizes=\"auto, (max-width: 910px) 100vw, 910px\"\/><\/p>\n<p>Cr\u00e9ditos: Divulga\u00e7\u00e3o<\/p>\n<\/div>\n<\/div>\n<p><span class=\"post-imagem__legenda\">A a requintada padaria \u00e9 perfeita para ir aos fins de semana<\/span><\/p>\n<\/div>\n<p>O espa\u00e7o \u00e9 pet friendly, aconchegante e bem arborizado. O destaque do menu vai para o caf\u00e9 especial da casa, em parceria com a No More Bad Coffee, al\u00e9m dos incr\u00edveis quitutes, como o croissant, caracol, focaccia e o cl\u00e1ssico p\u00e3o de queijo.<\/p>\n<p><em><strong>Onde:<\/strong> Avenida Higien\u00f3polis, 467 , Higien\u00f3polis. Tel.: (11) 95324-5589. De segunda a sexta, das 7h \u00e0s 20h.<\/em><\/p>\n<h3>Red Coffee<\/h3>\n<p>O Red Coffee \u00e9 um coffee shop, que trabalha apenas com caf\u00e9s gourmets, que s\u00e3o torrados diretamente na loja.<\/p>\n<div id=\"attachment_2312804\" class=\"wp-caption aligncenter\">\n<div class=\"d-flex justify-content-center\" data-attachment-id=\"2312804\">\n<div class=\"position-relative d-inline-block\"><img data-recalc-dims=\"1\" loading=\"lazy\" data-portal-copyright=\"Divulga\u00e7\u00e3o\" decoding=\"async\" class=\"wp-image-2312804 size-full\" src=\"https:\/\/i0.wp.com\/catracalivre.com.br\/wp-content\/uploads\/2023\/11\/unnamed-5.png?resize=723%2C673&#038;ssl=1\" alt=\"Para quem aprecia caf\u00e9s gourmets, o Red Coffee \u00e9 o lugar ideal pata ir no ver\u00e3o\" width=\"723\" height=\"673\" srcset=\"https:\/\/catracalivre.com.br\/wp-content\/uploads\/2023\/11\/unnamed-5.png 723w, https:\/\/catracalivre.com.br\/wp-content\/uploads\/2023\/11\/unnamed-5-450x419.png 450w\" sizes=\"auto, (max-width: 723px) 100vw, 723px\"\/><\/p>\n<p>Cr\u00e9ditos: Divulga\u00e7\u00e3o<\/p>\n<\/div>\n<\/div>\n<p><span class=\"post-imagem__legenda\">Para quem aprecia caf\u00e9s gourmets, o Red Coffee \u00e9 o lugar ideal pata ir no ver\u00e3o<\/span><\/p>\n<\/div>\n<p>A casa possui um ambiente acolhedor e uma excelente \u00e1rea externa, com mesinhas ao ar livre, o caf\u00e9 tamb\u00e9m \u00e9 pet friendly e seu pet pode desfrutar de todo espa\u00e7o externo.<\/p>\n<p>O card\u00e1pio conta com diversos tipos de caf\u00e9s, pratos para caf\u00e9 da manh\u00e3 e brunch, sandu\u00edches, refei\u00e7\u00f5es e drinks.<\/p>\n<p><em><strong>Onde<\/strong>: Rua Min. Roberto Cardoso Alves, 416, Alto da Boa Vista. Tel.: (11) 2372-4003. De ter\u00e7a a sexta das 8h \u00e0s 19h; s\u00e1bado, das 8h \u00e0s 18h. e domingo, das 08h \u00e0s 15h\u00a0<\/em><\/p>\n<h3>Feliciana<\/h3>\n<p>A padaria fica aninhada no estacionamento do Mercado de Pinheiros e, por si s\u00f3, \u00e9 um passeio a ser descoberto.<\/p>\n<div id=\"attachment_2312803\" class=\"wp-caption aligncenter\">\n<div class=\"d-flex justify-content-center\" data-attachment-id=\"2312803\">\n<div class=\"position-relative d-inline-block\"><img data-recalc-dims=\"1\" data-portal-copyright=\"Divulga\u00e7\u00e3o\" loading=\"lazy\" decoding=\"async\" class=\"wp-image-2312803 size-large\" src=\"https:\/\/i0.wp.com\/catracalivre.com.br\/wp-content\/uploads\/2023\/11\/unnamed-9-1-910x1138.jpg?resize=910%2C1138&#038;ssl=1\" alt=\"A Feliciana fica ao lado do Mercado de Pinheiros, \u00f3tima para ir no ver\u00e3o\" width=\"910\" height=\"1138\" srcset=\"https:\/\/catracalivre.com.br\/wp-content\/uploads\/2023\/11\/unnamed-9-1-910x1138.jpg 910w, https:\/\/catracalivre.com.br\/wp-content\/uploads\/2023\/11\/unnamed-9-1-450x563.jpg 450w, https:\/\/catracalivre.com.br\/wp-content\/uploads\/2023\/11\/unnamed-9-1-768x960.jpg 768w\" sizes=\"auto, (max-width: 910px) 100vw, 910px\"\/><\/p>\n<p>Cr\u00e9ditos: Divulga\u00e7\u00e3o<\/p>\n<\/div>\n<\/div>\n<p><span class=\"post-imagem__legenda\">A Feliciana fica ao lado do Mercado de Pinheiros, \u00f3tima para ir no ver\u00e3o<\/span><\/p>\n<\/div>\n<p>Al\u00e9m das boas receitas que ficam expostas nos balc\u00f5es, o local ainda conta com um mezanino aberto, de onde se tem uma vista do bairro de Pinheiros.\u00a0Aos s\u00e1bados, o local \u00e9 perfeito para tomar um brunch ou para um almo\u00e7o despretensioso.<\/p>\n<p><em><strong>Onde<\/strong>: Rua Pedro Cristi, 8, Pinheiros. Tel: (11) 99534-2473. De segunda a s\u00e1bado, das 8h \u00e0s 18h, (brunch aos s\u00e1bados das 9h30 \u00e0s 18h)<\/em><\/p>\n<h3>Amazo<\/h3>\n<p>Quem visita a unidade de Campos El\u00edsios \u00e9 abra\u00e7ado pelo jardim volumoso do restaurante peruano, quase uma viagem para o meio da Mata Atl\u00e2ntica.<\/p>\n<div id=\"attachment_2312802\" class=\"wp-caption aligncenter\">\n<div class=\"d-flex justify-content-center\" data-attachment-id=\"2312802\">\n<div class=\"position-relative d-inline-block\"><img data-recalc-dims=\"1\" data-portal-copyright=\"Divulga\u00e7\u00e3o\" loading=\"lazy\" decoding=\"async\" class=\"wp-image-2312802 size-full\" src=\"https:\/\/i0.wp.com\/catracalivre.com.br\/wp-content\/uploads\/2023\/11\/unnamed-4.png?resize=769%2C510&#038;ssl=1\" alt=\"O Amazo \u00e9 especializado na culin\u00e1ria peruana e tem espa\u00e7o aberto para curtir as tardes de ver\u00e3o\" width=\"769\" height=\"510\" srcset=\"https:\/\/catracalivre.com.br\/wp-content\/uploads\/2023\/11\/unnamed-4.png 769w, https:\/\/catracalivre.com.br\/wp-content\/uploads\/2023\/11\/unnamed-4-450x298.png 450w\" sizes=\"auto, (max-width: 769px) 100vw, 769px\"\/><\/p>\n<p>Cr\u00e9ditos: Divulga\u00e7\u00e3o<\/p>\n<\/div>\n<\/div>\n<p><span class=\"post-imagem__legenda\">O Amazo \u00e9 especializado na culin\u00e1ria peruana e tem espa\u00e7o aberto para curtir as tardes de ver\u00e3o<\/span><\/p>\n<\/div>\n<p>O lugar \u00e9 escolha recorrente de quem busca uma refei\u00e7\u00e3o especial no fim de semana, seja com a fam\u00edlia ou a dois.<\/p>\n<p><em><strong>Onde<\/strong>: Rua dos Guaianazes, 1.149, Campos El\u00edseos. Tel.:\u00a0 (11) 99560-4321. Hor\u00e1rio: almo\u00e7o de ter\u00e7a a sexta das 12h \u00e0s 15h30, s\u00e1bado e domingo das 12h \u00e0s 18h; jantar de quarta a sexta das 19h \u00e0s 22h<\/em><\/p>\n<h3>BEC \u2013 Bar e Churras<\/h3>\n<p>Na casa mais alto astral de Pinheiros o ambiente \u00e9 aberto e acolhedor, com uma laje cheia de mesinhas para aproveitar as noites quentes. Tudo \u00e9 envolto de muito verde, sendo ideal, inclusive, para levar o pet no fim de semana.<\/p>\n<div id=\"attachment_2312801\" class=\"wp-caption aligncenter\">\n<div class=\"d-flex justify-content-center\" data-attachment-id=\"2312801\">\n<div class=\"position-relative d-inline-block\"><img data-recalc-dims=\"1\" data-portal-copyright=\"Divulga\u00e7\u00e3o\" loading=\"lazy\" decoding=\"async\" class=\"wp-image-2312801 size-full\" src=\"https:\/\/i0.wp.com\/catracalivre.com.br\/wp-content\/uploads\/2023\/11\/unnamed-3.png?resize=577%2C594&#038;ssl=1\" alt=\"Bar tem mesinhas ao ar livre para aproveitar as noites quentes\" width=\"577\" height=\"594\" srcset=\"https:\/\/catracalivre.com.br\/wp-content\/uploads\/2023\/11\/unnamed-3.png 577w, https:\/\/catracalivre.com.br\/wp-content\/uploads\/2023\/11\/unnamed-3-450x463.png 450w\" sizes=\"auto, (max-width: 577px) 100vw, 577px\"\/><\/p>\n<p>Cr\u00e9ditos: Divulga\u00e7\u00e3o<\/p>\n<\/div>\n<\/div>\n<p><span class=\"post-imagem__legenda\">Bar tem mesinhas ao ar livre para aproveitar as noites quentes<\/span><\/p>\n<\/div>\n<p>O card\u00e1pio \u00e9 um comp\u00eandio de boas receitas bo\u00eamias, o que inclui churrasco, hamb\u00fargueres e petiscos de botequim. E, para beber, cervejas e bons drinks \u2013neste quesito, se sobressaem as caipirinhas e gin t\u00f4nicas.<\/p>\n<p><em><strong>Onde:<\/strong> Rua Padre Garcia Velho, 72, Pinheiros. Tel.: (11) 99660-2161. De quarta das 17h a 0h, quinta e sexta, das 17h \u00e0 1h, s\u00e1bado das 12h \u00e0 1h, domingo das 12h \u00e0s 19h.\u00a0<\/em><\/p>\n<h3>Gaarden Bar<\/h3>\n<p>Inspirado nos biergartens, os tradicionais \u201cjardins de cerveja\u201d alem\u00e3es nos quais as pessoas se re\u00fanem para comer e beber ao ar livre, o bar do Largo da Batata tem sal\u00e3o de p\u00e9-direito que privilegia luz natural e um belo jardim dotado de teto retr\u00e1til.<\/p>\n<div id=\"attachment_2312799\" class=\"wp-caption aligncenter\">\n<div class=\"d-flex justify-content-center\" data-attachment-id=\"2312799\">\n<div class=\"position-relative d-inline-block\"><img data-recalc-dims=\"1\" data-portal-copyright=\"Divulga\u00e7\u00e3o\" loading=\"lazy\" decoding=\"async\" class=\"size-large wp-image-2312799\" src=\"https:\/\/i0.wp.com\/catracalivre.com.br\/wp-content\/uploads\/2023\/11\/unnamed-8-910x606.jpg?resize=910%2C606&#038;ssl=1\" alt=\"Bar \u00e9 inspirado nos tradicionais biergartens alem\u00e3es\" width=\"910\" height=\"606\" srcset=\"https:\/\/catracalivre.com.br\/wp-content\/uploads\/2023\/11\/unnamed-8-910x606.jpg 910w, https:\/\/catracalivre.com.br\/wp-content\/uploads\/2023\/11\/unnamed-8-450x300.jpg 450w, https:\/\/catracalivre.com.br\/wp-content\/uploads\/2023\/11\/unnamed-8-768x512.jpg 768w\" sizes=\"auto, (max-width: 910px) 100vw, 910px\"\/><\/p>\n<p>Cr\u00e9ditos: Divulga\u00e7\u00e3o<\/p>\n<\/div>\n<\/div>\n<p><span class=\"post-imagem__legenda\">Bar \u00e9 inspirado nos tradicionais biergartens alem\u00e3es<\/span><\/p>\n<\/div>\n<p>Em ambos os espa\u00e7os, espalham-se mais de 250 plantas de 38 esp\u00e9cies, que levam o p\u00fablico a uma reconex\u00e3o com a natureza em meio a todo o concreto daquele peda\u00e7o da cidade. Seja para almo\u00e7ar ou petiscar junto de um chope Hoegaarden, o card\u00e1pio traz releituras de cl\u00e1ssicos brasileiros com ligeiros toques peruanos e orientais.<\/p>\n<p><em><strong>Onde<\/strong>: Rua Fern\u00e3o Dias, 672, Pinheiros. Tel.: (11) 91744-2138. De quarta e quinta, das 17h a 0h, sexta, das 17h \u00e0 1h, s\u00e1bado, das 12h \u00e0 1h, e domingo, das 12h \u00e0s 21h.<\/em><\/p>\n<h3>Nouzin<\/h3>\n<p>A casa se dedica ao brunch nos sete dias da semana, o dia todo. Considerado um verdadeiro o\u00e1sis no baixo Pinheiros, tem \u00e1rvores centen\u00e1rias que moldam o clima perfeito para tomar um caf\u00e9 da manh\u00e3 refor\u00e7ado em meio \u00e0 natureza.<\/p>\n<div id=\"attachment_2312800\" class=\"wp-caption aligncenter\">\n<div class=\"d-flex justify-content-center\" data-attachment-id=\"2312800\">\n<div class=\"position-relative d-inline-block\"><img data-recalc-dims=\"1\" data-portal-copyright=\"Divulga\u00e7\u00e3o\" loading=\"lazy\" decoding=\"async\" class=\"wp-image-2312800 size-full\" src=\"https:\/\/i0.wp.com\/catracalivre.com.br\/wp-content\/uploads\/2023\/11\/unnamed-2.png?resize=652%2C656&#038;ssl=1\" alt=\"A casa se dedica ao brunch nos sete dias da semana\" width=\"652\" height=\"656\" srcset=\"https:\/\/catracalivre.com.br\/wp-content\/uploads\/2023\/11\/unnamed-2.png 652w, https:\/\/catracalivre.com.br\/wp-content\/uploads\/2023\/11\/unnamed-2-450x453.png 450w, https:\/\/catracalivre.com.br\/wp-content\/uploads\/2023\/11\/unnamed-2-150x150.png 150w\" sizes=\"auto, (max-width: 652px) 100vw, 652px\"\/><\/p>\n<p>Cr\u00e9ditos: Divulga\u00e7\u00e3o<\/p>\n<\/div>\n<\/div>\n<p><span class=\"post-imagem__legenda\">A casa se dedica ao brunch nos sete dias da semana<\/span><\/p>\n<\/div>\n<p>Os enormes e refor\u00e7ados ombrelones protegem os comensais de uma poss\u00edvel chuva. A \u00e1rea interna \u00e9 tamb\u00e9m completamente aberta, arejada e iluminada.<\/p>\n<p><em><strong>Onde<\/strong>: Rua Padre Carvalho, 204, Pinheiros. Tel.: (11) 3816-0210 ou Whatsapp (11) 97504-2201. De segunda a domingo, das 8h \u00e0s 19h.<\/em><\/p>\n<h3>NOU<\/h3>\n<p>A casa simp\u00e1tica na rua Ferreira de Ara\u00fajo, desbravou o Baixo Pinheiros com uma gastronomia descontra\u00edda, mas compromissada com o padr\u00e3o de qualidade, o entrosamento dos sabores, os pre\u00e7os e o atendimento.<\/p>\n<div id=\"attachment_2312798\" class=\"wp-caption aligncenter\">\n<div class=\"d-flex justify-content-center\" data-attachment-id=\"2312798\">\n<div class=\"position-relative d-inline-block\"><img data-recalc-dims=\"1\" data-portal-copyright=\"Divulga\u00e7\u00e3o\" loading=\"lazy\" decoding=\"async\" class=\"wp-image-2312798 size-large\" src=\"https:\/\/i0.wp.com\/catracalivre.com.br\/wp-content\/uploads\/2023\/11\/unnamed-1-1-910x605.png?resize=910%2C605&#038;ssl=1\" alt=\"O Nou oferece uma gastronomia descontra\u00edda, mas compromissada com qualidade\" width=\"910\" height=\"605\" srcset=\"https:\/\/catracalivre.com.br\/wp-content\/uploads\/2023\/11\/unnamed-1-1-910x605.png 910w, https:\/\/catracalivre.com.br\/wp-content\/uploads\/2023\/11\/unnamed-1-1-450x299.png 450w, https:\/\/catracalivre.com.br\/wp-content\/uploads\/2023\/11\/unnamed-1-1-768x511.png 768w\" sizes=\"auto, (max-width: 910px) 100vw, 910px\"\/><\/p>\n<p>Cr\u00e9ditos: Divulga\u00e7\u00e3o<\/p>\n<\/div>\n<\/div>\n<p><span class=\"post-imagem__legenda\">O Nou oferece uma gastronomia descontra\u00edda, mas compromissada com qualidade<\/span><\/p>\n<\/div>\n<p>O NOU \u00e9 uma excelente op\u00e7\u00e3o para um domingo em fam\u00edlia, a casa conta com um amplo espa\u00e7o externo, arborizado e mesas ao ar livre, a unidade de Higien\u00f3polis \u00e9 perfeita para fam\u00edlias com crian\u00e7as, j\u00e1 que possui espa\u00e7o kids com brinquedoteca.<\/p>\n<p><em><strong>Onde<\/strong>: Rua Armando A. Penteado, 12, Higien\u00f3polis. Tel.: (11) 3562-8003. De domingo a quinta, das 12h \u00e0s 23h, sexta e s\u00e1bado, das das 12h a 0h.<\/em><\/p>\n<h3>Tantin<\/h3>\n<p>O bar de gastronomia brasileira do chef Marco Aur\u00e9lio Sena \u00e9 uma excelente op\u00e7\u00e3o para o fim de semana. A casa \u00e9 aberta, com mesas na cal\u00e7ada, ou seja, o cl\u00e1ssico barzinho que os brasileiros amam.<\/p>\n<div id=\"attachment_2312797\" class=\"wp-caption aligncenter\">\n<div class=\"d-flex justify-content-center\" data-attachment-id=\"2312797\">\n<div class=\"position-relative d-inline-block\"><img data-recalc-dims=\"1\" data-portal-copyright=\"Divulga\u00e7\u00e3o\" loading=\"lazy\" decoding=\"async\" class=\"wp-image-2312797 size-large\" src=\"https:\/\/i0.wp.com\/catracalivre.com.br\/wp-content\/uploads\/2023\/11\/unnamed-7-910x910.jpg?resize=910%2C910&#038;ssl=1\" alt=\"Fachada do Tantin, no bo\u00eamio bairro de Pinheiros\" width=\"910\" height=\"910\" srcset=\"https:\/\/catracalivre.com.br\/wp-content\/uploads\/2023\/11\/unnamed-7-910x910.jpg 910w, https:\/\/catracalivre.com.br\/wp-content\/uploads\/2023\/11\/unnamed-7-450x450.jpg 450w, https:\/\/catracalivre.com.br\/wp-content\/uploads\/2023\/11\/unnamed-7-150x150.jpg 150w, https:\/\/catracalivre.com.br\/wp-content\/uploads\/2023\/11\/unnamed-7-768x768.jpg 768w\" sizes=\"auto, (max-width: 910px) 100vw, 910px\"\/><\/p>\n<p>Cr\u00e9ditos: Divulga\u00e7\u00e3o<\/p>\n<\/div>\n<\/div>\n<p><span class=\"post-imagem__legenda\">Fachada do Tantin, no bo\u00eamio bairro de Pinheiros<\/span><\/p>\n<\/div>\n<p>O menu faz jus a fama da casa, e conta com boas op\u00e7\u00f5es de petiscos, mas o destaque vai para as caipirinhas (R\uff0430).<\/p>\n<p><em><strong>Onde<\/strong>: Rua dos Pinheiros, 987, Pinheiros. Tel.: (11) 3034-3082. De segunda, 12h \u00e0s 16h, ter\u00e7a a quinta, das 12h \u00e0s 16h e das 18h \u00e0s 23h, sexta, das 12h \u00e0s 15h e das 18h a 0h, s\u00e1bado, das 12h a 0h, e domingo, das 12h \u00e0s 18h.<\/em><\/p>\n<\/div>\n<p><script>\n\t\t! function(f, b, e, v, n, t, s) {\n\t\t\tif (f.fbq) return;\n\t\t\tn = f.fbq = function() {\n\t\t\t\tn.callMethod ?\n\t\t\t\t\tn.callMethod.apply(n, arguments) : n.queue.push(arguments)\n\t\t\t};\n\t\t\tif (!f._fbq) f._fbq = n;\n\t\t\tn.push = n;\n\t\t\tn.loaded = !0;\n\t\t\tn.version = '2.0';\n\t\t\tn.queue = [];\n\t\t\tt = b.createElement(e);\n\t\t\tt.async = !0;\n\t\t\tt.src = v;\n\t\t\ts = b.getElementsByTagName(e)[0];\n\t\t\ts.parentNode.insertBefore(t, s)\n\t\t}(window, document, 'script',\n\t\t\t'https:\/\/connect.facebook.net\/en_US\/fbevents.js');\n\t\tfbq('init', '338315473262380');\n\t\tfbq('track', 'PageView');\n\t<\/script><script async src=\"\/\/www.instagram.com\/embed.js\"><\/script><br \/>\n<br \/><br \/>\n<br \/><a href=\"https:\/\/catracalivre.com.br\/viagem-livre\/9-bares-padarias-e-restaurantes-para-curtir-o-verao-em-sp\/\">Source link <\/a><\/p>\n<!-- CONTENT END 1 -->\n","protected":false},"excerpt":{"rendered":"<p>A esta\u00e7\u00e3o mais adorada pela maioria dos brasileiros, o ver\u00e3o 2023\/2024 come\u00e7a oficilamente no dia 22 de dezembro. Por\u00e9m, o calor\u00e3o dos \u00faltimos meses t\u00eam&#8230;<\/p>\n","protected":false},"author":1,"featured_media":11434,"comment_status":"open","ping_status":"open","sticky":false,"template":"","format":"standard","meta":{"advanced_seo_description":"","jetpack_seo_html_title":"","jetpack_seo_noindex":false,"jetpack_post_was_ever_published":false,"_jetpack_newsletter_access":"","_jetpack_dont_email_post_to_subs":false,"_jetpack_newsletter_tier_id":0,"_jetpack_memberships_contains_paywalled_content":false,"_jetpack_memberships_contains_paid_content":false,"footnotes":"","jetpack_publicize_message":"","jetpack_publicize_feature_enabled":true,"jetpack_social_post_already_shared":true,"jetpack_social_options":{"image_generator_settings":{"template":"highway","default_image_id":0,"font":"","enabled":false},"version":2}},"categories":[19],"tags":[],"class_list":["post-11433","post","type-post","status-publish","format-standard","has-post-thumbnail","hentry","category-variedades"],"jetpack_publicize_connections":[],"jetpack_featured_media_url":"https:\/\/i0.wp.com\/noticiasribeiraopreto.com.br\/wp-content\/uploads\/2023\/12\/unnamed-8.jpg?fit=1200%2C638&ssl=1","jetpack-related-posts":[{"id":17216,"url":"https:\/\/noticiasribeiraopreto.com.br\/index.php\/2023\/12\/17\/com-inicio-do-verao-semana-tera-o-dia-mais-longo-do-ano-entenda-o-fenomeno-2\/","url_meta":{"origin":11433,"position":0},"title":"Com in\u00edcio do ver\u00e3o, semana ter\u00e1 o dia mais longo do ano; Entenda o fen\u00f4meno","author":"noticiasribeiraopreto.com.br","date":"17 de December de 2023","format":false,"excerpt":"A pen\u00faltima semana completa de 2023 traz consigo um aguardado evento para os amantes da esta\u00e7\u00e3o que evoca calor e f\u00e9rias. O in\u00edcio do ver\u00e3o neste ano ser\u00e1 no dia 22 de dezembro, precisamente \u00e0s 0h27, marcando n\u00e3o apenas a transi\u00e7\u00e3o de esta\u00e7\u00e3o, mas tamb\u00e9m o dia mais longo do\u2026","rel":"","context":"In &quot;Vagas de Emprego em Ribeir\u00e3o Preto-SP&quot;","block_context":{"text":"Vagas de Emprego em Ribeir\u00e3o Preto-SP","link":"https:\/\/noticiasribeiraopreto.com.br\/index.php\/category\/empregos-classificados-vagas-trabalho\/vagas-de-empregos-em-ribeirao-preto-regiao-brasil\/"},"img":{"alt_text":"","src":"https:\/\/i0.wp.com\/noticiasribeiraopreto.com.br\/wp-content\/uploads\/2023\/12\/calor_onda_de_calor_sol__-_foto_canvajc_concursos.jpg?fit=1200%2C675&ssl=1&resize=350%2C200","width":350,"height":200,"srcset":"https:\/\/i0.wp.com\/noticiasribeiraopreto.com.br\/wp-content\/uploads\/2023\/12\/calor_onda_de_calor_sol__-_foto_canvajc_concursos.jpg?fit=1200%2C675&ssl=1&resize=350%2C200 1x, https:\/\/i0.wp.com\/noticiasribeiraopreto.com.br\/wp-content\/uploads\/2023\/12\/calor_onda_de_calor_sol__-_foto_canvajc_concursos.jpg?fit=1200%2C675&ssl=1&resize=525%2C300 1.5x, https:\/\/i0.wp.com\/noticiasribeiraopreto.com.br\/wp-content\/uploads\/2023\/12\/calor_onda_de_calor_sol__-_foto_canvajc_concursos.jpg?fit=1200%2C675&ssl=1&resize=700%2C400 2x, https:\/\/i0.wp.com\/noticiasribeiraopreto.com.br\/wp-content\/uploads\/2023\/12\/calor_onda_de_calor_sol__-_foto_canvajc_concursos.jpg?fit=1200%2C675&ssl=1&resize=1050%2C600 3x"},"classes":[]},{"id":81049,"url":"https:\/\/noticiasribeiraopreto.com.br\/index.php\/2025\/12\/22\/vem-mais-chuva-veja-como-fica-o-tempo-no-primeiro-dia-do-verao-em-ribeirao-preto\/","url_meta":{"origin":11433,"position":1},"title":"Vem mais chuva? Veja como fica o tempo no primeiro dia do ver\u00e3o em Ribeir\u00e3o Preto","author":"noticiasribeiraopreto.com.br","date":"22 de December de 2025","format":false,"excerpt":"O domingo (21), data que marca o in\u00edcio do ver\u00e3o 2025\/2026, come\u00e7ou com sol e tempo abafado em Ribeir\u00e3o Preto. A esta\u00e7\u00e3o tem in\u00edcio \u00e0s 12h03 (hor\u00e1rio de Bras\u00edlia) e vai at\u00e9 20 de mar\u00e7o de 2026. Segundo a Climatempo, as instabilidades diminuem neste domingo, mas ainda h\u00e1 chance para\u2026","rel":"","context":"In &quot;Not\u00edcias de Ribeir\u00e3o Preto-SP e Regi\u00e3o&quot;","block_context":{"text":"Not\u00edcias de Ribeir\u00e3o Preto-SP e Regi\u00e3o","link":"https:\/\/noticiasribeiraopreto.com.br\/index.php\/category\/noticias-de-ribeirao-preto-sp-e-regiao-ismael-colosi\/"},"img":{"alt_text":"","src":"https:\/\/i0.wp.com\/noticiasribeiraopreto.com.br\/wp-content\/uploads\/2025\/12\/WhatsApp-Image-2025-12-21-at-09.19.41_2025-12-21_12-58-45.webp.webp?fit=1200%2C900&ssl=1&resize=350%2C200","width":350,"height":200,"srcset":"https:\/\/i0.wp.com\/noticiasribeiraopreto.com.br\/wp-content\/uploads\/2025\/12\/WhatsApp-Image-2025-12-21-at-09.19.41_2025-12-21_12-58-45.webp.webp?fit=1200%2C900&ssl=1&resize=350%2C200 1x, https:\/\/i0.wp.com\/noticiasribeiraopreto.com.br\/wp-content\/uploads\/2025\/12\/WhatsApp-Image-2025-12-21-at-09.19.41_2025-12-21_12-58-45.webp.webp?fit=1200%2C900&ssl=1&resize=525%2C300 1.5x, https:\/\/i0.wp.com\/noticiasribeiraopreto.com.br\/wp-content\/uploads\/2025\/12\/WhatsApp-Image-2025-12-21-at-09.19.41_2025-12-21_12-58-45.webp.webp?fit=1200%2C900&ssl=1&resize=700%2C400 2x, https:\/\/i0.wp.com\/noticiasribeiraopreto.com.br\/wp-content\/uploads\/2025\/12\/WhatsApp-Image-2025-12-21-at-09.19.41_2025-12-21_12-58-45.webp.webp?fit=1200%2C900&ssl=1&resize=1050%2C600 3x"},"classes":[]},{"id":19003,"url":"https:\/\/noticiasribeiraopreto.com.br\/index.php\/2023\/12\/21\/verao-comeca-amanha-temperaturas-elevadas-e-chuvas-intensas-marcam-a-estacao-2\/","url_meta":{"origin":11433,"position":2},"title":"Ver\u00e3o come\u00e7a amanh\u00e3! Temperaturas elevadas e chuvas intensas marcam a esta\u00e7\u00e3o","author":"noticiasribeiraopreto.com.br","date":"21 de December de 2023","format":false,"excerpt":"O ver\u00e3o que come\u00e7a nesta sexta-feira (22) promete ser um desafio para os brasileiros, com temperaturas acima da m\u00e9dia e padr\u00f5es clim\u00e1ticos at\u00edpicos, conforme o Climatempo. A esta\u00e7\u00e3o mais quente do ano inicia exatamente \u00e0s 00h27 de sexta-feira e se estender\u00e1 at\u00e9 20 de mar\u00e7o, \u00e0s 00h06. A influ\u00eancia do\u2026","rel":"","context":"In &quot;Vagas de Emprego em Ribeir\u00e3o Preto-SP&quot;","block_context":{"text":"Vagas de Emprego em Ribeir\u00e3o Preto-SP","link":"https:\/\/noticiasribeiraopreto.com.br\/index.php\/category\/empregos-classificados-vagas-trabalho\/vagas-de-empregos-em-ribeirao-preto-regiao-brasil\/"},"img":{"alt_text":"","src":"https:\/\/i0.wp.com\/noticiasribeiraopreto.com.br\/wp-content\/uploads\/2023\/12\/fortaleza_verao__foto_canvajc_concursos.jpg?fit=1200%2C675&ssl=1&resize=350%2C200","width":350,"height":200,"srcset":"https:\/\/i0.wp.com\/noticiasribeiraopreto.com.br\/wp-content\/uploads\/2023\/12\/fortaleza_verao__foto_canvajc_concursos.jpg?fit=1200%2C675&ssl=1&resize=350%2C200 1x, https:\/\/i0.wp.com\/noticiasribeiraopreto.com.br\/wp-content\/uploads\/2023\/12\/fortaleza_verao__foto_canvajc_concursos.jpg?fit=1200%2C675&ssl=1&resize=525%2C300 1.5x, https:\/\/i0.wp.com\/noticiasribeiraopreto.com.br\/wp-content\/uploads\/2023\/12\/fortaleza_verao__foto_canvajc_concursos.jpg?fit=1200%2C675&ssl=1&resize=700%2C400 2x, https:\/\/i0.wp.com\/noticiasribeiraopreto.com.br\/wp-content\/uploads\/2023\/12\/fortaleza_verao__foto_canvajc_concursos.jpg?fit=1200%2C675&ssl=1&resize=1050%2C600 3x"},"classes":[]},{"id":81038,"url":"https:\/\/noticiasribeiraopreto.com.br\/index.php\/2025\/12\/22\/ribeirao-preto-registra-chuva-no-primeiro-dia-do-verao-veja-video\/","url_meta":{"origin":11433,"position":3},"title":"Ribeir\u00e3o Preto registra chuva no primeiro dia do ver\u00e3o; Veja v\u00eddeo","author":"noticiasribeiraopreto.com.br","date":"22 de December de 2025","format":false,"excerpt":"Ribeir\u00e3o Preto tem chuva em alguns pontos da cidade na tarde desde domingo (21), data que marca o in\u00edcio do ver\u00e3o 2025\/2026. A esta\u00e7\u00e3o teve in\u00edcio \u00e0s 12h03. O v\u00eddeo foi gravado no Ipiranga, zona Norte da cidade. Assista abaixo. Segundo a Climatempo, a chuva \u00e9 resultado da combina\u00e7\u00e3o de\u2026","rel":"","context":"In &quot;Not\u00edcias de Ribeir\u00e3o Preto-SP e Regi\u00e3o&quot;","block_context":{"text":"Not\u00edcias de Ribeir\u00e3o Preto-SP e Regi\u00e3o","link":"https:\/\/noticiasribeiraopreto.com.br\/index.php\/category\/noticias-de-ribeirao-preto-sp-e-regiao-ismael-colosi\/"},"img":{"alt_text":"","src":"https:\/\/i0.wp.com\/noticiasribeiraopreto.com.br\/wp-content\/uploads\/2025\/12\/WhatsApp-Image-2025-12-21-at-16.33.11_2025-12-21_20-01-40.webp.webp?fit=1200%2C900&ssl=1&resize=350%2C200","width":350,"height":200,"srcset":"https:\/\/i0.wp.com\/noticiasribeiraopreto.com.br\/wp-content\/uploads\/2025\/12\/WhatsApp-Image-2025-12-21-at-16.33.11_2025-12-21_20-01-40.webp.webp?fit=1200%2C900&ssl=1&resize=350%2C200 1x, https:\/\/i0.wp.com\/noticiasribeiraopreto.com.br\/wp-content\/uploads\/2025\/12\/WhatsApp-Image-2025-12-21-at-16.33.11_2025-12-21_20-01-40.webp.webp?fit=1200%2C900&ssl=1&resize=525%2C300 1.5x, https:\/\/i0.wp.com\/noticiasribeiraopreto.com.br\/wp-content\/uploads\/2025\/12\/WhatsApp-Image-2025-12-21-at-16.33.11_2025-12-21_20-01-40.webp.webp?fit=1200%2C900&ssl=1&resize=700%2C400 2x, https:\/\/i0.wp.com\/noticiasribeiraopreto.com.br\/wp-content\/uploads\/2025\/12\/WhatsApp-Image-2025-12-21-at-16.33.11_2025-12-21_20-01-40.webp.webp?fit=1200%2C900&ssl=1&resize=1050%2C600 3x"},"classes":[]},{"id":62822,"url":"https:\/\/noticiasribeiraopreto.com.br\/index.php\/2025\/01\/25\/verao-ta-on-veja-piscinas-gratuitas-para-se-refrescar-em-ribeirao-preto-%f0%9f%8f%8a%e2%99%82%ef%b8%8f%e2%98%80%ef%b8%8f\/","url_meta":{"origin":11433,"position":4},"title":"&#8216;Ver\u00e3o T\u00e1 ON&#8217;: Veja piscinas gratuitas para se refrescar em Ribeir\u00e3o Preto \ud83c\udfca\u200d\u2642\ufe0f\u2600\ufe0f","author":"noticiasribeiraopreto.com.br","date":"25 de January de 2025","format":false,"excerpt":"O ver\u00e3o j\u00e1 come\u00e7ou e nada melhor do que se refrescar em uma piscina, n\u00e3o \u00e9 mesmo? \ud83c\udfca\u200d\u2642\ufe0f Em Ribeir\u00e3o Preto, os moradores podem aproveitar a esta\u00e7\u00e3o em piscinas gratuitas e se divertir com toda a fam\u00edlia \u2013 veja abaixo. De acordo com a Climatempo, n\u00e3o h\u00e1 expectativa de ondas\u2026","rel":"","context":"In &quot;Not\u00edcias de Ribeir\u00e3o Preto-SP e Regi\u00e3o&quot;","block_context":{"text":"Not\u00edcias de Ribeir\u00e3o Preto-SP e Regi\u00e3o","link":"https:\/\/noticiasribeiraopreto.com.br\/index.php\/category\/noticias-de-ribeirao-preto-sp-e-regiao-ismael-colosi\/"},"img":{"alt_text":"","src":"https:\/\/i0.wp.com\/noticiasribeiraopreto.com.br\/wp-content\/uploads\/2025\/01\/aquatlhon_2_2025-01-24_17-54-38_jpeg_2025-01-24_17-54-38.webp.webp?fit=1200%2C800&ssl=1&resize=350%2C200","width":350,"height":200,"srcset":"https:\/\/i0.wp.com\/noticiasribeiraopreto.com.br\/wp-content\/uploads\/2025\/01\/aquatlhon_2_2025-01-24_17-54-38_jpeg_2025-01-24_17-54-38.webp.webp?fit=1200%2C800&ssl=1&resize=350%2C200 1x, https:\/\/i0.wp.com\/noticiasribeiraopreto.com.br\/wp-content\/uploads\/2025\/01\/aquatlhon_2_2025-01-24_17-54-38_jpeg_2025-01-24_17-54-38.webp.webp?fit=1200%2C800&ssl=1&resize=525%2C300 1.5x, https:\/\/i0.wp.com\/noticiasribeiraopreto.com.br\/wp-content\/uploads\/2025\/01\/aquatlhon_2_2025-01-24_17-54-38_jpeg_2025-01-24_17-54-38.webp.webp?fit=1200%2C800&ssl=1&resize=700%2C400 2x, https:\/\/i0.wp.com\/noticiasribeiraopreto.com.br\/wp-content\/uploads\/2025\/01\/aquatlhon_2_2025-01-24_17-54-38_jpeg_2025-01-24_17-54-38.webp.webp?fit=1200%2C800&ssl=1&resize=1050%2C600 3x"},"classes":[]},{"id":31483,"url":"https:\/\/noticiasribeiraopreto.com.br\/index.php\/2024\/01\/22\/chega-noticia-triste-sobre-o-cantor-daniel-e-assessoria-emite-comunicado\/","url_meta":{"origin":11433,"position":5},"title":"Chega not\u00edcia triste sobre o cantor Daniel e assessoria emite comunicado","author":"noticiasribeiraopreto.com.br","date":"22 de January de 2024","format":false,"excerpt":"Os f\u00e3s do cantor sertanejo Daniel receberam uma triste not\u00edcia nesta semana. \u00c9 que o artista, que \u00e9 um dos mais amados nomes da m\u00fasica brasileira, teve um show cancelado devido a um problema de sa\u00fade que o acometeu.Daniel iria se apresentador no pr\u00f3ximo dia 3 de fevereiro no evento\u2026","rel":"","context":"In &quot;Blog&quot;","block_context":{"text":"Blog","link":"https:\/\/noticiasribeiraopreto.com.br\/index.php\/category\/blog\/"},"img":{"alt_text":"","src":"https:\/\/i0.wp.com\/noticiasribeiraopreto.com.br\/wp-content\/uploads\/2024\/01\/postimg-65ae91246ac084592.jpg?fit=1200%2C628&ssl=1&resize=350%2C200","width":350,"height":200,"srcset":"https:\/\/i0.wp.com\/noticiasribeiraopreto.com.br\/wp-content\/uploads\/2024\/01\/postimg-65ae91246ac084592.jpg?fit=1200%2C628&ssl=1&resize=350%2C200 1x, https:\/\/i0.wp.com\/noticiasribeiraopreto.com.br\/wp-content\/uploads\/2024\/01\/postimg-65ae91246ac084592.jpg?fit=1200%2C628&ssl=1&resize=525%2C300 1.5x, https:\/\/i0.wp.com\/noticiasribeiraopreto.com.br\/wp-content\/uploads\/2024\/01\/postimg-65ae91246ac084592.jpg?fit=1200%2C628&ssl=1&resize=700%2C400 2x, https:\/\/i0.wp.com\/noticiasribeiraopreto.com.br\/wp-content\/uploads\/2024\/01\/postimg-65ae91246ac084592.jpg?fit=1200%2C628&ssl=1&resize=1050%2C600 3x"},"classes":[]}],"jetpack_sharing_enabled":true,"jetpack_shortlink":"https:\/\/wp.me\/peQAOb-2Yp","_links":{"self":[{"href":"https:\/\/noticiasribeiraopreto.com.br\/index.php\/wp-json\/wp\/v2\/posts\/11433","targetHints":{"allow":["GET"]}}],"collection":[{"href":"https:\/\/noticiasribeiraopreto.com.br\/index.php\/wp-json\/wp\/v2\/posts"}],"about":[{"href":"https:\/\/noticiasribeiraopreto.com.br\/index.php\/wp-json\/wp\/v2\/types\/post"}],"author":[{"embeddable":true,"href":"https:\/\/noticiasribeiraopreto.com.br\/index.php\/wp-json\/wp\/v2\/users\/1"}],"replies":[{"embeddable":true,"href":"https:\/\/noticiasribeiraopreto.com.br\/index.php\/wp-json\/wp\/v2\/comments?post=11433"}],"version-history":[{"count":0,"href":"https:\/\/noticiasribeiraopreto.com.br\/index.php\/wp-json\/wp\/v2\/posts\/11433\/revisions"}],"wp:featuredmedia":[{"embeddable":true,"href":"https:\/\/noticiasribeiraopreto.com.br\/index.php\/wp-json\/wp\/v2\/media\/11434"}],"wp:attachment":[{"href":"https:\/\/noticiasribeiraopreto.com.br\/index.php\/wp-json\/wp\/v2\/media?parent=11433"}],"wp:term":[{"taxonomy":"category","embeddable":true,"href":"https:\/\/noticiasribeiraopreto.com.br\/index.php\/wp-json\/wp\/v2\/categories?post=11433"},{"taxonomy":"post_tag","embeddable":true,"href":"https:\/\/noticiasribeiraopreto.com.br\/index.php\/wp-json\/wp\/v2\/tags?post=11433"}],"curies":[{"name":"wp","href":"https:\/\/api.w.org\/{rel}","templated":true}]}}