{"id":11435,"date":"2023-12-06T07:57:48","date_gmt":"2023-12-06T10:57:48","guid":{"rendered":"https:\/\/noticiasribeiraopreto.com.br\/index.php\/2023\/12\/06\/processos-seletivos-na-fiocruz-samarco-e-empresas-privadas-oferecem-61-mil-vagas-2\/"},"modified":"2023-12-06T07:57:48","modified_gmt":"2023-12-06T10:57:48","slug":"processos-seletivos-na-fiocruz-samarco-e-empresas-privadas-oferecem-61-mil-vagas-2","status":"publish","type":"post","link":"https:\/\/noticiasribeiraopreto.com.br\/index.php\/2023\/12\/06\/processos-seletivos-na-fiocruz-samarco-e-empresas-privadas-oferecem-61-mil-vagas-2\/","title":{"rendered":"Processos seletivos na Fiocruz, Samarco e empresas privadas oferecem 6,1 mil vagas"},"content":{"rendered":"<div class='code-block code-block-1' style='margin: 8px 0 8px auto; text-align: right; display: block; clear: both;'>\n<p><a href=\"https:\/\/wa.link\/vpicfd\"><img data-recalc-dims=\"1\" class=\"wp-image-4922\" style=\"aspect-ratio: 2.0253164556962027; width: 561px; height: auto;\" src=\"https:\/\/i0.wp.com\/ismaelcolosi.com.br\/wp-content\/uploads\/2023\/11\/grupo-de-empregos-whatsapp-e-facebook-ismael-colosi-vagas.jpg?ssl=1\" alt=\"\" \/><\/a><\/p>\n<!-- \/wp:image -->\n<\/div>\n<p> <br \/>\n<\/p>\n<div>\n<p>Cerca de 6.100 vagas est\u00e3o abertas para profissionais e estudantes de v\u00e1rias \u00e1reas. \u00c9 grande o n\u00famero de empresas que precisam contratar ou recolocar funcion\u00e1rios e\/ou estagi\u00e1rios em todas as regi\u00f5es do Brasil. Com intuito de auxiliar sua busca por uma oportunidade no mercado de trabalho, o JC Concursos preparou uma lista de not\u00edcias com diversas vagas. Confira!<\/p>\n<h2>Manpower<\/h2>\n<p>O Manpower Group, consultoria de solu\u00e7\u00f5es de recursos humanos, est\u00e1 com 1.300 oportunidades abertas para os cargos de atendente de farm\u00e1cia, operador(a) de empilhadeira e promotor(a) de vendas, em todo o Brasil.<\/p>\n<p><a href=\"https:\/\/jcconcursos.com.br\/noticia\/empregos\/processo-seletivo-da-manpower-tem-13-mil-vagas-abertas-no-brasil-119598\">Confira aqui<\/a><\/p>\n<h2>Legrand<\/h2>\n<p>A Legrand, empresa farmac\u00eautica pertencente ao Grupo NC, est\u00e1 com 50 vagas abertas pelo Brasil para o cargo de executivo de vendas em cidades nos estados de S\u00e3o Paulo, Paran\u00e1, Santa Catarina, Mato Grosso do Sul e Rio de Janeiro. O prazo de inscri\u00e7\u00f5es para participar do processo seletivo da Legrand vau at\u00e9 10 de dezembro.<\/p>\n<p><a href=\"https:\/\/jcconcursos.com.br\/noticia\/empregos\/novo-processo-seletivo-da-legrand-oferece-50-vagas-em-diversas-localidades-119597\">Confira aqui<\/a><\/p>\n<h2>Adecco<\/h2>\n<p>A Adecco Recursos Humanos, especializada em recrutamento e sele\u00e7\u00e3o de profissionais, est\u00e1 est\u00e1 mais de 3,3 mil vagas em aberto nas mais diversas \u00e1reas de atua\u00e7\u00e3o. As oportunidades do processo seletivo Adecco est\u00e3o distribu\u00eddas em praticamente todas as regi\u00f5es do Brasil.<\/p>\n<div class=\"code-block code-block-5\" style=\"margin: 8px auto; text-align: center; display: block; clear: both;\"> <a href=\"https:\/\/suaads.com\/ref\/ISMAELCOLOSI\" target=\"_blank\" rel=\"noopener\"><img data-recalc-dims=\"1\" decoding=\"async\" src=\"https:\/\/i0.wp.com\/suaurl.com\/img\/bannersref\/s.png?ssl=1\" alt=\"SuaUrl\"  style=\"max-width: 100%;\" class=\"lazy\" loading=\"lazy\"\/><noscript><img data-recalc-dims=\"1\" decoding=\"async\" src=\"https:\/\/i0.wp.com\/suaurl.com\/img\/bannersref\/s.png?ssl=1\" alt=\"SuaUrl\"  style=\"max-width: 100%;\"\/><\/noscript><\/a><\/div>\n<p><a href=\"https:\/\/jcconcursos.com.br\/noticia\/empregos\/mais-de-33-mil-vagas-estao-abertas-em-diferentes-processos-seletivos-da-adecco-confira-119592\">Confira aqui<\/a><\/p>\n<h2>Ri Happy<\/h2>\n<p>A Ri Happy est\u00e1 com mais de 400 oportunidades de emprego tempor\u00e1rio dispon\u00edveis em diversas regi\u00f5es do Brasil, voltadas para as vendas de final de ano, especialmente para o per\u00edodo natalino. As posi\u00e7\u00f5es dispon\u00edveis s\u00e3o para os cargos de auxiliar de loja e auxiliar de vendas.<\/p>\n<p><a href=\"https:\/\/jcconcursos.com.br\/noticia\/empregos\/grupo-ri-happy-oferece-mais-de-400-vagas-temporarias-para-o-final-de-ano-119589\">Confira aqui<\/a><\/p>\n<h2>Prefeitura de Praia Grande<\/h2>\n<p>A Prefeitura de Praia Grande, munic\u00edpio localizado no litoral paulista, publicou edital de nova sele\u00e7\u00e3o de est\u00e1gio, com 298 vagas para estudantes dos ensinos t\u00e9cnico e superior de diversas \u00e1reas. O processo seletivo da Prefeitura de Praia Grande visa a forma\u00e7\u00e3o de cadastro reserva de jovens talentos que possam assumir uma vaga de est\u00e1gio de acordo com a necessidade da administra\u00e7\u00e3o municipal.<\/p>\n<p><a href=\"https:\/\/jcconcursos.com.br\/noticia\/empregos\/processo-seletivo-da-prefeitura-de-praia-grande-sp-saiu-novo-edital-com-298-vagas-119588\">Confira aqui<\/a><\/p>\n<h2>Fiocruz<\/h2>\n<p>A Funda\u00e7\u00e3o Oswaldo Cruz (Fiocruz) abriu nova sele\u00e7\u00e3o de est\u00e1gio, com vagas para forma\u00e7\u00e3o de cadastro reserva para est\u00e1gio obrigat\u00f3rio de estudantes do ensino superior. S\u00e3o oferecidas 32 vagas no processo seletivo da Fiocruz para estagiar nas cidades de Bras\u00edlia (DF), Manguinhos (RJ) e Mar\u00e9 (RJ).<\/p>\n<p><a href=\"https:\/\/jcconcursos.com.br\/noticia\/empregos\/processo-seletivo-da-fiocruz-saiu-novo-edital-com-32-vagas-em-diversas-areas-119581\">Confira aqui<\/a><\/p>\n<h2>Samarco<\/h2>\n<p>Est\u00e3o abertas as inscri\u00e7\u00f5es para o processo seletivo da Samarco, que oferece um total de 50 vagas para estudantes de ensino superior e t\u00e9cnico nos estados de Minas Gerais e Esp\u00edrito Santo. O prazo para se inscrever vai at\u00e9 20 de dezembro.<\/p>\n<p><a href=\"https:\/\/jcconcursos.com.br\/noticia\/empregos\/samarco-oferta-50-vagas-em-processo-seletivo-saiba-como-participar-119574\">Confira aqui<\/a><\/p>\n<h2>Mogi Conecta Emprego<\/h2>\n<p>O Mogi Conecta Emprego, antigo Emprega Mogi, plataforma de encaminhamento ao emprego da Prefeitura de Mogi das Cruzes, munic\u00edpio localizado na regi\u00e3o metropolitana de S\u00e3o Paulo, oferece 870 vagas de trabalho em diversas fun\u00e7\u00f5es e \u00e1reas de atua\u00e7\u00e3o. Al\u00e9m de Mogi das Cruzes, o Mogi Conecta oferece vagas por diversas cidades da regi\u00e3o, incluindo Itaquaquecetuba, Guararema, Suzano, Aruj\u00e1, Biritiba Mirim, dentre outras.<\/p>\n<p><a href=\"https:\/\/jcconcursos.com.br\/noticia\/empregos\/novo-processo-seletivo-do-mogi-conecta-oferece-870-vagas-de-emprego-inscreva-se-119575\">Confira aqui<\/a><\/p>\n<p><a id=\"gnews_btn\" href=\"https:\/\/news.google.com\/publications\/CAAqBwgKMOixlQswuZWrAw\" target=\"_blank\" class=\"border_jc_blue link_hover_bg_jc_blue font_85 d-block d-md-inline-block px-2 py-1 mr-0 mr-md-2 mb-3 w-100 text-center\" rel=\"noopener\"><span class=\"text_jc_blue\">Siga o <strong>JC Concursos no Google News<\/strong><\/span><\/a><a href=\"https:\/\/jcconcursos.com.br\/empregos\/\" class=\"badge badge-light\">empregos<\/a><a href=\"https:\/\/jcconcursos.com.br\/noticia\/empregos\" class=\"badge badge-light\">vagas de emprego<\/a><\/p>\n<\/div>\n<p><br \/>\n<br \/><a href=\"https:\/\/ismaelcolosi.com.br\/processos-seletivos-na-fiocruz-samarco-e-empresas-privadas-oferecem-61-mil-vagas\/\">Source link <\/a><\/p>\n<!-- CONTENT END 1 -->\n","protected":false},"excerpt":{"rendered":"<p>Cerca de 6.100 vagas est\u00e3o abertas para profissionais e estudantes de v\u00e1rias \u00e1reas. \u00c9 grande o n\u00famero de empresas que precisam contratar ou recolocar funcion\u00e1rios&#8230;<\/p>\n","protected":false},"author":1,"featured_media":11436,"comment_status":"open","ping_status":"open","sticky":false,"template":"","format":"standard","meta":{"advanced_seo_description":"","jetpack_seo_html_title":"","jetpack_seo_noindex":false,"jetpack_post_was_ever_published":false,"_jetpack_newsletter_access":"","_jetpack_dont_email_post_to_subs":false,"_jetpack_newsletter_tier_id":0,"_jetpack_memberships_contains_paywalled_content":false,"_jetpack_memberships_contains_paid_content":false,"footnotes":"","jetpack_publicize_message":"","jetpack_publicize_feature_enabled":true,"jetpack_social_post_already_shared":true,"jetpack_social_options":{"image_generator_settings":{"template":"highway","default_image_id":0,"font":"","enabled":false},"version":2}},"categories":[7],"tags":[],"class_list":["post-11435","post","type-post","status-publish","format-standard","has-post-thumbnail","hentry","category-vagas-de-empregos-em-ribeirao-preto-regiao-brasil"],"jetpack_publicize_connections":[],"jetpack_featured_media_url":"https:\/\/i0.wp.com\/noticiasribeiraopreto.com.br\/wp-content\/uploads\/2023\/12\/1701860272_carteira-de-trabalho-agencia-brasil.jpg?fit=1920%2C1080&ssl=1","jetpack-related-posts":[{"id":12507,"url":"https:\/\/noticiasribeiraopreto.com.br\/index.php\/2023\/12\/08\/processos-seletivos-no-carrefour-fiocruz-e-mais-empresas-reunem-84-mil-vagas-2\/","url_meta":{"origin":11435,"position":0},"title":"Processos seletivos no Carrefour, Fiocruz e mais empresas re\u00fanem 8,4 mil vagas","author":"noticiasribeiraopreto.com.br","date":"8 de December de 2023","format":false,"excerpt":"Cerca de 8.400 vagas est\u00e3o abertas para profissionais e estudantes de v\u00e1rias \u00e1reas. \u00c9 grande o n\u00famero de empresas que precisam contratar ou recolocar funcion\u00e1rios e\/ou estagi\u00e1rios em todas as regi\u00f5es do Brasil. Com intuito de auxiliar sua busca por uma oportunidade no mercado de trabalho, o JC Concursos preparou\u2026","rel":"","context":"In &quot;Vagas de Emprego em Ribeir\u00e3o Preto-SP&quot;","block_context":{"text":"Vagas de Emprego em Ribeir\u00e3o Preto-SP","link":"https:\/\/noticiasribeiraopreto.com.br\/index.php\/category\/empregos-classificados-vagas-trabalho\/vagas-de-empregos-em-ribeirao-preto-regiao-brasil\/"},"img":{"alt_text":"","src":"https:\/\/i0.wp.com\/noticiasribeiraopreto.com.br\/wp-content\/uploads\/2023\/12\/carteira-de-trabalh-agencia-brasil.jpg?fit=1200%2C675&ssl=1&resize=350%2C200","width":350,"height":200,"srcset":"https:\/\/i0.wp.com\/noticiasribeiraopreto.com.br\/wp-content\/uploads\/2023\/12\/carteira-de-trabalh-agencia-brasil.jpg?fit=1200%2C675&ssl=1&resize=350%2C200 1x, https:\/\/i0.wp.com\/noticiasribeiraopreto.com.br\/wp-content\/uploads\/2023\/12\/carteira-de-trabalh-agencia-brasil.jpg?fit=1200%2C675&ssl=1&resize=525%2C300 1.5x, https:\/\/i0.wp.com\/noticiasribeiraopreto.com.br\/wp-content\/uploads\/2023\/12\/carteira-de-trabalh-agencia-brasil.jpg?fit=1200%2C675&ssl=1&resize=700%2C400 2x, https:\/\/i0.wp.com\/noticiasribeiraopreto.com.br\/wp-content\/uploads\/2023\/12\/carteira-de-trabalh-agencia-brasil.jpg?fit=1200%2C675&ssl=1&resize=1050%2C600 3x"},"classes":[]},{"id":11963,"url":"https:\/\/noticiasribeiraopreto.com.br\/index.php\/2023\/12\/07\/processos-seletivos-na-catho-natura-e-mais-empresas-somam-42-mil-vagas-abertas-2\/","url_meta":{"origin":11435,"position":1},"title":"Processos seletivos na Catho, Natura e mais empresas somam 42 mil vagas abertas","author":"noticiasribeiraopreto.com.br","date":"7 de December de 2023","format":false,"excerpt":"Cerca de 42.000 vagas est\u00e3o abertas para profissionais e estudantes de v\u00e1rias \u00e1reas. \u00c9 grande o n\u00famero de empresas que precisam contratar ou recolocar funcion\u00e1rios e\/ou estagi\u00e1rios em todas as regi\u00f5es do Brasil. Com intuito de auxiliar sua busca por uma oportunidade no mercado de trabalho, o JC Concursos preparou\u2026","rel":"","context":"In &quot;Vagas de Emprego em Ribeir\u00e3o Preto-SP&quot;","block_context":{"text":"Vagas de Emprego em Ribeir\u00e3o Preto-SP","link":"https:\/\/noticiasribeiraopreto.com.br\/index.php\/category\/empregos-classificados-vagas-trabalho\/vagas-de-empregos-em-ribeirao-preto-regiao-brasil\/"},"img":{"alt_text":"","src":"https:\/\/i0.wp.com\/noticiasribeiraopreto.com.br\/wp-content\/uploads\/2023\/12\/1701945023_vagas-abertas-agencia-brasil-novo3.jpg?fit=1200%2C675&ssl=1&resize=350%2C200","width":350,"height":200,"srcset":"https:\/\/i0.wp.com\/noticiasribeiraopreto.com.br\/wp-content\/uploads\/2023\/12\/1701945023_vagas-abertas-agencia-brasil-novo3.jpg?fit=1200%2C675&ssl=1&resize=350%2C200 1x, https:\/\/i0.wp.com\/noticiasribeiraopreto.com.br\/wp-content\/uploads\/2023\/12\/1701945023_vagas-abertas-agencia-brasil-novo3.jpg?fit=1200%2C675&ssl=1&resize=525%2C300 1.5x, https:\/\/i0.wp.com\/noticiasribeiraopreto.com.br\/wp-content\/uploads\/2023\/12\/1701945023_vagas-abertas-agencia-brasil-novo3.jpg?fit=1200%2C675&ssl=1&resize=700%2C400 2x, https:\/\/i0.wp.com\/noticiasribeiraopreto.com.br\/wp-content\/uploads\/2023\/12\/1701945023_vagas-abertas-agencia-brasil-novo3.jpg?fit=1200%2C675&ssl=1&resize=1050%2C600 3x"},"classes":[]},{"id":15685,"url":"https:\/\/noticiasribeiraopreto.com.br\/index.php\/2023\/12\/14\/processos-seletivos-na-trinity-lwsa-e-mais-empresas-somam-23-mil-vagas-abertas-2\/","url_meta":{"origin":11435,"position":2},"title":"Processos seletivos na Trinity, LWSA e mais empresas somam 2,3 mil vagas abertas","author":"noticiasribeiraopreto.com.br","date":"14 de December de 2023","format":false,"excerpt":"Aproximadamente 2.300 vagas est\u00e3o abertas para profissionais e estudantes de v\u00e1rias \u00e1reas. \u00c9 grande o n\u00famero de empresas que precisam contratar ou recolocar funcion\u00e1rios e\/ou estagi\u00e1rios em todas as regi\u00f5es do Brasil. Com intuito de auxiliar sua busca por uma oportunidade no mercado de trabalho, o JC Concursos preparou uma\u2026","rel":"","context":"In &quot;Vagas de Emprego em Ribeir\u00e3o Preto-SP&quot;","block_context":{"text":"Vagas de Emprego em Ribeir\u00e3o Preto-SP","link":"https:\/\/noticiasribeiraopreto.com.br\/index.php\/category\/empregos-classificados-vagas-trabalho\/vagas-de-empregos-em-ribeirao-preto-regiao-brasil\/"},"img":{"alt_text":"","src":"https:\/\/i0.wp.com\/noticiasribeiraopreto.com.br\/wp-content\/uploads\/2023\/12\/1702548083_vagas-abertas-agencia-brasil-novo3.jpg?fit=1200%2C675&ssl=1&resize=350%2C200","width":350,"height":200,"srcset":"https:\/\/i0.wp.com\/noticiasribeiraopreto.com.br\/wp-content\/uploads\/2023\/12\/1702548083_vagas-abertas-agencia-brasil-novo3.jpg?fit=1200%2C675&ssl=1&resize=350%2C200 1x, https:\/\/i0.wp.com\/noticiasribeiraopreto.com.br\/wp-content\/uploads\/2023\/12\/1702548083_vagas-abertas-agencia-brasil-novo3.jpg?fit=1200%2C675&ssl=1&resize=525%2C300 1.5x, https:\/\/i0.wp.com\/noticiasribeiraopreto.com.br\/wp-content\/uploads\/2023\/12\/1702548083_vagas-abertas-agencia-brasil-novo3.jpg?fit=1200%2C675&ssl=1&resize=700%2C400 2x, https:\/\/i0.wp.com\/noticiasribeiraopreto.com.br\/wp-content\/uploads\/2023\/12\/1702548083_vagas-abertas-agencia-brasil-novo3.jpg?fit=1200%2C675&ssl=1&resize=1050%2C600 3x"},"classes":[]},{"id":11894,"url":"https:\/\/noticiasribeiraopreto.com.br\/index.php\/2023\/12\/07\/5-empresas-de-tecnologia-com-processo-seletivo-aberto-2\/","url_meta":{"origin":11435,"position":3},"title":"5 empresas de tecnologia com processo seletivo aberto","author":"noticiasribeiraopreto.com.br","date":"7 de December de 2023","format":false,"excerpt":"Se voc\u00ea est\u00e1 em busca de uma oportunidade de trabalho no setor de tecnologia, confira as vagas dispon\u00edveis em cinco empresas que est\u00e3o contratando. O ano de 2023 est\u00e1 chegando ao fim, mas ainda h\u00e1 tempo para come\u00e7ar 2024 com um novo emprego. Se voc\u00ea tem interesse em trabalhar no\u2026","rel":"","context":"In &quot;Vagas de Emprego em Ribeir\u00e3o Preto-SP&quot;","block_context":{"text":"Vagas de Emprego em Ribeir\u00e3o Preto-SP","link":"https:\/\/noticiasribeiraopreto.com.br\/index.php\/category\/empregos-classificados-vagas-trabalho\/vagas-de-empregos-em-ribeirao-preto-regiao-brasil\/"},"img":{"alt_text":"","src":"https:\/\/i0.wp.com\/noticiasribeiraopreto.com.br\/wp-content\/uploads\/2023\/12\/1701920904_tec-tecnologia-ti-pixabay.jpg?fit=1200%2C675&ssl=1&resize=350%2C200","width":350,"height":200,"srcset":"https:\/\/i0.wp.com\/noticiasribeiraopreto.com.br\/wp-content\/uploads\/2023\/12\/1701920904_tec-tecnologia-ti-pixabay.jpg?fit=1200%2C675&ssl=1&resize=350%2C200 1x, https:\/\/i0.wp.com\/noticiasribeiraopreto.com.br\/wp-content\/uploads\/2023\/12\/1701920904_tec-tecnologia-ti-pixabay.jpg?fit=1200%2C675&ssl=1&resize=525%2C300 1.5x, https:\/\/i0.wp.com\/noticiasribeiraopreto.com.br\/wp-content\/uploads\/2023\/12\/1701920904_tec-tecnologia-ti-pixabay.jpg?fit=1200%2C675&ssl=1&resize=700%2C400 2x, https:\/\/i0.wp.com\/noticiasribeiraopreto.com.br\/wp-content\/uploads\/2023\/12\/1701920904_tec-tecnologia-ti-pixabay.jpg?fit=1200%2C675&ssl=1&resize=1050%2C600 3x"},"classes":[]},{"id":22574,"url":"https:\/\/noticiasribeiraopreto.com.br\/index.php\/2023\/12\/30\/para-comecar-2024-empregado-confira-vagas-abertas-em-diversas-regioes-do-brasil\/","url_meta":{"origin":11435,"position":4},"title":"Para come\u00e7ar 2024 empregado: confira vagas abertas em diversas regi\u00f5es do Brasil","author":"noticiasribeiraopreto.com.br","date":"30 de December de 2023","format":false,"excerpt":"Da reda\u00e7\u00e3oi Da reda\u00e7\u00e3o 30\/12\/2023 - 10:01 Faltando 2 dias para o fim de 2023, quem est\u00e1 na procura por vaga no mercado de trabalho pode aproveitar as oportunidades abaixo. A Dinheiro listou pelo menos 14 empresas que est\u00e3o com inscri\u00e7\u00f5es abertas em processos seletivos em diversas regi\u00f5es do pa\u00eds.De\u2026","rel":"","context":"In &quot;Vagas de Emprego em Ribeir\u00e3o Preto-SP&quot;","block_context":{"text":"Vagas de Emprego em Ribeir\u00e3o Preto-SP","link":"https:\/\/noticiasribeiraopreto.com.br\/index.php\/category\/empregos-classificados-vagas-trabalho\/vagas-de-empregos-em-ribeirao-preto-regiao-brasil\/"},"img":{"alt_text":"","src":"https:\/\/i0.wp.com\/noticiasribeiraopreto.com.br\/wp-content\/uploads\/2023\/12\/clt.jpeg?fit=700%2C418&ssl=1&resize=350%2C200","width":350,"height":200,"srcset":"https:\/\/i0.wp.com\/noticiasribeiraopreto.com.br\/wp-content\/uploads\/2023\/12\/clt.jpeg?fit=700%2C418&ssl=1&resize=350%2C200 1x, https:\/\/i0.wp.com\/noticiasribeiraopreto.com.br\/wp-content\/uploads\/2023\/12\/clt.jpeg?fit=700%2C418&ssl=1&resize=525%2C300 1.5x, https:\/\/i0.wp.com\/noticiasribeiraopreto.com.br\/wp-content\/uploads\/2023\/12\/clt.jpeg?fit=700%2C418&ssl=1&resize=700%2C400 2x"},"classes":[]},{"id":14554,"url":"https:\/\/noticiasribeiraopreto.com.br\/index.php\/2023\/12\/12\/processos-seletivos-no-sicredi-sest-senat-e-mais-empresas-somam-25-mil-vagas-abertas-2\/","url_meta":{"origin":11435,"position":5},"title":"Processos seletivos no Sicredi, SEST SENAT e mais empresas somam 2,5 mil vagas abertas","author":"noticiasribeiraopreto.com.br","date":"12 de December de 2023","format":false,"excerpt":"Aproximadamente 2.500 vagas est\u00e3o abertas para profissionais e estudantes de v\u00e1rias \u00e1reas. \u00c9 grande o n\u00famero de empresas que precisam contratar ou recolocar funcion\u00e1rios e\/ou estagi\u00e1rios em todas as regi\u00f5es do Brasil. Com intuito de auxiliar sua busca por uma oportunidade no mercado de trabalho, o JC Concursos preparou uma\u2026","rel":"","context":"In &quot;Vagas de Emprego em Ribeir\u00e3o Preto-SP&quot;","block_context":{"text":"Vagas de Emprego em Ribeir\u00e3o Preto-SP","link":"https:\/\/noticiasribeiraopreto.com.br\/index.php\/category\/empregos-classificados-vagas-trabalho\/vagas-de-empregos-em-ribeirao-preto-regiao-brasil\/"},"img":{"alt_text":"","src":"https:\/\/i0.wp.com\/noticiasribeiraopreto.com.br\/wp-content\/uploads\/2023\/12\/1702375726_vagas-abertas-agencia-brasil-novo3.jpg?fit=1200%2C675&ssl=1&resize=350%2C200","width":350,"height":200,"srcset":"https:\/\/i0.wp.com\/noticiasribeiraopreto.com.br\/wp-content\/uploads\/2023\/12\/1702375726_vagas-abertas-agencia-brasil-novo3.jpg?fit=1200%2C675&ssl=1&resize=350%2C200 1x, https:\/\/i0.wp.com\/noticiasribeiraopreto.com.br\/wp-content\/uploads\/2023\/12\/1702375726_vagas-abertas-agencia-brasil-novo3.jpg?fit=1200%2C675&ssl=1&resize=525%2C300 1.5x, https:\/\/i0.wp.com\/noticiasribeiraopreto.com.br\/wp-content\/uploads\/2023\/12\/1702375726_vagas-abertas-agencia-brasil-novo3.jpg?fit=1200%2C675&ssl=1&resize=700%2C400 2x, https:\/\/i0.wp.com\/noticiasribeiraopreto.com.br\/wp-content\/uploads\/2023\/12\/1702375726_vagas-abertas-agencia-brasil-novo3.jpg?fit=1200%2C675&ssl=1&resize=1050%2C600 3x"},"classes":[]}],"jetpack_sharing_enabled":true,"jetpack_shortlink":"https:\/\/wp.me\/peQAOb-2Yr","_links":{"self":[{"href":"https:\/\/noticiasribeiraopreto.com.br\/index.php\/wp-json\/wp\/v2\/posts\/11435","targetHints":{"allow":["GET"]}}],"collection":[{"href":"https:\/\/noticiasribeiraopreto.com.br\/index.php\/wp-json\/wp\/v2\/posts"}],"about":[{"href":"https:\/\/noticiasribeiraopreto.com.br\/index.php\/wp-json\/wp\/v2\/types\/post"}],"author":[{"embeddable":true,"href":"https:\/\/noticiasribeiraopreto.com.br\/index.php\/wp-json\/wp\/v2\/users\/1"}],"replies":[{"embeddable":true,"href":"https:\/\/noticiasribeiraopreto.com.br\/index.php\/wp-json\/wp\/v2\/comments?post=11435"}],"version-history":[{"count":0,"href":"https:\/\/noticiasribeiraopreto.com.br\/index.php\/wp-json\/wp\/v2\/posts\/11435\/revisions"}],"wp:featuredmedia":[{"embeddable":true,"href":"https:\/\/noticiasribeiraopreto.com.br\/index.php\/wp-json\/wp\/v2\/media\/11436"}],"wp:attachment":[{"href":"https:\/\/noticiasribeiraopreto.com.br\/index.php\/wp-json\/wp\/v2\/media?parent=11435"}],"wp:term":[{"taxonomy":"category","embeddable":true,"href":"https:\/\/noticiasribeiraopreto.com.br\/index.php\/wp-json\/wp\/v2\/categories?post=11435"},{"taxonomy":"post_tag","embeddable":true,"href":"https:\/\/noticiasribeiraopreto.com.br\/index.php\/wp-json\/wp\/v2\/tags?post=11435"}],"curies":[{"name":"wp","href":"https:\/\/api.w.org\/{rel}","templated":true}]}}