{"id":11447,"date":"2023-12-06T08:33:39","date_gmt":"2023-12-06T11:33:39","guid":{"rendered":"https:\/\/noticiasribeiraopreto.com.br\/index.php\/2023\/12\/06\/vereadores-aprovam-orcamento-recorde-para-rp\/"},"modified":"2023-12-06T08:33:39","modified_gmt":"2023-12-06T11:33:39","slug":"vereadores-aprovam-orcamento-recorde-para-rp","status":"publish","type":"post","link":"https:\/\/noticiasribeiraopreto.com.br\/index.php\/2023\/12\/06\/vereadores-aprovam-orcamento-recorde-para-rp\/","title":{"rendered":"Vereadores aprovam\u00a0or\u00e7amento recorde\u00a0para RP &#8211; Jornal Tribuna Ribeir\u00e3o"},"content":{"rendered":"<div class='code-block code-block-1' style='margin: 8px 0 8px auto; text-align: right; display: block; clear: both;'>\n<p><a href=\"https:\/\/wa.link\/vpicfd\"><img data-recalc-dims=\"1\" class=\"wp-image-4922\" style=\"aspect-ratio: 2.0253164556962027; width: 561px; height: auto;\" src=\"https:\/\/i0.wp.com\/ismaelcolosi.com.br\/wp-content\/uploads\/2023\/11\/grupo-de-empregos-whatsapp-e-facebook-ismael-colosi-vagas.jpg?ssl=1\" alt=\"\" \/><\/a><\/p>\n<!-- \/wp:image -->\n<\/div>\n<p> <br \/>\n<\/p>\n<div id=\"\">\n<p> <span class=\"entry-meta-item penci-posted-on\"><i class=\"fa fa-clock-o\"\/><time class=\"entry-date published\" datetime=\"2023-12-06T08:30:58-03:00\">6 de dezembro de 2023 | 8:30<\/time><time class=\"updated\" datetime=\"2023-12-05T19:33:46-03:00\">5 de dezembro de 2023 | 19:33<\/time><\/span><\/p>\n<p> <span class=\"penci-social-buttons penci-social-share-footer\"><a href=\"#\" class=\"penci-post-like penci_post-meta_item  single-like-button penci-social-item like\" data-post_id=\"366342\" title=\"Like\" data-like=\"Like\" data-unlike=\"Unlike\"><i class=\"fa fa-thumbs-o-up\"\/><span class=\"penci-share-number\">0<\/span><\/a><i class=\"fa fa-facebook\"\/><a class=\"penci-social-item twitter\" target=\"_blank\" rel=\"noopener\" title=\"\" href=\"https:\/\/twitter.com\/intent\/tweet?text=Vereadores%20aprovam\u00a0or\u00e7amento%20recorde\u00a0para%20RP%20-%20https:\/\/www.tribunaribeirao.com.br\/site\/vereadores-aprovam-orcamento-recorde-para-rp\/\"><i class=\"fa fa-twitter\"\/><\/a><i class=\"fa fa-whatsapp\"\/><\/span><\/div>\n<div>\n<p><span class=\"TextRun SCXW207449394 BCX0\" lang=\"PT-BR\" xml:lang=\"PT-BR\" data-contrast=\"auto\"><span class=\"NormalTextRun SCXW207449394 BCX0\">O projeto da <\/span><span class=\"NormalTextRun SCXW207449394 BCX0\">L<\/span><span class=\"NormalTextRun SCXW207449394 BCX0\">ei Or\u00e7ament\u00e1ria Anual (LOA)<\/span><span class=\"NormalTextRun SCXW207449394 BCX0\">, o popular Or\u00e7amento Municipal de Ribeir\u00e3o Preto para<\/span><span class=\"NormalTextRun SCXW207449394 BCX0\"> 2024, <\/span><span class=\"NormalTextRun SCXW207449394 BCX0\">foi aprovado na <\/span><span class=\"NormalTextRun SCXW207449394 BCX0\">C\u00e2mara de Vereadores, <\/span><span class=\"NormalTextRun SCXW207449394 BCX0\">em primeira discuss\u00e3o, em sess\u00e3o extraordin\u00e1ria <\/span><span class=\"NormalTextRun SCXW207449394 BCX0\">realizada nesta <\/span><span class=\"NormalTextRun SCXW207449394 BCX0\">ter\u00e7a-feira, <\/span><span class=\"NormalTextRun SCXW207449394 BCX0\">5<\/span><span class=\"NormalTextRun SCXW207449394 BCX0\"> de dezembro. <\/span><span class=\"NormalTextRun SCXW207449394 BCX0\">Foram <\/span><span class=\"NormalTextRun SCXW207449394 BCX0\">16 <\/span><span class=\"NormalTextRun SCXW207449394 BCX0\">votos a favor e <\/span><span class=\"NormalTextRun SCXW207449394 BCX0\">seis <\/span><span class=\"NormalTextRun SCXW207449394 BCX0\">contra.<\/span><\/span><span class=\"LineBreakBlob BlobObject DragDrop SCXW207449394 BCX0\"><span class=\"SCXW207449394 BCX0\">\u00a0<\/span><br class=\"SCXW207449394 BCX0\"\/><\/span><span class=\"LineBreakBlob BlobObject DragDrop SCXW207449394 BCX0\"><span class=\"SCXW207449394 BCX0\">\u00a0<\/span><br class=\"SCXW207449394 BCX0\"\/><\/span><span class=\"TextRun SCXW207449394 BCX0\" lang=\"PT-BR\" xml:lang=\"PT-BR\" data-contrast=\"auto\"><span class=\"NormalTextRun SCXW207449394 BCX0\">A LOA <\/span><span class=\"NormalTextRun SCXW207449394 BCX0\">recebeu <\/span><span class=\"NormalTextRun SCXW207449394 BCX0\">30<\/span><span class=\"NormalTextRun SCXW207449394 BCX0\"> emendas feitas por dez parlamentares. <\/span><span class=\"NormalTextRun SCXW207449394 BCX0\">Elas foram votadas em tr\u00eas blocos. <\/span><span class=\"NormalTextRun SCXW207449394 BCX0\">A proposta do Executivo que fixa receitas e despesas para o pr\u00f3ximo exerc\u00edcio fiscal foi entregue ao Legislativo <\/span><span class=\"NormalTextRun SCXW207449394 BCX0\">em <\/span><span class=\"NormalTextRun SCXW207449394 BCX0\">28 de setembro e <\/span><span class=\"NormalTextRun SCXW207449394 BCX0\">passou<\/span><span class=\"NormalTextRun SCXW207449394 BCX0\"> por duas audi\u00eancias p\u00fablicas <\/span><span class=\"NormalTextRun SCXW207449394 BCX0\">promovidas pela <\/span><span class=\"NormalTextRun SCXW207449394 BCX0\">Comiss\u00e3o de Finan\u00e7as, Or\u00e7amento, Fiscaliza\u00e7\u00e3o, Controle e Tribut\u00e1ria.<\/span><\/span><span class=\"LineBreakBlob BlobObject DragDrop SCXW207449394 BCX0\"><span class=\"SCXW207449394 BCX0\">\u00a0<\/span><br class=\"SCXW207449394 BCX0\"\/><\/span><span class=\"LineBreakBlob BlobObject DragDrop SCXW207449394 BCX0\"><span class=\"SCXW207449394 BCX0\">\u00a0<\/span><br class=\"SCXW207449394 BCX0\"\/><\/span><span class=\"TextRun SCXW207449394 BCX0\" lang=\"PT-BR\" xml:lang=\"PT-BR\" data-contrast=\"auto\"><span class=\"NormalTextRun SCXW207449394 BCX0\">D<\/span><span class=\"NormalTextRun SCXW207449394 BCX0\">entre as <\/span><span class=\"NormalTextRun SCXW207449394 BCX0\">emendas apresentadas<\/span><span class=\"NormalTextRun SCXW207449394 BCX0\">,<\/span><span class=\"NormalTextRun SCXW207449394 BCX0\"> 2<\/span><span class=\"NormalTextRun SCXW207449394 BCX0\">6<\/span><span class=\"NormalTextRun SCXW207449394 BCX0\"> prop\u00f5em o redirecionamento de R$ <\/span><span class=\"NormalTextRun SCXW207449394 BCX0\">95<\/span><span class=\"NormalTextRun SCXW207449394 BCX0\">.530.000<\/span> <span class=\"NormalTextRun SCXW207449394 BCX0\">e quatro <\/span><span class=\"NormalTextRun SCXW207449394 BCX0\">sugerem <\/span><span class=\"NormalTextRun SCXW207449394 BCX0\">mudan\u00e7as t\u00e9cnicas sem defini\u00e7\u00e3o de valores. <\/span><span class=\"NormalTextRun SCXW207449394 BCX0\">A \u00faltima<\/span> <span class=\"NormalTextRun SCXW207449394 BCX0\">deu entrada no Legislativo nesta ter\u00e7a-feira e prev\u00ea um novo acesso para a regi\u00e3o do bairro Guapor\u00e9<\/span><span class=\"NormalTextRun SCXW207449394 BCX0\">, pela <\/span><span class=\"NormalTextRun SCXW207449394 BCX0\">avenida<\/span><span class=\"NormalTextRun SCXW207449394 BCX0\"> Her\u00e1clito Fontoura Sobral Pinto<\/span><span class=\"NormalTextRun SCXW207449394 BCX0\">, na Zona Sul<\/span><span class=\"NormalTextRun SCXW207449394 BCX0\">, atrav\u00e9s da <\/span><span class=\"NormalTextRun SCXW207449394 BCX0\">R<\/span><span class=\"NormalTextRun SCXW207449394 BCX0\">odovia Ant<\/span><span class=\"NormalTextRun SCXW207449394 BCX0\">\u00f4<\/span><span class=\"NormalTextRun SCXW207449394 BCX0\">nio Machado <\/span><span class=\"NormalTextRun ContextualSpellingAndGrammarErrorV2Themed SCXW207449394 BCX0\">Sant<\/span><span class=\"NormalTextRun ContextualSpellingAndGrammarErrorV2Themed SCXW207449394 BCX0\">\u2019Anna<\/span><span class=\"NormalTextRun ContextualSpellingAndGrammarErrorV2Themed SCXW207449394 BCX0\">(<\/span><span class=\"NormalTextRun SCXW207449394 BCX0\">SP-255)<\/span><span class=\"NormalTextRun SCXW207449394 BCX0\">. <\/span><\/span><span class=\"LineBreakBlob BlobObject DragDrop SCXW207449394 BCX0\"><span class=\"SCXW207449394 BCX0\">\u00a0<\/span><br class=\"SCXW207449394 BCX0\"\/><\/span><span class=\"LineBreakBlob BlobObject DragDrop SCXW207449394 BCX0\"><span class=\"SCXW207449394 BCX0\">\u00a0<\/span><br class=\"SCXW207449394 BCX0\"\/><\/span><span class=\"TextRun SCXW207449394 BCX0\" lang=\"PT-BR\" xml:lang=\"PT-BR\" data-contrast=\"auto\"><span class=\"NormalTextRun SCXW207449394 BCX0\">De autoria do vereador Renato <\/span><span class=\"NormalTextRun SpellingErrorV2Themed SCXW207449394 BCX0\">Zucoloto<\/span><span class=\"NormalTextRun SCXW207449394 BCX0\"> (PP) destina R$ 31 milh\u00f5es do or\u00e7amento para a implanta\u00e7\u00e3o do equipamento vi\u00e1rio. <\/span><span class=\"NormalTextRun SCXW207449394 BCX0\">D<\/span><span class=\"NormalTextRun SCXW207449394 BCX0\">uda <\/span><span class=\"NormalTextRun SCXW207449394 BCX0\">Hidalgo<\/span><span class=\"NormalTextRun SCXW207449394 BCX0\"> (PT) apresentou mais propostas: seis. Em seguida aparecem <\/span><span class=\"NormalTextRun SCXW207449394 BCX0\">Isaac Antunes (PL) e <\/span><span class=\"NormalTextRun SpellingErrorV2Themed SCXW207449394 BCX0\">Luis<\/span><span class=\"NormalTextRun SCXW207449394 BCX0\"> Fran\u00e7a (PSB)<\/span><span class=\"NormalTextRun SCXW207449394 BCX0\">,<\/span><span class=\"NormalTextRun SCXW207449394 BCX0\"> com cinco <\/span><span class=\"NormalTextRun SCXW207449394 BCX0\">cada, <\/span><span class=\"NormalTextRun SCXW207449394 BCX0\">e Marcos Papa (Podemos)<\/span><span class=\"NormalTextRun SCXW207449394 BCX0\">,<\/span><span class=\"NormalTextRun SCXW207449394 BCX0\"> com tr\u00eas. <\/span><\/span><span class=\"LineBreakBlob BlobObject DragDrop SCXW207449394 BCX0\"><span class=\"SCXW207449394 BCX0\">\u00a0<\/span><br class=\"SCXW207449394 BCX0\"\/><\/span><span class=\"LineBreakBlob BlobObject DragDrop SCXW207449394 BCX0\"><span class=\"SCXW207449394 BCX0\">\u00a0<\/span><br class=\"SCXW207449394 BCX0\"\/><\/span><span class=\"TextRun SCXW207449394 BCX0\" lang=\"PT-BR\" xml:lang=\"PT-BR\" data-contrast=\"auto\"><span class=\"NormalTextRun SCXW207449394 BCX0\">Jean <\/span><span class=\"NormalTextRun SpellingErrorV2Themed SCXW207449394 BCX0\">Corauci<\/span><span class=\"NormalTextRun SCXW207449394 BCX0\"> (PSB), Alessandro <\/span><span class=\"NormalTextRun SCXW207449394 BCX0\">Maraca<\/span><span class=\"NormalTextRun SCXW207449394 BCX0\"> (MDB) e Paulo Modas (Uni\u00e3o Brasil) <\/span><span class=\"NormalTextRun SCXW207449394 BCX0\">apresentaram <\/span><span class=\"NormalTextRun SCXW207449394 BCX0\">duas cada<\/span><span class=\"NormalTextRun SCXW207449394 BCX0\">. Com uma emenda <\/span><span class=\"NormalTextRun SCXW207449394 BCX0\">cada<\/span><span class=\"NormalTextRun SCXW207449394 BCX0\"> aparecem <\/span><span class=\"NormalTextRun SpellingErrorV2Themed SCXW207449394 BCX0\">Jude<\/span><span class=\"NormalTextRun SpellingErrorV2Themed SCXW207449394 BCX0\">t<\/span><span class=\"NormalTextRun SpellingErrorV2Themed SCXW207449394 BCX0\">i<\/span> <span class=\"NormalTextRun SCXW207449394 BCX0\">Zilli<\/span><span class=\"NormalTextRun SCXW207449394 BCX0\"> (PT<\/span><span class=\"NormalTextRun SCXW207449394 BCX0\">, <\/span><span class=\"NormalTextRun SCXW207449394 BCX0\">Coletivo Popular<\/span><span class=\"NormalTextRun SCXW207449394 BCX0\">)<\/span><span class=\"NormalTextRun SCXW207449394 BCX0\">, Sergio <\/span><span class=\"NormalTextRun SpellingErrorV2Themed SCXW207449394 BCX0\">Zerbinato<\/span><span class=\"NormalTextRun SCXW207449394 BCX0\"> (PSB) e o interino Dr. Carl\u00e3o (MDB)<\/span><span class=\"NormalTextRun SCXW207449394 BCX0\">, que <\/span><span class=\"NormalTextRun SCXW207449394 BCX0\">substituiu, durante <\/span><span class=\"NormalTextRun SCXW207449394 BCX0\">15 <\/span><span class=\"NormalTextRun SCXW207449394 BCX0\">dias<\/span><span class=\"NormalTextRun SCXW207449394 BCX0\"> de <\/span><span class=\"NormalTextRun SCXW207449394 BCX0\">outubro<\/span><span class=\"NormalTextRun SCXW207449394 BCX0\">, <\/span><span class=\"NormalTextRun SCXW207449394 BCX0\">o titular Igor Oliveira<\/span><span class=\"NormalTextRun SCXW207449394 BCX0\"> (MDB)<\/span><span class=\"NormalTextRun SCXW207449394 BCX0\">. A Mesa Diretora da C\u00e2mara tamb\u00e9m apresentou uma emenda.<\/span><\/span><span class=\"LineBreakBlob BlobObject DragDrop SCXW207449394 BCX0\"><span class=\"SCXW207449394 BCX0\">\u00a0<\/span><br class=\"SCXW207449394 BCX0\"\/><\/span><span class=\"LineBreakBlob BlobObject DragDrop SCXW207449394 BCX0\"><span class=\"SCXW207449394 BCX0\">\u00a0<\/span><br class=\"SCXW207449394 BCX0\"\/><\/span><span class=\"TextRun SCXW207449394 BCX0\" lang=\"PT-BR\" xml:lang=\"PT-BR\" data-contrast=\"auto\"><span class=\"NormalTextRun SCXW207449394 BCX0\">Duda <\/span><span class=\"NormalTextRun SCXW207449394 BCX0\">Hidalgo<\/span> <span class=\"NormalTextRun SCXW207449394 BCX0\">quer destinar <\/span><span class=\"NormalTextRun SCXW207449394 BCX0\">R$ 20 milh\u00f5es da prefeitura como contrapartida para o futuro <\/span><span class=\"NormalTextRun SCXW207449394 BCX0\">Instituto Federal de Educa\u00e7\u00e3o, Ci\u00eancia e Tecnologia de S\u00e3o Paulo (IFSP)<\/span><span class=\"NormalTextRun SCXW207449394 BCX0\">, que <\/span><span class=\"NormalTextRun SCXW207449394 BCX0\">ser<\/span><span class=\"NormalTextRun SCXW207449394 BCX0\">\u00e1<\/span><span class=\"NormalTextRun SCXW207449394 BCX0\"> instalado na cidade. Jean <\/span><span class=\"NormalTextRun SpellingErrorV2Themed SCXW207449394 BCX0\">Corauci<\/span><span class=\"NormalTextRun SCXW207449394 BCX0\"> prop\u00f5e R$ 15 milh\u00f5es de subven\u00e7\u00e3o para o pagamento de abono salarial para os aposentados e pensionistas<\/span><span class=\"NormalTextRun SCXW207449394 BCX0\"> do Instituto de Previd\u00eancia dos <\/span><span class=\"NormalTextRun SpellingErrorV2Themed SCXW207449394 BCX0\">Municipi\u00e1rios<\/span><span class=\"NormalTextRun SCXW207449394 BCX0\"> (IPM)<\/span><span class=\"NormalTextRun SCXW207449394 BCX0\">. <\/span><\/span><span class=\"LineBreakBlob BlobObject DragDrop SCXW207449394 BCX0\"><span class=\"SCXW207449394 BCX0\">\u00a0<\/span><br class=\"SCXW207449394 BCX0\"\/><\/span><span class=\"LineBreakBlob BlobObject DragDrop SCXW207449394 BCX0\"><span class=\"SCXW207449394 BCX0\">\u00a0<\/span><br class=\"SCXW207449394 BCX0\"\/><\/span><span class=\"TextRun SCXW207449394 BCX0\" lang=\"PT-BR\" xml:lang=\"PT-BR\" data-contrast=\"auto\"><span class=\"NormalTextRun SCXW207449394 BCX0\">A<\/span><span class=\"NormalTextRun SCXW207449394 BCX0\"> de menor valor <\/span><span class=\"NormalTextRun SCXW207449394 BCX0\">\u00e9 de <\/span><span class=\"NormalTextRun SCXW207449394 BCX0\">Marcos Papa e prev\u00ea <\/span><span class=\"NormalTextRun SCXW207449394 BCX0\">R$ 25 mil para a Sociedade <\/span><span class=\"NormalTextRun SCXW207449394 BCX0\">Legi\u00e3o Brasileira de Civismo e Cultura (<\/span><span class=\"NormalTextRun SpellingErrorV2Themed SCXW207449394 BCX0\">Solebrarp<\/span><span class=\"NormalTextRun SCXW207449394 BCX0\">)<\/span><span class=\"NormalTextRun SCXW207449394 BCX0\">,<\/span><span class=\"NormalTextRun SCXW207449394 BCX0\"> mantenedora da Biblioteca Padre<\/span><span class=\"NormalTextRun SCXW207449394 BCX0\"> Euclides. <\/span><span class=\"NormalTextRun SCXW207449394 BCX0\">Agora<\/span><span class=\"NormalTextRun SCXW207449394 BCX0\">,<\/span><span class=\"NormalTextRun SCXW207449394 BCX0\"> o projeto ser\u00e1 votado em discuss\u00e3o final em nova sess\u00e3o extraordin\u00e1ria<\/span><span class=\"NormalTextRun SCXW207449394 BCX0\">, ainda<\/span><span class=\"NormalTextRun SCXW207449394 BCX0\"> a ser marcada.<\/span><span class=\"NormalTextRun SCXW207449394 BCX0\"> O Legislativo tem que devolver a pe\u00e7a <\/span><span class=\"NormalTextRun SCXW207449394 BCX0\">para a san\u00e7\u00e3o do prefeito Duarte Nogueira (PSDB) at\u00e9 o dia 15 de dezembro.<\/span><\/span><span class=\"LineBreakBlob BlobObject DragDrop SCXW207449394 BCX0\"><span class=\"SCXW207449394 BCX0\">\u00a0<\/span><br class=\"SCXW207449394 BCX0\"\/><\/span><span class=\"LineBreakBlob BlobObject DragDrop SCXW207449394 BCX0\"><span class=\"SCXW207449394 BCX0\">\u00a0<\/span><br class=\"SCXW207449394 BCX0\"\/><\/span><span class=\"TextRun SCXW207449394 BCX0\" lang=\"PT-BR\" xml:lang=\"PT-BR\" data-contrast=\"auto\"><span class=\"NormalTextRun SCXW207449394 BCX0\">Segundo os n\u00fameros divulgados pelo governo Duarte Nogueira (PSDB), a LOA de Ribeir\u00e3o Preto para o pr\u00f3ximo ano prev\u00ea receita recorde de R$ 4.866.887.002 \u2013 somando o montante da administra\u00e7\u00e3o direta e da indireta \u2013, contra R$ 4.309.988.134 previstos para <\/span><span class=\"NormalTextRun SCXW207449394 BCX0\">2023<\/span><span class=\"NormalTextRun SCXW207449394 BCX0\">. S\u00e3o R$ 556.898.868 a mais, crescimento de 12,92%<\/span><\/span><span class=\"LineBreakBlob BlobObject DragDrop SCXW207449394 BCX0\"><span class=\"SCXW207449394 BCX0\">\u00a0<\/span><br class=\"SCXW207449394 BCX0\"\/><\/span><span class=\"LineBreakBlob BlobObject DragDrop SCXW207449394 BCX0\"><span class=\"SCXW207449394 BCX0\">\u00a0<\/span><br class=\"SCXW207449394 BCX0\"\/><\/span><span class=\"TextRun SCXW207449394 BCX0\" lang=\"PT-BR\" xml:lang=\"PT-BR\" data-contrast=\"auto\"><span class=\"NormalTextRun SCXW207449394 BCX0\">De acordo com os dados<\/span><span class=\"NormalTextRun SCXW207449394 BCX0\">, a administra\u00e7\u00e3o direta deve ficar com R$ 4.140.543.685, contra R$ 3.672.666,276 de 2023, aporte de R$ 467.877.409 e aumento de 12,74%. Ficar\u00e1 com 85,08% da receita prevista. J\u00e1 a administra\u00e7\u00e3o indireta tem previs\u00e3o de arrecada\u00e7\u00e3o de R$ 726.343.317, ante R$ 637.321.858 previstos para este ano, acr\u00e9scimo de R$ 89.021.729, avan\u00e7o de 13,97%. O valor representa 14,92% do total.<\/span><\/span><span class=\"LineBreakBlob BlobObject DragDrop SCXW207449394 BCX0\"><span class=\"SCXW207449394 BCX0\">\u00a0<\/span><br class=\"SCXW207449394 BCX0\"\/><\/span><span class=\"LineBreakBlob BlobObject DragDrop SCXW207449394 BCX0\"><span class=\"SCXW207449394 BCX0\">\u00a0<\/span><br class=\"SCXW207449394 BCX0\"\/><\/span><span class=\"TextRun SCXW207449394 BCX0\" lang=\"PT-BR\" xml:lang=\"PT-BR\" data-contrast=\"none\"><span class=\"NormalTextRun SCXW207449394 BCX0\">De acordo com a Constitui\u00e7\u00e3o Federal, a C\u00e2mara de Vereadores tem direito a receber, todo ano, 4,5% dos recursos financeiros constantes do Or\u00e7amento Municipal por meio de transfer\u00eancias financeiras realizada pelo Executivo na forma de duod\u00e9cimos. Para 2024, o valor seria de R$ 84.000.000 com base em 4,5%, mas essa taxa caiu para 3,69% em 2022<\/span><span class=\"NormalTextRun SCXW207449394 BCX0\"> e para 3,50% ne<\/span><\/span><span class=\"TextRun SCXW207449394 BCX0\" lang=\"PT-BR\" xml:lang=\"PT-BR\" data-contrast=\"auto\"><span class=\"NormalTextRun SCXW207449394 BCX0\">ste ano<\/span><span class=\"NormalTextRun SCXW207449394 BCX0\">.<\/span><\/span><span class=\"LineBreakBlob BlobObject DragDrop SCXW207449394 BCX0\"><span class=\"SCXW207449394 BCX0\">\u00a0<\/span><br class=\"SCXW207449394 BCX0\"\/><\/span><span class=\"LineBreakBlob BlobObject DragDrop SCXW207449394 BCX0\"><span class=\"SCXW207449394 BCX0\">\u00a0<\/span><br class=\"SCXW207449394 BCX0\"\/><\/span><span class=\"TextRun SCXW207449394 BCX0\" lang=\"PT-BR\" xml:lang=\"PT-BR\" data-contrast=\"auto\"><span class=\"NormalTextRun SCXW207449394 BCX0\"><strong>Arrecada\u00e7\u00e3o<\/strong> \u2013<\/span><\/span><span class=\"TextRun SCXW207449394 BCX0\" lang=\"PT-BR\" xml:lang=\"PT-BR\" data-contrast=\"auto\"><span class=\"NormalTextRun SCXW207449394 BCX0\"> A prefeitura de Ribeir\u00e3o Preto pretende arrecadar, no pr\u00f3ximo ano, R$ 2.298.281.200 em impostos municipais e <\/span><span class=\"NormalTextRun SCXW207449394 BCX0\">repasses dos governos federal e estadual<\/span><span class=\"NormalTextRun SCXW207449394 BCX0\">. O montante \u00e9 8,82% superior aos R$ 2.112.000.000 previstos pela Secretaria Municipal da Fazenda para 2023, acr\u00e9scimo de R$ 186.281.200.<\/span><\/span><span class=\"LineBreakBlob BlobObject DragDrop SCXW207449394 BCX0\"><span class=\"SCXW207449394 BCX0\">\u00a0<\/span><br class=\"SCXW207449394 BCX0\"\/><\/span><span class=\"LineBreakBlob BlobObject DragDrop SCXW207449394 BCX0\"><span class=\"SCXW207449394 BCX0\">\u00a0<\/span><br class=\"SCXW207449394 BCX0\"\/><\/span><span class=\"TextRun SCXW207449394 BCX0\" lang=\"PT-BR\" xml:lang=\"PT-BR\" data-contrast=\"auto\"><span class=\"NormalTextRun SCXW207449394 BCX0\">Deste total, a prefeitura pretende arrecadar, no ano que <\/span><span class=\"NormalTextRun SCXW207449394 BCX0\">vem,<\/span><span class=\"NormalTextRun SCXW207449394 BCX0\"> R$ 1.172.870.000 com tr\u00eas tributos municipais, ante previs\u00e3o de R$ 1.055.500.000 para o atual exerc\u00edcio, aporte de R$ 117.370.000 e alta de 11,12%. J\u00e1 com repasses dos governos federal e estadual, a previs\u00e3o para 2024 \u00e9 de R$ 1.125.411.200, valor 6,52% acima dos R$ 1.056.500.000 deste ano, inje\u00e7\u00e3o extra de R$ 68.911.200<\/span><span class=\"NormalTextRun SCXW207449394 BCX0\">.<\/span><\/span><span class=\"LineBreakBlob BlobObject DragDrop SCXW207449394 BCX0\"><span class=\"SCXW207449394 BCX0\">\u00a0<\/span><br class=\"SCXW207449394 BCX0\"\/><\/span><span class=\"LineBreakBlob BlobObject DragDrop SCXW207449394 BCX0\"><span class=\"SCXW207449394 BCX0\">\u00a0<\/span><br class=\"SCXW207449394 BCX0\"\/><\/span><span class=\"TextRun SCXW207449394 BCX0\" lang=\"PT-BR\" xml:lang=\"PT-BR\" data-contrast=\"auto\"><span class=\"NormalTextRun SCXW207449394 BCX0\">Em fevereiro<\/span><span class=\"NormalTextRun SCXW207449394 BCX0\"> deste ano<\/span><span class=\"NormalTextRun SCXW207449394 BCX0\">, o Legislativo acatou o veto do prefeito <\/span><span class=\"NormalTextRun SCXW207449394 BCX0\">Duarte Nogueira <\/span><span class=\"NormalTextRun SCXW207449394 BCX0\">a 29 emendas parlamentares que somavam R$ 22.540.000 e foram vetadas porque n\u00e3o indicavam a fonte de receita (onze) ou sugeriam \u201canula\u00e7\u00e3o parcial de dota\u00e7\u00e3o (18)<\/span><span class=\"NormalTextRun SCXW207449394 BCX0\">\u201d<\/span><span class=\"NormalTextRun SCXW207449394 BCX0\">.<\/span><\/span><span class=\"LineBreakBlob BlobObject DragDrop SCXW207449394 BCX0\"><span class=\"SCXW207449394 BCX0\">\u00a0<\/span><br class=\"SCXW207449394 BCX0\"\/><\/span><span class=\"LineBreakBlob BlobObject DragDrop SCXW207449394 BCX0\"><span class=\"SCXW207449394 BCX0\">\u00a0<\/span><\/span><span class=\"LineBreakBlob BlobObject DragDrop SCXW207449394 BCX0\"><br class=\"SCXW207449394 BCX0\"\/><\/span><strong><span class=\"TextRun SCXW207449394 BCX0\" lang=\"PT-BR\" xml:lang=\"PT-BR\" data-contrast=\"none\"><span class=\"NormalTextRun SCXW207449394 BCX0\">N\u00fameros do <\/span><\/span><span class=\"TextRun SCXW207449394 BCX0\" lang=\"PT-BR\" xml:lang=\"PT-BR\" data-contrast=\"none\"><span class=\"NormalTextRun SCXW207449394 BCX0\">Or\u00e7amento <\/span><\/span><\/strong><span class=\"LineBreakBlob BlobObject DragDrop SCXW207449394 BCX0\"><strong><span class=\"SCXW207449394 BCX0\">\u00a0<\/span><\/strong><br class=\"SCXW207449394 BCX0\"\/><\/span><span class=\"TextRun SCXW207449394 BCX0\" lang=\"PT-BR\" xml:lang=\"PT-BR\" data-contrast=\"none\"><span class=\"NormalTextRun SCXW207449394 BCX0\">Receita total prevista<\/span><\/span><span class=\"LineBreakBlob BlobObject DragDrop SCXW207449394 BCX0\"><span class=\"SCXW207449394 BCX0\">\u00a0<\/span><br class=\"SCXW207449394 BCX0\"\/><\/span><span class=\"TextRun SCXW207449394 BCX0\" lang=\"PT-BR\" xml:lang=\"PT-BR\" data-contrast=\"none\"><span class=\"NormalTextRun SCXW207449394 BCX0\">Para 2023: <\/span><\/span><span class=\"TextRun SCXW207449394 BCX0\" lang=\"PT-BR\" xml:lang=\"PT-BR\" data-contrast=\"auto\"><span class=\"NormalTextRun SCXW207449394 BCX0\">R$ 4.309.988.134<\/span><\/span><span class=\"LineBreakBlob BlobObject DragDrop SCXW207449394 BCX0\"><span class=\"SCXW207449394 BCX0\">\u00a0<\/span><br class=\"SCXW207449394 BCX0\"\/><\/span><span class=\"TextRun SCXW207449394 BCX0\" lang=\"PT-BR\" xml:lang=\"PT-BR\" data-contrast=\"none\"><span class=\"NormalTextRun SCXW207449394 BCX0\">Para 2024: <\/span><\/span><span class=\"TextRun SCXW207449394 BCX0\" lang=\"PT-BR\" xml:lang=\"PT-BR\" data-contrast=\"auto\"><span class=\"NormalTextRun SCXW207449394 BCX0\">R$ 4.866.887.002<\/span><\/span><span class=\"LineBreakBlob BlobObject DragDrop SCXW207449394 BCX0\"><span class=\"SCXW207449394 BCX0\">\u00a0<\/span><br class=\"SCXW207449394 BCX0\"\/><\/span><span class=\"TextRun SCXW207449394 BCX0\" lang=\"PT-BR\" xml:lang=\"PT-BR\" data-contrast=\"auto\"><span class=\"NormalTextRun SCXW207449394 BCX0\">Aumento: 12,92<\/span><\/span><span class=\"TextRun SCXW207449394 BCX0\" lang=\"PT-BR\" xml:lang=\"PT-BR\" data-contrast=\"none\"><span class=\"NormalTextRun SCXW207449394 BCX0\">%<\/span><\/span><span class=\"LineBreakBlob BlobObject DragDrop SCXW207449394 BCX0\"><span class=\"SCXW207449394 BCX0\">\u00a0<\/span><br class=\"SCXW207449394 BCX0\"\/><\/span><span class=\"TextRun SCXW207449394 BCX0\" lang=\"PT-BR\" xml:lang=\"PT-BR\" data-contrast=\"none\"><span class=\"NormalTextRun SCXW207449394 BCX0\">Receita da administra\u00e7\u00e3o direta (2023)<\/span><\/span><span class=\"LineBreakBlob BlobObject DragDrop SCXW207449394 BCX0\"><span class=\"SCXW207449394 BCX0\">\u00a0<\/span><br class=\"SCXW207449394 BCX0\"\/><\/span><span class=\"TextRun SCXW207449394 BCX0\" lang=\"PT-BR\" xml:lang=\"PT-BR\" data-contrast=\"auto\"><span class=\"NormalTextRun SCXW207449394 BCX0\">R$ 3.672.666,276 (85,21%) <\/span><\/span><span class=\"LineBreakBlob BlobObject DragDrop SCXW207449394 BCX0\"><span class=\"SCXW207449394 BCX0\">\u00a0<\/span><br class=\"SCXW207449394 BCX0\"\/><\/span><span class=\"TextRun SCXW207449394 BCX0\" lang=\"PT-BR\" xml:lang=\"PT-BR\" data-contrast=\"none\"><span class=\"NormalTextRun SCXW207449394 BCX0\">Receita da administra\u00e7\u00e3o indireta (2023)<\/span><\/span><span class=\"LineBreakBlob BlobObject DragDrop SCXW207449394 BCX0\"><span class=\"SCXW207449394 BCX0\">\u00a0<\/span><br class=\"SCXW207449394 BCX0\"\/><\/span><span class=\"TextRun SCXW207449394 BCX0\" lang=\"PT-BR\" xml:lang=\"PT-BR\" data-contrast=\"auto\"><span class=\"NormalTextRun SCXW207449394 BCX0\">R$ 637.321.858 (14,79%<\/span><span class=\"NormalTextRun SCXW207449394 BCX0\">)<\/span><\/span><span class=\"LineBreakBlob BlobObject DragDrop SCXW207449394 BCX0\"><span class=\"SCXW207449394 BCX0\">\u00a0<\/span><br class=\"SCXW207449394 BCX0\"\/><\/span><span class=\"TextRun SCXW207449394 BCX0\" lang=\"PT-BR\" xml:lang=\"PT-BR\" data-contrast=\"none\"><span class=\"NormalTextRun SCXW207449394 BCX0\">Receita da administra\u00e7\u00e3o direta (2024)<\/span><\/span><span class=\"LineBreakBlob BlobObject DragDrop SCXW207449394 BCX0\"><span class=\"SCXW207449394 BCX0\">\u00a0<\/span><br class=\"SCXW207449394 BCX0\"\/><\/span><span class=\"TextRun SCXW207449394 BCX0\" lang=\"PT-BR\" xml:lang=\"PT-BR\" data-contrast=\"auto\"><span class=\"NormalTextRun SCXW207449394 BCX0\">R$ 4.140.543.685 (85,08%) <\/span><\/span><span class=\"LineBreakBlob BlobObject DragDrop SCXW207449394 BCX0\"><span class=\"SCXW207449394 BCX0\">\u00a0<\/span><br class=\"SCXW207449394 BCX0\"\/><\/span><span class=\"TextRun SCXW207449394 BCX0\" lang=\"PT-BR\" xml:lang=\"PT-BR\" data-contrast=\"none\"><span class=\"NormalTextRun SCXW207449394 BCX0\">Receita da administra\u00e7\u00e3o indireta (2024)<\/span><\/span><span class=\"LineBreakBlob BlobObject DragDrop SCXW207449394 BCX0\"><span class=\"SCXW207449394 BCX0\">\u00a0<\/span><br class=\"SCXW207449394 BCX0\"\/><\/span><span class=\"TextRun SCXW207449394 BCX0\" lang=\"PT-BR\" xml:lang=\"PT-BR\" data-contrast=\"auto\"><span class=\"NormalTextRun SCXW207449394 BCX0\">R$ 726.343.317 (14,92%)<\/span><\/span><span class=\"LineBreakBlob BlobObject DragDrop SCXW207449394 BCX0\"><span class=\"SCXW207449394 BCX0\">\u00a0<\/span><br class=\"SCXW207449394 BCX0\"\/><\/span><strong><span class=\"TextRun SCXW207449394 BCX0\" lang=\"PT-BR\" xml:lang=\"PT-BR\" data-contrast=\"auto\"><span class=\"NormalTextRun SCXW207449394 BCX0\">Impostos<\/span><\/span> <\/strong><span class=\"LineBreakBlob BlobObject DragDrop SCXW207449394 BCX0\"><strong><span class=\"SCXW207449394 BCX0\">\u00a0<\/span><\/strong><br class=\"SCXW207449394 BCX0\"\/><\/span><span class=\"TextRun SCXW207449394 BCX0\" lang=\"PT-BR\" xml:lang=\"PT-BR\" data-contrast=\"auto\"><span class=\"NormalTextRun SCXW207449394 BCX0\">Total em 2024: R$ 1.172.870.000<\/span><\/span><span class=\"LineBreakBlob BlobObject DragDrop SCXW207449394 BCX0\"><span class=\"SCXW207449394 BCX0\">\u00a0<\/span><br class=\"SCXW207449394 BCX0\"\/><\/span><span class=\"TextRun SCXW207449394 BCX0\" lang=\"PT-BR\" xml:lang=\"PT-BR\" data-contrast=\"auto\"><span class=\"NormalTextRun SCXW207449394 BCX0\">Total em 2023: 1.055.500.000<\/span><\/span><span class=\"LineBreakBlob BlobObject DragDrop SCXW207449394 BCX0\"><span class=\"SCXW207449394 BCX0\">\u00a0<\/span><br class=\"SCXW207449394 BCX0\"\/><\/span><span class=\"TextRun SCXW207449394 BCX0\" lang=\"PT-BR\" xml:lang=\"PT-BR\" data-contrast=\"auto\"><span class=\"NormalTextRun SCXW207449394 BCX0\">Aporte: R$ 117.370.000 (11,12%)<\/span><\/span><span class=\"LineBreakBlob BlobObject DragDrop SCXW207449394 BCX0\"><span class=\"SCXW207449394 BCX0\">\u00a0<\/span><br class=\"SCXW207449394 BCX0\"\/><\/span><strong><span class=\"TextRun SCXW207449394 BCX0\" lang=\"PT-BR\" xml:lang=\"PT-BR\" data-contrast=\"auto\"><span class=\"NormalTextRun SCXW207449394 BCX0\">Repasses federais e estaduais<\/span><\/span><\/strong><span class=\"LineBreakBlob BlobObject DragDrop SCXW207449394 BCX0\"><strong><span class=\"SCXW207449394 BCX0\">\u00a0<\/span><\/strong><br class=\"SCXW207449394 BCX0\"\/><\/span><span class=\"TextRun SCXW207449394 BCX0\" lang=\"PT-BR\" xml:lang=\"PT-BR\" data-contrast=\"auto\"><span class=\"NormalTextRun SCXW207449394 BCX0\">Total em 2024: R$ 1.125.411.200<\/span><\/span><span class=\"LineBreakBlob BlobObject DragDrop SCXW207449394 BCX0\"><span class=\"SCXW207449394 BCX0\">\u00a0<\/span><br class=\"SCXW207449394 BCX0\"\/><\/span><span class=\"TextRun SCXW207449394 BCX0\" lang=\"PT-BR\" xml:lang=\"PT-BR\" data-contrast=\"auto\"><span class=\"NormalTextRun SCXW207449394 BCX0\">Total em 2023: R$ 1.056.500.000<\/span><\/span><span class=\"LineBreakBlob BlobObject DragDrop SCXW207449394 BCX0\"><span class=\"SCXW207449394 BCX0\">\u00a0<\/span><br class=\"SCXW207449394 BCX0\"\/><\/span><span class=\"TextRun SCXW207449394 BCX0\" lang=\"PT-BR\" xml:lang=\"PT-BR\" data-contrast=\"auto\"><span class=\"NormalTextRun SCXW207449394 BCX0\">Aporte: R$ 68.911.200 (6,52%<\/span><span class=\"NormalTextRun SCXW207449394 BCX0\">)<\/span><\/span><span class=\"LineBreakBlob BlobObject DragDrop SCXW207449394 BCX0\"><span class=\"SCXW207449394 BCX0\">\u00a0<\/span><br class=\"SCXW207449394 BCX0\"\/><\/span><span class=\"TextRun SCXW207449394 BCX0\" lang=\"PT-BR\" xml:lang=\"PT-BR\" data-contrast=\"auto\"><span class=\"NormalTextRun SCXW207449394 BCX0\">Valor total <\/span><\/span><span class=\"LineBreakBlob BlobObject DragDrop SCXW207449394 BCX0\"><span class=\"SCXW207449394 BCX0\">\u00a0<\/span><br class=\"SCXW207449394 BCX0\"\/><\/span><span class=\"TextRun SCXW207449394 BCX0\" lang=\"PT-BR\" xml:lang=\"PT-BR\" data-contrast=\"auto\"><span class=\"NormalTextRun SCXW207449394 BCX0\">Total 2024: R$ 2.298.281.200<\/span><\/span><span class=\"LineBreakBlob BlobObject DragDrop SCXW207449394 BCX0\"><span class=\"SCXW207449394 BCX0\">\u00a0<\/span><br class=\"SCXW207449394 BCX0\"\/><\/span><span class=\"TextRun SCXW207449394 BCX0\" lang=\"PT-BR\" xml:lang=\"PT-BR\" data-contrast=\"auto\"><span class=\"NormalTextRun SCXW207449394 BCX0\">Total 2023:\u00a0 R$ 2.112.000.000<\/span><\/span><span class=\"LineBreakBlob BlobObject DragDrop SCXW207449394 BCX0\"><span class=\"SCXW207449394 BCX0\">\u00a0<\/span><br class=\"SCXW207449394 BCX0\"\/><\/span><span class=\"TextRun SCXW207449394 BCX0\" lang=\"PT-BR\" xml:lang=\"PT-BR\" data-contrast=\"auto\"><span class=\"NormalTextRun SCXW207449394 BCX0\">Aporte: R$ 186.281.200 (8,82%)<\/span><\/span><span class=\"LineBreakBlob BlobObject DragDrop SCXW207449394 BCX0\"><span class=\"SCXW207449394 BCX0\">\u00a0<\/span><br class=\"SCXW207449394 BCX0\"\/><\/span><strong><span class=\"TextRun SCXW207449394 BCX0\" lang=\"PT-BR\" xml:lang=\"PT-BR\" data-contrast=\"auto\"><span class=\"NormalTextRun SCXW207449394 BCX0\">Emendas<\/span><\/span><\/strong><span class=\"LineBreakBlob BlobObject DragDrop SCXW207449394 BCX0\"><strong><span class=\"SCXW207449394 BCX0\">\u00a0<\/span><\/strong><br class=\"SCXW207449394 BCX0\"\/><\/span><span class=\"TextRun SCXW207449394 BCX0\" lang=\"PT-BR\" xml:lang=\"PT-BR\" data-contrast=\"auto\"><span class=\"NormalTextRun SCXW207449394 BCX0\">Quantidade<\/span><span class=\"NormalTextRun SCXW207449394 BCX0\">:<\/span><\/span><span class=\"TextRun SCXW207449394 BCX0\" lang=\"PT-BR\" xml:lang=\"PT-BR\" data-contrast=\"auto\"><span class=\"NormalTextRun SCXW207449394 BCX0\"> 30<\/span><\/span><span class=\"LineBreakBlob BlobObject DragDrop SCXW207449394 BCX0\"><span class=\"SCXW207449394 BCX0\">\u00a0<\/span><br class=\"SCXW207449394 BCX0\"\/><\/span><span class=\"TextRun SCXW207449394 BCX0\" lang=\"PT-BR\" xml:lang=\"PT-BR\" data-contrast=\"auto\"><span class=\"NormalTextRun SCXW207449394 BCX0\">Valor:<\/span><\/span><span class=\"TextRun SCXW207449394 BCX0\" lang=\"PT-BR\" xml:lang=\"PT-BR\" data-contrast=\"auto\"> <span class=\"NormalTextRun SCXW207449394 BCX0\">R$ <\/span><span class=\"NormalTextRun SCXW207449394 BCX0\">95<\/span><span class=\"NormalTextRun SCXW207449394 BCX0\">.530.000<\/span><\/span><span class=\"LineBreakBlob BlobObject DragDrop SCXW207449394 BCX0\"><span class=\"SCXW207449394 BCX0\">\u00a0<\/span><br class=\"SCXW207449394 BCX0\"\/><\/span><span class=\"TextRun SCXW207449394 BCX0\" lang=\"PT-BR\" xml:lang=\"PT-BR\" data-contrast=\"none\"><span class=\"NormalTextRun SCXW207449394 BCX0\">Fonte: Projeto da LOA Ribeir\u00e3o Preto<\/span><\/span><span class=\"EOP SCXW207449394 BCX0\" data-ccp-props=\"{&quot;201341983&quot;:0,&quot;335559739&quot;:200,&quot;335559740&quot;:276}\">\u00a0<\/span><\/p>\n<\/div>\n<p><script async src=\"\/\/platform.twitter.com\/widgets.js\" charset=\"utf-8\"><\/script><br \/>\n<br \/><br \/>\n<br \/><a href=\"https:\/\/www.tribunaribeirao.com.br\/site\/vereadores-aprovam-orcamento-recorde-para-rp\/\">Source link <\/a><\/p>\n<!-- CONTENT END 1 -->\n","protected":false},"excerpt":{"rendered":"<p>6 de dezembro de 2023 | 8:305 de dezembro de 2023 | 19:33 0 O projeto da Lei Or\u00e7ament\u00e1ria Anual (LOA), o popular Or\u00e7amento Municipal&#8230;<\/p>\n","protected":false},"author":1,"featured_media":11448,"comment_status":"open","ping_status":"open","sticky":false,"template":"","format":"standard","meta":{"advanced_seo_description":"","jetpack_seo_html_title":"","jetpack_seo_noindex":false,"jetpack_post_was_ever_published":false,"_jetpack_newsletter_access":"","_jetpack_dont_email_post_to_subs":false,"_jetpack_newsletter_tier_id":0,"_jetpack_memberships_contains_paywalled_content":false,"_jetpack_memberships_contains_paid_content":false,"footnotes":"","jetpack_publicize_message":"","jetpack_publicize_feature_enabled":true,"jetpack_social_post_already_shared":true,"jetpack_social_options":{"image_generator_settings":{"template":"highway","default_image_id":0,"font":"","enabled":false},"version":2}},"categories":[11],"tags":[1579,785,1580,26,786,1355],"class_list":["post-11447","post","type-post","status-publish","format-standard","has-post-thumbnail","hentry","category-noticias-de-ribeirao-preto-sp-e-regiao-ismael-colosi","tag-aprovamorcamento","tag-jornal","tag-recordepara","tag-ribeirao","tag-tribuna","tag-vereadores"],"jetpack_publicize_connections":[],"jetpack_featured_media_url":"https:\/\/i0.wp.com\/noticiasribeiraopreto.com.br\/wp-content\/uploads\/2023\/12\/orcamento-1-scaled.jpg?fit=967%2C645&ssl=1","jetpack-related-posts":[{"id":15747,"url":"https:\/\/noticiasribeiraopreto.com.br\/index.php\/2023\/12\/14\/famoserrimo\/","url_meta":{"origin":11447,"position":0},"title":"Famos\u00e9rrimo &#8211; Jornal Tribuna Ribeir\u00e3o","author":"noticiasribeiraopreto.com.br","date":"14 de December de 2023","format":false,"excerpt":"14 de dezembro de 2023 | 9:0312 de dezembro de 2023 | 15:56 0O leonino e carioca\u00a0Alvaro Luiz Monteiro de Carvalho Garnero \u00e9 um empres\u00e1rio, apresentador de televis\u00e3o, investidor, administrador de empresas brasileiro, e um dos herdeiros do Grupo Monteiro Aranha, sempre passa uns dias pelo Estado de Pernambuco, sendo\u2026","rel":"","context":"In &quot;Not\u00edcias de Ribeir\u00e3o Preto-SP e Regi\u00e3o&quot;","block_context":{"text":"Not\u00edcias de Ribeir\u00e3o Preto-SP e Regi\u00e3o","link":"https:\/\/noticiasribeiraopreto.com.br\/index.php\/category\/noticias-de-ribeirao-preto-sp-e-regiao-ismael-colosi\/"},"img":{"alt_text":"","src":"https:\/\/i0.wp.com\/noticiasribeiraopreto.com.br\/wp-content\/uploads\/2023\/12\/12-7-scaled.jpg?fit=860%2C645&ssl=1&resize=350%2C200","width":350,"height":200,"srcset":"https:\/\/i0.wp.com\/noticiasribeiraopreto.com.br\/wp-content\/uploads\/2023\/12\/12-7-scaled.jpg?fit=860%2C645&ssl=1&resize=350%2C200 1x, https:\/\/i0.wp.com\/noticiasribeiraopreto.com.br\/wp-content\/uploads\/2023\/12\/12-7-scaled.jpg?fit=860%2C645&ssl=1&resize=525%2C300 1.5x, https:\/\/i0.wp.com\/noticiasribeiraopreto.com.br\/wp-content\/uploads\/2023\/12\/12-7-scaled.jpg?fit=860%2C645&ssl=1&resize=700%2C400 2x"},"classes":[]},{"id":22850,"url":"https:\/\/noticiasribeiraopreto.com.br\/index.php\/2023\/12\/31\/rede-imobiliaria\/","url_meta":{"origin":11447,"position":1},"title":"Rede Imobili\u00e1ria &#8211; Jornal Tribuna Ribeir\u00e3o","author":"noticiasribeiraopreto.com.br","date":"31 de December de 2023","format":false,"excerpt":"31 de dezembro de 2023 | 9:0327 de dezembro de 2023 | 11:35 0A WAW! IMOB, que veio para revolucionar o setor imobili\u00e1rio, acaba de abrir as portas em Ribeir\u00e3o Preto, sob o comando local de Derchian Devietro, Roberto Vicente Junior e Carlos Dadasio, todos com vasta experi\u00eancia no ramo.O\u2026","rel":"","context":"In &quot;Not\u00edcias de Ribeir\u00e3o Preto-SP e Regi\u00e3o&quot;","block_context":{"text":"Not\u00edcias de Ribeir\u00e3o Preto-SP e Regi\u00e3o","link":"https:\/\/noticiasribeiraopreto.com.br\/index.php\/category\/noticias-de-ribeirao-preto-sp-e-regiao-ismael-colosi\/"},"img":{"alt_text":"","src":"https:\/\/i0.wp.com\/noticiasribeiraopreto.com.br\/wp-content\/uploads\/2023\/12\/Carlos-Dadasio-Derchian-Devietro-e-Roberto-Vicente-Jr-socios-da-Waw-Imob-scaled.jpg?fit=967%2C645&ssl=1&resize=350%2C200","width":350,"height":200,"srcset":"https:\/\/i0.wp.com\/noticiasribeiraopreto.com.br\/wp-content\/uploads\/2023\/12\/Carlos-Dadasio-Derchian-Devietro-e-Roberto-Vicente-Jr-socios-da-Waw-Imob-scaled.jpg?fit=967%2C645&ssl=1&resize=350%2C200 1x, https:\/\/i0.wp.com\/noticiasribeiraopreto.com.br\/wp-content\/uploads\/2023\/12\/Carlos-Dadasio-Derchian-Devietro-e-Roberto-Vicente-Jr-socios-da-Waw-Imob-scaled.jpg?fit=967%2C645&ssl=1&resize=525%2C300 1.5x, https:\/\/i0.wp.com\/noticiasribeiraopreto.com.br\/wp-content\/uploads\/2023\/12\/Carlos-Dadasio-Derchian-Devietro-e-Roberto-Vicente-Jr-socios-da-Waw-Imob-scaled.jpg?fit=967%2C645&ssl=1&resize=700%2C400 2x"},"classes":[]},{"id":75508,"url":"https:\/\/noticiasribeiraopreto.com.br\/index.php\/2025\/08\/10\/especiais-vao-contar-os-30-anos-do-tribuna-ribeirao\/","url_meta":{"origin":11447,"position":2},"title":"Especiais v\u00e3o contar os 30 Anos do Tribuna Ribeir\u00e3o","author":"noticiasribeiraopreto.com.br","date":"10 de August de 2025","format":false,"excerpt":"10 de agosto de 2025 10:0010 de agosto de 2025 00:0411 Compartilhar0 De setembro a dezembro deste ano, o jornalismo se debru\u00e7a sobre o que aconteceu na cidade que \u00e9 uma refer\u00eancia no pa\u00eds; Parceiros do projeto ganhar\u00e3o uma medalha personalizada com o Dino de Ribeir\u00e3o Material de apresenta\u00e7\u00e3o do\u2026","rel":"","context":"In &quot;Not\u00edcias de Ribeir\u00e3o Preto-SP e Regi\u00e3o&quot;","block_context":{"text":"Not\u00edcias de Ribeir\u00e3o Preto-SP e Regi\u00e3o","link":"https:\/\/noticiasribeiraopreto.com.br\/index.php\/category\/noticias-de-ribeirao-preto-sp-e-regiao-ismael-colosi\/"},"img":{"alt_text":"","src":"https:\/\/i0.wp.com\/noticiasribeiraopreto.com.br\/wp-content\/uploads\/2025\/08\/Tribuna30-scaled.jpg?fit=1200%2C650&ssl=1&resize=350%2C200","width":350,"height":200,"srcset":"https:\/\/i0.wp.com\/noticiasribeiraopreto.com.br\/wp-content\/uploads\/2025\/08\/Tribuna30-scaled.jpg?fit=1200%2C650&ssl=1&resize=350%2C200 1x, https:\/\/i0.wp.com\/noticiasribeiraopreto.com.br\/wp-content\/uploads\/2025\/08\/Tribuna30-scaled.jpg?fit=1200%2C650&ssl=1&resize=525%2C300 1.5x, https:\/\/i0.wp.com\/noticiasribeiraopreto.com.br\/wp-content\/uploads\/2025\/08\/Tribuna30-scaled.jpg?fit=1200%2C650&ssl=1&resize=700%2C400 2x, https:\/\/i0.wp.com\/noticiasribeiraopreto.com.br\/wp-content\/uploads\/2025\/08\/Tribuna30-scaled.jpg?fit=1200%2C650&ssl=1&resize=1050%2C600 3x"},"classes":[]},{"id":23893,"url":"https:\/\/noticiasribeiraopreto.com.br\/index.php\/2024\/01\/03\/julieta-taranto-2\/","url_meta":{"origin":11447,"position":3},"title":"Julieta Taranto &#8211; Jornal Tribuna Ribeir\u00e3o","author":"noticiasribeiraopreto.com.br","date":"3 de January de 2024","format":false,"excerpt":"3 de janeiro de 2024 | 9:0327 de dezembro de 2023 | 15:03 0A Escola Estadual Julieta Fernanda Sousa Taranto, no Jardim Marchesi, promoveu uma homenagem a sua patrona, para que os alunos conhecessem um pouco da hist\u00f3ria desta portuguesa que ajudou por d\u00e9cadas milhares de crian\u00e7as nascidas em torno\u2026","rel":"","context":"In &quot;Not\u00edcias de Ribeir\u00e3o Preto-SP e Regi\u00e3o&quot;","block_context":{"text":"Not\u00edcias de Ribeir\u00e3o Preto-SP e Regi\u00e3o","link":"https:\/\/noticiasribeiraopreto.com.br\/index.php\/category\/noticias-de-ribeirao-preto-sp-e-regiao-ismael-colosi\/"},"img":{"alt_text":"","src":"https:\/\/i0.wp.com\/noticiasribeiraopreto.com.br\/wp-content\/uploads\/2024\/01\/20-scaled.jpg?fit=1000%2C563&ssl=1&resize=350%2C200","width":350,"height":200,"srcset":"https:\/\/i0.wp.com\/noticiasribeiraopreto.com.br\/wp-content\/uploads\/2024\/01\/20-scaled.jpg?fit=1000%2C563&ssl=1&resize=350%2C200 1x, https:\/\/i0.wp.com\/noticiasribeiraopreto.com.br\/wp-content\/uploads\/2024\/01\/20-scaled.jpg?fit=1000%2C563&ssl=1&resize=525%2C300 1.5x, https:\/\/i0.wp.com\/noticiasribeiraopreto.com.br\/wp-content\/uploads\/2024\/01\/20-scaled.jpg?fit=1000%2C563&ssl=1&resize=700%2C400 2x"},"classes":[]},{"id":34430,"url":"https:\/\/noticiasribeiraopreto.com.br\/index.php\/2024\/02\/02\/viapaulista-s-a-ata-de-age-realizada-em-29-de-dezembro-de-2023\/","url_meta":{"origin":11447,"position":4},"title":"ViaPaulista S.A. \u2013 Ata de AGE realizada em 29 de dezembro de 2023","author":"noticiasribeiraopreto.com.br","date":"2 de February de 2024","format":false,"excerpt":"O post ViaPaulista S.A. \u2013 Ata de AGE realizada em 29 de dezembro de 2023 apareceu primeiro em Jornal Tribuna Ribeir\u00e3o. Source link","rel":"","context":"In &quot;Not\u00edcias de Ribeir\u00e3o Preto-SP e Regi\u00e3o&quot;","block_context":{"text":"Not\u00edcias de Ribeir\u00e3o Preto-SP e Regi\u00e3o","link":"https:\/\/noticiasribeiraopreto.com.br\/index.php\/category\/noticias-de-ribeirao-preto-sp-e-regiao-ismael-colosi\/"},"img":{"alt_text":"","src":"https:\/\/i0.wp.com\/noticiasribeiraopreto.com.br\/wp-content\/uploads\/2024\/02\/1706848546_publicidade-legal.png?fit=700%2C450&ssl=1&resize=350%2C200","width":350,"height":200,"srcset":"https:\/\/i0.wp.com\/noticiasribeiraopreto.com.br\/wp-content\/uploads\/2024\/02\/1706848546_publicidade-legal.png?fit=700%2C450&ssl=1&resize=350%2C200 1x, https:\/\/i0.wp.com\/noticiasribeiraopreto.com.br\/wp-content\/uploads\/2024\/02\/1706848546_publicidade-legal.png?fit=700%2C450&ssl=1&resize=525%2C300 1.5x, https:\/\/i0.wp.com\/noticiasribeiraopreto.com.br\/wp-content\/uploads\/2024\/02\/1706848546_publicidade-legal.png?fit=700%2C450&ssl=1&resize=700%2C400 2x"},"classes":[]},{"id":44496,"url":"https:\/\/noticiasribeiraopreto.com.br\/index.php\/2024\/03\/28\/basequimica-s-a-balancos-patrimoniais-em-31-de-dezembro-de-2023-e-de-2022\/","url_meta":{"origin":11447,"position":5},"title":"BASEQU\u00cdMICA S.A \u2013 Balan\u00e7os Patrimoniais em 31 de dezembro de 2023 e de 2022","author":"noticiasribeiraopreto.com.br","date":"28 de March de 2024","format":false,"excerpt":"O post BASEQU\u00cdMICA S.A \u2013 Balan\u00e7os Patrimoniais em 31 de dezembro de 2023 e de 2022 apareceu primeiro em Jornal Tribuna Ribeir\u00e3o. Source link","rel":"","context":"In &quot;Not\u00edcias de Ribeir\u00e3o Preto-SP e Regi\u00e3o&quot;","block_context":{"text":"Not\u00edcias de Ribeir\u00e3o Preto-SP e Regi\u00e3o","link":"https:\/\/noticiasribeiraopreto.com.br\/index.php\/category\/noticias-de-ribeirao-preto-sp-e-regiao-ismael-colosi\/"},"img":{"alt_text":"","src":"https:\/\/i0.wp.com\/noticiasribeiraopreto.com.br\/wp-content\/uploads\/2024\/03\/1711618345_publicidade-legal.png?fit=700%2C450&ssl=1&resize=350%2C200","width":350,"height":200,"srcset":"https:\/\/i0.wp.com\/noticiasribeiraopreto.com.br\/wp-content\/uploads\/2024\/03\/1711618345_publicidade-legal.png?fit=700%2C450&ssl=1&resize=350%2C200 1x, https:\/\/i0.wp.com\/noticiasribeiraopreto.com.br\/wp-content\/uploads\/2024\/03\/1711618345_publicidade-legal.png?fit=700%2C450&ssl=1&resize=525%2C300 1.5x, https:\/\/i0.wp.com\/noticiasribeiraopreto.com.br\/wp-content\/uploads\/2024\/03\/1711618345_publicidade-legal.png?fit=700%2C450&ssl=1&resize=700%2C400 2x"},"classes":[]}],"jetpack_sharing_enabled":true,"jetpack_shortlink":"https:\/\/wp.me\/peQAOb-2YD","_links":{"self":[{"href":"https:\/\/noticiasribeiraopreto.com.br\/index.php\/wp-json\/wp\/v2\/posts\/11447","targetHints":{"allow":["GET"]}}],"collection":[{"href":"https:\/\/noticiasribeiraopreto.com.br\/index.php\/wp-json\/wp\/v2\/posts"}],"about":[{"href":"https:\/\/noticiasribeiraopreto.com.br\/index.php\/wp-json\/wp\/v2\/types\/post"}],"author":[{"embeddable":true,"href":"https:\/\/noticiasribeiraopreto.com.br\/index.php\/wp-json\/wp\/v2\/users\/1"}],"replies":[{"embeddable":true,"href":"https:\/\/noticiasribeiraopreto.com.br\/index.php\/wp-json\/wp\/v2\/comments?post=11447"}],"version-history":[{"count":0,"href":"https:\/\/noticiasribeiraopreto.com.br\/index.php\/wp-json\/wp\/v2\/posts\/11447\/revisions"}],"wp:featuredmedia":[{"embeddable":true,"href":"https:\/\/noticiasribeiraopreto.com.br\/index.php\/wp-json\/wp\/v2\/media\/11448"}],"wp:attachment":[{"href":"https:\/\/noticiasribeiraopreto.com.br\/index.php\/wp-json\/wp\/v2\/media?parent=11447"}],"wp:term":[{"taxonomy":"category","embeddable":true,"href":"https:\/\/noticiasribeiraopreto.com.br\/index.php\/wp-json\/wp\/v2\/categories?post=11447"},{"taxonomy":"post_tag","embeddable":true,"href":"https:\/\/noticiasribeiraopreto.com.br\/index.php\/wp-json\/wp\/v2\/tags?post=11447"}],"curies":[{"name":"wp","href":"https:\/\/api.w.org\/{rel}","templated":true}]}}