{"id":11453,"date":"2023-12-06T08:38:36","date_gmt":"2023-12-06T11:38:36","guid":{"rendered":"https:\/\/noticiasribeiraopreto.com.br\/index.php\/2023\/12\/06\/whatsapp-agora-transforma-selfie-em-avatar-veja-como-fazer\/"},"modified":"2023-12-06T08:38:36","modified_gmt":"2023-12-06T11:38:36","slug":"whatsapp-agora-transforma-selfie-em-avatar-veja-como-fazer","status":"publish","type":"post","link":"https:\/\/noticiasribeiraopreto.com.br\/index.php\/2023\/12\/06\/whatsapp-agora-transforma-selfie-em-avatar-veja-como-fazer\/","title":{"rendered":"WhatsApp agora transforma selfie em avatar; veja como fazer"},"content":{"rendered":"<div class='code-block code-block-1' style='margin: 8px 0 8px auto; text-align: right; display: block; clear: both;'>\n<p><a href=\"https:\/\/wa.link\/vpicfd\"><img data-recalc-dims=\"1\" class=\"wp-image-4922\" style=\"aspect-ratio: 2.0253164556962027; width: 561px; height: auto;\" src=\"https:\/\/i0.wp.com\/ismaelcolosi.com.br\/wp-content\/uploads\/2023\/11\/grupo-de-empregos-whatsapp-e-facebook-ismael-colosi-vagas.jpg?ssl=1\" alt=\"\" \/><\/a><\/p>\n<!-- \/wp:image -->\n<\/div>\n<p> <br \/>\n<\/p>\n<div>\n<div id=\"attachment_2320827\" class=\"wp-caption alignnone\">\n<div class=\"d-flex justify-content-center\" data-attachment-id=\"2320827\">\n<div class=\"position-relative d-inline-block\"><img data-recalc-dims=\"1\" data-portal-copyright=\"Reprodu\u00e7\u00e3o\/WhatsApp \" fetchpriority=\"high\" decoding=\"async\" class=\"size-full wp-image-2320827\" src=\"https:\/\/i0.wp.com\/catracalivre.com.br\/wp-content\/uploads\/2023\/12\/fotos-catraca-2023-12-05t184909677.png?resize=1200%2C660&#038;ssl=1\" alt=\"Como transformar uma selfie em avatar no WhatsApp\" width=\"1200\" height=\"660\" srcset=\"https:\/\/catracalivre.com.br\/wp-content\/uploads\/2023\/12\/fotos-catraca-2023-12-05t184909677.png 1200w, https:\/\/catracalivre.com.br\/wp-content\/uploads\/2023\/12\/fotos-catraca-2023-12-05t184909677-450x248.png 450w, https:\/\/catracalivre.com.br\/wp-content\/uploads\/2023\/12\/fotos-catraca-2023-12-05t184909677-768x422.png 768w\" sizes=\"(max-width: 1200px) 100vw, 1200px\"\/><\/p>\n<p>Cr\u00e9ditos: Reprodu\u00e7\u00e3o\/WhatsApp <\/p>\n<\/div>\n<\/div>\n<p><span class=\"post-imagem__legenda\">Como transformar uma selfie em avatar no WhatsApp<\/span><\/p>\n<\/div>\n<p>Recentemente, o WhatsApp incorporou um recurso de intelig\u00eancia artificial para a cria\u00e7\u00e3o de <a href=\"https:\/\/catracalivre.com.br\/entretenimento\/whatsapp-anuncia-grande-novidade-para-ligacao-por-video\/\" target=\"_blank\" rel=\"noopener\">avatares animados<\/a>.<\/p>\n<p>O novo recurso, dispon\u00edvel para dispositivos <a href=\"https:\/\/catracalivre.com.br\/entretenimento\/vazam-imagens-do-novo-visual-do-whatsapp-para-android-veja-como-ficara\/\" target=\"_blank\" rel=\"noopener\">Android<\/a> e iOS (iPhone), permite aos usu\u00e1rios criar <a href=\"https:\/\/blog.whatsapp.com\/avatars-on-whatsapp?lang=pt_BR\" target=\"_blank\" rel=\"noopener\">representa\u00e7\u00f5es digitais<\/a> personalizadas de si mesmos, conhecidas como avatares, a partir de um simples autorretrato ou uma selfie.<\/p>\n<h2>Como o recurso vai funcionar?<\/h2>\n<p>Para ativar a nova fun\u00e7\u00e3o, basta acessar as configura\u00e7\u00f5es e tirar uma foto do pr\u00f3prio rosto, de prefer\u00eancia em um ambiente bem iluminado.<\/p>\n<p>O aplicativo, ent\u00e3o, processa essa imagem, utilizando algoritmos de intelig\u00eancia artificial para capturar e replicar os principais tra\u00e7os faciais e caracter\u00edsticas f\u00edsicas do usu\u00e1rio na forma de um avatar animado.<\/p>\n<div id=\"attachment_2320829\" class=\"wp-caption alignnone\">\n<div class=\"d-flex justify-content-center\" data-attachment-id=\"2320829\">\n<div class=\"position-relative d-inline-block\"><img data-recalc-dims=\"1\" loading=\"lazy\" data-portal-copyright=\"Captura de tela do WhatsApp\" decoding=\"async\" class=\"size-full wp-image-2320829\" src=\"https:\/\/i0.wp.com\/catracalivre.com.br\/wp-content\/uploads\/2023\/12\/img-20231205-wa0055-scaled.jpg?resize=2560%2C1328&#038;ssl=1\" alt=\"Acesse as configura\u00e7\u00f5es do WhatsApp e tire uma selfie para criar o avatar\" width=\"2560\" height=\"1328\" srcset=\"https:\/\/catracalivre.com.br\/wp-content\/uploads\/2023\/12\/img-20231205-wa0055-scaled.jpg 2560w, https:\/\/catracalivre.com.br\/wp-content\/uploads\/2023\/12\/img-20231205-wa0055-450x233.jpg 450w, https:\/\/catracalivre.com.br\/wp-content\/uploads\/2023\/12\/img-20231205-wa0055-768x398.jpg 768w\" sizes=\"auto, (max-width: 2560px) 100vw, 2560px\"\/><\/p>\n<p>Cr\u00e9ditos: Captura de tela do WhatsApp<\/p>\n<\/div>\n<\/div>\n<p><span class=\"post-imagem__legenda\">Acesse as configura\u00e7\u00f5es do WhatsApp e tire uma selfie para criar o avatar<\/span><\/p>\n<\/div>\n<p>Dentro de alguns segundos ap\u00f3s tirar a foto, o usu\u00e1rio recebe v\u00e1rias sugest\u00f5es de avatar. Essas sugest\u00f5es podem acabar sendo personalizadas pelo usu\u00e1rio.<\/p>\n<p>\u00c9 poss\u00edvel, ent\u00e3o, mudar o vestu\u00e1rio do avatar, o penteado, a cor dos olhos e outros aspectos da apar\u00eancia f\u00edsica.<\/p>\n<div id=\"attachment_2320828\" class=\"wp-caption alignnone\">\n<div class=\"d-flex justify-content-center\" data-attachment-id=\"2320828\">\n<div class=\"position-relative d-inline-block\"><img data-recalc-dims=\"1\" loading=\"lazy\" data-portal-copyright=\"Captura de tela do WhatsApp\" decoding=\"async\" class=\"size-full wp-image-2320828\" src=\"https:\/\/i0.wp.com\/catracalivre.com.br\/wp-content\/uploads\/2023\/12\/img-20231205-wa0057-scaled.jpg?resize=2560%2C1681&#038;ssl=1\" alt=\"Por fim, fa\u00e7a altera\u00e7\u00f5es desejadas no avatar\" width=\"2560\" height=\"1681\" srcset=\"https:\/\/catracalivre.com.br\/wp-content\/uploads\/2023\/12\/img-20231205-wa0057-scaled.jpg 2560w, https:\/\/catracalivre.com.br\/wp-content\/uploads\/2023\/12\/img-20231205-wa0057-450x295.jpg 450w, https:\/\/catracalivre.com.br\/wp-content\/uploads\/2023\/12\/img-20231205-wa0057-768x504.jpg 768w\" sizes=\"auto, (max-width: 2560px) 100vw, 2560px\"\/><\/p>\n<p>Cr\u00e9ditos: Captura de tela do WhatsApp<\/p>\n<\/div>\n<\/div>\n<p><span class=\"post-imagem__legenda\">Por fim, fa\u00e7a altera\u00e7\u00f5es desejadas no avatar<\/span><\/p>\n<\/div>\n<h2>Quem pode criar seu pr\u00f3prio avatar no WhatsApp?<\/h2>\n<p>Qualquer usu\u00e1rio que tenha instalado a vers\u00e3o mais recente do WhatsApp pode acessar o novo recurso.<\/p>\n<p>Os avatares animados servem para expressar diferentes rea\u00e7\u00f5es e emo\u00e7\u00f5es em conversas e grupos do WhatsApp. Al\u00e9m disso, eles tamb\u00e9m podem ir para outras plataformas, como o Instagram e o Facebook.<\/p>\n<p>A implementa\u00e7\u00e3o de intelig\u00eancia artificial no WhatsApp representa mais um passo na dire\u00e7\u00e3o de transformar o mensageiro em uma plataforma mais interativa e personalizada.<\/p>\n<\/div>\n<p><script>\n\t\t! function(f, b, e, v, n, t, s) {\n\t\t\tif (f.fbq) return;\n\t\t\tn = f.fbq = function() {\n\t\t\t\tn.callMethod ?\n\t\t\t\t\tn.callMethod.apply(n, arguments) : n.queue.push(arguments)\n\t\t\t};\n\t\t\tif (!f._fbq) f._fbq = n;\n\t\t\tn.push = n;\n\t\t\tn.loaded = !0;\n\t\t\tn.version = '2.0';\n\t\t\tn.queue = [];\n\t\t\tt = b.createElement(e);\n\t\t\tt.async = !0;\n\t\t\tt.src = v;\n\t\t\ts = b.getElementsByTagName(e)[0];\n\t\t\ts.parentNode.insertBefore(t, s)\n\t\t}(window, document, 'script',\n\t\t\t'https:\/\/connect.facebook.net\/en_US\/fbevents.js');\n\t\tfbq('init', '338315473262380');\n\t\tfbq('track', 'PageView');\n\t<\/script><br \/>\n<br \/><br \/>\n<br \/><a href=\"https:\/\/catracalivre.com.br\/entretenimento\/whatsapp-agora-transforma-selfie-em-avatar-veja-como-fazer\/\">Source link <\/a><\/p>\n<!-- CONTENT END 1 -->\n","protected":false},"excerpt":{"rendered":"<p>Cr\u00e9ditos: Reprodu\u00e7\u00e3o\/WhatsApp Como transformar uma selfie em avatar no WhatsApp Recentemente, o WhatsApp incorporou um recurso de intelig\u00eancia artificial para a cria\u00e7\u00e3o de avatares animados&#8230;.<\/p>\n","protected":false},"author":1,"featured_media":11454,"comment_status":"open","ping_status":"open","sticky":false,"template":"","format":"standard","meta":{"advanced_seo_description":"","jetpack_seo_html_title":"","jetpack_seo_noindex":false,"jetpack_post_was_ever_published":false,"_jetpack_newsletter_access":"","_jetpack_dont_email_post_to_subs":false,"_jetpack_newsletter_tier_id":0,"_jetpack_memberships_contains_paywalled_content":false,"_jetpack_memberships_contains_paid_content":false,"footnotes":"","jetpack_publicize_message":"","jetpack_publicize_feature_enabled":true,"jetpack_social_post_already_shared":true,"jetpack_social_options":{"image_generator_settings":{"template":"highway","default_image_id":0,"font":"","enabled":false},"version":2}},"categories":[19],"tags":[],"class_list":["post-11453","post","type-post","status-publish","format-standard","has-post-thumbnail","hentry","category-variedades"],"jetpack_publicize_connections":[],"jetpack_featured_media_url":"https:\/\/i0.wp.com\/noticiasribeiraopreto.com.br\/wp-content\/uploads\/2023\/12\/fotos-catraca-2023-12-05t184909677.png?fit=1200%2C638&ssl=1","jetpack-related-posts":[{"id":39489,"url":"https:\/\/noticiasribeiraopreto.com.br\/index.php\/2024\/02\/26\/big-fone-vai-tocar-em-ribeirao-preto-esta-semana-saiba-como-participar\/","url_meta":{"origin":11453,"position":0},"title":"Big Fone vai tocar em Ribeir\u00e3o Preto esta semana; Saiba como participar","author":"noticiasribeiraopreto.com.br","date":"26 de February de 2024","format":false,"excerpt":"O Big Fone do programa de entretenimento Big Brother Brasil (BBB) vai tocar em Ribeir\u00e3o Preto nesta quarta (28), quinta (29) e sexta-feira (1), das 16h \u00e0s 22h. A a\u00e7\u00e3o, em parceria com a EPTV, ser\u00e1 no Ribeir\u00e3o Shopping, pr\u00f3ximo ao elevador panor\u00e2mico, no setor Mogiana. Qualquer pessoa pode atender\u2026","rel":"","context":"In &quot;Not\u00edcias de Ribeir\u00e3o Preto-SP e Regi\u00e3o&quot;","block_context":{"text":"Not\u00edcias de Ribeir\u00e3o Preto-SP e Regi\u00e3o","link":"https:\/\/noticiasribeiraopreto.com.br\/index.php\/category\/noticias-de-ribeirao-preto-sp-e-regiao-ismael-colosi\/"},"img":{"alt_text":"","src":"https:\/\/i0.wp.com\/noticiasribeiraopreto.com.br\/wp-content\/uploads\/2024\/02\/3-16.jpg?fit=1200%2C675&ssl=1&resize=350%2C200","width":350,"height":200,"srcset":"https:\/\/i0.wp.com\/noticiasribeiraopreto.com.br\/wp-content\/uploads\/2024\/02\/3-16.jpg?fit=1200%2C675&ssl=1&resize=350%2C200 1x, https:\/\/i0.wp.com\/noticiasribeiraopreto.com.br\/wp-content\/uploads\/2024\/02\/3-16.jpg?fit=1200%2C675&ssl=1&resize=525%2C300 1.5x, https:\/\/i0.wp.com\/noticiasribeiraopreto.com.br\/wp-content\/uploads\/2024\/02\/3-16.jpg?fit=1200%2C675&ssl=1&resize=700%2C400 2x, https:\/\/i0.wp.com\/noticiasribeiraopreto.com.br\/wp-content\/uploads\/2024\/02\/3-16.jpg?fit=1200%2C675&ssl=1&resize=1050%2C600 3x"},"classes":[]},{"id":62773,"url":"https:\/\/noticiasribeiraopreto.com.br\/index.php\/2025\/01\/23\/bbb-25-big-fone-vai-tocar-em-barretos-veja-quando-e-como-participar\/","url_meta":{"origin":11453,"position":1},"title":"BBB 25: Big Fone vai tocar em Barretos; Veja quando e como participar","author":"noticiasribeiraopreto.com.br","date":"23 de January de 2025","format":false,"excerpt":"O Big Fone vai tocar\u00a0neste final de semana em Barretos. A a\u00e7\u00e3o acontece no North Shopping, nos dias 24, 25 e 26 de janeiro \u2013 veja os hor\u00e1rios abaixo. Quem atender, vai precisar\u00a0responder uma pergunta sobre o Big Brother Brasil (BBB) 24 para ganhar um brinde especial. A a\u00e7\u00e3o \u00e9\u2026","rel":"","context":"In &quot;Not\u00edcias de Ribeir\u00e3o Preto-SP e Regi\u00e3o&quot;","block_context":{"text":"Not\u00edcias de Ribeir\u00e3o Preto-SP e Regi\u00e3o","link":"https:\/\/noticiasribeiraopreto.com.br\/index.php\/category\/noticias-de-ribeirao-preto-sp-e-regiao-ismael-colosi\/"},"img":{"alt_text":"","src":"https:\/\/i0.wp.com\/noticiasribeiraopreto.com.br\/wp-content\/uploads\/2025\/01\/3-16.jpg?fit=1200%2C675&ssl=1&resize=350%2C200","width":350,"height":200,"srcset":"https:\/\/i0.wp.com\/noticiasribeiraopreto.com.br\/wp-content\/uploads\/2025\/01\/3-16.jpg?fit=1200%2C675&ssl=1&resize=350%2C200 1x, https:\/\/i0.wp.com\/noticiasribeiraopreto.com.br\/wp-content\/uploads\/2025\/01\/3-16.jpg?fit=1200%2C675&ssl=1&resize=525%2C300 1.5x, https:\/\/i0.wp.com\/noticiasribeiraopreto.com.br\/wp-content\/uploads\/2025\/01\/3-16.jpg?fit=1200%2C675&ssl=1&resize=700%2C400 2x, https:\/\/i0.wp.com\/noticiasribeiraopreto.com.br\/wp-content\/uploads\/2025\/01\/3-16.jpg?fit=1200%2C675&ssl=1&resize=1050%2C600 3x"},"classes":[]},{"id":63502,"url":"https:\/\/noticiasribeiraopreto.com.br\/index.php\/2025\/02\/14\/bbb-25-big-fone-vai-tocar-em-shopping-de-franca-veja-quando-e-como-participar\/","url_meta":{"origin":11453,"position":2},"title":"BBB 25: Big Fone vai tocar em Shopping de Franca; Veja quando e como participar","author":"noticiasribeiraopreto.com.br","date":"14 de February de 2025","format":false,"excerpt":"O Big Fone do BBB (Big Brother Brasil) 2025 vai tocar a partir desta sexta-feira (14) no Franca Shopping, em Franca. A a\u00e7\u00e3o segue at\u00e9 domingo, 16 de fevereiro \u2013 veja os hor\u00e1rios abaixo. Quem atender vai precisar responder uma pergunta sobre o BBB para ganhar um brinde especial. A\u2026","rel":"","context":"In &quot;Not\u00edcias de Ribeir\u00e3o Preto-SP e Regi\u00e3o&quot;","block_context":{"text":"Not\u00edcias de Ribeir\u00e3o Preto-SP e Regi\u00e3o","link":"https:\/\/noticiasribeiraopreto.com.br\/index.php\/category\/noticias-de-ribeirao-preto-sp-e-regiao-ismael-colosi\/"},"img":{"alt_text":"","src":"https:\/\/i0.wp.com\/noticiasribeiraopreto.com.br\/wp-content\/uploads\/2024\/03\/big-fone.webp.webp?fit=1200%2C800&ssl=1&resize=350%2C200","width":350,"height":200,"srcset":"https:\/\/i0.wp.com\/noticiasribeiraopreto.com.br\/wp-content\/uploads\/2024\/03\/big-fone.webp.webp?fit=1200%2C800&ssl=1&resize=350%2C200 1x, https:\/\/i0.wp.com\/noticiasribeiraopreto.com.br\/wp-content\/uploads\/2024\/03\/big-fone.webp.webp?fit=1200%2C800&ssl=1&resize=525%2C300 1.5x, https:\/\/i0.wp.com\/noticiasribeiraopreto.com.br\/wp-content\/uploads\/2024\/03\/big-fone.webp.webp?fit=1200%2C800&ssl=1&resize=700%2C400 2x, https:\/\/i0.wp.com\/noticiasribeiraopreto.com.br\/wp-content\/uploads\/2024\/03\/big-fone.webp.webp?fit=1200%2C800&ssl=1&resize=1050%2C600 3x"},"classes":[]},{"id":62932,"url":"https:\/\/noticiasribeiraopreto.com.br\/index.php\/2025\/01\/28\/bbb-25-big-fone-vai-tocar-em-shopping-de-ribeirao-preto-veja-quando-e-como-participar\/","url_meta":{"origin":11453,"position":3},"title":"BBB 25: Big Fone vai tocar em Shopping de Ribeir\u00e3o Preto; Veja quando e como participar","author":"noticiasribeiraopreto.com.br","date":"28 de January de 2025","format":false,"excerpt":"O Big Fone do BBB (Big Brother Brasil) 2025 vai tocar a partir desta quarta-feira (29) no Ribeir\u00e3o Shopping, em Ribeir\u00e3o Preto. A a\u00e7\u00e3o segue at\u00e9 sexta-feira, 31 de janeiro \u2013 veja os hor\u00e1rios abaixo. Quem atender vai precisar responder uma pergunta sobre o BBB para ganhar um brinde especial.\u2026","rel":"","context":"In &quot;Not\u00edcias de Ribeir\u00e3o Preto-SP e Regi\u00e3o&quot;","block_context":{"text":"Not\u00edcias de Ribeir\u00e3o Preto-SP e Regi\u00e3o","link":"https:\/\/noticiasribeiraopreto.com.br\/index.php\/category\/noticias-de-ribeirao-preto-sp-e-regiao-ismael-colosi\/"},"img":{"alt_text":"","src":"https:\/\/i0.wp.com\/noticiasribeiraopreto.com.br\/wp-content\/uploads\/2024\/03\/big-fone.webp.webp?fit=1200%2C800&ssl=1&resize=350%2C200","width":350,"height":200,"srcset":"https:\/\/i0.wp.com\/noticiasribeiraopreto.com.br\/wp-content\/uploads\/2024\/03\/big-fone.webp.webp?fit=1200%2C800&ssl=1&resize=350%2C200 1x, https:\/\/i0.wp.com\/noticiasribeiraopreto.com.br\/wp-content\/uploads\/2024\/03\/big-fone.webp.webp?fit=1200%2C800&ssl=1&resize=525%2C300 1.5x, https:\/\/i0.wp.com\/noticiasribeiraopreto.com.br\/wp-content\/uploads\/2024\/03\/big-fone.webp.webp?fit=1200%2C800&ssl=1&resize=700%2C400 2x, https:\/\/i0.wp.com\/noticiasribeiraopreto.com.br\/wp-content\/uploads\/2024\/03\/big-fone.webp.webp?fit=1200%2C800&ssl=1&resize=1050%2C600 3x"},"classes":[]},{"id":63599,"url":"https:\/\/noticiasribeiraopreto.com.br\/index.php\/2025\/02\/17\/bbb-25-big-fone-vai-tocar-em-shopping-de-ribeirao-preto-veja-quando-e-como-participar-2\/","url_meta":{"origin":11453,"position":4},"title":"BBB 25: Big Fone vai tocar em shopping de Ribeir\u00e3o Preto; veja quando e como participar","author":"noticiasribeiraopreto.com.br","date":"17 de February de 2025","format":false,"excerpt":"O Big Fone do BBB (Big Brother Brasil) 2025 vai tocar a partir desta sexta-feira (21), no Shopping Santa \u00darsula, em Ribeir\u00e3o Preto. A a\u00e7\u00e3o segue at\u00e9 o domingo, 23 de fevereiro\u2013 veja os hor\u00e1rios abaixo. Quem atender vai precisar responder uma pergunta sobre o BBB para ganhar um brinde\u2026","rel":"","context":"In &quot;Not\u00edcias de Ribeir\u00e3o Preto-SP e Regi\u00e3o&quot;","block_context":{"text":"Not\u00edcias de Ribeir\u00e3o Preto-SP e Regi\u00e3o","link":"https:\/\/noticiasribeiraopreto.com.br\/index.php\/category\/noticias-de-ribeirao-preto-sp-e-regiao-ismael-colosi\/"},"img":{"alt_text":"","src":"https:\/\/i0.wp.com\/noticiasribeiraopreto.com.br\/wp-content\/uploads\/2024\/03\/big-fone.webp.webp?fit=1200%2C800&ssl=1&resize=350%2C200","width":350,"height":200,"srcset":"https:\/\/i0.wp.com\/noticiasribeiraopreto.com.br\/wp-content\/uploads\/2024\/03\/big-fone.webp.webp?fit=1200%2C800&ssl=1&resize=350%2C200 1x, https:\/\/i0.wp.com\/noticiasribeiraopreto.com.br\/wp-content\/uploads\/2024\/03\/big-fone.webp.webp?fit=1200%2C800&ssl=1&resize=525%2C300 1.5x, https:\/\/i0.wp.com\/noticiasribeiraopreto.com.br\/wp-content\/uploads\/2024\/03\/big-fone.webp.webp?fit=1200%2C800&ssl=1&resize=700%2C400 2x, https:\/\/i0.wp.com\/noticiasribeiraopreto.com.br\/wp-content\/uploads\/2024\/03\/big-fone.webp.webp?fit=1200%2C800&ssl=1&resize=1050%2C600 3x"},"classes":[]},{"id":33451,"url":"https:\/\/noticiasribeiraopreto.com.br\/index.php\/2024\/01\/29\/hemocentro-de-ribeirao-abre-processo-seletivo-com-salarios-de-quase-r-3-mil\/","url_meta":{"origin":11453,"position":5},"title":"Hemocentro de Ribeir\u00e3o abre processo seletivo com sal\u00e1rios de quase R$ 3 mil","author":"noticiasribeiraopreto.com.br","date":"29 de January de 2024","format":false,"excerpt":"O Hemocentro de Ribeir\u00e3o Preto abriu processo seletivo para o cargo de assistente de laborat\u00f3rio J\u00fanior. Os sal\u00e1rios para fun\u00e7\u00e3o s\u00e3o de R$ 2.972, al\u00e9m dos benef\u00edcios, como o vale-alimenta\u00e7\u00e3o de R$ 1 mil mensais. As inscri\u00e7\u00f5es podem ser realizadas at\u00e9 as 23h59 do dia 1\u00ba de fevereiro de 2024\u2026","rel":"","context":"In &quot;Not\u00edcias de Ribeir\u00e3o Preto-SP e Regi\u00e3o&quot;","block_context":{"text":"Not\u00edcias de Ribeir\u00e3o Preto-SP e Regi\u00e3o","link":"https:\/\/noticiasribeiraopreto.com.br\/index.php\/category\/noticias-de-ribeirao-preto-sp-e-regiao-ismael-colosi\/"},"img":{"alt_text":"","src":"https:\/\/i0.wp.com\/noticiasribeiraopreto.com.br\/wp-content\/uploads\/2024\/01\/1706558168_hemocentro.png?fit=800%2C420&ssl=1&resize=350%2C200","width":350,"height":200,"srcset":"https:\/\/i0.wp.com\/noticiasribeiraopreto.com.br\/wp-content\/uploads\/2024\/01\/1706558168_hemocentro.png?fit=800%2C420&ssl=1&resize=350%2C200 1x, https:\/\/i0.wp.com\/noticiasribeiraopreto.com.br\/wp-content\/uploads\/2024\/01\/1706558168_hemocentro.png?fit=800%2C420&ssl=1&resize=525%2C300 1.5x, https:\/\/i0.wp.com\/noticiasribeiraopreto.com.br\/wp-content\/uploads\/2024\/01\/1706558168_hemocentro.png?fit=800%2C420&ssl=1&resize=700%2C400 2x"},"classes":[]}],"jetpack_sharing_enabled":true,"jetpack_shortlink":"https:\/\/wp.me\/peQAOb-2YJ","_links":{"self":[{"href":"https:\/\/noticiasribeiraopreto.com.br\/index.php\/wp-json\/wp\/v2\/posts\/11453","targetHints":{"allow":["GET"]}}],"collection":[{"href":"https:\/\/noticiasribeiraopreto.com.br\/index.php\/wp-json\/wp\/v2\/posts"}],"about":[{"href":"https:\/\/noticiasribeiraopreto.com.br\/index.php\/wp-json\/wp\/v2\/types\/post"}],"author":[{"embeddable":true,"href":"https:\/\/noticiasribeiraopreto.com.br\/index.php\/wp-json\/wp\/v2\/users\/1"}],"replies":[{"embeddable":true,"href":"https:\/\/noticiasribeiraopreto.com.br\/index.php\/wp-json\/wp\/v2\/comments?post=11453"}],"version-history":[{"count":0,"href":"https:\/\/noticiasribeiraopreto.com.br\/index.php\/wp-json\/wp\/v2\/posts\/11453\/revisions"}],"wp:featuredmedia":[{"embeddable":true,"href":"https:\/\/noticiasribeiraopreto.com.br\/index.php\/wp-json\/wp\/v2\/media\/11454"}],"wp:attachment":[{"href":"https:\/\/noticiasribeiraopreto.com.br\/index.php\/wp-json\/wp\/v2\/media?parent=11453"}],"wp:term":[{"taxonomy":"category","embeddable":true,"href":"https:\/\/noticiasribeiraopreto.com.br\/index.php\/wp-json\/wp\/v2\/categories?post=11453"},{"taxonomy":"post_tag","embeddable":true,"href":"https:\/\/noticiasribeiraopreto.com.br\/index.php\/wp-json\/wp\/v2\/tags?post=11453"}],"curies":[{"name":"wp","href":"https:\/\/api.w.org\/{rel}","templated":true}]}}