{"id":11455,"date":"2023-12-06T08:43:22","date_gmt":"2023-12-06T11:43:22","guid":{"rendered":"https:\/\/noticiasribeiraopreto.com.br\/index.php\/2023\/12\/06\/inscricoes-para-o-vestibular-das-fatecs-vao-ate-proxima-terca-12\/"},"modified":"2023-12-06T08:43:22","modified_gmt":"2023-12-06T11:43:22","slug":"inscricoes-para-o-vestibular-das-fatecs-vao-ate-proxima-terca-12","status":"publish","type":"post","link":"https:\/\/noticiasribeiraopreto.com.br\/index.php\/2023\/12\/06\/inscricoes-para-o-vestibular-das-fatecs-vao-ate-proxima-terca-12\/","title":{"rendered":"Inscri\u00e7\u00f5es para o Vestibular das Fatecs v\u00e3o at\u00e9 pr\u00f3xima ter\u00e7a (12)"},"content":{"rendered":"<div class='code-block code-block-1' style='margin: 8px 0 8px auto; text-align: right; display: block; clear: both;'>\n<p><a href=\"https:\/\/wa.link\/vpicfd\"><img data-recalc-dims=\"1\" class=\"wp-image-4922\" style=\"aspect-ratio: 2.0253164556962027; width: 561px; height: auto;\" src=\"https:\/\/i0.wp.com\/ismaelcolosi.com.br\/wp-content\/uploads\/2023\/11\/grupo-de-empregos-whatsapp-e-facebook-ismael-colosi-vagas.jpg?ssl=1\" alt=\"\" \/><\/a><\/p>\n<!-- \/wp:image -->\n<\/div>\n<p> <br \/>\n<\/p>\n<div>\n<p><img data-recalc-dims=\"1\" decoding=\"async\" src=\"https:\/\/i0.wp.com\/jcconcursos.uol.com.br\/media\/uploads\/noticia\/fatec-governo-de-sao-paulo-1.jpg?ssl=1\" class=\"lazy\" loading=\"lazy\"\/><noscript><img data-recalc-dims=\"1\" decoding=\"async\" src=\"https:\/\/i0.wp.com\/jcconcursos.uol.com.br\/media\/uploads\/noticia\/fatec-governo-de-sao-paulo-1.jpg?ssl=1\"\/><\/noscript><\/p>\n<div>\n<p>Estamos nos \u00faltimos dias para participar do processo seletivo das<a href=\"https:\/\/jcconcursos.com.br\/noticia\/brasil\/inscricoes-para-o-vestibular-das-fatecs-vao-ate-dezembro-saiba-como-participar-119400\" rel=\"noopener\" target=\"_blank\"> Faculdades de Tecnologia do Estado (Fatecs) de S\u00e3o Paulo<\/a>! Os interessados t\u00eam at\u00e9 o dia 12 de dezembro para realizar a inscri\u00e7\u00e3o no vestibular, que pode ser feita pela internet. A taxa integral \u00e9 de R$ 84, e a prova est\u00e1 agendada para o dia 7 de janeiro do pr\u00f3ximo ano.<\/p>\n<p>O Vestibular das Fatecs est\u00e1 oferecendo um total de 19.445 vagas em todas as unidades do estado de S\u00e3o Paulo, sendo 14.581 destinadas ao Vestibular das Faculdades de Tecnologia e 4.864 para o Prov\u00e3o Paulista. S\u00e3o mais de 90 op\u00e7\u00f5es de cursos superiores de tecnologia, todos gratuitos.<\/p>\n<h2>Inscri\u00e7\u00f5es<\/h2>\n<p>Os candidatos interessados em concorrer a uma vaga no Vestibular das Fatecs precisam ter conclu\u00eddo ou estar cursando o Ensino M\u00e9dio ou equivalente, desde que possam comprovar a conclus\u00e3o do curso durante a matr\u00edcula.<\/p>\n<p>As inscri\u00e7\u00f5es devem ser realizadas at\u00e9 as 15 horas do dia 12 de dezembro, por meio do site <a href=\"https:\/\/www.vestibularfatec.com.br\/home\/\" rel=\"noopener\" target=\"_blank\">www.vestibularfatec.com.br<\/a>. Al\u00e9m de preencher o question\u00e1rio socioecon\u00f4mico, \u00e9 necess\u00e1rio efetuar o pagamento da taxa de R$ 84 por uma ag\u00eancia banc\u00e1ria, pela internet ou aplicativo banc\u00e1rio de prefer\u00eancia do candidato. O pagamento tamb\u00e9m pode ser feito com cart\u00e3o de cr\u00e9dito atrav\u00e9s da ferramenta getnet, dispon\u00edvel na internet.<\/p>\n<p>Ao se inscrever, o interessado pode escolher o curso como primeira op\u00e7\u00e3o e, se desejar, selecionar uma segunda op\u00e7\u00e3o em qualquer unidade da Fatec e per\u00edodo.<\/p>\n<h2>Prov\u00e3o Paulista<\/h2>\n<p>O Prov\u00e3o Paulista, exame de avalia\u00e7\u00e3o seriada do Governo de<a href=\"https:\/\/jcconcursos.com.br\/concursos\/sp\" rel=\"noopener\" target=\"_blank\"> S\u00e3o Paulo<\/a>, ser\u00e1 realizado entre novembro e dezembro. Podem participar alunos da Secretaria da Educa\u00e7\u00e3o do Estado (Seduc), das Escolas T\u00e9cnicas Estaduais (Etecs) e de outras redes p\u00fablicas de ensino, incluindo escolas municipais e de outros estados.<\/p>\n<div class=\"code-block code-block-5\" style=\"margin: 8px auto; text-align: center; display: block; clear: both;\"> <a href=\"https:\/\/suaads.com\/ref\/ISMAELCOLOSI\" target=\"_blank\" rel=\"noopener\"><img data-recalc-dims=\"1\" decoding=\"async\" src=\"https:\/\/i0.wp.com\/suaurl.com\/img\/bannersref\/s.png?ssl=1\" alt=\"SuaUrl\"  style=\"max-width: 100%;\" class=\"lazy\" loading=\"lazy\"\/><noscript><img data-recalc-dims=\"1\" decoding=\"async\" src=\"https:\/\/i0.wp.com\/suaurl.com\/img\/bannersref\/s.png?ssl=1\" alt=\"SuaUrl\"  style=\"max-width: 100%;\"\/><\/noscript><\/a><\/div>\n<p>O Vestibular das Fatecs e o Prov\u00e3o Paulista oferecem vagas distintas e ocorrem de forma independente. Os candidatos que realizarem o Prov\u00e3o Paulista tamb\u00e9m podem se inscrever no Vestibular das Fatecs, aumentando suas chances de ingresso em um curso superior de tecnologia. As vagas das Fatecs destinadas ao Prov\u00e3o Paulista que n\u00e3o forem preenchidas ser\u00e3o transferidas para o processo seletivo do primeiro semestre de 2024.<\/p>\n<h2>Calend\u00e1rio Vestibular Fatec<\/h2>\n<ul>\n<li><strong>16 de outubro at\u00e9 \u00e0s 15 horas de 12 de dezembro:<\/strong>\u00a0inscri\u00e7\u00e3o para o vestibular;<\/li>\n<li><strong>A partir das 15 horas de 8 de novembro:<\/strong>\u00a0resultado dos pedidos de isen\u00e7\u00e3o e redu\u00e7\u00e3o;<\/li>\n<li><strong>A partir das 15 horas do dia 3 de janeiro 2024:<\/strong>\u00a0divulga\u00e7\u00e3o dos locais de prova;<\/li>\n<li><strong>7 de janeiro de 2024:<\/strong>\u00a0aplica\u00e7\u00e3o do Vestibular Fatec.<\/li>\n<\/ul>\n<p><a id=\"gnews_btn\" href=\"https:\/\/news.google.com\/publications\/CAAqBwgKMOixlQswuZWrAw\" target=\"_blank\" class=\"border_jc_blue link_hover_bg_jc_blue font_85 d-block d-md-inline-block px-2 py-1 mr-0 mr-md-2 mb-3 w-100 text-center\" rel=\"noopener\"><span class=\"text_jc_blue\">Siga o <strong>JC Concursos no Google News<\/strong><\/span><\/a><span id=\"resumo\" class=\"anchor_link\"\/><\/p>\n<\/div>\n<p><a href=\"https:\/\/jcconcursos.com.br\/noticia\/brasil\/inscricoes-para-o-vestibular-das-fatecs-vao-ate-proxima-terca-12-119633\">Source link <\/a><\/p>\n<\/p><\/div>\n<p><br \/>\n<br \/><a href=\"https:\/\/ismaelcolosi.com.br\/inscricoes-para-o-vestibular-das-fatecs-vao-ate-proxima-terca-12\/\">Source link <\/a><\/p>\n<!-- CONTENT END 1 -->\n","protected":false},"excerpt":{"rendered":"<p>Estamos nos \u00faltimos dias para participar do processo seletivo das Faculdades de Tecnologia do Estado (Fatecs) de S\u00e3o Paulo! Os interessados t\u00eam at\u00e9 o dia&#8230;<\/p>\n","protected":false},"author":1,"featured_media":11456,"comment_status":"open","ping_status":"open","sticky":false,"template":"","format":"standard","meta":{"advanced_seo_description":"","jetpack_seo_html_title":"","jetpack_seo_noindex":false,"jetpack_post_was_ever_published":false,"_jetpack_newsletter_access":"","_jetpack_dont_email_post_to_subs":false,"_jetpack_newsletter_tier_id":0,"_jetpack_memberships_contains_paywalled_content":false,"_jetpack_memberships_contains_paid_content":false,"footnotes":"","jetpack_publicize_message":"","jetpack_publicize_feature_enabled":true,"jetpack_social_post_already_shared":true,"jetpack_social_options":{"image_generator_settings":{"template":"highway","default_image_id":0,"font":"","enabled":false},"version":2}},"categories":[7],"tags":[],"class_list":["post-11455","post","type-post","status-publish","format-standard","has-post-thumbnail","hentry","category-vagas-de-empregos-em-ribeirao-preto-regiao-brasil"],"jetpack_publicize_connections":[],"jetpack_featured_media_url":"https:\/\/i0.wp.com\/noticiasribeiraopreto.com.br\/wp-content\/uploads\/2023\/12\/fatec-governo-de-sao-paulo-1.jpg?fit=1920%2C1080&ssl=1","jetpack-related-posts":[{"id":60499,"url":"https:\/\/noticiasribeiraopreto.com.br\/index.php\/2024\/11\/15\/fatec-abre-inscricoes-para-o-vestibular-com-160-vagas-em-ribeirao-preto\/","url_meta":{"origin":11455,"position":0},"title":"Fatec abre inscri\u00e7\u00f5es para o vestibular com 160 vagas em Ribeir\u00e3o Preto","author":"noticiasribeiraopreto.com.br","date":"15 de November de 2024","format":false,"excerpt":"O processo seletivo das Fatecs (Faculdades de Tecnologia do Estado) para o primeiro semestre de 2025 est\u00e1 com inscri\u00e7\u00f5es abertas at\u00e9 12 de dezembro, \u00e0s 15h. Em Ribeir\u00e3o Preto, s\u00e3o 160 vagas dispon\u00edveis para quatro turmas. As inscri\u00e7\u00f5es devem ser realizadas exclusivamente pela internet (clique aqui). A prova do Vestibular\u2026","rel":"","context":"In &quot;Not\u00edcias de Ribeir\u00e3o Preto-SP e Regi\u00e3o&quot;","block_context":{"text":"Not\u00edcias de Ribeir\u00e3o Preto-SP e Regi\u00e3o","link":"https:\/\/noticiasribeiraopreto.com.br\/index.php\/category\/noticias-de-ribeirao-preto-sp-e-regiao-ismael-colosi\/"},"img":{"alt_text":"","src":"https:\/\/i0.wp.com\/noticiasribeiraopreto.com.br\/wp-content\/uploads\/2024\/11\/fatec_ribeirao_1024x576_11052021105716.jpg?fit=1024%2C576&ssl=1&resize=350%2C200","width":350,"height":200,"srcset":"https:\/\/i0.wp.com\/noticiasribeiraopreto.com.br\/wp-content\/uploads\/2024\/11\/fatec_ribeirao_1024x576_11052021105716.jpg?fit=1024%2C576&ssl=1&resize=350%2C200 1x, https:\/\/i0.wp.com\/noticiasribeiraopreto.com.br\/wp-content\/uploads\/2024\/11\/fatec_ribeirao_1024x576_11052021105716.jpg?fit=1024%2C576&ssl=1&resize=525%2C300 1.5x, https:\/\/i0.wp.com\/noticiasribeiraopreto.com.br\/wp-content\/uploads\/2024\/11\/fatec_ribeirao_1024x576_11052021105716.jpg?fit=1024%2C576&ssl=1&resize=700%2C400 2x"},"classes":[]},{"id":17083,"url":"https:\/\/noticiasribeiraopreto.com.br\/index.php\/2023\/12\/17\/ultima-chance-de-inscricao-para-vestibular-das-fatecs-2024\/","url_meta":{"origin":11455,"position":1},"title":"\u00daltima chance de inscri\u00e7\u00e3o para vestibular das Fatecs 2024","author":"noticiasribeiraopreto.com.br","date":"17 de December de 2023","format":false,"excerpt":"Os interessados em ingressar nas Faculdades de Tecnologia do Estado de S\u00e3o Paulo (Fatecs) t\u00eam at\u00e9 a pr\u00f3xima segunda-feira, 18, para se inscrever no vestibular. A inscri\u00e7\u00e3o deve ser realizada exclusivamente pelo site www.vestibularfatec.com.br, com encerramento \u00e0s 15 horas. A oferta abrange 19.445 vagas para o primeiro semestre de 2024.\u2026","rel":"","context":"In &quot;Variedades&quot;","block_context":{"text":"Variedades","link":"https:\/\/noticiasribeiraopreto.com.br\/index.php\/category\/variedades\/"},"img":{"alt_text":"","src":"https:\/\/i0.wp.com\/noticiasribeiraopreto.com.br\/wp-content\/uploads\/2023\/12\/cursinhos-gratuitos-etecs-fatecs.jpg?fit=1200%2C638&ssl=1&resize=350%2C200","width":350,"height":200,"srcset":"https:\/\/i0.wp.com\/noticiasribeiraopreto.com.br\/wp-content\/uploads\/2023\/12\/cursinhos-gratuitos-etecs-fatecs.jpg?fit=1200%2C638&ssl=1&resize=350%2C200 1x, https:\/\/i0.wp.com\/noticiasribeiraopreto.com.br\/wp-content\/uploads\/2023\/12\/cursinhos-gratuitos-etecs-fatecs.jpg?fit=1200%2C638&ssl=1&resize=525%2C300 1.5x, https:\/\/i0.wp.com\/noticiasribeiraopreto.com.br\/wp-content\/uploads\/2023\/12\/cursinhos-gratuitos-etecs-fatecs.jpg?fit=1200%2C638&ssl=1&resize=700%2C400 2x, https:\/\/i0.wp.com\/noticiasribeiraopreto.com.br\/wp-content\/uploads\/2023\/12\/cursinhos-gratuitos-etecs-fatecs.jpg?fit=1200%2C638&ssl=1&resize=1050%2C600 3x"},"classes":[]},{"id":66944,"url":"https:\/\/noticiasribeiraopreto.com.br\/index.php\/2025\/04\/07\/fatec-abre-inscricoes-para-o-vestibular-com-125-vagas-em-ribeirao-preto\/","url_meta":{"origin":11455,"position":2},"title":"Fatec abre inscri\u00e7\u00f5es para o vestibular com 125 vagas em Ribeir\u00e3o Preto","author":"noticiasribeiraopreto.com.br","date":"7 de April de 2025","format":false,"excerpt":"Est\u00e3o abertas as inscri\u00e7\u00f5es para o vestibular das Fatecs (Faculdades de Tecnologia do Estado) para o segundo semestre de 2025. No total, o processo seletivo oferece 12.550 vagas para cursos superiores de tecnologia presenciais e a dist\u00e2ncia, gratuitos, distribu\u00eddas pelas 82 unidades do estado de S\u00e3o Paulo. Em Ribeir\u00e3o s\u00e3o\u2026","rel":"","context":"In &quot;Not\u00edcias de Ribeir\u00e3o Preto-SP e Regi\u00e3o&quot;","block_context":{"text":"Not\u00edcias de Ribeir\u00e3o Preto-SP e Regi\u00e3o","link":"https:\/\/noticiasribeiraopreto.com.br\/index.php\/category\/noticias-de-ribeirao-preto-sp-e-regiao-ismael-colosi\/"},"img":{"alt_text":"","src":"https:\/\/i0.wp.com\/noticiasribeiraopreto.com.br\/wp-content\/uploads\/2025\/04\/fatec_ribeirao_1024x576_11052021105716.jpg?fit=1024%2C576&ssl=1&resize=350%2C200","width":350,"height":200,"srcset":"https:\/\/i0.wp.com\/noticiasribeiraopreto.com.br\/wp-content\/uploads\/2025\/04\/fatec_ribeirao_1024x576_11052021105716.jpg?fit=1024%2C576&ssl=1&resize=350%2C200 1x, https:\/\/i0.wp.com\/noticiasribeiraopreto.com.br\/wp-content\/uploads\/2025\/04\/fatec_ribeirao_1024x576_11052021105716.jpg?fit=1024%2C576&ssl=1&resize=525%2C300 1.5x, https:\/\/i0.wp.com\/noticiasribeiraopreto.com.br\/wp-content\/uploads\/2025\/04\/fatec_ribeirao_1024x576_11052021105716.jpg?fit=1024%2C576&ssl=1&resize=700%2C400 2x"},"classes":[]},{"id":22937,"url":"https:\/\/noticiasribeiraopreto.com.br\/index.php\/2023\/12\/31\/conheca-o-calendario-do-vestibular-das-fatecs-2024\/","url_meta":{"origin":11455,"position":3},"title":"Conhe\u00e7a o calend\u00e1rio do vestibular das Fatecs 2024","author":"noticiasribeiraopreto.com.br","date":"31 de December de 2023","format":false,"excerpt":"A partir das 15h do dia 3 de janeiro de 2024, os locais de prova para o processo seletivo do primeiro semestre para as Faculdades de Tecnologia do Estado (Fatecs) estar\u00e3o dispon\u00edveis exclusivamente on-line. Cr\u00e9ditos: Alesp\/Divulga\u00e7\u00e3oFaculdades de Tecnologia do Estado divulgam calend\u00e1rio para o vestibular 2024 O exame est\u00e1 programado\u2026","rel":"","context":"In &quot;Variedades&quot;","block_context":{"text":"Variedades","link":"https:\/\/noticiasribeiraopreto.com.br\/index.php\/category\/variedades\/"},"img":{"alt_text":"","src":"https:\/\/i0.wp.com\/noticiasribeiraopreto.com.br\/wp-content\/uploads\/2023\/12\/fatec-braganca.jpg?fit=1200%2C638&ssl=1&resize=350%2C200","width":350,"height":200,"srcset":"https:\/\/i0.wp.com\/noticiasribeiraopreto.com.br\/wp-content\/uploads\/2023\/12\/fatec-braganca.jpg?fit=1200%2C638&ssl=1&resize=350%2C200 1x, https:\/\/i0.wp.com\/noticiasribeiraopreto.com.br\/wp-content\/uploads\/2023\/12\/fatec-braganca.jpg?fit=1200%2C638&ssl=1&resize=525%2C300 1.5x, https:\/\/i0.wp.com\/noticiasribeiraopreto.com.br\/wp-content\/uploads\/2023\/12\/fatec-braganca.jpg?fit=1200%2C638&ssl=1&resize=700%2C400 2x, https:\/\/i0.wp.com\/noticiasribeiraopreto.com.br\/wp-content\/uploads\/2023\/12\/fatec-braganca.jpg?fit=1200%2C638&ssl=1&resize=1050%2C600 3x"},"classes":[]},{"id":70170,"url":"https:\/\/noticiasribeiraopreto.com.br\/index.php\/2025\/05\/23\/jornal-da-franca-vestibular-das-fatecs-oferece-mais-de-mil-vagas-para-curso-ead-em-gestao-empresarial\/","url_meta":{"origin":11455,"position":4},"title":"Jornal da Franca &#8211; Vestibular das Fatecs oferece mais de mil vagas para curso EaD em Gest\u00e3o Empresarial","author":"noticiasribeiraopreto.com.br","date":"23 de May de 2025","format":false,"excerpt":"compartilhar no whatsapp compartilhar no telegram compartilhar no facebook compartilhar no linkedin CPS conta com 45 unidades que funcionam como polo do curso a dist\u00e2ncia no Estado; inscri\u00e7\u00f5es podem ser feitas at\u00e9 6 de junho, pela internet Al\u00e9m do formato a dist\u00e2ncia, curso de Gest\u00e3o Empresarial \u00e9 ofertado na modalidade\u2026","rel":"","context":"In &quot;Not\u00edcias de Franca-SP&quot;","block_context":{"text":"Not\u00edcias de Franca-SP","link":"https:\/\/noticiasribeiraopreto.com.br\/index.php\/category\/noticias-de-ribeirao-preto-sp-e-regiao-ismael-colosi\/noticias-franca-sp\/"},"img":{"alt_text":"","src":"https:\/\/i0.wp.com\/noticiasribeiraopreto.com.br\/wp-content\/uploads\/2025\/05\/0c729c32-2b48-4330-a3f3-2532316bbc99.jpg?fit=1200%2C798&ssl=1&resize=350%2C200","width":350,"height":200,"srcset":"https:\/\/i0.wp.com\/noticiasribeiraopreto.com.br\/wp-content\/uploads\/2025\/05\/0c729c32-2b48-4330-a3f3-2532316bbc99.jpg?fit=1200%2C798&ssl=1&resize=350%2C200 1x, https:\/\/i0.wp.com\/noticiasribeiraopreto.com.br\/wp-content\/uploads\/2025\/05\/0c729c32-2b48-4330-a3f3-2532316bbc99.jpg?fit=1200%2C798&ssl=1&resize=525%2C300 1.5x, https:\/\/i0.wp.com\/noticiasribeiraopreto.com.br\/wp-content\/uploads\/2025\/05\/0c729c32-2b48-4330-a3f3-2532316bbc99.jpg?fit=1200%2C798&ssl=1&resize=700%2C400 2x, https:\/\/i0.wp.com\/noticiasribeiraopreto.com.br\/wp-content\/uploads\/2025\/05\/0c729c32-2b48-4330-a3f3-2532316bbc99.jpg?fit=1200%2C798&ssl=1&resize=1050%2C600 3x"},"classes":[]},{"id":14294,"url":"https:\/\/noticiasribeiraopreto.com.br\/index.php\/2023\/12\/11\/fatecs-oferecem-vagas-em-mais-de-90-cursos-gratuitos\/","url_meta":{"origin":11455,"position":5},"title":"Fatecs oferecem vagas em mais de 90 cursos gratuitos","author":"noticiasribeiraopreto.com.br","date":"11 de December de 2023","format":false,"excerpt":"As inscri\u00e7\u00f5es para o processo seletivo das Faculdades de Tecnologia do Estado (Fatecs) est\u00e3o abertas at\u00e9 12 de dezembro. S\u00e3o, ao todo, 19.445 vagas em mais de 90 op\u00e7\u00f5es de cursos gratuitos na \u00e1rea de tecnologia. Desse total, 14.581 s\u00e3o destinadas ao Vestibular das Faculdades de Tecnologia e 4.864 vagas\u2026","rel":"","context":"In &quot;Variedades&quot;","block_context":{"text":"Variedades","link":"https:\/\/noticiasribeiraopreto.com.br\/index.php\/category\/variedades\/"},"img":{"alt_text":"","src":"https:\/\/i0.wp.com\/noticiasribeiraopreto.com.br\/wp-content\/uploads\/2023\/12\/fatec-scaled.jpg?fit=1200%2C638&ssl=1&resize=350%2C200","width":350,"height":200,"srcset":"https:\/\/i0.wp.com\/noticiasribeiraopreto.com.br\/wp-content\/uploads\/2023\/12\/fatec-scaled.jpg?fit=1200%2C638&ssl=1&resize=350%2C200 1x, https:\/\/i0.wp.com\/noticiasribeiraopreto.com.br\/wp-content\/uploads\/2023\/12\/fatec-scaled.jpg?fit=1200%2C638&ssl=1&resize=525%2C300 1.5x, https:\/\/i0.wp.com\/noticiasribeiraopreto.com.br\/wp-content\/uploads\/2023\/12\/fatec-scaled.jpg?fit=1200%2C638&ssl=1&resize=700%2C400 2x, https:\/\/i0.wp.com\/noticiasribeiraopreto.com.br\/wp-content\/uploads\/2023\/12\/fatec-scaled.jpg?fit=1200%2C638&ssl=1&resize=1050%2C600 3x"},"classes":[]}],"jetpack_sharing_enabled":true,"jetpack_shortlink":"https:\/\/wp.me\/peQAOb-2YL","_links":{"self":[{"href":"https:\/\/noticiasribeiraopreto.com.br\/index.php\/wp-json\/wp\/v2\/posts\/11455","targetHints":{"allow":["GET"]}}],"collection":[{"href":"https:\/\/noticiasribeiraopreto.com.br\/index.php\/wp-json\/wp\/v2\/posts"}],"about":[{"href":"https:\/\/noticiasribeiraopreto.com.br\/index.php\/wp-json\/wp\/v2\/types\/post"}],"author":[{"embeddable":true,"href":"https:\/\/noticiasribeiraopreto.com.br\/index.php\/wp-json\/wp\/v2\/users\/1"}],"replies":[{"embeddable":true,"href":"https:\/\/noticiasribeiraopreto.com.br\/index.php\/wp-json\/wp\/v2\/comments?post=11455"}],"version-history":[{"count":0,"href":"https:\/\/noticiasribeiraopreto.com.br\/index.php\/wp-json\/wp\/v2\/posts\/11455\/revisions"}],"wp:featuredmedia":[{"embeddable":true,"href":"https:\/\/noticiasribeiraopreto.com.br\/index.php\/wp-json\/wp\/v2\/media\/11456"}],"wp:attachment":[{"href":"https:\/\/noticiasribeiraopreto.com.br\/index.php\/wp-json\/wp\/v2\/media?parent=11455"}],"wp:term":[{"taxonomy":"category","embeddable":true,"href":"https:\/\/noticiasribeiraopreto.com.br\/index.php\/wp-json\/wp\/v2\/categories?post=11455"},{"taxonomy":"post_tag","embeddable":true,"href":"https:\/\/noticiasribeiraopreto.com.br\/index.php\/wp-json\/wp\/v2\/tags?post=11455"}],"curies":[{"name":"wp","href":"https:\/\/api.w.org\/{rel}","templated":true}]}}