{"id":11525,"date":"2023-12-06T11:20:55","date_gmt":"2023-12-06T14:20:55","guid":{"rendered":"https:\/\/noticiasribeiraopreto.com.br\/index.php\/2023\/12\/06\/renato-zucoloto-permanece-na-ccj\/"},"modified":"2023-12-06T11:20:55","modified_gmt":"2023-12-06T14:20:55","slug":"renato-zucoloto-permanece-na-ccj","status":"publish","type":"post","link":"https:\/\/noticiasribeiraopreto.com.br\/index.php\/2023\/12\/06\/renato-zucoloto-permanece-na-ccj\/","title":{"rendered":"Renato Zucoloto\u00a0permanece na CCJ &#8211; Jornal Tribuna Ribeir\u00e3o"},"content":{"rendered":"<div class='code-block code-block-1' style='margin: 8px 0 8px auto; text-align: right; display: block; clear: both;'>\n<p><a href=\"https:\/\/wa.link\/vpicfd\"><img data-recalc-dims=\"1\" class=\"wp-image-4922\" style=\"aspect-ratio: 2.0253164556962027; width: 561px; height: auto;\" src=\"https:\/\/i0.wp.com\/ismaelcolosi.com.br\/wp-content\/uploads\/2023\/11\/grupo-de-empregos-whatsapp-e-facebook-ismael-colosi-vagas.jpg?ssl=1\" alt=\"\" \/><\/a><\/p>\n<!-- \/wp:image -->\n<\/div>\n<p> <br \/>\n<\/p>\n<div>\n<p><span data-contrast=\"auto\">A C\u00e2mara de Ribeir\u00e3o Preto definiu, na noite desta ter\u00e7a-feira, 5 de dezembro, a composi\u00e7\u00e3o das 15 comiss\u00f5es permanentes e do Conselho e \u00c9tica e Decoro Parlamentar para 2024. Com a altera\u00e7\u00e3o no Regimento Interno do Legislativo, desde 2022 a elei\u00e7\u00e3o passou a ocorrer na primeira sess\u00e3o do \u00faltimo m\u00eas do ano.<\/span><\/p>\n<p><span data-contrast=\"auto\">Antes, para formalizar a composi\u00e7\u00e3o das 15 comiss\u00f5es e do Conselho de \u00c9tica, a vota\u00e7\u00e3o ocorria na primeira sess\u00e3o ordin\u00e1ria de cada ano, no m\u00eas de fevereiro. O grupo de 17 vereadores (G-17) que elegeu a atual Mesa Diretora vai comandar a maioria. <\/span><\/p>\n<p><span data-contrast=\"auto\">Renato Zucoloto (PP) continua na presid\u00eancia da Comiss\u00e3o <\/span><span data-contrast=\"none\">de Constitui\u00e7\u00e3o, Justi\u00e7a e Reda\u00e7\u00e3o. No ano passado, ele quebrou um ciclo de seis anos. Entre 2017 e 2022, Isaac Antunes (PL), presidente eleito da C\u00e2mara para 2024, comandou a CCJ. <\/span><\/p>\n<p><span data-contrast=\"none\">A Comiss\u00e3o de Constitui\u00e7\u00e3o, Justi\u00e7a e Reda\u00e7\u00e3o \u00e9 a principal do Legislativo. Por suas m\u00e3os ir\u00e3o passar todos os projetos de lei dos vereadores e do prefeito Duarte Nogueira (PSDB). Tem poder terminativo e decide qual proposta poder\u00e1 ser levada ao plen\u00e1rio e qual receber\u00e1 parecer, sendo juridicamente sepultada. <\/span><\/p>\n<p><span data-contrast=\"none\">S\u00e9rgio Zerbinato (PSB) tamb\u00e9m permanecer\u00e1 \u00e0 frente d<\/span><span data-contrast=\"auto\">a Comiss\u00e3o de Finan\u00e7as, Or\u00e7amento, Fiscaliza\u00e7\u00e3o, Controle e Tribut\u00e1ria. Maur\u00edcio Vila Abranches (PSDB) vai presidir o Conselho de \u00c9tica e Decoro Parlamentar. O Regimento Interno da C\u00e2mara estabelece que cada vereador tem de fazer parte de pelo menos uma comiss\u00e3o permanente. <\/span><\/p>\n<p><span data-contrast=\"auto\">Apenas o futuro presidente da C\u00e2mara, Isaac Antunes (PL), e o segundo-secret\u00e1rio, Lincoln Fernandes (PDT), n\u00e3o far\u00e3o parte de porque o RI pro\u00edbe a participa\u00e7\u00e3o de parlamentares que ocupem estes cargos. Em julho do ano passado, os parlamentares alteraram o artigo n\u00famero 50 do Regimento Interno do Legislativo, antecipando a elei\u00e7\u00e3o dos integrantes de cada colegiado. <\/span><\/p>\n<p><span data-contrast=\"auto\">Agora, apenas no primeiro ano da legislatura ser\u00e1 em fevereiro. Nos outros tr\u00eas passa a ser em dezembro. No final de 2020, os vereadores do mandato anterior reduziram o total de comiss\u00f5es de 22 para 15.\u00a0 A nova lista foi publicada, por meio de resolu\u00e7\u00e3o, no Di\u00e1rio Oficial do Munic\u00edpio (DOM) para agrupar alguns temas correlatos em uma mesma comiss\u00e3o. <\/span><\/p>\n<p><span data-contrast=\"auto\">Outro fator que contribuiu para a redu\u00e7\u00e3o foi a diminui\u00e7\u00e3o do n\u00famero de vereadores, de 27 para 22 parlamentares na atual legislatura. Sem a redu\u00e7\u00e3o do n\u00famero de comiss\u00f5es haveria sobrecarga de atividades extraplen\u00e1rio. Por isso, a C\u00e2mara tamb\u00e9m reduziu de cinco para tr\u00eas o total obrigat\u00f3rio de integrantes de quase todas as comiss\u00f5es. Apenas tr\u00eas <\/span><span data-contrast=\"none\">\u2013<\/span><span data-contrast=\"auto\"> CCJ, a de Finan\u00e7as e a de Educa\u00e7\u00e3o <\/span><span data-contrast=\"none\">\u2013, al\u00e9m do <\/span><span data-contrast=\"auto\">Conselho de \u00c9tica <\/span><span data-contrast=\"none\">\u2013<\/span><span data-contrast=\"auto\">, t\u00eam cinco integrantes. <\/span><\/p>\n<p><b><span data-contrast=\"none\">Raio-X da C\u00e2mara<\/span><\/b> <b><span data-contrast=\"none\">e suas comiss\u00f5es<\/span><\/b><br \/><b><span data-contrast=\"none\">Mesa Diretora para 2024<\/span><\/b><br \/><b><span data-contrast=\"auto\">Presidente<\/span><\/b><br \/><span data-contrast=\"auto\">Isaac Antunes (PL)<\/span><br \/><b><span data-contrast=\"auto\">Primeiro vice-presidente<\/span><\/b><br \/><span data-contrast=\"auto\">Franco Ferro (PRTB)<\/span><br \/><b><span data-contrast=\"auto\">Segundo vice-presidente<\/span><\/b><br \/><span data-contrast=\"auto\">Paulo Modas (Uni\u00e3o Brasil)<\/span><br \/><b><span data-contrast=\"auto\">Primeiro-secret\u00e1rio<\/span><\/b><br \/><span data-contrast=\"auto\">Jean Corauci (PSB)<\/span><br \/><b><span data-contrast=\"auto\">Segundo-secret\u00e1rio<\/span><\/b><br \/><span data-contrast=\"auto\">Lincoln Fernandes (PDT)<\/span><br \/><b><span data-contrast=\"none\">As 15 comiss\u00f5es e <\/span><\/b>\u00a0<b><span data-contrast=\"none\">o Conselho de \u00c9tica<\/span><\/b><br \/><b><span data-contrast=\"none\">\u2013<\/span><\/b> <b><span data-contrast=\"none\">Constitui\u00e7\u00e3o, <\/span><\/b>\u00a0<b><span data-contrast=\"none\">Justi\u00e7a e Reda\u00e7\u00e3o<\/span><\/b><br \/><b><span data-contrast=\"none\">Presidente:<\/span><\/b><span data-contrast=\"none\"> Renato Zucoloto (PP)<\/span><br \/><b><span data-contrast=\"none\">\u2013 <\/span><\/b><b><span data-contrast=\"auto\">Finan\u00e7as, Or\u00e7amento, <\/span><\/b><b><span data-contrast=\"auto\">Fiscaliza\u00e7\u00e3o, <\/span><\/b>\u00a0<b><span data-contrast=\"auto\">Controle e Tribut\u00e1ria <\/span><\/b><br \/><b><span data-contrast=\"none\">Presidente:<\/span><\/b> <span data-contrast=\"none\">Sergio Zerbinato (PSB)<\/span><br \/><b><span data-contrast=\"none\">\u2013 <\/span><\/b><b><span data-contrast=\"auto\">Conselho de \u00c9tica e <\/span><\/b>\u00a0<b><span data-contrast=\"auto\">Decoro Parlamentar<\/span><\/b><br \/><b><span data-contrast=\"none\">Presidente<\/span><\/b><span data-contrast=\"none\">: Maur\u00edcio<\/span> <span data-contrast=\"none\">Vila Abranches (PSDB)<\/span><br \/><b><span data-contrast=\"none\">\u2013 <\/span><\/b><b><span data-contrast=\"auto\">Educa\u00e7\u00e3o <\/span><\/b><br \/><b><span data-contrast=\"none\">Presidente: <\/span><\/b><span data-contrast=\"none\">Brando Veiga <\/span>\u00a0<span data-contrast=\"none\">(Republicanos)<\/span><br \/><b><span data-contrast=\"none\">\u2013 <\/span><\/b><b><span data-contrast=\"auto\">Esporte, Cultura, Lazer, <\/span><\/b>\u00a0<b><span data-contrast=\"auto\">Turismo e Recrea\u00e7\u00e3o <\/span><\/b><br \/><b><span data-contrast=\"none\">Presidente:<\/span><\/b> <span data-contrast=\"none\">Matheus Moreno (MDB)<\/span><br \/><b><span data-contrast=\"none\">\u2013<\/span><\/b><b><span data-contrast=\"auto\"> Administra\u00e7\u00e3o, <\/span><\/b>\u00a0<b><span data-contrast=\"auto\">Planejamento, <\/span><\/b><b><span data-contrast=\"auto\">Habita\u00e7\u00e3o, Obras <\/span><\/b><b><span data-contrast=\"auto\">e Servi\u00e7os P\u00fablicos<\/span><\/b><br \/><b><span data-contrast=\"none\">Presidente:<\/span><\/b> <span data-contrast=\"auto\">Elizeu<\/span> <span data-contrast=\"auto\">Rocha (PP)<\/span><br \/><b><span data-contrast=\"none\">\u2013 <\/span><\/b><b><span data-contrast=\"auto\">Seguridade Social, <\/span><\/b>\u00a0<b><span data-contrast=\"auto\">Sa\u00fade, Previd\u00eancia e <\/span><\/b>\u00a0<b><span data-contrast=\"auto\">Assist\u00eancia Social <\/span><\/b><br \/><b><span data-contrast=\"none\">Presidente: <\/span><\/b><span data-contrast=\"none\">Bertinho <\/span><span data-contrast=\"none\">Scandiuzzi (PSDB)<\/span><br \/><b><span data-contrast=\"none\">\u2013 <\/span><\/b><b><span data-contrast=\"auto\">Meio Ambiente, <\/span><\/b>\u00a0<b><span data-contrast=\"auto\">Sustentabilidade <\/span><\/b>\u00a0<b><span data-contrast=\"auto\">e Mobilidade Urbana <\/span><\/b><br \/><b><span data-contrast=\"none\">Presidente: <\/span><\/b><span data-contrast=\"none\">Matheus <\/span><span data-contrast=\"none\">Moreno (MDB)<\/span><br \/><b><span data-contrast=\"none\">\u2013 <\/span><\/b><b><span data-contrast=\"auto\">Transpar\u00eancia e <\/span><\/b>\u00a0<b><span data-contrast=\"auto\">Legisla\u00e7\u00e3o Participativa <\/span><\/b><br \/><b><span data-contrast=\"none\">Presidente:<\/span><\/b> <span data-contrast=\"none\">Renato Zucoloto (PP)<\/span><br \/><b><span data-contrast=\"none\">\u2013 <\/span><\/b><b><span data-contrast=\"auto\">Comunica\u00e7\u00e3o, <\/span><\/b>\u00a0<b><span data-contrast=\"auto\">T\u00edtulos e Honrarias <\/span><\/b><br \/><b><span data-contrast=\"none\">Presidente: <\/span><\/b><span data-contrast=\"none\">Jean Corauci (PSB)<\/span><br \/><b><span data-contrast=\"none\">\u2013 <\/span><\/b><b><span data-contrast=\"auto\">Defesa e Direito <\/span><\/b><b><span data-contrast=\"auto\">dos Animais<\/span><\/b><br \/><b><span data-contrast=\"none\">Presidente:<\/span><\/b> <span data-contrast=\"auto\">Luis Fran\u00e7a (PSB)<\/span><br \/><b><span data-contrast=\"none\">\u2013 <\/span><\/b><b><span data-contrast=\"auto\">Seguran\u00e7a P\u00fablica <\/span><\/b><br \/><b><span data-contrast=\"none\">Presidente:<\/span><\/b> <span data-contrast=\"none\">Maur\u00edcio Gasparini <\/span><span data-contrast=\"none\">(Uni\u00e3o Brasil)<\/span><br \/><b><span data-contrast=\"none\">\u2013 <\/span><\/b><b><span data-contrast=\"auto\">Assuntos Metropolitanos <\/span><\/b><br \/><b><span data-contrast=\"none\">Presidente: <\/span><\/b><span data-contrast=\"none\">Maur\u00edcio Gasparini <\/span><span data-contrast=\"none\">(Uni\u00e3o Brasil)<\/span><br \/><b><span data-contrast=\"none\">\u2013 <\/span><\/b><b><span data-contrast=\"auto\">Direitos da Mulher, da Crian\u00e7a, <\/span><\/b>\u00a0<b><span data-contrast=\"auto\">do Adolescente e do Idoso <\/span><\/b><br \/><b><span data-contrast=\"none\">Presidente:<\/span><\/b> <span data-contrast=\"none\">Judeti Zilli (PT, <\/span><span data-contrast=\"none\">Coletivo Popular)<\/span><br \/><b><span data-contrast=\"none\">\u2013<\/span><\/b><b><span data-contrast=\"auto\"> Direitos Humanos, da<\/span><\/b> <b><span data-contrast=\"auto\">Igualdade Racial e das <\/span><\/b><b><span data-contrast=\"auto\">Pessoas com Defici\u00eancia <\/span><\/b><br \/><b><span data-contrast=\"none\">Presidente:<\/span><\/b><span data-contrast=\"auto\"> Paulo Modas<\/span> <span data-contrast=\"none\">(Uni\u00e3o Brasil)<\/span><br \/><b><span data-contrast=\"none\">\u2013 <\/span><\/b><b><span data-contrast=\"auto\">Ci\u00eancia e Tecnologia, <\/span><\/b>\u00a0<b><span data-contrast=\"auto\">Desenvolvimento <\/span><\/b><b><span data-contrast=\"auto\">Econ\u00f4mico, Rela\u00e7\u00f5es <\/span><\/b><b><span data-contrast=\"auto\">Internacionais e <\/span><\/b><b><span data-contrast=\"auto\">de Consumo <\/span><\/b><br \/><b><span data-contrast=\"none\">Presidente: <\/span><\/b><span data-contrast=\"none\">Duda Hidalgo (PT)<\/span><br \/><span data-ccp-props=\"{&quot;201341983&quot;:0,&quot;335559739&quot;:200,&quot;335559740&quot;:276}\">\u00a0<\/span><\/p>\n<p><span data-ccp-props=\"{&quot;201341983&quot;:0,&quot;335559739&quot;:200,&quot;335559740&quot;:276}\">\u00a0<\/span><\/p>\n<\/div>\n<p><br \/>\n<br \/><a href=\"https:\/\/www.tribunaribeirao.com.br\/site\/renato-zucoloto-permanece-na-ccj\/\">Source link <\/a><\/p>\n<!-- CONTENT END 1 -->\n","protected":false},"excerpt":{"rendered":"<p>A C\u00e2mara de Ribeir\u00e3o Preto definiu, na noite desta ter\u00e7a-feira, 5 de dezembro, a composi\u00e7\u00e3o das 15 comiss\u00f5es permanentes e do Conselho e \u00c9tica e&#8230;<\/p>\n","protected":false},"author":1,"featured_media":11526,"comment_status":"open","ping_status":"open","sticky":false,"template":"","format":"standard","meta":{"advanced_seo_description":"","jetpack_seo_html_title":"","jetpack_seo_noindex":false,"jetpack_post_was_ever_published":false,"_jetpack_newsletter_access":"","_jetpack_dont_email_post_to_subs":false,"_jetpack_newsletter_tier_id":0,"_jetpack_memberships_contains_paywalled_content":false,"_jetpack_memberships_contains_paid_content":false,"footnotes":"","jetpack_publicize_message":"","jetpack_publicize_feature_enabled":true,"jetpack_social_post_already_shared":true,"jetpack_social_options":{"image_generator_settings":{"template":"highway","default_image_id":0,"font":"","enabled":false},"version":2}},"categories":[11],"tags":[1602,785,1600,26,786,1601],"class_list":["post-11525","post","type-post","status-publish","format-standard","has-post-thumbnail","hentry","category-noticias-de-ribeirao-preto-sp-e-regiao-ismael-colosi","tag-ccj","tag-jornal","tag-renato","tag-ribeirao","tag-tribuna","tag-zucolotopermanece"],"jetpack_publicize_connections":[],"jetpack_featured_media_url":"https:\/\/i0.wp.com\/noticiasribeiraopreto.com.br\/wp-content\/uploads\/2023\/12\/zucoloto-scaled.jpg?fit=967%2C645&ssl=1","jetpack-related-posts":[{"id":11319,"url":"https:\/\/noticiasribeiraopreto.com.br\/index.php\/2023\/12\/05\/camara-de-ribeirao-define-presidentes-das-comissoes-permanentes-veja-como-ficou\/","url_meta":{"origin":11525,"position":0},"title":"C\u00e2mara de Ribeir\u00e3o define presidentes das comiss\u00f5es permanentes; Veja como ficou","author":"noticiasribeiraopreto.com.br","date":"5 de December de 2023","format":false,"excerpt":"A C\u00e2mara de Ribeir\u00e3o Preto definiu nesta ter\u00e7a-feira (5) a presid\u00eancia das comiss\u00f5es permanentes para 2024. Pelo segundo ano consecutivo, o vereador Renato Zucoloto (PP) vai ficar a frente da CCJ (Comiss\u00e3o de Constitui\u00e7\u00e3o e Justi\u00e7a), considerada a principal do Legislativo, j\u00e1 que pode barrar os projetos de lei antes\u2026","rel":"","context":"In &quot;Not\u00edcias de Ribeir\u00e3o Preto-SP e Regi\u00e3o&quot;","block_context":{"text":"Not\u00edcias de Ribeir\u00e3o Preto-SP e Regi\u00e3o","link":"https:\/\/noticiasribeiraopreto.com.br\/index.php\/category\/noticias-de-ribeirao-preto-sp-e-regiao-ismael-colosi\/"},"img":{"alt_text":"","src":"https:\/\/i0.wp.com\/noticiasribeiraopreto.com.br\/wp-content\/uploads\/2023\/12\/Renato-Zucoloto.jpg?fit=1200%2C800&ssl=1&resize=350%2C200","width":350,"height":200,"srcset":"https:\/\/i0.wp.com\/noticiasribeiraopreto.com.br\/wp-content\/uploads\/2023\/12\/Renato-Zucoloto.jpg?fit=1200%2C800&ssl=1&resize=350%2C200 1x, https:\/\/i0.wp.com\/noticiasribeiraopreto.com.br\/wp-content\/uploads\/2023\/12\/Renato-Zucoloto.jpg?fit=1200%2C800&ssl=1&resize=525%2C300 1.5x, https:\/\/i0.wp.com\/noticiasribeiraopreto.com.br\/wp-content\/uploads\/2023\/12\/Renato-Zucoloto.jpg?fit=1200%2C800&ssl=1&resize=700%2C400 2x, https:\/\/i0.wp.com\/noticiasribeiraopreto.com.br\/wp-content\/uploads\/2023\/12\/Renato-Zucoloto.jpg?fit=1200%2C800&ssl=1&resize=1050%2C600 3x"},"classes":[]},{"id":71414,"url":"https:\/\/noticiasribeiraopreto.com.br\/index.php\/2025\/06\/05\/ex-vereador-de-ribeirao-assume-cargo-executivo-em-fundacao-ligada-a-prefeitura\/","url_meta":{"origin":11525,"position":1},"title":"Ex-vereador de Ribeir\u00e3o assume cargo executivo em funda\u00e7\u00e3o ligada \u00e0 Prefeitura","author":"noticiasribeiraopreto.com.br","date":"5 de June de 2025","format":false,"excerpt":"O ex-vereador Renato Zucoloto (PP) foi nomeado Gerente Executivo da FIPASE (Funda\u00e7\u00e3o Instituto Polo Avan\u00e7ado de Sa\u00fade), entidade p\u00fablica da Prefeitura de Ribeir\u00e3o Preto, respons\u00e1vel pela gest\u00e3o do SUPERA Parque e de suas \u00e2ncoras. A nomea\u00e7\u00e3o do ex-parlamentar foi publicada no Di\u00e1rio Oficial do munic\u00edpio desta quinta-feira (5). Nas elei\u00e7\u00f5es\u2026","rel":"","context":"In &quot;Not\u00edcias de Ribeir\u00e3o Preto-SP e Regi\u00e3o&quot;","block_context":{"text":"Not\u00edcias de Ribeir\u00e3o Preto-SP e Regi\u00e3o","link":"https:\/\/noticiasribeiraopreto.com.br\/index.php\/category\/noticias-de-ribeirao-preto-sp-e-regiao-ismael-colosi\/"},"img":{"alt_text":"","src":"","width":0,"height":0},"classes":[]},{"id":27994,"url":"https:\/\/noticiasribeiraopreto.com.br\/index.php\/2024\/01\/14\/grinalda-7\/","url_meta":{"origin":11525,"position":2},"title":"Grinalda &#8211; Jornal Tribuna Ribeir\u00e3o","author":"noticiasribeiraopreto.com.br","date":"14 de January de 2024","format":false,"excerpt":"14 de janeiro de 2024 | 9:037 de janeiro de 2024 | 12:31 0Gabriela, filha de Il\u00e1rio Franzoso e Bernadete de Lourdes Amorim Franzoso, casou-se na Paroquia Santa Terezinha Doutora, com Renato, filha de Magali de Oliveira Zucoloto e Sidney Montans Zucoloto.Em seguida, receberam em alto estilo no Espa\u00e7o Bella\u2026","rel":"","context":"In &quot;Not\u00edcias de Ribeir\u00e3o Preto-SP e Regi\u00e3o&quot;","block_context":{"text":"Not\u00edcias de Ribeir\u00e3o Preto-SP e Regi\u00e3o","link":"https:\/\/noticiasribeiraopreto.com.br\/index.php\/category\/noticias-de-ribeirao-preto-sp-e-regiao-ismael-colosi\/"},"img":{"alt_text":"","src":"https:\/\/i0.wp.com\/noticiasribeiraopreto.com.br\/wp-content\/uploads\/2024\/01\/14-1-scaled.jpg?fit=430%2C645&ssl=1&resize=350%2C200","width":350,"height":200},"classes":[]},{"id":80383,"url":"https:\/\/noticiasribeiraopreto.com.br\/index.php\/2025\/12\/03\/base-governista-leva-principais-comissoes\/","url_meta":{"origin":11525,"position":3},"title":"Base governista leva principais comiss\u00f5es","author":"noticiasribeiraopreto.com.br","date":"3 de December de 2025","format":false,"excerpt":"Segundo a defini\u00e7\u00e3o, quatro das 17 comiss\u00f5es ser\u00e3o comandadas por vereadoras que representam a esquerda na cidade\u2028\u2028 A C\u00e2mara de Ribeir\u00e3o Preto definiu na sess\u00e3o ordin\u00e1ria de segunda-feira, 1\u00ba de dezembro, a composi\u00e7\u00e3o das 17 comiss\u00f5es permanentes e do Conselho e \u00c9tica e Decoro Parlamentar. Os vereadores da base de\u2026","rel":"","context":"In &quot;Not\u00edcias de Ribeir\u00e3o Preto-SP e Regi\u00e3o&quot;","block_context":{"text":"Not\u00edcias de Ribeir\u00e3o Preto-SP e Regi\u00e3o","link":"https:\/\/noticiasribeiraopreto.com.br\/index.php\/category\/noticias-de-ribeirao-preto-sp-e-regiao-ismael-colosi\/"},"img":{"alt_text":"","src":"https:\/\/i0.wp.com\/noticiasribeiraopreto.com.br\/wp-content\/uploads\/2025\/12\/Comissoes-Thaisa-Coroado-Camara-scaled.jpg?fit=1170%2C780&ssl=1&resize=350%2C200","width":350,"height":200,"srcset":"https:\/\/i0.wp.com\/noticiasribeiraopreto.com.br\/wp-content\/uploads\/2025\/12\/Comissoes-Thaisa-Coroado-Camara-scaled.jpg?fit=1170%2C780&ssl=1&resize=350%2C200 1x, https:\/\/i0.wp.com\/noticiasribeiraopreto.com.br\/wp-content\/uploads\/2025\/12\/Comissoes-Thaisa-Coroado-Camara-scaled.jpg?fit=1170%2C780&ssl=1&resize=525%2C300 1.5x, https:\/\/i0.wp.com\/noticiasribeiraopreto.com.br\/wp-content\/uploads\/2025\/12\/Comissoes-Thaisa-Coroado-Camara-scaled.jpg?fit=1170%2C780&ssl=1&resize=700%2C400 2x, https:\/\/i0.wp.com\/noticiasribeiraopreto.com.br\/wp-content\/uploads\/2025\/12\/Comissoes-Thaisa-Coroado-Camara-scaled.jpg?fit=1170%2C780&ssl=1&resize=1050%2C600 3x"},"classes":[]},{"id":63128,"url":"https:\/\/noticiasribeiraopreto.com.br\/index.php\/2025\/02\/03\/sessoes-da-camara-de-ribeirao-voltam-nesta-terca-veja-quem-e-quem-no-legislativo\/","url_meta":{"origin":11525,"position":4},"title":"Sess\u00f5es da C\u00e2mara de Ribeir\u00e3o voltam nesta ter\u00e7a; Veja quem \u00e9 quem no Legislativo","author":"noticiasribeiraopreto.com.br","date":"3 de February de 2025","format":false,"excerpt":"O recesso parlamentar chegou ao fim e as sess\u00f5es da C\u00e2mara de Ribeir\u00e3o Preto ser\u00e3o retomadas nesta ter\u00e7a-feira (4). Essa ser\u00e1 a primeira sess\u00e3o ordin\u00e1ria do Legislativo ribeir\u00e3o-pretano, que conta com nove caras novas a partir de 2025. \u00c9 v\u00e1lido lembrar que, embora as sess\u00f5es s\u00f3 sejam retomadas nesta ter\u00e7a-feira,\u2026","rel":"","context":"In &quot;Not\u00edcias de Ribeir\u00e3o Preto-SP e Regi\u00e3o&quot;","block_context":{"text":"Not\u00edcias de Ribeir\u00e3o Preto-SP e Regi\u00e3o","link":"https:\/\/noticiasribeiraopreto.com.br\/index.php\/category\/noticias-de-ribeirao-preto-sp-e-regiao-ismael-colosi\/"},"img":{"alt_text":"","src":"https:\/\/i0.wp.com\/noticiasribeiraopreto.com.br\/wp-content\/uploads\/2025\/02\/camara-ribeirao-preto_2025-02-03_21-05-02_jpg_2025-02-03_21-05-02.webp.webp?fit=1200%2C800&ssl=1&resize=350%2C200","width":350,"height":200,"srcset":"https:\/\/i0.wp.com\/noticiasribeiraopreto.com.br\/wp-content\/uploads\/2025\/02\/camara-ribeirao-preto_2025-02-03_21-05-02_jpg_2025-02-03_21-05-02.webp.webp?fit=1200%2C800&ssl=1&resize=350%2C200 1x, https:\/\/i0.wp.com\/noticiasribeiraopreto.com.br\/wp-content\/uploads\/2025\/02\/camara-ribeirao-preto_2025-02-03_21-05-02_jpg_2025-02-03_21-05-02.webp.webp?fit=1200%2C800&ssl=1&resize=525%2C300 1.5x, https:\/\/i0.wp.com\/noticiasribeiraopreto.com.br\/wp-content\/uploads\/2025\/02\/camara-ribeirao-preto_2025-02-03_21-05-02_jpg_2025-02-03_21-05-02.webp.webp?fit=1200%2C800&ssl=1&resize=700%2C400 2x, https:\/\/i0.wp.com\/noticiasribeiraopreto.com.br\/wp-content\/uploads\/2025\/02\/camara-ribeirao-preto_2025-02-03_21-05-02_jpg_2025-02-03_21-05-02.webp.webp?fit=1200%2C800&ssl=1&resize=1050%2C600 3x"},"classes":[]},{"id":80921,"url":"https:\/\/noticiasribeiraopreto.com.br\/index.php\/2025\/12\/18\/racha-altera-o-conselho-de-etica\/","url_meta":{"origin":11525,"position":5},"title":"\u2018Racha\u2019 altera o\u2028 Conselho de \u00c9tica","author":"noticiasribeiraopreto.com.br","date":"18 de December de 2025","format":false,"excerpt":"\r \r \r 18 de dezembro de 2025 09:35 \r Compartilhar0 Mudan\u00e7a no colegiado ocorreu ap\u00f3s Maur\u00edcio Vila Abranches (PSDB) reivindicar a presid\u00eancia do colegiado \u2028\u2028 A C\u00e2mara de Ribeir\u00e3o Preto alterou a composi\u00e7\u00e3o do Conselho de \u00c9tica e Decoro Parlamentar. A rela\u00e7\u00e3o com os integrantes do colegiado e das\u2026","rel":"","context":"In &quot;Not\u00edcias de Ribeir\u00e3o Preto-SP e Regi\u00e3o&quot;","block_context":{"text":"Not\u00edcias de Ribeir\u00e3o Preto-SP e Regi\u00e3o","link":"https:\/\/noticiasribeiraopreto.com.br\/index.php\/category\/noticias-de-ribeirao-preto-sp-e-regiao-ismael-colosi\/"},"img":{"alt_text":"","src":"https:\/\/i0.wp.com\/noticiasribeiraopreto.com.br\/wp-content\/uploads\/2025\/12\/Conselho-Thaisa-Coroado-Camara-scaled.jpg?fit=1200%2C735&ssl=1&resize=350%2C200","width":350,"height":200,"srcset":"https:\/\/i0.wp.com\/noticiasribeiraopreto.com.br\/wp-content\/uploads\/2025\/12\/Conselho-Thaisa-Coroado-Camara-scaled.jpg?fit=1200%2C735&ssl=1&resize=350%2C200 1x, https:\/\/i0.wp.com\/noticiasribeiraopreto.com.br\/wp-content\/uploads\/2025\/12\/Conselho-Thaisa-Coroado-Camara-scaled.jpg?fit=1200%2C735&ssl=1&resize=525%2C300 1.5x, https:\/\/i0.wp.com\/noticiasribeiraopreto.com.br\/wp-content\/uploads\/2025\/12\/Conselho-Thaisa-Coroado-Camara-scaled.jpg?fit=1200%2C735&ssl=1&resize=700%2C400 2x, https:\/\/i0.wp.com\/noticiasribeiraopreto.com.br\/wp-content\/uploads\/2025\/12\/Conselho-Thaisa-Coroado-Camara-scaled.jpg?fit=1200%2C735&ssl=1&resize=1050%2C600 3x"},"classes":[]}],"jetpack_sharing_enabled":true,"jetpack_shortlink":"https:\/\/wp.me\/peQAOb-2ZT","_links":{"self":[{"href":"https:\/\/noticiasribeiraopreto.com.br\/index.php\/wp-json\/wp\/v2\/posts\/11525","targetHints":{"allow":["GET"]}}],"collection":[{"href":"https:\/\/noticiasribeiraopreto.com.br\/index.php\/wp-json\/wp\/v2\/posts"}],"about":[{"href":"https:\/\/noticiasribeiraopreto.com.br\/index.php\/wp-json\/wp\/v2\/types\/post"}],"author":[{"embeddable":true,"href":"https:\/\/noticiasribeiraopreto.com.br\/index.php\/wp-json\/wp\/v2\/users\/1"}],"replies":[{"embeddable":true,"href":"https:\/\/noticiasribeiraopreto.com.br\/index.php\/wp-json\/wp\/v2\/comments?post=11525"}],"version-history":[{"count":0,"href":"https:\/\/noticiasribeiraopreto.com.br\/index.php\/wp-json\/wp\/v2\/posts\/11525\/revisions"}],"wp:featuredmedia":[{"embeddable":true,"href":"https:\/\/noticiasribeiraopreto.com.br\/index.php\/wp-json\/wp\/v2\/media\/11526"}],"wp:attachment":[{"href":"https:\/\/noticiasribeiraopreto.com.br\/index.php\/wp-json\/wp\/v2\/media?parent=11525"}],"wp:term":[{"taxonomy":"category","embeddable":true,"href":"https:\/\/noticiasribeiraopreto.com.br\/index.php\/wp-json\/wp\/v2\/categories?post=11525"},{"taxonomy":"post_tag","embeddable":true,"href":"https:\/\/noticiasribeiraopreto.com.br\/index.php\/wp-json\/wp\/v2\/tags?post=11525"}],"curies":[{"name":"wp","href":"https:\/\/api.w.org\/{rel}","templated":true}]}}