{"id":11539,"date":"2023-12-06T11:42:17","date_gmt":"2023-12-06T14:42:17","guid":{"rendered":"https:\/\/noticiasribeiraopreto.com.br\/index.php\/2023\/12\/06\/teatro-santa-cruz-tera-cantata-de-natal-com-lyras-vocal-e-convidados-em-dezembro\/"},"modified":"2023-12-06T11:42:17","modified_gmt":"2023-12-06T14:42:17","slug":"teatro-santa-cruz-tera-cantata-de-natal-com-lyras-vocal-e-convidados-em-dezembro","status":"publish","type":"post","link":"https:\/\/noticiasribeiraopreto.com.br\/index.php\/2023\/12\/06\/teatro-santa-cruz-tera-cantata-de-natal-com-lyras-vocal-e-convidados-em-dezembro\/","title":{"rendered":"Teatro Santa Cruz ter\u00e1 Cantata de Natal com Lyras Vocal e convidados em dezembro"},"content":{"rendered":"<div class='code-block code-block-1' style='margin: 8px 0 8px auto; text-align: right; display: block; clear: both;'>\n<p><a href=\"https:\/\/wa.link\/vpicfd\"><img data-recalc-dims=\"1\" class=\"wp-image-4922\" style=\"aspect-ratio: 2.0253164556962027; width: 561px; height: auto;\" src=\"https:\/\/i0.wp.com\/ismaelcolosi.com.br\/wp-content\/uploads\/2023\/11\/grupo-de-empregos-whatsapp-e-facebook-ismael-colosi-vagas.jpg?ssl=1\" alt=\"\" \/><\/a><\/p>\n<!-- \/wp:image -->\n<\/div>\n<p> <br \/>\n<\/p>\n<div>\n<p>Seguindo a miss\u00e3o de levar os mais diversos espet\u00e1culos para seu p\u00fablico, o Teatro Santa Cruz apresenta um show natalino no m\u00eas de dezembro. \u201cCANTATA DE NATAL \u2013 com Lyras Vocal e convidados\u201d tem no repert\u00f3rio os mais diversos cl\u00e1ssicos dessa \u00e9poca do ano. O p\u00fablico vai conferir a montagem nos dias\u00a0 7, 8, 14 e 15, sempre \u00e0s 20h30.<\/p>\n<p>Guiado pelo trio Lyras Vocal, formado por Celia Dourado, Denize Meira e Lilian Rodrigues, a pe\u00e7a conta com a participa\u00e7\u00e3o da Broadway Experience na abertura e encerramento da temporada. A institui\u00e7\u00e3o \u00e9 uma das mais tradicionais escolas de teatro musical de S\u00e3o Paulo. Al\u00e9m disso, Andr\u00e9 Heryson, F\u00e1bio Bracioli e Ailton Santos s\u00e3o convidados em outras sess\u00f5es.<\/p>\n<p>M\u00fasicas como \u201cAdeste Fidelis\u201d, \u201cOh Holy Night\u201d, \u201cWhite Christmas\u201d, \u201cO Tannembaum\u201d e \u201cFeliz Navidad\u201d est\u00e3o na setlist do show. Claro, \u201cNoite Feliz\u201d e \u201cBoas Festas\u201d tamb\u00e9m n\u00e3o poderiam ficar de fora.<\/p>\n<p>Sobre o Teatro Santa Cruz<\/p>\n<p>O Teatro Santa Cruz, \u00e9 o mais novo espa\u00e7o de entretenimento do Shopping Santa Cruz, que pertence ao Grupo ALLOS e est\u00e1 localizado na regi\u00e3o da Vila Mariana, zona sul de S\u00e3o Paulo. Com capacidade para 250 lugares, a sala traz uma concep\u00e7\u00e3o moderna, instala\u00e7\u00f5es confort\u00e1veis, tecnologia de \u00faltima gera\u00e7\u00e3o em ilumina\u00e7\u00e3o, som e imagem.<\/p>\n<p>A administra\u00e7\u00e3o \u00e9 da Atena Entretenimento em parceria com a STR EVENTOS, empresas com grande experi\u00eancia no setor cultural e de eventos corporativos, que administram com sucesso o Teatro Mooca, tamb\u00e9m do Grupo ALLOS.<\/p>\n<p>Sobre o Lyras Vocal<\/p>\n<p>O trio Lyras Vocal \u00e9 formado pelas cantoras Celia Dourado, Denize Meira e Lilian Rodrigues. O nome Lyra tem origem latina e significa aquela que acalma com seu canto. Na mitologia grega a lira era o instrumento musical de Apolo, o deus da m\u00fasica e poesia.<\/p>\n<p>O grupo nasceu durante a pandemia de Covid-19, atrav\u00e9s de um encontro virtual com a postagem de um v\u00eddeo cantando juntas. Pela \u00f3tima repercuss\u00e3o do filme e alegria que trouxe \u00e0s cantoras, resolveram continuar com as postagens e decidiram seguir com o trabalho de forma presencial, alcan\u00e7ando grande sucesso desde ent\u00e3o.<\/p>\n<p>Servi\u00e7o<\/p>\n<p>CANTATA DE NATAL \u2013 Com Lyras Vocal e convidados.<\/p>\n<p>Local: Teatro Santa Cruz \u2013 Shopping Santa Cruz \u2013 Piso Cinema (PC) \u2013 Rua Domingos de Morais, n\u00ba 2.564 \u2013 Vila Mariana \u2013 S\u00e3o Paulo\/SP.<br \/>Datas: 1, 7, 8, 14 e 15\/12. Sess\u00f5es \u00e0s 20h30.<\/p>\n<p>Classifica\u00e7\u00e3o: Livre.<\/p>\n<p>Ingressos: R$80,00 (Plateia Premium) e R$60,00 (Plateia Select).<\/p>\n<p>Vendas de Ingressos: Sympla, Sampa Ingressos, Bilheteria Express, Clubinho de Ofertas e Ingressos Kids.<br \/>Funcionamento da Bilheteria: Aberta 2 horas antes dos espet\u00e1culos.<\/p>\n<p>Informa\u00e7\u00f5es: (11) 91921-3882.<\/p>\n<p>Acessibilidade<br \/>Metr\u00f4: Linha 1 Azul \/ Linha 5 Lil\u00e1s \u2013 Esta\u00e7\u00e3o Santa Cruz (Funcionamento 04h40 \u00e0 00h16)<br \/>\u00d4nibus: Linhas: 5290-10, 574A-10, 5791-10, 675K-10, 695T-10, 857A-10, 875A-10, 875C-10<\/p>\n<\/div>\n<p><script>\n\t\t! function(f, b, e, v, n, t, s) {\n\t\t\tif (f.fbq) return;\n\t\t\tn = f.fbq = function() {\n\t\t\t\tn.callMethod ?\n\t\t\t\t\tn.callMethod.apply(n, arguments) : n.queue.push(arguments)\n\t\t\t};\n\t\t\tif (!f._fbq) f._fbq = n;\n\t\t\tn.push = n;\n\t\t\tn.loaded = !0;\n\t\t\tn.version = '2.0';\n\t\t\tn.queue = [];\n\t\t\tt = b.createElement(e);\n\t\t\tt.async = !0;\n\t\t\tt.src = v;\n\t\t\ts = b.getElementsByTagName(e)[0];\n\t\t\ts.parentNode.insertBefore(t, s)\n\t\t}(window, document, 'script',\n\t\t\t'https:\/\/connect.facebook.net\/en_US\/fbevents.js');\n\t\tfbq('init', '338315473262380');\n\t\tfbq('track', 'PageView');\n\t<\/script><br \/>\n<br \/><br \/>\n<br \/><a href=\"https:\/\/catracalivre.com.br\/vila-mundo\/teatro-santa-cruz-tera-cantata-de-natal-com-lyras-vocal-e-convidados-em-dezembro\/\">Source link <\/a><\/p>\n<!-- CONTENT END 1 -->\n","protected":false},"excerpt":{"rendered":"<p>Seguindo a miss\u00e3o de levar os mais diversos espet\u00e1culos para seu p\u00fablico, o Teatro Santa Cruz apresenta um show natalino no m\u00eas de dezembro. \u201cCANTATA&#8230;<\/p>\n","protected":false},"author":1,"featured_media":11540,"comment_status":"open","ping_status":"open","sticky":false,"template":"","format":"standard","meta":{"advanced_seo_description":"","jetpack_seo_html_title":"","jetpack_seo_noindex":false,"jetpack_post_was_ever_published":false,"_jetpack_newsletter_access":"","_jetpack_dont_email_post_to_subs":false,"_jetpack_newsletter_tier_id":0,"_jetpack_memberships_contains_paywalled_content":false,"_jetpack_memberships_contains_paid_content":false,"footnotes":"","jetpack_publicize_message":"","jetpack_publicize_feature_enabled":true,"jetpack_social_post_already_shared":true,"jetpack_social_options":{"image_generator_settings":{"template":"highway","default_image_id":0,"font":"","enabled":false},"version":2}},"categories":[19],"tags":[],"class_list":["post-11539","post","type-post","status-publish","format-standard","has-post-thumbnail","hentry","category-variedades"],"jetpack_publicize_connections":[],"jetpack_featured_media_url":"https:\/\/i0.wp.com\/noticiasribeiraopreto.com.br\/wp-content\/uploads\/2023\/12\/imagem1-2.png?fit=1200%2C638&ssl=1","jetpack-related-posts":[{"id":15393,"url":"https:\/\/noticiasribeiraopreto.com.br\/index.php\/2023\/12\/13\/sabado-tem-concerto-de-natal-da-lyra-braganca\/","url_meta":{"origin":11539,"position":0},"title":"S\u00e1bado tem Concerto de Natal da Lyra Bragan\u00e7a","author":"noticiasribeiraopreto.com.br","date":"13 de December de 2023","format":false,"excerpt":"Neste s\u00e1bado (16), \u00e0s 20h, acontece em Bragan\u00e7a Paulista o Concerto de Natal da Orquestra de Metais Lyra Bragan\u00e7a. Os ingressos em prol da ABCC continuam \u00e0 venda e custam R$ 30,00.\u00a0A apresenta\u00e7\u00e3o contar\u00e1 com um convidado especial: o trompetista Yturvides Jos\u00e9 V\u00edlchez Cardozo, natural da Venezuela e radicado em\u2026","rel":"","context":"In &quot;Blog&quot;","block_context":{"text":"Blog","link":"https:\/\/noticiasribeiraopreto.com.br\/index.php\/category\/blog\/"},"img":{"alt_text":"","src":"https:\/\/i0.wp.com\/noticiasribeiraopreto.com.br\/wp-content\/uploads\/2023\/12\/lyra-site-.jpg?fit=1000%2C523&ssl=1&resize=350%2C200","width":350,"height":200,"srcset":"https:\/\/i0.wp.com\/noticiasribeiraopreto.com.br\/wp-content\/uploads\/2023\/12\/lyra-site-.jpg?fit=1000%2C523&ssl=1&resize=350%2C200 1x, https:\/\/i0.wp.com\/noticiasribeiraopreto.com.br\/wp-content\/uploads\/2023\/12\/lyra-site-.jpg?fit=1000%2C523&ssl=1&resize=525%2C300 1.5x, https:\/\/i0.wp.com\/noticiasribeiraopreto.com.br\/wp-content\/uploads\/2023\/12\/lyra-site-.jpg?fit=1000%2C523&ssl=1&resize=700%2C400 2x"},"classes":[]},{"id":16904,"url":"https:\/\/noticiasribeiraopreto.com.br\/index.php\/2023\/12\/16\/morre-carlos-lyra-um-dos-grandes-nomes-da-bossa-nova\/","url_meta":{"origin":11539,"position":1},"title":"Morre Carlos Lyra, um dos grandes nomes da bossa nova","author":"noticiasribeiraopreto.com.br","date":"16 de December de 2023","format":false,"excerpt":"Um dos grandes nomes da bossa nova, o cantor e compositor Carlos Lyra morreu na madrugada deste s\u00e1bado (16), no Rio de Janeiro. Ele estava internado no Hospital Unimed Barra, na zona oeste da cidade. Carlos Lyra tinha 90 anos. A causa da morte n\u00e3o foi informada.\u201c\u00c9 com imensa tristeza\u2026","rel":"","context":"In &quot;Not\u00edcias de Ribeir\u00e3o Preto-SP e Regi\u00e3o&quot;","block_context":{"text":"Not\u00edcias de Ribeir\u00e3o Preto-SP e Regi\u00e3o","link":"https:\/\/noticiasribeiraopreto.com.br\/index.php\/category\/noticias-de-ribeirao-preto-sp-e-regiao-ismael-colosi\/"},"img":{"alt_text":"","src":"https:\/\/i0.wp.com\/noticiasribeiraopreto.com.br\/wp-content\/uploads\/2023\/12\/carlos-lyra-scaled.jpg?fit=1000%2C598&ssl=1&resize=350%2C200","width":350,"height":200,"srcset":"https:\/\/i0.wp.com\/noticiasribeiraopreto.com.br\/wp-content\/uploads\/2023\/12\/carlos-lyra-scaled.jpg?fit=1000%2C598&ssl=1&resize=350%2C200 1x, https:\/\/i0.wp.com\/noticiasribeiraopreto.com.br\/wp-content\/uploads\/2023\/12\/carlos-lyra-scaled.jpg?fit=1000%2C598&ssl=1&resize=525%2C300 1.5x, https:\/\/i0.wp.com\/noticiasribeiraopreto.com.br\/wp-content\/uploads\/2023\/12\/carlos-lyra-scaled.jpg?fit=1000%2C598&ssl=1&resize=700%2C400 2x"},"classes":[]},{"id":84028,"url":"https:\/\/noticiasribeiraopreto.com.br\/index.php\/2026\/03\/31\/teatro-municipal-de-ribeirao-preto-recebe-show-divas-in-concert\/","url_meta":{"origin":11539,"position":2},"title":"Teatro Municipal de Ribeir\u00e3o Preto recebe show Divas In Concert","author":"noticiasribeiraopreto.com.br","date":"31 de March de 2026","format":false,"excerpt":"Ler o resumo da not\u00edcia Teatro Municipal de Ribeir\u00e3o Preto recebe show Divas in Concert nesta ter\u00e7a-feira (31), \u00e0s 20h. O espet\u00e1culo, com a orquestra Lyra, celebra vozes de artistas como Nina Simone, Elis Regina, Rita Lee e C\u00e1ssia Eller. As int\u00e9rpretes ser\u00e3o Fernanda Marx, Avinny, Bartira Sene, Gika Bacchi,\u2026","rel":"","context":"In &quot;Not\u00edcias de Ribeir\u00e3o Preto-SP e Regi\u00e3o&quot;","block_context":{"text":"Not\u00edcias de Ribeir\u00e3o Preto-SP e Regi\u00e3o","link":"https:\/\/noticiasribeiraopreto.com.br\/index.php\/category\/noticias-de-ribeirao-preto-sp-e-regiao-ismael-colosi\/"},"img":{"alt_text":"","src":"https:\/\/i0.wp.com\/noticiasribeiraopreto.com.br\/wp-content\/uploads\/2026\/03\/divas-in-concert-colagem_2026-03-31_14-17-53.webp.webp?fit=1200%2C674&ssl=1&resize=350%2C200","width":350,"height":200,"srcset":"https:\/\/i0.wp.com\/noticiasribeiraopreto.com.br\/wp-content\/uploads\/2026\/03\/divas-in-concert-colagem_2026-03-31_14-17-53.webp.webp?fit=1200%2C674&ssl=1&resize=350%2C200 1x, https:\/\/i0.wp.com\/noticiasribeiraopreto.com.br\/wp-content\/uploads\/2026\/03\/divas-in-concert-colagem_2026-03-31_14-17-53.webp.webp?fit=1200%2C674&ssl=1&resize=525%2C300 1.5x, https:\/\/i0.wp.com\/noticiasribeiraopreto.com.br\/wp-content\/uploads\/2026\/03\/divas-in-concert-colagem_2026-03-31_14-17-53.webp.webp?fit=1200%2C674&ssl=1&resize=700%2C400 2x, https:\/\/i0.wp.com\/noticiasribeiraopreto.com.br\/wp-content\/uploads\/2026\/03\/divas-in-concert-colagem_2026-03-31_14-17-53.webp.webp?fit=1200%2C674&ssl=1&resize=1050%2C600 3x"},"classes":[]},{"id":64484,"url":"https:\/\/noticiasribeiraopreto.com.br\/index.php\/2025\/03\/08\/ribeirao-preto-recebe-espetaculo-musical-que-homenageia-mulheres\/","url_meta":{"origin":11539,"position":3},"title":"Ribeir\u00e3o Preto recebe espet\u00e1culo musical que homenageia mulheres","author":"noticiasribeiraopreto.com.br","date":"8 de March de 2025","format":false,"excerpt":"O Teatro Municipal de Ribeir\u00e3o Preto recebe neste domingo (9), \u00e0s 19h, o espet\u00e1culo musical \u201cLyra \u2013 Divas in Concert\u201d, que homenageia mulheres compositoras e int\u00e9rpretes que marcaram gera\u00e7\u00f5es. Os ingressos podem ser adquiridos on-line. O concerto conta com a presen\u00e7a do Grupo Feminino Z\u00eanite, do Coral da USP Ribeir\u00e3o\u2026","rel":"","context":"In &quot;Not\u00edcias de Ribeir\u00e3o Preto-SP e Regi\u00e3o&quot;","block_context":{"text":"Not\u00edcias de Ribeir\u00e3o Preto-SP e Regi\u00e3o","link":"https:\/\/noticiasribeiraopreto.com.br\/index.php\/category\/noticias-de-ribeirao-preto-sp-e-regiao-ismael-colosi\/"},"img":{"alt_text":"","src":"https:\/\/i0.wp.com\/noticiasribeiraopreto.com.br\/wp-content\/uploads\/2024\/07\/WhatsApp-Image-2024-07-30-at-11.00.12_2024-07-30_14-28-25_jpeg_2024-07-30_14-28-26.webp.webp?fit=1200%2C800&ssl=1&resize=350%2C200","width":350,"height":200,"srcset":"https:\/\/i0.wp.com\/noticiasribeiraopreto.com.br\/wp-content\/uploads\/2024\/07\/WhatsApp-Image-2024-07-30-at-11.00.12_2024-07-30_14-28-25_jpeg_2024-07-30_14-28-26.webp.webp?fit=1200%2C800&ssl=1&resize=350%2C200 1x, https:\/\/i0.wp.com\/noticiasribeiraopreto.com.br\/wp-content\/uploads\/2024\/07\/WhatsApp-Image-2024-07-30-at-11.00.12_2024-07-30_14-28-25_jpeg_2024-07-30_14-28-26.webp.webp?fit=1200%2C800&ssl=1&resize=525%2C300 1.5x, https:\/\/i0.wp.com\/noticiasribeiraopreto.com.br\/wp-content\/uploads\/2024\/07\/WhatsApp-Image-2024-07-30-at-11.00.12_2024-07-30_14-28-25_jpeg_2024-07-30_14-28-26.webp.webp?fit=1200%2C800&ssl=1&resize=700%2C400 2x, https:\/\/i0.wp.com\/noticiasribeiraopreto.com.br\/wp-content\/uploads\/2024\/07\/WhatsApp-Image-2024-07-30-at-11.00.12_2024-07-30_14-28-25_jpeg_2024-07-30_14-28-26.webp.webp?fit=1200%2C800&ssl=1&resize=1050%2C600 3x"},"classes":[]},{"id":1395,"url":"https:\/\/noticiasribeiraopreto.com.br\/index.php\/2023\/11\/12\/bandolinista-e-violonista-de-sp-e-convidado-especial-do-choro-na-esquina\/","url_meta":{"origin":11539,"position":4},"title":"Bandolinista e violonista de SP \u00e9 convidado especial do Choro na esquina\u00a0","author":"noticiasribeiraopreto.com.br","date":"12 de November de 2023","format":false,"excerpt":"12 de novembro de 2023 | 16:0012 de novembro de 2023 | 11:32 0No pr\u00f3ximo domingo, dia 19, v\u00e9spera de feriado, a Cia. Minaz promove mais uma edi\u00e7\u00e3o da s\u00e9rie \u201cChoro na Esquina\u201d, no Teatro Minaz.\u00a0\u00a0Nesta edi\u00e7\u00e3o, o bandolinista e violonista Lu\u00eds Passos, de S\u00e3o Paulo, ser\u00e1 o convidado.\u00a0A s\u00e9rie\u2026","rel":"","context":"In &quot;Not\u00edcias de Ribeir\u00e3o Preto-SP e Regi\u00e3o&quot;","block_context":{"text":"Not\u00edcias de Ribeir\u00e3o Preto-SP e Regi\u00e3o","link":"https:\/\/noticiasribeiraopreto.com.br\/index.php\/category\/noticias-de-ribeirao-preto-sp-e-regiao-ismael-colosi\/"},"img":{"alt_text":"","src":"https:\/\/i0.wp.com\/noticiasribeiraopreto.com.br\/wp-content\/uploads\/2023\/11\/choro-scaled.jpeg?fit=968%2C645&ssl=1&resize=350%2C200","width":350,"height":200,"srcset":"https:\/\/i0.wp.com\/noticiasribeiraopreto.com.br\/wp-content\/uploads\/2023\/11\/choro-scaled.jpeg?fit=968%2C645&ssl=1&resize=350%2C200 1x, https:\/\/i0.wp.com\/noticiasribeiraopreto.com.br\/wp-content\/uploads\/2023\/11\/choro-scaled.jpeg?fit=968%2C645&ssl=1&resize=525%2C300 1.5x, https:\/\/i0.wp.com\/noticiasribeiraopreto.com.br\/wp-content\/uploads\/2023\/11\/choro-scaled.jpeg?fit=968%2C645&ssl=1&resize=700%2C400 2x"},"classes":[]},{"id":80338,"url":"https:\/\/noticiasribeiraopreto.com.br\/index.php\/2025\/11\/19\/tardezinha-em-ribeirao-preto-acontece-em-dezembro-ainda-ha-ingressos\/","url_meta":{"origin":11539,"position":5},"title":"Tardezinha em Ribeir\u00e3o Preto acontece em dezembro; ainda h\u00e1 ingressos","author":"noticiasribeiraopreto.com.br","date":"19 de November de 2025","format":false,"excerpt":"A turn\u00ea que celebra os 10 anos do projeto Tardezinha chega a Ribeir\u00e3o Preto no dia 6 de dezembro de 2025. Thiaguinho e convidados se apresentam no Est\u00e1dio Santa Cruz, a partir das 14h, em uma das datas da agenda nacional do evento. Ainda h\u00e1 ingressos? O evento contar\u00e1 com\u2026","rel":"","context":"In &quot;Not\u00edcias de Ribeir\u00e3o Preto-SP e Regi\u00e3o&quot;","block_context":{"text":"Not\u00edcias de Ribeir\u00e3o Preto-SP e Regi\u00e3o","link":"https:\/\/noticiasribeiraopreto.com.br\/index.php\/category\/noticias-de-ribeirao-preto-sp-e-regiao-ismael-colosi\/"},"img":{"alt_text":"","src":"https:\/\/i0.wp.com\/noticiasribeiraopreto.com.br\/wp-content\/uploads\/2025\/11\/Copia-de-Copia-de-Copia-de-TAMANHO-EXATO-PARA-FOTOS-NO-SISTEMA-NOVO-16_2024-09-13_15-19-34_png_2024-09-13_15-19-34.webp.webp?fit=1200%2C675&ssl=1&resize=350%2C200","width":350,"height":200,"srcset":"https:\/\/i0.wp.com\/noticiasribeiraopreto.com.br\/wp-content\/uploads\/2025\/11\/Copia-de-Copia-de-Copia-de-TAMANHO-EXATO-PARA-FOTOS-NO-SISTEMA-NOVO-16_2024-09-13_15-19-34_png_2024-09-13_15-19-34.webp.webp?fit=1200%2C675&ssl=1&resize=350%2C200 1x, https:\/\/i0.wp.com\/noticiasribeiraopreto.com.br\/wp-content\/uploads\/2025\/11\/Copia-de-Copia-de-Copia-de-TAMANHO-EXATO-PARA-FOTOS-NO-SISTEMA-NOVO-16_2024-09-13_15-19-34_png_2024-09-13_15-19-34.webp.webp?fit=1200%2C675&ssl=1&resize=525%2C300 1.5x, https:\/\/i0.wp.com\/noticiasribeiraopreto.com.br\/wp-content\/uploads\/2025\/11\/Copia-de-Copia-de-Copia-de-TAMANHO-EXATO-PARA-FOTOS-NO-SISTEMA-NOVO-16_2024-09-13_15-19-34_png_2024-09-13_15-19-34.webp.webp?fit=1200%2C675&ssl=1&resize=700%2C400 2x, https:\/\/i0.wp.com\/noticiasribeiraopreto.com.br\/wp-content\/uploads\/2025\/11\/Copia-de-Copia-de-Copia-de-TAMANHO-EXATO-PARA-FOTOS-NO-SISTEMA-NOVO-16_2024-09-13_15-19-34_png_2024-09-13_15-19-34.webp.webp?fit=1200%2C675&ssl=1&resize=1050%2C600 3x"},"classes":[]}],"jetpack_sharing_enabled":true,"jetpack_shortlink":"https:\/\/wp.me\/peQAOb-307","_links":{"self":[{"href":"https:\/\/noticiasribeiraopreto.com.br\/index.php\/wp-json\/wp\/v2\/posts\/11539","targetHints":{"allow":["GET"]}}],"collection":[{"href":"https:\/\/noticiasribeiraopreto.com.br\/index.php\/wp-json\/wp\/v2\/posts"}],"about":[{"href":"https:\/\/noticiasribeiraopreto.com.br\/index.php\/wp-json\/wp\/v2\/types\/post"}],"author":[{"embeddable":true,"href":"https:\/\/noticiasribeiraopreto.com.br\/index.php\/wp-json\/wp\/v2\/users\/1"}],"replies":[{"embeddable":true,"href":"https:\/\/noticiasribeiraopreto.com.br\/index.php\/wp-json\/wp\/v2\/comments?post=11539"}],"version-history":[{"count":0,"href":"https:\/\/noticiasribeiraopreto.com.br\/index.php\/wp-json\/wp\/v2\/posts\/11539\/revisions"}],"wp:featuredmedia":[{"embeddable":true,"href":"https:\/\/noticiasribeiraopreto.com.br\/index.php\/wp-json\/wp\/v2\/media\/11540"}],"wp:attachment":[{"href":"https:\/\/noticiasribeiraopreto.com.br\/index.php\/wp-json\/wp\/v2\/media?parent=11539"}],"wp:term":[{"taxonomy":"category","embeddable":true,"href":"https:\/\/noticiasribeiraopreto.com.br\/index.php\/wp-json\/wp\/v2\/categories?post=11539"},{"taxonomy":"post_tag","embeddable":true,"href":"https:\/\/noticiasribeiraopreto.com.br\/index.php\/wp-json\/wp\/v2\/tags?post=11539"}],"curies":[{"name":"wp","href":"https:\/\/api.w.org\/{rel}","templated":true}]}}