{"id":11545,"date":"2023-12-06T11:58:24","date_gmt":"2023-12-06T14:58:24","guid":{"rendered":"https:\/\/noticiasribeiraopreto.com.br\/index.php\/2023\/12\/06\/saiu-novo-processo-seletivo-da-femar-rj-com-568-vagas-para-nivel-medio-2\/"},"modified":"2023-12-06T11:58:24","modified_gmt":"2023-12-06T14:58:24","slug":"saiu-novo-processo-seletivo-da-femar-rj-com-568-vagas-para-nivel-medio-2","status":"publish","type":"post","link":"https:\/\/noticiasribeiraopreto.com.br\/index.php\/2023\/12\/06\/saiu-novo-processo-seletivo-da-femar-rj-com-568-vagas-para-nivel-medio-2\/","title":{"rendered":"SAIU novo processo seletivo da FEMAR RJ com 568 vagas para n\u00edvel m\u00e9dio"},"content":{"rendered":"<div class='code-block code-block-1' style='margin: 8px 0 8px auto; text-align: right; display: block; clear: both;'>\n<p><a href=\"https:\/\/wa.link\/vpicfd\"><img data-recalc-dims=\"1\" class=\"wp-image-4922\" style=\"aspect-ratio: 2.0253164556962027; width: 561px; height: auto;\" src=\"https:\/\/i0.wp.com\/ismaelcolosi.com.br\/wp-content\/uploads\/2023\/11\/grupo-de-empregos-whatsapp-e-facebook-ismael-colosi-vagas.jpg?ssl=1\" alt=\"\" \/><\/a><\/p>\n<!-- \/wp:image -->\n<\/div>\n<p> <br \/>\n<\/p>\n<div>\n<p>A Funda\u00e7\u00e3o Estatal de Sa\u00fade de Maric\u00e1 \u2013 FEMAR divulgou o seu segundo edital de processo seletivo p\u00fablico para contrata\u00e7\u00e3o de empregados para o seu quadro de pessoal permanente. O <strong><a href=\"https:\/\/jcconcursos.com.br\/concurso\/concurso-femar-79023\" rel=\"noopener\" target=\"_blank\">processo seletivo da FEMAR<\/a><\/strong> visa ao preenchimento de 568 vagas para \u00e1rea da sa\u00fade, al\u00e9m de forma\u00e7\u00e3o de cadastro reserva (CR).<\/p>\n<p>Oportunidades est\u00e3o distribu\u00eddas entre os cargos de agente comunit\u00e1rio de sa\u00fade (426 vagas) e agente de combate \u00e0s endemias (142), cuja <a href=\"https:\/\/jcconcursos.com.br\/concursos\/nivel-escolar\/medio\" rel=\"noopener\" target=\"_blank\">escolaridade m\u00ednima \u00e9 de ensino m\u00e9dio completo<\/a>. O sal\u00e1rio inicial \u00e9 de R$ 2.640, para jornada de trabalho de 40 horas semanais.<\/p>\n<p>Para o posto de agente comunit\u00e1rio de sa\u00fade, ainda ser\u00e1 exigido que o candidato resida no Distrito de Sa\u00fade a que concorre, desde a data da publica\u00e7\u00e3o do edital.<\/p>\n<h2>Veja descri\u00e7\u00e3o de cada cargo<\/h2>\n<p>O agente comunit\u00e1rio de sa\u00fade tem como atribui\u00e7\u00e3o o exerc\u00edcio de atividades de preven\u00e7\u00e3o de doen\u00e7as e de promo\u00e7\u00e3o da sa\u00fade, a partir dos referenciais da Educa\u00e7\u00e3o Popular em Sa\u00fade, mediante a\u00e7\u00f5es domiciliares ou comunit\u00e1rias, individuais ou coletivas, desenvolvidas em conformidade com as diretrizes do SUS que normatizam a sa\u00fade preventiva e a aten\u00e7\u00e3o b\u00e1sica em sa\u00fade, com objetivo de ampliar o acesso da comunidade assistida \u00e0s a\u00e7\u00f5es e aos servi\u00e7os de informa\u00e7\u00e3o, de sa\u00fade, de promo\u00e7\u00e3o social e de prote\u00e7\u00e3o da cidadania, sob supervis\u00e3o do gestor municipal, distrital, estadual ou federal.<\/p>\n<p>J\u00e1 o agente de combate \u00e0s endemias tem como atribui\u00e7\u00e3o o exerc\u00edcio de atividades de vigil\u00e2ncia, preven\u00e7\u00e3o e controle de doen\u00e7as e promo\u00e7\u00e3o da sa\u00fade, desenvolvidas em conformidade com as diretrizes do SUS e sob supervis\u00e3o do gestor de cada ente federado.<\/p>\n<h2>Saiba como fazer a inscri\u00e7\u00e3o<\/h2>\n<p>As inscri\u00e7\u00f5es ser\u00e3o recebidas no <span style=\"text-decoration: underline;\">per\u00edodo das 12h do dia 12 de dezembro de 2023 \u00e0s 12h de 3 de janeiro de 2024<\/span>, exclusivamente pela internet, atrav\u00e9s do site da Universidade Federal Fluminense \u2013 UFF, atrav\u00e9s da Coordena\u00e7\u00e3o de Sele\u00e7\u00e3o Acad\u00eamica \u2013 COSEAC (<a href=\"https:\/\/portal.coseac.uff.br\/project\/femar20232\/\" rel=\"noopener\" target=\"_blank\">https:\/\/portal.coseac.uff.br<\/a>), organizadora do processo de sele\u00e7\u00e3o.<\/p>\n<div class=\"code-block code-block-5\" style=\"margin: 8px auto; text-align: center; display: block; clear: both;\"> <a href=\"https:\/\/suaads.com\/ref\/ISMAELCOLOSI\" target=\"_blank\" rel=\"noopener\"><img data-recalc-dims=\"1\" decoding=\"async\" src=\"https:\/\/i0.wp.com\/suaurl.com\/img\/bannersref\/s.png?ssl=1\" alt=\"SuaUrl\"  style=\"max-width: 100%;\" class=\"lazy\" loading=\"lazy\"\/><noscript><img data-recalc-dims=\"1\" decoding=\"async\" src=\"https:\/\/i0.wp.com\/suaurl.com\/img\/bannersref\/s.png?ssl=1\" alt=\"SuaUrl\"  style=\"max-width: 100%;\"\/><\/noscript><\/a><\/div>\n<p>Ap\u00f3s concluir o cadastro, o candidato dever\u00e1 imprimir o boleto banc\u00e1rio referente a taxa de participa\u00e7\u00e3o, no valor de R$ 100, e efetuar o seu pagamento at\u00e9 a data limite do prazo, observado o hor\u00e1rio de funcionamento do banco.<\/p>\n<h2>Confira as etapas<\/h2>\n<p>O processo seletivo da FEMAR ser\u00e1 constitu\u00eddo de duas etapas para todos os cargos:<\/p>\n<ol style=\"list-style-type: upper-roman;\">\n<li>prova objetiva, de car\u00e1ter eliminat\u00f3rio e classificat\u00f3rio; e<\/li>\n<li>an\u00e1lise de t\u00edtulos, de car\u00e1ter classificat\u00f3rio.<\/li>\n<\/ol>\n<p>A prova objetiva ser\u00e1 composta por 50 quest\u00f5es de m\u00faltipla escolha, distribu\u00eddas entre as seguintes \u00e1reas de conhecimento:<\/p>\n<ul>\n<li>10 quest\u00f5es de l\u00edngua portuguesa;<\/li>\n<li>10 de no\u00e7\u00f5es de legisla\u00e7\u00e3o e normativas t\u00e9cnicas do SUS; e<\/li>\n<li>30 de conhecimentos espec\u00edficos.<\/li>\n<\/ul>\n<p>O exame ser\u00e1 aplicado no munic\u00edpio de Maric\u00e1\/RJ na <mark>data prevista de 21 de janeiro de 2024<\/mark>, em locais e hor\u00e1rios a serem comunicados no edital de convoca\u00e7\u00e3o, a ser publicado em momento oportuno.<\/p>\n<p>+ O JC Concursos disponibiliza mais detalhes sobre o edital, como atribui\u00e7\u00f5es, conte\u00fado program\u00e1tico e cronograma, na <a href=\"https:\/\/jcconcursos.com.br\/concurso\/concurso-femar-79023\" rel=\"noopener\" target=\"_blank\">p\u00e1gina do processo seletivo da FEMAR<\/a>.<\/p>\n<p><em>* Not\u00edcia \u00fatil para o Estado do Rio de Janeiro. Confira <a href=\"https:\/\/jcconcursos.com.br\/concursos\/rj\" rel=\"noopener\" target=\"_blank\">mais informa\u00e7\u00f5es sobre a regi\u00e3o aqui<\/a>.<\/em><\/p>\n<p><a id=\"gnews_btn\" href=\"https:\/\/news.google.com\/publications\/CAAqBwgKMOixlQswuZWrAw\" target=\"_blank\" class=\"border_jc_blue link_hover_bg_jc_blue font_85 d-block d-md-inline-block px-2 py-1 mr-0 mr-md-2 mb-3 w-100 text-center\" rel=\"noopener\"><span class=\"text_jc_blue\">Siga o <strong>JC Concursos no Google News<\/strong><\/span><\/a><span id=\"resumo\" class=\"anchor_link\"\/><a href=\"https:\/\/jcconcursos.com.br\/\" class=\"badge badge-light\">concursos publicos<\/a><a href=\"https:\/\/jcconcursos.com.br\/concursos\/inscricoes-abertas\" class=\"badge badge-light\">concursos abertos<\/a><a href=\"https:\/\/jcconcursos.com.br\/concursos\/rj\" class=\"badge badge-light\">concursos rj (rio de janeiro)<\/a><a href=\"https:\/\/jcconcursos.com.br\/provas\/por-orgao\" class=\"badge badge-light\">provas anteriores<\/a><\/p>\n<\/div>\n<p><br \/>\n<br \/><a href=\"https:\/\/ismaelcolosi.com.br\/saiu-novo-processo-seletivo-da-femar-rj-com-568-vagas-para-nivel-medio\/\">Source link <\/a><\/p>\n<!-- CONTENT END 1 -->\n","protected":false},"excerpt":{"rendered":"<p>A Funda\u00e7\u00e3o Estatal de Sa\u00fade de Maric\u00e1 \u2013 FEMAR divulgou o seu segundo edital de processo seletivo p\u00fablico para contrata\u00e7\u00e3o de empregados para o seu&#8230;<\/p>\n","protected":false},"author":1,"featured_media":11546,"comment_status":"open","ping_status":"open","sticky":false,"template":"","format":"standard","meta":{"advanced_seo_description":"","jetpack_seo_html_title":"","jetpack_seo_noindex":false,"jetpack_post_was_ever_published":false,"_jetpack_newsletter_access":"","_jetpack_dont_email_post_to_subs":false,"_jetpack_newsletter_tier_id":0,"_jetpack_memberships_contains_paywalled_content":false,"_jetpack_memberships_contains_paid_content":false,"footnotes":"","jetpack_publicize_message":"","jetpack_publicize_feature_enabled":true,"jetpack_social_post_already_shared":true,"jetpack_social_options":{"image_generator_settings":{"template":"highway","default_image_id":0,"font":"","enabled":false},"version":2}},"categories":[7],"tags":[],"class_list":["post-11545","post","type-post","status-publish","format-standard","has-post-thumbnail","hentry","category-vagas-de-empregos-em-ribeirao-preto-regiao-brasil"],"jetpack_publicize_connections":[],"jetpack_featured_media_url":"https:\/\/i0.wp.com\/noticiasribeiraopreto.com.br\/wp-content\/uploads\/2023\/12\/concurso-femar-marica-rj-divulgacao.jpg?fit=1920%2C1080&ssl=1","jetpack-related-posts":[{"id":23845,"url":"https:\/\/noticiasribeiraopreto.com.br\/index.php\/2024\/01\/03\/ultimas-horas-de-inscricao-para-568-vagas\/","url_meta":{"origin":11545,"position":0},"title":"\u00faltimas horas de inscri\u00e7\u00e3o para 568 vagas","author":"noticiasribeiraopreto.com.br","date":"3 de January de 2024","format":false,"excerpt":"Hoje, 3 de janeiro, \u00e9 o \u00faltimo dia de inscri\u00e7\u00e3o no processo seletivo da FEMAR (Funda\u00e7\u00e3o Estatal de Sa\u00fade de Maric\u00e1). O formul\u00e1rio estar\u00e1 dispon\u00edvel somente at\u00e9 as 12h no site da Universidade Federal Fluminense \u2013 UFF, atrav\u00e9s da Coordena\u00e7\u00e3o de Sele\u00e7\u00e3o Acad\u00eamica \u2013 COSEAC (https:\/\/portal.coseac.uff.br). O valor da taxa\u2026","rel":"","context":"In &quot;Vagas de Emprego em Ribeir\u00e3o Preto-SP&quot;","block_context":{"text":"Vagas de Emprego em Ribeir\u00e3o Preto-SP","link":"https:\/\/noticiasribeiraopreto.com.br\/index.php\/category\/empregos-classificados-vagas-trabalho\/vagas-de-empregos-em-ribeirao-preto-regiao-brasil\/"},"img":{"alt_text":"","src":"https:\/\/i0.wp.com\/noticiasribeiraopreto.com.br\/wp-content\/uploads\/2024\/01\/concurso-femar-marica-rj-divulgacao.jpg?fit=1200%2C675&ssl=1&resize=350%2C200","width":350,"height":200,"srcset":"https:\/\/i0.wp.com\/noticiasribeiraopreto.com.br\/wp-content\/uploads\/2024\/01\/concurso-femar-marica-rj-divulgacao.jpg?fit=1200%2C675&ssl=1&resize=350%2C200 1x, https:\/\/i0.wp.com\/noticiasribeiraopreto.com.br\/wp-content\/uploads\/2024\/01\/concurso-femar-marica-rj-divulgacao.jpg?fit=1200%2C675&ssl=1&resize=525%2C300 1.5x, https:\/\/i0.wp.com\/noticiasribeiraopreto.com.br\/wp-content\/uploads\/2024\/01\/concurso-femar-marica-rj-divulgacao.jpg?fit=1200%2C675&ssl=1&resize=700%2C400 2x, https:\/\/i0.wp.com\/noticiasribeiraopreto.com.br\/wp-content\/uploads\/2024\/01\/concurso-femar-marica-rj-divulgacao.jpg?fit=1200%2C675&ssl=1&resize=1050%2C600 3x"},"classes":[]},{"id":22318,"url":"https:\/\/noticiasribeiraopreto.com.br\/index.php\/2023\/12\/29\/vagas-em-novo-concurso-prefeitura-publica-edital-para-161-oportunidades-para-agente-de-saude-pagando-quase-r-3-mil\/","url_meta":{"origin":11545,"position":1},"title":"Vagas em novo concurso: Prefeitura publica edital para 161 oportunidades para agente de sa\u00fade, pagando quase R$ 3 mil","author":"noticiasribeiraopreto.com.br","date":"29 de December de 2023","format":false,"excerpt":"Foto: UFJF\/Divulga\u00e7\u00e3o Garanta seu futuro agora! Edital da Prefeitura de Juiz de Fora abre para 161 vagas em carreiras na sa\u00fade abre dia 19 de Fevereiro\u00a0 Segundo o Portal G1, a Prefeitura de Juiz de Fora acaba de divulgar um edital promissor para quem busca uma oportunidade de emprego na\u2026","rel":"","context":"In &quot;Vagas de Emprego em Ribeir\u00e3o Preto-SP&quot;","block_context":{"text":"Vagas de Emprego em Ribeir\u00e3o Preto-SP","link":"https:\/\/noticiasribeiraopreto.com.br\/index.php\/category\/empregos-classificados-vagas-trabalho\/vagas-de-empregos-em-ribeirao-preto-regiao-brasil\/"},"img":{"alt_text":"","src":"https:\/\/i0.wp.com\/noticiasribeiraopreto.com.br\/wp-content\/uploads\/2023\/12\/agentesaude-830x450.jpg?fit=830%2C450&ssl=1&resize=350%2C200","width":350,"height":200,"srcset":"https:\/\/i0.wp.com\/noticiasribeiraopreto.com.br\/wp-content\/uploads\/2023\/12\/agentesaude-830x450.jpg?fit=830%2C450&ssl=1&resize=350%2C200 1x, https:\/\/i0.wp.com\/noticiasribeiraopreto.com.br\/wp-content\/uploads\/2023\/12\/agentesaude-830x450.jpg?fit=830%2C450&ssl=1&resize=525%2C300 1.5x, https:\/\/i0.wp.com\/noticiasribeiraopreto.com.br\/wp-content\/uploads\/2023\/12\/agentesaude-830x450.jpg?fit=830%2C450&ssl=1&resize=700%2C400 2x"},"classes":[]},{"id":21278,"url":"https:\/\/noticiasribeiraopreto.com.br\/index.php\/2023\/12\/27\/concurso-saude-confira-o-edital-com-oportunidades-para-medio-e-superior-e-salarios-acima-de-r-8-mil\/","url_meta":{"origin":11545,"position":2},"title":"Concurso Sa\u00fade: confira o edital com oportunidades para M\u00c9DIO e SUPERIOR e sal\u00e1rios acima de R$ 8 MIL","author":"noticiasribeiraopreto.com.br","date":"27 de December de 2023","format":false,"excerpt":"Concurso sa\u00fade e oportunidades; veja! Mais editais por meio do concurso sa\u00fade chegou. S\u00e3o vagas para m\u00e9dio e superior o que facilita um maior n\u00famero de contrata\u00e7\u00f5es. Veja mais. Concurso Prefeitura de Jundia\u00ed na \u00c1rea da Sa\u00fade A Prefeitura de Jundia\u00ed lan\u00e7ou um novo concurso p\u00fablico, organizado pela Vunesp, com\u2026","rel":"","context":"In &quot;Vagas de Emprego em Ribeir\u00e3o Preto-SP&quot;","block_context":{"text":"Vagas de Emprego em Ribeir\u00e3o Preto-SP","link":"https:\/\/noticiasribeiraopreto.com.br\/index.php\/category\/empregos-classificados-vagas-trabalho\/vagas-de-empregos-em-ribeirao-preto-regiao-brasil\/"},"img":{"alt_text":"","src":"https:\/\/i0.wp.com\/noticiasribeiraopreto.com.br\/wp-content\/uploads\/2023\/12\/noticiasconcursos.com_.br-concurso-saude-confira-o-edital-com-oportunidades-para-medio-e-superior-e-salarios-acima-de-r-8-mil-pexels-cottonbro-studio-4778611-2.jpg?fit=1200%2C800&ssl=1&resize=350%2C200","width":350,"height":200,"srcset":"https:\/\/i0.wp.com\/noticiasribeiraopreto.com.br\/wp-content\/uploads\/2023\/12\/noticiasconcursos.com_.br-concurso-saude-confira-o-edital-com-oportunidades-para-medio-e-superior-e-salarios-acima-de-r-8-mil-pexels-cottonbro-studio-4778611-2.jpg?fit=1200%2C800&ssl=1&resize=350%2C200 1x, https:\/\/i0.wp.com\/noticiasribeiraopreto.com.br\/wp-content\/uploads\/2023\/12\/noticiasconcursos.com_.br-concurso-saude-confira-o-edital-com-oportunidades-para-medio-e-superior-e-salarios-acima-de-r-8-mil-pexels-cottonbro-studio-4778611-2.jpg?fit=1200%2C800&ssl=1&resize=525%2C300 1.5x, https:\/\/i0.wp.com\/noticiasribeiraopreto.com.br\/wp-content\/uploads\/2023\/12\/noticiasconcursos.com_.br-concurso-saude-confira-o-edital-com-oportunidades-para-medio-e-superior-e-salarios-acima-de-r-8-mil-pexels-cottonbro-studio-4778611-2.jpg?fit=1200%2C800&ssl=1&resize=700%2C400 2x, https:\/\/i0.wp.com\/noticiasribeiraopreto.com.br\/wp-content\/uploads\/2023\/12\/noticiasconcursos.com_.br-concurso-saude-confira-o-edital-com-oportunidades-para-medio-e-superior-e-salarios-acima-de-r-8-mil-pexels-cottonbro-studio-4778611-2.jpg?fit=1200%2C800&ssl=1&resize=1050%2C600 3x"},"classes":[]},{"id":84996,"url":"https:\/\/noticiasribeiraopreto.com.br\/index.php\/2026\/04\/19\/veja-quatro-processos-seletivos-da-faepa-com-vagas-abertas-em-ribeirao-preto\/","url_meta":{"origin":11545,"position":3},"title":"Veja quatro processos seletivos da Faepa com vagas abertas em Ribeir\u00e3o Preto","author":"noticiasribeiraopreto.com.br","date":"19 de April de 2026","format":false,"excerpt":"Ler o resumo da not\u00edcia A Faepa (Funda\u00e7\u00e3o de Apoio ao Ensino, Pesquisa e Assist\u00eancia do Hospital das Cl\u00ednicas) abriu quatro processos seletivos em Ribeir\u00e3o Preto. As vagas s\u00e3o divulgadas nos editais 115\/2026, 116\/2026, 117\/2026 e 118\/2026. Os interessados podem consultar as oportunidades e se inscrever pelos canais oficiais da\u2026","rel":"","context":"In &quot;Not\u00edcias de Ribeir\u00e3o Preto-SP e Regi\u00e3o&quot;","block_context":{"text":"Not\u00edcias de Ribeir\u00e3o Preto-SP e Regi\u00e3o","link":"https:\/\/noticiasribeiraopreto.com.br\/index.php\/category\/noticias-de-ribeirao-preto-sp-e-regiao-ismael-colosi\/"},"img":{"alt_text":"","src":"https:\/\/i0.wp.com\/noticiasribeiraopreto.com.br\/wp-content\/uploads\/2026\/04\/entrevista-de-emprego.jpg?fit=1200%2C800&ssl=1&resize=350%2C200","width":350,"height":200,"srcset":"https:\/\/i0.wp.com\/noticiasribeiraopreto.com.br\/wp-content\/uploads\/2026\/04\/entrevista-de-emprego.jpg?fit=1200%2C800&ssl=1&resize=350%2C200 1x, https:\/\/i0.wp.com\/noticiasribeiraopreto.com.br\/wp-content\/uploads\/2026\/04\/entrevista-de-emprego.jpg?fit=1200%2C800&ssl=1&resize=525%2C300 1.5x, https:\/\/i0.wp.com\/noticiasribeiraopreto.com.br\/wp-content\/uploads\/2026\/04\/entrevista-de-emprego.jpg?fit=1200%2C800&ssl=1&resize=700%2C400 2x, https:\/\/i0.wp.com\/noticiasribeiraopreto.com.br\/wp-content\/uploads\/2026\/04\/entrevista-de-emprego.jpg?fit=1200%2C800&ssl=1&resize=1050%2C600 3x"},"classes":[]},{"id":82602,"url":"https:\/\/noticiasribeiraopreto.com.br\/index.php\/2026\/02\/20\/prefeitura-no-interior-de-sp-abre-processo-seletivo-com-salarios-de-ate-r-54-mil\/","url_meta":{"origin":11545,"position":4},"title":"Prefeitura no interior de SP abre processo seletivo com sal\u00e1rios de at\u00e9 R$ 5,4 mil","author":"noticiasribeiraopreto.com.br","date":"20 de February de 2026","format":false,"excerpt":"A Prefeitura de Ituverava, no interior de S\u00e3o Paulo, publicou um edital de processo seletivo que pretende contratar profissionais de n\u00edvel m\u00e9dio e superior. As vagas s\u00e3o para diferentes cargos e os sal\u00e1rios variam entre R$ 2.008,43 e R$ 5.495,96 \u2013 veja abaixo. A remunera\u00e7\u00e3o para as oportunidades de professor\u2026","rel":"","context":"In &quot;Not\u00edcias de Ribeir\u00e3o Preto-SP e Regi\u00e3o&quot;","block_context":{"text":"Not\u00edcias de Ribeir\u00e3o Preto-SP e Regi\u00e3o","link":"https:\/\/noticiasribeiraopreto.com.br\/index.php\/category\/noticias-de-ribeirao-preto-sp-e-regiao-ismael-colosi\/"},"img":{"alt_text":"","src":"https:\/\/i0.wp.com\/noticiasribeiraopreto.com.br\/wp-content\/uploads\/2026\/02\/Copia-de-Copia-de-TAMANHO-EXATO-PARA-FOTOS-NO-SISTEMA-NOVO-53_2024-05-27_20-53-10_jpg_2024-05-27_20-53-10.webp.webp?fit=1200%2C675&ssl=1&resize=350%2C200","width":350,"height":200,"srcset":"https:\/\/i0.wp.com\/noticiasribeiraopreto.com.br\/wp-content\/uploads\/2026\/02\/Copia-de-Copia-de-TAMANHO-EXATO-PARA-FOTOS-NO-SISTEMA-NOVO-53_2024-05-27_20-53-10_jpg_2024-05-27_20-53-10.webp.webp?fit=1200%2C675&ssl=1&resize=350%2C200 1x, https:\/\/i0.wp.com\/noticiasribeiraopreto.com.br\/wp-content\/uploads\/2026\/02\/Copia-de-Copia-de-TAMANHO-EXATO-PARA-FOTOS-NO-SISTEMA-NOVO-53_2024-05-27_20-53-10_jpg_2024-05-27_20-53-10.webp.webp?fit=1200%2C675&ssl=1&resize=525%2C300 1.5x, https:\/\/i0.wp.com\/noticiasribeiraopreto.com.br\/wp-content\/uploads\/2026\/02\/Copia-de-Copia-de-TAMANHO-EXATO-PARA-FOTOS-NO-SISTEMA-NOVO-53_2024-05-27_20-53-10_jpg_2024-05-27_20-53-10.webp.webp?fit=1200%2C675&ssl=1&resize=700%2C400 2x, https:\/\/i0.wp.com\/noticiasribeiraopreto.com.br\/wp-content\/uploads\/2026\/02\/Copia-de-Copia-de-TAMANHO-EXATO-PARA-FOTOS-NO-SISTEMA-NOVO-53_2024-05-27_20-53-10_jpg_2024-05-27_20-53-10.webp.webp?fit=1200%2C675&ssl=1&resize=1050%2C600 3x"},"classes":[]},{"id":18138,"url":"https:\/\/noticiasribeiraopreto.com.br\/index.php\/2023\/12\/19\/saiu-edital-com-1-200-vagas\/","url_meta":{"origin":11545,"position":5},"title":"saiu edital com 1.200 vagas","author":"noticiasribeiraopreto.com.br","date":"19 de December de 2023","format":false,"excerpt":"No estado de Goi\u00e1s, foi publicado o edital do concurso da Prefeitura de Vicentin\u00f3polis para selecionar candidatos para o para o quadro de servidores efetivos. O certame re\u00fane 1.200 vagas, sendo 240 imediatas e 960 para forma\u00e7\u00e3o de cadastro de reserva. Oportunidades est\u00e3o distribu\u00eddas entre diversos cargos, de todos os\u2026","rel":"","context":"In &quot;Vagas de Emprego em Ribeir\u00e3o Preto-SP&quot;","block_context":{"text":"Vagas de Emprego em Ribeir\u00e3o Preto-SP","link":"https:\/\/noticiasribeiraopreto.com.br\/index.php\/category\/empregos-classificados-vagas-trabalho\/vagas-de-empregos-em-ribeirao-preto-regiao-brasil\/"},"img":{"alt_text":"","src":"","width":0,"height":0},"classes":[]}],"jetpack_sharing_enabled":true,"jetpack_shortlink":"https:\/\/wp.me\/peQAOb-30d","_links":{"self":[{"href":"https:\/\/noticiasribeiraopreto.com.br\/index.php\/wp-json\/wp\/v2\/posts\/11545","targetHints":{"allow":["GET"]}}],"collection":[{"href":"https:\/\/noticiasribeiraopreto.com.br\/index.php\/wp-json\/wp\/v2\/posts"}],"about":[{"href":"https:\/\/noticiasribeiraopreto.com.br\/index.php\/wp-json\/wp\/v2\/types\/post"}],"author":[{"embeddable":true,"href":"https:\/\/noticiasribeiraopreto.com.br\/index.php\/wp-json\/wp\/v2\/users\/1"}],"replies":[{"embeddable":true,"href":"https:\/\/noticiasribeiraopreto.com.br\/index.php\/wp-json\/wp\/v2\/comments?post=11545"}],"version-history":[{"count":0,"href":"https:\/\/noticiasribeiraopreto.com.br\/index.php\/wp-json\/wp\/v2\/posts\/11545\/revisions"}],"wp:featuredmedia":[{"embeddable":true,"href":"https:\/\/noticiasribeiraopreto.com.br\/index.php\/wp-json\/wp\/v2\/media\/11546"}],"wp:attachment":[{"href":"https:\/\/noticiasribeiraopreto.com.br\/index.php\/wp-json\/wp\/v2\/media?parent=11545"}],"wp:term":[{"taxonomy":"category","embeddable":true,"href":"https:\/\/noticiasribeiraopreto.com.br\/index.php\/wp-json\/wp\/v2\/categories?post=11545"},{"taxonomy":"post_tag","embeddable":true,"href":"https:\/\/noticiasribeiraopreto.com.br\/index.php\/wp-json\/wp\/v2\/tags?post=11545"}],"curies":[{"name":"wp","href":"https:\/\/api.w.org\/{rel}","templated":true}]}}