{"id":11551,"date":"2023-12-06T12:10:03","date_gmt":"2023-12-06T15:10:03","guid":{"rendered":"https:\/\/noticiasribeiraopreto.com.br\/index.php\/2023\/12\/06\/mahogany-cosmeticos-abre-vagas-efetivas-e-para-estagio\/"},"modified":"2023-12-06T12:10:03","modified_gmt":"2023-12-06T15:10:03","slug":"mahogany-cosmeticos-abre-vagas-efetivas-e-para-estagio","status":"publish","type":"post","link":"https:\/\/noticiasribeiraopreto.com.br\/index.php\/2023\/12\/06\/mahogany-cosmeticos-abre-vagas-efetivas-e-para-estagio\/","title":{"rendered":"Mahogany Cosm\u00e9ticos ABRE VAGAS efetivas e para EST\u00c1GIO"},"content":{"rendered":"<div class='code-block code-block-1' style='margin: 8px 0 8px auto; text-align: right; display: block; clear: both;'>\n<p><a href=\"https:\/\/wa.link\/vpicfd\"><img data-recalc-dims=\"1\" class=\"wp-image-4922\" style=\"aspect-ratio: 2.0253164556962027; width: 561px; height: auto;\" src=\"https:\/\/i0.wp.com\/ismaelcolosi.com.br\/wp-content\/uploads\/2023\/11\/grupo-de-empregos-whatsapp-e-facebook-ismael-colosi-vagas.jpg?ssl=1\" alt=\"\" \/><\/a><\/p>\n<!-- \/wp:image -->\n<\/div>\n<p> <br \/>\n<\/p>\n<div>\n<p>A Mahogany, famosa marca de cosm\u00e9ticos que \u00e9 uma das principais empresas do <a href=\"https:\/\/noticiasconcursos.com.br\/novo-mercado-de-trabalho-a-mudanca-no-setor-tecnologico-demanda-por-novos-profissionais\/\">mercado<\/a>, est\u00e1 contratando novas pessoas para preencher o seu quadro.<\/p>\n<p>Assim, antes de falar mais sobre a companhia que produz cosm\u00e9ticos de alto padr\u00e3o desenvolvidos junto com as principais casas de fragr\u00e2ncias internacionais desde 1991, veja a lista de oportunidades abertas:<\/p>\n<ul>\n<li>Analista de Custos \u2013 Osasco \u2013 SP e H\u00edbrido \u2013 Efetivo;<\/li>\n<li>Banco de Talentos \u2013 Venda Direta \u2013 Osasco \u2013 SP \u2013 Banco de talentos;<\/li>\n<li>Vendedor (a) de Loja \u2013 Osasco \u2013 SP \u2013 Efetivo;<\/li>\n<li>Estagi\u00e1rio (a) de Intelig\u00eancia Comercial \u2013 Osasco \u2013 SP e H\u00edbrido \u2013 Est\u00e1gio;<\/li>\n<li>Estagi\u00e1rio (a) de Planejamento Comercial \u2013 Osasco \u2013 SP e H\u00edbrido \u2013 Est\u00e1gio;<\/li>\n<li>Gerente de Setor \u2013 Osasco \u2013 SP e H\u00edbrido \u2013 Efetivo;<\/li>\n<li>Gerente de Setor \u2013 Minas Gerais \u2013 Trabalho Remoto \u2013 Efetivo.<\/li>\n<\/ul>\n<figure id=\"attachment_583975\" aria-describedby=\"caption-attachment-583975\" style=\"width: 1151px\" class=\"wp-caption alignnone\"><img data-recalc-dims=\"1\" fetchpriority=\"high\" decoding=\"async\" class=\"size-full wp-image-583975\" alt=\"Mahogany Cosm\u00e9ticos ABRE VAGAS efetivas e para EST\u00c1GIO\" width=\"1151\" height=\"594\" srcset=\"https:\/\/noticiasconcursos.com.br\/wp-content\/uploads\/2023\/03\/noticiasconcursos.com.br-mahogany-campanha-filme.png 1151w, https:\/\/noticiasconcursos.com.br\/wp-content\/uploads\/2023\/03\/noticiasconcursos.com.br-mahogany-campanha-filme-300x155.png 300w, https:\/\/noticiasconcursos.com.br\/wp-content\/uploads\/2023\/03\/noticiasconcursos.com.br-mahogany-campanha-filme-1024x528.png 1024w, https:\/\/noticiasconcursos.com.br\/wp-content\/uploads\/2023\/03\/noticiasconcursos.com.br-mahogany-campanha-filme-768x396.png 768w\" data-lazy-sizes=\"(max-width: 1151px) 100vw, 1151px\" src=\"https:\/\/i0.wp.com\/noticiasconcursos.com.br\/wp-content\/uploads\/2023\/03\/noticiasconcursos.com.br-mahogany-campanha-filme.png?resize=1151%2C594&#038;ssl=1\"\/><noscript><img data-recalc-dims=\"1\" fetchpriority=\"high\" decoding=\"async\" class=\"size-full wp-image-583975\" src=\"https:\/\/i0.wp.com\/noticiasconcursos.com.br\/wp-content\/uploads\/2023\/03\/noticiasconcursos.com.br-mahogany-campanha-filme.png?resize=1151%2C594&#038;ssl=1\" alt=\"Mahogany Cosm\u00e9ticos ABRE VAGAS efetivas e para EST\u00c1GIO\" width=\"1151\" height=\"594\" srcset=\"https:\/\/noticiasconcursos.com.br\/wp-content\/uploads\/2023\/03\/noticiasconcursos.com.br-mahogany-campanha-filme.png 1151w, https:\/\/noticiasconcursos.com.br\/wp-content\/uploads\/2023\/03\/noticiasconcursos.com.br-mahogany-campanha-filme-300x155.png 300w, https:\/\/noticiasconcursos.com.br\/wp-content\/uploads\/2023\/03\/noticiasconcursos.com.br-mahogany-campanha-filme-1024x528.png 1024w, https:\/\/noticiasconcursos.com.br\/wp-content\/uploads\/2023\/03\/noticiasconcursos.com.br-mahogany-campanha-filme-768x396.png 768w\" sizes=\"(max-width: 1151px) 100vw, 1151px\"\/><\/noscript><figcaption id=\"caption-attachment-583975\" class=\"wp-caption-text\">Mahogany \u00e9 refer\u00eancia no ramo de cosm\u00e9ticos.\u00a0 Al\u00e9m disso, tem como valores a qualidade, a tecnologia, a intensidade, a sofistica\u00e7\u00e3o e muita personalidade. Foto: Divulga\u00e7\u00e3o.<\/figcaption><\/figure>\n<h3><strong>Mais sobre a Mahogany\u00a0<\/strong><\/h3>\n<p>Falando um pouco mais sobre a Mahogany Cosm\u00e9ticos, \u00e9 interessante destacar que, em seu amplo portf\u00f3lio, que conta com mais de 50 fragr\u00e2ncias <a href=\"https:\/\/noticiasconcursos.com.br\/fertilidade-masculina-pode-ser-afetada-por-consumo-excessivo-de-cafeina\/\">masculinas<\/a> e femininas, \u00e9 poss\u00edvel encontrar o produto certo para todos os momentos.<\/p>\n<p>Al\u00e9m disso, a marca exalta a ess\u00eancia da liberdade, paix\u00e3o, aventura e, principalmente, da <a href=\"https:\/\/noticiasconcursos.com.br\/cabelos-saudaveis-dicas-para-manter-a-vitalidade-e-brilho\/\">vitalidade<\/a>. Por meio de seus itens, busca proporcionar experi\u00eancias sensoriais que revigoram e transmitem a sensa\u00e7\u00e3o do \u201cverdadeiramente vivo\u201d, melhorando o estado de esp\u00edrito e a certeza de que sempre \u00e9 poss\u00edvel despertar a sua melhor vers\u00e3o.<\/p>\n<p>Em 2006, a Mahogany entrou para o segmento de franquias e, entre lojas pr\u00f3prias e de franqueados, j\u00e1 soma mais de 200 opera\u00e7\u00f5es.<\/p>\n<p>Atualmente, os produtos Mahogany podem ser encontrados nas lojas da marca em todo o <a href=\"https:\/\/noticiasconcursos.com.br\/desenrola-brasil-podera-ser-estendido-veja-ate-quando-vai-o-programa\/\">Brasil<\/a> e no Chile, na loja virtual e tamb\u00e9m por meio de consultoras de venda direta.<\/p>\n<div class=\"code-block code-block-5\" style=\"margin: 8px auto; text-align: center; display: block; clear: both;\"> <a href=\"https:\/\/suaads.com\/ref\/ISMAELCOLOSI\" target=\"_blank\" rel=\"noopener\"><img data-recalc-dims=\"1\" decoding=\"async\" src=\"https:\/\/i0.wp.com\/suaurl.com\/img\/bannersref\/s.png?ssl=1\" alt=\"SuaUrl\"  style=\"max-width: 100%;\" class=\"lazy\" loading=\"lazy\"\/><noscript><img data-recalc-dims=\"1\" decoding=\"async\" src=\"https:\/\/i0.wp.com\/suaurl.com\/img\/bannersref\/s.png?ssl=1\" alt=\"SuaUrl\"  style=\"max-width: 100%;\"\/><\/noscript><\/a><\/div>\n<div class=\"bs-irp left bs-irp-thumbnail-1\">\n<p>&#13;<br \/><span class=\"h-text heading-typo\">Voc\u00ea tamb\u00e9m pode gostar:<\/span>&#13; <\/p>\n<\/p><\/div>\n<h3><strong>Consulte alguns benef\u00edcios<\/strong><\/h3>\n<ul>\n<li>Vale refei\u00e7\u00e3o;<\/li>\n<li>Assist\u00eancia m\u00e9dica SulAm\u00e9rica;<\/li>\n<li>Assist\u00eancia odontol\u00f3gica SulAm\u00e9rica;<\/li>\n<li>Aux\u00edlio farm\u00e1cia Golden Farma;<\/li>\n<li>Ajuda de Custo;<\/li>\n<li>Desconto nos produtos da marca;<\/li>\n<li>PLR.<\/li>\n<\/ul>\n<h3><strong>Como se inscrever em uma das vagas acima?<\/strong><\/h3>\n<p>Como j\u00e1 foi poss\u00edvel verificar a lista de cargos, a inscri\u00e7\u00e3o acontece de forma bastante intuitiva e r\u00e1pida. Voc\u00ea s\u00f3 precisa <em><strong><a href=\"https:\/\/mahogany.gupy.io\/\" target=\"_blank\" rel=\"noopener\">ACESSAR ESSE LINK<\/a><\/strong><\/em> para ir automaticamente \u00e0 p\u00e1gina da <strong>Gupy<\/strong>.<\/p>\n<p>Por l\u00e1, \u00e9 s\u00f3 conferir todos os detalhes referentes \u00e0 vaga (requisitos, fun\u00e7\u00f5es, benef\u00edcios, hor\u00e1rio de trabalho, etc..) com aten\u00e7\u00e3o e se candidatar<\/p>\n<p>Quer se manter inteirado(a) em todas as principais not\u00edcias do pa\u00eds e ainda ficar ligado(a) nas diversas vagas de empregos espalhadas pelo Brasil? Acesse agora mesmo o <strong>Not\u00edcias Concursos<\/strong>!<\/p>\n<\/p><\/div>\n<p><br \/>\n<br \/><a href=\"https:\/\/ismaelcolosi.com.br\/mahogany-cosmeticos-abre-vagas-efetivas-e-para-estagio\/\">Source link <\/a><\/p>\n<!-- CONTENT END 1 -->\n","protected":false},"excerpt":{"rendered":"<p>A Mahogany, famosa marca de cosm\u00e9ticos que \u00e9 uma das principais empresas do mercado, est\u00e1 contratando novas pessoas para preencher o seu quadro. Assim, antes&#8230;<\/p>\n","protected":false},"author":1,"featured_media":11552,"comment_status":"open","ping_status":"open","sticky":false,"template":"","format":"standard","meta":{"advanced_seo_description":"","jetpack_seo_html_title":"","jetpack_seo_noindex":false,"jetpack_post_was_ever_published":false,"_jetpack_newsletter_access":"","_jetpack_dont_email_post_to_subs":false,"_jetpack_newsletter_tier_id":0,"_jetpack_memberships_contains_paywalled_content":false,"_jetpack_memberships_contains_paid_content":false,"footnotes":"","jetpack_publicize_message":"","jetpack_publicize_feature_enabled":true,"jetpack_social_post_already_shared":true,"jetpack_social_options":{"image_generator_settings":{"template":"highway","default_image_id":0,"font":"","enabled":false},"version":2}},"categories":[7],"tags":[],"class_list":["post-11551","post","type-post","status-publish","format-standard","has-post-thumbnail","hentry","category-vagas-de-empregos-em-ribeirao-preto-regiao-brasil"],"jetpack_publicize_connections":[],"jetpack_featured_media_url":"https:\/\/i0.wp.com\/noticiasribeiraopreto.com.br\/wp-content\/uploads\/2023\/12\/noticiasconcursos.com_.br-mahogany-campanha-filme.png?fit=1151%2C594&ssl=1","jetpack-related-posts":[{"id":15408,"url":"https:\/\/noticiasribeiraopreto.com.br\/index.php\/2023\/12\/13\/vagas-de-empregos-na-ca-para-trabalhar-em-ribeirao-preto-sp-para-trabalhar-de-casa-ou-de-qualquer-lugar-do-brasil\/","url_meta":{"origin":11551,"position":0},"title":"Vagas de empregos na C&#038;A para trabalhar em Ribeir\u00e3o Preto-SP, para trabalhar de casa ou de qualquer lugar do Brasil","author":"noticiasribeiraopreto.com.br","date":"13 de December de 2023","format":false,"excerpt":"Nossa Hist\u00f3riaA C&A \u00e9 uma das maiores redes de varejo de moda no mundo. De origem holandesa, foi fundada em 1841 pelos irm\u00e3os Clemens e August, cuja uni\u00e3o das iniciais de seus nomes resultou na marca C&A.Nessa trajet\u00f3ria de sucesso, em 1976 foi inaugurada a primeira loja no Brasil, no\u2026","rel":"","context":"In &quot;Vagas de Emprego em Ribeir\u00e3o Preto-SP&quot;","block_context":{"text":"Vagas de Emprego em Ribeir\u00e3o Preto-SP","link":"https:\/\/noticiasribeiraopreto.com.br\/index.php\/category\/empregos-classificados-vagas-trabalho\/vagas-de-empregos-em-ribeirao-preto-regiao-brasil\/"},"img":{"alt_text":"","src":"https:\/\/i0.wp.com\/noticiasribeiraopreto.com.br\/wp-content\/uploads\/2023\/12\/CA.jpg?fit=550%2C365&ssl=1&resize=350%2C200","width":350,"height":200,"srcset":"https:\/\/i0.wp.com\/noticiasribeiraopreto.com.br\/wp-content\/uploads\/2023\/12\/CA.jpg?fit=550%2C365&ssl=1&resize=350%2C200 1x, https:\/\/i0.wp.com\/noticiasribeiraopreto.com.br\/wp-content\/uploads\/2023\/12\/CA.jpg?fit=550%2C365&ssl=1&resize=525%2C300 1.5x"},"classes":[]},{"id":45189,"url":"https:\/\/noticiasribeiraopreto.com.br\/index.php\/2024\/04\/02\/vagas-de-empregos-na-ca-para-trabalhar-em-ribeirao-preto-sp-para-trabalhar-de-casa-ou-de-qualquer-lugar-do-brasil-13\/","url_meta":{"origin":11551,"position":1},"title":"Vagas de empregos na C&#038;A para trabalhar em Ribeir\u00e3o Preto-SP, para trabalhar de casa ou de qualquer lugar do Brasil","author":"noticiasribeiraopreto.com.br","date":"2 de April de 2024","format":false,"excerpt":"Nossa Hist\u00f3riaA C&A \u00e9 uma das maiores redes de varejo de moda no mundo. De origem holandesa, foi fundada em 1841 pelos irm\u00e3os Clemens e August, cuja uni\u00e3o das iniciais de seus nomes resultou na marca C&A.Nessa trajet\u00f3ria de sucesso, em 1976 foi inaugurada a primeira loja no Brasil, no\u2026","rel":"","context":"In &quot;Vagas de Emprego em Ribeir\u00e3o Preto-SP&quot;","block_context":{"text":"Vagas de Emprego em Ribeir\u00e3o Preto-SP","link":"https:\/\/noticiasribeiraopreto.com.br\/index.php\/category\/empregos-classificados-vagas-trabalho\/vagas-de-empregos-em-ribeirao-preto-regiao-brasil\/"},"img":{"alt_text":"","src":"https:\/\/i0.wp.com\/noticiasribeiraopreto.com.br\/wp-content\/uploads\/2024\/04\/CA.jpg?fit=550%2C365&ssl=1&resize=350%2C200","width":350,"height":200,"srcset":"https:\/\/i0.wp.com\/noticiasribeiraopreto.com.br\/wp-content\/uploads\/2024\/04\/CA.jpg?fit=550%2C365&ssl=1&resize=350%2C200 1x, https:\/\/i0.wp.com\/noticiasribeiraopreto.com.br\/wp-content\/uploads\/2024\/04\/CA.jpg?fit=550%2C365&ssl=1&resize=525%2C300 1.5x"},"classes":[]},{"id":52008,"url":"https:\/\/noticiasribeiraopreto.com.br\/index.php\/2024\/06\/03\/vagas-de-empregos-na-ca-para-trabalhar-em-ribeirao-preto-sp-para-trabalhar-de-casa-ou-de-qualquer-lugar-do-brasil-16\/","url_meta":{"origin":11551,"position":2},"title":"Vagas de empregos na C&#038;A para trabalhar em Ribeir\u00e3o Preto-SP, para trabalhar de casa ou de qualquer lugar do Brasil","author":"noticiasribeiraopreto.com.br","date":"3 de June de 2024","format":false,"excerpt":"Nossa Hist\u00f3riaA C&A \u00e9 uma das maiores redes de varejo de moda no mundo. De origem holandesa, foi fundada em 1841 pelos irm\u00e3os Clemens e August, cuja uni\u00e3o das iniciais de seus nomes resultou na marca C&A.Nessa trajet\u00f3ria de sucesso, em 1976 foi inaugurada a primeira loja no Brasil, no\u2026","rel":"","context":"In &quot;Vagas de Emprego em Ribeir\u00e3o Preto-SP&quot;","block_context":{"text":"Vagas de Emprego em Ribeir\u00e3o Preto-SP","link":"https:\/\/noticiasribeiraopreto.com.br\/index.php\/category\/empregos-classificados-vagas-trabalho\/vagas-de-empregos-em-ribeirao-preto-regiao-brasil\/"},"img":{"alt_text":"","src":"https:\/\/i0.wp.com\/noticiasribeiraopreto.com.br\/wp-content\/uploads\/2024\/06\/emprego-CA.jpg?fit=1199%2C675&ssl=1&resize=350%2C200","width":350,"height":200,"srcset":"https:\/\/i0.wp.com\/noticiasribeiraopreto.com.br\/wp-content\/uploads\/2024\/06\/emprego-CA.jpg?fit=1199%2C675&ssl=1&resize=350%2C200 1x, https:\/\/i0.wp.com\/noticiasribeiraopreto.com.br\/wp-content\/uploads\/2024\/06\/emprego-CA.jpg?fit=1199%2C675&ssl=1&resize=525%2C300 1.5x, https:\/\/i0.wp.com\/noticiasribeiraopreto.com.br\/wp-content\/uploads\/2024\/06\/emprego-CA.jpg?fit=1199%2C675&ssl=1&resize=700%2C400 2x, https:\/\/i0.wp.com\/noticiasribeiraopreto.com.br\/wp-content\/uploads\/2024\/06\/emprego-CA.jpg?fit=1199%2C675&ssl=1&resize=1050%2C600 3x"},"classes":[]},{"id":40853,"url":"https:\/\/noticiasribeiraopreto.com.br\/index.php\/2024\/03\/05\/vagas-de-empregos-na-ca-para-trabalhar-em-ribeirao-preto-sp-para-trabalhar-de-casa-ou-de-qualquer-lugar-do-brasil-12\/","url_meta":{"origin":11551,"position":3},"title":"Vagas de empregos na C&#038;A para trabalhar em Ribeir\u00e3o Preto-SP, para trabalhar de casa ou de qualquer lugar do Brasil","author":"noticiasribeiraopreto.com.br","date":"5 de March de 2024","format":false,"excerpt":"Nossa Hist\u00f3riaA C&A \u00e9 uma das maiores redes de varejo de moda no mundo. De origem holandesa, foi fundada em 1841 pelos irm\u00e3os Clemens e August, cuja uni\u00e3o das iniciais de seus nomes resultou na marca C&A.Nessa trajet\u00f3ria de sucesso, em 1976 foi inaugurada a primeira loja no Brasil, no\u2026","rel":"","context":"In &quot;Vagas de Emprego em Ribeir\u00e3o Preto-SP&quot;","block_context":{"text":"Vagas de Emprego em Ribeir\u00e3o Preto-SP","link":"https:\/\/noticiasribeiraopreto.com.br\/index.php\/category\/empregos-classificados-vagas-trabalho\/vagas-de-empregos-em-ribeirao-preto-regiao-brasil\/"},"img":{"alt_text":"","src":"https:\/\/i0.wp.com\/noticiasribeiraopreto.com.br\/wp-content\/uploads\/2024\/03\/emprego-CA.jpg?fit=1199%2C675&ssl=1&resize=350%2C200","width":350,"height":200,"srcset":"https:\/\/i0.wp.com\/noticiasribeiraopreto.com.br\/wp-content\/uploads\/2024\/03\/emprego-CA.jpg?fit=1199%2C675&ssl=1&resize=350%2C200 1x, https:\/\/i0.wp.com\/noticiasribeiraopreto.com.br\/wp-content\/uploads\/2024\/03\/emprego-CA.jpg?fit=1199%2C675&ssl=1&resize=525%2C300 1.5x, https:\/\/i0.wp.com\/noticiasribeiraopreto.com.br\/wp-content\/uploads\/2024\/03\/emprego-CA.jpg?fit=1199%2C675&ssl=1&resize=700%2C400 2x, https:\/\/i0.wp.com\/noticiasribeiraopreto.com.br\/wp-content\/uploads\/2024\/03\/emprego-CA.jpg?fit=1199%2C675&ssl=1&resize=1050%2C600 3x"},"classes":[]},{"id":25324,"url":"https:\/\/noticiasribeiraopreto.com.br\/index.php\/2024\/01\/06\/vagas-de-empregos-na-ca-para-trabalhar-em-ribeirao-preto-sp-para-trabalhar-de-casa-ou-de-qualquer-lugar-do-brasil-9\/","url_meta":{"origin":11551,"position":4},"title":"Vagas de empregos na C&#038;A para trabalhar em Ribeir\u00e3o Preto-SP, para trabalhar de casa ou de qualquer lugar do Brasil","author":"noticiasribeiraopreto.com.br","date":"6 de January de 2024","format":false,"excerpt":"Nossa Hist\u00f3riaA C&A \u00e9 uma das maiores redes de varejo de moda no mundo. De origem holandesa, foi fundada em 1841 pelos irm\u00e3os Clemens e August, cuja uni\u00e3o das iniciais de seus nomes resultou na marca C&A.Nessa trajet\u00f3ria de sucesso, em 1976 foi inaugurada a primeira loja no Brasil, no\u2026","rel":"","context":"In &quot;Vagas de Emprego em Ribeir\u00e3o Preto-SP&quot;","block_context":{"text":"Vagas de Emprego em Ribeir\u00e3o Preto-SP","link":"https:\/\/noticiasribeiraopreto.com.br\/index.php\/category\/empregos-classificados-vagas-trabalho\/vagas-de-empregos-em-ribeirao-preto-regiao-brasil\/"},"img":{"alt_text":"","src":"https:\/\/i0.wp.com\/noticiasribeiraopreto.com.br\/wp-content\/uploads\/2024\/01\/1704578462_emprego-CA.jpg?fit=1199%2C675&ssl=1&resize=350%2C200","width":350,"height":200,"srcset":"https:\/\/i0.wp.com\/noticiasribeiraopreto.com.br\/wp-content\/uploads\/2024\/01\/1704578462_emprego-CA.jpg?fit=1199%2C675&ssl=1&resize=350%2C200 1x, https:\/\/i0.wp.com\/noticiasribeiraopreto.com.br\/wp-content\/uploads\/2024\/01\/1704578462_emprego-CA.jpg?fit=1199%2C675&ssl=1&resize=525%2C300 1.5x, https:\/\/i0.wp.com\/noticiasribeiraopreto.com.br\/wp-content\/uploads\/2024\/01\/1704578462_emprego-CA.jpg?fit=1199%2C675&ssl=1&resize=700%2C400 2x, https:\/\/i0.wp.com\/noticiasribeiraopreto.com.br\/wp-content\/uploads\/2024\/01\/1704578462_emprego-CA.jpg?fit=1199%2C675&ssl=1&resize=1050%2C600 3x"},"classes":[]},{"id":55721,"url":"https:\/\/noticiasribeiraopreto.com.br\/index.php\/2024\/08\/05\/vagas-de-empregos-na-ca-para-trabalhar-em-ribeirao-preto-sp-para-trabalhar-de-casa-ou-de-qualquer-lugar-do-brasil-19\/","url_meta":{"origin":11551,"position":5},"title":"Vagas de empregos na C&#038;A para trabalhar em Ribeir\u00e3o Preto-SP, para trabalhar de casa ou de qualquer lugar do Brasil","author":"noticiasribeiraopreto.com.br","date":"5 de August de 2024","format":false,"excerpt":"Nossa Hist\u00f3riaA C&A \u00e9 uma das maiores redes de varejo de moda no mundo. De origem holandesa, foi fundada em 1841 pelos irm\u00e3os Clemens e August, cuja uni\u00e3o das iniciais de seus nomes resultou na marca C&A.Nessa trajet\u00f3ria de sucesso, em 1976 foi inaugurada a primeira loja no Brasil, no\u2026","rel":"","context":"In &quot;Vagas de Emprego em Ribeir\u00e3o Preto-SP&quot;","block_context":{"text":"Vagas de Emprego em Ribeir\u00e3o Preto-SP","link":"https:\/\/noticiasribeiraopreto.com.br\/index.php\/category\/empregos-classificados-vagas-trabalho\/vagas-de-empregos-em-ribeirao-preto-regiao-brasil\/"},"img":{"alt_text":"","src":"https:\/\/i0.wp.com\/noticiasribeiraopreto.com.br\/wp-content\/uploads\/2024\/08\/emprego-CA.jpg?fit=1199%2C675&ssl=1&resize=350%2C200","width":350,"height":200,"srcset":"https:\/\/i0.wp.com\/noticiasribeiraopreto.com.br\/wp-content\/uploads\/2024\/08\/emprego-CA.jpg?fit=1199%2C675&ssl=1&resize=350%2C200 1x, https:\/\/i0.wp.com\/noticiasribeiraopreto.com.br\/wp-content\/uploads\/2024\/08\/emprego-CA.jpg?fit=1199%2C675&ssl=1&resize=525%2C300 1.5x, https:\/\/i0.wp.com\/noticiasribeiraopreto.com.br\/wp-content\/uploads\/2024\/08\/emprego-CA.jpg?fit=1199%2C675&ssl=1&resize=700%2C400 2x, https:\/\/i0.wp.com\/noticiasribeiraopreto.com.br\/wp-content\/uploads\/2024\/08\/emprego-CA.jpg?fit=1199%2C675&ssl=1&resize=1050%2C600 3x"},"classes":[]}],"jetpack_sharing_enabled":true,"jetpack_shortlink":"https:\/\/wp.me\/peQAOb-30j","_links":{"self":[{"href":"https:\/\/noticiasribeiraopreto.com.br\/index.php\/wp-json\/wp\/v2\/posts\/11551","targetHints":{"allow":["GET"]}}],"collection":[{"href":"https:\/\/noticiasribeiraopreto.com.br\/index.php\/wp-json\/wp\/v2\/posts"}],"about":[{"href":"https:\/\/noticiasribeiraopreto.com.br\/index.php\/wp-json\/wp\/v2\/types\/post"}],"author":[{"embeddable":true,"href":"https:\/\/noticiasribeiraopreto.com.br\/index.php\/wp-json\/wp\/v2\/users\/1"}],"replies":[{"embeddable":true,"href":"https:\/\/noticiasribeiraopreto.com.br\/index.php\/wp-json\/wp\/v2\/comments?post=11551"}],"version-history":[{"count":0,"href":"https:\/\/noticiasribeiraopreto.com.br\/index.php\/wp-json\/wp\/v2\/posts\/11551\/revisions"}],"wp:featuredmedia":[{"embeddable":true,"href":"https:\/\/noticiasribeiraopreto.com.br\/index.php\/wp-json\/wp\/v2\/media\/11552"}],"wp:attachment":[{"href":"https:\/\/noticiasribeiraopreto.com.br\/index.php\/wp-json\/wp\/v2\/media?parent=11551"}],"wp:term":[{"taxonomy":"category","embeddable":true,"href":"https:\/\/noticiasribeiraopreto.com.br\/index.php\/wp-json\/wp\/v2\/categories?post=11551"},{"taxonomy":"post_tag","embeddable":true,"href":"https:\/\/noticiasribeiraopreto.com.br\/index.php\/wp-json\/wp\/v2\/tags?post=11551"}],"curies":[{"name":"wp","href":"https:\/\/api.w.org\/{rel}","templated":true}]}}