{"id":1156,"date":"2023-11-10T16:04:46","date_gmt":"2023-11-10T19:04:46","guid":{"rendered":"https:\/\/noticiasribeiraopreto.com.br\/index.php\/2023\/11\/10\/reintegracao-de-posse-pode-despejar-28-familias-em-ribeirao-preto\/"},"modified":"2023-11-10T16:04:46","modified_gmt":"2023-11-10T19:04:46","slug":"reintegracao-de-posse-pode-despejar-28-familias-em-ribeirao-preto","status":"publish","type":"post","link":"https:\/\/noticiasribeiraopreto.com.br\/index.php\/2023\/11\/10\/reintegracao-de-posse-pode-despejar-28-familias-em-ribeirao-preto\/","title":{"rendered":"Reintegra\u00e7\u00e3o de posse pode despejar 28 fam\u00edlias em Ribeir\u00e3o Preto"},"content":{"rendered":"<div class='code-block code-block-1' style='margin: 8px 0 8px auto; text-align: right; display: block; clear: both;'>\n<p><a href=\"https:\/\/wa.link\/vpicfd\"><img data-recalc-dims=\"1\" class=\"wp-image-4922\" style=\"aspect-ratio: 2.0253164556962027; width: 561px; height: auto;\" src=\"https:\/\/i0.wp.com\/ismaelcolosi.com.br\/wp-content\/uploads\/2023\/11\/grupo-de-empregos-whatsapp-e-facebook-ismael-colosi-vagas.jpg?ssl=1\" alt=\"\" \/><\/a><\/p>\n<!-- \/wp:image -->\n<\/div>\n<p> <br \/>\n<\/p>\n<div>\n<p><strong>A <a href=\"https:\/\/www.tjsp.jus.br\/Download\/Portal\/Memoria\/Comarcas\/RibeiraoPreto.pdf\" target=\"_blank\" rel=\"noreferrer noopener nofollow\">1\u00aa Vara da Fazenda P\u00fablica de Ribeir\u00e3o Preto<\/a> determinou que seja cumprida a reintegra\u00e7\u00e3o de posse de uma \u00e1rea onde est\u00e1 instalada uma comunidade no Jardim Progresso, na zona Oeste, desde 2013. No local vivem 28 fam\u00edlias, que devem deixar o local at\u00e9 o dia 21 de novembro.<\/strong><\/p>\n<p>A a\u00e7\u00e3o come\u00e7ou a tramitar na Justi\u00e7a em 2017 e foi movida pela ViaNorte S\/A, antiga concession\u00e1ria que administrava a rodovia Ant\u00f4nio Duarte Nogueira, o Anel Vi\u00e1rio Sul, e tem com litisconsorte (co-autora), a Entrevias, atual administradora do trecho.<\/p>\n<p><mark style=\"background-color:#fcb900\" class=\"has-inline-color has-black-color\">A empresa alegou que o local ocupado pelos moradores est\u00e1 dentro da \u00e1rea de concess\u00e3o.<\/mark> Em decis\u00e3o do \u00faltimo dia 30 de outubro, o juiz Gustavo Muller Lorenzato determinou o prazo de 20 dias para retirada das fam\u00edlias e autorizou o uso da for\u00e7a policial.<\/p>\n<p>Al\u00e9m disso, a decis\u00e3o obriga que a <strong><a href=\"https:\/\/www.ribeiraopreto.sp.gov.br\/\" target=\"_blank\" rel=\"noreferrer noopener nofollow\">Prefeitura de Ribeir\u00e3o Preto<\/a><\/strong>, por meio das secretarias de Assist\u00eancia Social e de Neg\u00f3cios Jur\u00eddicos, seja notificada, assim como, o Conselho Tutelar, para minimizar os impactos aos direitos individuais dos moradores.<\/p>\n<h4 class=\"wp-block-heading\"><strong>\u2018Para onde ir?\u2019<\/strong><\/h4>\n<p>Entre os moradores da comunidade est\u00e1 a operadora de caixa Thauane Patr\u00edcia dos Santos Marques, que mora no local h\u00e1 seis anos. Ela vive com o marido, dois enteados e o filho de apenas seis meses.<\/p>\n<p>Thauane conta que os moradores compraram barracos na \u00e1rea e com o tempo foram construindo casas de alvenaria. A comunidade foi informada sobre a reintegra\u00e7\u00e3o de posse no \u00faltimo dia 2 de novembro.<\/p>\n<p>Os vizinhos j\u00e1 procuraram a Defensoria P\u00fablica, que informou que devem deixar o local. \u201cPara onde vamos ir? Quem vai nos abrigar?\u201d, questiona Thauane, que diz que muitos moradores s\u00e3o de outros estados e n\u00e3o t\u00eam parentes em Ribeir\u00e3o Preto. \u201cTem gente que n\u00e3o tem ningu\u00e9m aqui\u201d.<\/p>\n<p>A operadora de caixa conta que poderia ir para casa da m\u00e3e, em Brodowski, por\u00e9m ela perderia o emprego, j\u00e1 que n\u00e3o conta com vale transporte. O marido \u00e9 ajudante de pedreiro e n\u00e3o tem emprego fixo.<\/p>\n<h4 class=\"wp-block-heading\"><strong>O que dizem?<\/strong><\/h4>\n<p>Por meio de nota, a Entrevias, atual concession\u00e1ria da rodovia, informou que a a\u00e7\u00e3o \u00e9 decorrente de uma obriga\u00e7\u00e3o contratual da concession\u00e1ria que administrava o trecho anteriormente.<\/p>\n<p>\u201cA Entrevias por ser a atual concession\u00e1ria que administra o local, est\u00e1 acompanhando o processo judicial e aguarda manifesta\u00e7\u00e3o do poder p\u00fablico municipal\u201d, completa.<\/p>\n<p><mark style=\"background-color:#fcb900\" class=\"has-inline-color has-black-color\">J\u00e1 a Prefeitura de Ribeir\u00e3o Preto disse que n\u00e3o disp\u00f5es de unidades habitacionais pr\u00f3prias ou programas de constru\u00e7\u00e3o de resid\u00eancia em andamento.<\/mark> Por\u00e9m, afirmou que existem termos de compromisso com a iniciativa privada para produ\u00e7\u00e3o habitacional.<\/p>\n<p>A previs\u00e3o \u00e9 de que 6,8 mil unidades habitacionais sejam comercializadas para fam\u00edlias de baixa renda, por\u00e9m a constru\u00e7\u00e3o est\u00e1 condicionada a viabiliza\u00e7\u00e3o dos empreendimentos, j\u00e1 que \u201cmuitos ainda em aprova\u00e7\u00e3o e sem cronograma de obras definidos\u201d.<\/p>\n<h4 class=\"wp-block-heading\"><strong>FIQUE ON<\/strong><\/h4>\n<p>Fique ligado em tudo que acontece em Ribeir\u00e3o Preto e regi\u00e3o. Siga os perfis do <strong>acidade on <\/strong>no <a href=\"https:\/\/www.instagram.com\/acidadeonribeirao\" target=\"_blank\" rel=\"noreferrer noopener nofollow\">Instagram<\/a> e no <a href=\"https:\/\/www.facebook.com\/acidadeonribeirao\" target=\"_blank\" rel=\"noreferrer noopener nofollow\">Facebook<\/a>.<\/p>\n<p>Receba not\u00edcias do <strong>acidade on <\/strong>no WhatsApp. <a href=\"https:\/\/chat.whatsapp.com\/Bnv2w66ZT4VDyZW3oiZ69n\" target=\"_blank\" rel=\"noreferrer noopener nofollow\">Para entrar no grupo, basta clicar aqui.<\/a><\/p>\n<p>Fa\u00e7a uma den\u00fancia ou sugira uma reportagem sobre a Ribeir\u00e3o Preto e regi\u00e3o pelo WhatsApp: (16) 99117 7802.<\/p>\n<p>LEIA MAIS<\/p>\n<p><a href=\"https:\/\/www.acidadeon.com\/ribeiraopreto\/politica\/estudo-contratado-pela-prefeitura-de-ribeirao-preve-menos-onibus-nas-ruas-em-2024\/\" target=\"_blank\" rel=\"noreferrer noopener nofollow\">Estudo contratado pela Prefeitura de Ribeir\u00e3o prev\u00ea menos \u00f4nibus nas ruas em 2024<\/a><\/p>\n<p><!-- AI CONTENT END 1 -->\n<\/div>\n<p><script async src=\"\/\/www.instagram.com\/embed.js\"><\/script><br \/>\n<br \/><br \/>\n<br \/><a href=\"https:\/\/www.acidadeon.com\/ribeiraopreto\/cotidiano\/reintegracao-de-posse-pode-despejar-28-familias-em-ribeirao-preto\/\">Source link <\/a><\/p>\n<!-- CONTENT END 1 -->\n","protected":false},"excerpt":{"rendered":"<p>A 1\u00aa Vara da Fazenda P\u00fablica de Ribeir\u00e3o Preto determinou que seja cumprida a reintegra\u00e7\u00e3o de posse de uma \u00e1rea onde est\u00e1 instalada uma comunidade&#8230;<\/p>\n","protected":false},"author":1,"featured_media":1157,"comment_status":"open","ping_status":"open","sticky":false,"template":"","format":"standard","meta":{"advanced_seo_description":"","jetpack_seo_html_title":"","jetpack_seo_noindex":false,"jetpack_post_was_ever_published":false,"_jetpack_newsletter_access":"","_jetpack_dont_email_post_to_subs":false,"_jetpack_newsletter_tier_id":0,"_jetpack_memberships_contains_paywalled_content":false,"_jetpack_memberships_contains_paid_content":false,"footnotes":"","jetpack_publicize_message":"","jetpack_publicize_feature_enabled":true,"jetpack_social_post_already_shared":false,"jetpack_social_options":{"image_generator_settings":{"template":"highway","default_image_id":0,"font":"","enabled":false},"version":2}},"categories":[11],"tags":[],"class_list":["post-1156","post","type-post","status-publish","format-standard","has-post-thumbnail","hentry","category-noticias-de-ribeirao-preto-sp-e-regiao-ismael-colosi"],"jetpack_publicize_connections":[],"jetpack_featured_media_url":"https:\/\/i0.wp.com\/noticiasribeiraopreto.com.br\/wp-content\/uploads\/2023\/11\/reintegracao-de-posse-Jardim-Progresso.jpg?fit=1084%2C796&ssl=1","jetpack-related-posts":[{"id":73148,"url":"https:\/\/noticiasribeiraopreto.com.br\/index.php\/2025\/06\/26\/comunidade-cobra-moradia-em-distrito\/","url_meta":{"origin":1156,"position":0},"title":"Comunidade cobra moradia em distrito","author":"noticiasribeiraopreto.com.br","date":"26 de June de 2025","format":false,"excerpt":"26 de junho de 2025 08:3025 de junho de 2025 20:409 Compartilhar0 Cerca de 25 fam\u00edlias da Comunidade Esperan\u00e7a Terra Prometida, localizada na avenida Miguel Padulla s\/n\u00ba, no distrito de Bonfim Paulista, fizeram uma manifesta\u00e7\u00e3o nesta quarta-feira, 25 de junho, em frente ao Centro Administrativo Prefeito Jos\u00e9 de Magalh\u00e3es, sede\u2026","rel":"","context":"In &quot;Not\u00edcias de Ribeir\u00e3o Preto-SP e Regi\u00e3o&quot;","block_context":{"text":"Not\u00edcias de Ribeir\u00e3o Preto-SP e Regi\u00e3o","link":"https:\/\/noticiasribeiraopreto.com.br\/index.php\/category\/noticias-de-ribeirao-preto-sp-e-regiao-ismael-colosi\/"},"img":{"alt_text":"","src":"https:\/\/i0.wp.com\/noticiasribeiraopreto.com.br\/wp-content\/uploads\/2025\/06\/FavelaRP-Goofgle-Maps-01.jpg?fit=1200%2C647&ssl=1&resize=350%2C200","width":350,"height":200,"srcset":"https:\/\/i0.wp.com\/noticiasribeiraopreto.com.br\/wp-content\/uploads\/2025\/06\/FavelaRP-Goofgle-Maps-01.jpg?fit=1200%2C647&ssl=1&resize=350%2C200 1x, https:\/\/i0.wp.com\/noticiasribeiraopreto.com.br\/wp-content\/uploads\/2025\/06\/FavelaRP-Goofgle-Maps-01.jpg?fit=1200%2C647&ssl=1&resize=525%2C300 1.5x, https:\/\/i0.wp.com\/noticiasribeiraopreto.com.br\/wp-content\/uploads\/2025\/06\/FavelaRP-Goofgle-Maps-01.jpg?fit=1200%2C647&ssl=1&resize=700%2C400 2x, https:\/\/i0.wp.com\/noticiasribeiraopreto.com.br\/wp-content\/uploads\/2025\/06\/FavelaRP-Goofgle-Maps-01.jpg?fit=1200%2C647&ssl=1&resize=1050%2C600 3x"},"classes":[]},{"id":1160,"url":"https:\/\/noticiasribeiraopreto.com.br\/index.php\/2023\/11\/10\/carro-cai-em-obra-em-avenida-de-ribeirao-preto-veja-o-video\/","url_meta":{"origin":1156,"position":1},"title":"Carro cai em obra em avenida de Ribeir\u00e3o Preto; Veja o v\u00eddeo","author":"noticiasribeiraopreto.com.br","date":"10 de November de 2023","format":false,"excerpt":"Um carro caiu dentro da obra de constru\u00e7\u00e3o de uma galeria de \u00e1gua na avenida Francisco Junqueira, em Ribeir\u00e3o Preto. O acidente aconteceu na altura do cruzamento com a rua Marcondes Salgado. Segundo apura\u00e7\u00e3o da r\u00e1dio CBN Ribeir\u00e3o, o motorista disse que n\u00e3o viu a obra, passou reto na interdi\u00e7\u00e3o\u2026","rel":"","context":"In &quot;Not\u00edcias de Ribeir\u00e3o Preto-SP e Regi\u00e3o&quot;","block_context":{"text":"Not\u00edcias de Ribeir\u00e3o Preto-SP e Regi\u00e3o","link":"https:\/\/noticiasribeiraopreto.com.br\/index.php\/category\/noticias-de-ribeirao-preto-sp-e-regiao-ismael-colosi\/"},"img":{"alt_text":"","src":"https:\/\/i0.wp.com\/noticiasribeiraopreto.com.br\/wp-content\/uploads\/2023\/11\/carro-cai-no-buraco.jpg?fit=1200%2C675&ssl=1&resize=350%2C200","width":350,"height":200,"srcset":"https:\/\/i0.wp.com\/noticiasribeiraopreto.com.br\/wp-content\/uploads\/2023\/11\/carro-cai-no-buraco.jpg?fit=1200%2C675&ssl=1&resize=350%2C200 1x, https:\/\/i0.wp.com\/noticiasribeiraopreto.com.br\/wp-content\/uploads\/2023\/11\/carro-cai-no-buraco.jpg?fit=1200%2C675&ssl=1&resize=525%2C300 1.5x, https:\/\/i0.wp.com\/noticiasribeiraopreto.com.br\/wp-content\/uploads\/2023\/11\/carro-cai-no-buraco.jpg?fit=1200%2C675&ssl=1&resize=700%2C400 2x, https:\/\/i0.wp.com\/noticiasribeiraopreto.com.br\/wp-content\/uploads\/2023\/11\/carro-cai-no-buraco.jpg?fit=1200%2C675&ssl=1&resize=1050%2C600 3x"},"classes":[]},{"id":4372,"url":"https:\/\/noticiasribeiraopreto.com.br\/index.php\/2023\/11\/21\/tunel-sera-interditado-novamente-em-ribeirao-preto-veja-o-motivo\/","url_meta":{"origin":1156,"position":2},"title":"T\u00fanel ser\u00e1 interditado novamente em Ribeir\u00e3o Preto; Veja o motivo","author":"noticiasribeiraopreto.com.br","date":"21 de November de 2023","format":false,"excerpt":"O t\u00fanel Jos\u00e9 Bonif\u00e1cio, entre as avenidas Independ\u00eancia e Presidente Vargas, em Ribeir\u00e3o Preto, ser\u00e1 interditado novamente na tarde desta ter\u00e7a-feira (21). De acordo com a RP Mobi, a interdi\u00e7\u00e3o \u00e9 necess\u00e1ria para pintura do t\u00fanel. A interdi\u00e7\u00e3o do dispositivo come\u00e7a \u00e0s 14h e a previs\u00e3o \u00e9 que a via\u2026","rel":"","context":"In &quot;Not\u00edcias de Ribeir\u00e3o Preto-SP e Regi\u00e3o&quot;","block_context":{"text":"Not\u00edcias de Ribeir\u00e3o Preto-SP e Regi\u00e3o","link":"https:\/\/noticiasribeiraopreto.com.br\/index.php\/category\/noticias-de-ribeirao-preto-sp-e-regiao-ismael-colosi\/"},"img":{"alt_text":"","src":"https:\/\/i0.wp.com\/noticiasribeiraopreto.com.br\/wp-content\/uploads\/2023\/11\/1700578607_tunel-jose-bonifacio.jpg?fit=1200%2C800&ssl=1&resize=350%2C200","width":350,"height":200,"srcset":"https:\/\/i0.wp.com\/noticiasribeiraopreto.com.br\/wp-content\/uploads\/2023\/11\/1700578607_tunel-jose-bonifacio.jpg?fit=1200%2C800&ssl=1&resize=350%2C200 1x, https:\/\/i0.wp.com\/noticiasribeiraopreto.com.br\/wp-content\/uploads\/2023\/11\/1700578607_tunel-jose-bonifacio.jpg?fit=1200%2C800&ssl=1&resize=525%2C300 1.5x, https:\/\/i0.wp.com\/noticiasribeiraopreto.com.br\/wp-content\/uploads\/2023\/11\/1700578607_tunel-jose-bonifacio.jpg?fit=1200%2C800&ssl=1&resize=700%2C400 2x, https:\/\/i0.wp.com\/noticiasribeiraopreto.com.br\/wp-content\/uploads\/2023\/11\/1700578607_tunel-jose-bonifacio.jpg?fit=1200%2C800&ssl=1&resize=1050%2C600 3x"},"classes":[]},{"id":42314,"url":"https:\/\/noticiasribeiraopreto.com.br\/index.php\/2024\/03\/13\/jovem-da-regiao-de-ribeirao-preto-esta-desaparecido-no-mato-grosso\/","url_meta":{"origin":1156,"position":3},"title":"Jovem da regi\u00e3o de Ribeir\u00e3o Preto est\u00e1 desaparecido no Mato Grosso","author":"noticiasribeiraopreto.com.br","date":"13 de March de 2024","format":false,"excerpt":"Uma fam\u00edlia de Cruz das Posses, cidade na regi\u00e3o de Ribeir\u00e3o Preto, procura pelo jovem Francisco Venicius Nascimento, de 21 anos, que est\u00e1 desaparecido desde o dia 6 de mar\u00e7o. O rapaz foi visto pela \u00faltima vez, em Deciol\u00e2ndia, distrito da cidade de Diamantino, no Mato Grosso, a mais de\u2026","rel":"","context":"In &quot;Not\u00edcias de Ribeir\u00e3o Preto-SP e Regi\u00e3o&quot;","block_context":{"text":"Not\u00edcias de Ribeir\u00e3o Preto-SP e Regi\u00e3o","link":"https:\/\/noticiasribeiraopreto.com.br\/index.php\/category\/noticias-de-ribeirao-preto-sp-e-regiao-ismael-colosi\/"},"img":{"alt_text":"","src":"https:\/\/i0.wp.com\/noticiasribeiraopreto.com.br\/wp-content\/uploads\/2024\/03\/AnyConv.com__Copia-de-Copia-de-TAMANHO-EXATO-PARA-FOTOS-NO-SISTEMA-NOVO-72.webp.webp?fit=1200%2C675&ssl=1&resize=350%2C200","width":350,"height":200,"srcset":"https:\/\/i0.wp.com\/noticiasribeiraopreto.com.br\/wp-content\/uploads\/2024\/03\/AnyConv.com__Copia-de-Copia-de-TAMANHO-EXATO-PARA-FOTOS-NO-SISTEMA-NOVO-72.webp.webp?fit=1200%2C675&ssl=1&resize=350%2C200 1x, https:\/\/i0.wp.com\/noticiasribeiraopreto.com.br\/wp-content\/uploads\/2024\/03\/AnyConv.com__Copia-de-Copia-de-TAMANHO-EXATO-PARA-FOTOS-NO-SISTEMA-NOVO-72.webp.webp?fit=1200%2C675&ssl=1&resize=525%2C300 1.5x, https:\/\/i0.wp.com\/noticiasribeiraopreto.com.br\/wp-content\/uploads\/2024\/03\/AnyConv.com__Copia-de-Copia-de-TAMANHO-EXATO-PARA-FOTOS-NO-SISTEMA-NOVO-72.webp.webp?fit=1200%2C675&ssl=1&resize=700%2C400 2x, https:\/\/i0.wp.com\/noticiasribeiraopreto.com.br\/wp-content\/uploads\/2024\/03\/AnyConv.com__Copia-de-Copia-de-TAMANHO-EXATO-PARA-FOTOS-NO-SISTEMA-NOVO-72.webp.webp?fit=1200%2C675&ssl=1&resize=1050%2C600 3x"},"classes":[]},{"id":23013,"url":"https:\/\/noticiasribeiraopreto.com.br\/index.php\/2023\/12\/31\/homem-que-veio-visitar-familia-em-rp-e-encontrado-morto\/","url_meta":{"origin":1156,"position":4},"title":"Homem que veio visitar fam\u00edlia em RP \u00e9 encontrado morto","author":"noticiasribeiraopreto.com.br","date":"31 de December de 2023","format":false,"excerpt":"31 de dezembro de 2023 | 11:5931 de dezembro de 2023 | 14:27 0A Pol\u00edcia Civil encontrou na noite deste s\u00e1bado (30), o corpo do homem que estava desaparecido h\u00e1 dois dias em Ribeir\u00e3o Preto.Ap\u00f3s investiga\u00e7\u00f5es, o corpo de Paulo Roberto Carvalho Pena Braga Filho, de 34 anos, foi localizado\u2026","rel":"","context":"In &quot;Not\u00edcias de Ribeir\u00e3o Preto-SP e Regi\u00e3o&quot;","block_context":{"text":"Not\u00edcias de Ribeir\u00e3o Preto-SP e Regi\u00e3o","link":"https:\/\/noticiasribeiraopreto.com.br\/index.php\/category\/noticias-de-ribeirao-preto-sp-e-regiao-ismael-colosi\/"},"img":{"alt_text":"","src":"https:\/\/i0.wp.com\/noticiasribeiraopreto.com.br\/wp-content\/uploads\/2023\/12\/416099194_682035960664762_8467959815340802390_n.jpg?fit=632%2C855&ssl=1&resize=350%2C200","width":350,"height":200,"srcset":"https:\/\/i0.wp.com\/noticiasribeiraopreto.com.br\/wp-content\/uploads\/2023\/12\/416099194_682035960664762_8467959815340802390_n.jpg?fit=632%2C855&ssl=1&resize=350%2C200 1x, https:\/\/i0.wp.com\/noticiasribeiraopreto.com.br\/wp-content\/uploads\/2023\/12\/416099194_682035960664762_8467959815340802390_n.jpg?fit=632%2C855&ssl=1&resize=525%2C300 1.5x"},"classes":[]},{"id":60947,"url":"https:\/\/noticiasribeiraopreto.com.br\/index.php\/2024\/11\/29\/familia-faz-buscas-por-jovem-desaparecida-ha-20-dias-na-regiao-de-ribeirao-preto\/","url_meta":{"origin":1156,"position":5},"title":"Fam\u00edlia faz buscas por jovem desaparecida h\u00e1 20 dias na regi\u00e3o de Ribeir\u00e3o Preto","author":"noticiasribeiraopreto.com.br","date":"29 de November de 2024","format":false,"excerpt":"Familiares de L\u00edvia Barbosa dos Santos, de 18 anos, desaparecida desde o \u00faltimo dia 9 de novembro, quando saiu de casa para trabalhar em um shopping de Ribeir\u00e3o Preto, est\u00e3o refazendo os caminhos por onde ela costuma passar e realizam at\u00e9 buscas em \u00e1reas de matas na regi\u00e3o \u00e0 procura\u2026","rel":"","context":"In &quot;Not\u00edcias de Ribeir\u00e3o Preto-SP e Regi\u00e3o&quot;","block_context":{"text":"Not\u00edcias de Ribeir\u00e3o Preto-SP e Regi\u00e3o","link":"https:\/\/noticiasribeiraopreto.com.br\/index.php\/category\/noticias-de-ribeirao-preto-sp-e-regiao-ismael-colosi\/"},"img":{"alt_text":"","src":"https:\/\/i0.wp.com\/noticiasribeiraopreto.com.br\/wp-content\/uploads\/2024\/11\/livia_2024-11-15_18-17-45_jpeg_2024-11-15_18-17-45.webp.webp?fit=1200%2C675&ssl=1&resize=350%2C200","width":350,"height":200,"srcset":"https:\/\/i0.wp.com\/noticiasribeiraopreto.com.br\/wp-content\/uploads\/2024\/11\/livia_2024-11-15_18-17-45_jpeg_2024-11-15_18-17-45.webp.webp?fit=1200%2C675&ssl=1&resize=350%2C200 1x, https:\/\/i0.wp.com\/noticiasribeiraopreto.com.br\/wp-content\/uploads\/2024\/11\/livia_2024-11-15_18-17-45_jpeg_2024-11-15_18-17-45.webp.webp?fit=1200%2C675&ssl=1&resize=525%2C300 1.5x, https:\/\/i0.wp.com\/noticiasribeiraopreto.com.br\/wp-content\/uploads\/2024\/11\/livia_2024-11-15_18-17-45_jpeg_2024-11-15_18-17-45.webp.webp?fit=1200%2C675&ssl=1&resize=700%2C400 2x, https:\/\/i0.wp.com\/noticiasribeiraopreto.com.br\/wp-content\/uploads\/2024\/11\/livia_2024-11-15_18-17-45_jpeg_2024-11-15_18-17-45.webp.webp?fit=1200%2C675&ssl=1&resize=1050%2C600 3x"},"classes":[]}],"jetpack_sharing_enabled":true,"jetpack_shortlink":"https:\/\/wp.me\/peQAOb-iE","_links":{"self":[{"href":"https:\/\/noticiasribeiraopreto.com.br\/index.php\/wp-json\/wp\/v2\/posts\/1156","targetHints":{"allow":["GET"]}}],"collection":[{"href":"https:\/\/noticiasribeiraopreto.com.br\/index.php\/wp-json\/wp\/v2\/posts"}],"about":[{"href":"https:\/\/noticiasribeiraopreto.com.br\/index.php\/wp-json\/wp\/v2\/types\/post"}],"author":[{"embeddable":true,"href":"https:\/\/noticiasribeiraopreto.com.br\/index.php\/wp-json\/wp\/v2\/users\/1"}],"replies":[{"embeddable":true,"href":"https:\/\/noticiasribeiraopreto.com.br\/index.php\/wp-json\/wp\/v2\/comments?post=1156"}],"version-history":[{"count":0,"href":"https:\/\/noticiasribeiraopreto.com.br\/index.php\/wp-json\/wp\/v2\/posts\/1156\/revisions"}],"wp:featuredmedia":[{"embeddable":true,"href":"https:\/\/noticiasribeiraopreto.com.br\/index.php\/wp-json\/wp\/v2\/media\/1157"}],"wp:attachment":[{"href":"https:\/\/noticiasribeiraopreto.com.br\/index.php\/wp-json\/wp\/v2\/media?parent=1156"}],"wp:term":[{"taxonomy":"category","embeddable":true,"href":"https:\/\/noticiasribeiraopreto.com.br\/index.php\/wp-json\/wp\/v2\/categories?post=1156"},{"taxonomy":"post_tag","embeddable":true,"href":"https:\/\/noticiasribeiraopreto.com.br\/index.php\/wp-json\/wp\/v2\/tags?post=1156"}],"curies":[{"name":"wp","href":"https:\/\/api.w.org\/{rel}","templated":true}]}}