{"id":1158,"date":"2023-11-10T16:41:10","date_gmt":"2023-11-10T19:41:10","guid":{"rendered":"https:\/\/noticiasribeiraopreto.com.br\/index.php\/2023\/11\/10\/acidente-com-caminhao-e-moto-deixa-vitima-grave-na-rodovia-anhanguera-em-ribeirao-preto\/"},"modified":"2023-11-10T16:41:10","modified_gmt":"2023-11-10T19:41:10","slug":"acidente-com-caminhao-e-moto-deixa-vitima-grave-na-rodovia-anhanguera-em-ribeirao-preto","status":"publish","type":"post","link":"https:\/\/noticiasribeiraopreto.com.br\/index.php\/2023\/11\/10\/acidente-com-caminhao-e-moto-deixa-vitima-grave-na-rodovia-anhanguera-em-ribeirao-preto\/","title":{"rendered":"Acidente com caminh\u00e3o e moto deixa v\u00edtima grave na rodovia Anhanguera em Ribeir\u00e3o Preto"},"content":{"rendered":"<div class='code-block code-block-1' style='margin: 8px 0 8px auto; text-align: right; display: block; clear: both;'>\n<p><a href=\"https:\/\/wa.link\/vpicfd\"><img data-recalc-dims=\"1\" class=\"wp-image-4922\" style=\"aspect-ratio: 2.0253164556962027; width: 561px; height: auto;\" src=\"https:\/\/i0.wp.com\/ismaelcolosi.com.br\/wp-content\/uploads\/2023\/11\/grupo-de-empregos-whatsapp-e-facebook-ismael-colosi-vagas.jpg?ssl=1\" alt=\"\" \/><\/a><\/p>\n<!-- \/wp:image -->\n<\/div>\n<p> <br \/>\n<\/p>\n<div data-td-block-uid=\"tdi_104\">\n<div class=\"tdb-block-inner td-fix-index\">\n<p>Um homem ficou em <strong>estado grave<\/strong> na tarde desta sexta-feira (10), ap\u00f3s um acidente na <strong>rodovia Anhanguera (SP-330)<\/strong>, pr\u00f3ximo ao km 317, em <strong>Ribeir\u00e3o Preto<\/strong>.<\/p>\n<p>De acordo com as primeiras informa\u00e7\u00f5es do<strong> Corpo de Bombeiros<\/strong>, trata-se de um acidente envolvendo um caminh\u00e3o e uma moto.<\/p>\n<p><strong>Uma viatura dos Bombeiros foi acionada para socorrer a v\u00edtima. <\/strong>O portal <strong>acidadeon <\/strong>acompanha o caso.<\/p>\n<p><strong><mark style=\"background-color:#fcb900\" class=\"has-inline-color\">FIQUE ON<\/mark><\/strong><\/p>\n<p>Fique ligado em tudo que acontece em Ribeir\u00e3o Preto e regi\u00e3o. Siga os perfis do\u00a0<strong>acidade on<\/strong>\u00a0no\u00a0<a href=\"https:\/\/www.instagram.com\/acidadeonribeirao\" target=\"_blank\" rel=\"noreferrer noopener\">Instagram<\/a>\u00a0e no\u00a0<a href=\"https:\/\/www.facebook.com\/acidadeonribeirao\" target=\"_blank\" rel=\"noreferrer noopener\">Facebook<\/a>.<\/p>\n<p>Receba not\u00edcias do\u00a0<strong>acidade on<\/strong>\u00a0no WhatsApp.\u00a0<a href=\"https:\/\/chat.whatsapp.com\/DfXwcjKVIddHUT3BvnQuPZ\" target=\"_blank\" rel=\"noreferrer noopener\">Para entrar no grupo, basta clicar aqui.<\/a><\/p>\n<p>Fa\u00e7a uma den\u00fancia ou sugira uma reportagem sobre a Ribeir\u00e3o Preto e regi\u00e3o pelo WhatsApp: (16) 99117 7802.<\/p>\n<p>VEJA TAMB\u00c9M<\/p>\n<p><a href=\"https:\/\/www.acidadeon.com\/ribeiraopreto\/cotidiano\/pai-e-suspeito-de-furtar-celular-do-filho-na-zona-sul-de-ribeirao-para-trocar-por-drogas\/\" target=\"_blank\" rel=\"noreferrer noopener\">Pai \u00e9 suspeito de furtar celular do filho na zona Sul de Ribeir\u00e3o para trocar por drogas<\/a><\/p>\n<p><!-- AI CONTENT END 1 -->\n<\/div>\n<\/div>\n<p><script async src=\"\/\/www.instagram.com\/embed.js\"><\/script><br \/>\n<br \/><br \/>\n<br \/><a href=\"https:\/\/www.acidadeon.com\/ribeiraopreto\/cotidiano\/acidente-com-caminhao-e-moto-deixa-vitima-grave-na-rodovia-anhanguera-em-ribeirao-preto\/\">Source link <\/a><\/p>\n<!-- CONTENT END 1 -->\n","protected":false},"excerpt":{"rendered":"<p>Um homem ficou em estado grave na tarde desta sexta-feira (10), ap\u00f3s um acidente na rodovia Anhanguera (SP-330), pr\u00f3ximo ao km 317, em Ribeir\u00e3o Preto&#8230;.<\/p>\n","protected":false},"author":1,"featured_media":1159,"comment_status":"open","ping_status":"open","sticky":false,"template":"","format":"standard","meta":{"advanced_seo_description":"","jetpack_seo_html_title":"","jetpack_seo_noindex":false,"jetpack_post_was_ever_published":false,"_jetpack_newsletter_access":"","_jetpack_dont_email_post_to_subs":false,"_jetpack_newsletter_tier_id":0,"_jetpack_memberships_contains_paywalled_content":false,"_jetpack_memberships_contains_paid_content":false,"footnotes":"","jetpack_publicize_message":"","jetpack_publicize_feature_enabled":true,"jetpack_social_post_already_shared":false,"jetpack_social_options":{"image_generator_settings":{"template":"highway","default_image_id":0,"font":"","enabled":false},"version":2}},"categories":[11],"tags":[],"class_list":["post-1158","post","type-post","status-publish","format-standard","has-post-thumbnail","hentry","category-noticias-de-ribeirao-preto-sp-e-regiao-ismael-colosi"],"jetpack_publicize_connections":[],"jetpack_featured_media_url":"https:\/\/i0.wp.com\/noticiasribeiraopreto.com.br\/wp-content\/uploads\/2023\/11\/HomemsocorridoapscairdetelhadoderesidnciaemRibeiroPreto_Tamanho_2_image.jpg?fit=1200%2C900&ssl=1","jetpack-related-posts":[{"id":69692,"url":"https:\/\/noticiasribeiraopreto.com.br\/index.php\/2025\/05\/08\/acidente-deixa-vitima-grave-e-causa-interdicao-na-anhanguera-em-ribeirao-preto\/","url_meta":{"origin":1158,"position":0},"title":"Acidente deixa v\u00edtima grave e causa interdi\u00e7\u00e3o na Anhanguera em Ribeir\u00e3o Preto","author":"noticiasribeiraopreto.com.br","date":"8 de May de 2025","format":false,"excerpt":"Um acidente deixou uma v\u00edtima em estado grave e causou interdi\u00e7\u00e3o na manh\u00e3 desta quinta-feira (8), no km 309 pela pista sentido Sul (Capital) da rodovia Anhanguera (SP-330), em Ribeir\u00e3o Preto. Segundo a concession\u00e1ria ViaPaulista, uma moto colidiu na traseira de um utilit\u00e1rio e, na sequ\u00eancia, o motociclista foi atropelado\u2026","rel":"","context":"In &quot;Not\u00edcias de Ribeir\u00e3o Preto-SP e Regi\u00e3o&quot;","block_context":{"text":"Not\u00edcias de Ribeir\u00e3o Preto-SP e Regi\u00e3o","link":"https:\/\/noticiasribeiraopreto.com.br\/index.php\/category\/noticias-de-ribeirao-preto-sp-e-regiao-ismael-colosi\/"},"img":{"alt_text":"","src":"https:\/\/i0.wp.com\/noticiasribeiraopreto.com.br\/wp-content\/uploads\/2025\/05\/ANHANGUERA_2025-05-08_11-33-06.webp.webp?fit=1200%2C619&ssl=1&resize=350%2C200","width":350,"height":200,"srcset":"https:\/\/i0.wp.com\/noticiasribeiraopreto.com.br\/wp-content\/uploads\/2025\/05\/ANHANGUERA_2025-05-08_11-33-06.webp.webp?fit=1200%2C619&ssl=1&resize=350%2C200 1x, https:\/\/i0.wp.com\/noticiasribeiraopreto.com.br\/wp-content\/uploads\/2025\/05\/ANHANGUERA_2025-05-08_11-33-06.webp.webp?fit=1200%2C619&ssl=1&resize=525%2C300 1.5x, https:\/\/i0.wp.com\/noticiasribeiraopreto.com.br\/wp-content\/uploads\/2025\/05\/ANHANGUERA_2025-05-08_11-33-06.webp.webp?fit=1200%2C619&ssl=1&resize=700%2C400 2x, https:\/\/i0.wp.com\/noticiasribeiraopreto.com.br\/wp-content\/uploads\/2025\/05\/ANHANGUERA_2025-05-08_11-33-06.webp.webp?fit=1200%2C619&ssl=1&resize=1050%2C600 3x"},"classes":[]},{"id":38466,"url":"https:\/\/noticiasribeiraopreto.com.br\/index.php\/2024\/02\/20\/acidente-com-caminhao-e-duas-motos-deixa-vitimas-na-anhanguera-em-ribeirao\/","url_meta":{"origin":1158,"position":1},"title":"Acidente com caminh\u00e3o e duas motos deixa v\u00edtimas na Anhanguera em Ribeir\u00e3o","author":"noticiasribeiraopreto.com.br","date":"20 de February de 2024","format":false,"excerpt":"Na manh\u00e3 desta ter\u00e7a-feira (20), um acidente envolvendo duas motocicletas e um caminh\u00e3o deixou duas v\u00edtimas, e causou a interdi\u00e7\u00e3o de uma faixa pelo km 311 no sentido Sul (Capital) da rodovia Anhanguera (SP-330), em Ribeir\u00e3o Preto. Segundo informa\u00e7\u00f5es da concession\u00e1ria ViaPaulista, houve uma colis\u00e3o traseira seguida de choque contra\u2026","rel":"","context":"In &quot;Not\u00edcias de Ribeir\u00e3o Preto-SP e Regi\u00e3o&quot;","block_context":{"text":"Not\u00edcias de Ribeir\u00e3o Preto-SP e Regi\u00e3o","link":"https:\/\/noticiasribeiraopreto.com.br\/index.php\/category\/noticias-de-ribeirao-preto-sp-e-regiao-ismael-colosi\/"},"img":{"alt_text":"","src":"https:\/\/i0.wp.com\/noticiasribeiraopreto.com.br\/wp-content\/uploads\/2024\/02\/policia_militar_1024x576_17072021134619.jpg?fit=1024%2C576&ssl=1&resize=350%2C200","width":350,"height":200,"srcset":"https:\/\/i0.wp.com\/noticiasribeiraopreto.com.br\/wp-content\/uploads\/2024\/02\/policia_militar_1024x576_17072021134619.jpg?fit=1024%2C576&ssl=1&resize=350%2C200 1x, https:\/\/i0.wp.com\/noticiasribeiraopreto.com.br\/wp-content\/uploads\/2024\/02\/policia_militar_1024x576_17072021134619.jpg?fit=1024%2C576&ssl=1&resize=525%2C300 1.5x, https:\/\/i0.wp.com\/noticiasribeiraopreto.com.br\/wp-content\/uploads\/2024\/02\/policia_militar_1024x576_17072021134619.jpg?fit=1024%2C576&ssl=1&resize=700%2C400 2x"},"classes":[]},{"id":53695,"url":"https:\/\/noticiasribeiraopreto.com.br\/index.php\/2024\/06\/22\/colisao-entre-carro-e-caminhao-deixa-um-ferido-na-anhanguera\/","url_meta":{"origin":1158,"position":2},"title":"Colis\u00e3o entre carro e caminh\u00e3o deixa um ferido na Anhanguera","author":"noticiasribeiraopreto.com.br","date":"22 de June de 2024","format":false,"excerpt":"Um acidente entre um carro e um caminh\u00e3o deixou uma pessoa ferida na rodovia Anhanguera, em Cravinhos, regi\u00e3o de Ribeir\u00e3o Preto, na manh\u00e3 deste s\u00e1bado (22). Segundo o Corpo de Bombeiros, a v\u00edtima chegou a ficar presa nas ferragens. O acidente aconteceu por volta das 10h30, na altura do quil\u00f4metro\u2026","rel":"","context":"In &quot;Not\u00edcias de Ribeir\u00e3o Preto-SP e Regi\u00e3o&quot;","block_context":{"text":"Not\u00edcias de Ribeir\u00e3o Preto-SP e Regi\u00e3o","link":"https:\/\/noticiasribeiraopreto.com.br\/index.php\/category\/noticias-de-ribeirao-preto-sp-e-regiao-ismael-colosi\/"},"img":{"alt_text":"","src":"https:\/\/i0.wp.com\/noticiasribeiraopreto.com.br\/wp-content\/uploads\/2024\/06\/AnyConv.com__acidente-anhanguera_2024-06-22_17-51-30.webp.webp?fit=1200%2C675&ssl=1&resize=350%2C200","width":350,"height":200,"srcset":"https:\/\/i0.wp.com\/noticiasribeiraopreto.com.br\/wp-content\/uploads\/2024\/06\/AnyConv.com__acidente-anhanguera_2024-06-22_17-51-30.webp.webp?fit=1200%2C675&ssl=1&resize=350%2C200 1x, https:\/\/i0.wp.com\/noticiasribeiraopreto.com.br\/wp-content\/uploads\/2024\/06\/AnyConv.com__acidente-anhanguera_2024-06-22_17-51-30.webp.webp?fit=1200%2C675&ssl=1&resize=525%2C300 1.5x, https:\/\/i0.wp.com\/noticiasribeiraopreto.com.br\/wp-content\/uploads\/2024\/06\/AnyConv.com__acidente-anhanguera_2024-06-22_17-51-30.webp.webp?fit=1200%2C675&ssl=1&resize=700%2C400 2x, https:\/\/i0.wp.com\/noticiasribeiraopreto.com.br\/wp-content\/uploads\/2024\/06\/AnyConv.com__acidente-anhanguera_2024-06-22_17-51-30.webp.webp?fit=1200%2C675&ssl=1&resize=1050%2C600 3x"},"classes":[]},{"id":63988,"url":"https:\/\/noticiasribeiraopreto.com.br\/index.php\/2025\/02\/26\/acidente-entre-onibus-e-caminhao-interdita-parte-da-rodovia-anhanguera\/","url_meta":{"origin":1158,"position":3},"title":"Acidente entre \u00f4nibus e caminh\u00e3o interdita parte da rodovia Anhanguera","author":"noticiasribeiraopreto.com.br","date":"26 de February de 2025","format":false,"excerpt":"Um \u00f4nibus e um carreta se envolveram em um acidente de tr\u00e2nsito no final da tarde desta quarta-feira (26), na rodovia Anhanguera (SP-330), em S\u00e3o Joaquim da Barra, cidade na regi\u00e3o de Ribeir\u00e3o Preto. De acordo com as informa\u00e7\u00f5es do CCI (Centro de Controle de Informa\u00e7\u00f5es) da Artesp, os ve\u00edculos\u2026","rel":"","context":"In &quot;Not\u00edcias de Ribeir\u00e3o Preto-SP e Regi\u00e3o&quot;","block_context":{"text":"Not\u00edcias de Ribeir\u00e3o Preto-SP e Regi\u00e3o","link":"https:\/\/noticiasribeiraopreto.com.br\/index.php\/category\/noticias-de-ribeirao-preto-sp-e-regiao-ismael-colosi\/"},"img":{"alt_text":"","src":"https:\/\/i0.wp.com\/noticiasribeiraopreto.com.br\/wp-content\/uploads\/2025\/02\/Copia-de-Copia-de-Copia-de-TAMANHO-EXATO-PARA-FOTOS-NO-SISTEMA-NOVO-2025-02-26T190501.780_2025-02-26_22-05-23_png_2025-02-26_22-05-23.webp.webp?fit=1200%2C675&ssl=1&resize=350%2C200","width":350,"height":200,"srcset":"https:\/\/i0.wp.com\/noticiasribeiraopreto.com.br\/wp-content\/uploads\/2025\/02\/Copia-de-Copia-de-Copia-de-TAMANHO-EXATO-PARA-FOTOS-NO-SISTEMA-NOVO-2025-02-26T190501.780_2025-02-26_22-05-23_png_2025-02-26_22-05-23.webp.webp?fit=1200%2C675&ssl=1&resize=350%2C200 1x, https:\/\/i0.wp.com\/noticiasribeiraopreto.com.br\/wp-content\/uploads\/2025\/02\/Copia-de-Copia-de-Copia-de-TAMANHO-EXATO-PARA-FOTOS-NO-SISTEMA-NOVO-2025-02-26T190501.780_2025-02-26_22-05-23_png_2025-02-26_22-05-23.webp.webp?fit=1200%2C675&ssl=1&resize=525%2C300 1.5x, https:\/\/i0.wp.com\/noticiasribeiraopreto.com.br\/wp-content\/uploads\/2025\/02\/Copia-de-Copia-de-Copia-de-TAMANHO-EXATO-PARA-FOTOS-NO-SISTEMA-NOVO-2025-02-26T190501.780_2025-02-26_22-05-23_png_2025-02-26_22-05-23.webp.webp?fit=1200%2C675&ssl=1&resize=700%2C400 2x, https:\/\/i0.wp.com\/noticiasribeiraopreto.com.br\/wp-content\/uploads\/2025\/02\/Copia-de-Copia-de-Copia-de-TAMANHO-EXATO-PARA-FOTOS-NO-SISTEMA-NOVO-2025-02-26T190501.780_2025-02-26_22-05-23_png_2025-02-26_22-05-23.webp.webp?fit=1200%2C675&ssl=1&resize=1050%2C600 3x"},"classes":[]},{"id":68719,"url":"https:\/\/noticiasribeiraopreto.com.br\/index.php\/2025\/04\/28\/motorista-morre-apos-acidente-com-caminhao-no-anel-viario-norte-em-ribeirao-preto\/","url_meta":{"origin":1158,"position":4},"title":"Motorista morre ap\u00f3s acidente com caminh\u00e3o no Anel Vi\u00e1rio Norte em Ribeir\u00e3o Preto","author":"noticiasribeiraopreto.com.br","date":"28 de April de 2025","format":false,"excerpt":"O motorista de um carro morreu no in\u00edcio da tarde desta segunda-feira (28) ap\u00f3s se envolver em um acidente na rodovia Alexandre Balbo (Anel Vi\u00e1rio Norte), em Ribeir\u00e3o Preto. O carro dirigido pela v\u00edtima colidiu com a traseira de um caminh\u00e3o, que seguia no sentido da rodovia Anhanguera. O acidente\u2026","rel":"","context":"In &quot;Not\u00edcias de Ribeir\u00e3o Preto-SP e Regi\u00e3o&quot;","block_context":{"text":"Not\u00edcias de Ribeir\u00e3o Preto-SP e Regi\u00e3o","link":"https:\/\/noticiasribeiraopreto.com.br\/index.php\/category\/noticias-de-ribeirao-preto-sp-e-regiao-ismael-colosi\/"},"img":{"alt_text":"","src":"https:\/\/i0.wp.com\/noticiasribeiraopreto.com.br\/wp-content\/uploads\/2025\/04\/imagem-mostra-acidente-carro-caminhao_2025-04-28_16-24-54.webp.webp?fit=1200%2C900&ssl=1&resize=350%2C200","width":350,"height":200,"srcset":"https:\/\/i0.wp.com\/noticiasribeiraopreto.com.br\/wp-content\/uploads\/2025\/04\/imagem-mostra-acidente-carro-caminhao_2025-04-28_16-24-54.webp.webp?fit=1200%2C900&ssl=1&resize=350%2C200 1x, https:\/\/i0.wp.com\/noticiasribeiraopreto.com.br\/wp-content\/uploads\/2025\/04\/imagem-mostra-acidente-carro-caminhao_2025-04-28_16-24-54.webp.webp?fit=1200%2C900&ssl=1&resize=525%2C300 1.5x, https:\/\/i0.wp.com\/noticiasribeiraopreto.com.br\/wp-content\/uploads\/2025\/04\/imagem-mostra-acidente-carro-caminhao_2025-04-28_16-24-54.webp.webp?fit=1200%2C900&ssl=1&resize=700%2C400 2x, https:\/\/i0.wp.com\/noticiasribeiraopreto.com.br\/wp-content\/uploads\/2025\/04\/imagem-mostra-acidente-carro-caminhao_2025-04-28_16-24-54.webp.webp?fit=1200%2C900&ssl=1&resize=1050%2C600 3x"},"classes":[]},{"id":63090,"url":"https:\/\/noticiasribeiraopreto.com.br\/index.php\/2025\/02\/02\/duas-pessoas-morrem-em-acidente-entre-van-e-caminhao-na-anhanguera\/","url_meta":{"origin":1158,"position":5},"title":"Duas pessoas morrem em acidente entre van e caminh\u00e3o na Anhanguera","author":"noticiasribeiraopreto.com.br","date":"2 de February de 2025","format":false,"excerpt":"Duas pessoas morreram em um acidente entre uma van e um caminh\u00e3o na rodovia Anhanguera, na altura de Orl\u00e2ndia, na regi\u00e3o de Ribeir\u00e3o Preto, na manh\u00e3 deste domingo (2). Segundo o CCI (Centro de Controle de Informa\u00e7\u00f5es) da Artesp, o acidente aconteceu por volta das 7h50, na altura do quil\u00f4metro\u2026","rel":"","context":"In &quot;Not\u00edcias de Ribeir\u00e3o Preto-SP e Regi\u00e3o&quot;","block_context":{"text":"Not\u00edcias de Ribeir\u00e3o Preto-SP e Regi\u00e3o","link":"https:\/\/noticiasribeiraopreto.com.br\/index.php\/category\/noticias-de-ribeirao-preto-sp-e-regiao-ismael-colosi\/"},"img":{"alt_text":"","src":"https:\/\/i0.wp.com\/noticiasribeiraopreto.com.br\/wp-content\/uploads\/2025\/02\/acidente-anhanguera-4_2025-02-02_15-11-08_jpeg_2025-02-02_15-11-08.webp.webp?fit=1200%2C675&ssl=1&resize=350%2C200","width":350,"height":200,"srcset":"https:\/\/i0.wp.com\/noticiasribeiraopreto.com.br\/wp-content\/uploads\/2025\/02\/acidente-anhanguera-4_2025-02-02_15-11-08_jpeg_2025-02-02_15-11-08.webp.webp?fit=1200%2C675&ssl=1&resize=350%2C200 1x, https:\/\/i0.wp.com\/noticiasribeiraopreto.com.br\/wp-content\/uploads\/2025\/02\/acidente-anhanguera-4_2025-02-02_15-11-08_jpeg_2025-02-02_15-11-08.webp.webp?fit=1200%2C675&ssl=1&resize=525%2C300 1.5x, https:\/\/i0.wp.com\/noticiasribeiraopreto.com.br\/wp-content\/uploads\/2025\/02\/acidente-anhanguera-4_2025-02-02_15-11-08_jpeg_2025-02-02_15-11-08.webp.webp?fit=1200%2C675&ssl=1&resize=700%2C400 2x, https:\/\/i0.wp.com\/noticiasribeiraopreto.com.br\/wp-content\/uploads\/2025\/02\/acidente-anhanguera-4_2025-02-02_15-11-08_jpeg_2025-02-02_15-11-08.webp.webp?fit=1200%2C675&ssl=1&resize=1050%2C600 3x"},"classes":[]}],"jetpack_sharing_enabled":true,"jetpack_shortlink":"https:\/\/wp.me\/peQAOb-iG","_links":{"self":[{"href":"https:\/\/noticiasribeiraopreto.com.br\/index.php\/wp-json\/wp\/v2\/posts\/1158","targetHints":{"allow":["GET"]}}],"collection":[{"href":"https:\/\/noticiasribeiraopreto.com.br\/index.php\/wp-json\/wp\/v2\/posts"}],"about":[{"href":"https:\/\/noticiasribeiraopreto.com.br\/index.php\/wp-json\/wp\/v2\/types\/post"}],"author":[{"embeddable":true,"href":"https:\/\/noticiasribeiraopreto.com.br\/index.php\/wp-json\/wp\/v2\/users\/1"}],"replies":[{"embeddable":true,"href":"https:\/\/noticiasribeiraopreto.com.br\/index.php\/wp-json\/wp\/v2\/comments?post=1158"}],"version-history":[{"count":0,"href":"https:\/\/noticiasribeiraopreto.com.br\/index.php\/wp-json\/wp\/v2\/posts\/1158\/revisions"}],"wp:featuredmedia":[{"embeddable":true,"href":"https:\/\/noticiasribeiraopreto.com.br\/index.php\/wp-json\/wp\/v2\/media\/1159"}],"wp:attachment":[{"href":"https:\/\/noticiasribeiraopreto.com.br\/index.php\/wp-json\/wp\/v2\/media?parent=1158"}],"wp:term":[{"taxonomy":"category","embeddable":true,"href":"https:\/\/noticiasribeiraopreto.com.br\/index.php\/wp-json\/wp\/v2\/categories?post=1158"},{"taxonomy":"post_tag","embeddable":true,"href":"https:\/\/noticiasribeiraopreto.com.br\/index.php\/wp-json\/wp\/v2\/tags?post=1158"}],"curies":[{"name":"wp","href":"https:\/\/api.w.org\/{rel}","templated":true}]}}