{"id":1160,"date":"2023-11-10T16:46:21","date_gmt":"2023-11-10T19:46:21","guid":{"rendered":"https:\/\/noticiasribeiraopreto.com.br\/index.php\/2023\/11\/10\/carro-cai-em-obra-em-avenida-de-ribeirao-preto-veja-o-video\/"},"modified":"2023-11-10T16:46:21","modified_gmt":"2023-11-10T19:46:21","slug":"carro-cai-em-obra-em-avenida-de-ribeirao-preto-veja-o-video","status":"publish","type":"post","link":"https:\/\/noticiasribeiraopreto.com.br\/index.php\/2023\/11\/10\/carro-cai-em-obra-em-avenida-de-ribeirao-preto-veja-o-video\/","title":{"rendered":"Carro cai em obra em avenida de Ribeir\u00e3o Preto; Veja o v\u00eddeo"},"content":{"rendered":"<div class='code-block code-block-1' style='margin: 8px 0 8px auto; text-align: right; display: block; clear: both;'>\n<p><a href=\"https:\/\/wa.link\/vpicfd\"><img data-recalc-dims=\"1\" class=\"wp-image-4922\" style=\"aspect-ratio: 2.0253164556962027; width: 561px; height: auto;\" src=\"https:\/\/i0.wp.com\/ismaelcolosi.com.br\/wp-content\/uploads\/2023\/11\/grupo-de-empregos-whatsapp-e-facebook-ismael-colosi-vagas.jpg?ssl=1\" alt=\"\" \/><\/a><\/p>\n<!-- \/wp:image -->\n<\/div>\n<p> <br \/>\n<\/p>\n<div data-td-block-uid=\"tdi_104\">\n<div class=\"tdb-block-inner td-fix-index\">\n<p><strong>Um carro caiu dentro da obra de constru\u00e7\u00e3o de uma galeria de \u00e1gua na avenida Francisco Junqueira, em Ribeir\u00e3o Preto. O acidente aconteceu na altura do cruzamento com a rua Marcondes Salgado.<\/strong><\/p>\n<p>Segundo apura\u00e7\u00e3o da <strong>r\u00e1dio CBN Ribeir\u00e3o<\/strong>, o motorista disse que n\u00e3o viu a obra, passou reto na interdi\u00e7\u00e3o e caiu no buraco. O ve\u00edculo foi retirado pelo guincho na tarde desta sexta-feira (10).<\/p>\n<p>Ele n\u00e3o se machucou e conseguiu sair do carro sozinho (com informa\u00e7\u00f5es CBN Ribeir\u00e3o).<\/p>\n<h4 class=\"wp-block-heading\"><strong>VEJA O V\u00cdDEO<\/strong><\/h4>\n<blockquote class=\"instagram-media\" data-instgrm-permalink=\"https:\/\/www.instagram.com\/reel\/Czei5pcO2Al\/?utm_source=ig_embed&amp;utm_campaign=loading\" data-instgrm-version=\"14\" style=\" background:#FFF; border:0; border-radius:3px; box-shadow:0 0 1px 0 rgba(0,0,0,0.5),0 1px 10px 0 rgba(0,0,0,0.15); margin: 1px; max-width:540px; min-width:326px; padding:0; width:99.375%; width:-webkit-calc(100% - 2px); width:calc(100% - 2px);\"\/>\n<h4 class=\"wp-block-heading\"><strong>FIQUE ON<\/strong><\/h4>\n<p>Fique ligado em tudo que acontece em Ribeir\u00e3o Preto e regi\u00e3o. Siga os perfis do<strong> acidade on<\/strong> no <a href=\"https:\/\/www.instagram.com\/acidadeonribeirao\/\" target=\"_blank\" rel=\"noreferrer noopener nofollow\">Instagram<\/a> e no<a href=\"https:\/\/www.facebook.com\/acidadeonribeirao\" target=\"_blank\" rel=\"noreferrer noopener nofollow\"> Facebook<\/a>.<\/p>\n<p>Receba not\u00edcias do<strong> acidade on <\/strong>no WhatsApp. <a href=\"https:\/\/chat.whatsapp.com\/Bnv2w66ZT4VDyZW3oiZ69n\" target=\"_blank\" rel=\"noreferrer noopener nofollow\">Para entrar no grupo, basta clicar aqui.<\/a><\/p>\n<p>Fa\u00e7a uma den\u00fancia ou sugira uma reportagem sobre a Ribeir\u00e3o Preto e regi\u00e3o pelo WhatsApp: (16) 99117 7802.<\/p>\n<p>LEIA MAIS<\/p>\n<p><a href=\"https:\/\/www.acidadeon.com\/ribeiraopreto\/cotidiano\/reintegracao-de-posse-pode-despejar-28-familias-em-ribeirao-preto\/\" target=\"_blank\" rel=\"noreferrer noopener nofollow\">Reintegra\u00e7\u00e3o de posse pode despejar 28 fam\u00edlias em Ribeir\u00e3o Preto<\/a><\/p>\n<p><!-- AI CONTENT END 1 -->\n<\/div>\n<\/div>\n<p><script async src=\"\/\/www.instagram.com\/embed.js\"><\/script><br \/>\n<br \/><br \/>\n<br \/><a href=\"https:\/\/www.acidadeon.com\/ribeiraopreto\/cotidiano\/carro-cai-em-obra-em-avenida-de-ribeirao-preto-veja-o-video\/\">Source link <\/a><\/p>\n<!-- CONTENT END 1 -->\n","protected":false},"excerpt":{"rendered":"<p>Um carro caiu dentro da obra de constru\u00e7\u00e3o de uma galeria de \u00e1gua na avenida Francisco Junqueira, em Ribeir\u00e3o Preto. O acidente aconteceu na altura&#8230;<\/p>\n","protected":false},"author":1,"featured_media":1161,"comment_status":"open","ping_status":"open","sticky":false,"template":"","format":"standard","meta":{"advanced_seo_description":"","jetpack_seo_html_title":"","jetpack_seo_noindex":false,"jetpack_post_was_ever_published":false,"_jetpack_newsletter_access":"","_jetpack_dont_email_post_to_subs":false,"_jetpack_newsletter_tier_id":0,"_jetpack_memberships_contains_paywalled_content":false,"_jetpack_memberships_contains_paid_content":false,"footnotes":"","jetpack_publicize_message":"","jetpack_publicize_feature_enabled":true,"jetpack_social_post_already_shared":false,"jetpack_social_options":{"image_generator_settings":{"template":"highway","default_image_id":0,"font":"","enabled":false},"version":2}},"categories":[11],"tags":[],"class_list":["post-1160","post","type-post","status-publish","format-standard","has-post-thumbnail","hentry","category-noticias-de-ribeirao-preto-sp-e-regiao-ismael-colosi"],"jetpack_publicize_connections":[],"jetpack_featured_media_url":"https:\/\/i0.wp.com\/noticiasribeiraopreto.com.br\/wp-content\/uploads\/2023\/11\/carro-cai-no-buraco.jpg?fit=1920%2C1080&ssl=1","jetpack-related-posts":[{"id":37306,"url":"https:\/\/noticiasribeiraopreto.com.br\/index.php\/2024\/02\/15\/carro-para-em-cima-de-monte-de-pedras-em-avenida-de-ribeirao-preto-veja-video\/","url_meta":{"origin":1160,"position":0},"title":"Carro para em cima de monte de pedras em avenida de Ribeir\u00e3o Preto; Veja v\u00eddeo","author":"noticiasribeiraopreto.com.br","date":"15 de February de 2024","format":false,"excerpt":"Um carro que passava pela avenida Jos\u00e9 Ant\u00f4nio Ferrarezi, no bairro Jardim Helena, na zona Leste de Ribeir\u00e3o Preto foi parar em cima de um monte de pedras que estava amontoado no meio da via p\u00fablica (veja v\u00eddeo). O motorista, a esposa e a sogra voltavam para casa quando foram\u2026","rel":"","context":"In &quot;Not\u00edcias de Ribeir\u00e3o Preto-SP e Regi\u00e3o&quot;","block_context":{"text":"Not\u00edcias de Ribeir\u00e3o Preto-SP e Regi\u00e3o","link":"https:\/\/noticiasribeiraopreto.com.br\/index.php\/category\/noticias-de-ribeirao-preto-sp-e-regiao-ismael-colosi\/"},"img":{"alt_text":"","src":"https:\/\/i0.wp.com\/noticiasribeiraopreto.com.br\/wp-content\/uploads\/2024\/02\/3-1.jpg?fit=1200%2C675&ssl=1&resize=350%2C200","width":350,"height":200,"srcset":"https:\/\/i0.wp.com\/noticiasribeiraopreto.com.br\/wp-content\/uploads\/2024\/02\/3-1.jpg?fit=1200%2C675&ssl=1&resize=350%2C200 1x, https:\/\/i0.wp.com\/noticiasribeiraopreto.com.br\/wp-content\/uploads\/2024\/02\/3-1.jpg?fit=1200%2C675&ssl=1&resize=525%2C300 1.5x, https:\/\/i0.wp.com\/noticiasribeiraopreto.com.br\/wp-content\/uploads\/2024\/02\/3-1.jpg?fit=1200%2C675&ssl=1&resize=700%2C400 2x, https:\/\/i0.wp.com\/noticiasribeiraopreto.com.br\/wp-content\/uploads\/2024\/02\/3-1.jpg?fit=1200%2C675&ssl=1&resize=1050%2C600 3x"},"classes":[]},{"id":74518,"url":"https:\/\/noticiasribeiraopreto.com.br\/index.php\/2025\/07\/24\/carro-sobe-em-canteiro-de-avenida-apos-batida-em-ribeirao-preto-video\/","url_meta":{"origin":1160,"position":1},"title":"Carro sobe em canteiro de avenida ap\u00f3s batida em Ribeir\u00e3o Preto; V\u00eddeo","author":"noticiasribeiraopreto.com.br","date":"24 de July de 2025","format":false,"excerpt":"Um carro foi parar no canteiro da avenida Independ\u00eancia depois de uma batida com outro autom\u00f3vel na manh\u00e3 desta quinta-feira (24), em Ribeir\u00e3o Preto. Assista ao v\u00eddeo abaixo. Segundo as informa\u00e7\u00f5es, a colis\u00e3o ocorreu no cruzamento das avenidas Independ\u00eancia e Nove de Julho e, apesar dos estragos, n\u00e3o houve registro\u2026","rel":"","context":"In &quot;Not\u00edcias de Ribeir\u00e3o Preto-SP e Regi\u00e3o&quot;","block_context":{"text":"Not\u00edcias de Ribeir\u00e3o Preto-SP e Regi\u00e3o","link":"https:\/\/noticiasribeiraopreto.com.br\/index.php\/category\/noticias-de-ribeirao-preto-sp-e-regiao-ismael-colosi\/"},"img":{"alt_text":"","src":"https:\/\/i0.wp.com\/noticiasribeiraopreto.com.br\/wp-content\/uploads\/2025\/07\/WhatsApp-Image-2025-07-24-at-08.03.10_2025-07-24_11-04-22.webp.webp?fit=1200%2C835&ssl=1&resize=350%2C200","width":350,"height":200,"srcset":"https:\/\/i0.wp.com\/noticiasribeiraopreto.com.br\/wp-content\/uploads\/2025\/07\/WhatsApp-Image-2025-07-24-at-08.03.10_2025-07-24_11-04-22.webp.webp?fit=1200%2C835&ssl=1&resize=350%2C200 1x, https:\/\/i0.wp.com\/noticiasribeiraopreto.com.br\/wp-content\/uploads\/2025\/07\/WhatsApp-Image-2025-07-24-at-08.03.10_2025-07-24_11-04-22.webp.webp?fit=1200%2C835&ssl=1&resize=525%2C300 1.5x, https:\/\/i0.wp.com\/noticiasribeiraopreto.com.br\/wp-content\/uploads\/2025\/07\/WhatsApp-Image-2025-07-24-at-08.03.10_2025-07-24_11-04-22.webp.webp?fit=1200%2C835&ssl=1&resize=700%2C400 2x, https:\/\/i0.wp.com\/noticiasribeiraopreto.com.br\/wp-content\/uploads\/2025\/07\/WhatsApp-Image-2025-07-24-at-08.03.10_2025-07-24_11-04-22.webp.webp?fit=1200%2C835&ssl=1&resize=1050%2C600 3x"},"classes":[]},{"id":24470,"url":"https:\/\/noticiasribeiraopreto.com.br\/index.php\/2024\/01\/04\/carro-completa-cinco-dias-em-corrego-de-ribeirao-preto-video\/","url_meta":{"origin":1160,"position":2},"title":"Carro completa cinco dias em c\u00f3rrego de Ribeir\u00e3o Preto; V\u00eddeo","author":"noticiasribeiraopreto.com.br","date":"4 de January de 2024","format":false,"excerpt":"Um carro que caiu no c\u00f3rrego que corta a avenida Eduardo Andrea Matarezzo, a Via Norte, em Ribeir\u00e3o Preto, continua na \u00e1gua cinco dias ap\u00f3s o acidente \u2013 veja o v\u00eddeo abaixo. O ve\u00edculo est\u00e1 pr\u00f3ximo do cruzamento com a rua S\u00e3o Francisco. De acordo com apura\u00e7\u00e3o da EPTV, a\u2026","rel":"","context":"In &quot;Not\u00edcias de Ribeir\u00e3o Preto-SP e Regi\u00e3o&quot;","block_context":{"text":"Not\u00edcias de Ribeir\u00e3o Preto-SP e Regi\u00e3o","link":"https:\/\/noticiasribeiraopreto.com.br\/index.php\/category\/noticias-de-ribeirao-preto-sp-e-regiao-ismael-colosi\/"},"img":{"alt_text":"","src":"https:\/\/i0.wp.com\/noticiasribeiraopreto.com.br\/wp-content\/uploads\/2024\/01\/carro-corrego.jpg?fit=844%2C471&ssl=1&resize=350%2C200","width":350,"height":200,"srcset":"https:\/\/i0.wp.com\/noticiasribeiraopreto.com.br\/wp-content\/uploads\/2024\/01\/carro-corrego.jpg?fit=844%2C471&ssl=1&resize=350%2C200 1x, https:\/\/i0.wp.com\/noticiasribeiraopreto.com.br\/wp-content\/uploads\/2024\/01\/carro-corrego.jpg?fit=844%2C471&ssl=1&resize=525%2C300 1.5x, https:\/\/i0.wp.com\/noticiasribeiraopreto.com.br\/wp-content\/uploads\/2024\/01\/carro-corrego.jpg?fit=844%2C471&ssl=1&resize=700%2C400 2x"},"classes":[]},{"id":46359,"url":"https:\/\/noticiasribeiraopreto.com.br\/index.php\/2024\/04\/11\/motorista-cai-com-carro-em-buraco-de-obra-no-centro-de-ribeirao-preto\/","url_meta":{"origin":1160,"position":3},"title":"Motorista cai com carro em buraco de obra no Centro de Ribeir\u00e3o Preto","author":"noticiasribeiraopreto.com.br","date":"11 de April de 2024","format":false,"excerpt":"Um motorista caiu com o carro em uma obra na manh\u00e3 desta quinta-feira (11), no cruzamento das ruas S\u00e3o Sebasti\u00e3o e Visconde de Inha\u00fama, no Centro de Ribeir\u00e3o Preto. O condutor afirmou que no local, onde ocorre um reparo emergencial devido ao rompimento de uma adutora, n\u00e3o havia sinaliza\u00e7\u00e3o. Houve\u2026","rel":"","context":"In &quot;Not\u00edcias de Ribeir\u00e3o Preto-SP e Regi\u00e3o&quot;","block_context":{"text":"Not\u00edcias de Ribeir\u00e3o Preto-SP e Regi\u00e3o","link":"https:\/\/noticiasribeiraopreto.com.br\/index.php\/category\/noticias-de-ribeirao-preto-sp-e-regiao-ismael-colosi\/"},"img":{"alt_text":"","src":"https:\/\/i0.wp.com\/noticiasribeiraopreto.com.br\/wp-content\/uploads\/2024\/04\/CARRO_BURACO.jpg?fit=1200%2C784&ssl=1&resize=350%2C200","width":350,"height":200,"srcset":"https:\/\/i0.wp.com\/noticiasribeiraopreto.com.br\/wp-content\/uploads\/2024\/04\/CARRO_BURACO.jpg?fit=1200%2C784&ssl=1&resize=350%2C200 1x, https:\/\/i0.wp.com\/noticiasribeiraopreto.com.br\/wp-content\/uploads\/2024\/04\/CARRO_BURACO.jpg?fit=1200%2C784&ssl=1&resize=525%2C300 1.5x, https:\/\/i0.wp.com\/noticiasribeiraopreto.com.br\/wp-content\/uploads\/2024\/04\/CARRO_BURACO.jpg?fit=1200%2C784&ssl=1&resize=700%2C400 2x, https:\/\/i0.wp.com\/noticiasribeiraopreto.com.br\/wp-content\/uploads\/2024\/04\/CARRO_BURACO.jpg?fit=1200%2C784&ssl=1&resize=1050%2C600 3x"},"classes":[]},{"id":84121,"url":"https:\/\/noticiasribeiraopreto.com.br\/index.php\/2026\/04\/02\/arvore-cai-e-atinge-carro-em-avenida-de-ribeirao-preto-video\/","url_meta":{"origin":1160,"position":4},"title":"\u00c1rvore cai e atinge carro em avenida de Ribeir\u00e3o Preto; V\u00eddeo","author":"noticiasribeiraopreto.com.br","date":"2 de April de 2026","format":false,"excerpt":"Ler o resumo da not\u00edcia \u00c1rvore caiu sobre carro na manh\u00e3 desta quinta-feira (2) na avenue Luis Galv\u00e3o C\u00e9sar, em Ribeir\u00e3o Preto. Casal estava no ve\u00edculo e saiu ileso; condutora havia parado em sem\u00e1foro pr\u00f3ximo ao Hospital Veterin\u00e1rio. N\u00e3o chovia no momento, mas chuva forte foi registrada na noite anterior\u2026","rel":"","context":"In &quot;Not\u00edcias de Ribeir\u00e3o Preto-SP e Regi\u00e3o&quot;","block_context":{"text":"Not\u00edcias de Ribeir\u00e3o Preto-SP e Regi\u00e3o","link":"https:\/\/noticiasribeiraopreto.com.br\/index.php\/category\/noticias-de-ribeirao-preto-sp-e-regiao-ismael-colosi\/"},"img":{"alt_text":"","src":"https:\/\/i0.wp.com\/noticiasribeiraopreto.com.br\/wp-content\/uploads\/2026\/04\/WhatsApp-Image-2026-04-02-at-08.04.36_2026-04-02_12-06-24.webp.webp?fit=1200%2C900&ssl=1&resize=350%2C200","width":350,"height":200,"srcset":"https:\/\/i0.wp.com\/noticiasribeiraopreto.com.br\/wp-content\/uploads\/2026\/04\/WhatsApp-Image-2026-04-02-at-08.04.36_2026-04-02_12-06-24.webp.webp?fit=1200%2C900&ssl=1&resize=350%2C200 1x, https:\/\/i0.wp.com\/noticiasribeiraopreto.com.br\/wp-content\/uploads\/2026\/04\/WhatsApp-Image-2026-04-02-at-08.04.36_2026-04-02_12-06-24.webp.webp?fit=1200%2C900&ssl=1&resize=525%2C300 1.5x, https:\/\/i0.wp.com\/noticiasribeiraopreto.com.br\/wp-content\/uploads\/2026\/04\/WhatsApp-Image-2026-04-02-at-08.04.36_2026-04-02_12-06-24.webp.webp?fit=1200%2C900&ssl=1&resize=700%2C400 2x, https:\/\/i0.wp.com\/noticiasribeiraopreto.com.br\/wp-content\/uploads\/2026\/04\/WhatsApp-Image-2026-04-02-at-08.04.36_2026-04-02_12-06-24.webp.webp?fit=1200%2C900&ssl=1&resize=1050%2C600 3x"},"classes":[]},{"id":84185,"url":"https:\/\/noticiasribeiraopreto.com.br\/index.php\/2026\/04\/03\/carro-fica-destruido-apos-ser-atingido-em-avenida-de-ribeirao-preto\/","url_meta":{"origin":1160,"position":5},"title":"Carro fica destru\u00eddo ap\u00f3s ser atingido em avenida de Ribeir\u00e3o Preto","author":"noticiasribeiraopreto.com.br","date":"3 de April de 2026","format":false,"excerpt":"Ler o resumo da not\u00edcia Carro fica destru\u00eddo ap\u00f3s ser atingido em avenida de Ribeir\u00e3o Preto Um homem fugiu do local de um acidente no cruzamento das avenidas Recife e Thomaz Alberto Whately, na zona Norte de Ribeir\u00e3o Preto, na manh\u00e3 desta sexta-feira (3), ap\u00f3s bater duas vezes na traseira\u2026","rel":"","context":"In &quot;Not\u00edcias de Ribeir\u00e3o Preto-SP e Regi\u00e3o&quot;","block_context":{"text":"Not\u00edcias de Ribeir\u00e3o Preto-SP e Regi\u00e3o","link":"https:\/\/noticiasribeiraopreto.com.br\/index.php\/category\/noticias-de-ribeirao-preto-sp-e-regiao-ismael-colosi\/"},"img":{"alt_text":"","src":"https:\/\/i0.wp.com\/noticiasribeiraopreto.com.br\/wp-content\/uploads\/2026\/04\/acidente-capa_2026-04-03_15-31-01.webp.webp?fit=1200%2C675&ssl=1&resize=350%2C200","width":350,"height":200,"srcset":"https:\/\/i0.wp.com\/noticiasribeiraopreto.com.br\/wp-content\/uploads\/2026\/04\/acidente-capa_2026-04-03_15-31-01.webp.webp?fit=1200%2C675&ssl=1&resize=350%2C200 1x, https:\/\/i0.wp.com\/noticiasribeiraopreto.com.br\/wp-content\/uploads\/2026\/04\/acidente-capa_2026-04-03_15-31-01.webp.webp?fit=1200%2C675&ssl=1&resize=525%2C300 1.5x, https:\/\/i0.wp.com\/noticiasribeiraopreto.com.br\/wp-content\/uploads\/2026\/04\/acidente-capa_2026-04-03_15-31-01.webp.webp?fit=1200%2C675&ssl=1&resize=700%2C400 2x, https:\/\/i0.wp.com\/noticiasribeiraopreto.com.br\/wp-content\/uploads\/2026\/04\/acidente-capa_2026-04-03_15-31-01.webp.webp?fit=1200%2C675&ssl=1&resize=1050%2C600 3x"},"classes":[]}],"jetpack_sharing_enabled":true,"jetpack_shortlink":"https:\/\/wp.me\/peQAOb-iI","_links":{"self":[{"href":"https:\/\/noticiasribeiraopreto.com.br\/index.php\/wp-json\/wp\/v2\/posts\/1160","targetHints":{"allow":["GET"]}}],"collection":[{"href":"https:\/\/noticiasribeiraopreto.com.br\/index.php\/wp-json\/wp\/v2\/posts"}],"about":[{"href":"https:\/\/noticiasribeiraopreto.com.br\/index.php\/wp-json\/wp\/v2\/types\/post"}],"author":[{"embeddable":true,"href":"https:\/\/noticiasribeiraopreto.com.br\/index.php\/wp-json\/wp\/v2\/users\/1"}],"replies":[{"embeddable":true,"href":"https:\/\/noticiasribeiraopreto.com.br\/index.php\/wp-json\/wp\/v2\/comments?post=1160"}],"version-history":[{"count":0,"href":"https:\/\/noticiasribeiraopreto.com.br\/index.php\/wp-json\/wp\/v2\/posts\/1160\/revisions"}],"wp:featuredmedia":[{"embeddable":true,"href":"https:\/\/noticiasribeiraopreto.com.br\/index.php\/wp-json\/wp\/v2\/media\/1161"}],"wp:attachment":[{"href":"https:\/\/noticiasribeiraopreto.com.br\/index.php\/wp-json\/wp\/v2\/media?parent=1160"}],"wp:term":[{"taxonomy":"category","embeddable":true,"href":"https:\/\/noticiasribeiraopreto.com.br\/index.php\/wp-json\/wp\/v2\/categories?post=1160"},{"taxonomy":"post_tag","embeddable":true,"href":"https:\/\/noticiasribeiraopreto.com.br\/index.php\/wp-json\/wp\/v2\/tags?post=1160"}],"curies":[{"name":"wp","href":"https:\/\/api.w.org\/{rel}","templated":true}]}}