{"id":11603,"date":"2023-12-06T14:01:55","date_gmt":"2023-12-06T17:01:55","guid":{"rendered":"https:\/\/noticiasribeiraopreto.com.br\/index.php\/2023\/12\/06\/instituto-federal-oferece-cursos-gratuitos-presenciais-e-na-modalidade-ead-certificado\/"},"modified":"2023-12-06T14:01:55","modified_gmt":"2023-12-06T17:01:55","slug":"instituto-federal-oferece-cursos-gratuitos-presenciais-e-na-modalidade-ead-certificado","status":"publish","type":"post","link":"https:\/\/noticiasribeiraopreto.com.br\/index.php\/2023\/12\/06\/instituto-federal-oferece-cursos-gratuitos-presenciais-e-na-modalidade-ead-certificado\/","title":{"rendered":"Instituto Federal oferece cursos gratuitos presenciais e na modalidade EAD + certificado!\u00a0"},"content":{"rendered":"<div class='code-block code-block-1' style='margin: 8px 0 8px auto; text-align: right; display: block; clear: both;'>\n<p><a href=\"https:\/\/wa.link\/vpicfd\"><img data-recalc-dims=\"1\" class=\"wp-image-4922\" style=\"aspect-ratio: 2.0253164556962027; width: 561px; height: auto;\" src=\"https:\/\/i0.wp.com\/ismaelcolosi.com.br\/wp-content\/uploads\/2023\/11\/grupo-de-empregos-whatsapp-e-facebook-ismael-colosi-vagas.jpg?ssl=1\" alt=\"\" \/><\/a><\/p>\n<!-- \/wp:image -->\n<\/div>\n<p> <br \/>\n<\/p>\n<div>\n<figure><picture><source srcset=\"https:\/\/clickpetroleoegas.com.br\/wp-content\/uploads\/2023\/12\/Instituto-Federal-oferece-cursos-gratuitos-presenciais-e-na-modalidade-EAD-certificado--830x450.jpg.webp\" type=\"image\/webp\"><img data-recalc-dims=\"1\" loading=\"lazy\" width=\"830\" height=\"450\" src=\"https:\/\/i0.wp.com\/clickpetroleoegas.com.br\/wp-content\/uploads\/2023\/12\/Instituto-Federal-oferece-cursos-gratuitos-presenciais-e-na-modalidade-EAD-certificado--830x450.jpg?resize=830%2C450&#038;ssl=1\" class=\"fdnw-post-thumbnail fdnw-first-card-thumbnail wp-post-image\" alt=\"Instituto Federal oferece cursos gratuitos presenciais e na modalidade EAD + certificado!\u00a0\" decoding=\"async\" data-eio=\"p\"\/><\/source><\/picture><figcaption class=\"fdnw-image-caption\">Foto: Freepik<\/figcaption><\/figure>\n<p>O<a href=\"https:\/\/www.ifsc.edu.br\" target=\"_blank\" rel=\"noreferrer noopener nofollow\" class=\"external\"> Instituto Federal de Santa Catarina<\/a> (IFSC) est\u00e1 com inscri\u00e7\u00f5es abertas at\u00e9 o dia 20 de dezembro para tr\u00eas <strong>cursos gratuitos EAD de p\u00f3s-gradua\u00e7\u00e3o lato sensu<\/strong>. As vagas s\u00e3o para os cursos de Ensino de L\u00edngua Estrangeira para a Educa\u00e7\u00e3o B\u00e1sica, Tecnologias para a Educa\u00e7\u00e3o Profissional e Tecnol\u00f3gica, ambos na modalidade a dist\u00e2ncia (EAD) e Educa\u00e7\u00e3o Ambiental com foco na Forma\u00e7\u00e3o de Professores, curso presencial no campus S\u00e3o Jos\u00e9.<\/p>\n<h2 class=\"wp-block-heading\" id=\"h-cursos-gratuitos-ead-do-instituto-federal-de-santa-catarina\"><strong>Cursos gratuitos EAD do Instituto Federal de Santa Catarina<\/strong><\/h2>\n<p>O <strong>curso de Ensino de L\u00edngua Estrangeira para a Educa\u00e7\u00e3o B\u00e1sica<\/strong> tem como objetivo formar professores investigadores especializados em abordagem de ensino de l\u00ednguas estrangeiras (LE) para educa\u00e7\u00e3o b\u00e1sica, contribuir para que professores de LE ressignifiquem suas pr\u00e1ticas pedag\u00f3gicas no contexto da Educa\u00e7\u00e3o B\u00e1sica e ressignificar o conceito de cultura digital no \u00e2mbito da Educa\u00e7\u00e3o B\u00e1sica.<\/p>\n<p> <span class=\"fdnw-card-article-related\"> <span class=\"h4 fdnw-card-article-related-title\">Artigos recomendados<\/span> <\/span> <\/p>\n<p>O <strong>curso de Tecnologias para a Educa\u00e7\u00e3o Profissional e Tecnol\u00f3gica<\/strong> tem como objetivo desenvolver conhecimentos te\u00f3ricos-metodol\u00f3gicos sobre a doc\u00eancia na Educa\u00e7\u00e3o Profissional e Tecnol\u00f3gica, em uma perspectiva hist\u00f3rico-cr\u00edtica, em prol de uma atua\u00e7\u00e3o profissional reflexiva e que busque a transforma\u00e7\u00e3o social e a emancipa\u00e7\u00e3o humana. Tamb\u00e9m visa formar especialistas capazes de refletir criticamente a EPT, sistematizar e produzir conhecimentos nessa modalidade educacional.<\/p>\n<p>Por fim, o <strong>curso de Educa\u00e7\u00e3o Ambiental<\/strong> com foco na Forma\u00e7\u00e3o de Professores tem como objetivo geral oferecer aos profissionais de educa\u00e7\u00e3o, capacita\u00e7\u00e3o em n\u00edvel de especializa\u00e7\u00e3o, na \u00e1rea de educa\u00e7\u00e3o ambiental, buscando contribuir na forma\u00e7\u00e3o de sujeitos socioambientalmente respons\u00e1veis. <\/p>\n<p>Tamb\u00e9m visa <strong>oportunizar aos profissionais de espa\u00e7os educativos formais e n\u00e3o formais<\/strong>, o contato com pesquisas em educa\u00e7\u00e3o ambiental, promover o ensino interdisciplinar e contextualizado da educa\u00e7\u00e3o ambiental, propiciando um espa\u00e7o de discuss\u00e3o e aperfei\u00e7oamento profissional atrav\u00e9s da educa\u00e7\u00e3o continuada e permanente.<\/p>\n<div class=\"code-block code-block-5\" style=\"margin: 8px auto; text-align: center; display: block; clear: both;\"> <a href=\"https:\/\/suaads.com\/ref\/ISMAELCOLOSI\" target=\"_blank\" rel=\"noopener\"><img data-recalc-dims=\"1\" decoding=\"async\" src=\"https:\/\/i0.wp.com\/suaurl.com\/img\/bannersref\/s.png?ssl=1\" alt=\"SuaUrl\"  style=\"max-width: 100%;\" class=\"lazy\" loading=\"lazy\"\/><noscript><img data-recalc-dims=\"1\" decoding=\"async\" src=\"https:\/\/i0.wp.com\/suaurl.com\/img\/bannersref\/s.png?ssl=1\" alt=\"SuaUrl\"  style=\"max-width: 100%;\"\/><\/noscript><\/a><\/div>\n<h2 class=\"wp-block-heading\" id=\"h-saiba-como-concorrer-aos-cursos-gratuitos-ead-e-presenciais-do-ifsc\"><strong>Saiba como concorrer aos cursos gratuitos EAD e presenciais do IFSC<\/strong><\/h2>\n<p>Os interessados nos cursos gratuitos do Instituto Federal devem se inscrever pelo Portal de Inscri\u00e7\u00f5es (Editais 17 e 18), os candidatos devem clicar em \u201cInscri\u00e7\u00e3o e Acompanhamento\u201d, selecionar\u00a0 <strong>\u201cQuero me inscrever\u201d<\/strong>, escolher o campus e curso, preencher os dados solicitados, averiguar os dados, gerar e salvar o comprovante de inscri\u00e7\u00e3o.<\/p>\n<p>J\u00e1 para se inscrever no SIG Certame (Edital 19), os candidatos devem clicar no bot\u00e3o \u201c<strong>Participar<\/strong>\u201d no quadro \u201cEstude no IFSC\u201d, selecionar o edital desejado, selecionar a cidade da oferta, selecionar o curso gratuito, acessar com seus dados ou realizar um cadastro, responder ao question\u00e1rio socioecon\u00f4mico, gerar e salvar o comprovante de inscri\u00e7\u00e3o, clicar em \u201cFinalizar e Sair\u201d.<\/p>\n<p>O processo seletivo para os tr\u00eas <a href=\"https:\/\/clickpetroleoegas.com.br\/marinha-do-brasil-abre-410-vagas-de-emprego-sem-concurso-ate-quinta-feira-com-salarios-acima-de-r-9-mil\/\" target=\"_blank\" rel=\"noreferrer noopener\">cursos gratuitos EAD<\/a> ser\u00e1 realizado por sorteio p\u00fablico, realizado em 21 de dezembro. A divulga\u00e7\u00e3o dos selecionados em primeira chamada ser\u00e1 no dia 22 do mesmo m\u00eas. Todos os cursos gratuitos EAD come\u00e7am as aulas em 2024.<\/p>\n<h2 class=\"wp-block-heading\" id=\"h-instituto-federal-de-santa-catarina-oferece-outros-cursos-gratuitos-ead\"><strong>Instituto Federal de Santa Catarina oferece outros cursos gratuitos EAD<\/strong><\/h2>\n<p>O Instituto Federal de Santa Catarina <strong>est\u00e1 com inscri\u00e7\u00f5es abertas at\u00e9 o dia 4 de janeiro de 2024 para o curso de Mestrado Profissional em Educa\u00e7\u00e3o Profissional e Tecnol\u00f3gica (ProfEPT)<\/strong>, que possui vagas em todo o pa\u00eds, sendo 24 ofertadas pelo campus Florian\u00f3polis do IFSC. O processo seletivo ser\u00e1 atrav\u00e9s de uma prova objetiva, realizada em 25 de fevereiro de 2024. A divulga\u00e7\u00e3o dos selecionados ser\u00e1 em 13 de mar\u00e7o e as aulas come\u00e7am a partir de 2 de abril.<\/p>\n<p>Vale destacar que o Instituto Federal \u00e9 uma autarquia federal vinculada ao Minist\u00e9rio da Educa\u00e7\u00e3o (MEC) por meio da Secretaria de Educa\u00e7\u00e3o Profissional e Tecnol\u00f3gica (SETEC). Tem sede em Florian\u00f3polis, com autonomia administrativa, financeira, patrimonial, did\u00e1tico-pedag\u00f3gica e disciplinar.<\/p>\n<div class=\"code-block code-block-10\" style=\"margin: 8px auto; text-align: center; display: block; clear: both;\">\n<hr class=\"wp-block-separator has-alpha-channel-opacity is-style-wide\"\/>\n<p>Voc\u00ea quer receber apenas not\u00edcias e vagas de emprego do seu interesse? A solu\u00e7\u00e3o chegou atrav\u00e9s do app <a href=\"https:\/\/play.google.com\/store\/apps\/details?id=com.clickpetroleoapp&amp;hl=pt&amp;gl=US\" class=\"external\" rel=\"nofollow noopener\" target=\"_blank\"><strong>CPG VAGAS E NOT\u00cdCIAS!<\/strong><\/a> Se voc\u00ea \u00e9 pintor, vai receber no seu celular apenas oportunidades neste cargo. E ser\u00e1 assim com pedreiro, t\u00e9cnico, engenheiro e etc\u2026.. N\u00e3o perca nada do que acontece no mercado de trabalho e econ\u00f4mico do Brasil, baixe agora o app <a href=\"https:\/\/play.google.com\/store\/apps\/details?id=com.clickpetroleoapp&amp;hl=pt&amp;gl=US\" class=\"external\" rel=\"nofollow noopener\" target=\"_blank\">CPG VAGAS E NOT\u00cdCIAS, dispon\u00edvel para Android e IOS!<\/a><\/p>\n<figure class=\"wp-block-image aligncenter size-full\"><a href=\"https:\/\/play.google.com\/store\/apps\/details?id=com.clickpetroleoapp&amp;hl=pt&amp;gl=US\" target=\"_blank\" rel=\"noreferrer noopener nofollow\" class=\"external\"><img data-recalc-dims=\"1\" decoding=\"async\" width=\"1280\" height=\"387\" alt=\"APP CPG VAGAS E NOT\u00cdCIAS\" class=\"wp-image-105306 ewww_webp_lazy_load lazy\" src=\"https:\/\/i0.wp.com\/clickpetroleoegas.com.br\/wp-content\/uploads\/2023\/09\/Aplicativo-de-vagas-de-empregos-e-noticias-da-sua-regiao.jpg.webp?resize=1280%2C387&#038;ssl=1\" loading=\"lazy\"\/><noscript><img data-recalc-dims=\"1\" loading=\"lazy\" decoding=\"async\" width=\"1280\" height=\"387\" alt=\"APP CPG VAGAS E NOT\u00cdCIAS\" class=\"wp-image-105306 ewww_webp_lazy_load\" src=\"https:\/\/i0.wp.com\/clickpetroleoegas.com.br\/wp-content\/uploads\/2023\/09\/Aplicativo-de-vagas-de-empregos-e-noticias-da-sua-regiao.jpg.webp?resize=1280%2C387&#038;ssl=1\"\/><\/noscript><noscript><img data-recalc-dims=\"1\" loading=\"lazy\" decoding=\"async\" width=\"1280\" height=\"387\" src=\"https:\/\/i0.wp.com\/clickpetroleoegas.com.br\/wp-content\/uploads\/2023\/09\/Aplicativo-de-vagas-de-empregos-e-noticias-da-sua-regiao.jpg?resize=1280%2C387&#038;ssl=1\" alt=\"APP CPG VAGAS E NOT\u00cdCIAS\" class=\"wp-image-105306\"\/><\/noscript><\/a><\/figure>\n<\/p><\/div>\n<\/p><\/div>\n<p><script type=\"text\/plain\" data-service=\"facebook\" data-category=\"marketing\">\n!function(f,b,e,v,n,t,s)\n{if(f.fbq)return;n=f.fbq=function(){n.callMethod?\nn.callMethod.apply(n,arguments):n.queue.push(arguments)};\nif(!f._fbq)f._fbq=n;n.push=n;n.loaded=!0;n.version='2.0';\nn.queue=[];t=b.createElement(e);t.async=!0;\nt.src=v;s=b.getElementsByTagName(e)[0];\ns.parentNode.insertBefore(t,s)}(window, document,'script',\n'https:\/\/connect.facebook.net\/en_US\/fbevents.js');\nfbq('init', '5536651029690406');\nfbq('track', 'PageView');\n<\/script><script type=\"text\/plain\" data-service=\"facebook\" data-category=\"marketing\" async defer crossorigin=\"anonymous\" data-rocket-data-cmplz-src=\"https:\/\/connect.facebook.net\/en_US\/sdk.js#xfbml=1&#038;version=v12.0&amp;appId=1127332727839552&#038;autoLogAppEvents=1\">\n<\/script><br \/>\n<br \/><br \/>\n<br \/><a href=\"https:\/\/ismaelcolosi.com.br\/instituto-federal-oferece-cursos-gratuitos-presenciais-e-na-modalidade-ead-certificado\/\">Source link <\/a><\/p>\n<!-- CONTENT END 1 -->\n","protected":false},"excerpt":{"rendered":"<p>Foto: Freepik O Instituto Federal de Santa Catarina (IFSC) est\u00e1 com inscri\u00e7\u00f5es abertas at\u00e9 o dia 20 de dezembro para tr\u00eas cursos gratuitos EAD de&#8230;<\/p>\n","protected":false},"author":1,"featured_media":11604,"comment_status":"open","ping_status":"open","sticky":false,"template":"","format":"standard","meta":{"advanced_seo_description":"","jetpack_seo_html_title":"","jetpack_seo_noindex":false,"jetpack_post_was_ever_published":false,"_jetpack_newsletter_access":"","_jetpack_dont_email_post_to_subs":false,"_jetpack_newsletter_tier_id":0,"_jetpack_memberships_contains_paywalled_content":false,"_jetpack_memberships_contains_paid_content":false,"footnotes":"","jetpack_publicize_message":"","jetpack_publicize_feature_enabled":true,"jetpack_social_post_already_shared":true,"jetpack_social_options":{"image_generator_settings":{"template":"highway","default_image_id":0,"font":"","enabled":false},"version":2}},"categories":[7],"tags":[],"class_list":["post-11603","post","type-post","status-publish","format-standard","has-post-thumbnail","hentry","category-vagas-de-empregos-em-ribeirao-preto-regiao-brasil"],"jetpack_publicize_connections":[],"jetpack_featured_media_url":"https:\/\/i0.wp.com\/noticiasribeiraopreto.com.br\/wp-content\/uploads\/2023\/12\/Instituto-Federal-oferece-cursos-gratuitos-presenciais-e-na-modalidade-EAD-certificado-830x450.jpg?fit=830%2C450&ssl=1","jetpack-related-posts":[{"id":22214,"url":"https:\/\/noticiasribeiraopreto.com.br\/index.php\/2023\/12\/29\/instituto-federal-oferece-mais-de-5600-vagas-em-cursos-tecnicos-gratuitos-ead-com-inicio-em-2024\/","url_meta":{"origin":11603,"position":0},"title":"Instituto Federal oferece mais de 5600 vagas em cursos t\u00e9cnicos GRATUITOS EAD com in\u00edcio em 2024","author":"noticiasribeiraopreto.com.br","date":"29 de December de 2023","format":false,"excerpt":"Foto: Canva As 5600 vagas ofertadas pelo Instituto Federal s\u00e3o distribu\u00eddas em 11 op\u00e7\u00f5es de cursos t\u00e9cnicos gratuitos, para estudar EAD. O Instituto Federal de Educa\u00e7\u00e3o, Ci\u00eancia e Tecnologia do Sul de Minas Gerais (IFSULDEMINAS) anunciou a abertura das inscri\u00e7\u00f5es para o processo seletivo de cursos t\u00e9cnicos gratuitos na modalidade\u2026","rel":"","context":"In &quot;Vagas de Emprego em Ribeir\u00e3o Preto-SP&quot;","block_context":{"text":"Vagas de Emprego em Ribeir\u00e3o Preto-SP","link":"https:\/\/noticiasribeiraopreto.com.br\/index.php\/category\/empregos-classificados-vagas-trabalho\/vagas-de-empregos-em-ribeirao-preto-regiao-brasil\/"},"img":{"alt_text":"","src":"https:\/\/i0.wp.com\/noticiasribeiraopreto.com.br\/wp-content\/uploads\/2023\/12\/instituto-federal-oferece-mais-de-5600-vagas-em-cursos-tecnicos-gratuitos-ead-com-inicio-em-2024-830x450.png?fit=830%2C450&ssl=1&resize=350%2C200","width":350,"height":200,"srcset":"https:\/\/i0.wp.com\/noticiasribeiraopreto.com.br\/wp-content\/uploads\/2023\/12\/instituto-federal-oferece-mais-de-5600-vagas-em-cursos-tecnicos-gratuitos-ead-com-inicio-em-2024-830x450.png?fit=830%2C450&ssl=1&resize=350%2C200 1x, https:\/\/i0.wp.com\/noticiasribeiraopreto.com.br\/wp-content\/uploads\/2023\/12\/instituto-federal-oferece-mais-de-5600-vagas-em-cursos-tecnicos-gratuitos-ead-com-inicio-em-2024-830x450.png?fit=830%2C450&ssl=1&resize=525%2C300 1.5x, https:\/\/i0.wp.com\/noticiasribeiraopreto.com.br\/wp-content\/uploads\/2023\/12\/instituto-federal-oferece-mais-de-5600-vagas-em-cursos-tecnicos-gratuitos-ead-com-inicio-em-2024-830x450.png?fit=830%2C450&ssl=1&resize=700%2C400 2x"},"classes":[]},{"id":8756,"url":"https:\/\/noticiasribeiraopreto.com.br\/index.php\/2023\/11\/30\/ita-tem-vagas-para-cursos-gratuitos-e-ead-na-area-de-tecnologia\/","url_meta":{"origin":11603,"position":1},"title":"ITA tem vagas para cursos gratuitos e EaD na \u00e1rea de tecnologia","author":"noticiasribeiraopreto.com.br","date":"30 de November de 2023","format":false,"excerpt":"O Instituto Tecnol\u00f3gico de Aeron\u00e1utica (ITA) anunciou recentemente uma s\u00e9rie de cursos gratuitos na \u00e1rea de tecnologia. A inten\u00e7\u00e3o \u00e9 ampliar o acesso ao conhecimento nesta \u00e1rea t\u00e3o essencial atualmente. O ensino \u00e9 completamente na modalidade de\u00a0Ensino a Dist\u00e2ncia (EaD), proporcionando comodidade para os estudantes que preferem estudar no conforto\u2026","rel":"","context":"In &quot;Variedades&quot;","block_context":{"text":"Variedades","link":"https:\/\/noticiasribeiraopreto.com.br\/index.php\/category\/variedades\/"},"img":{"alt_text":"","src":"https:\/\/i0.wp.com\/noticiasribeiraopreto.com.br\/wp-content\/uploads\/2023\/11\/ita-cursos.jpeg?fit=1200%2C638&ssl=1&resize=350%2C200","width":350,"height":200,"srcset":"https:\/\/i0.wp.com\/noticiasribeiraopreto.com.br\/wp-content\/uploads\/2023\/11\/ita-cursos.jpeg?fit=1200%2C638&ssl=1&resize=350%2C200 1x, https:\/\/i0.wp.com\/noticiasribeiraopreto.com.br\/wp-content\/uploads\/2023\/11\/ita-cursos.jpeg?fit=1200%2C638&ssl=1&resize=525%2C300 1.5x, https:\/\/i0.wp.com\/noticiasribeiraopreto.com.br\/wp-content\/uploads\/2023\/11\/ita-cursos.jpeg?fit=1200%2C638&ssl=1&resize=700%2C400 2x, https:\/\/i0.wp.com\/noticiasribeiraopreto.com.br\/wp-content\/uploads\/2023\/11\/ita-cursos.jpeg?fit=1200%2C638&ssl=1&resize=1050%2C600 3x"},"classes":[]},{"id":23326,"url":"https:\/\/noticiasribeiraopreto.com.br\/index.php\/2024\/01\/02\/215-vagas-em-cursos-gratuitos-online-ead-com-certificacao-em-ingles-espanhol-e-frances-ofertados-em-parceria-com-o-governo-britanico-no-brasil-interessados-podem-turbinar-o-curriculo-sem-gastar-1\/","url_meta":{"origin":11603,"position":2},"title":"215 vagas em cursos gratuitos, online EAD, com certifica\u00e7\u00e3o em Ingl\u00eas, Espanhol e Franc\u00eas ofertados em parceria com o governo brit\u00e2nico no Brasil; interessados podem turbinar o curr\u00edculo sem gastar 1 real!","author":"noticiasribeiraopreto.com.br","date":"2 de January de 2024","format":false,"excerpt":"Aprenda Ingl\u00eas, Espanhol ou Franc\u00eas e receba certifica\u00e7\u00e3o de conclus\u00e3o do curso gratuitos online (EAD)para turbinar o seu curr\u00edculo sem gastar um centavo! Aprenda Ingl\u00eas, Espanhol ou Franc\u00eas e receba certifica\u00e7\u00e3o de conclus\u00e3o do curso online (EAD) para turbinar o seu curr\u00edculo sem gastar um centavo! Prepare-se para embarcar em\u2026","rel":"","context":"In &quot;Vagas de Emprego em Ribeir\u00e3o Preto-SP&quot;","block_context":{"text":"Vagas de Emprego em Ribeir\u00e3o Preto-SP","link":"https:\/\/noticiasribeiraopreto.com.br\/index.php\/category\/empregos-classificados-vagas-trabalho\/vagas-de-empregos-em-ribeirao-preto-regiao-brasil\/"},"img":{"alt_text":"","src":"https:\/\/i0.wp.com\/noticiasribeiraopreto.com.br\/wp-content\/uploads\/2024\/01\/IF-1-830x450.jpg?fit=830%2C450&ssl=1&resize=350%2C200","width":350,"height":200,"srcset":"https:\/\/i0.wp.com\/noticiasribeiraopreto.com.br\/wp-content\/uploads\/2024\/01\/IF-1-830x450.jpg?fit=830%2C450&ssl=1&resize=350%2C200 1x, https:\/\/i0.wp.com\/noticiasribeiraopreto.com.br\/wp-content\/uploads\/2024\/01\/IF-1-830x450.jpg?fit=830%2C450&ssl=1&resize=525%2C300 1.5x, https:\/\/i0.wp.com\/noticiasribeiraopreto.com.br\/wp-content\/uploads\/2024\/01\/IF-1-830x450.jpg?fit=830%2C450&ssl=1&resize=700%2C400 2x"},"classes":[]},{"id":10872,"url":"https:\/\/noticiasribeiraopreto.com.br\/index.php\/2023\/12\/05\/instituto-federal-de-santa-catarina-abre-vagas-em-cursos-gratuitos-de-especializacao\/","url_meta":{"origin":11603,"position":3},"title":"Instituto Federal de Santa Catarina abre vagas em cursos gratuitos de especializa\u00e7\u00e3o","author":"noticiasribeiraopreto.com.br","date":"5 de December de 2023","format":false,"excerpt":"As vagas s\u00e3o para os cursos de Ensino de L\u00edngua Estrangeira para a Educa\u00e7\u00e3o B\u00e1sica, Tecnologias para a Educa\u00e7\u00e3o Profissional e Tecnol\u00f3gica \u2013ambos na modalidade a dist\u00e2ncia (EaD) e Educa\u00e7\u00e3o Ambiental com \u00canfase na Forma\u00e7\u00e3o de Professores (curso presencial no campus S\u00e3o Jos\u00e9).Cr\u00e9ditos: Divulga\u00e7\u00e3o\/iFSCO processo seletivo para os tr\u00eas cursos\u2026","rel":"","context":"In &quot;Variedades&quot;","block_context":{"text":"Variedades","link":"https:\/\/noticiasribeiraopreto.com.br\/index.php\/category\/variedades\/"},"img":{"alt_text":"","src":"https:\/\/i0.wp.com\/noticiasribeiraopreto.com.br\/wp-content\/uploads\/2023\/12\/cursos-gratuitos-ifsc.jpg?fit=1200%2C638&ssl=1&resize=350%2C200","width":350,"height":200,"srcset":"https:\/\/i0.wp.com\/noticiasribeiraopreto.com.br\/wp-content\/uploads\/2023\/12\/cursos-gratuitos-ifsc.jpg?fit=1200%2C638&ssl=1&resize=350%2C200 1x, https:\/\/i0.wp.com\/noticiasribeiraopreto.com.br\/wp-content\/uploads\/2023\/12\/cursos-gratuitos-ifsc.jpg?fit=1200%2C638&ssl=1&resize=525%2C300 1.5x, https:\/\/i0.wp.com\/noticiasribeiraopreto.com.br\/wp-content\/uploads\/2023\/12\/cursos-gratuitos-ifsc.jpg?fit=1200%2C638&ssl=1&resize=700%2C400 2x, https:\/\/i0.wp.com\/noticiasribeiraopreto.com.br\/wp-content\/uploads\/2023\/12\/cursos-gratuitos-ifsc.jpg?fit=1200%2C638&ssl=1&resize=1050%2C600 3x"},"classes":[]},{"id":6579,"url":"https:\/\/noticiasribeiraopreto.com.br\/index.php\/2023\/11\/26\/ifpe-oferece-5-414-vagas-em-132-cursos-gratuitos-confira\/","url_meta":{"origin":11603,"position":4},"title":"IFPE oferece 5.414 vagas em 132 cursos gratuitos; confira","author":"noticiasribeiraopreto.com.br","date":"26 de November de 2023","format":false,"excerpt":"O Instituto Federal de Educa\u00e7\u00e3o, Ci\u00eancia e Tecnologia de Pernambuco (IFPE) est\u00e1 com inscri\u00e7\u00f5es abertas cursos gratuitos nas modalidades presencial e a dist\u00e2ncia (EaD). S\u00e3o oferecidas ao todo 5.414 vagas. Do total de vagas disponibilizadas, 1.435 s\u00e3o para cursos de gradua\u00e7\u00e3o; 1.885 para cursos t\u00e9cnicos integrados ao ensino m\u00e9dio; 2.059\u2026","rel":"","context":"In &quot;Variedades&quot;","block_context":{"text":"Variedades","link":"https:\/\/noticiasribeiraopreto.com.br\/index.php\/category\/variedades\/"},"img":{"alt_text":"","src":"https:\/\/i0.wp.com\/noticiasribeiraopreto.com.br\/wp-content\/uploads\/2023\/11\/cursos-tecnicos-gratuitos-if-sertao-pe.png?fit=1200%2C638&ssl=1&resize=350%2C200","width":350,"height":200,"srcset":"https:\/\/i0.wp.com\/noticiasribeiraopreto.com.br\/wp-content\/uploads\/2023\/11\/cursos-tecnicos-gratuitos-if-sertao-pe.png?fit=1200%2C638&ssl=1&resize=350%2C200 1x, https:\/\/i0.wp.com\/noticiasribeiraopreto.com.br\/wp-content\/uploads\/2023\/11\/cursos-tecnicos-gratuitos-if-sertao-pe.png?fit=1200%2C638&ssl=1&resize=525%2C300 1.5x, https:\/\/i0.wp.com\/noticiasribeiraopreto.com.br\/wp-content\/uploads\/2023\/11\/cursos-tecnicos-gratuitos-if-sertao-pe.png?fit=1200%2C638&ssl=1&resize=700%2C400 2x, https:\/\/i0.wp.com\/noticiasribeiraopreto.com.br\/wp-content\/uploads\/2023\/11\/cursos-tecnicos-gratuitos-if-sertao-pe.png?fit=1200%2C638&ssl=1&resize=1050%2C600 3x"},"classes":[]},{"id":7684,"url":"https:\/\/noticiasribeiraopreto.com.br\/index.php\/2023\/11\/28\/ita-abre-vagas-para-10-cursos-gratuitos-online-e-com-certificacao\/","url_meta":{"origin":11603,"position":5},"title":"ITA abre vagas para 10 cursos gratuitos, online e com certifica\u00e7\u00e3o","author":"noticiasribeiraopreto.com.br","date":"28 de November de 2023","format":false,"excerpt":"Cr\u00e9ditos: Instituto Tecnol\u00f3gico de AeronITA oferece cursos gratuitos; confiraO Instituto Tecnol\u00f3gico de Aeron\u00e1utica (ITA) est\u00e1 disponibilizando uma variedade de cursos gratuitos na \u00e1rea de tecnologia. Todos as vagas s\u00e3o oferecidas na modalidade de Ensino a Dist\u00e2ncia (EaD).Atrav\u00e9s da plataforma Coursera, os interessados t\u00eam a oportunidade de se candidatar a uma\u2026","rel":"","context":"In &quot;Variedades&quot;","block_context":{"text":"Variedades","link":"https:\/\/noticiasribeiraopreto.com.br\/index.php\/category\/variedades\/"},"img":{"alt_text":"","src":"https:\/\/i0.wp.com\/noticiasribeiraopreto.com.br\/wp-content\/uploads\/2023\/11\/ita-cursos.jpg?fit=1200%2C638&ssl=1&resize=350%2C200","width":350,"height":200,"srcset":"https:\/\/i0.wp.com\/noticiasribeiraopreto.com.br\/wp-content\/uploads\/2023\/11\/ita-cursos.jpg?fit=1200%2C638&ssl=1&resize=350%2C200 1x, https:\/\/i0.wp.com\/noticiasribeiraopreto.com.br\/wp-content\/uploads\/2023\/11\/ita-cursos.jpg?fit=1200%2C638&ssl=1&resize=525%2C300 1.5x, https:\/\/i0.wp.com\/noticiasribeiraopreto.com.br\/wp-content\/uploads\/2023\/11\/ita-cursos.jpg?fit=1200%2C638&ssl=1&resize=700%2C400 2x, https:\/\/i0.wp.com\/noticiasribeiraopreto.com.br\/wp-content\/uploads\/2023\/11\/ita-cursos.jpg?fit=1200%2C638&ssl=1&resize=1050%2C600 3x"},"classes":[]}],"jetpack_sharing_enabled":true,"jetpack_shortlink":"https:\/\/wp.me\/peQAOb-319","_links":{"self":[{"href":"https:\/\/noticiasribeiraopreto.com.br\/index.php\/wp-json\/wp\/v2\/posts\/11603","targetHints":{"allow":["GET"]}}],"collection":[{"href":"https:\/\/noticiasribeiraopreto.com.br\/index.php\/wp-json\/wp\/v2\/posts"}],"about":[{"href":"https:\/\/noticiasribeiraopreto.com.br\/index.php\/wp-json\/wp\/v2\/types\/post"}],"author":[{"embeddable":true,"href":"https:\/\/noticiasribeiraopreto.com.br\/index.php\/wp-json\/wp\/v2\/users\/1"}],"replies":[{"embeddable":true,"href":"https:\/\/noticiasribeiraopreto.com.br\/index.php\/wp-json\/wp\/v2\/comments?post=11603"}],"version-history":[{"count":0,"href":"https:\/\/noticiasribeiraopreto.com.br\/index.php\/wp-json\/wp\/v2\/posts\/11603\/revisions"}],"wp:featuredmedia":[{"embeddable":true,"href":"https:\/\/noticiasribeiraopreto.com.br\/index.php\/wp-json\/wp\/v2\/media\/11604"}],"wp:attachment":[{"href":"https:\/\/noticiasribeiraopreto.com.br\/index.php\/wp-json\/wp\/v2\/media?parent=11603"}],"wp:term":[{"taxonomy":"category","embeddable":true,"href":"https:\/\/noticiasribeiraopreto.com.br\/index.php\/wp-json\/wp\/v2\/categories?post=11603"},{"taxonomy":"post_tag","embeddable":true,"href":"https:\/\/noticiasribeiraopreto.com.br\/index.php\/wp-json\/wp\/v2\/tags?post=11603"}],"curies":[{"name":"wp","href":"https:\/\/api.w.org\/{rel}","templated":true}]}}