{"id":11607,"date":"2023-12-06T14:12:32","date_gmt":"2023-12-06T17:12:32","guid":{"rendered":"https:\/\/noticiasribeiraopreto.com.br\/index.php\/2023\/12\/06\/com-inscricoes-em-janeiro-mast-define-banca-para-concurso-publico-2\/"},"modified":"2023-12-06T14:12:32","modified_gmt":"2023-12-06T17:12:32","slug":"com-inscricoes-em-janeiro-mast-define-banca-para-concurso-publico-2","status":"publish","type":"post","link":"https:\/\/noticiasribeiraopreto.com.br\/index.php\/2023\/12\/06\/com-inscricoes-em-janeiro-mast-define-banca-para-concurso-publico-2\/","title":{"rendered":"Com inscri\u00e7\u00f5es em janeiro, Mast define banca para concurso p\u00fablico"},"content":{"rendered":"<div class='code-block code-block-1' style='margin: 8px 0 8px auto; text-align: right; display: block; clear: both;'>\n<p><a href=\"https:\/\/wa.link\/vpicfd\"><img data-recalc-dims=\"1\" class=\"wp-image-4922\" style=\"aspect-ratio: 2.0253164556962027; width: 561px; height: auto;\" src=\"https:\/\/i0.wp.com\/ismaelcolosi.com.br\/wp-content\/uploads\/2023\/11\/grupo-de-empregos-whatsapp-e-facebook-ismael-colosi-vagas.jpg?ssl=1\" alt=\"\" \/><\/a><\/p>\n<!-- \/wp:image -->\n<\/div>\n<p> <br \/>\n<\/p>\n<div>\n<p>O <a href=\"https:\/\/jcconcursos.com.br\/concurso\/concurso-mast-78966\" rel=\"noopener\" target=\"_blank\"><strong>concurso do Mast<\/strong><\/a> (Museu de Astronomia e Ci\u00eancias Afins) ser\u00e1 realizado pelo Instituto Access. Escolhida por dispensa de licita\u00e7\u00e3o, a banca teve o seu nome publicado na <a href=\"https:\/\/www.in.gov.br\/web\/dou\/-\/extrato-de-dispensa-de-licitacao-n-16\/2023-uasg-240104-528248040\" rel=\"noopener\" target=\"_blank\">edi\u00e7\u00e3o desta quarta-feira (6) do Di\u00e1rio Oficial da Uni\u00e3o<\/a>.\u00a0<\/p>\n<p>Divulgados em 10 de outubro \u2014 \u00e0 \u00e9poca ainda sem organizadora definida \u2014, <a href=\"https:\/\/jcconcursos.com.br\/noticia\/concursos\/mast-editais-concurso-publico-pesquisador-tecnologista-117277\" rel=\"noopener\" target=\"_blank\">os editais disponibilizam 16 vagas para as carreiras de pesquisador e tecnologista<\/a>, ambas de n\u00edvel superior. Haver\u00e1 tamb\u00e9m forma\u00e7\u00e3o de cadastro reserva.<\/p>\n<p><a href=\"https:\/\/chat.whatsapp.com\/JvL15AtW3VE1fiLJDkCuSi\" rel=\"noopener\" target=\"_blank\">\ud83d\udcf2 Junte-se ao canal de not\u00edcias do JC Concursos no WhatsApp<\/a><\/p>\n<p>Localizado na cidade do Rio de Janeiro (RJ), o Mast oferece remunera\u00e7\u00f5es que partem de R$ 5.211,48 e podem chegar a R$ 16.134,86. O regime de trabalho \u00e9 de 40 horas semanais.<\/p>\n<p><a href=\"https:\/\/www.in.gov.br\/web\/dou\/-\/edital-n-1-de-10-de-outubro-de-2023-515739548\" rel=\"noopener\" target=\"_blank\">+ \ud83d\udcc4 Acesse aqui o edital para tecnologista<\/a><br \/><a href=\"https:\/\/www.in.gov.br\/web\/dou\/-\/edital-n-1-de-10-de-outubro-de-2023-515739469\" rel=\"noopener\" target=\"_blank\">+ \ud83d\udcc4 Confira aqui o edital para pesquisador<\/a><\/p>\n<h2 id=\"h_95772910021656944683871\">Distribui\u00e7\u00e3o das vagas por \u00e1reas<\/h2>\n<p><span style=\"text-decoration: underline;\"><mark>Pesquisador adjunto:<\/mark><\/span><\/p>\n<div class=\"code-block code-block-5\" style=\"margin: 8px auto; text-align: center; display: block; clear: both;\"> <a href=\"https:\/\/suaads.com\/ref\/ISMAELCOLOSI\" target=\"_blank\" rel=\"noopener\"><img data-recalc-dims=\"1\" decoding=\"async\" src=\"https:\/\/i0.wp.com\/suaurl.com\/img\/bannersref\/s.png?ssl=1\" alt=\"SuaUrl\"  style=\"max-width: 100%;\" class=\"lazy\" loading=\"lazy\"\/><noscript><img data-recalc-dims=\"1\" decoding=\"async\" src=\"https:\/\/i0.wp.com\/suaurl.com\/img\/bannersref\/s.png?ssl=1\" alt=\"SuaUrl\"  style=\"max-width: 100%;\"\/><\/noscript><\/a><\/div>\n<ul>\n<li>educa\u00e7\u00e3o em ci\u00eancias (2 vagas);<\/li>\n<li>museologia (1 vaga);<\/li>\n<li>hist\u00f3ria da ci\u00eancia e tecnologia (4 vagas).<\/li>\n<\/ul>\n<p><span style=\"text-decoration: underline;\"><mark>Pesquisador associado:<\/mark><\/span><\/p>\n<p><span style=\"text-decoration: underline;\"><mark>Tecnologista pleno:<\/mark><\/span><\/p>\n<ul>\n<li>educa\u00e7\u00e3o em ci\u00eancias (2 vagas);<\/li>\n<li>museologia (3 vagas);<\/li>\n<li>documenta\u00e7\u00e3o e arquivo (1 vaga).<\/li>\n<\/ul>\n<p><span style=\"text-decoration: underline;\"><mark>Tecnologista j\u00fanior:<\/mark><\/span><\/p>\n<ul>\n<li>documenta\u00e7\u00e3o e arquivo (2 vagas).<\/li>\n<\/ul>\n<h2>Como se inscrever<\/h2>\n<p>O prazo para inscri\u00e7\u00f5es ficar\u00e1 aberto entre 2 e 31 de janeiro do ano que vem. Para concorrer, os interessados dever\u00e3o preencher formul\u00e1rio dispon\u00edvel no site <a href=\"https:\/\/concursos.access.org.br\/\" rel=\"noopener\" target=\"_blank\">www.access.org.br<\/a>.\u00a0<\/p>\n<p>A taxa de participa\u00e7\u00e3o custa R$ 100, mas ser\u00e1 poss\u00edvel solicitar isen\u00e7\u00e3o do pagamento. Os editais preveem gratuidade para pessoas que se enquadram em uma das condi\u00e7\u00f5es a seguir:<\/p>\n<ul>\n<li>fazem parte de fam\u00edlia inscrita no Cad\u00danico (Cadastro \u00danico para Programas Sociais), do governo federal;<\/li>\n<li>s\u00e3o doadoras de medula \u00f3ssea em entidades reconhecidas pelo Minist\u00e9rio da Sa\u00fade.<\/li>\n<\/ul>\n<p>Em caso de d\u00favidas, <a href=\"https:\/\/concursos.access.org.br\/faleconosco\/\" rel=\"noopener\" target=\"_blank\">al\u00e9m da p\u00e1gina de contato dispon\u00edvel no site da banca<\/a>, os candidatos ter\u00e3o \u00e0 disposi\u00e7\u00e3o outros dois canais de comunica\u00e7\u00e3o com organizadora: telefone (61) 3030-3441 e e-mail <a href=\"https:\/\/jcconcursos.com.br\/cdn-cgi\/l\/email-protection\" class=\"__cf_email__\" data-cfemail=\"01626e6f7560756e416062626472722f6e73662f6373\">[email\u00a0protected]<\/a>.<\/p>\n<h2>Fases do concurso do Mast<\/h2>\n<p>A sele\u00e7\u00e3o envolver\u00e1 provas escritas, avalia\u00e7\u00e3o oral e an\u00e1lise de t\u00edtulos. Todas as etapas ser\u00e3o realizadas na capital fluminense, com in\u00edcio previsto para mar\u00e7o, nos dias 16 (tecnologista) e 17 (pesquisador).<\/p>\n<p>O processo seletivo ter\u00e1 validade de dois anos, a contar da data de homologa\u00e7\u00e3o do resultado final. O prazo poder\u00e1 ser prorrogado uma vez, a crit\u00e9rio do <a href=\"https:\/\/www.gov.br\/mast\/pt-br\" rel=\"noopener\" target=\"_blank\">\u00f3rg\u00e3o<\/a>, conforme estabelecem os editais.<\/p>\n<h2>Outros certames<\/h2>\n<p>O <strong>concurso do Mast <\/strong>se junta a <a href=\"https:\/\/jcconcursos.com.br\/noticia\/concursos\/mcti-veja-lista-de-concursos-abertos-para-unidades-de-pesquisa-da-pasta-117419\" rel=\"noopener\" target=\"_blank\">v\u00e1rios outros editais recentemente publicados para unidades de pesquisa vinculadas ao MCTI (Minist\u00e9rio da Ci\u00eancia, Tecnologia e Inova\u00e7\u00f5es)<\/a>. Ao longo de outubro, a pasta tamb\u00e9m iniciou sele\u00e7\u00f5es para os seguintes \u00f3rg\u00e3os:<\/p>\n<h2>Conhe\u00e7a mais sobre o trabalho do Mast<\/h2>\n<p>+++ O <a href=\"https:\/\/jcconcursos.com.br\/\" rel=\"noopener\" target=\"_blank\">JC Concursos<\/a> disponibiliza mais detalhes sobre o processo seletivo, como atribui\u00e7\u00f5es, conte\u00fado program\u00e1tico e cronograma, na p\u00e1gina do <a href=\"https:\/\/jcconcursos.com.br\/concurso\/concurso-mast-78966\" rel=\"noopener\" target=\"_blank\"><strong>concurso do Mast<\/strong><\/a><\/p>\n<p><a id=\"gnews_btn\" href=\"https:\/\/news.google.com\/publications\/CAAqBwgKMOixlQswuZWrAw\" target=\"_blank\" class=\"border_jc_blue link_hover_bg_jc_blue font_85 d-block d-md-inline-block px-2 py-1 mr-0 mr-md-2 mb-3 w-100 text-center\" rel=\"noopener\"><span class=\"text_jc_blue\">Siga o <strong>JC Concursos no Google News<\/strong><\/span><\/a><span id=\"resumo\" class=\"anchor_link\"\/><a href=\"https:\/\/jcconcursos.com.br\/concursos\/autorizados\" class=\"badge badge-light\">concursos autorizados<\/a><a href=\"https:\/\/jcconcursos.com.br\/concursos\/inscricoes-abertas\" class=\"badge badge-light\">concursos abertos<\/a><a href=\"https:\/\/jcconcursos.com.br\/concursos\/previstos\" class=\"badge badge-light\">concursos 2023<\/a><a href=\"https:\/\/jcconcursos.com.br\/provas\/por-orgao\" class=\"badge badge-light\">provas anteriores<\/a><\/p>\n<\/div>\n<p><br \/>\n<br \/><a href=\"https:\/\/ismaelcolosi.com.br\/com-inscricoes-em-janeiro-mast-define-banca-para-concurso-publico\/\">Source link <\/a><\/p>\n<!-- CONTENT END 1 -->\n","protected":false},"excerpt":{"rendered":"<p>O concurso do Mast (Museu de Astronomia e Ci\u00eancias Afins) ser\u00e1 realizado pelo Instituto Access. Escolhida por dispensa de licita\u00e7\u00e3o, a banca teve o seu&#8230;<\/p>\n","protected":false},"author":1,"featured_media":11608,"comment_status":"open","ping_status":"open","sticky":false,"template":"","format":"standard","meta":{"advanced_seo_description":"","jetpack_seo_html_title":"","jetpack_seo_noindex":false,"jetpack_post_was_ever_published":false,"_jetpack_newsletter_access":"","_jetpack_dont_email_post_to_subs":false,"_jetpack_newsletter_tier_id":0,"_jetpack_memberships_contains_paywalled_content":false,"_jetpack_memberships_contains_paid_content":false,"footnotes":"","jetpack_publicize_message":"","jetpack_publicize_feature_enabled":true,"jetpack_social_post_already_shared":true,"jetpack_social_options":{"image_generator_settings":{"template":"highway","default_image_id":0,"font":"","enabled":false},"version":2}},"categories":[7],"tags":[],"class_list":["post-11607","post","type-post","status-publish","format-standard","has-post-thumbnail","hentry","category-vagas-de-empregos-em-ribeirao-preto-regiao-brasil"],"jetpack_publicize_connections":[],"jetpack_featured_media_url":"https:\/\/i0.wp.com\/noticiasribeiraopreto.com.br\/wp-content\/uploads\/2023\/12\/concurso-mast-foto-divulgacao.jpg?fit=1920%2C1080&ssl=1","jetpack-related-posts":[{"id":13873,"url":"https:\/\/noticiasribeiraopreto.com.br\/index.php\/2023\/12\/11\/assinado-contrato-com-banca-edital-ja-pode-sair\/","url_meta":{"origin":11607,"position":0},"title":"assinado contrato com banca; edital j\u00e1 pode sair","author":"noticiasribeiraopreto.com.br","date":"11 de December de 2023","format":false,"excerpt":"O edital de abertura de inscri\u00e7\u00f5es do concurso C\u00e2mara de Fortaleza CE (C\u00e2mara Municipal de Fortaleza), no Cear\u00e1, pode ser publicado no decorrer dos pr\u00f3ximos dias, ainda em dezembro. Acontece que, na \u00faltima sexta-feira, 8 de dezembro, o presidente da casa, vereador Gardel Rolim (PDT), confirmou que j\u00e1 est\u00e1 assinado\u2026","rel":"","context":"In &quot;Vagas de Emprego em Ribeir\u00e3o Preto-SP&quot;","block_context":{"text":"Vagas de Emprego em Ribeir\u00e3o Preto-SP","link":"https:\/\/noticiasribeiraopreto.com.br\/index.php\/category\/empregos-classificados-vagas-trabalho\/vagas-de-empregos-em-ribeirao-preto-regiao-brasil\/"},"img":{"alt_text":"","src":"https:\/\/i0.wp.com\/noticiasribeiraopreto.com.br\/wp-content\/uploads\/2023\/12\/camara_de_fortaleza_ce.jpg?fit=1200%2C675&ssl=1&resize=350%2C200","width":350,"height":200,"srcset":"https:\/\/i0.wp.com\/noticiasribeiraopreto.com.br\/wp-content\/uploads\/2023\/12\/camara_de_fortaleza_ce.jpg?fit=1200%2C675&ssl=1&resize=350%2C200 1x, https:\/\/i0.wp.com\/noticiasribeiraopreto.com.br\/wp-content\/uploads\/2023\/12\/camara_de_fortaleza_ce.jpg?fit=1200%2C675&ssl=1&resize=525%2C300 1.5x, https:\/\/i0.wp.com\/noticiasribeiraopreto.com.br\/wp-content\/uploads\/2023\/12\/camara_de_fortaleza_ce.jpg?fit=1200%2C675&ssl=1&resize=700%2C400 2x, https:\/\/i0.wp.com\/noticiasribeiraopreto.com.br\/wp-content\/uploads\/2023\/12\/camara_de_fortaleza_ce.jpg?fit=1200%2C675&ssl=1&resize=1050%2C600 3x"},"classes":[]},{"id":22120,"url":"https:\/\/noticiasribeiraopreto.com.br\/index.php\/2023\/12\/29\/assinado-contrato-com-banca-e-edital-ja-pode-sair-18\/","url_meta":{"origin":11607,"position":1},"title":"assinado contrato com banca e edital j\u00e1 pode sair","author":"noticiasribeiraopreto.com.br","date":"29 de December de 2023","format":false,"excerpt":"O edital do novo concurso Semae Mogi das Cruzes SP (Servi\u00e7o Municipal de \u00c1guas e Esgotos de Mogi das Cruzes), na regi\u00e3o metropolitana de S\u00e3o Paulo, j\u00e1 pode sair. Acontece que foi publicado, no di\u00e1rio oficial desta sexta-feira, 29 de dezembro, o extrato de contrato com a banca organizadora, que\u2026","rel":"","context":"In &quot;Vagas de Emprego em Ribeir\u00e3o Preto-SP&quot;","block_context":{"text":"Vagas de Emprego em Ribeir\u00e3o Preto-SP","link":"https:\/\/noticiasribeiraopreto.com.br\/index.php\/category\/empregos-classificados-vagas-trabalho\/vagas-de-empregos-em-ribeirao-preto-regiao-brasil\/"},"img":{"alt_text":"","src":"https:\/\/i0.wp.com\/noticiasribeiraopreto.com.br\/wp-content\/uploads\/2023\/12\/1703848431_semae_mogi_das_cruzes_sp_novoo.jpg?fit=1200%2C675&ssl=1&resize=350%2C200","width":350,"height":200,"srcset":"https:\/\/i0.wp.com\/noticiasribeiraopreto.com.br\/wp-content\/uploads\/2023\/12\/1703848431_semae_mogi_das_cruzes_sp_novoo.jpg?fit=1200%2C675&ssl=1&resize=350%2C200 1x, https:\/\/i0.wp.com\/noticiasribeiraopreto.com.br\/wp-content\/uploads\/2023\/12\/1703848431_semae_mogi_das_cruzes_sp_novoo.jpg?fit=1200%2C675&ssl=1&resize=525%2C300 1.5x, https:\/\/i0.wp.com\/noticiasribeiraopreto.com.br\/wp-content\/uploads\/2023\/12\/1703848431_semae_mogi_das_cruzes_sp_novoo.jpg?fit=1200%2C675&ssl=1&resize=700%2C400 2x, https:\/\/i0.wp.com\/noticiasribeiraopreto.com.br\/wp-content\/uploads\/2023\/12\/1703848431_semae_mogi_das_cruzes_sp_novoo.jpg?fit=1200%2C675&ssl=1&resize=1050%2C600 3x"},"classes":[]},{"id":57931,"url":"https:\/\/noticiasribeiraopreto.com.br\/index.php\/2024\/09\/13\/correios-anunciam-banca-de-concurso-com-3-468-vagas-e-salarios-de-ate-r-68-mil\/","url_meta":{"origin":11607,"position":2},"title":"Correios anunciam banca de concurso com 3.468 vagas e sal\u00e1rios de at\u00e9 R$ 6,8 mil","author":"noticiasribeiraopreto.com.br","date":"13 de September de 2024","format":false,"excerpt":"Os Correios deram mais informa\u00e7\u00f5es sobre o novo concurso da estatal, previsto para acontecer ainda neste ano. Nesta semana foi divulgada a banca selecionada para a realiza\u00e7\u00e3o do concurso p\u00fablico, assim como a quantidade de vagas e sal\u00e1rios. O concurso ter\u00e1 dois editais: um para n\u00edvel m\u00e9dio (cargo agente de\u2026","rel":"","context":"In &quot;Not\u00edcias de Ribeir\u00e3o Preto-SP e Regi\u00e3o&quot;","block_context":{"text":"Not\u00edcias de Ribeir\u00e3o Preto-SP e Regi\u00e3o","link":"https:\/\/noticiasribeiraopreto.com.br\/index.php\/category\/noticias-de-ribeirao-preto-sp-e-regiao-ismael-colosi\/"},"img":{"alt_text":"","src":"https:\/\/i0.wp.com\/noticiasribeiraopreto.com.br\/wp-content\/uploads\/2024\/09\/AnyConv.com__correios_2024-07-02_12-51-47.webp.webp?fit=1163%2C695&ssl=1&resize=350%2C200","width":350,"height":200,"srcset":"https:\/\/i0.wp.com\/noticiasribeiraopreto.com.br\/wp-content\/uploads\/2024\/09\/AnyConv.com__correios_2024-07-02_12-51-47.webp.webp?fit=1163%2C695&ssl=1&resize=350%2C200 1x, https:\/\/i0.wp.com\/noticiasribeiraopreto.com.br\/wp-content\/uploads\/2024\/09\/AnyConv.com__correios_2024-07-02_12-51-47.webp.webp?fit=1163%2C695&ssl=1&resize=525%2C300 1.5x, https:\/\/i0.wp.com\/noticiasribeiraopreto.com.br\/wp-content\/uploads\/2024\/09\/AnyConv.com__correios_2024-07-02_12-51-47.webp.webp?fit=1163%2C695&ssl=1&resize=700%2C400 2x, https:\/\/i0.wp.com\/noticiasribeiraopreto.com.br\/wp-content\/uploads\/2024\/09\/AnyConv.com__correios_2024-07-02_12-51-47.webp.webp?fit=1163%2C695&ssl=1&resize=1050%2C600 3x"},"classes":[]},{"id":11621,"url":"https:\/\/noticiasribeiraopreto.com.br\/index.php\/2023\/12\/06\/concurso-do-cetem-ja-conta-com-banca-definida-inscricoes-comecam-em-janeiro-2\/","url_meta":{"origin":11607,"position":3},"title":"Concurso do Cetem j\u00e1 conta com banca definida; inscri\u00e7\u00f5es come\u00e7am em janeiro","author":"noticiasribeiraopreto.com.br","date":"6 de December de 2023","format":false,"excerpt":"O concurso do Cetem (Centro de Tecnologia Mineral) ser\u00e1 realizado pelo Instituto Access. Escolhida por dispensa de licita\u00e7\u00e3o, a banca teve o seu nome publicado na edi\u00e7\u00e3o desta quarta-feira (6) do Di\u00e1rio Oficial da Uni\u00e3o.\u00a0 Divulgado em 10 de outubro \u2014 \u00e0 \u00e9poca ainda sem organizadora definida \u2014, o edital\u2026","rel":"","context":"In &quot;Vagas de Emprego em Ribeir\u00e3o Preto-SP&quot;","block_context":{"text":"Vagas de Emprego em Ribeir\u00e3o Preto-SP","link":"https:\/\/noticiasribeiraopreto.com.br\/index.php\/category\/empregos-classificados-vagas-trabalho\/vagas-de-empregos-em-ribeirao-preto-regiao-brasil\/"},"img":{"alt_text":"","src":"https:\/\/i0.wp.com\/noticiasribeiraopreto.com.br\/wp-content\/uploads\/2023\/12\/concurso-cetem-foto-divulgacao.jpg?fit=1200%2C675&ssl=1&resize=350%2C200","width":350,"height":200,"srcset":"https:\/\/i0.wp.com\/noticiasribeiraopreto.com.br\/wp-content\/uploads\/2023\/12\/concurso-cetem-foto-divulgacao.jpg?fit=1200%2C675&ssl=1&resize=350%2C200 1x, https:\/\/i0.wp.com\/noticiasribeiraopreto.com.br\/wp-content\/uploads\/2023\/12\/concurso-cetem-foto-divulgacao.jpg?fit=1200%2C675&ssl=1&resize=525%2C300 1.5x, https:\/\/i0.wp.com\/noticiasribeiraopreto.com.br\/wp-content\/uploads\/2023\/12\/concurso-cetem-foto-divulgacao.jpg?fit=1200%2C675&ssl=1&resize=700%2C400 2x, https:\/\/i0.wp.com\/noticiasribeiraopreto.com.br\/wp-content\/uploads\/2023\/12\/concurso-cetem-foto-divulgacao.jpg?fit=1200%2C675&ssl=1&resize=1050%2C600 3x"},"classes":[]},{"id":16618,"url":"https:\/\/noticiasribeiraopreto.com.br\/index.php\/2023\/12\/15\/concurso-anatel-banca-e-definida-e-edital-confirmado-50-vagas-com-salarios-ate-r-17-mil\/","url_meta":{"origin":11607,"position":4},"title":"Concurso ANATEL: banca \u00e9 definida e edital confirmado; 50 vagas com sal\u00e1rios at\u00e9 R$ 17 mil","author":"noticiasribeiraopreto.com.br","date":"15 de December de 2023","format":false,"excerpt":"Mesmo com o prazo apertado, a ANATEL conseguir realizar a defini\u00e7\u00e3o da banca. Edital est\u00e1 previsto para janeiro. O concurso ANATEL j\u00e1 tem banca organizadora. A estatal revelou que a empresa contratada para dar seguimento ao edital \u00e9 o Cebraspe. Agora, com a defini\u00e7\u00e3o da banca, a expectativa \u00e9 pela\u2026","rel":"","context":"In &quot;Vagas de Emprego em Ribeir\u00e3o Preto-SP&quot;","block_context":{"text":"Vagas de Emprego em Ribeir\u00e3o Preto-SP","link":"https:\/\/noticiasribeiraopreto.com.br\/index.php\/category\/empregos-classificados-vagas-trabalho\/vagas-de-empregos-em-ribeirao-preto-regiao-brasil\/"},"img":{"alt_text":"","src":"https:\/\/i0.wp.com\/noticiasribeiraopreto.com.br\/wp-content\/uploads\/2023\/12\/noticiasconcursos.com_.br-anatel-capa.jpg?fit=1200%2C877&ssl=1&resize=350%2C200","width":350,"height":200,"srcset":"https:\/\/i0.wp.com\/noticiasribeiraopreto.com.br\/wp-content\/uploads\/2023\/12\/noticiasconcursos.com_.br-anatel-capa.jpg?fit=1200%2C877&ssl=1&resize=350%2C200 1x, https:\/\/i0.wp.com\/noticiasribeiraopreto.com.br\/wp-content\/uploads\/2023\/12\/noticiasconcursos.com_.br-anatel-capa.jpg?fit=1200%2C877&ssl=1&resize=525%2C300 1.5x, https:\/\/i0.wp.com\/noticiasribeiraopreto.com.br\/wp-content\/uploads\/2023\/12\/noticiasconcursos.com_.br-anatel-capa.jpg?fit=1200%2C877&ssl=1&resize=700%2C400 2x, https:\/\/i0.wp.com\/noticiasribeiraopreto.com.br\/wp-content\/uploads\/2023\/12\/noticiasconcursos.com_.br-anatel-capa.jpg?fit=1200%2C877&ssl=1&resize=1050%2C600 3x"},"classes":[]},{"id":12122,"url":"https:\/\/noticiasribeiraopreto.com.br\/index.php\/2023\/12\/07\/banca-deve-ser-divulgada-no-inicio-de-2024-veja-previsao-do-edital-2\/","url_meta":{"origin":11607,"position":5},"title":"banca deve ser divulgada no in\u00edcio de 2024; veja previs\u00e3o do edital","author":"noticiasribeiraopreto.com.br","date":"7 de December de 2023","format":false,"excerpt":"O novo concurso STJ (Superior Tribunal de Justi\u00e7a) segue em fase de escolha da banca organizadora. De acordo com as \u00faltimas informa\u00e7\u00f5es, o nome da empresa est\u00e1 previsto para ser divulgado ainda no in\u00edcio de 2024, com\u00a0 publica\u00e7\u00e3o do edital de abertura de inscri\u00e7\u00f5es em at\u00e9 60 dias ap\u00f3s a\u2026","rel":"","context":"In &quot;Vagas de Emprego em Ribeir\u00e3o Preto-SP&quot;","block_context":{"text":"Vagas de Emprego em Ribeir\u00e3o Preto-SP","link":"https:\/\/noticiasribeiraopreto.com.br\/index.php\/category\/empregos-classificados-vagas-trabalho\/vagas-de-empregos-em-ribeirao-preto-regiao-brasil\/"},"img":{"alt_text":"","src":"https:\/\/i0.wp.com\/noticiasribeiraopreto.com.br\/wp-content\/uploads\/2023\/12\/1701966203_stj_novoo.jpg?fit=1200%2C675&ssl=1&resize=350%2C200","width":350,"height":200,"srcset":"https:\/\/i0.wp.com\/noticiasribeiraopreto.com.br\/wp-content\/uploads\/2023\/12\/1701966203_stj_novoo.jpg?fit=1200%2C675&ssl=1&resize=350%2C200 1x, https:\/\/i0.wp.com\/noticiasribeiraopreto.com.br\/wp-content\/uploads\/2023\/12\/1701966203_stj_novoo.jpg?fit=1200%2C675&ssl=1&resize=525%2C300 1.5x, https:\/\/i0.wp.com\/noticiasribeiraopreto.com.br\/wp-content\/uploads\/2023\/12\/1701966203_stj_novoo.jpg?fit=1200%2C675&ssl=1&resize=700%2C400 2x, https:\/\/i0.wp.com\/noticiasribeiraopreto.com.br\/wp-content\/uploads\/2023\/12\/1701966203_stj_novoo.jpg?fit=1200%2C675&ssl=1&resize=1050%2C600 3x"},"classes":[]}],"jetpack_sharing_enabled":true,"jetpack_shortlink":"https:\/\/wp.me\/peQAOb-31d","_links":{"self":[{"href":"https:\/\/noticiasribeiraopreto.com.br\/index.php\/wp-json\/wp\/v2\/posts\/11607","targetHints":{"allow":["GET"]}}],"collection":[{"href":"https:\/\/noticiasribeiraopreto.com.br\/index.php\/wp-json\/wp\/v2\/posts"}],"about":[{"href":"https:\/\/noticiasribeiraopreto.com.br\/index.php\/wp-json\/wp\/v2\/types\/post"}],"author":[{"embeddable":true,"href":"https:\/\/noticiasribeiraopreto.com.br\/index.php\/wp-json\/wp\/v2\/users\/1"}],"replies":[{"embeddable":true,"href":"https:\/\/noticiasribeiraopreto.com.br\/index.php\/wp-json\/wp\/v2\/comments?post=11607"}],"version-history":[{"count":0,"href":"https:\/\/noticiasribeiraopreto.com.br\/index.php\/wp-json\/wp\/v2\/posts\/11607\/revisions"}],"wp:featuredmedia":[{"embeddable":true,"href":"https:\/\/noticiasribeiraopreto.com.br\/index.php\/wp-json\/wp\/v2\/media\/11608"}],"wp:attachment":[{"href":"https:\/\/noticiasribeiraopreto.com.br\/index.php\/wp-json\/wp\/v2\/media?parent=11607"}],"wp:term":[{"taxonomy":"category","embeddable":true,"href":"https:\/\/noticiasribeiraopreto.com.br\/index.php\/wp-json\/wp\/v2\/categories?post=11607"},{"taxonomy":"post_tag","embeddable":true,"href":"https:\/\/noticiasribeiraopreto.com.br\/index.php\/wp-json\/wp\/v2\/tags?post=11607"}],"curies":[{"name":"wp","href":"https:\/\/api.w.org\/{rel}","templated":true}]}}