{"id":11611,"date":"2023-12-06T14:17:24","date_gmt":"2023-12-06T17:17:24","guid":{"rendered":"https:\/\/noticiasribeiraopreto.com.br\/index.php\/2023\/12\/06\/o-pior-ja-passou-investimento-bilionario-pode-ser-a-luz-verde-para-essa-queridinha-da-bolsa-brasileira\/"},"modified":"2023-12-06T14:17:24","modified_gmt":"2023-12-06T17:17:24","slug":"o-pior-ja-passou-investimento-bilionario-pode-ser-a-luz-verde-para-essa-queridinha-da-bolsa-brasileira","status":"publish","type":"post","link":"https:\/\/noticiasribeiraopreto.com.br\/index.php\/2023\/12\/06\/o-pior-ja-passou-investimento-bilionario-pode-ser-a-luz-verde-para-essa-queridinha-da-bolsa-brasileira\/","title":{"rendered":"O pior j\u00e1 passou? Investimento bilion\u00e1rio pode ser a luz verde para essa queridinha da bolsa brasileira"},"content":{"rendered":"<div class='code-block code-block-1' style='margin: 8px 0 8px auto; text-align: right; display: block; clear: both;'>\n<p><a href=\"https:\/\/wa.link\/vpicfd\"><img data-recalc-dims=\"1\" class=\"wp-image-4922\" style=\"aspect-ratio: 2.0253164556962027; width: 561px; height: auto;\" src=\"https:\/\/i0.wp.com\/ismaelcolosi.com.br\/wp-content\/uploads\/2023\/11\/grupo-de-empregos-whatsapp-e-facebook-ismael-colosi-vagas.jpg?ssl=1\" alt=\"\" \/><\/a><\/p>\n<!-- \/wp:image -->\n<\/div>\n<p> <br \/>\n<\/p>\n<div id=\"js-first-letter\">\n<p>Os resultados da <strong>Weg (WEGE3)<\/strong> <a href=\"https:\/\/www.seudinheiro.com\/2023\/empresas\/weg-o-que-fazer-com-o-papel-depois-de-um-balanco-fraco-no-3t23-e-da-queda-das-acoes-analista-diz-se-elas-podem-cair-mais-dfon\/\" target=\"_blank\" rel=\"noreferrer noopener\">no terceiro trimestre acenderam a luz amarela<\/a> para uma das queridinhas da <strong>bolsa<\/strong>: a desacelera\u00e7\u00e3o das vendas \u00e9 o primeiro sinal de mudan\u00e7a \u2014 para pior \u2014 na din\u00e2mica da empresa e do setor?<\/p>\n<p>Na ocasi\u00e3o, o Ita\u00fa BBA disse que a tend\u00eancia de uma fraca din\u00e2mica de lucros continuaria nos pr\u00f3ximos trimestres e se prolongaria at\u00e9 o final de 2024. <\/p>\n<p>O banco de investimento se baseou na proje\u00e7\u00e3o de que a demanda por produtos da Weg seguiria baixa, levando \u00e0 queda das margens da companhia.<\/p>\n<p>Os analistas citaram ainda poss\u00edveis impostos mais elevados e um real mais forte como outros fatores que deveriam prejudicar o desempenho da Weg daqui para frente.\u00a0<\/p>\n<div class=\"banner banner-inArticle banner-inArticle--mobile\">\n<div class=\"banner-side\">\n<p class=\"borderAD\" style=\"display: none;\">CONTINUA DEPOIS DA PUBLICIDADE<\/p>\n<\/div>\n<\/div>\n<div class=\"banner banner-inArticle banner-inArticle--desktop\">\n<div class=\"banner-side\">\n<p class=\"borderAD\" style=\"display: none;\">CONTINUA DEPOIS DA PUBLICIDADE<\/p>\n<\/div>\n<\/div>\n<h2 class=\"wp-block-heading\" id=\"h-nem-tudo-esta-perdido-para-a-queridinha-da-bolsa\"><strong>Nem tudo est\u00e1 perdido para a queridinha da bolsa<\/strong><\/h2>\n<p>Esse, no entanto, era o cen\u00e1rio para a Weg no fim de outubro, logo depois de a empresa apresentar os resultados do terceiro trimestre deste ano.\u00a0<\/p>\n<p>Nesta ter\u00e7a-feira (5), a Weg anunciou um plano bilion\u00e1rio que pode acender a luz verde para a companhia: a empresa investir\u00e1 R$ 1,2 bilh\u00e3o nos pr\u00f3ximos tr\u00eas anos para expandir em 50% a capacidade de produ\u00e7\u00e3o de transformadores no Brasil, no M\u00e9xico e na Col\u00f4mbia.\u00a0<\/p>\n<p>Para o BTG Pactual, o movimento estrat\u00e9gico \u00e9 sustentado pelo forte poder da marca e pelos processos industriais verticalmente integrados, abrindo espa\u00e7o para retornos elevados no neg\u00f3cio de transformadores.<\/p>\n<p>\u201cAl\u00e9m disso, o maior foco no M\u00e9xico est\u00e1 alinhado com a procura robusta por equipamentos de energia devido ao r\u00e1pido crescimento industrial do pa\u00eds\u201d, diz o BTG em relat\u00f3rio.<\/p>\n<p>O banco mant\u00e9m a recomenda\u00e7\u00e3o de compra para as a\u00e7\u00f5es da Weg, com pre\u00e7o-alvo de R$ 50 para 12 meses \u2014 o que representa um potencial de valoriza\u00e7\u00e3o de 42% em rela\u00e7\u00e3o ao \u00faltimo fechamento na bolsa.\u00a0<\/p>\n<h3 class=\"wp-block-heading\" id=\"h-onde-investir-em-dezembro-veja-recomendacoes-gratuitas-em-acoes-fiis-bdrs-e-criptomoedas\"><strong><a href=\"https:\/\/www.youtube.com\/watch?v=uCCxJxG3GoQ\" target=\"_blank\" rel=\"noreferrer noopener\">ONDE INVESTIR EM DEZEMBRO:<\/a> VEJA RECOMENDA\u00c7\u00d5ES GRATUITAS EM A\u00c7\u00d5ES, FIIS, BDRs E CRIPTOMOEDAS<\/strong><\/h3>\n<figure class=\"wp-block-embed is-type-video is-provider-youtube wp-block-embed-youtube wp-embed-aspect-16-9 wp-has-aspect-ratio\">\n<p>\n<iframe loading=\"lazy\" title=\"ONDE INVESTIR EM DEZEMBRO DE 2023: VEJA RECOMENDA\u00c7\u00d5ES GRATUITAS EM A\u00c7\u00d5ES, FIIS, BDRs E CRIPTOMOEDAS\" width=\"500\" height=\"281\" src=\"https:\/\/www.youtube.com\/embed\/uCCxJxG3GoQ?feature=oembed\" frameborder=\"0\" allow=\"accelerometer; autoplay; clipboard-write; encrypted-media; gyroscope; picture-in-picture; web-share\" referrerpolicy=\"strict-origin-when-cross-origin\" allowfullscreen><\/iframe>\n<\/p>\n<\/figure>\n<h2 class=\"wp-block-heading\" id=\"h-ha-quem-ainda-esteja-cauteloso\"><strong>H\u00e1 quem ainda esteja cauteloso<\/strong><\/h2>\n<p>Embora o Bradesco BBI espere que os novos investimentos posicionem a Weg para conquistar novos pedidos no mercado, o banco ainda n\u00e3o recomenda a compra de WEGE3.\u00a0<\/p>\n<p>Segundo o Bradesco BBI, o aumento da capacidade produ\u00e7\u00e3o deve se basear no crescente volume de investimentos em energias renov\u00e1veis nos EUA, o que &#8220;exige aportes massivos em transmiss\u00e3o e distribui\u00e7\u00e3o&#8221;, e nos recentes leil\u00f5es de concess\u00e3o de transmiss\u00e3o de energia no Brasil.\u00a0<\/p>\n<p>O banco, no entanto, seguiu com a recomenda\u00e7\u00e3o neutra para a Weg, com pre\u00e7o-alvo de R$ 37 \u2014 um potencial valoriza\u00e7\u00e3o de 4,8% em rela\u00e7\u00e3o ao \u00faltimo fechamento na bolsa.<\/p>\n<\/div>\n<p><br \/>\n<br \/><a href=\"https:\/\/www.seudinheiro.com\/2023\/empresas\/o-pior-ja-passou-investimento-bilionario-pode-ser-a-luz-verde-para-essa-queridinha-da-bolsa-brasileira-ccgg\/\">Source link <\/a><\/p>\n<!-- CONTENT END 1 -->\n","protected":false},"excerpt":{"rendered":"<p>Os resultados da Weg (WEGE3) no terceiro trimestre acenderam a luz amarela para uma das queridinhas da bolsa: a desacelera\u00e7\u00e3o das vendas \u00e9 o primeiro&#8230;<\/p>\n","protected":false},"author":1,"featured_media":11612,"comment_status":"open","ping_status":"open","sticky":false,"template":"","format":"standard","meta":{"advanced_seo_description":"","jetpack_seo_html_title":"","jetpack_seo_noindex":false,"jetpack_post_was_ever_published":false,"_jetpack_newsletter_access":"","_jetpack_dont_email_post_to_subs":false,"_jetpack_newsletter_tier_id":0,"_jetpack_memberships_contains_paywalled_content":false,"_jetpack_memberships_contains_paid_content":false,"footnotes":"","jetpack_publicize_message":"","jetpack_publicize_feature_enabled":true,"jetpack_social_post_already_shared":true,"jetpack_social_options":{"image_generator_settings":{"template":"highway","default_image_id":0,"font":"","enabled":false},"version":2}},"categories":[1235],"tags":[],"class_list":["post-11611","post","type-post","status-publish","format-standard","has-post-thumbnail","hentry","category-dinheiro-e-investimento-como-fazer-como-ganhar"],"jetpack_publicize_connections":[],"jetpack_featured_media_url":"https:\/\/i0.wp.com\/noticiasribeiraopreto.com.br\/wp-content\/uploads\/2023\/12\/shutterstock_1242766117-6.jpg?fit=600%2C338&ssl=1","jetpack-related-posts":[{"id":15693,"url":"https:\/\/noticiasribeiraopreto.com.br\/index.php\/2023\/12\/14\/weg-wege3-queridinha-da-bolsa-vai-continuar-crescendo\/","url_meta":{"origin":11611,"position":0},"title":"WEG (WEGE3): \u2018queridinha da bolsa\u2019 vai continuar crescendo?","author":"noticiasribeiraopreto.com.br","date":"14 de December de 2023","format":false,"excerpt":"Nos \u00faltimos anos, os pap\u00e9is da WEG apresentaram um crescimento impressionante na bolsa de valores brasileira por conta do igualmente expressivo desempenho da companhia no mercado. Mas, nesses \u00faltimos 12 meses, a multinacional de origem sulista parece ter deixado um pouco a desejar em termos de valoriza\u00e7\u00e3o. Enquanto o principal\u2026","rel":"","context":"In &quot;Dinheiro e Investimento&quot;","block_context":{"text":"Dinheiro e Investimento","link":"https:\/\/noticiasribeiraopreto.com.br\/index.php\/category\/dinheiro-e-investimento-como-fazer-como-ganhar\/"},"img":{"alt_text":"","src":"https:\/\/i0.wp.com\/noticiasribeiraopreto.com.br\/wp-content\/uploads\/2023\/12\/jpeg-optimizer_Tomadas-e-Interruptores_-WAU-9-715x402.jpg?fit=715%2C402&ssl=1&resize=350%2C200","width":350,"height":200,"srcset":"https:\/\/i0.wp.com\/noticiasribeiraopreto.com.br\/wp-content\/uploads\/2023\/12\/jpeg-optimizer_Tomadas-e-Interruptores_-WAU-9-715x402.jpg?fit=715%2C402&ssl=1&resize=350%2C200 1x, https:\/\/i0.wp.com\/noticiasribeiraopreto.com.br\/wp-content\/uploads\/2023\/12\/jpeg-optimizer_Tomadas-e-Interruptores_-WAU-9-715x402.jpg?fit=715%2C402&ssl=1&resize=525%2C300 1.5x, https:\/\/i0.wp.com\/noticiasribeiraopreto.com.br\/wp-content\/uploads\/2023\/12\/jpeg-optimizer_Tomadas-e-Interruptores_-WAU-9-715x402.jpg?fit=715%2C402&ssl=1&resize=700%2C400 2x"},"classes":[]},{"id":33605,"url":"https:\/\/noticiasribeiraopreto.com.br\/index.php\/2024\/01\/30\/curto-prazo-sera-dificil-para-a-weg-wege3-acao-queridinha-esta-cara-e-analista-recomenda-troca-por-varejista-que-pode-dobrar-de-valor\/","url_meta":{"origin":11611,"position":1},"title":"Curto prazo ser\u00e1 dif\u00edcil para a Weg (WEGE3)? A\u00e7\u00e3o \u2018queridinha\u2019 est\u00e1 cara e analista recomenda troca por varejista que pode dobrar de valor","author":"noticiasribeiraopreto.com.br","date":"30 de January de 2024","format":false,"excerpt":"Quem acompanha minimamente o mercado de a\u00e7\u00f5es j\u00e1 deve ter ouvido falar no caso de supervaloriza\u00e7\u00e3o da Weg. As a\u00e7\u00f5es de ticker WEGE3 acumulam uma alta de 22.450% desde seu IPO, em 2000. Essa disparada foi suficiente para transformar meros R$ 4.500 em um patrim\u00f4nio milion\u00e1rio. N\u00e3o \u00e9 \u00e0 toa\u2026","rel":"","context":"In &quot;Dinheiro e Investimento&quot;","block_context":{"text":"Dinheiro e Investimento","link":"https:\/\/noticiasribeiraopreto.com.br\/index.php\/category\/dinheiro-e-investimento-como-fazer-como-ganhar\/"},"img":{"alt_text":"","src":"https:\/\/i0.wp.com\/noticiasribeiraopreto.com.br\/wp-content\/uploads\/2024\/01\/weg-trocada-por-varejista-acoes-CAPA-SD-715x402.jpg?fit=715%2C402&ssl=1&resize=350%2C200","width":350,"height":200,"srcset":"https:\/\/i0.wp.com\/noticiasribeiraopreto.com.br\/wp-content\/uploads\/2024\/01\/weg-trocada-por-varejista-acoes-CAPA-SD-715x402.jpg?fit=715%2C402&ssl=1&resize=350%2C200 1x, https:\/\/i0.wp.com\/noticiasribeiraopreto.com.br\/wp-content\/uploads\/2024\/01\/weg-trocada-por-varejista-acoes-CAPA-SD-715x402.jpg?fit=715%2C402&ssl=1&resize=525%2C300 1.5x, https:\/\/i0.wp.com\/noticiasribeiraopreto.com.br\/wp-content\/uploads\/2024\/01\/weg-trocada-por-varejista-acoes-CAPA-SD-715x402.jpg?fit=715%2C402&ssl=1&resize=700%2C400 2x"},"classes":[]},{"id":12758,"url":"https:\/\/noticiasribeiraopreto.com.br\/index.php\/2023\/12\/08\/nem-magazine-luiza-mglu3-nem-weg-wege3-conheca-a-acao-brasileira-fora-do-radar-que-pode-valorizar-10-vezes-mais-que-o-ibovespa\/","url_meta":{"origin":11611,"position":2},"title":"Nem Magazine Luiza (MGLU3), nem Weg (WEGE3): conhe\u00e7a a a\u00e7\u00e3o brasileira fora do radar que pode valorizar 10 vezes mais que o Ibovespa","author":"noticiasribeiraopreto.com.br","date":"8 de December de 2023","format":false,"excerpt":"O Magazine Luiza (MGLU3) e a Weg (WEGE3) fizeram hist\u00f3ria na bolsa brasileira. As empresas se tornaram \u201cqueridinhas\u201d dos investidores por j\u00e1 terem tido valoriza\u00e7\u00f5es capazes de mudar a vida financeira de muita gente. A a\u00e7\u00e3o do Magalu, por exemplo, foi de meros R$ 0,03, em 2015, para R$ 27,42\u2026","rel":"","context":"In &quot;Dinheiro e Investimento&quot;","block_context":{"text":"Dinheiro e Investimento","link":"https:\/\/noticiasribeiraopreto.com.br\/index.php\/category\/dinheiro-e-investimento-como-fazer-como-ganhar\/"},"img":{"alt_text":"","src":"https:\/\/i0.wp.com\/noticiasribeiraopreto.com.br\/wp-content\/uploads\/2023\/12\/magazine-luiza-e-weg-small-caps-acoes-715x402.jpg?fit=715%2C402&ssl=1&resize=350%2C200","width":350,"height":200,"srcset":"https:\/\/i0.wp.com\/noticiasribeiraopreto.com.br\/wp-content\/uploads\/2023\/12\/magazine-luiza-e-weg-small-caps-acoes-715x402.jpg?fit=715%2C402&ssl=1&resize=350%2C200 1x, https:\/\/i0.wp.com\/noticiasribeiraopreto.com.br\/wp-content\/uploads\/2023\/12\/magazine-luiza-e-weg-small-caps-acoes-715x402.jpg?fit=715%2C402&ssl=1&resize=525%2C300 1.5x, https:\/\/i0.wp.com\/noticiasribeiraopreto.com.br\/wp-content\/uploads\/2023\/12\/magazine-luiza-e-weg-small-caps-acoes-715x402.jpg?fit=715%2C402&ssl=1&resize=700%2C400 2x"},"classes":[]},{"id":20354,"url":"https:\/\/noticiasribeiraopreto.com.br\/index.php\/2023\/12\/25\/ursos-sob-a-arvore-de-natal-podcast-touros-e-ursos-traz-os-piores-de-2023-no-mercado-financeiro\/","url_meta":{"origin":11611,"position":3},"title":"Ursos sob a \u00e1rvore de Natal: Podcast Touros e Ursos traz os piores de 2023 no mercado financeiro","author":"noticiasribeiraopreto.com.br","date":"25 de December de 2023","format":false,"excerpt":"Muita gente v\u00ea no Natal um per\u00edodo prop\u00edcio \u00e0 reflex\u00e3o. De fato, trata-se de um excelente momento para pensar em tudo o que se fez ou deixou de fazer no ano que termina e estabelecer metas para o que se inicia. Aqui no Seu Dinheiro, as festividades de Natal e\u2026","rel":"","context":"In &quot;Dinheiro e Investimento&quot;","block_context":{"text":"Dinheiro e Investimento","link":"https:\/\/noticiasribeiraopreto.com.br\/index.php\/category\/dinheiro-e-investimento-como-fazer-como-ganhar\/"},"img":{"alt_text":"","src":"https:\/\/i0.wp.com\/noticiasribeiraopreto.com.br\/wp-content\/uploads\/2023\/12\/Canva-Pro-Getty-Images-1-1-715x402.jpg?fit=715%2C402&ssl=1&resize=350%2C200","width":350,"height":200,"srcset":"https:\/\/i0.wp.com\/noticiasribeiraopreto.com.br\/wp-content\/uploads\/2023\/12\/Canva-Pro-Getty-Images-1-1-715x402.jpg?fit=715%2C402&ssl=1&resize=350%2C200 1x, https:\/\/i0.wp.com\/noticiasribeiraopreto.com.br\/wp-content\/uploads\/2023\/12\/Canva-Pro-Getty-Images-1-1-715x402.jpg?fit=715%2C402&ssl=1&resize=525%2C300 1.5x, https:\/\/i0.wp.com\/noticiasribeiraopreto.com.br\/wp-content\/uploads\/2023\/12\/Canva-Pro-Getty-Images-1-1-715x402.jpg?fit=715%2C402&ssl=1&resize=700%2C400 2x"},"classes":[]},{"id":28765,"url":"https:\/\/noticiasribeiraopreto.com.br\/index.php\/2024\/01\/16\/e-hora-de-colocar-acoes-cvc-cvcb3-na-mala-de-investimentos\/","url_meta":{"origin":11611,"position":4},"title":"\u00c9 hora de colocar a\u00e7\u00f5es CVC (CVCB3) na mala de investimentos?","author":"noticiasribeiraopreto.com.br","date":"16 de January de 2024","format":false,"excerpt":"Janeiro \u00e9 o m\u00eas das f\u00e9rias para muita gente e independente do destino \u2014 praia, campo ou at\u00e9 o exterior \u2014, o Ita\u00fa BBA d\u00e1 uma dica de viagem: colocar as a\u00e7\u00f5es da CVC (CVCB3) na mala dos investimentos.\u00a0 O banco iniciou a cobertura da empresa de turismo com recomenda\u00e7\u00e3o\u2026","rel":"","context":"In &quot;Dinheiro e Investimento&quot;","block_context":{"text":"Dinheiro e Investimento","link":"https:\/\/noticiasribeiraopreto.com.br\/index.php\/category\/dinheiro-e-investimento-como-fazer-como-ganhar\/"},"img":{"alt_text":"","src":"https:\/\/i0.wp.com\/noticiasribeiraopreto.com.br\/wp-content\/uploads\/2024\/01\/foto-loja-3-628x353.jpg?fit=628%2C353&ssl=1&resize=350%2C200","width":350,"height":200,"srcset":"https:\/\/i0.wp.com\/noticiasribeiraopreto.com.br\/wp-content\/uploads\/2024\/01\/foto-loja-3-628x353.jpg?fit=628%2C353&ssl=1&resize=350%2C200 1x, https:\/\/i0.wp.com\/noticiasribeiraopreto.com.br\/wp-content\/uploads\/2024\/01\/foto-loja-3-628x353.jpg?fit=628%2C353&ssl=1&resize=525%2C300 1.5x"},"classes":[]},{"id":34593,"url":"https:\/\/noticiasribeiraopreto.com.br\/index.php\/2024\/02\/02\/o-pior-esta-por-vir-para-a-bolsa-por-que-biden-esta-comemorando-o-dado-de-emprego-mas-voce-nao-deveria\/","url_meta":{"origin":11611,"position":5},"title":"O pior est\u00e1 por vir para a bolsa? Por que Biden est\u00e1 comemorando o dado de emprego, mas voc\u00ea n\u00e3o deveria","author":"noticiasribeiraopreto.com.br","date":"2 de February de 2024","format":false,"excerpt":"\"\u00c9 uma excelente not\u00edcia para as fam\u00edlias trabalhadoras que os sal\u00e1rios, a riqueza e as vagas sejam maiores agora do que antes da pandemia\", comemorou o presidente norte-americano, Joe Biden, ap\u00f3s a divulga\u00e7\u00e3o do relat\u00f3rio de emprego de janeiro nos EUA. Mas quem investe na bolsa n\u00e3o tem tantos motivos\u2026","rel":"","context":"In &quot;Dinheiro e Investimento&quot;","block_context":{"text":"Dinheiro e Investimento","link":"https:\/\/noticiasribeiraopreto.com.br\/index.php\/category\/dinheiro-e-investimento-como-fazer-como-ganhar\/"},"img":{"alt_text":"","src":"https:\/\/i0.wp.com\/noticiasribeiraopreto.com.br\/wp-content\/uploads\/2024\/02\/joe-biden-hacker-eua-empresa-investimento-628x353.jpg?fit=628%2C353&ssl=1&resize=350%2C200","width":350,"height":200,"srcset":"https:\/\/i0.wp.com\/noticiasribeiraopreto.com.br\/wp-content\/uploads\/2024\/02\/joe-biden-hacker-eua-empresa-investimento-628x353.jpg?fit=628%2C353&ssl=1&resize=350%2C200 1x, https:\/\/i0.wp.com\/noticiasribeiraopreto.com.br\/wp-content\/uploads\/2024\/02\/joe-biden-hacker-eua-empresa-investimento-628x353.jpg?fit=628%2C353&ssl=1&resize=525%2C300 1.5x"},"classes":[]}],"jetpack_sharing_enabled":true,"jetpack_shortlink":"https:\/\/wp.me\/peQAOb-31h","_links":{"self":[{"href":"https:\/\/noticiasribeiraopreto.com.br\/index.php\/wp-json\/wp\/v2\/posts\/11611","targetHints":{"allow":["GET"]}}],"collection":[{"href":"https:\/\/noticiasribeiraopreto.com.br\/index.php\/wp-json\/wp\/v2\/posts"}],"about":[{"href":"https:\/\/noticiasribeiraopreto.com.br\/index.php\/wp-json\/wp\/v2\/types\/post"}],"author":[{"embeddable":true,"href":"https:\/\/noticiasribeiraopreto.com.br\/index.php\/wp-json\/wp\/v2\/users\/1"}],"replies":[{"embeddable":true,"href":"https:\/\/noticiasribeiraopreto.com.br\/index.php\/wp-json\/wp\/v2\/comments?post=11611"}],"version-history":[{"count":0,"href":"https:\/\/noticiasribeiraopreto.com.br\/index.php\/wp-json\/wp\/v2\/posts\/11611\/revisions"}],"wp:featuredmedia":[{"embeddable":true,"href":"https:\/\/noticiasribeiraopreto.com.br\/index.php\/wp-json\/wp\/v2\/media\/11612"}],"wp:attachment":[{"href":"https:\/\/noticiasribeiraopreto.com.br\/index.php\/wp-json\/wp\/v2\/media?parent=11611"}],"wp:term":[{"taxonomy":"category","embeddable":true,"href":"https:\/\/noticiasribeiraopreto.com.br\/index.php\/wp-json\/wp\/v2\/categories?post=11611"},{"taxonomy":"post_tag","embeddable":true,"href":"https:\/\/noticiasribeiraopreto.com.br\/index.php\/wp-json\/wp\/v2\/tags?post=11611"}],"curies":[{"name":"wp","href":"https:\/\/api.w.org\/{rel}","templated":true}]}}