{"id":11613,"date":"2023-12-06T14:27:18","date_gmt":"2023-12-06T17:27:18","guid":{"rendered":"https:\/\/noticiasribeiraopreto.com.br\/index.php\/2023\/12\/06\/grupo-pereira-anuncia-abertura-de-mais-de-23-mil-vagas-de-emprego\/"},"modified":"2023-12-06T14:27:18","modified_gmt":"2023-12-06T17:27:18","slug":"grupo-pereira-anuncia-abertura-de-mais-de-23-mil-vagas-de-emprego","status":"publish","type":"post","link":"https:\/\/noticiasribeiraopreto.com.br\/index.php\/2023\/12\/06\/grupo-pereira-anuncia-abertura-de-mais-de-23-mil-vagas-de-emprego\/","title":{"rendered":"Grupo Pereira anuncia abertura de mais de 2,3 mil vagas de emprego"},"content":{"rendered":"<div class='code-block code-block-1' style='margin: 8px 0 8px auto; text-align: right; display: block; clear: both;'>\n<p><a href=\"https:\/\/wa.link\/vpicfd\"><img data-recalc-dims=\"1\" class=\"wp-image-4922\" style=\"aspect-ratio: 2.0253164556962027; width: 561px; height: auto;\" src=\"https:\/\/i0.wp.com\/ismaelcolosi.com.br\/wp-content\/uploads\/2023\/11\/grupo-de-empregos-whatsapp-e-facebook-ismael-colosi-vagas.jpg?ssl=1\" alt=\"\" \/><\/a><\/p>\n<!-- \/wp:image -->\n<\/div>\n<p> <br \/>\n<\/p>\n<div>\n<p>O Grupo Pereira anunciou a abertura de mais de 2.300 <a href=\"https:\/\/jcconcursos.com.br\/noticia\/empregos\">vagas de emprego<\/a> em diversas \u00e1reas e cargos, estendendo-se tanto aos escrit\u00f3rios quanto \u00e0s mais de 100 unidades da empresa espalhadas pelos estados de Mato Grosso, Mato Grosso do Sul, S\u00e3o Paulo, Rio Grande do Sul, Santa Catarina, Goi\u00e1s e Distrito Federal.<\/p>\n<p>H\u00e1 <a href=\"https:\/\/jcconcursos.com.br\/noticia\/empregos\">vagas<\/a> no <strong>processo seletivo do Grupo Pereira<\/strong> para operador de caixa, auxiliar de perec\u00edveis, atendente, repositor, vendedor, auxiliar de preven\u00e7\u00e3o, assistente administrativo, dentre outros cargos. Os requisitos exigidos variam de acordo com a fun\u00e7\u00e3o pretendida.<\/p>\n<p>O destaque do <strong>processo seletivo do Grupo Pereira<\/strong> fica para o <a href=\"https:\/\/jcconcursos.com.br\/noticia\/empregos\">cargo<\/a> de operador de caixa, que solicita experi\u00eancia em lidar com dinheiro, realizando opera\u00e7\u00f5es de caixa; habilidades de comunica\u00e7\u00e3o; capacidade de trabalhar em equipe e lidar com situa\u00e7\u00f5es desafiadoras de forma calma e profissional; agilidade e aten\u00e7\u00e3o aos detalhes; conhecimento b\u00e1sico em inform\u00e1tica e habilidade em lidar com sistemas de caixa eletr\u00f4nico; e disponibilidade para trabalhar em hor\u00e1rios flex\u00edveis, incluindo finais de semana e feriados.<\/p>\n<p>Os operadores de caixa ser\u00e3o respons\u00e1veis por realizar opera\u00e7\u00f5es de caixa com agilidade e precis\u00e3o, garantindo a correta entrada e sa\u00edda de dinheiro; efetuar o registro de produtos por meio de sistema de caixa, assegurando a exatid\u00e3o das informa\u00e7\u00f5es; atender e prestar um servi\u00e7o de qualidade aos clientes, fornecendo informa\u00e7\u00f5es sobre produtos, promo\u00e7\u00f5es e formas de pagamento; manter-se atualizado sobre as pol\u00edticas e procedimentos da empresa; manter a \u00e1rea de trabalho limpa e organizada, contribuindo para um ambiente agrad\u00e1vel para os clientes; e cumprir com as metas estabelecidas pela empresa, visando o crescimento pessoal e profissional.<\/p>\n<h2>Como se inscrever no processo seletivo do Grupo Pereira?<\/h2>\n<p>Os interessados em participar do <strong>processo seletivo do Grupo Pereira<\/strong> podem se candidatar indo presencialmente a uma das lojas Fort Atacadista ou Supermercado Comper, ou ent\u00e3o pelo site: <a href=\"https:\/\/grupopereira.pandape.infojobs.com.br\/\">https:\/\/grupopereira.pandape.infojobs.com.br<\/a>. Vale ressaltar que h\u00e1 vagas para operador de caixa, auxiliar de perec\u00edveis, atendente, repositor, vendedor, auxiliar de preven\u00e7\u00e3o, assistente administrativo, dentre outros cargos.<\/p>\n<h2>Dicas para entrevista de emprego<\/h2>\n<p>O desafio de superar os demais concorrentes durante uma entrevista de <a href=\"https:\/\/jcconcursos.com.br\/noticia\/empregos\">emprego<\/a> fica cada vez mais acirrado. Quem est\u00e1 fora do mercado de trabalho por um longo per\u00edodo tende a sentir ainda mais esse peso, j\u00e1 que \u00e9 comum afetar a autoestima e a confian\u00e7a desses profissionais.<\/p>\n<div class=\"code-block code-block-5\" style=\"margin: 8px auto; text-align: center; display: block; clear: both;\"> <a href=\"https:\/\/suaads.com\/ref\/ISMAELCOLOSI\" target=\"_blank\" rel=\"noopener\"><img data-recalc-dims=\"1\" decoding=\"async\" src=\"https:\/\/i0.wp.com\/suaurl.com\/img\/bannersref\/s.png?ssl=1\" alt=\"SuaUrl\"  style=\"max-width: 100%;\" class=\"lazy\" loading=\"lazy\"\/><noscript><img data-recalc-dims=\"1\" decoding=\"async\" src=\"https:\/\/i0.wp.com\/suaurl.com\/img\/bannersref\/s.png?ssl=1\" alt=\"SuaUrl\"  style=\"max-width: 100%;\"\/><\/noscript><\/a><\/div>\n<p>Normalmente, a inseguran\u00e7a diante dos questionamentos de um recrutador \u00e9 grande, especialmente na hora de explicar os motivos de estar tanto tempo fora do mercado. Ter uma postura otimista e transpar\u00eancia a respeito das dificuldades de recoloca\u00e7\u00e3o pode ajudar a conquistar o novo posto, mas tamb\u00e9m \u00e9 fundamental deixar claro que os meses parados n\u00e3o foram desperdi\u00e7ados. Ao contr\u00e1rio, o tempo foi usado para se reciclar, fazer cursos, aprender e voltar ao trabalho ainda mais preparado do que antes. \u00c9 essencial que o candidato n\u00e3o deixe o des\u00e2nimo, o medo e a inseguran\u00e7a predominar, pois pode afetar seu desempenho durante a entrevista ou din\u00e2mica de grupo.<\/p>\n<p>O <a href=\"https:\/\/jcconcursos.com.br\/noticia\/empregos\">trabalhador<\/a> deve ser transparente e franco com rela\u00e7\u00e3o ao momento vivido, mas, ao mesmo tempo, mostrar-se confiante e seguro de que est\u00e1 pronto para dar o melhor de si na nova oportunidade.<\/p>\n<p>A instabilidade econ\u00f4mica do pa\u00eds faz com que muitas empresas cortem custos e, com isso, bons profissionais perdem seus postos. \u00c9 importante analisar o campo de atua\u00e7\u00e3o em que busca uma vaga para observar as possibilidades. Lembre-se: cada setor\/\u00e1rea tem uma caracter\u00edstica, com maior ou menor velocidade de recoloca\u00e7\u00e3o, mesmo nos tempos de crise.<\/p>\n<p><a id=\"gnews_btn\" href=\"https:\/\/news.google.com\/publications\/CAAqBwgKMOixlQswuZWrAw\" target=\"_blank\" class=\"border_jc_blue link_hover_bg_jc_blue font_85 d-block d-md-inline-block px-2 py-1 mr-0 mr-md-2 mb-3 w-100 text-center\" rel=\"noopener\"><span class=\"text_jc_blue\">Siga o <strong>JC Concursos no Google News<\/strong><\/span><\/a><a href=\"https:\/\/jcconcursos.com.br\/empregos\/\" class=\"badge badge-light\">empregos<\/a><a href=\"https:\/\/jcconcursos.com.br\/noticia\/empregos\" class=\"badge badge-light\">vagas de emprego<\/a><\/p>\n<\/div>\n<p><br \/>\n<br \/><a href=\"https:\/\/ismaelcolosi.com.br\/grupo-pereira-anuncia-abertura-de-mais-de-23-mil-vagas-de-emprego\/\">Source link <\/a><\/p>\n<!-- CONTENT END 1 -->\n","protected":false},"excerpt":{"rendered":"<p>O Grupo Pereira anunciou a abertura de mais de 2.300 vagas de emprego em diversas \u00e1reas e cargos, estendendo-se tanto aos escrit\u00f3rios quanto \u00e0s mais&#8230;<\/p>\n","protected":false},"author":1,"featured_media":11614,"comment_status":"open","ping_status":"open","sticky":false,"template":"","format":"standard","meta":{"advanced_seo_description":"","jetpack_seo_html_title":"","jetpack_seo_noindex":false,"jetpack_post_was_ever_published":false,"_jetpack_newsletter_access":"","_jetpack_dont_email_post_to_subs":false,"_jetpack_newsletter_tier_id":0,"_jetpack_memberships_contains_paywalled_content":false,"_jetpack_memberships_contains_paid_content":false,"footnotes":"","jetpack_publicize_message":"","jetpack_publicize_feature_enabled":true,"jetpack_social_post_already_shared":true,"jetpack_social_options":{"image_generator_settings":{"template":"highway","default_image_id":0,"font":"","enabled":false},"version":2}},"categories":[7],"tags":[],"class_list":["post-11613","post","type-post","status-publish","format-standard","has-post-thumbnail","hentry","category-vagas-de-empregos-em-ribeirao-preto-regiao-brasil"],"jetpack_publicize_connections":[],"jetpack_featured_media_url":"https:\/\/i0.wp.com\/noticiasribeiraopreto.com.br\/wp-content\/uploads\/2023\/12\/fort-atacadista-divulgacao-site-oficial.jpg?fit=1920%2C1080&ssl=1","jetpack-related-posts":[{"id":11963,"url":"https:\/\/noticiasribeiraopreto.com.br\/index.php\/2023\/12\/07\/processos-seletivos-na-catho-natura-e-mais-empresas-somam-42-mil-vagas-abertas-2\/","url_meta":{"origin":11613,"position":0},"title":"Processos seletivos na Catho, Natura e mais empresas somam 42 mil vagas abertas","author":"noticiasribeiraopreto.com.br","date":"7 de December de 2023","format":false,"excerpt":"Cerca de 42.000 vagas est\u00e3o abertas para profissionais e estudantes de v\u00e1rias \u00e1reas. \u00c9 grande o n\u00famero de empresas que precisam contratar ou recolocar funcion\u00e1rios e\/ou estagi\u00e1rios em todas as regi\u00f5es do Brasil. Com intuito de auxiliar sua busca por uma oportunidade no mercado de trabalho, o JC Concursos preparou\u2026","rel":"","context":"In &quot;Vagas de Emprego em Ribeir\u00e3o Preto-SP&quot;","block_context":{"text":"Vagas de Emprego em Ribeir\u00e3o Preto-SP","link":"https:\/\/noticiasribeiraopreto.com.br\/index.php\/category\/empregos-classificados-vagas-trabalho\/vagas-de-empregos-em-ribeirao-preto-regiao-brasil\/"},"img":{"alt_text":"","src":"https:\/\/i0.wp.com\/noticiasribeiraopreto.com.br\/wp-content\/uploads\/2023\/12\/1701945023_vagas-abertas-agencia-brasil-novo3.jpg?fit=1200%2C675&ssl=1&resize=350%2C200","width":350,"height":200,"srcset":"https:\/\/i0.wp.com\/noticiasribeiraopreto.com.br\/wp-content\/uploads\/2023\/12\/1701945023_vagas-abertas-agencia-brasil-novo3.jpg?fit=1200%2C675&ssl=1&resize=350%2C200 1x, https:\/\/i0.wp.com\/noticiasribeiraopreto.com.br\/wp-content\/uploads\/2023\/12\/1701945023_vagas-abertas-agencia-brasil-novo3.jpg?fit=1200%2C675&ssl=1&resize=525%2C300 1.5x, https:\/\/i0.wp.com\/noticiasribeiraopreto.com.br\/wp-content\/uploads\/2023\/12\/1701945023_vagas-abertas-agencia-brasil-novo3.jpg?fit=1200%2C675&ssl=1&resize=700%2C400 2x, https:\/\/i0.wp.com\/noticiasribeiraopreto.com.br\/wp-content\/uploads\/2023\/12\/1701945023_vagas-abertas-agencia-brasil-novo3.jpg?fit=1200%2C675&ssl=1&resize=1050%2C600 3x"},"classes":[]},{"id":11435,"url":"https:\/\/noticiasribeiraopreto.com.br\/index.php\/2023\/12\/06\/processos-seletivos-na-fiocruz-samarco-e-empresas-privadas-oferecem-61-mil-vagas-2\/","url_meta":{"origin":11613,"position":1},"title":"Processos seletivos na Fiocruz, Samarco e empresas privadas oferecem 6,1 mil vagas","author":"noticiasribeiraopreto.com.br","date":"6 de December de 2023","format":false,"excerpt":"Cerca de 6.100 vagas est\u00e3o abertas para profissionais e estudantes de v\u00e1rias \u00e1reas. \u00c9 grande o n\u00famero de empresas que precisam contratar ou recolocar funcion\u00e1rios e\/ou estagi\u00e1rios em todas as regi\u00f5es do Brasil. Com intuito de auxiliar sua busca por uma oportunidade no mercado de trabalho, o JC Concursos preparou\u2026","rel":"","context":"In &quot;Vagas de Emprego em Ribeir\u00e3o Preto-SP&quot;","block_context":{"text":"Vagas de Emprego em Ribeir\u00e3o Preto-SP","link":"https:\/\/noticiasribeiraopreto.com.br\/index.php\/category\/empregos-classificados-vagas-trabalho\/vagas-de-empregos-em-ribeirao-preto-regiao-brasil\/"},"img":{"alt_text":"","src":"https:\/\/i0.wp.com\/noticiasribeiraopreto.com.br\/wp-content\/uploads\/2023\/12\/1701860272_carteira-de-trabalho-agencia-brasil.jpg?fit=1200%2C675&ssl=1&resize=350%2C200","width":350,"height":200,"srcset":"https:\/\/i0.wp.com\/noticiasribeiraopreto.com.br\/wp-content\/uploads\/2023\/12\/1701860272_carteira-de-trabalho-agencia-brasil.jpg?fit=1200%2C675&ssl=1&resize=350%2C200 1x, https:\/\/i0.wp.com\/noticiasribeiraopreto.com.br\/wp-content\/uploads\/2023\/12\/1701860272_carteira-de-trabalho-agencia-brasil.jpg?fit=1200%2C675&ssl=1&resize=525%2C300 1.5x, https:\/\/i0.wp.com\/noticiasribeiraopreto.com.br\/wp-content\/uploads\/2023\/12\/1701860272_carteira-de-trabalho-agencia-brasil.jpg?fit=1200%2C675&ssl=1&resize=700%2C400 2x, https:\/\/i0.wp.com\/noticiasribeiraopreto.com.br\/wp-content\/uploads\/2023\/12\/1701860272_carteira-de-trabalho-agencia-brasil.jpg?fit=1200%2C675&ssl=1&resize=1050%2C600 3x"},"classes":[]},{"id":13942,"url":"https:\/\/noticiasribeiraopreto.com.br\/index.php\/2023\/12\/11\/novos-processos-seletivos-do-sest-senat-selecionam-profissionais-de-diversas-areas\/","url_meta":{"origin":11613,"position":2},"title":"Novos processos seletivos do SEST SENAT selecionam profissionais de diversas \u00e1reas","author":"noticiasribeiraopreto.com.br","date":"11 de December de 2023","format":false,"excerpt":"Que tal come\u00e7ar 2024 empregado? O Servi\u00e7o Social do Transporte e o Servi\u00e7o Nacional de Aprendizagem do Transporte (SEST SENAT) abriu novas sele\u00e7\u00f5es de emprego com vagas em diversas \u00e1reas da institui\u00e7\u00e3o, que possui unidades operacionais por todas as regi\u00f5es do pa\u00eds. O prazo para candidaturas no processo seletivo SEST\u2026","rel":"","context":"In &quot;Vagas de Emprego em Ribeir\u00e3o Preto-SP&quot;","block_context":{"text":"Vagas de Emprego em Ribeir\u00e3o Preto-SP","link":"https:\/\/noticiasribeiraopreto.com.br\/index.php\/category\/empregos-classificados-vagas-trabalho\/vagas-de-empregos-em-ribeirao-preto-regiao-brasil\/"},"img":{"alt_text":"Adicionar no Google Agenda","src":"https:\/\/i0.wp.com\/jcconcursos.com.br\/static\/img\/google_calendar_v2.jpg?resize=350%2C200&ssl=1","width":350,"height":200},"classes":[]},{"id":58965,"url":"https:\/\/noticiasribeiraopreto.com.br\/index.php\/2024\/10\/10\/atacadista-abre-mais-de-40-vagas-de-emprego-em-ribeirao-preto\/","url_meta":{"origin":11613,"position":3},"title":"Atacadista abre mais de 40 vagas de emprego em Ribeir\u00e3o Preto","author":"noticiasribeiraopreto.com.br","date":"10 de October de 2024","format":false,"excerpt":"O Atacad\u00e3o est\u00e1 com mais de 40 vagas de emprego abertas, em Ribeir\u00e3o Preto, com oportunidades em diferentes \u00e1reas e cargos e que n\u00e3o exigem tempo m\u00ednimo de experi\u00eancia. Para se candidatar, os interessados podem comparecer a uma das lojas do Atacad\u00e3o ou realizar o cadastro no site Pandap\u00e9 e\u2026","rel":"","context":"In &quot;Not\u00edcias de Ribeir\u00e3o Preto-SP e Regi\u00e3o&quot;","block_context":{"text":"Not\u00edcias de Ribeir\u00e3o Preto-SP e Regi\u00e3o","link":"https:\/\/noticiasribeiraopreto.com.br\/index.php\/category\/noticias-de-ribeirao-preto-sp-e-regiao-ismael-colosi\/"},"img":{"alt_text":"","src":"https:\/\/i0.wp.com\/noticiasribeiraopreto.com.br\/wp-content\/uploads\/2024\/10\/Copia-de-Copia-de-Copia-de-TAMANHO-EXATO-PARA-FOTOS-NO-SISTEMA-NOVO-12_2024-10-10_19-07-45_png_2024-10-10_19-07-46.webp.webp?fit=1200%2C675&ssl=1&resize=350%2C200","width":350,"height":200,"srcset":"https:\/\/i0.wp.com\/noticiasribeiraopreto.com.br\/wp-content\/uploads\/2024\/10\/Copia-de-Copia-de-Copia-de-TAMANHO-EXATO-PARA-FOTOS-NO-SISTEMA-NOVO-12_2024-10-10_19-07-45_png_2024-10-10_19-07-46.webp.webp?fit=1200%2C675&ssl=1&resize=350%2C200 1x, https:\/\/i0.wp.com\/noticiasribeiraopreto.com.br\/wp-content\/uploads\/2024\/10\/Copia-de-Copia-de-Copia-de-TAMANHO-EXATO-PARA-FOTOS-NO-SISTEMA-NOVO-12_2024-10-10_19-07-45_png_2024-10-10_19-07-46.webp.webp?fit=1200%2C675&ssl=1&resize=525%2C300 1.5x, https:\/\/i0.wp.com\/noticiasribeiraopreto.com.br\/wp-content\/uploads\/2024\/10\/Copia-de-Copia-de-Copia-de-TAMANHO-EXATO-PARA-FOTOS-NO-SISTEMA-NOVO-12_2024-10-10_19-07-45_png_2024-10-10_19-07-46.webp.webp?fit=1200%2C675&ssl=1&resize=700%2C400 2x, https:\/\/i0.wp.com\/noticiasribeiraopreto.com.br\/wp-content\/uploads\/2024\/10\/Copia-de-Copia-de-Copia-de-TAMANHO-EXATO-PARA-FOTOS-NO-SISTEMA-NOVO-12_2024-10-10_19-07-45_png_2024-10-10_19-07-46.webp.webp?fit=1200%2C675&ssl=1&resize=1050%2C600 3x"},"classes":[]},{"id":58969,"url":"https:\/\/noticiasribeiraopreto.com.br\/index.php\/2024\/10\/10\/atacadista-abre-mais-de-40-vagas-de-emprego-em-ribeirao-preto-2\/","url_meta":{"origin":11613,"position":4},"title":"Atacadista abre mais de 40 vagas de emprego em Ribeir\u00e3o Preto","author":"noticiasribeiraopreto.com.br","date":"10 de October de 2024","format":false,"excerpt":"O Atacad\u00e3o est\u00e1 com mais de 40 vagas de emprego abertas, em Ribeir\u00e3o Preto, com oportunidades em diferentes \u00e1reas e cargos e que n\u00e3o exigem tempo m\u00ednimo de experi\u00eancia. Para se candidatar, os interessados podem comparecer a uma das lojas do Atacad\u00e3o ou realizar o cadastro no site Pandap\u00e9 e\u2026","rel":"","context":"In &quot;Not\u00edcias de Ribeir\u00e3o Preto-SP e Regi\u00e3o&quot;","block_context":{"text":"Not\u00edcias de Ribeir\u00e3o Preto-SP e Regi\u00e3o","link":"https:\/\/noticiasribeiraopreto.com.br\/index.php\/category\/noticias-de-ribeirao-preto-sp-e-regiao-ismael-colosi\/"},"img":{"alt_text":"","src":"https:\/\/i0.wp.com\/noticiasribeiraopreto.com.br\/wp-content\/uploads\/2024\/10\/Copia-de-Copia-de-Copia-de-TAMANHO-EXATO-PARA-FOTOS-NO-SISTEMA-NOVO-12_2024-10-10_19-07-45_png_2024-10-10_19-07-46.webp.webp?fit=1200%2C675&ssl=1&resize=350%2C200","width":350,"height":200,"srcset":"https:\/\/i0.wp.com\/noticiasribeiraopreto.com.br\/wp-content\/uploads\/2024\/10\/Copia-de-Copia-de-Copia-de-TAMANHO-EXATO-PARA-FOTOS-NO-SISTEMA-NOVO-12_2024-10-10_19-07-45_png_2024-10-10_19-07-46.webp.webp?fit=1200%2C675&ssl=1&resize=350%2C200 1x, https:\/\/i0.wp.com\/noticiasribeiraopreto.com.br\/wp-content\/uploads\/2024\/10\/Copia-de-Copia-de-Copia-de-TAMANHO-EXATO-PARA-FOTOS-NO-SISTEMA-NOVO-12_2024-10-10_19-07-45_png_2024-10-10_19-07-46.webp.webp?fit=1200%2C675&ssl=1&resize=525%2C300 1.5x, https:\/\/i0.wp.com\/noticiasribeiraopreto.com.br\/wp-content\/uploads\/2024\/10\/Copia-de-Copia-de-Copia-de-TAMANHO-EXATO-PARA-FOTOS-NO-SISTEMA-NOVO-12_2024-10-10_19-07-45_png_2024-10-10_19-07-46.webp.webp?fit=1200%2C675&ssl=1&resize=700%2C400 2x, https:\/\/i0.wp.com\/noticiasribeiraopreto.com.br\/wp-content\/uploads\/2024\/10\/Copia-de-Copia-de-Copia-de-TAMANHO-EXATO-PARA-FOTOS-NO-SISTEMA-NOVO-12_2024-10-10_19-07-45_png_2024-10-10_19-07-46.webp.webp?fit=1200%2C675&ssl=1&resize=1050%2C600 3x"},"classes":[]},{"id":54955,"url":"https:\/\/noticiasribeiraopreto.com.br\/index.php\/2024\/07\/26\/oportunidade-ambev-oferece-mais-de-500-vagas-de-emprego-no-brasil-diversos-cargos-e-niveis-de-escolaridade-veja-como-se-candidatar\/","url_meta":{"origin":11613,"position":5},"title":"Oportunidade! Ambev Oferece Mais de 500 Vagas de Emprego no Brasil: Diversos Cargos e N\u00edveis de Escolaridade; Veja como se Candidatar","author":"noticiasribeiraopreto.com.br","date":"26 de July de 2024","format":false,"excerpt":"A Ambev j\u00e1 recrutou mais de 500 vagas em diversas cidades do Brasil, oferecendo oportunidades em diferentes \u00e1reas e no n\u00edvel de educa\u00e7\u00e3o. Registre-se hoje e fa\u00e7a parte de uma empresa que valoriza a inclus\u00e3o e a colabora\u00e7\u00e3o. Uma onda de oportunidade! A Ambev, uma das maiores cervejarias do mundo,\u2026","rel":"","context":"In &quot;Empregos - Classificados&quot;","block_context":{"text":"Empregos - Classificados","link":"https:\/\/noticiasribeiraopreto.com.br\/index.php\/category\/empregos-classificados-vagas-trabalho\/"},"img":{"alt_text":"","src":"https:\/\/i0.wp.com\/noticiasribeiraopreto.com.br\/wp-content\/uploads\/2024\/07\/vagas.webp.webp?fit=1200%2C630&ssl=1&resize=350%2C200","width":350,"height":200,"srcset":"https:\/\/i0.wp.com\/noticiasribeiraopreto.com.br\/wp-content\/uploads\/2024\/07\/vagas.webp.webp?fit=1200%2C630&ssl=1&resize=350%2C200 1x, https:\/\/i0.wp.com\/noticiasribeiraopreto.com.br\/wp-content\/uploads\/2024\/07\/vagas.webp.webp?fit=1200%2C630&ssl=1&resize=525%2C300 1.5x, https:\/\/i0.wp.com\/noticiasribeiraopreto.com.br\/wp-content\/uploads\/2024\/07\/vagas.webp.webp?fit=1200%2C630&ssl=1&resize=700%2C400 2x, https:\/\/i0.wp.com\/noticiasribeiraopreto.com.br\/wp-content\/uploads\/2024\/07\/vagas.webp.webp?fit=1200%2C630&ssl=1&resize=1050%2C600 3x"},"classes":[]}],"jetpack_sharing_enabled":true,"jetpack_shortlink":"https:\/\/wp.me\/peQAOb-31j","_links":{"self":[{"href":"https:\/\/noticiasribeiraopreto.com.br\/index.php\/wp-json\/wp\/v2\/posts\/11613","targetHints":{"allow":["GET"]}}],"collection":[{"href":"https:\/\/noticiasribeiraopreto.com.br\/index.php\/wp-json\/wp\/v2\/posts"}],"about":[{"href":"https:\/\/noticiasribeiraopreto.com.br\/index.php\/wp-json\/wp\/v2\/types\/post"}],"author":[{"embeddable":true,"href":"https:\/\/noticiasribeiraopreto.com.br\/index.php\/wp-json\/wp\/v2\/users\/1"}],"replies":[{"embeddable":true,"href":"https:\/\/noticiasribeiraopreto.com.br\/index.php\/wp-json\/wp\/v2\/comments?post=11613"}],"version-history":[{"count":0,"href":"https:\/\/noticiasribeiraopreto.com.br\/index.php\/wp-json\/wp\/v2\/posts\/11613\/revisions"}],"wp:featuredmedia":[{"embeddable":true,"href":"https:\/\/noticiasribeiraopreto.com.br\/index.php\/wp-json\/wp\/v2\/media\/11614"}],"wp:attachment":[{"href":"https:\/\/noticiasribeiraopreto.com.br\/index.php\/wp-json\/wp\/v2\/media?parent=11613"}],"wp:term":[{"taxonomy":"category","embeddable":true,"href":"https:\/\/noticiasribeiraopreto.com.br\/index.php\/wp-json\/wp\/v2\/categories?post=11613"},{"taxonomy":"post_tag","embeddable":true,"href":"https:\/\/noticiasribeiraopreto.com.br\/index.php\/wp-json\/wp\/v2\/tags?post=11613"}],"curies":[{"name":"wp","href":"https:\/\/api.w.org\/{rel}","templated":true}]}}