{"id":1164,"date":"2023-11-10T17:04:01","date_gmt":"2023-11-10T20:04:01","guid":{"rendered":"https:\/\/noticiasribeiraopreto.com.br\/index.php\/2023\/11\/10\/pagamento-do-13o-salario-injetara-r-291-bilhoes-na-economia\/"},"modified":"2023-11-10T17:04:01","modified_gmt":"2023-11-10T20:04:01","slug":"pagamento-do-13o-salario-injetara-r-291-bilhoes-na-economia","status":"publish","type":"post","link":"https:\/\/noticiasribeiraopreto.com.br\/index.php\/2023\/11\/10\/pagamento-do-13o-salario-injetara-r-291-bilhoes-na-economia\/","title":{"rendered":"Pagamento do 13\u00ba sal\u00e1rio injetar\u00e1 R$ 291 bilh\u00f5es na economia"},"content":{"rendered":"<div class='code-block code-block-1' style='margin: 8px 0 8px auto; text-align: right; display: block; clear: both;'>\n<p><a href=\"https:\/\/wa.link\/vpicfd\"><img data-recalc-dims=\"1\" class=\"wp-image-4922\" style=\"aspect-ratio: 2.0253164556962027; width: 561px; height: auto;\" src=\"https:\/\/i0.wp.com\/ismaelcolosi.com.br\/wp-content\/uploads\/2023\/11\/grupo-de-empregos-whatsapp-e-facebook-ismael-colosi-vagas.jpg?ssl=1\" alt=\"\" \/><\/a><\/p>\n<!-- \/wp:image -->\n<\/div>\n<p> <br \/>\n<\/p>\n<div id=\"\">\n<p> <span class=\"entry-meta-item penci-posted-on\"><i class=\"fa fa-clock-o\"\/><time class=\"entry-date published\" datetime=\"2023-11-10T17:00:36-03:00\">10 de novembro de 2023 | 17:00<\/time><time class=\"updated\" datetime=\"2023-11-10T10:20:27-03:00\">10 de novembro de 2023 | 10:20<\/time><\/span><\/p>\n<p> <span class=\"penci-social-buttons penci-social-share-footer\"><a href=\"#\" class=\"penci-post-like penci_post-meta_item  single-like-button penci-social-item like\" data-post_id=\"363961\" title=\"Like\" data-like=\"Like\" data-unlike=\"Unlike\"><i class=\"fa fa-thumbs-o-up\"\/><span class=\"penci-share-number\">0<\/span><\/a><a class=\"penci-social-item facebook\" target=\"_blank\" rel=\"noopener\" title=\"\" href=\"https:\/\/www.facebook.com\/sharer\/sharer.php?u=https%3A%2F%2Fwww.tribunaribeirao.com.br%2Fsite%2Fpagamento-do-13o-salario-injetara-r-291-bilhoes-na-economia%2F\"><i class=\"fa fa-facebook\"\/><\/a><a class=\"penci-social-item twitter\" target=\"_blank\" rel=\"noopener\" title=\"\" href=\"https:\/\/twitter.com\/intent\/tweet?text=Pagamento%20do%2013\u00ba%20sal\u00e1rio%20injetar\u00e1%20R$%20291%20bilh\u00f5es%20na%20economia%20-%20https:\/\/www.tribunaribeirao.com.br\/site\/pagamento-do-13o-salario-injetara-r-291-bilhoes-na-economia\/\"><i class=\"fa fa-twitter\"\/><\/a><a class=\"penci-social-item whatsapp\" rel=\"noopener\" data-text=\"Pagamento do 13\u00ba sal\u00e1rio injetar\u00e1 R$ 291 bilh\u00f5es na economia\" data-link=\"https:\/\/www.tribunaribeirao.com.br\/site\/pagamento-do-13o-salario-injetara-r-291-bilhoes-na-economia\/\" href=\"#\"><i class=\"fa fa-whatsapp\"\/><\/a><\/span><\/div>\n<div>\n<p>O pagamento do 13\u00ba sal\u00e1rio dever\u00e1 injetar na economia brasileira cerca de R$ 291 bilh\u00f5es, diz levantamento divulgado nesta quinta-feira (9) pelo Departamento Intersindical de Estat\u00edstica e Estudos Socioecon\u00f4micos (Dieese).<img data-recalc-dims=\"1\" decoding=\"async\" src=\"https:\/\/i0.wp.com\/agenciabrasil.ebc.com.br\/ebc.png?ssl=1\" class=\"lazyload\"\/><noscript><img data-recalc-dims=\"1\" decoding=\"async\" src=\"https:\/\/i0.wp.com\/agenciabrasil.ebc.com.br\/ebc.png?ssl=1\"\/><\/noscript><img data-recalc-dims=\"1\" decoding=\"async\" src=\"https:\/\/i0.wp.com\/agenciabrasil.ebc.com.br\/ebc.gif?ssl=1\" class=\"lazyload\"\/><noscript><img data-recalc-dims=\"1\" decoding=\"async\" src=\"https:\/\/i0.wp.com\/agenciabrasil.ebc.com.br\/ebc.gif?ssl=1\"\/><\/noscript><\/p>\n<p>O valor representa aproximadamente 2,7% do Produto Interno Bruto (PIB, soma de todos os bens e servi\u00e7os produzidos no pa\u00eds) e ser\u00e1 pago a cerca de 87,7 milh\u00f5es de pessoas: trabalhadores do mercado formal, benefici\u00e1rios da Previd\u00eancia Social e aposentados e benefici\u00e1rios de pens\u00e3o da Uni\u00e3o e dos estados e munic\u00edpios. Em m\u00e9dia, cada trabalhador dever\u00e1 receber R$ 3.057.<\/p>\n<p>Do montante a ser pago como 13\u00ba, cerca de R$ 201,6 bilh\u00f5es, ou 69% do total, ir\u00e3o para empregados formais, incluindo trabalhadores dom\u00e9sticos, e 31%, (R$ 89,8 bilh\u00f5es) para aposentados e pensionistas. Benefici\u00e1rios da Previd\u00eancia Social (32,8 milh\u00f5es de pessoas) receber\u00e3o R$ 55,4 bilh\u00f5es, aposentados e pensionistas da Uni\u00e3o, R$ 11,2 bilh\u00f5es (3,8%); aposentados e pensionistas dos estados, R$ 17,5 bilh\u00f5es (6%); e aposentados e pensionistas dos regimes pr\u00f3prios dos munic\u00edpios, R$ 5,6 bilh\u00f5es.<\/p>\n<p>A maior m\u00e9dia do valor do 13\u00ba ser\u00e1 paga aos trabalhadores do setor de servi\u00e7os (R$ 4.460). A ind\u00fastria aparece com o segundo valor, equivalente a R$ 3.922; e o menor fica com os trabalhadores do setor prim\u00e1rio da economia, R$ 2.362.<\/p>\n<p>O maior valor m\u00e9dio para o 13\u00ba ser\u00e1 destinado aos trabalhadores, aposentados e pensionistas no Distrito Federal (R$ 5.400) e o menor, no Maranh\u00e3o e Piau\u00ed (R$ 2.087 e R$ 2.091, respectivamente).<\/p>\n<p>Segundo o Dieese, para o c\u00e1lculo do pagamento do 13\u00ba sal\u00e1rio em 2023, foram reunidos dados da Rela\u00e7\u00e3o Anual de Informa\u00e7\u00f5es Sociais (Rais) e do Novo Cadastro Geral de Empregados e Desempregados (Novo Caged), ambos do Minist\u00e9rio do Trabalho e Emprego. Tamb\u00e9m foram consideradas informa\u00e7\u00f5es da Pesquisa Nacional por Amostra de Domic\u00edlios Cont\u00ednua (Pnad), realizada pelo Instituto Brasileiro de Geografia e Estat\u00edstica (IBGE), da Previd\u00eancia Social e da Secretaria do Tesouro Nacional (STN).<\/p>\n<\/div>\n<p><script async src=\"\/\/platform.twitter.com\/widgets.js\" charset=\"utf-8\"><\/script><br \/>\n<br \/><br \/>\n<br \/><a href=\"https:\/\/www.tribunaribeirao.com.br\/site\/pagamento-do-13o-salario-injetara-r-291-bilhoes-na-economia\/\">Source link <\/a><\/p>\n<!-- CONTENT END 1 -->\n","protected":false},"excerpt":{"rendered":"<p>10 de novembro de 2023 | 17:0010 de novembro de 2023 | 10:20 0 O pagamento do 13\u00ba sal\u00e1rio dever\u00e1 injetar na economia brasileira cerca&#8230;<\/p>\n","protected":false},"author":1,"featured_media":1165,"comment_status":"open","ping_status":"open","sticky":false,"template":"","format":"standard","meta":{"advanced_seo_description":"","jetpack_seo_html_title":"","jetpack_seo_noindex":false,"jetpack_post_was_ever_published":false,"_jetpack_newsletter_access":"","_jetpack_dont_email_post_to_subs":false,"_jetpack_newsletter_tier_id":0,"_jetpack_memberships_contains_paywalled_content":false,"_jetpack_memberships_contains_paid_content":false,"footnotes":"","jetpack_publicize_message":"","jetpack_publicize_feature_enabled":true,"jetpack_social_post_already_shared":false,"jetpack_social_options":{"image_generator_settings":{"template":"highway","default_image_id":0,"font":"","enabled":false},"version":2}},"categories":[11],"tags":[],"class_list":["post-1164","post","type-post","status-publish","format-standard","has-post-thumbnail","hentry","category-noticias-de-ribeirao-preto-sp-e-regiao-ismael-colosi"],"jetpack_publicize_connections":[],"jetpack_featured_media_url":"https:\/\/i0.wp.com\/noticiasribeiraopreto.com.br\/wp-content\/uploads\/2023\/11\/decimo-terceiro-scaled.jpg?fit=1000%2C598&ssl=1","jetpack-related-posts":[{"id":3421,"url":"https:\/\/noticiasribeiraopreto.com.br\/index.php\/2023\/11\/18\/black-friday-veja-as-promocoes-do-shopping-iguatemi-de-ribeirao-preto\/","url_meta":{"origin":1164,"position":0},"title":"Black Friday: Veja as promo\u00e7\u00f5es do Shopping Iguatemi de Ribeir\u00e3o Preto","author":"noticiasribeiraopreto.com.br","date":"18 de November de 2023","format":false,"excerpt":"Falta menos de uma semana para data oficial da Black Friday \u2013 que \u00e9 24 de novembro \u2013 e muitas lojas j\u00e1 iniciaram as promo\u00e7\u00f5es ou j\u00e1 divulgaram a data do in\u00edcio das ofertas. No Shopping Iguatemi, na zona Sul de Ribeir\u00e3o Preto, por exemplo, v\u00e1rias lojas aderiam e divulgaram\u2026","rel":"","context":"In &quot;Not\u00edcias de Ribeir\u00e3o Preto-SP e Regi\u00e3o&quot;","block_context":{"text":"Not\u00edcias de Ribeir\u00e3o Preto-SP e Regi\u00e3o","link":"https:\/\/noticiasribeiraopreto.com.br\/index.php\/category\/noticias-de-ribeirao-preto-sp-e-regiao-ismael-colosi\/"},"img":{"alt_text":"","src":"https:\/\/i0.wp.com\/noticiasribeiraopreto.com.br\/wp-content\/uploads\/2023\/11\/WhatsApp-Image-2023-11-17-at-13.51.16.jpeg?fit=696%2C464&ssl=1&resize=350%2C200","width":350,"height":200,"srcset":"https:\/\/i0.wp.com\/noticiasribeiraopreto.com.br\/wp-content\/uploads\/2023\/11\/WhatsApp-Image-2023-11-17-at-13.51.16.jpeg?fit=696%2C464&ssl=1&resize=350%2C200 1x, https:\/\/i0.wp.com\/noticiasribeiraopreto.com.br\/wp-content\/uploads\/2023\/11\/WhatsApp-Image-2023-11-17-at-13.51.16.jpeg?fit=696%2C464&ssl=1&resize=525%2C300 1.5x"},"classes":[]},{"id":6473,"url":"https:\/\/noticiasribeiraopreto.com.br\/index.php\/2023\/11\/26\/maes-do-bolsa-familia-recebem-bonus-de-r-50-na-parcela-de-novembro\/","url_meta":{"origin":1164,"position":1},"title":"M\u00e3es do Bolsa Fam\u00edlia recebem b\u00f4nus de R$ 50 na parcela de novembro","author":"noticiasribeiraopreto.com.br","date":"26 de November de 2023","format":false,"excerpt":"Cr\u00e9ditos: Ag\u00eancia Brasil\/ArquivoA novidade mais aguardada do Bolsa Fam\u00edlia de novembro acaba de chegar As m\u00e3es que fazem parte do programa Bolsa Fam\u00edlia t\u00eam um motivo a mais para celebrar neste m\u00eas de novembro. Al\u00e9m dos pagamentos regulares que j\u00e1 beneficiam mais de 20 milh\u00f5es de pessoas, um b\u00f4nus de\u2026","rel":"","context":"In &quot;Variedades&quot;","block_context":{"text":"Variedades","link":"https:\/\/noticiasribeiraopreto.com.br\/index.php\/category\/variedades\/"},"img":{"alt_text":"","src":"https:\/\/i0.wp.com\/noticiasribeiraopreto.com.br\/wp-content\/uploads\/2023\/11\/bolsa-familia-na-conta-saiba-se-voce-vai-receber-hoje.jpg?fit=1200%2C638&ssl=1&resize=350%2C200","width":350,"height":200,"srcset":"https:\/\/i0.wp.com\/noticiasribeiraopreto.com.br\/wp-content\/uploads\/2023\/11\/bolsa-familia-na-conta-saiba-se-voce-vai-receber-hoje.jpg?fit=1200%2C638&ssl=1&resize=350%2C200 1x, https:\/\/i0.wp.com\/noticiasribeiraopreto.com.br\/wp-content\/uploads\/2023\/11\/bolsa-familia-na-conta-saiba-se-voce-vai-receber-hoje.jpg?fit=1200%2C638&ssl=1&resize=525%2C300 1.5x, https:\/\/i0.wp.com\/noticiasribeiraopreto.com.br\/wp-content\/uploads\/2023\/11\/bolsa-familia-na-conta-saiba-se-voce-vai-receber-hoje.jpg?fit=1200%2C638&ssl=1&resize=700%2C400 2x, https:\/\/i0.wp.com\/noticiasribeiraopreto.com.br\/wp-content\/uploads\/2023\/11\/bolsa-familia-na-conta-saiba-se-voce-vai-receber-hoje.jpg?fit=1200%2C638&ssl=1&resize=1050%2C600 3x"},"classes":[]},{"id":22944,"url":"https:\/\/noticiasribeiraopreto.com.br\/index.php\/2023\/12\/31\/brasil-bate-recorde-de-consumo-de-energia-eletrica-pelo-segundo-mes-consecutivo-em-novembro\/","url_meta":{"origin":1164,"position":2},"title":"Brasil bate recorde de consumo de energia el\u00e9trica pelo segundo m\u00eas consecutivo em novembro","author":"noticiasribeiraopreto.com.br","date":"31 de December de 2023","format":false,"excerpt":"31 de dezembro de 2023 | 15:0030 de dezembro de 2023 | 17:07 0O Brasil bateu o segundo recorde consecutivo de consumo de energia el\u00e9trica em novembro, atingindo 46.407 gigawatts-hora (GWh), alta de 8,5% em compara\u00e7\u00e3o com novembro de 2022, informou a Empresa de Pesquisa Energ\u00e9tica (EPE). Segundo a autarquia,\u2026","rel":"","context":"In &quot;Not\u00edcias de Ribeir\u00e3o Preto-SP e Regi\u00e3o&quot;","block_context":{"text":"Not\u00edcias de Ribeir\u00e3o Preto-SP e Regi\u00e3o","link":"https:\/\/noticiasribeiraopreto.com.br\/index.php\/category\/noticias-de-ribeirao-preto-sp-e-regiao-ismael-colosi\/"},"img":{"alt_text":"","src":"https:\/\/i0.wp.com\/noticiasribeiraopreto.com.br\/wp-content\/uploads\/2023\/12\/35353960-6181-460a-bf82-25eb45dff665-1.jpg?fit=684%2C460&ssl=1&resize=350%2C200","width":350,"height":200,"srcset":"https:\/\/i0.wp.com\/noticiasribeiraopreto.com.br\/wp-content\/uploads\/2023\/12\/35353960-6181-460a-bf82-25eb45dff665-1.jpg?fit=684%2C460&ssl=1&resize=350%2C200 1x, https:\/\/i0.wp.com\/noticiasribeiraopreto.com.br\/wp-content\/uploads\/2023\/12\/35353960-6181-460a-bf82-25eb45dff665-1.jpg?fit=684%2C460&ssl=1&resize=525%2C300 1.5x"},"classes":[]},{"id":6531,"url":"https:\/\/noticiasribeiraopreto.com.br\/index.php\/2023\/11\/26\/pagamentos-antecipados-do-bolsa-familia-beneficiam-brasileiros\/","url_meta":{"origin":1164,"position":3},"title":"Pagamentos antecipados do Bolsa Fam\u00edlia beneficiam brasileiros","author":"noticiasribeiraopreto.com.br","date":"26 de November de 2023","format":false,"excerpt":"Cr\u00e9ditos: MDAS\/Divulga\u00e7\u00e3oO calend\u00e1rio do Bolsa Fam\u00edlia de novembro est\u00e1 SURPREENDENTE Iniciando uma era de maior agilidade e antecipa\u00e7\u00e3o, o novo calend\u00e1rio do Bolsa Fam\u00edlia, implementado a partir de 17 de novembro, traz mudan\u00e7as significativas que beneficiar\u00e3o mais de 20 milh\u00f5es de fam\u00edlias em todo o Brasil. Neste m\u00eas, os pagamentos\u2026","rel":"","context":"In &quot;Variedades&quot;","block_context":{"text":"Variedades","link":"https:\/\/noticiasribeiraopreto.com.br\/index.php\/category\/variedades\/"},"img":{"alt_text":"","src":"https:\/\/i0.wp.com\/noticiasribeiraopreto.com.br\/wp-content\/uploads\/2023\/11\/bolsa-familia-paga-dinheiro-extra-hoje-saiba-quem-vai-receber.jpg?fit=1200%2C638&ssl=1&resize=350%2C200","width":350,"height":200,"srcset":"https:\/\/i0.wp.com\/noticiasribeiraopreto.com.br\/wp-content\/uploads\/2023\/11\/bolsa-familia-paga-dinheiro-extra-hoje-saiba-quem-vai-receber.jpg?fit=1200%2C638&ssl=1&resize=350%2C200 1x, https:\/\/i0.wp.com\/noticiasribeiraopreto.com.br\/wp-content\/uploads\/2023\/11\/bolsa-familia-paga-dinheiro-extra-hoje-saiba-quem-vai-receber.jpg?fit=1200%2C638&ssl=1&resize=525%2C300 1.5x, https:\/\/i0.wp.com\/noticiasribeiraopreto.com.br\/wp-content\/uploads\/2023\/11\/bolsa-familia-paga-dinheiro-extra-hoje-saiba-quem-vai-receber.jpg?fit=1200%2C638&ssl=1&resize=700%2C400 2x, https:\/\/i0.wp.com\/noticiasribeiraopreto.com.br\/wp-content\/uploads\/2023\/11\/bolsa-familia-paga-dinheiro-extra-hoje-saiba-quem-vai-receber.jpg?fit=1200%2C638&ssl=1&resize=1050%2C600 3x"},"classes":[]},{"id":22399,"url":"https:\/\/noticiasribeiraopreto.com.br\/index.php\/2023\/12\/29\/taxa-de-desocupacao-no-trimestre-ate-novembro-e-a-menor-desde-fevereiro-de-2015\/","url_meta":{"origin":1164,"position":4},"title":"Taxa de desocupa\u00e7\u00e3o no trimestre at\u00e9 novembro \u00e9 a menor desde fevereiro de 2015","author":"noticiasribeiraopreto.com.br","date":"29 de December de 2023","format":false,"excerpt":"29 de dezembro de 2023 | 17:0029 de dezembro de 2023 | 11:41 0A taxa de desocupa\u00e7\u00e3o caiu de 7,8% no trimestre terminado em agosto para 7,5% no trimestre encerrado em novembro, menor resultado desde fevereiro de 2015, quando tamb\u00e9m foi de 7,5%. Os dados s\u00e3o da Pesquisa Nacional por\u2026","rel":"","context":"In &quot;Not\u00edcias de Ribeir\u00e3o Preto-SP e Regi\u00e3o&quot;","block_context":{"text":"Not\u00edcias de Ribeir\u00e3o Preto-SP e Regi\u00e3o","link":"https:\/\/noticiasribeiraopreto.com.br\/index.php\/category\/noticias-de-ribeirao-preto-sp-e-regiao-ismael-colosi\/"},"img":{"alt_text":"","src":"https:\/\/i0.wp.com\/noticiasribeiraopreto.com.br\/wp-content\/uploads\/2023\/12\/CagedRP-Marcelo-Camargo-Ag.Br_-scaled.jpg?fit=1000%2C598&ssl=1&resize=350%2C200","width":350,"height":200,"srcset":"https:\/\/i0.wp.com\/noticiasribeiraopreto.com.br\/wp-content\/uploads\/2023\/12\/CagedRP-Marcelo-Camargo-Ag.Br_-scaled.jpg?fit=1000%2C598&ssl=1&resize=350%2C200 1x, https:\/\/i0.wp.com\/noticiasribeiraopreto.com.br\/wp-content\/uploads\/2023\/12\/CagedRP-Marcelo-Camargo-Ag.Br_-scaled.jpg?fit=1000%2C598&ssl=1&resize=525%2C300 1.5x, https:\/\/i0.wp.com\/noticiasribeiraopreto.com.br\/wp-content\/uploads\/2023\/12\/CagedRP-Marcelo-Camargo-Ag.Br_-scaled.jpg?fit=1000%2C598&ssl=1&resize=700%2C400 2x"},"classes":[]},{"id":18337,"url":"https:\/\/noticiasribeiraopreto.com.br\/index.php\/2023\/12\/20\/inadimplencia-recua-em-novembro-em-rp\/","url_meta":{"origin":1164,"position":5},"title":"Inadimpl\u00eancia recua\u00a0em novembro\u00a0em RP &#8211; Jornal Tribuna Ribeir\u00e3o","author":"noticiasribeiraopreto.com.br","date":"20 de December de 2023","format":false,"excerpt":"Ribeir\u00e3o Preto fechou novembro com 294.749 inadimplentes, com valor total acima de R$ 2 bilh\u00f5es, apesar da queda em rela\u00e7\u00e3o a outubro: d\u00e9cimo terceiro amortizou pend\u00eancias Ribeir\u00e3o Preto fechou o primeiro semestre com 292.110 inadimplentes, em julho a cidade j\u00e1 contava com 293.497 pessoas nesta situa\u00e7\u00e3o, em agosto avan\u00e7ou para\u2026","rel":"","context":"In &quot;Not\u00edcias de Ribeir\u00e3o Preto-SP e Regi\u00e3o&quot;","block_context":{"text":"Not\u00edcias de Ribeir\u00e3o Preto-SP e Regi\u00e3o","link":"https:\/\/noticiasribeiraopreto.com.br\/index.php\/category\/noticias-de-ribeirao-preto-sp-e-regiao-ismael-colosi\/"},"img":{"alt_text":"","src":"https:\/\/i0.wp.com\/noticiasribeiraopreto.com.br\/wp-content\/uploads\/2023\/12\/1-calote-agencia-brasil-scaled.jpg?fit=967%2C645&ssl=1&resize=350%2C200","width":350,"height":200,"srcset":"https:\/\/i0.wp.com\/noticiasribeiraopreto.com.br\/wp-content\/uploads\/2023\/12\/1-calote-agencia-brasil-scaled.jpg?fit=967%2C645&ssl=1&resize=350%2C200 1x, https:\/\/i0.wp.com\/noticiasribeiraopreto.com.br\/wp-content\/uploads\/2023\/12\/1-calote-agencia-brasil-scaled.jpg?fit=967%2C645&ssl=1&resize=525%2C300 1.5x, https:\/\/i0.wp.com\/noticiasribeiraopreto.com.br\/wp-content\/uploads\/2023\/12\/1-calote-agencia-brasil-scaled.jpg?fit=967%2C645&ssl=1&resize=700%2C400 2x"},"classes":[]}],"jetpack_sharing_enabled":true,"jetpack_shortlink":"https:\/\/wp.me\/peQAOb-iM","_links":{"self":[{"href":"https:\/\/noticiasribeiraopreto.com.br\/index.php\/wp-json\/wp\/v2\/posts\/1164","targetHints":{"allow":["GET"]}}],"collection":[{"href":"https:\/\/noticiasribeiraopreto.com.br\/index.php\/wp-json\/wp\/v2\/posts"}],"about":[{"href":"https:\/\/noticiasribeiraopreto.com.br\/index.php\/wp-json\/wp\/v2\/types\/post"}],"author":[{"embeddable":true,"href":"https:\/\/noticiasribeiraopreto.com.br\/index.php\/wp-json\/wp\/v2\/users\/1"}],"replies":[{"embeddable":true,"href":"https:\/\/noticiasribeiraopreto.com.br\/index.php\/wp-json\/wp\/v2\/comments?post=1164"}],"version-history":[{"count":0,"href":"https:\/\/noticiasribeiraopreto.com.br\/index.php\/wp-json\/wp\/v2\/posts\/1164\/revisions"}],"wp:featuredmedia":[{"embeddable":true,"href":"https:\/\/noticiasribeiraopreto.com.br\/index.php\/wp-json\/wp\/v2\/media\/1165"}],"wp:attachment":[{"href":"https:\/\/noticiasribeiraopreto.com.br\/index.php\/wp-json\/wp\/v2\/media?parent=1164"}],"wp:term":[{"taxonomy":"category","embeddable":true,"href":"https:\/\/noticiasribeiraopreto.com.br\/index.php\/wp-json\/wp\/v2\/categories?post=1164"},{"taxonomy":"post_tag","embeddable":true,"href":"https:\/\/noticiasribeiraopreto.com.br\/index.php\/wp-json\/wp\/v2\/tags?post=1164"}],"curies":[{"name":"wp","href":"https:\/\/api.w.org\/{rel}","templated":true}]}}