{"id":11657,"date":"2023-12-06T15:49:33","date_gmt":"2023-12-06T18:49:33","guid":{"rendered":"https:\/\/noticiasribeiraopreto.com.br\/index.php\/2023\/12\/06\/pensao-alimenticia-ele-sera-obrigado-a-pagar-mas-nao-e-pai-biologico-a-internet-descobriu-e-nao-perdoou\/"},"modified":"2023-12-06T15:49:33","modified_gmt":"2023-12-06T18:49:33","slug":"pensao-alimenticia-ele-sera-obrigado-a-pagar-mas-nao-e-pai-biologico-a-internet-descobriu-e-nao-perdoou","status":"publish","type":"post","link":"https:\/\/noticiasribeiraopreto.com.br\/index.php\/2023\/12\/06\/pensao-alimenticia-ele-sera-obrigado-a-pagar-mas-nao-e-pai-biologico-a-internet-descobriu-e-nao-perdoou\/","title":{"rendered":"Pens\u00e3o aliment\u00edcia: ele ser\u00e1 obrigado a pagar, mas n\u00e3o \u00e9 pai biol\u00f3gico \u2014 a internet descobriu e n\u00e3o perdoou"},"content":{"rendered":"<div class='code-block code-block-1' style='margin: 8px 0 8px auto; text-align: right; display: block; clear: both;'>\n<p><a href=\"https:\/\/wa.link\/vpicfd\"><img data-recalc-dims=\"1\" class=\"wp-image-4922\" style=\"aspect-ratio: 2.0253164556962027; width: 561px; height: auto;\" src=\"https:\/\/i0.wp.com\/ismaelcolosi.com.br\/wp-content\/uploads\/2023\/11\/grupo-de-empregos-whatsapp-e-facebook-ismael-colosi-vagas.jpg?ssl=1\" alt=\"\" \/><\/a><\/p>\n<!-- \/wp:image -->\n<\/div>\n<p> <br \/>\n<\/p>\n<div id=\"js-first-letter\">\n<p>\u201cPago pens\u00e3o aliment\u00edcia h\u00e1 mais de 5 anos e <strong>descobri que o filho n\u00e3o \u00e9 meu<\/strong>. <strong>Posso ser reembolsado?\u201d<\/strong>. H\u00e1 alguns meses, <a href=\"https:\/\/www.seudinheiro.com\/a-dinheirista\/\">a Dinheirista<\/a> recebeu essa pergunta de um leitor e a resposta causou uma verdadeira histeria na internet com <strong>coment\u00e1rios indignados<\/strong> vindos de todo lugar.\u00a0<\/p>\n<p>O motivo \u00e9 simples: ao consultar os advogados, a rep\u00f3rter Julia Wiltgen constatou que, <strong>se a crian\u00e7a j\u00e1 reconhece o homem como pai <\/strong>\u2014 mesmo que n\u00e3o seja um v\u00ednculo biol\u00f3gico \u2014, a<strong> lei o obriga a continuar pagando o valor mensal.\u00a0<\/strong><\/p>\n<p>Isso foi o bastante para gerar uma onda de coment\u00e1rios de todos os tipos e a Dinheirista reage a um em espec\u00edfico que a deixou sem ar de tanto rir. <strong>\u201cMeu Deus, s\u00f3 assim para eu dar risada\u201d.\u00a0<\/strong><\/p>\n<p>No mesmo v\u00eddeo, ela responde a um cliente do<strong> Booking<\/strong> e que <strong>ficou sem ter para onde ir <\/strong>em uma viagem por causa de um erro recorrente da plataforma. Detalhe: ele chegou ao destino durante a noite e deu de cara com a porta.\u00a0<\/p>\n<p><strong>O que fazer nesses casos?<\/strong> Em outro questionamento, Wiltgen lida com um caso de um homem que recebe sal\u00e1rio m\u00ednimo e <strong>est\u00e1 sendo obrigado pela justi\u00e7a a pagar R$ 50 mil<\/strong>. O motivo voc\u00ea encontra no v\u00eddeo abaixo:\u00a0<\/p>\n<p>Aproveite para se inscrever no canal do Seu Dinheiro do YouTube. Assim, voc\u00ea recebe alertas sempre que publicarmos um conte\u00fado relevante para o seu bolso por l\u00e1.<a href=\"https:\/\/www.youtube.com\/@SeuDinheiro?sub_confirmation=1\" target=\"_blank\" rel=\"noreferrer noopener\"> Basta clicar aqui para se inscrever.\u00a0<\/a><\/p>\n<div class=\"banner banner-inArticle banner-inArticle--mobile\">\n<div class=\"banner-side\">\n<p class=\"borderAD\" style=\"display: none;\">CONTINUA DEPOIS DA PUBLICIDADE<\/p>\n<\/div>\n<\/div>\n<div class=\"banner banner-inArticle banner-inArticle--desktop\">\n<div class=\"banner-side\">\n<p class=\"borderAD\" style=\"display: none;\">CONTINUA DEPOIS DA PUBLICIDADE<\/p>\n<\/div>\n<\/div>\n<figure class=\"wp-block-embed is-type-video is-provider-youtube wp-block-embed-youtube wp-embed-aspect-16-9 wp-has-aspect-ratio\">\n<p>\n<iframe loading=\"lazy\" title=\"&quot;O BOOKING ME DEIXOU NA M\u00c3O&quot;: ALUGUEI UM QUARTO E ELE N\u00c3O EXISTIA! I A DINHEIRISTA\" width=\"500\" height=\"281\" src=\"https:\/\/www.youtube.com\/embed\/_LmQZBkF4mA?feature=oembed\" frameborder=\"0\" allow=\"accelerometer; autoplay; clipboard-write; encrypted-media; gyroscope; picture-in-picture; web-share\" referrerpolicy=\"strict-origin-when-cross-origin\" allowfullscreen><\/iframe>\n<\/p>\n<\/figure>\n<h2 class=\"wp-block-heading\" id=\"h-reembolso-de-pensao-alimenticia-veja-o-video-original-da-dinheirista-que-causou-choque-entre-os-internautas\"><strong>Reembolso de pens\u00e3o aliment\u00edcia? Veja o v\u00eddeo original da Dinheirista que causou choque entre os internautas<\/strong><\/h2>\n<p>No v\u00eddeo completo sobre o caso, a Dinheirista responde em detalhes por que o homem n\u00e3o vai poder se livrar da pens\u00e3o aliment\u00edcia. <\/p>\n<p>Veja o caso no mesmo v\u00eddeo em que ela tamb\u00e9m explica se a <strong>Netflix realmente<\/strong> pode cobrar a mais por perfil.\u00a0<\/p>\n<figure class=\"wp-block-embed is-type-video is-provider-youtube wp-block-embed-youtube wp-embed-aspect-16-9 wp-has-aspect-ratio\">\n<p>\n<iframe loading=\"lazy\" title=\"A NETFLIX REALMENTE PODE TE PROIBIR DE COMPARTILHAR SUA SENHA? VEJA SE VOC\u00ca PODE IMPEDIR A COBRAN\u00c7A\" width=\"500\" height=\"281\" src=\"https:\/\/www.youtube.com\/embed\/ySSUJM9VeIA?feature=oembed\" frameborder=\"0\" allow=\"accelerometer; autoplay; clipboard-write; encrypted-media; gyroscope; picture-in-picture; web-share\" referrerpolicy=\"strict-origin-when-cross-origin\" allowfullscreen><\/iframe>\n<\/p>\n<\/figure>\n<\/div>\n<p><br \/>\n<br \/><a href=\"https:\/\/www.seudinheiro.com\/2023\/financas-pessoais\/pensao-alimenticia-ele-sera-obrigado-a-pagar-mas-nao-e-pai-biologico-a-internet-descobriu-e-nao-perdoou-bdap\/\">Source link <\/a><\/p>\n<!-- CONTENT END 1 -->\n","protected":false},"excerpt":{"rendered":"<p>\u201cPago pens\u00e3o aliment\u00edcia h\u00e1 mais de 5 anos e descobri que o filho n\u00e3o \u00e9 meu. Posso ser reembolsado?\u201d. H\u00e1 alguns meses, a Dinheirista recebeu&#8230;<\/p>\n","protected":false},"author":1,"featured_media":11658,"comment_status":"open","ping_status":"open","sticky":false,"template":"","format":"standard","meta":{"advanced_seo_description":"","jetpack_seo_html_title":"","jetpack_seo_noindex":false,"jetpack_post_was_ever_published":false,"_jetpack_newsletter_access":"","_jetpack_dont_email_post_to_subs":false,"_jetpack_newsletter_tier_id":0,"_jetpack_memberships_contains_paywalled_content":false,"_jetpack_memberships_contains_paid_content":false,"footnotes":"","jetpack_publicize_message":"","jetpack_publicize_feature_enabled":true,"jetpack_social_post_already_shared":true,"jetpack_social_options":{"image_generator_settings":{"template":"highway","default_image_id":0,"font":"","enabled":false},"version":2}},"categories":[1235],"tags":[],"class_list":["post-11657","post","type-post","status-publish","format-standard","has-post-thumbnail","hentry","category-dinheiro-e-investimento-como-fazer-como-ganhar"],"jetpack_publicize_connections":[],"jetpack_featured_media_url":"https:\/\/i0.wp.com\/noticiasribeiraopreto.com.br\/wp-content\/uploads\/2023\/12\/Layout-Carol-Gama-8-715x402.png?fit=715%2C402&ssl=1","jetpack-related-posts":[{"id":11669,"url":"https:\/\/noticiasribeiraopreto.com.br\/index.php\/2023\/12\/06\/o-booking-me-deixou-sem-ter-para-onde-ir-aluguei-um-quarto-que-ja-estava-ocupado-e-agora-quero-indenizacao-e-possivel\/","url_meta":{"origin":11657,"position":0},"title":"&#8220;O Booking me deixou sem ter para onde ir&#8221;: aluguei um quarto que j\u00e1 estava ocupado e agora quero indeniza\u00e7\u00e3o. \u00c9 poss\u00edvel?","author":"noticiasribeiraopreto.com.br","date":"6 de December de 2023","format":false,"excerpt":"Em seu mais recente epis\u00f3dio, A Dinheirista lida com um caso de deixar qualquer um de cabelo em p\u00e9: \u201cAluguei um quarto pelo Booking e, quando cheguei l\u00e1, o lugar estava ocupado. O hotel disse que esse tem sido um erro recorrente da plataforma. Fiquei sem ter para onde ir.\u2026","rel":"","context":"In &quot;Dinheiro e Investimento&quot;","block_context":{"text":"Dinheiro e Investimento","link":"https:\/\/noticiasribeiraopreto.com.br\/index.php\/category\/dinheiro-e-investimento-como-fazer-como-ganhar\/"},"img":{"alt_text":"","src":"https:\/\/i0.wp.com\/noticiasribeiraopreto.com.br\/wp-content\/uploads\/2023\/12\/a-dinheirista-715x402.jpg?fit=715%2C402&ssl=1&resize=350%2C200","width":350,"height":200,"srcset":"https:\/\/i0.wp.com\/noticiasribeiraopreto.com.br\/wp-content\/uploads\/2023\/12\/a-dinheirista-715x402.jpg?fit=715%2C402&ssl=1&resize=350%2C200 1x, https:\/\/i0.wp.com\/noticiasribeiraopreto.com.br\/wp-content\/uploads\/2023\/12\/a-dinheirista-715x402.jpg?fit=715%2C402&ssl=1&resize=525%2C300 1.5x, https:\/\/i0.wp.com\/noticiasribeiraopreto.com.br\/wp-content\/uploads\/2023\/12\/a-dinheirista-715x402.jpg?fit=715%2C402&ssl=1&resize=700%2C400 2x"},"classes":[]},{"id":4388,"url":"https:\/\/noticiasribeiraopreto.com.br\/index.php\/2023\/11\/21\/homem-chama-a-policia-apos-ter-carro-furtado-mas-e-detido-por-inadimplencia-de-pensao-alimenticia\/","url_meta":{"origin":11657,"position":1},"title":"Homem chama a pol\u00edcia ap\u00f3s ter carro furtado, mas \u00e9 detido por inadimpl\u00eancia de pens\u00e3o aliment\u00edcia","author":"noticiasribeiraopreto.com.br","date":"21 de November de 2023","format":false,"excerpt":"Um incidente inusitado ocorreu no Parque Industrial de Maring\u00e1, onde um homem, v\u00edtima do furto de seu ve\u00edculo, acabou encontrando problemas legais ao chamar a Pol\u00edcia Militar para registrar o crime. A situa\u00e7\u00e3o tomou um rumo inesperado quando os policiais, ao solicitarem a documenta\u00e7\u00e3o do homem para o boletim de\u2026","rel":"","context":"In &quot;Blog&quot;","block_context":{"text":"Blog","link":"https:\/\/noticiasribeiraopreto.com.br\/index.php\/category\/blog\/"},"img":{"alt_text":"","src":"https:\/\/i0.wp.com\/noticiasribeiraopreto.com.br\/wp-content\/uploads\/2023\/11\/postimg-655cc8f22e26c3079.jpg?fit=1200%2C628&ssl=1&resize=350%2C200","width":350,"height":200,"srcset":"https:\/\/i0.wp.com\/noticiasribeiraopreto.com.br\/wp-content\/uploads\/2023\/11\/postimg-655cc8f22e26c3079.jpg?fit=1200%2C628&ssl=1&resize=350%2C200 1x, https:\/\/i0.wp.com\/noticiasribeiraopreto.com.br\/wp-content\/uploads\/2023\/11\/postimg-655cc8f22e26c3079.jpg?fit=1200%2C628&ssl=1&resize=525%2C300 1.5x, https:\/\/i0.wp.com\/noticiasribeiraopreto.com.br\/wp-content\/uploads\/2023\/11\/postimg-655cc8f22e26c3079.jpg?fit=1200%2C628&ssl=1&resize=700%2C400 2x, https:\/\/i0.wp.com\/noticiasribeiraopreto.com.br\/wp-content\/uploads\/2023\/11\/postimg-655cc8f22e26c3079.jpg?fit=1200%2C628&ssl=1&resize=1050%2C600 3x"},"classes":[]},{"id":13089,"url":"https:\/\/noticiasribeiraopreto.com.br\/index.php\/2023\/12\/09\/5-direitos-do-casal-que-vive-em-uma-uniao-estavel-meu-valor-digital\/","url_meta":{"origin":11657,"position":2},"title":"5 direitos do casal que vive em uma uni\u00e3o est\u00e1vel &#8211; Meu Valor Digital","author":"noticiasribeiraopreto.com.br","date":"9 de December de 2023","format":false,"excerpt":"A uni\u00e3o est\u00e1vel \u00e9 uma forma reconhecida de constitui\u00e7\u00e3o familiar no Brasil, assemelhando-se ao casamento em v\u00e1rios aspectos legais. Diferentemente do casamento, a uni\u00e3o est\u00e1vel n\u00e3o necessita de formalidades para sua valida\u00e7\u00e3o, mas seus direitos e deveres s\u00e3o significativamente relevantes. Este artigo detalha cinco direitos essenciais para casais em uni\u00e3o\u2026","rel":"","context":"In &quot;Vagas de Emprego em Ribeir\u00e3o Preto-SP&quot;","block_context":{"text":"Vagas de Emprego em Ribeir\u00e3o Preto-SP","link":"https:\/\/noticiasribeiraopreto.com.br\/index.php\/category\/empregos-classificados-vagas-trabalho\/vagas-de-empregos-em-ribeirao-preto-regiao-brasil\/"},"img":{"alt_text":"","src":"https:\/\/i0.wp.com\/noticiasribeiraopreto.com.br\/wp-content\/uploads\/2023\/12\/Casal.jpg?fit=1200%2C773&ssl=1&resize=350%2C200","width":350,"height":200,"srcset":"https:\/\/i0.wp.com\/noticiasribeiraopreto.com.br\/wp-content\/uploads\/2023\/12\/Casal.jpg?fit=1200%2C773&ssl=1&resize=350%2C200 1x, https:\/\/i0.wp.com\/noticiasribeiraopreto.com.br\/wp-content\/uploads\/2023\/12\/Casal.jpg?fit=1200%2C773&ssl=1&resize=525%2C300 1.5x, https:\/\/i0.wp.com\/noticiasribeiraopreto.com.br\/wp-content\/uploads\/2023\/12\/Casal.jpg?fit=1200%2C773&ssl=1&resize=700%2C400 2x, https:\/\/i0.wp.com\/noticiasribeiraopreto.com.br\/wp-content\/uploads\/2023\/12\/Casal.jpg?fit=1200%2C773&ssl=1&resize=1050%2C600 3x"},"classes":[]},{"id":13104,"url":"https:\/\/noticiasribeiraopreto.com.br\/index.php\/2023\/12\/09\/posso-ser-obrigado-a-pagar-uma-indenizacao-acima-da-minha-capacidade-financeira-se-nao-pagar-posso-ser-preso\/","url_meta":{"origin":11657,"position":3},"title":"Posso ser obrigado a pagar uma indeniza\u00e7\u00e3o acima da minha capacidade financeira? Se n\u00e3o pagar, posso ser preso?","author":"noticiasribeiraopreto.com.br","date":"9 de December de 2023","format":false,"excerpt":"Aqui pela coluna da Dinheirista j\u00e1 passaram diversas perguntas de pessoas que poderiam ter direito a receber uma indeniza\u00e7\u00e3o por terem sido lesadas de alguma forma. Mas hoje vamos inverter o ponto de vista e tirar a d\u00favida de uma pessoa que foi condenada na Justi\u00e7a a pagar uma indeniza\u00e7\u00e3o\u2026","rel":"","context":"In &quot;Dinheiro e Investimento&quot;","block_context":{"text":"Dinheiro e Investimento","link":"https:\/\/noticiasribeiraopreto.com.br\/index.php\/category\/dinheiro-e-investimento-como-fazer-como-ganhar\/"},"img":{"alt_text":"","src":"https:\/\/i0.wp.com\/noticiasribeiraopreto.com.br\/wp-content\/uploads\/2023\/12\/dinheirista-moeda-real-715x402.jpg?fit=715%2C402&ssl=1&resize=350%2C200","width":350,"height":200,"srcset":"https:\/\/i0.wp.com\/noticiasribeiraopreto.com.br\/wp-content\/uploads\/2023\/12\/dinheirista-moeda-real-715x402.jpg?fit=715%2C402&ssl=1&resize=350%2C200 1x, https:\/\/i0.wp.com\/noticiasribeiraopreto.com.br\/wp-content\/uploads\/2023\/12\/dinheirista-moeda-real-715x402.jpg?fit=715%2C402&ssl=1&resize=525%2C300 1.5x, https:\/\/i0.wp.com\/noticiasribeiraopreto.com.br\/wp-content\/uploads\/2023\/12\/dinheirista-moeda-real-715x402.jpg?fit=715%2C402&ssl=1&resize=700%2C400 2x"},"classes":[]},{"id":42488,"url":"https:\/\/noticiasribeiraopreto.com.br\/index.php\/2024\/03\/14\/pensao-alimenticia-gera-ressarcimento-no-ir\/","url_meta":{"origin":11657,"position":4},"title":"Pens\u00e3o aliment\u00edcia gera ressarcimento no IR","author":"noticiasribeiraopreto.com.br","date":"14 de March de 2024","format":false,"excerpt":"14 de mar\u00e7o de 2024 | 17:0014 de mar\u00e7o de 2024 | 9:27 0Os contribuintes que receberam pens\u00e3o aliment\u00edcia nos \u00faltimos cinco anos e pagaram Imposto de Renda podem pedir o ressarcimento do tributo, esclareceu a Defensoria P\u00fablica da Uni\u00e3o (DPU). \u00c9 necess\u00e1rio retificar a declara\u00e7\u00e3o do Imposto de Renda\u2026","rel":"","context":"In &quot;Not\u00edcias de Ribeir\u00e3o Preto-SP e Regi\u00e3o&quot;","block_context":{"text":"Not\u00edcias de Ribeir\u00e3o Preto-SP e Regi\u00e3o","link":"https:\/\/noticiasribeiraopreto.com.br\/index.php\/category\/noticias-de-ribeirao-preto-sp-e-regiao-ismael-colosi\/"},"img":{"alt_text":"","src":"https:\/\/i0.wp.com\/noticiasribeiraopreto.com.br\/wp-content\/uploads\/2024\/03\/fmp-pensao-alimenticia-direito-scaled-1-scaled.jpg?fit=967%2C645&ssl=1&resize=350%2C200","width":350,"height":200,"srcset":"https:\/\/i0.wp.com\/noticiasribeiraopreto.com.br\/wp-content\/uploads\/2024\/03\/fmp-pensao-alimenticia-direito-scaled-1-scaled.jpg?fit=967%2C645&ssl=1&resize=350%2C200 1x, https:\/\/i0.wp.com\/noticiasribeiraopreto.com.br\/wp-content\/uploads\/2024\/03\/fmp-pensao-alimenticia-direito-scaled-1-scaled.jpg?fit=967%2C645&ssl=1&resize=525%2C300 1.5x, https:\/\/i0.wp.com\/noticiasribeiraopreto.com.br\/wp-content\/uploads\/2024\/03\/fmp-pensao-alimenticia-direito-scaled-1-scaled.jpg?fit=967%2C645&ssl=1&resize=700%2C400 2x"},"classes":[]},{"id":31792,"url":"https:\/\/noticiasribeiraopreto.com.br\/index.php\/2024\/01\/23\/bens-bloqueados-por-divida-que-triplicou\/","url_meta":{"origin":11657,"position":5},"title":"bens bloqueados por d\u00edvida que triplicou","author":"noticiasribeiraopreto.com.br","date":"23 de January de 2024","format":false,"excerpt":"No epis\u00f3dio desta semana de A Dinheirista, a rep\u00f3rter Julia Wiltgen lida com um caso de arrepiar: uma jovem deixou de pagar seis meses de mensalidade na faculdade e, quando foi quitar o valor, a d\u00edvida tinha sido vendida.\u00a0O nome no Serasa foi s\u00f3 o come\u00e7o... Os juros triplicaram o\u2026","rel":"","context":"In &quot;Dinheiro e Investimento&quot;","block_context":{"text":"Dinheiro e Investimento","link":"https:\/\/noticiasribeiraopreto.com.br\/index.php\/category\/dinheiro-e-investimento-como-fazer-como-ganhar\/"},"img":{"alt_text":"","src":"https:\/\/i0.wp.com\/noticiasribeiraopreto.com.br\/wp-content\/uploads\/2024\/01\/nome_no_serasa_a_dinheirista-715x402.jpg?fit=715%2C402&ssl=1&resize=350%2C200","width":350,"height":200,"srcset":"https:\/\/i0.wp.com\/noticiasribeiraopreto.com.br\/wp-content\/uploads\/2024\/01\/nome_no_serasa_a_dinheirista-715x402.jpg?fit=715%2C402&ssl=1&resize=350%2C200 1x, https:\/\/i0.wp.com\/noticiasribeiraopreto.com.br\/wp-content\/uploads\/2024\/01\/nome_no_serasa_a_dinheirista-715x402.jpg?fit=715%2C402&ssl=1&resize=525%2C300 1.5x, https:\/\/i0.wp.com\/noticiasribeiraopreto.com.br\/wp-content\/uploads\/2024\/01\/nome_no_serasa_a_dinheirista-715x402.jpg?fit=715%2C402&ssl=1&resize=700%2C400 2x"},"classes":[]}],"jetpack_sharing_enabled":true,"jetpack_shortlink":"https:\/\/wp.me\/peQAOb-321","_links":{"self":[{"href":"https:\/\/noticiasribeiraopreto.com.br\/index.php\/wp-json\/wp\/v2\/posts\/11657","targetHints":{"allow":["GET"]}}],"collection":[{"href":"https:\/\/noticiasribeiraopreto.com.br\/index.php\/wp-json\/wp\/v2\/posts"}],"about":[{"href":"https:\/\/noticiasribeiraopreto.com.br\/index.php\/wp-json\/wp\/v2\/types\/post"}],"author":[{"embeddable":true,"href":"https:\/\/noticiasribeiraopreto.com.br\/index.php\/wp-json\/wp\/v2\/users\/1"}],"replies":[{"embeddable":true,"href":"https:\/\/noticiasribeiraopreto.com.br\/index.php\/wp-json\/wp\/v2\/comments?post=11657"}],"version-history":[{"count":0,"href":"https:\/\/noticiasribeiraopreto.com.br\/index.php\/wp-json\/wp\/v2\/posts\/11657\/revisions"}],"wp:featuredmedia":[{"embeddable":true,"href":"https:\/\/noticiasribeiraopreto.com.br\/index.php\/wp-json\/wp\/v2\/media\/11658"}],"wp:attachment":[{"href":"https:\/\/noticiasribeiraopreto.com.br\/index.php\/wp-json\/wp\/v2\/media?parent=11657"}],"wp:term":[{"taxonomy":"category","embeddable":true,"href":"https:\/\/noticiasribeiraopreto.com.br\/index.php\/wp-json\/wp\/v2\/categories?post=11657"},{"taxonomy":"post_tag","embeddable":true,"href":"https:\/\/noticiasribeiraopreto.com.br\/index.php\/wp-json\/wp\/v2\/tags?post=11657"}],"curies":[{"name":"wp","href":"https:\/\/api.w.org\/{rel}","templated":true}]}}