{"id":11659,"date":"2023-12-06T15:59:15","date_gmt":"2023-12-06T18:59:15","guid":{"rendered":"https:\/\/noticiasribeiraopreto.com.br\/index.php\/2023\/12\/06\/vegetais-no-brasil-estao-com-residuos-de-agrotoxicos-acima-do-limite-permitido-2\/"},"modified":"2023-12-06T15:59:15","modified_gmt":"2023-12-06T18:59:15","slug":"vegetais-no-brasil-estao-com-residuos-de-agrotoxicos-acima-do-limite-permitido-2","status":"publish","type":"post","link":"https:\/\/noticiasribeiraopreto.com.br\/index.php\/2023\/12\/06\/vegetais-no-brasil-estao-com-residuos-de-agrotoxicos-acima-do-limite-permitido-2\/","title":{"rendered":"vegetais no Brasil est\u00e3o com res\u00edduos de agrot\u00f3xicos acima do limite permitido"},"content":{"rendered":"<div class='code-block code-block-1' style='margin: 8px 0 8px auto; text-align: right; display: block; clear: both;'>\n<p><a href=\"https:\/\/wa.link\/vpicfd\"><img data-recalc-dims=\"1\" class=\"wp-image-4922\" style=\"aspect-ratio: 2.0253164556962027; width: 561px; height: auto;\" src=\"https:\/\/i0.wp.com\/ismaelcolosi.com.br\/wp-content\/uploads\/2023\/11\/grupo-de-empregos-whatsapp-e-facebook-ismael-colosi-vagas.jpg?ssl=1\" alt=\"\" \/><\/a><\/p>\n<!-- \/wp:image -->\n<\/div>\n<p> <br \/>\n<\/p>\n<div>\n<p>A <a href=\"https:\/\/www.gov.br\/anvisa\/pt-br\">Ag\u00eancia Nacional de Vigil\u00e2ncia Sanit\u00e1ria (Anvisa)<\/a> divulgou dados alarmantes sobre a presen\u00e7a de res\u00edduos de agrot\u00f3xicos em alimentos de origem vegetal no Brasil. Segundo a ag\u00eancia, 25% dos alimentos analisados apresentaram n\u00edveis de agrot\u00f3xicos acima do permitido ou sem autoriza\u00e7\u00e3o, revelando falhas nos processos produtivos e na ado\u00e7\u00e3o de boas pr\u00e1ticas agr\u00edcolas.<\/p>\n<p>O levantamento, que envolveu 1.772 amostras coletadas em supermercados de todo o pa\u00eds, mostrou que 41,1% delas estavam livres de res\u00edduos, enquanto em 33,9% os n\u00edveis estavam no limite permitido. As amostras, coletadas semanalmente pela vigil\u00e2ncia sanit\u00e1ria dos estados e munic\u00edpios, foram analisadas em laborat\u00f3rios especializados, utilizando m\u00e9todos cient\u00edficos reconhecidos internacionalmente.<\/p>\n<p>O <a href=\"https:\/\/www.gov.br\/anvisa\/pt-br\/assuntos\/agrotoxicos\/programa-de-analise-de-residuos-em-alimentos\">Programa de An\u00e1lise de Res\u00edduos de Agrot\u00f3xicos em Alimentos<\/a>, referente ao ciclo 2022, revelou que 67% das amostras puderam ser rastreadas at\u00e9 o distribuidor e 23% at\u00e9 o produtor rural. Apesar da preocupa\u00e7\u00e3o com a presen\u00e7a de agrot\u00f3xicos, a pesquisa destacou que, em rela\u00e7\u00e3o ao risco cr\u00f4nico, nenhum dos produtos pesquisados apresentou exposi\u00e7\u00e3o pelo consumo de alimentos maior que a ingest\u00e3o di\u00e1ria aceit\u00e1vel.<\/p>\n<h2>Proibi\u00e7\u00e3o do uso de algumas subst\u00e2ncias contribu\u00edram para redu\u00e7\u00e3o do risco em laranjas<\/h2>\n<p>No entanto, a Anvisa alertou para tr\u00eas amostras que apresentaram risco agudo para o consumidor, podendo causar danos \u00e0 sa\u00fade pelo consumo de uma grande por\u00e7\u00e3o do alimento em curto espa\u00e7o de tempo, como em uma refei\u00e7\u00e3o ou em um dia de consumo.<\/p>\n<p>O relat\u00f3rio tamb\u00e9m trouxe dados do ciclo 2018-2019, onde das 3.296 amostras analisadas, 33,2% estavam sem res\u00edduos, 41,2% dentro do limite permitido e 25,6% apresentaram inconformidades. Dezoito amostras apresentaram risco agudo ao consumidor, com 66% rastre\u00e1veis at\u00e9 o distribuidor e 28% at\u00e9 o produtor rural.<\/p>\n<p>A Anvisa ressaltou positivamente a redu\u00e7\u00e3o do risco agudo na laranja ao longo dos anos, destacando que no ciclo de 2013\/2015, 12,1% das amostras tinham potencial de risco agudo, enquanto no ciclo de 2018\/2019 esse n\u00famero caiu para 3% e, nas amostras de 2022, ficou em 0,6%. A proibi\u00e7\u00e3o do uso de carbofurano e a exclus\u00e3o de subst\u00e2ncias como a metidationa e o formetanato contribu\u00edram para essa melhoria.<\/p>\n<div class=\"code-block code-block-5\" style=\"margin: 8px auto; text-align: center; display: block; clear: both;\"> <a href=\"https:\/\/suaads.com\/ref\/ISMAELCOLOSI\" target=\"_blank\" rel=\"noopener\"><img data-recalc-dims=\"1\" decoding=\"async\" src=\"https:\/\/i0.wp.com\/suaurl.com\/img\/bannersref\/s.png?ssl=1\" alt=\"SuaUrl\"  style=\"max-width: 100%;\" class=\"lazy\" loading=\"lazy\"\/><noscript><img data-recalc-dims=\"1\" decoding=\"async\" src=\"https:\/\/i0.wp.com\/suaurl.com\/img\/bannersref\/s.png?ssl=1\" alt=\"SuaUrl\"  style=\"max-width: 100%;\"\/><\/noscript><\/a><\/div>\n<p>+ Acompanhe as principais informa\u00e7\u00f5es sobre\u00a0<a href=\"https:\/\/jcconcursos.com.br\/noticia\/brasil\/\" rel=\"noopener\" target=\"_blank\">Sociedade e Brasil no JC Concursos<\/a><\/p>\n<p><a id=\"gnews_btn\" href=\"https:\/\/news.google.com\/publications\/CAAqBwgKMOixlQswuZWrAw\" target=\"_blank\" class=\"border_jc_blue link_hover_bg_jc_blue font_85 d-block d-md-inline-block px-2 py-1 mr-0 mr-md-2 mb-3 w-100 text-center\" rel=\"noopener\"><span class=\"text_jc_blue\">Siga o <strong>JC Concursos no Google News<\/strong><\/span><\/a><a href=\"https:\/\/jcconcursos.com.br\/noticia\/brasil\/\" class=\"badge badge-light\">Sociedade<\/a><a href=\"https:\/\/jcconcursos.com.br\/noticia\/brasil\/\" class=\"badge badge-light\">Brasil<\/a><\/p>\n<\/div>\n<p><br \/>\n<br \/><a href=\"https:\/\/ismaelcolosi.com.br\/vegetais-no-brasil-estao-com-residuos-de-agrotoxicos-acima-do-limite-permitido\/\">Source link <\/a><\/p>\n<!-- CONTENT END 1 -->\n","protected":false},"excerpt":{"rendered":"<p>A Ag\u00eancia Nacional de Vigil\u00e2ncia Sanit\u00e1ria (Anvisa) divulgou dados alarmantes sobre a presen\u00e7a de res\u00edduos de agrot\u00f3xicos em alimentos de origem vegetal no Brasil. Segundo&#8230;<\/p>\n","protected":false},"author":1,"featured_media":11660,"comment_status":"open","ping_status":"open","sticky":false,"template":"","format":"standard","meta":{"advanced_seo_description":"","jetpack_seo_html_title":"","jetpack_seo_noindex":false,"jetpack_post_was_ever_published":false,"_jetpack_newsletter_access":"","_jetpack_dont_email_post_to_subs":false,"_jetpack_newsletter_tier_id":0,"_jetpack_memberships_contains_paywalled_content":false,"_jetpack_memberships_contains_paid_content":false,"footnotes":"","jetpack_publicize_message":"","jetpack_publicize_feature_enabled":true,"jetpack_social_post_already_shared":true,"jetpack_social_options":{"image_generator_settings":{"template":"highway","default_image_id":0,"font":"","enabled":false},"version":2}},"categories":[7],"tags":[],"class_list":["post-11659","post","type-post","status-publish","format-standard","has-post-thumbnail","hentry","category-vagas-de-empregos-em-ribeirao-preto-regiao-brasil"],"jetpack_publicize_connections":[],"jetpack_featured_media_url":"https:\/\/i0.wp.com\/noticiasribeiraopreto.com.br\/wp-content\/uploads\/2023\/12\/vegetais_agrotoxicos_-_foto_canvajcconcursos.jpg?fit=1920%2C1080&ssl=1","jetpack-related-posts":[{"id":70496,"url":"https:\/\/noticiasribeiraopreto.com.br\/index.php\/2025\/05\/27\/saerp-analisa-agua-e-pocos-artesianos\/","url_meta":{"origin":11659,"position":0},"title":"Saerp analisa \u00e1gua e po\u00e7os artesianos\u00a0","author":"noticiasribeiraopreto.com.br","date":"27 de May de 2025","format":false,"excerpt":"27 de maio de 2025 10:3027 de maio de 2025 09:3714 Compartilhar0 A Secretaria de \u00c1gua e Esgoto de Ribeir\u00e3o Preto (Saerp) iniciou, nesta segunda-feira, 26 de maio, a coleta para an\u00e1lise da \u00e1gua dos po\u00e7os artesianos de Ribeir\u00e3o Preto. O trabalho \u00e9 realizado semestralmente com o objetivo verificar a\u2026","rel":"","context":"In &quot;Not\u00edcias de Ribeir\u00e3o Preto-SP e Regi\u00e3o&quot;","block_context":{"text":"Not\u00edcias de Ribeir\u00e3o Preto-SP e Regi\u00e3o","link":"https:\/\/noticiasribeiraopreto.com.br\/index.php\/category\/noticias-de-ribeirao-preto-sp-e-regiao-ismael-colosi\/"},"img":{"alt_text":"","src":"https:\/\/i0.wp.com\/noticiasribeiraopreto.com.br\/wp-content\/uploads\/2025\/05\/Saerp-Divulgacao.jpeg?fit=1000%2C666&ssl=1&resize=350%2C200","width":350,"height":200,"srcset":"https:\/\/i0.wp.com\/noticiasribeiraopreto.com.br\/wp-content\/uploads\/2025\/05\/Saerp-Divulgacao.jpeg?fit=1000%2C666&ssl=1&resize=350%2C200 1x, https:\/\/i0.wp.com\/noticiasribeiraopreto.com.br\/wp-content\/uploads\/2025\/05\/Saerp-Divulgacao.jpeg?fit=1000%2C666&ssl=1&resize=525%2C300 1.5x, https:\/\/i0.wp.com\/noticiasribeiraopreto.com.br\/wp-content\/uploads\/2025\/05\/Saerp-Divulgacao.jpeg?fit=1000%2C666&ssl=1&resize=700%2C400 2x"},"classes":[]},{"id":6539,"url":"https:\/\/noticiasribeiraopreto.com.br\/index.php\/2023\/11\/26\/saiba-como-eliminar-agrotoxicos-de-frutas-e-verduras\/","url_meta":{"origin":11659,"position":1},"title":"Saiba como eliminar agrot\u00f3xicos de frutas e verduras","author":"noticiasribeiraopreto.com.br","date":"26 de November de 2023","format":false,"excerpt":"Cr\u00e9ditos: Getty ImagesComo eliminar? Brasil \u00e9 o pa\u00eds que mais consome alimentos com o uso de agrot\u00f3xicos, presentes em frutas e verduras, de acordo com a Organiza\u00e7\u00e3o Mundial da Sa\u00fade (OMS) \u2013 iStock\/Getty Images O consumo de agrot\u00f3xicos est\u00e1 associado a uma s\u00e9rie de doen\u00e7as como leucemia, outros tipos de\u2026","rel":"","context":"In &quot;Variedades&quot;","block_context":{"text":"Variedades","link":"https:\/\/noticiasribeiraopreto.com.br\/index.php\/category\/variedades\/"},"img":{"alt_text":"","src":"https:\/\/i0.wp.com\/noticiasribeiraopreto.com.br\/wp-content\/uploads\/2023\/11\/istock-1223487322.jpg?fit=1200%2C638&ssl=1&resize=350%2C200","width":350,"height":200,"srcset":"https:\/\/i0.wp.com\/noticiasribeiraopreto.com.br\/wp-content\/uploads\/2023\/11\/istock-1223487322.jpg?fit=1200%2C638&ssl=1&resize=350%2C200 1x, https:\/\/i0.wp.com\/noticiasribeiraopreto.com.br\/wp-content\/uploads\/2023\/11\/istock-1223487322.jpg?fit=1200%2C638&ssl=1&resize=525%2C300 1.5x, https:\/\/i0.wp.com\/noticiasribeiraopreto.com.br\/wp-content\/uploads\/2023\/11\/istock-1223487322.jpg?fit=1200%2C638&ssl=1&resize=700%2C400 2x, https:\/\/i0.wp.com\/noticiasribeiraopreto.com.br\/wp-content\/uploads\/2023\/11\/istock-1223487322.jpg?fit=1200%2C638&ssl=1&resize=1050%2C600 3x"},"classes":[]},{"id":42584,"url":"https:\/\/noticiasribeiraopreto.com.br\/index.php\/2024\/03\/15\/relatorio-da-anvisa-indica-que-28-dos-alimentos-industrializados-tem-sodio-em-excesso\/","url_meta":{"origin":11659,"position":2},"title":"Relat\u00f3rio da Anvisa indica que 28% dos alimentos industrializados t\u00eam s\u00f3dio em excesso","author":"noticiasribeiraopreto.com.br","date":"15 de March de 2024","format":false,"excerpt":"Relat\u00f3rio divulgado pela Ag\u00eancia Nacional de Vigil\u00e2ncia Sanit\u00e1ria (Anvisa) aponta que\u00a028% dos produtos industrializados monitorados por autoridades\u00a0brasileiras em 2020 e 2021 n\u00e3o atingiram as metas estabelecidas para redu\u00e7\u00e3o de s\u00f3dio. De acordo com a Anvisa, as categorias classificadas como cr\u00edticas s\u00e3o biscoito salgado, bolos prontos sem recheio, hamb\u00fargueres, misturas para\u2026","rel":"","context":"In &quot;Not\u00edcias de Ribeir\u00e3o Preto-SP e Regi\u00e3o&quot;","block_context":{"text":"Not\u00edcias de Ribeir\u00e3o Preto-SP e Regi\u00e3o","link":"https:\/\/noticiasribeiraopreto.com.br\/index.php\/category\/noticias-de-ribeirao-preto-sp-e-regiao-ismael-colosi\/"},"img":{"alt_text":"","src":"https:\/\/i0.wp.com\/noticiasribeiraopreto.com.br\/wp-content\/uploads\/2024\/03\/dbe08f46-b54d-4951-82c6-85f980fd8676-scaled.jpg?fit=1000%2C598&ssl=1&resize=350%2C200","width":350,"height":200,"srcset":"https:\/\/i0.wp.com\/noticiasribeiraopreto.com.br\/wp-content\/uploads\/2024\/03\/dbe08f46-b54d-4951-82c6-85f980fd8676-scaled.jpg?fit=1000%2C598&ssl=1&resize=350%2C200 1x, https:\/\/i0.wp.com\/noticiasribeiraopreto.com.br\/wp-content\/uploads\/2024\/03\/dbe08f46-b54d-4951-82c6-85f980fd8676-scaled.jpg?fit=1000%2C598&ssl=1&resize=525%2C300 1.5x, https:\/\/i0.wp.com\/noticiasribeiraopreto.com.br\/wp-content\/uploads\/2024\/03\/dbe08f46-b54d-4951-82c6-85f980fd8676-scaled.jpg?fit=1000%2C598&ssl=1&resize=700%2C400 2x"},"classes":[]},{"id":59803,"url":"https:\/\/noticiasribeiraopreto.com.br\/index.php\/2024\/10\/30\/pf-faz-buscas-em-casa-de-empresario-em-operacao-contra-agrotoxicos-ilegais-no-interior-de-sp\/","url_meta":{"origin":11659,"position":3},"title":"PF faz buscas em casa de empres\u00e1rio em opera\u00e7\u00e3o contra agrot\u00f3xicos ilegais no interior de SP","author":"noticiasribeiraopreto.com.br","date":"30 de October de 2024","format":false,"excerpt":"A PF (Pol\u00edcia Federal) cumpriu dois mandados de busca e apreens\u00e3o nesta quarta-feira (30), em Taquaritinga, cidade a aproximadamente 80 quil\u00f4metros de Ribeir\u00e3o Preto, durante a opera\u00e7\u00e3o Terra Limpa, que investiga a fabrica\u00e7\u00e3o, importa\u00e7\u00e3o e comercializa\u00e7\u00e3o de subst\u00e2ncias agrot\u00f3xicas ilegais. A a\u00e7\u00e3o, em conjunto com o Minist\u00e9rio da Agricultura e\u2026","rel":"","context":"In &quot;Not\u00edcias de Ribeir\u00e3o Preto-SP e Regi\u00e3o&quot;","block_context":{"text":"Not\u00edcias de Ribeir\u00e3o Preto-SP e Regi\u00e3o","link":"https:\/\/noticiasribeiraopreto.com.br\/index.php\/category\/noticias-de-ribeirao-preto-sp-e-regiao-ismael-colosi\/"},"img":{"alt_text":"","src":"https:\/\/i0.wp.com\/noticiasribeiraopreto.com.br\/wp-content\/uploads\/2024\/10\/a493d672-1a72-4bf4-bcb2-a93d92804313_2024-10-30_11-54-49_jpeg_2024-10-30_11-54-49.webp.webp?fit=768%2C433&ssl=1&resize=350%2C200","width":350,"height":200,"srcset":"https:\/\/i0.wp.com\/noticiasribeiraopreto.com.br\/wp-content\/uploads\/2024\/10\/a493d672-1a72-4bf4-bcb2-a93d92804313_2024-10-30_11-54-49_jpeg_2024-10-30_11-54-49.webp.webp?fit=768%2C433&ssl=1&resize=350%2C200 1x, https:\/\/i0.wp.com\/noticiasribeiraopreto.com.br\/wp-content\/uploads\/2024\/10\/a493d672-1a72-4bf4-bcb2-a93d92804313_2024-10-30_11-54-49_jpeg_2024-10-30_11-54-49.webp.webp?fit=768%2C433&ssl=1&resize=525%2C300 1.5x, https:\/\/i0.wp.com\/noticiasribeiraopreto.com.br\/wp-content\/uploads\/2024\/10\/a493d672-1a72-4bf4-bcb2-a93d92804313_2024-10-30_11-54-49_jpeg_2024-10-30_11-54-49.webp.webp?fit=768%2C433&ssl=1&resize=700%2C400 2x"},"classes":[]},{"id":78141,"url":"https:\/\/noticiasribeiraopreto.com.br\/index.php\/2025\/10\/02\/laboratorio-da-usp-ribeirao-vai-receber-amostras-de-pacientes-com-suspeita-de-intoxicacao-por-metanol-para-analise\/","url_meta":{"origin":11659,"position":4},"title":"Laborat\u00f3rio da USP Ribeir\u00e3o vai receber amostras de pacientes com suspeita de intoxica\u00e7\u00e3o por metanol para an\u00e1lise","author":"noticiasribeiraopreto.com.br","date":"2 de October de 2025","format":false,"excerpt":"A USP (Universidade de S\u00e3o Paulo) de Ribeir\u00e3o Preto vai auxiliar na an\u00e1lise de amostras de pacientes com suspeita de intoxica\u00e7\u00e3o por metanol no estado de S\u00e3o Paulo. A expectativa \u00e9 de que pelo menos dez amostras cheguem ao laborat\u00f3rio da institui\u00e7\u00e3o nos pr\u00f3ximos dias. Um balan\u00e7o divulgado nesta quinta-feira\u2026","rel":"","context":"In &quot;Not\u00edcias de Ribeir\u00e3o Preto-SP e Regi\u00e3o&quot;","block_context":{"text":"Not\u00edcias de Ribeir\u00e3o Preto-SP e Regi\u00e3o","link":"https:\/\/noticiasribeiraopreto.com.br\/index.php\/category\/noticias-de-ribeirao-preto-sp-e-regiao-ismael-colosi\/"},"img":{"alt_text":"","src":"https:\/\/i0.wp.com\/noticiasribeiraopreto.com.br\/wp-content\/uploads\/2025\/10\/Copia-de-Copia-de-Copia-de-TAMANHO-EXATO-PARA-FOTOS-NO-SISTEMA-NOVO-2025-10-02T200753.488_2025-10-02_23-08-02.webp.webp?fit=1200%2C675&ssl=1&resize=350%2C200","width":350,"height":200,"srcset":"https:\/\/i0.wp.com\/noticiasribeiraopreto.com.br\/wp-content\/uploads\/2025\/10\/Copia-de-Copia-de-Copia-de-TAMANHO-EXATO-PARA-FOTOS-NO-SISTEMA-NOVO-2025-10-02T200753.488_2025-10-02_23-08-02.webp.webp?fit=1200%2C675&ssl=1&resize=350%2C200 1x, https:\/\/i0.wp.com\/noticiasribeiraopreto.com.br\/wp-content\/uploads\/2025\/10\/Copia-de-Copia-de-Copia-de-TAMANHO-EXATO-PARA-FOTOS-NO-SISTEMA-NOVO-2025-10-02T200753.488_2025-10-02_23-08-02.webp.webp?fit=1200%2C675&ssl=1&resize=525%2C300 1.5x, https:\/\/i0.wp.com\/noticiasribeiraopreto.com.br\/wp-content\/uploads\/2025\/10\/Copia-de-Copia-de-Copia-de-TAMANHO-EXATO-PARA-FOTOS-NO-SISTEMA-NOVO-2025-10-02T200753.488_2025-10-02_23-08-02.webp.webp?fit=1200%2C675&ssl=1&resize=700%2C400 2x, https:\/\/i0.wp.com\/noticiasribeiraopreto.com.br\/wp-content\/uploads\/2025\/10\/Copia-de-Copia-de-Copia-de-TAMANHO-EXATO-PARA-FOTOS-NO-SISTEMA-NOVO-2025-10-02T200753.488_2025-10-02_23-08-02.webp.webp?fit=1200%2C675&ssl=1&resize=1050%2C600 3x"},"classes":[]},{"id":33408,"url":"https:\/\/noticiasribeiraopreto.com.br\/index.php\/2024\/01\/29\/revisao-da-vida-toda-agrotoxicos-e-aterros-estao-na-pauta-da-semana-do-stf\/","url_meta":{"origin":11659,"position":5},"title":"&#8216;Revis\u00e3o da Vida Toda&#8217;, agrot\u00f3xicos e aterros est\u00e3o na pauta da semana do STF","author":"noticiasribeiraopreto.com.br","date":"29 de January de 2024","format":false,"excerpt":"O Supremo Tribunal Federal (STF) retoma as atividades nesta quinta-feira, dia 1\u00ba, com um julgamento aguardado por aposentados e pelo governo: o recurso da Uni\u00e3o contra a chamada \u201crevis\u00e3o da vida toda\u201d dos benef\u00edcios do Instituto Nacional do Seguro Social (INSS). Os ministros v\u00e3o discutir se mant\u00eam a vit\u00f3ria dos\u2026","rel":"","context":"In &quot;Not\u00edcias de Ribeir\u00e3o Preto-SP e Regi\u00e3o&quot;","block_context":{"text":"Not\u00edcias de Ribeir\u00e3o Preto-SP e Regi\u00e3o","link":"https:\/\/noticiasribeiraopreto.com.br\/index.php\/category\/noticias-de-ribeirao-preto-sp-e-regiao-ismael-colosi\/"},"img":{"alt_text":"","src":"https:\/\/i0.wp.com\/noticiasribeiraopreto.com.br\/wp-content\/uploads\/2024\/01\/TerrorSTF-Fabio-Rodrigues-Pozzebom-Ag.Br_.-01-scaled.jpg?fit=1000%2C598&ssl=1&resize=350%2C200","width":350,"height":200,"srcset":"https:\/\/i0.wp.com\/noticiasribeiraopreto.com.br\/wp-content\/uploads\/2024\/01\/TerrorSTF-Fabio-Rodrigues-Pozzebom-Ag.Br_.-01-scaled.jpg?fit=1000%2C598&ssl=1&resize=350%2C200 1x, https:\/\/i0.wp.com\/noticiasribeiraopreto.com.br\/wp-content\/uploads\/2024\/01\/TerrorSTF-Fabio-Rodrigues-Pozzebom-Ag.Br_.-01-scaled.jpg?fit=1000%2C598&ssl=1&resize=525%2C300 1.5x, https:\/\/i0.wp.com\/noticiasribeiraopreto.com.br\/wp-content\/uploads\/2024\/01\/TerrorSTF-Fabio-Rodrigues-Pozzebom-Ag.Br_.-01-scaled.jpg?fit=1000%2C598&ssl=1&resize=700%2C400 2x"},"classes":[]}],"jetpack_sharing_enabled":true,"jetpack_shortlink":"https:\/\/wp.me\/peQAOb-323","_links":{"self":[{"href":"https:\/\/noticiasribeiraopreto.com.br\/index.php\/wp-json\/wp\/v2\/posts\/11659","targetHints":{"allow":["GET"]}}],"collection":[{"href":"https:\/\/noticiasribeiraopreto.com.br\/index.php\/wp-json\/wp\/v2\/posts"}],"about":[{"href":"https:\/\/noticiasribeiraopreto.com.br\/index.php\/wp-json\/wp\/v2\/types\/post"}],"author":[{"embeddable":true,"href":"https:\/\/noticiasribeiraopreto.com.br\/index.php\/wp-json\/wp\/v2\/users\/1"}],"replies":[{"embeddable":true,"href":"https:\/\/noticiasribeiraopreto.com.br\/index.php\/wp-json\/wp\/v2\/comments?post=11659"}],"version-history":[{"count":0,"href":"https:\/\/noticiasribeiraopreto.com.br\/index.php\/wp-json\/wp\/v2\/posts\/11659\/revisions"}],"wp:featuredmedia":[{"embeddable":true,"href":"https:\/\/noticiasribeiraopreto.com.br\/index.php\/wp-json\/wp\/v2\/media\/11660"}],"wp:attachment":[{"href":"https:\/\/noticiasribeiraopreto.com.br\/index.php\/wp-json\/wp\/v2\/media?parent=11659"}],"wp:term":[{"taxonomy":"category","embeddable":true,"href":"https:\/\/noticiasribeiraopreto.com.br\/index.php\/wp-json\/wp\/v2\/categories?post=11659"},{"taxonomy":"post_tag","embeddable":true,"href":"https:\/\/noticiasribeiraopreto.com.br\/index.php\/wp-json\/wp\/v2\/tags?post=11659"}],"curies":[{"name":"wp","href":"https:\/\/api.w.org\/{rel}","templated":true}]}}