{"id":11663,"date":"2023-12-06T16:18:44","date_gmt":"2023-12-06T19:18:44","guid":{"rendered":"https:\/\/noticiasribeiraopreto.com.br\/index.php\/2023\/12\/06\/argentina-de-31-anos-e-encontrada-morta-em-buzios-e-cachorro-da-vitima-foi-essencial-para-apontar-suspeito\/"},"modified":"2023-12-06T16:18:44","modified_gmt":"2023-12-06T19:18:44","slug":"argentina-de-31-anos-e-encontrada-morta-em-buzios-e-cachorro-da-vitima-foi-essencial-para-apontar-suspeito","status":"publish","type":"post","link":"https:\/\/noticiasribeiraopreto.com.br\/index.php\/2023\/12\/06\/argentina-de-31-anos-e-encontrada-morta-em-buzios-e-cachorro-da-vitima-foi-essencial-para-apontar-suspeito\/","title":{"rendered":"Argentina de 31 anos \u00e9 encontrada morta em B\u00fazios e cachorro da v\u00edtima foi essencial para apontar suspeito"},"content":{"rendered":"<div class='code-block code-block-1' style='margin: 8px 0 8px auto; text-align: right; display: block; clear: both;'>\n<p><a href=\"https:\/\/wa.link\/vpicfd\"><img data-recalc-dims=\"1\" class=\"wp-image-4922\" style=\"aspect-ratio: 2.0253164556962027; width: 561px; height: auto;\" src=\"https:\/\/i0.wp.com\/ismaelcolosi.com.br\/wp-content\/uploads\/2023\/11\/grupo-de-empregos-whatsapp-e-facebook-ismael-colosi-vagas.jpg?ssl=1\" alt=\"\" \/><\/a><\/p>\n<!-- \/wp:image -->\n<\/div>\n<p> <br \/>\n<\/p>\n<div itemprop=\"text\">\n<p>Um crime brutal chocou a tranquila praia de Jos\u00e9 Gon\u00e7alves, em Arma\u00e7\u00e3o dos B\u00fazios, deixando uma comunidade local at\u00f4nita e consternada. Florencia Aranguren, uma argentina de 31 anos, foi encontrada morta a facadas.<\/p>\n<p>O corpo foi encontroado junto com seu cachorro, em uma trilha pr\u00f3xima \u00e0 praia.\u00a0 O corpo foi descoberto por um morador da regi\u00e3o por volta das 8 horas desta quarta, dia 6 de dezembro.<\/p>\n<p>A Guarda Municipal confirmou que o corpo da v\u00edtima tinha sinais evidentes de danos causados \u200b\u200bpor faca. O choque e a consterna\u00e7\u00e3o se ampliaram quando um suspeito do crime foi localizado e preso pela Pol\u00edcia Militar.<\/p>\n<p>De acordo com relatos policiais, o suspeito foi visto pulando dentro de um condom\u00ednio pr\u00f3ximo ao local do homic\u00eddio e foi encontrado lavando-se.<\/p>\n<p>Ele tinha marcas de sangue em sua camisa e marcas aparentes de luta corporal. Al\u00e9m disso, o cachorro da v\u00edtima reagiu de forma agressiva ao suspeito quando foi levado de volta ao local do crime.<\/p>\n<p>O indiv\u00edduo detido j\u00e1 possui registros criminais por furto e les\u00f5es corporais, adicionando uma camada de intriga a esse terr\u00edvel acontecimento.<\/p>\n<p>A Pol\u00edcia Civil j\u00e1 realizou uma per\u00edcia no local do crime, e o corpo de Florencia foi encaminhado ao Instituto M\u00e9dico Legal em Cabo Frio, cidade vizinha, para os procedimentos necess\u00e1rios.<\/p>\n<p>A trag\u00e9dia que tirou a vida de Florencia Aranguren abalou a tranquilidade de Jos\u00e9 Gon\u00e7alves, deixando a comunidade local em choque. A jovem estaria no local h\u00e1 apenas 3 dias.<\/p>\n<\/div>\n<p><br \/>\n<br \/><a href=\"https:\/\/fnmais.com\/argentina-31-anos-encontrada-morta-em-buzios-cachorro-vitima-foi-essencial-para-apontar-suspeito\/\">Source link <\/a><\/p>\n<!-- CONTENT END 1 -->\n","protected":false},"excerpt":{"rendered":"<p>Um crime brutal chocou a tranquila praia de Jos\u00e9 Gon\u00e7alves, em Arma\u00e7\u00e3o dos B\u00fazios, deixando uma comunidade local at\u00f4nita e consternada. Florencia Aranguren, uma argentina&#8230;<\/p>\n","protected":false},"author":1,"featured_media":11664,"comment_status":"open","ping_status":"open","sticky":false,"template":"","format":"standard","meta":{"advanced_seo_description":"","jetpack_seo_html_title":"","jetpack_seo_noindex":false,"jetpack_post_was_ever_published":false,"_jetpack_newsletter_access":"","_jetpack_dont_email_post_to_subs":false,"_jetpack_newsletter_tier_id":0,"_jetpack_memberships_contains_paywalled_content":false,"_jetpack_memberships_contains_paid_content":false,"footnotes":"","jetpack_publicize_message":"","jetpack_publicize_feature_enabled":true,"jetpack_social_post_already_shared":true,"jetpack_social_options":{"image_generator_settings":{"template":"highway","default_image_id":0,"font":"","enabled":false},"version":2}},"categories":[1],"tags":[],"class_list":["post-11663","post","type-post","status-publish","format-standard","has-post-thumbnail","hentry","category-blog"],"jetpack_publicize_connections":[],"jetpack_featured_media_url":"https:\/\/i0.wp.com\/noticiasribeiraopreto.com.br\/wp-content\/uploads\/2023\/12\/postimg-6570c77545d964076.jpg?fit=1200%2C628&ssl=1","jetpack-related-posts":[{"id":60091,"url":"https:\/\/noticiasribeiraopreto.com.br\/index.php\/2024\/11\/05\/mulher-e-encontrada-morta-a-facadas-na-regiao-de-ribeirao-preto\/","url_meta":{"origin":11663,"position":0},"title":"Mulher \u00e9 encontrada morta a facadas na regi\u00e3o de Ribeir\u00e3o Preto","author":"noticiasribeiraopreto.com.br","date":"5 de November de 2024","format":false,"excerpt":"Uma mulher de 54 anos foi encontrada morta a facadas na segunda-feira (4), em\u00a0Barretos, na regi\u00e3o de Ribeir\u00e3o Preto. O principal suspeito pelo crime \u00e9 o atual companheiro dela, com quem ela estava h\u00e1 dois anos. Ela apresentava\u00a0marcas no pesco\u00e7o, perna, bra\u00e7o e m\u00e3o. O filho do suspeito que acionou\u2026","rel":"","context":"In &quot;Not\u00edcias de Ribeir\u00e3o Preto-SP e Regi\u00e3o&quot;","block_context":{"text":"Not\u00edcias de Ribeir\u00e3o Preto-SP e Regi\u00e3o","link":"https:\/\/noticiasribeiraopreto.com.br\/index.php\/category\/noticias-de-ribeirao-preto-sp-e-regiao-ismael-colosi\/"},"img":{"alt_text":"","src":"https:\/\/i0.wp.com\/noticiasribeiraopreto.com.br\/wp-content\/uploads\/2024\/11\/Design-sem-nome-2_2024-11-05_21-45-23_png_2024-11-05_21-45-23.webp.webp?fit=1068%2C601&ssl=1&resize=350%2C200","width":350,"height":200,"srcset":"https:\/\/i0.wp.com\/noticiasribeiraopreto.com.br\/wp-content\/uploads\/2024\/11\/Design-sem-nome-2_2024-11-05_21-45-23_png_2024-11-05_21-45-23.webp.webp?fit=1068%2C601&ssl=1&resize=350%2C200 1x, https:\/\/i0.wp.com\/noticiasribeiraopreto.com.br\/wp-content\/uploads\/2024\/11\/Design-sem-nome-2_2024-11-05_21-45-23_png_2024-11-05_21-45-23.webp.webp?fit=1068%2C601&ssl=1&resize=525%2C300 1.5x, https:\/\/i0.wp.com\/noticiasribeiraopreto.com.br\/wp-content\/uploads\/2024\/11\/Design-sem-nome-2_2024-11-05_21-45-23_png_2024-11-05_21-45-23.webp.webp?fit=1068%2C601&ssl=1&resize=700%2C400 2x, https:\/\/i0.wp.com\/noticiasribeiraopreto.com.br\/wp-content\/uploads\/2024\/11\/Design-sem-nome-2_2024-11-05_21-45-23_png_2024-11-05_21-45-23.webp.webp?fit=1068%2C601&ssl=1&resize=1050%2C600 3x"},"classes":[]},{"id":51951,"url":"https:\/\/noticiasribeiraopreto.com.br\/index.php\/2024\/06\/01\/adolescente-de-14-anos-que-havia-desaparecido-no-litoral-de-sp-e-encontrada-morta\/","url_meta":{"origin":11663,"position":1},"title":"Adolescente de 14 anos que havia desaparecido no litoral de SP \u00e9 encontrada morta","author":"noticiasribeiraopreto.com.br","date":"1 de June de 2024","format":false,"excerpt":"A adolescente de 14 anos que havia desaparecido ap\u00f3s entrar no mar de uma praia de Ubatuba, litoral de S\u00e3o Paulo, foi encontrada morta neste s\u00e1bado (1\u00ba), em uma faixa de areia da praia, a cerca de cinco quil\u00f4metros do local onde foi vista pela \u00faltima vez. A jovem estava\u2026","rel":"","context":"In &quot;Not\u00edcias de Ribeir\u00e3o Preto-SP e Regi\u00e3o&quot;","block_context":{"text":"Not\u00edcias de Ribeir\u00e3o Preto-SP e Regi\u00e3o","link":"https:\/\/noticiasribeiraopreto.com.br\/index.php\/category\/noticias-de-ribeirao-preto-sp-e-regiao-ismael-colosi\/"},"img":{"alt_text":"","src":"https:\/\/i0.wp.com\/noticiasribeiraopreto.com.br\/wp-content\/uploads\/2024\/06\/praia_grande_1200x675_18112021123840.jpg?fit=1200%2C675&ssl=1&resize=350%2C200","width":350,"height":200,"srcset":"https:\/\/i0.wp.com\/noticiasribeiraopreto.com.br\/wp-content\/uploads\/2024\/06\/praia_grande_1200x675_18112021123840.jpg?fit=1200%2C675&ssl=1&resize=350%2C200 1x, https:\/\/i0.wp.com\/noticiasribeiraopreto.com.br\/wp-content\/uploads\/2024\/06\/praia_grande_1200x675_18112021123840.jpg?fit=1200%2C675&ssl=1&resize=525%2C300 1.5x, https:\/\/i0.wp.com\/noticiasribeiraopreto.com.br\/wp-content\/uploads\/2024\/06\/praia_grande_1200x675_18112021123840.jpg?fit=1200%2C675&ssl=1&resize=700%2C400 2x, https:\/\/i0.wp.com\/noticiasribeiraopreto.com.br\/wp-content\/uploads\/2024\/06\/praia_grande_1200x675_18112021123840.jpg?fit=1200%2C675&ssl=1&resize=1050%2C600 3x"},"classes":[]},{"id":66368,"url":"https:\/\/noticiasribeiraopreto.com.br\/index.php\/2025\/03\/31\/filho-e-sobrinho-de-mulher-encontrada-morta-em-porta-malas-sao-presos-suspeitos-do-crime\/","url_meta":{"origin":11663,"position":2},"title":"Filho e sobrinho de mulher encontrada morta em porta-malas s\u00e3o presos suspeitos do crime","author":"noticiasribeiraopreto.com.br","date":"31 de March de 2025","format":false,"excerpt":"O filho e o sobrinho de uma mulher de 45 anos, encontrada morta na madrugada do \u00faltimo dia 20, no porta-malas de um carro, na Via\u00a0Norte, em Ribeir\u00e3o Preto, foram presos pela Pol\u00edcia Civiil suspeitos de envolvimento no crime. Amanda de Paiva e Silva possu\u00eda ferimentos na cabe\u00e7a e no\u2026","rel":"","context":"In &quot;Not\u00edcias de Ribeir\u00e3o Preto-SP e Regi\u00e3o&quot;","block_context":{"text":"Not\u00edcias de Ribeir\u00e3o Preto-SP e Regi\u00e3o","link":"https:\/\/noticiasribeiraopreto.com.br\/index.php\/category\/noticias-de-ribeirao-preto-sp-e-regiao-ismael-colosi\/"},"img":{"alt_text":"","src":"https:\/\/i0.wp.com\/noticiasribeiraopreto.com.br\/wp-content\/uploads\/2025\/03\/amanda_2025-03-20_16-40-57_jpg_2025-03-20_16-40-57.webp.webp?fit=974%2C544&ssl=1&resize=350%2C200","width":350,"height":200,"srcset":"https:\/\/i0.wp.com\/noticiasribeiraopreto.com.br\/wp-content\/uploads\/2025\/03\/amanda_2025-03-20_16-40-57_jpg_2025-03-20_16-40-57.webp.webp?fit=974%2C544&ssl=1&resize=350%2C200 1x, https:\/\/i0.wp.com\/noticiasribeiraopreto.com.br\/wp-content\/uploads\/2025\/03\/amanda_2025-03-20_16-40-57_jpg_2025-03-20_16-40-57.webp.webp?fit=974%2C544&ssl=1&resize=525%2C300 1.5x, https:\/\/i0.wp.com\/noticiasribeiraopreto.com.br\/wp-content\/uploads\/2025\/03\/amanda_2025-03-20_16-40-57_jpg_2025-03-20_16-40-57.webp.webp?fit=974%2C544&ssl=1&resize=700%2C400 2x"},"classes":[]},{"id":65525,"url":"https:\/\/noticiasribeiraopreto.com.br\/index.php\/2025\/03\/21\/mulher-e-encontrada-morta-no-porta-malas-do-proprio-carro-em-ribeirao-preto\/","url_meta":{"origin":11663,"position":3},"title":"Mulher \u00e9 Encontrada Morta no Porta-Malas do Pr\u00f3prio Carro em Ribeir\u00e3o Preto","author":"noticiasribeiraopreto.com.br","date":"21 de March de 2025","format":false,"excerpt":"Uma mulher foi encontrada morta no porta-malas de seu pr\u00f3prio carro nesta quarta-feira (20), em Ribeir\u00e3o Preto (SP), em uma \u00e1rea rural nas proximidades da cidade. O corpo da v\u00edtima, cuja identidade n\u00e3o foi revelada, estava em estado avan\u00e7ado de decomposi\u00e7\u00e3o, e a descoberta chocou os moradores da regi\u00e3o. A\u2026","rel":"","context":"In &quot;Not\u00edcias de Ribeir\u00e3o Preto-SP e Regi\u00e3o&quot;","block_context":{"text":"Not\u00edcias de Ribeir\u00e3o Preto-SP e Regi\u00e3o","link":"https:\/\/noticiasribeiraopreto.com.br\/index.php\/category\/noticias-de-ribeirao-preto-sp-e-regiao-ismael-colosi\/"},"img":{"alt_text":"","src":"https:\/\/i0.wp.com\/noticiasribeiraopreto.com.br\/wp-content\/uploads\/2025\/03\/violencia_domestica_marcos_santos_usp.webp.webp?fit=1170%2C700&ssl=1&resize=350%2C200","width":350,"height":200,"srcset":"https:\/\/i0.wp.com\/noticiasribeiraopreto.com.br\/wp-content\/uploads\/2025\/03\/violencia_domestica_marcos_santos_usp.webp.webp?fit=1170%2C700&ssl=1&resize=350%2C200 1x, https:\/\/i0.wp.com\/noticiasribeiraopreto.com.br\/wp-content\/uploads\/2025\/03\/violencia_domestica_marcos_santos_usp.webp.webp?fit=1170%2C700&ssl=1&resize=525%2C300 1.5x, https:\/\/i0.wp.com\/noticiasribeiraopreto.com.br\/wp-content\/uploads\/2025\/03\/violencia_domestica_marcos_santos_usp.webp.webp?fit=1170%2C700&ssl=1&resize=700%2C400 2x, https:\/\/i0.wp.com\/noticiasribeiraopreto.com.br\/wp-content\/uploads\/2025\/03\/violencia_domestica_marcos_santos_usp.webp.webp?fit=1170%2C700&ssl=1&resize=1050%2C600 3x"},"classes":[]},{"id":38893,"url":"https:\/\/noticiasribeiraopreto.com.br\/index.php\/2024\/02\/22\/mulher-e-morta-com-requintes-de-crueldade-na-regiao\/","url_meta":{"origin":11663,"position":4},"title":"Mulher \u00e9 morta com requintes de crueldade na regi\u00e3o","author":"noticiasribeiraopreto.com.br","date":"22 de February de 2024","format":false,"excerpt":"Companheiro que foi solto da cadeia h\u00e1 quatro meses \u00e9 o principal suspeito de ter ateado fogo no corpo da v\u00edtima; homem fez v\u00eddeochamada para outra mulher ap\u00f3s feminic\u00eddio 22 de fevereiro de 2024 | 10:10 0Por: Adalberto LuqueUma mulher de 24 anos foi morta, na madrugada desta quarta-feira (21),\u2026","rel":"","context":"In &quot;Not\u00edcias de Ribeir\u00e3o Preto-SP e Regi\u00e3o&quot;","block_context":{"text":"Not\u00edcias de Ribeir\u00e3o Preto-SP e Regi\u00e3o","link":"https:\/\/noticiasribeiraopreto.com.br\/index.php\/category\/noticias-de-ribeirao-preto-sp-e-regiao-ismael-colosi\/"},"img":{"alt_text":"","src":"https:\/\/i0.wp.com\/noticiasribeiraopreto.com.br\/wp-content\/uploads\/2024\/02\/00-22-fev-2024-feminicidio-franca-foto-redes-sociais.jpg?fit=554%2C551&ssl=1&resize=350%2C200","width":350,"height":200,"srcset":"https:\/\/i0.wp.com\/noticiasribeiraopreto.com.br\/wp-content\/uploads\/2024\/02\/00-22-fev-2024-feminicidio-franca-foto-redes-sociais.jpg?fit=554%2C551&ssl=1&resize=350%2C200 1x, https:\/\/i0.wp.com\/noticiasribeiraopreto.com.br\/wp-content\/uploads\/2024\/02\/00-22-fev-2024-feminicidio-franca-foto-redes-sociais.jpg?fit=554%2C551&ssl=1&resize=525%2C300 1.5x"},"classes":[]},{"id":20564,"url":"https:\/\/noticiasribeiraopreto.com.br\/index.php\/2023\/12\/25\/josiane-de-carvalho-falece-na-vespera-do-natal-pelas-maos-do-companheiro-corpo-foi-abandonado-em-calcada\/","url_meta":{"origin":11663,"position":5},"title":"Josiane de Carvalho falece na V\u00e9spera do Natal pelas m\u00e3os do companheiro; corpo foi abandonado em cal\u00e7ada","author":"noticiasribeiraopreto.com.br","date":"25 de December de 2023","format":false,"excerpt":"Uma mulher de 32 anos foi assassinada na madrugada do \u00faltimo domingo, 24 de dezembro, na cidade de Sabin\u00f3polis, em Minas Gerais. O crime ocorreu no bairro Oper\u00e1rios do munic\u00edpio.A Pol\u00edcia Militar de Minas Gerais foi chamada para responder ao incidente e registrou um boletim de ocorr\u00eancia relacionado ao crime,\u2026","rel":"","context":"In &quot;Blog&quot;","block_context":{"text":"Blog","link":"https:\/\/noticiasribeiraopreto.com.br\/index.php\/category\/blog\/"},"img":{"alt_text":"","src":"https:\/\/i0.wp.com\/noticiasribeiraopreto.com.br\/wp-content\/uploads\/2023\/12\/postimg-658a088b5f9222417.jpg?fit=1200%2C628&ssl=1&resize=350%2C200","width":350,"height":200,"srcset":"https:\/\/i0.wp.com\/noticiasribeiraopreto.com.br\/wp-content\/uploads\/2023\/12\/postimg-658a088b5f9222417.jpg?fit=1200%2C628&ssl=1&resize=350%2C200 1x, https:\/\/i0.wp.com\/noticiasribeiraopreto.com.br\/wp-content\/uploads\/2023\/12\/postimg-658a088b5f9222417.jpg?fit=1200%2C628&ssl=1&resize=525%2C300 1.5x, https:\/\/i0.wp.com\/noticiasribeiraopreto.com.br\/wp-content\/uploads\/2023\/12\/postimg-658a088b5f9222417.jpg?fit=1200%2C628&ssl=1&resize=700%2C400 2x, https:\/\/i0.wp.com\/noticiasribeiraopreto.com.br\/wp-content\/uploads\/2023\/12\/postimg-658a088b5f9222417.jpg?fit=1200%2C628&ssl=1&resize=1050%2C600 3x"},"classes":[]}],"jetpack_sharing_enabled":true,"jetpack_shortlink":"https:\/\/wp.me\/peQAOb-327","_links":{"self":[{"href":"https:\/\/noticiasribeiraopreto.com.br\/index.php\/wp-json\/wp\/v2\/posts\/11663","targetHints":{"allow":["GET"]}}],"collection":[{"href":"https:\/\/noticiasribeiraopreto.com.br\/index.php\/wp-json\/wp\/v2\/posts"}],"about":[{"href":"https:\/\/noticiasribeiraopreto.com.br\/index.php\/wp-json\/wp\/v2\/types\/post"}],"author":[{"embeddable":true,"href":"https:\/\/noticiasribeiraopreto.com.br\/index.php\/wp-json\/wp\/v2\/users\/1"}],"replies":[{"embeddable":true,"href":"https:\/\/noticiasribeiraopreto.com.br\/index.php\/wp-json\/wp\/v2\/comments?post=11663"}],"version-history":[{"count":0,"href":"https:\/\/noticiasribeiraopreto.com.br\/index.php\/wp-json\/wp\/v2\/posts\/11663\/revisions"}],"wp:featuredmedia":[{"embeddable":true,"href":"https:\/\/noticiasribeiraopreto.com.br\/index.php\/wp-json\/wp\/v2\/media\/11664"}],"wp:attachment":[{"href":"https:\/\/noticiasribeiraopreto.com.br\/index.php\/wp-json\/wp\/v2\/media?parent=11663"}],"wp:term":[{"taxonomy":"category","embeddable":true,"href":"https:\/\/noticiasribeiraopreto.com.br\/index.php\/wp-json\/wp\/v2\/categories?post=11663"},{"taxonomy":"post_tag","embeddable":true,"href":"https:\/\/noticiasribeiraopreto.com.br\/index.php\/wp-json\/wp\/v2\/tags?post=11663"}],"curies":[{"name":"wp","href":"https:\/\/api.w.org\/{rel}","templated":true}]}}