{"id":11718,"date":"2023-12-06T17:58:34","date_gmt":"2023-12-06T20:58:34","guid":{"rendered":"https:\/\/noticiasribeiraopreto.com.br\/index.php\/2023\/12\/06\/projeto-de-lei-na-camara-pode-proibir-uso-de-linguagem-neutra-em-orgaos-publicos\/"},"modified":"2023-12-06T17:58:34","modified_gmt":"2023-12-06T20:58:34","slug":"projeto-de-lei-na-camara-pode-proibir-uso-de-linguagem-neutra-em-orgaos-publicos","status":"publish","type":"post","link":"https:\/\/noticiasribeiraopreto.com.br\/index.php\/2023\/12\/06\/projeto-de-lei-na-camara-pode-proibir-uso-de-linguagem-neutra-em-orgaos-publicos\/","title":{"rendered":"Projeto de lei na C\u00e2mara pode proibir uso de linguagem neutra em \u00f3rg\u00e3os p\u00fablicos"},"content":{"rendered":"<div class='code-block code-block-1' style='margin: 8px 0 8px auto; text-align: right; display: block; clear: both;'>\n<p><a href=\"https:\/\/wa.link\/vpicfd\"><img data-recalc-dims=\"1\" class=\"wp-image-4922\" style=\"aspect-ratio: 2.0253164556962027; width: 561px; height: auto;\" src=\"https:\/\/i0.wp.com\/ismaelcolosi.com.br\/wp-content\/uploads\/2023\/11\/grupo-de-empregos-whatsapp-e-facebook-ismael-colosi-vagas.jpg?ssl=1\" alt=\"\" \/><\/a><\/p>\n<!-- \/wp:image -->\n<\/div>\n<p> <br \/>\n<\/p>\n<div>\n<p>Aprovado recentemente pela <a href=\"https:\/\/www.camara.leg.br\/\">C\u00e2mara dos Deputados<\/a>, um projeto de lei (PL) que originalmente visava simplificar a comunica\u00e7\u00e3o entre \u00f3rg\u00e3os p\u00fablicos e cidad\u00e3os trouxe \u00e0 tona um debate sobre o uso da <a href=\"https:\/\/portal.unila.edu.br\/informes\/manual-de-linguagem-neutra\/Manualdelinguagemneutraport.pdf\"><strong>linguagem neutra<\/strong><\/a>. Caso o texto seja aprovado pelo Senado e sancionado pelo presidente, di\u00e1rios oficiais, editais e outras formas de comunica\u00e7\u00e3o oficial do setor p\u00fablico ficar\u00e3o proibidos de utilizar essa forma de comunica\u00e7\u00e3o.<\/p>\n<p>A linguagem neutra refere-se \u00e0 aplica\u00e7\u00e3o de um g\u00eanero neutro em vez do feminino ou masculino na comunica\u00e7\u00e3o oral, ou escrita. Isso inclui substituir artigos masculinos e femininos por artigos neutros, como \u201ce\u201d ou \u201cu\u201d, e utilizar formas como \u201celu\u201d, \u201camigue\u201d e \u201ctodes\u201d para representar indiv\u00edduos que n\u00e3o se identificam estritamente como homem ou mulher, incluindo membros da comunidade LGBTQIA+.<\/p>\n<p>Apesar de popular na internet e entre a popula\u00e7\u00e3o LGBTQIA+, a linguagem neutra n\u00e3o \u00e9 reconhecida como padr\u00e3o ou oficial pela norma culta da l\u00edngua portuguesa. Vestibulares e concursos p\u00fablicos que exigem o uso da norma culta, por exemplo, n\u00e3o permitem o uso do g\u00eanero neutro.<\/p>\n<h2>\u2018Linguagem neutra desempenharia papel fundamental na promo\u00e7\u00e3o da comunica\u00e7\u00e3o inclusiva e acess\u00edvel\u2019<\/h2>\n<p>O PL aprovado na C\u00e2mara tinha originalmente o intuito de tornar a comunica\u00e7\u00e3o entre \u00f3rg\u00e3os p\u00fablicos e cidad\u00e3os mais simples e compreens\u00edvel, seguindo o \u201cVocabul\u00e1rio Ortogr\u00e1fico da L\u00edngua Portuguesa\u201d e regras de simplicidade.<\/p>\n<p>Contudo, uma emenda aprovada durante a vota\u00e7\u00e3o dos destaques pro\u00edbe o uso de \u201cnovas formas de flex\u00e3o de g\u00eanero e de n\u00famero das palavras da l\u00edngua portuguesa, em contrariedade \u00e0s regras gramaticais consolidadas\u201d.<\/p>\n<p>A proibi\u00e7\u00e3o da <a href=\"https:\/\/portal.unila.edu.br\/informes\/manual-de-linguagem-neutra\/Manualdelinguagemneutraport.pdf\"><strong>linguagem neutra<\/strong><\/a> em \u00f3rg\u00e3os p\u00fablicos suscita incertezas quanto ao impacto que essa medida poder\u00e1 ter. Especialistas apontam para a possibilidade de dificultar a comunica\u00e7\u00e3o entre o Estado e a popula\u00e7\u00e3o, al\u00e9m de potencialmente refor\u00e7ar preconceitos contra a comunidade LGBTQIA+.<\/p>\n<div class=\"code-block code-block-5\" style=\"margin: 8px auto; text-align: center; display: block; clear: both;\"> <a href=\"https:\/\/suaads.com\/ref\/ISMAELCOLOSI\" target=\"_blank\" rel=\"noopener\"><img data-recalc-dims=\"1\" decoding=\"async\" src=\"https:\/\/i0.wp.com\/suaurl.com\/img\/bannersref\/s.png?ssl=1\" alt=\"SuaUrl\"  style=\"max-width: 100%;\" class=\"lazy\" loading=\"lazy\"\/><noscript><img data-recalc-dims=\"1\" decoding=\"async\" src=\"https:\/\/i0.wp.com\/suaurl.com\/img\/bannersref\/s.png?ssl=1\" alt=\"SuaUrl\"  style=\"max-width: 100%;\"\/><\/noscript><\/a><\/div>\n<p>Segundo Marco Antonio Marconi, linguista e professor da <a href=\"https:\/\/ufrj.br\/\">Universidade Federal do Rio de Janeiro<\/a>, disse ao g1, a linguagem neutra desempenha um papel fundamental na promo\u00e7\u00e3o da comunica\u00e7\u00e3o inclusiva e acess\u00edvel. Ele destacou: \u201cA proibi\u00e7\u00e3o dessa forma de comunica\u00e7\u00e3o pode complicar a compreens\u00e3o de textos oficiais por parte de pessoas n\u00e3o bin\u00e1rias ou intersexo.\u201d<\/p>\n<p>Marconi expressou ainda a preocupa\u00e7\u00e3o de que a proibi\u00e7\u00e3o da linguagem neutra resulte em uma sensa\u00e7\u00e3o de exclus\u00e3o e deslegitima\u00e7\u00e3o para a comunidade LGBTQIA+. Ele enfatizou o papel essencial da linguagem como express\u00e3o da identidade, afirmando: \u201cA proibi\u00e7\u00e3o da linguagem neutra \u00e9 uma forma de negar a exist\u00eancia dessas pessoas.\u201d<\/p>\n<p>Agora, o texto segue para an\u00e1lise no Senado, e se aprovado, ser\u00e1 encaminhado para o presidente Lula, que poder\u00e1 sancion\u00e1-lo ou vet\u00e1-lo.\u00a0\u00a0<\/p>\n<p>+ Acompanhe as principais informa\u00e7\u00f5es sobre\u00a0<a href=\"https:\/\/jcconcursos.com.br\/noticia\/brasil\/\" rel=\"noopener\" target=\"_blank\">Sociedade e Brasil no JC Concursos<\/a><\/p>\n<p><a id=\"gnews_btn\" href=\"https:\/\/news.google.com\/publications\/CAAqBwgKMOixlQswuZWrAw\" target=\"_blank\" class=\"border_jc_blue link_hover_bg_jc_blue font_85 d-block d-md-inline-block px-2 py-1 mr-0 mr-md-2 mb-3 w-100 text-center\" rel=\"noopener\"><span class=\"text_jc_blue\">Siga o <strong>JC Concursos no Google News<\/strong><\/span><\/a><a href=\"https:\/\/jcconcursos.com.br\/noticia\/brasil\/\" class=\"badge badge-light\">Sociedade<\/a><a href=\"https:\/\/jcconcursos.com.br\/noticia\/brasil\/\" class=\"badge badge-light\">Brasil<\/a><\/p>\n<\/div>\n<p><br \/>\n<br \/><a href=\"https:\/\/ismaelcolosi.com.br\/projeto-de-lei-na-camara-pode-proibir-uso-de-linguagem-neutra-em-orgaos-publicos\/\">Source link <\/a><\/p>\n<!-- CONTENT END 1 -->\n","protected":false},"excerpt":{"rendered":"<p>Aprovado recentemente pela C\u00e2mara dos Deputados, um projeto de lei (PL) que originalmente visava simplificar a comunica\u00e7\u00e3o entre \u00f3rg\u00e3os p\u00fablicos e cidad\u00e3os trouxe \u00e0 tona&#8230;<\/p>\n","protected":false},"author":1,"featured_media":11719,"comment_status":"open","ping_status":"open","sticky":false,"template":"","format":"standard","meta":{"advanced_seo_description":"","jetpack_seo_html_title":"","jetpack_seo_noindex":false,"jetpack_post_was_ever_published":false,"_jetpack_newsletter_access":"","_jetpack_dont_email_post_to_subs":false,"_jetpack_newsletter_tier_id":0,"_jetpack_memberships_contains_paywalled_content":false,"_jetpack_memberships_contains_paid_content":false,"footnotes":"","jetpack_publicize_message":"","jetpack_publicize_feature_enabled":true,"jetpack_social_post_already_shared":true,"jetpack_social_options":{"image_generator_settings":{"template":"highway","default_image_id":0,"font":"","enabled":false},"version":2}},"categories":[7],"tags":[],"class_list":["post-11718","post","type-post","status-publish","format-standard","has-post-thumbnail","hentry","category-vagas-de-empregos-em-ribeirao-preto-regiao-brasil"],"jetpack_publicize_connections":[],"jetpack_featured_media_url":"https:\/\/i0.wp.com\/noticiasribeiraopreto.com.br\/wp-content\/uploads\/2023\/12\/linguagem_neutra_portugues_-_foto_canvajc_concursos.jpg?fit=1920%2C1080&ssl=1","jetpack-related-posts":[{"id":77891,"url":"https:\/\/noticiasribeiraopreto.com.br\/index.php\/2025\/09\/27\/sossego-vereador-quer-propaganda-oficial-em-carro-de-som\/","url_meta":{"origin":11718,"position":0},"title":"Sossego? Vereador quer propaganda oficial em carro de som","author":"noticiasribeiraopreto.com.br","date":"27 de September de 2025","format":false,"excerpt":"Projeto de Lei de Paulo Modas contradiz a \u201cSossego \u00e9 Lei\u201d, foi aprovado na C\u00e2mara e seguir\u00e1 agora para an\u00e1lise do prefeito Ricardo Silva (PSD)\u2028\u2028 Uma semana depois de o prefeito Ricardo Silva (PSD) sancionar a lei n\u00famero 15.129\/2025 que responsabiliza estabelecimentos por contribui\u00e7\u00e3o a atividades contra a sa\u00fade p\u00fablica,\u2026","rel":"","context":"In &quot;Not\u00edcias de Ribeir\u00e3o Preto-SP e Regi\u00e3o&quot;","block_context":{"text":"Not\u00edcias de Ribeir\u00e3o Preto-SP e Regi\u00e3o","link":"https:\/\/noticiasribeiraopreto.com.br\/index.php\/category\/noticias-de-ribeirao-preto-sp-e-regiao-ismael-colosi\/"},"img":{"alt_text":"","src":"https:\/\/i0.wp.com\/noticiasribeiraopreto.com.br\/wp-content\/uploads\/2025\/09\/1759016285_Barulho-Alfredo-Risk-scaled.jpg?fit=1170%2C780&ssl=1&resize=350%2C200","width":350,"height":200,"srcset":"https:\/\/i0.wp.com\/noticiasribeiraopreto.com.br\/wp-content\/uploads\/2025\/09\/1759016285_Barulho-Alfredo-Risk-scaled.jpg?fit=1170%2C780&ssl=1&resize=350%2C200 1x, https:\/\/i0.wp.com\/noticiasribeiraopreto.com.br\/wp-content\/uploads\/2025\/09\/1759016285_Barulho-Alfredo-Risk-scaled.jpg?fit=1170%2C780&ssl=1&resize=525%2C300 1.5x, https:\/\/i0.wp.com\/noticiasribeiraopreto.com.br\/wp-content\/uploads\/2025\/09\/1759016285_Barulho-Alfredo-Risk-scaled.jpg?fit=1170%2C780&ssl=1&resize=700%2C400 2x, https:\/\/i0.wp.com\/noticiasribeiraopreto.com.br\/wp-content\/uploads\/2025\/09\/1759016285_Barulho-Alfredo-Risk-scaled.jpg?fit=1170%2C780&ssl=1&resize=1050%2C600 3x"},"classes":[]},{"id":77653,"url":"https:\/\/noticiasribeiraopreto.com.br\/index.php\/2025\/09\/23\/camara-de-ribeirao-aprova-mudanca-no-uso-da-verba-de-centro-administrativo-cancelado\/","url_meta":{"origin":11718,"position":1},"title":"C\u00e2mara de Ribeir\u00e3o aprova mudan\u00e7a no uso da verba de centro administrativo cancelado","author":"noticiasribeiraopreto.com.br","date":"23 de September de 2025","format":false,"excerpt":"A C\u00e2mara de Ribeir\u00e3o Preto aprovou o substitutivo do projeto de lei complementar 39\/2025, que muda a destina\u00e7\u00e3o da verba que seria utilizada na constru\u00e7\u00e3o do centro administrativo. A obra foi cancelada pelo prefeito Ricardo Silva (PSD) no \u00faltimo m\u00eas de abril. O substitutivo aprovado pelos vereadores retira da proposta\u2026","rel":"","context":"In &quot;Not\u00edcias de Ribeir\u00e3o Preto-SP e Regi\u00e3o&quot;","block_context":{"text":"Not\u00edcias de Ribeir\u00e3o Preto-SP e Regi\u00e3o","link":"https:\/\/noticiasribeiraopreto.com.br\/index.php\/category\/noticias-de-ribeirao-preto-sp-e-regiao-ismael-colosi\/"},"img":{"alt_text":"","src":"https:\/\/i0.wp.com\/noticiasribeiraopreto.com.br\/wp-content\/uploads\/2025\/09\/camara_2025-09-23_13-37-06.webp.webp?fit=1200%2C800&ssl=1&resize=350%2C200","width":350,"height":200,"srcset":"https:\/\/i0.wp.com\/noticiasribeiraopreto.com.br\/wp-content\/uploads\/2025\/09\/camara_2025-09-23_13-37-06.webp.webp?fit=1200%2C800&ssl=1&resize=350%2C200 1x, https:\/\/i0.wp.com\/noticiasribeiraopreto.com.br\/wp-content\/uploads\/2025\/09\/camara_2025-09-23_13-37-06.webp.webp?fit=1200%2C800&ssl=1&resize=525%2C300 1.5x, https:\/\/i0.wp.com\/noticiasribeiraopreto.com.br\/wp-content\/uploads\/2025\/09\/camara_2025-09-23_13-37-06.webp.webp?fit=1200%2C800&ssl=1&resize=700%2C400 2x, https:\/\/i0.wp.com\/noticiasribeiraopreto.com.br\/wp-content\/uploads\/2025\/09\/camara_2025-09-23_13-37-06.webp.webp?fit=1200%2C800&ssl=1&resize=1050%2C600 3x"},"classes":[]},{"id":40364,"url":"https:\/\/noticiasribeiraopreto.com.br\/index.php\/2024\/03\/03\/5-passos-para-conquistar-a-postura-corporal-de-um-lider\/","url_meta":{"origin":11718,"position":2},"title":"5 passos para conquistar a postura corporal de um l\u00edder","author":"noticiasribeiraopreto.com.br","date":"3 de March de 2024","format":false,"excerpt":"Por meio de suas palavras, voc\u00ea pode inspirar, motivar e impulsionar o alto desempenho e treinar aqueles que apresentam desempenho insatisfat\u00f3rio Existe uma ideia recorrente de que boa parte da nossa comunica\u00e7\u00e3o \u00e9 n\u00e3o-verbal. Mas voc\u00ea sabe de onde tiramos essa ideia? Este conceito, apelidado de 7-38-55 (ou 55\/38\/7) por\u2026","rel":"","context":"In &quot;Blog&quot;","block_context":{"text":"Blog","link":"https:\/\/noticiasribeiraopreto.com.br\/index.php\/category\/blog\/"},"img":{"alt_text":"","src":"https:\/\/i0.wp.com\/noticiasribeiraopreto.com.br\/wp-content\/uploads\/2024\/03\/Carreira_posturadelider_GettyImages-1024x683.jpg?fit=1024%2C683&ssl=1&resize=350%2C200","width":350,"height":200,"srcset":"https:\/\/i0.wp.com\/noticiasribeiraopreto.com.br\/wp-content\/uploads\/2024\/03\/Carreira_posturadelider_GettyImages-1024x683.jpg?fit=1024%2C683&ssl=1&resize=350%2C200 1x, https:\/\/i0.wp.com\/noticiasribeiraopreto.com.br\/wp-content\/uploads\/2024\/03\/Carreira_posturadelider_GettyImages-1024x683.jpg?fit=1024%2C683&ssl=1&resize=525%2C300 1.5x, https:\/\/i0.wp.com\/noticiasribeiraopreto.com.br\/wp-content\/uploads\/2024\/03\/Carreira_posturadelider_GettyImages-1024x683.jpg?fit=1024%2C683&ssl=1&resize=700%2C400 2x"},"classes":[]},{"id":47301,"url":"https:\/\/noticiasribeiraopreto.com.br\/index.php\/2024\/04\/25\/linguagem-corporal-5-passos-para-dominar\/","url_meta":{"origin":11718,"position":3},"title":"Linguagem corporal: 5 passos para dominar","author":"noticiasribeiraopreto.com.br","date":"25 de April de 2024","format":false,"excerpt":"Oprah Winfrey \u00e9 uma \u00f3tima comunicadora porque sabe combinar a linguagem corporal com a verbal Voc\u00ea sabia que usar as m\u00e3os corretamente enquanto se comunica pode aumentar a efic\u00e1cia da sua mensagem em at\u00e9 60%? Esse \u00e9 apenas um exemplo de como podemos nos comunicar sem usar palavras. Na verdade,\u2026","rel":"","context":"In &quot;Blog&quot;","block_context":{"text":"Blog","link":"https:\/\/noticiasribeiraopreto.com.br\/index.php\/category\/blog\/"},"img":{"alt_text":"","src":"https:\/\/i0.wp.com\/noticiasribeiraopreto.com.br\/wp-content\/uploads\/2024\/04\/mulher-oprah-discurso-1024x683.jpg?fit=1024%2C683&ssl=1&resize=350%2C200","width":350,"height":200,"srcset":"https:\/\/i0.wp.com\/noticiasribeiraopreto.com.br\/wp-content\/uploads\/2024\/04\/mulher-oprah-discurso-1024x683.jpg?fit=1024%2C683&ssl=1&resize=350%2C200 1x, https:\/\/i0.wp.com\/noticiasribeiraopreto.com.br\/wp-content\/uploads\/2024\/04\/mulher-oprah-discurso-1024x683.jpg?fit=1024%2C683&ssl=1&resize=525%2C300 1.5x, https:\/\/i0.wp.com\/noticiasribeiraopreto.com.br\/wp-content\/uploads\/2024\/04\/mulher-oprah-discurso-1024x683.jpg?fit=1024%2C683&ssl=1&resize=700%2C400 2x"},"classes":[]},{"id":19095,"url":"https:\/\/noticiasribeiraopreto.com.br\/index.php\/2023\/12\/21\/modelo-de-carta-de-cobranca-comercial\/","url_meta":{"origin":11718,"position":4},"title":"Modelo de carta de cobran\u00e7a comercial","author":"noticiasribeiraopreto.com.br","date":"21 de December de 2023","format":false,"excerpt":"A carta de cobran\u00e7a \u00e9 uma comunica\u00e7\u00e3o formal, em geral, enviada por uma empresa \u2013 ou uma entidade financeira \u2013 para um cliente inadimplente e que serve para inform\u00e1-lo sobre as d\u00edvidas que ele possui em aberto com a sua empresa.\u00a0Neste artigo, trazemos alguns modelos de carta de cobran\u00e7a comercial,\u2026","rel":"","context":"In &quot;Dinheiro e Investimento&quot;","block_context":{"text":"Dinheiro e Investimento","link":"https:\/\/noticiasribeiraopreto.com.br\/index.php\/category\/dinheiro-e-investimento-como-fazer-como-ganhar\/"},"img":{"alt_text":"","src":"https:\/\/i0.wp.com\/noticiasribeiraopreto.com.br\/wp-content\/uploads\/2023\/12\/vhsys-carta-de-cobranca.jpg?fit=1200%2C800&ssl=1&resize=350%2C200","width":350,"height":200,"srcset":"https:\/\/i0.wp.com\/noticiasribeiraopreto.com.br\/wp-content\/uploads\/2023\/12\/vhsys-carta-de-cobranca.jpg?fit=1200%2C800&ssl=1&resize=350%2C200 1x, https:\/\/i0.wp.com\/noticiasribeiraopreto.com.br\/wp-content\/uploads\/2023\/12\/vhsys-carta-de-cobranca.jpg?fit=1200%2C800&ssl=1&resize=525%2C300 1.5x, https:\/\/i0.wp.com\/noticiasribeiraopreto.com.br\/wp-content\/uploads\/2023\/12\/vhsys-carta-de-cobranca.jpg?fit=1200%2C800&ssl=1&resize=700%2C400 2x, https:\/\/i0.wp.com\/noticiasribeiraopreto.com.br\/wp-content\/uploads\/2023\/12\/vhsys-carta-de-cobranca.jpg?fit=1200%2C800&ssl=1&resize=1050%2C600 3x"},"classes":[]},{"id":66116,"url":"https:\/\/noticiasribeiraopreto.com.br\/index.php\/2025\/03\/28\/camara-de-ribeirao-preto-aprova-lei-que-proibe-contratacao-de-artistas-que-promovam-crime-ou-drogas\/","url_meta":{"origin":11718,"position":5},"title":"C\u00e2mara de Ribeir\u00e3o Preto aprova lei que pro\u00edbe contrata\u00e7\u00e3o de artistas que promovam crime ou drogas","author":"noticiasribeiraopreto.com.br","date":"28 de March de 2025","format":false,"excerpt":"A C\u00e2mara Municipal de Ribeir\u00e3o Preto aprovou, em sess\u00e3o realizada nesta quinta-feira (27), um projeto de lei que pro\u00edbe a contrata\u00e7\u00e3o, com recursos p\u00fablicos, de artistas cujas obras promovam ou fa\u00e7am apologia ao crime organizado, tr\u00e1fico de drogas, pedofilia ou outras atividades il\u00edcitas. A proposta, de autoria do vereador Matheus\u2026","rel":"","context":"In &quot;Not\u00edcias de Ribeir\u00e3o Preto-SP e Regi\u00e3o&quot;","block_context":{"text":"Not\u00edcias de Ribeir\u00e3o Preto-SP e Regi\u00e3o","link":"https:\/\/noticiasribeiraopreto.com.br\/index.php\/category\/noticias-de-ribeirao-preto-sp-e-regiao-ismael-colosi\/"},"img":{"alt_text":"","src":"https:\/\/i0.wp.com\/noticiasribeiraopreto.com.br\/wp-content\/uploads\/2025\/03\/1743153059_DSC5057-scaled.jpg?fit=1200%2C800&ssl=1&resize=350%2C200","width":350,"height":200,"srcset":"https:\/\/i0.wp.com\/noticiasribeiraopreto.com.br\/wp-content\/uploads\/2025\/03\/1743153059_DSC5057-scaled.jpg?fit=1200%2C800&ssl=1&resize=350%2C200 1x, https:\/\/i0.wp.com\/noticiasribeiraopreto.com.br\/wp-content\/uploads\/2025\/03\/1743153059_DSC5057-scaled.jpg?fit=1200%2C800&ssl=1&resize=525%2C300 1.5x, https:\/\/i0.wp.com\/noticiasribeiraopreto.com.br\/wp-content\/uploads\/2025\/03\/1743153059_DSC5057-scaled.jpg?fit=1200%2C800&ssl=1&resize=700%2C400 2x, https:\/\/i0.wp.com\/noticiasribeiraopreto.com.br\/wp-content\/uploads\/2025\/03\/1743153059_DSC5057-scaled.jpg?fit=1200%2C800&ssl=1&resize=1050%2C600 3x"},"classes":[]}],"jetpack_sharing_enabled":true,"jetpack_shortlink":"https:\/\/wp.me\/peQAOb-330","_links":{"self":[{"href":"https:\/\/noticiasribeiraopreto.com.br\/index.php\/wp-json\/wp\/v2\/posts\/11718","targetHints":{"allow":["GET"]}}],"collection":[{"href":"https:\/\/noticiasribeiraopreto.com.br\/index.php\/wp-json\/wp\/v2\/posts"}],"about":[{"href":"https:\/\/noticiasribeiraopreto.com.br\/index.php\/wp-json\/wp\/v2\/types\/post"}],"author":[{"embeddable":true,"href":"https:\/\/noticiasribeiraopreto.com.br\/index.php\/wp-json\/wp\/v2\/users\/1"}],"replies":[{"embeddable":true,"href":"https:\/\/noticiasribeiraopreto.com.br\/index.php\/wp-json\/wp\/v2\/comments?post=11718"}],"version-history":[{"count":0,"href":"https:\/\/noticiasribeiraopreto.com.br\/index.php\/wp-json\/wp\/v2\/posts\/11718\/revisions"}],"wp:featuredmedia":[{"embeddable":true,"href":"https:\/\/noticiasribeiraopreto.com.br\/index.php\/wp-json\/wp\/v2\/media\/11719"}],"wp:attachment":[{"href":"https:\/\/noticiasribeiraopreto.com.br\/index.php\/wp-json\/wp\/v2\/media?parent=11718"}],"wp:term":[{"taxonomy":"category","embeddable":true,"href":"https:\/\/noticiasribeiraopreto.com.br\/index.php\/wp-json\/wp\/v2\/categories?post=11718"},{"taxonomy":"post_tag","embeddable":true,"href":"https:\/\/noticiasribeiraopreto.com.br\/index.php\/wp-json\/wp\/v2\/tags?post=11718"}],"curies":[{"name":"wp","href":"https:\/\/api.w.org\/{rel}","templated":true}]}}