{"id":11733,"date":"2023-12-06T18:23:49","date_gmt":"2023-12-06T21:23:49","guid":{"rendered":"https:\/\/noticiasribeiraopreto.com.br\/index.php\/2023\/12\/06\/sao-paulo-tem-50-praias-improprias-para-banho-confira-lista\/"},"modified":"2023-12-06T18:23:49","modified_gmt":"2023-12-06T21:23:49","slug":"sao-paulo-tem-50-praias-improprias-para-banho-confira-lista","status":"publish","type":"post","link":"https:\/\/noticiasribeiraopreto.com.br\/index.php\/2023\/12\/06\/sao-paulo-tem-50-praias-improprias-para-banho-confira-lista\/","title":{"rendered":"S\u00e3o Paulo tem 50 praias impr\u00f3prias para banho; confira lista"},"content":{"rendered":"<div class='code-block code-block-1' style='margin: 8px 0 8px auto; text-align: right; display: block; clear: both;'>\n<p><a href=\"https:\/\/wa.link\/vpicfd\"><img data-recalc-dims=\"1\" class=\"wp-image-4922\" style=\"aspect-ratio: 2.0253164556962027; width: 561px; height: auto;\" src=\"https:\/\/i0.wp.com\/ismaelcolosi.com.br\/wp-content\/uploads\/2023\/11\/grupo-de-empregos-whatsapp-e-facebook-ismael-colosi-vagas.jpg?ssl=1\" alt=\"\" \/><\/a><\/p>\n<!-- \/wp:image -->\n<\/div>\n<p> <br \/>\n<\/p>\n<div>\n<p>Pensando em aproveitar o calorz\u00e3o na praia nos pr\u00f3ximos dias? Ent\u00e3o \u00e9 bom ficar atento antes de entrar no mar. Levantamento da Companhia Ambiental do Estado de S\u00e3o Paulo (Cetesb) aponta que o litoral paulista tem 50 praias impr\u00f3prias para banho.<\/p>\n<p>Ubatuba, Caraguatatuba, S\u00e3o Sebasti\u00e3o Ilhabela, Guaruj\u00e1, Santos, S\u00e3o Vicente, Praia Grande, Mongagu\u00e1, Itanha\u00e9m e Peru\u00edbe s\u00e3o os mun\u00edcipios quem t\u00eam praias com balneabilidade inadequada.<\/p>\n<div id=\"attachment_2008710\" class=\"wp-caption aligncenter\">\n<div class=\"d-flex justify-content-center\" data-attachment-id=\"2008710\">\n<div class=\"position-relative d-inline-block\"><img data-recalc-dims=\"1\" data-portal-copyright=\"Rog\u00e9rio Cassimiro\/MTur\" fetchpriority=\"high\" decoding=\"async\" class=\"wp-image-2008710 size-large\" src=\"https:\/\/i0.wp.com\/catracalivre.com.br\/wp-content\/uploads\/2020\/02\/praia-canto-forte-praia-grande-rogerio-cassemiro-mtur-910x443.jpg?resize=910%2C443&#038;ssl=1\" alt=\"Praia do Canto do Forte, em Praia Grande, no litoral sul de S\u00e3o Paulo\" width=\"910\" height=\"443\" srcset=\"https:\/\/catracalivre.com.br\/wp-content\/uploads\/2020\/02\/praia-canto-forte-praia-grande-rogerio-cassemiro-mtur-910x443.jpg 910w, https:\/\/catracalivre.com.br\/wp-content\/uploads\/2020\/02\/praia-canto-forte-praia-grande-rogerio-cassemiro-mtur-450x219.jpg 450w, https:\/\/catracalivre.com.br\/wp-content\/uploads\/2020\/02\/praia-canto-forte-praia-grande-rogerio-cassemiro-mtur-768x374.jpg 768w\" sizes=\"(max-width: 910px) 100vw, 910px\"\/><\/p>\n<p>Cr\u00e9ditos: Rog\u00e9rio Cassimiro\/MTur<\/p>\n<\/div>\n<\/div>\n<p><span class=\"post-imagem__legenda\">Praia do Canto do Forte, em Praia Grande, no litoral sul de S\u00e3o Paulo<\/span><\/p>\n<\/div>\n<p>J\u00e1 Bertioga, Iguape e Ilha Comprida t\u00eam todas as praias com qualidade boa para o banho de mar.<\/p>\n<p>Ao todo, a Cetesb monitora 177 pontos no litoral paulista. Confira o mapa\u00a0<a href=\"https:\/\/cetesb.sp.gov.br\/praias\/mapa-da-qualidade\/\" target=\"_blank\" rel=\"noopener\">aqui<\/a>.<\/p>\n<p>O per\u00edodo de amostragem \u00e9 de 29 de outubro a 26 de novembro de 2023. Os dados foram atualizados no dia 6 de dezembro.<\/p>\n<p>As condi\u00e7\u00f5es podem ser alteradas em raz\u00e3o do per\u00edodo de chuvas. A Cetesb recomenda que os banhistas entrem no mar 24 horas ap\u00f3s precipita\u00e7\u00f5es fortes e intensas.<\/p>\n<h2>As praias impr\u00f3prias para o banho no litoral de SP<\/h2>\n<p><strong>Ubatuba<\/strong><br \/>\u2013 Iperog<br \/>\u2013 Itagu\u00e1 (altura da av. Leovegildo, altura do 240)<br \/>\u2013 Itagu\u00e1 (altura da av. Leovegildo, altura do 1.724)<br \/>\u2013 Rio Itamambuca<br \/>\u2013 Perequ\u00ea-Mirim<br \/>\u2013 L\u00e1zaro<\/p>\n<p><strong>Caraguatatuba<\/strong><br \/>\u2013 Tabatinga \u2013 Rio Tabatinga<br \/>\u2013 Prainha<br \/>\u2013 Palmeiras<\/p>\n<p><strong>S\u00e3o Sebasti\u00e3o<\/strong><br \/>\u2013 Cigarras<br \/>\u2013 S\u00e3o Francisco<br \/>\u2013 Arrast\u00e3o<br \/>\u2013 Pontal da Cruz<br \/>\u2013 Deserta<br \/>\u2013 Porto Grande<br \/>\u2013 Preta do Norte<\/p>\n<p><strong>Ilhabela<\/strong><br \/>\u2013 Itaquanduba<br \/>\u2013 Itagua\u00e7u<br \/>\u2013 Perequ\u00ea<\/p>\n<p><strong>Bertioga<\/strong><br \/>\u2013 Todas as praias com qualidade boa para o banho<\/p>\n<p><strong>Guaruj\u00e1<\/strong><br \/>\u2013 Perequ\u00ea<br \/>\u2013 Enseada (altura da Av. Santa Maria)<br \/>\u2013 Pitangueiras (altura da Av. Puglisi)<br \/>\u2013 Ast\u00farias<\/p>\n<p><strong>Santos<\/strong><br \/>\u2013 Boqueir\u00e3o<br \/>\u2013 Jos\u00e9 Menino (altura da Rua Olavo Bilac)<br \/>\u2013 Jos\u00e9 Menino (altura da Rua Fred. Ozanan)<\/p>\n<p><strong>S\u00e3o Vicente<\/strong><br \/>\u2013 Praia da Divisa<br \/>\u2013 Praia da Ilha Porchart<br \/>\u2013\u00a0 Milion\u00e1rios<br \/>\u2013 Gonzaguinha<br \/>\u2013 Prainha<\/p>\n<p><strong>Praia Grande<\/strong><br \/>\u2013 Canto do Forte<br \/>\u2013 Boqueir\u00e3o<br \/>\u2013 Guilhermina<br \/>\u2013\u00a0 Avia\u00e7\u00e3o<br \/>\u2013 Vila Tupi<br \/>\u2013\u00a0 Ocian<br \/>\u2013 Vila Mirim<br \/>\u2013 Maracan\u00e3<br \/>\u2013 Vila Cai\u00e7ara<br \/>\u2013 Real<br \/>\u2013 Fl\u00f3rida<br \/>\u2013 Jardim Solemar<\/p>\n<p><strong>Mongagu\u00e1<\/strong><br \/>\u2013 Vila S\u00e3o Paulo<br \/>\u2013 Vera Cruz<br \/>\u2013 Santa Eug\u00eania<\/p>\n<p><strong>Itanha\u00e9m<\/strong><br \/>\u2013 Praia dos Pescadores<br \/>\u2013 Sonho<br \/>\u2013 Jardim S\u00e3o Fernando<\/p>\n<p><strong>Peru\u00edbe<\/strong><br \/>\u2013 Prainha<\/p>\n<p><strong>Iguape<\/strong><br \/>\u2013 Todas as praias com qualidade boa para o banho<\/p>\n<p><strong>Ilha Comprida<\/strong><br \/>\u2013 Todas as praias com qualidade boa para o banho<\/p>\n<\/div>\n<p><script>\n\t\t! function(f, b, e, v, n, t, s) {\n\t\t\tif (f.fbq) return;\n\t\t\tn = f.fbq = function() {\n\t\t\t\tn.callMethod ?\n\t\t\t\t\tn.callMethod.apply(n, arguments) : n.queue.push(arguments)\n\t\t\t};\n\t\t\tif (!f._fbq) f._fbq = n;\n\t\t\tn.push = n;\n\t\t\tn.loaded = !0;\n\t\t\tn.version = '2.0';\n\t\t\tn.queue = [];\n\t\t\tt = b.createElement(e);\n\t\t\tt.async = !0;\n\t\t\tt.src = v;\n\t\t\ts = b.getElementsByTagName(e)[0];\n\t\t\ts.parentNode.insertBefore(t, s)\n\t\t}(window, document, 'script',\n\t\t\t'https:\/\/connect.facebook.net\/en_US\/fbevents.js');\n\t\tfbq('init', '338315473262380');\n\t\tfbq('track', 'PageView');\n\t<\/script><br \/>\n<br \/><br \/>\n<br \/><a href=\"https:\/\/catracalivre.com.br\/viagem-livre\/sao-paulo-tem-50-praias-improprias-para-banho-confira-lista\/\">Source link <\/a><\/p>\n<!-- CONTENT END 1 -->\n","protected":false},"excerpt":{"rendered":"<p>Pensando em aproveitar o calorz\u00e3o na praia nos pr\u00f3ximos dias? Ent\u00e3o \u00e9 bom ficar atento antes de entrar no mar. Levantamento da Companhia Ambiental do&#8230;<\/p>\n","protected":false},"author":1,"featured_media":11734,"comment_status":"open","ping_status":"open","sticky":false,"template":"","format":"standard","meta":{"advanced_seo_description":"","jetpack_seo_html_title":"","jetpack_seo_noindex":false,"jetpack_post_was_ever_published":false,"_jetpack_newsletter_access":"","_jetpack_dont_email_post_to_subs":false,"_jetpack_newsletter_tier_id":0,"_jetpack_memberships_contains_paywalled_content":false,"_jetpack_memberships_contains_paid_content":false,"footnotes":"","jetpack_publicize_message":"","jetpack_publicize_feature_enabled":true,"jetpack_social_post_already_shared":true,"jetpack_social_options":{"image_generator_settings":{"template":"highway","default_image_id":0,"font":"","enabled":false},"version":2}},"categories":[19],"tags":[],"class_list":["post-11733","post","type-post","status-publish","format-standard","has-post-thumbnail","hentry","category-variedades"],"jetpack_publicize_connections":[],"jetpack_featured_media_url":"https:\/\/i0.wp.com\/noticiasribeiraopreto.com.br\/wp-content\/uploads\/2023\/12\/praia-grande-sp.jpg?fit=1200%2C638&ssl=1","jetpack-related-posts":[{"id":80331,"url":"https:\/\/noticiasribeiraopreto.com.br\/index.php\/2025\/11\/19\/vai-aproveitar-o-feriado-no-litoral-veja-quais-praias-estao-improprias-para-banho\/","url_meta":{"origin":11733,"position":0},"title":"Vai aproveitar o feriado no Litoral? Veja quais praias est\u00e3o impr\u00f3prias para banho","author":"noticiasribeiraopreto.com.br","date":"19 de November de 2025","format":false,"excerpt":"Vai descer para o Litoral de S\u00e3o Paulo no feriado prolongado da Consci\u00eancia Negra? Ent\u00e3o fique atento porque 53 praias do estado est\u00e3o impr\u00f3prias para banho, segundo relat\u00f3rio divulgado nesta quarta-feira (19) pela Companhia Ambiental do Estado de S\u00e3o Paulo (Cetesb). Entre os destinos mais afetados est\u00e3o Mongagu\u00e1, onde todas\u2026","rel":"","context":"In &quot;Not\u00edcias de Ribeir\u00e3o Preto-SP e Regi\u00e3o&quot;","block_context":{"text":"Not\u00edcias de Ribeir\u00e3o Preto-SP e Regi\u00e3o","link":"https:\/\/noticiasribeiraopreto.com.br\/index.php\/category\/noticias-de-ribeirao-preto-sp-e-regiao-ismael-colosi\/"},"img":{"alt_text":"","src":"https:\/\/i0.wp.com\/noticiasribeiraopreto.com.br\/wp-content\/uploads\/2025\/11\/AnyConv.com__guaruja.webp.webp?fit=1200%2C900&ssl=1&resize=350%2C200","width":350,"height":200,"srcset":"https:\/\/i0.wp.com\/noticiasribeiraopreto.com.br\/wp-content\/uploads\/2025\/11\/AnyConv.com__guaruja.webp.webp?fit=1200%2C900&ssl=1&resize=350%2C200 1x, https:\/\/i0.wp.com\/noticiasribeiraopreto.com.br\/wp-content\/uploads\/2025\/11\/AnyConv.com__guaruja.webp.webp?fit=1200%2C900&ssl=1&resize=525%2C300 1.5x, https:\/\/i0.wp.com\/noticiasribeiraopreto.com.br\/wp-content\/uploads\/2025\/11\/AnyConv.com__guaruja.webp.webp?fit=1200%2C900&ssl=1&resize=700%2C400 2x, https:\/\/i0.wp.com\/noticiasribeiraopreto.com.br\/wp-content\/uploads\/2025\/11\/AnyConv.com__guaruja.webp.webp?fit=1200%2C900&ssl=1&resize=1050%2C600 3x"},"classes":[]},{"id":64020,"url":"https:\/\/noticiasribeiraopreto.com.br\/index.php\/2025\/02\/27\/litoral-de-sp-tem-45-praias-improprias-durante-o-carnaval-veja-lista\/","url_meta":{"origin":11733,"position":1},"title":"Litoral de SP tem 45 praias impr\u00f3prias durante o Carnaval; Veja lista","author":"noticiasribeiraopreto.com.br","date":"27 de February de 2025","format":false,"excerpt":"Vai descer a serra e aproveitar o Carnaval na praia? Ent\u00e3o fique de olho. A Cetesb (Companhia Ambiental do Estado de S\u00e3o Paulo) informou nesta quinta-feira (27) que 45 praias do litoral de S\u00e3o Paulo est\u00e3o impr\u00f3prias para o banho. Itanha\u00e9m \u00e9 o destino com mais locais impr\u00f3prios, de acordo\u2026","rel":"","context":"In &quot;Not\u00edcias de Ribeir\u00e3o Preto-SP e Regi\u00e3o&quot;","block_context":{"text":"Not\u00edcias de Ribeir\u00e3o Preto-SP e Regi\u00e3o","link":"https:\/\/noticiasribeiraopreto.com.br\/index.php\/category\/noticias-de-ribeirao-preto-sp-e-regiao-ismael-colosi\/"},"img":{"alt_text":"","src":"https:\/\/i0.wp.com\/noticiasribeiraopreto.com.br\/wp-content\/uploads\/2024\/03\/AnyConv.com__guaruja.webp.webp?fit=1200%2C900&ssl=1&resize=350%2C200","width":350,"height":200,"srcset":"https:\/\/i0.wp.com\/noticiasribeiraopreto.com.br\/wp-content\/uploads\/2024\/03\/AnyConv.com__guaruja.webp.webp?fit=1200%2C900&ssl=1&resize=350%2C200 1x, https:\/\/i0.wp.com\/noticiasribeiraopreto.com.br\/wp-content\/uploads\/2024\/03\/AnyConv.com__guaruja.webp.webp?fit=1200%2C900&ssl=1&resize=525%2C300 1.5x, https:\/\/i0.wp.com\/noticiasribeiraopreto.com.br\/wp-content\/uploads\/2024\/03\/AnyConv.com__guaruja.webp.webp?fit=1200%2C900&ssl=1&resize=700%2C400 2x, https:\/\/i0.wp.com\/noticiasribeiraopreto.com.br\/wp-content\/uploads\/2024\/03\/AnyConv.com__guaruja.webp.webp?fit=1200%2C900&ssl=1&resize=1050%2C600 3x"},"classes":[]},{"id":19074,"url":"https:\/\/noticiasribeiraopreto.com.br\/index.php\/2023\/12\/21\/sp-tem-29-praias-improprias-para-banho-confira-lista\/","url_meta":{"origin":11733,"position":2},"title":"SP tem 29 praias impr\u00f3prias para banho; confira lista","author":"noticiasribeiraopreto.com.br","date":"21 de December de 2023","format":false,"excerpt":"Com planos de passar o Natal na praia? Ent\u00e3o \u00e9 bom ficar atento antes de entrar no mar. Segundo levantamento da Companhia Ambiental do Estado de S\u00e3o Paulo (Cetesb), o litoral paulista tem 29 praias impr\u00f3prias para banho. Praia Grande, no litoral sul, e Ubatuba, no litoral norte, s\u00e3o as\u2026","rel":"","context":"In &quot;Variedades&quot;","block_context":{"text":"Variedades","link":"https:\/\/noticiasribeiraopreto.com.br\/index.php\/category\/variedades\/"},"img":{"alt_text":"","src":"https:\/\/i0.wp.com\/noticiasribeiraopreto.com.br\/wp-content\/uploads\/2023\/12\/1703189303_praia-do-lazaro-e1702914352721.jpg?fit=1200%2C638&ssl=1&resize=350%2C200","width":350,"height":200,"srcset":"https:\/\/i0.wp.com\/noticiasribeiraopreto.com.br\/wp-content\/uploads\/2023\/12\/1703189303_praia-do-lazaro-e1702914352721.jpg?fit=1200%2C638&ssl=1&resize=350%2C200 1x, https:\/\/i0.wp.com\/noticiasribeiraopreto.com.br\/wp-content\/uploads\/2023\/12\/1703189303_praia-do-lazaro-e1702914352721.jpg?fit=1200%2C638&ssl=1&resize=525%2C300 1.5x, https:\/\/i0.wp.com\/noticiasribeiraopreto.com.br\/wp-content\/uploads\/2023\/12\/1703189303_praia-do-lazaro-e1702914352721.jpg?fit=1200%2C638&ssl=1&resize=700%2C400 2x, https:\/\/i0.wp.com\/noticiasribeiraopreto.com.br\/wp-content\/uploads\/2023\/12\/1703189303_praia-do-lazaro-e1702914352721.jpg?fit=1200%2C638&ssl=1&resize=1050%2C600 3x"},"classes":[]},{"id":84902,"url":"https:\/\/noticiasribeiraopreto.com.br\/index.php\/2026\/04\/17\/vai-para-o-litoral-no-feriado-veja-praias-improprias-para-banho-em-sp\/","url_meta":{"origin":11733,"position":3},"title":"Vai para o litoral no feriado? Veja praias impr\u00f3prias para banho em SP","author":"noticiasribeiraopreto.com.br","date":"17 de April de 2026","format":false,"excerpt":"Ler o resumo da not\u00edcia Cetesb divulgou nesta quinta\u2011feira (16) que 9 das 175 praias monitoradas no litoral de SP est\u00e3o impr\u00f3prias para banho. O levantamento aponta que 94\u202f% dos pontos avaliados permanecem classificados como pr\u00f3prios para banho. As praias com bandeira vermelha s\u00e3o Rio Itamambuca, Itagu\u00e1 e L\u00e1zaro (Ubatuba);\u2026","rel":"","context":"In &quot;Not\u00edcias de Ribeir\u00e3o Preto-SP e Regi\u00e3o&quot;","block_context":{"text":"Not\u00edcias de Ribeir\u00e3o Preto-SP e Regi\u00e3o","link":"https:\/\/noticiasribeiraopreto.com.br\/index.php\/category\/noticias-de-ribeirao-preto-sp-e-regiao-ismael-colosi\/"},"img":{"alt_text":"","src":"https:\/\/i0.wp.com\/noticiasribeiraopreto.com.br\/wp-content\/uploads\/2025\/04\/praia-grande_2025-04-08_16-14-09_jpg_2025-04-08_16-14-09.webp.webp?fit=1200%2C797&ssl=1&resize=350%2C200","width":350,"height":200,"srcset":"https:\/\/i0.wp.com\/noticiasribeiraopreto.com.br\/wp-content\/uploads\/2025\/04\/praia-grande_2025-04-08_16-14-09_jpg_2025-04-08_16-14-09.webp.webp?fit=1200%2C797&ssl=1&resize=350%2C200 1x, https:\/\/i0.wp.com\/noticiasribeiraopreto.com.br\/wp-content\/uploads\/2025\/04\/praia-grande_2025-04-08_16-14-09_jpg_2025-04-08_16-14-09.webp.webp?fit=1200%2C797&ssl=1&resize=525%2C300 1.5x, https:\/\/i0.wp.com\/noticiasribeiraopreto.com.br\/wp-content\/uploads\/2025\/04\/praia-grande_2025-04-08_16-14-09_jpg_2025-04-08_16-14-09.webp.webp?fit=1200%2C797&ssl=1&resize=700%2C400 2x, https:\/\/i0.wp.com\/noticiasribeiraopreto.com.br\/wp-content\/uploads\/2025\/04\/praia-grande_2025-04-08_16-14-09_jpg_2025-04-08_16-14-09.webp.webp?fit=1200%2C797&ssl=1&resize=1050%2C600 3x"},"classes":[]},{"id":22076,"url":"https:\/\/noticiasribeiraopreto.com.br\/index.php\/2023\/12\/29\/praias-improprias-para-banho-em-sp-no-ano-novo-veja-lista\/","url_meta":{"origin":11733,"position":4},"title":"Praias impr\u00f3prias para banho em SP no Ano Novo: veja lista","author":"noticiasribeiraopreto.com.br","date":"29 de December de 2023","format":false,"excerpt":"O litoral paulista tem 33 praias impr\u00f3prias para banho de mar, conforme relat\u00f3rio de balneabilidade divulgado pela Companhia Ambiental do Estado de S\u00e3o Paulo (Cetesb). Assim como na semana passada, Praia Grande, no litoral sul, e Ubatuba, no litoral norte, s\u00e3o as cidades com maior n\u00famero de praias com balneabilidade\u2026","rel":"","context":"In &quot;Variedades&quot;","block_context":{"text":"Variedades","link":"https:\/\/noticiasribeiraopreto.com.br\/index.php\/category\/variedades\/"},"img":{"alt_text":"","src":"https:\/\/i0.wp.com\/noticiasribeiraopreto.com.br\/wp-content\/uploads\/2023\/12\/praia-canto-forte-praia-grande-rogerio-cassemiro-mtur.jpg?fit=1200%2C638&ssl=1&resize=350%2C200","width":350,"height":200,"srcset":"https:\/\/i0.wp.com\/noticiasribeiraopreto.com.br\/wp-content\/uploads\/2023\/12\/praia-canto-forte-praia-grande-rogerio-cassemiro-mtur.jpg?fit=1200%2C638&ssl=1&resize=350%2C200 1x, https:\/\/i0.wp.com\/noticiasribeiraopreto.com.br\/wp-content\/uploads\/2023\/12\/praia-canto-forte-praia-grande-rogerio-cassemiro-mtur.jpg?fit=1200%2C638&ssl=1&resize=525%2C300 1.5x, https:\/\/i0.wp.com\/noticiasribeiraopreto.com.br\/wp-content\/uploads\/2023\/12\/praia-canto-forte-praia-grande-rogerio-cassemiro-mtur.jpg?fit=1200%2C638&ssl=1&resize=700%2C400 2x, https:\/\/i0.wp.com\/noticiasribeiraopreto.com.br\/wp-content\/uploads\/2023\/12\/praia-canto-forte-praia-grande-rogerio-cassemiro-mtur.jpg?fit=1200%2C638&ssl=1&resize=1050%2C600 3x"},"classes":[]},{"id":17628,"url":"https:\/\/noticiasribeiraopreto.com.br\/index.php\/2023\/12\/18\/8-praias-de-praia-grande-estao-improprias-pra-banho\/","url_meta":{"origin":11733,"position":5},"title":"8 praias de Praia Grande est\u00e3o impr\u00f3prias pra banho","author":"noticiasribeiraopreto.com.br","date":"18 de December de 2023","format":false,"excerpt":"Caso voc\u00ea esteja se preparando para um dia agrad\u00e1vel de calor em Praia Grande, munic\u00edpio no litoral sul do estado de S\u00e3o Paulo, \u00e9 essencial que se tome algumas precau\u00e7\u00f5es antes de mergulhar nas \u00e1guas do mar. Isso porque, segundo o levantamento cont\u00ednuo da Companhia Ambiental do Estado de S\u00e3o\u2026","rel":"","context":"In &quot;Variedades&quot;","block_context":{"text":"Variedades","link":"https:\/\/noticiasribeiraopreto.com.br\/index.php\/category\/variedades\/"},"img":{"alt_text":"","src":"https:\/\/i0.wp.com\/noticiasribeiraopreto.com.br\/wp-content\/uploads\/2023\/12\/praia-grande-scaled.jpg?fit=1200%2C638&ssl=1&resize=350%2C200","width":350,"height":200,"srcset":"https:\/\/i0.wp.com\/noticiasribeiraopreto.com.br\/wp-content\/uploads\/2023\/12\/praia-grande-scaled.jpg?fit=1200%2C638&ssl=1&resize=350%2C200 1x, https:\/\/i0.wp.com\/noticiasribeiraopreto.com.br\/wp-content\/uploads\/2023\/12\/praia-grande-scaled.jpg?fit=1200%2C638&ssl=1&resize=525%2C300 1.5x, https:\/\/i0.wp.com\/noticiasribeiraopreto.com.br\/wp-content\/uploads\/2023\/12\/praia-grande-scaled.jpg?fit=1200%2C638&ssl=1&resize=700%2C400 2x, https:\/\/i0.wp.com\/noticiasribeiraopreto.com.br\/wp-content\/uploads\/2023\/12\/praia-grande-scaled.jpg?fit=1200%2C638&ssl=1&resize=1050%2C600 3x"},"classes":[]}],"jetpack_sharing_enabled":true,"jetpack_shortlink":"https:\/\/wp.me\/peQAOb-33f","_links":{"self":[{"href":"https:\/\/noticiasribeiraopreto.com.br\/index.php\/wp-json\/wp\/v2\/posts\/11733","targetHints":{"allow":["GET"]}}],"collection":[{"href":"https:\/\/noticiasribeiraopreto.com.br\/index.php\/wp-json\/wp\/v2\/posts"}],"about":[{"href":"https:\/\/noticiasribeiraopreto.com.br\/index.php\/wp-json\/wp\/v2\/types\/post"}],"author":[{"embeddable":true,"href":"https:\/\/noticiasribeiraopreto.com.br\/index.php\/wp-json\/wp\/v2\/users\/1"}],"replies":[{"embeddable":true,"href":"https:\/\/noticiasribeiraopreto.com.br\/index.php\/wp-json\/wp\/v2\/comments?post=11733"}],"version-history":[{"count":0,"href":"https:\/\/noticiasribeiraopreto.com.br\/index.php\/wp-json\/wp\/v2\/posts\/11733\/revisions"}],"wp:featuredmedia":[{"embeddable":true,"href":"https:\/\/noticiasribeiraopreto.com.br\/index.php\/wp-json\/wp\/v2\/media\/11734"}],"wp:attachment":[{"href":"https:\/\/noticiasribeiraopreto.com.br\/index.php\/wp-json\/wp\/v2\/media?parent=11733"}],"wp:term":[{"taxonomy":"category","embeddable":true,"href":"https:\/\/noticiasribeiraopreto.com.br\/index.php\/wp-json\/wp\/v2\/categories?post=11733"},{"taxonomy":"post_tag","embeddable":true,"href":"https:\/\/noticiasribeiraopreto.com.br\/index.php\/wp-json\/wp\/v2\/tags?post=11733"}],"curies":[{"name":"wp","href":"https:\/\/api.w.org\/{rel}","templated":true}]}}