{"id":11781,"date":"2023-12-06T20:11:05","date_gmt":"2023-12-06T23:11:05","guid":{"rendered":"https:\/\/noticiasribeiraopreto.com.br\/index.php\/2023\/12\/06\/sabesp-privatizacao-tarifa-e-expansao-do-saneamento-entenda-os-pros-e-contras-2\/"},"modified":"2023-12-06T20:11:05","modified_gmt":"2023-12-06T23:11:05","slug":"sabesp-privatizacao-tarifa-e-expansao-do-saneamento-entenda-os-pros-e-contras-2","status":"publish","type":"post","link":"https:\/\/noticiasribeiraopreto.com.br\/index.php\/2023\/12\/06\/sabesp-privatizacao-tarifa-e-expansao-do-saneamento-entenda-os-pros-e-contras-2\/","title":{"rendered":"Sabesp: privatiza\u00e7\u00e3o, tarifa e expans\u00e3o do saneamento: entenda os pr\u00f3s e contras"},"content":{"rendered":"<div class='code-block code-block-1' style='margin: 8px 0 8px auto; text-align: right; display: block; clear: both;'>\n<p><a href=\"https:\/\/wa.link\/vpicfd\"><img data-recalc-dims=\"1\" class=\"wp-image-4922\" style=\"aspect-ratio: 2.0253164556962027; width: 561px; height: auto;\" src=\"https:\/\/i0.wp.com\/ismaelcolosi.com.br\/wp-content\/uploads\/2023\/11\/grupo-de-empregos-whatsapp-e-facebook-ismael-colosi-vagas.jpg?ssl=1\" alt=\"\" \/><\/a><\/p>\n<!-- \/wp:image -->\n<\/div>\n<p> <br \/>\n<\/p>\n<div> <head><noscript\/><meta name=\"viewport\" content=\"width=0\"\/> <meta charset=\"UTF-8\"\/>  <meta http-equiv=\"X-UA-Compatible\" content=\"IE=edge\"\/> <link rel=\"profile\" href=\"https:\/\/gmpg.org\/xfn\/11\"\/>  <meta name=\"robots\" content=\"index, follow, max-image-preview:large, max-snippet:-1, max-video-preview:-1\"\/>  <title>Sabesp: privatiza\u00e7\u00e3o, tarifa e expans\u00e3o do saneamento: entenda os pr\u00f3s e contras &#8211; Ismael Colosi<\/title> <link rel=\"canonical\" href=\"https:\/\/ismaelcolosi.com.br\/sabesp-privatizacao-tarifa-e-expansao-do-saneamento-entenda-os-pros-e-contras\/\"\/> <meta property=\"og:locale\" content=\"pt_BR\"\/> <meta property=\"og:type\" content=\"article\"\/> <meta property=\"og:title\" content=\"Sabesp: privatiza\u00e7\u00e3o, tarifa e expans\u00e3o do saneamento: entenda os pr\u00f3s e contras - Ismael Colosi\"\/> <meta property=\"og:description\" content=\"Vota\u00e7\u00e3o da privatiza\u00e7\u00e3o da Sabesp estava prevista para esta quarta-feira (6), mas foi suspensa na Alesp ap\u00f3s confronto entre PMs e manifestantes Source link IFRAME...\"\/> <meta property=\"og:url\" content=\"https:\/\/ismaelcolosi.com.br\/sabesp-privatizacao-tarifa-e-expansao-do-saneamento-entenda-os-pros-e-contras\/\"\/> <meta property=\"og:site_name\" content=\"Ismael Colosi\"\/> <meta property=\"article:published_time\" content=\"2023-12-06T22:59:16+00:00\"\/> <meta property=\"og:image\" content=\"https:\/\/jcconcursos.uol.com.br\/media\/uploads\/noticia\/sabesp-sp-novo-google-maps.jpg\"\/> <meta name=\"author\" content=\"administrador\"\/> <meta name=\"twitter:card\" content=\"summary_large_image\"\/> <meta name=\"twitter:label1\" content=\"Escrito por\"\/> <meta name=\"twitter:data1\" content=\"administrador\"\/>   <link rel=\"dns-prefetch\" href=\"https:\/\/mliq9rbhanfv.i.optimole.com\"\/> <link rel=\"dns-prefetch\" href=\"https:\/\/pagead2.googlesyndication.com\"\/> <link rel=\"preconnect\" href=\"https:\/\/mliq9rbhanfv.i.optimole.com\"\/> <link rel=\"alternate\" type=\"application\/rss+xml\" title=\"Feed para   Ismael Colosi \u00bb\" href=\"https:\/\/ismaelcolosi.com.br\/feed\/\"\/> <link rel=\"alternate\" type=\"application\/rss+xml\" title=\"Feed de coment\u00e1rios para   Ismael Colosi \u00bb\" href=\"https:\/\/ismaelcolosi.com.br\/comments\/feed\/\"\/> <link rel=\"alternate\" type=\"application\/rss+xml\" title=\"Feed de coment\u00e1rios para   Ismael Colosi \u00bb Sabesp: privatiza\u00e7\u00e3o, tarifa e expans\u00e3o do saneamento: entenda os pr\u00f3s e contras\" href=\"https:\/\/ismaelcolosi.com.br\/sabesp-privatizacao-tarifa-e-expansao-do-saneamento-entenda-os-pros-e-contras\/feed\/\"\/>   <link rel=\"stylesheet\" id=\"wp-block-library-css\" href=\"https:\/\/ismaelcolosi.com.br\/wp-includes\/css\/dist\/block-library\/style.min.css?ver=6.4.2\" media=\"print\" onload=\"this.media=\" all=\"\"\/><noscript><link rel=\"stylesheet\" id=\"wp-block-library-css\" href=\"https:\/\/ismaelcolosi.com.br\/wp-includes\/css\/dist\/block-library\/style.min.css?ver=6.4.2\" media=\"all\"\/><\/noscript>   <link rel=\"stylesheet\" href=\"https:\/\/ismaelcolosi.com.br\/s\/de9c2b.css\" media=\"print\" onload=\"this.media=\" all=\"\"\/><noscript><link rel=\"stylesheet\" href=\"https:\/\/ismaelcolosi.com.br\/s\/de9c2b.css\"\/><\/noscript> <link rel=\"stylesheet\" id=\"spab-front-end-style-css\" href=\"https:\/\/ismaelcolosi.com.br\/wp-content\/plugins\/social-pug-author-box\/assets\/css\/style-front-end.css?ver=6.4.2\" media=\"print\" onload=\"this.media=\" all=\"\"\/><noscript><link rel=\"stylesheet\" id=\"spab-front-end-style-css\" href=\"https:\/\/ismaelcolosi.com.br\/wp-content\/plugins\/social-pug-author-box\/assets\/css\/style-front-end.css?ver=6.4.2\" media=\"all\"\/><\/noscript> <link rel=\"stylesheet\" id=\"wp_automatic_gallery_style-css\" href=\"https:\/\/ismaelcolosi.com.br\/wp-content\/plugins\/wp-automatic\/css\/wp-automatic.css?ver=1.0.0\" media=\"print\" onload=\"this.media=\" all=\"\"\/><noscript><link rel=\"stylesheet\" id=\"wp_automatic_gallery_style-css\" href=\"https:\/\/ismaelcolosi.com.br\/wp-content\/plugins\/wp-automatic\/css\/wp-automatic.css?ver=1.0.0\" media=\"all\"\/><\/noscript> <link rel=\"stylesheet\" id=\"cmplz-general-css\" href=\"https:\/\/ismaelcolosi.com.br\/wp-content\/plugins\/complianz-gdpr\/assets\/css\/cookieblocker.min.css?ver=6.5.5\" media=\"print\" onload=\"this.media=\" all=\"\"\/><noscript><link rel=\"stylesheet\" id=\"cmplz-general-css\" href=\"https:\/\/ismaelcolosi.com.br\/wp-content\/plugins\/complianz-gdpr\/assets\/css\/cookieblocker.min.css?ver=6.5.5\" media=\"all\"\/><\/noscript> <link rel=\"stylesheet\" id=\"really-simple-style-css\" href=\"https:\/\/ismaelcolosi.com.br\/wp-content\/themes\/really-simple\/style.css?ver=1.3.0\" media=\"print\" onload=\"this.media=\"\/><noscript><link rel=\"stylesheet\" id=\"really-simple-style-css\" href=\"https:\/\/ismaelcolosi.com.br\/wp-content\/themes\/really-simple\/style.css?ver=1.3.0\" media=\"\"\/><\/noscript>      <link rel=\"https:\/\/api.w.org\/\" href=\"https:\/\/ismaelcolosi.com.br\/wp-json\/\"\/><link rel=\"alternate\" type=\"application\/json\" href=\"https:\/\/ismaelcolosi.com.br\/wp-json\/wp\/v2\/posts\/10829\"\/><link rel=\"EditURI\" type=\"application\/rsd+xml\" title=\"RSD\" href=\"https:\/\/ismaelcolosi.com.br\/xmlrpc.php?rsd\"\/> <meta name=\"generator\" content=\"WordPress 6.4.2\"\/> <link rel=\"shortlink\" href=\"https:\/\/ismaelcolosi.com.br\/?p=10829\"\/> <link rel=\"alternate\" type=\"application\/json+oembed\" href=\"https:\/\/ismaelcolosi.com.br\/wp-json\/oembed\/1.0\/embed?url=https%3A%2F%2Fismaelcolosi.com.br%2Fsabesp-privatizacao-tarifa-e-expansao-do-saneamento-entenda-os-pros-e-contras%2F\"\/> <link rel=\"alternate\" type=\"text\/xml+oembed\" href=\"https:\/\/ismaelcolosi.com.br\/wp-json\/oembed\/1.0\/embed?url=https%3A%2F%2Fismaelcolosi.com.br%2Fsabesp-privatizacao-tarifa-e-expansao-do-saneamento-entenda-os-pros-e-contras%2F&amp;format=xml\"\/>     <meta name=\"generator\" content=\"Site Kit by Google 1.115.0\"\/><link rel=\"alternate\" type=\"text\/html\" media=\"only screen and (max-width: 640px)\" href=\"https:\/\/ismaelcolosi.com.br\/sabesp-privatizacao-tarifa-e-expansao-do-saneamento-entenda-os-pros-e-contras\/?amp=1\"\/><meta name=\"google-site-verification\" content=\"wdDWNNvFdK0Uq9firAHimyBy4bnZNpHgKUqny3AS9zc\"\/>  <meta name=\"google-adsense-platform-account\" content=\"ca-host-pub-2644536267352236\"\/> <meta name=\"google-adsense-platform-domain\" content=\"sitekit.withgoogle.com\"\/>  <link rel=\"amphtml\" href=\"https:\/\/ismaelcolosi.com.br\/sabesp-privatizacao-tarifa-e-expansao-do-saneamento-entenda-os-pros-e-contras\/?amp=1\"\/><meta name=\"generator\" content=\"Optimole 3.11.3\"\/>      <link rel=\"icon\" href=\"https:\/\/mliq9rbhanfv.i.optimole.com\/w:32\/h:32\/q:mauto\/f:best\/https:\/\/ismaelcolosi.com.br\/wp-content\/uploads\/2023\/04\/cropped-ismael-colosi-foto-perfil-2.jpg\" sizes=\"32x32\"\/> <link rel=\"icon\" href=\"https:\/\/mliq9rbhanfv.i.optimole.com\/w:192\/h:192\/q:mauto\/f:best\/https:\/\/ismaelcolosi.com.br\/wp-content\/uploads\/2023\/04\/cropped-ismael-colosi-foto-perfil-2.jpg\" sizes=\"192x192\"\/> <link rel=\"apple-touch-icon\" href=\"https:\/\/mliq9rbhanfv.i.optimole.com\/w:180\/h:180\/q:mauto\/f:best\/https:\/\/ismaelcolosi.com.br\/wp-content\/uploads\/2023\/04\/cropped-ismael-colosi-foto-perfil-2.jpg\"\/> <meta name=\"msapplication-TileImage\" content=\"https:\/\/mliq9rbhanfv.i.optimole.com\/w:270\/h:270\/q:mauto\/f:best\/https:\/\/ismaelcolosi.com.br\/wp-content\/uploads\/2023\/04\/cropped-ismael-colosi-foto-perfil-2.jpg\"\/>  <\/head> <body data-cmplz=\"1\" class=\"post-template-default single single-post postid-10829 single-format-standard wp-custom-logo aa-prefix-ismae-\" id=\"wp_automatic_ReadabilityBody\"> <a class=\"screen-reader-text skip-link\" href=\"#main\">Pular para o conte\u00fado<\/a>      <\/p>\n<div id=\"cmplz-cookiebanner-container\">\n<div class=\"cmplz-cookiebanner cmplz-hidden banner-1 optin cmplz-bottom-right cmplz-categories-type-view-preferences\" aria-modal=\"true\" data-nosnippet=\"true\" role=\"dialog\" aria-live=\"polite\" aria-labelledby=\"cmplz-header-1-optin\" aria-describedby=\"cmplz-message-1-optin\">\n<div class=\"cmplz-body\">\n<p>Para fornecer as melhores experi\u00eancias, usamos tecnologias como cookies para armazenar e\/ou acessar informa\u00e7\u00f5es do dispositivo. O consentimento para essas tecnologias nos permitir\u00e1 processar dados como comportamento de navega\u00e7\u00e3o ou IDs exclusivos neste site. N\u00e3o consentir ou retirar o consentimento pode afetar negativamente certos recursos e fun\u00e7\u00f5es.<\/p>\n<div class=\"cmplz-categories\">\n<details class=\"cmplz-category cmplz-functional\">\n<summary>  <\/summary>\n<p> <span class=\"cmplz-description-functional\">O armazenamento ou acesso t\u00e9cnico \u00e9 estritamente necess\u00e1rio para a finalidade leg\u00edtima de permitir a utiliza\u00e7\u00e3o de um servi\u00e7o espec\u00edfico explicitamente solicitado pelo assinante ou utilizador, ou com a finalidade exclusiva de efetuar a transmiss\u00e3o de uma comunica\u00e7\u00e3o atrav\u00e9s de uma rede de comunica\u00e7\u00f5es eletr\u00f3nicas.<\/span> <\/p>\n<\/details>\n<details class=\"cmplz-category cmplz-preferences\">\n<summary>  <\/summary>\n<p> <span class=\"cmplz-description-preferences\">O armazenamento ou acesso t\u00e9cnico \u00e9 necess\u00e1rio para o prop\u00f3sito leg\u00edtimo de armazenar prefer\u00eancias que n\u00e3o s\u00e3o solicitadas pelo assinante ou usu\u00e1rio.<\/span> <\/p>\n<\/details>\n<details class=\"cmplz-category cmplz-statistics\">\n<summary>  <\/summary>\n<p> <span class=\"cmplz-description-statistics\">O armazenamento ou acesso t\u00e9cnico que \u00e9 usado exclusivamente para fins estat\u00edsticos.<\/span> <span class=\"cmplz-description-statistics-anonymous\">O armazenamento t\u00e9cnico ou acesso que \u00e9 usado exclusivamente para fins estat\u00edsticos an\u00f4nimos. Sem uma intima\u00e7\u00e3o, conformidade volunt\u00e1ria por parte de seu provedor de servi\u00e7os de Internet ou registros adicionais de terceiros, as informa\u00e7\u00f5es armazenadas ou recuperadas apenas para esse fim geralmente n\u00e3o podem ser usadas para identific\u00e1-lo.<\/span> <\/p>\n<\/details>\n<details class=\"cmplz-category cmplz-marketing\">\n<summary>  <\/summary>\n<p> <span class=\"cmplz-description-marketing\">O armazenamento ou acesso t\u00e9cnico \u00e9 necess\u00e1rio para criar perfis de usu\u00e1rio para enviar publicidade ou para rastrear o usu\u00e1rio em um site ou em v\u00e1rios sites para fins de marketing semelhantes.<\/span> <\/p>\n<\/details><\/div>\n<\/p><\/div>\n<\/p><\/div>\n<\/p><\/div>\n<p><button class=\"cmplz-btn cmplz-hidden cmplz-manage-consent manage-consent-1\">Gerenciar o consentimento<\/button> <\/p>\n<p>        <\/body> <\/div>\n<p><br \/>\n<br \/><a href=\"https:\/\/ismaelcolosi.com.br\/sabesp-privatizacao-tarifa-e-expansao-do-saneamento-entenda-os-pros-e-contras\/\">Source link <\/a><\/p>\n<!-- CONTENT END 1 -->\n","protected":false},"excerpt":{"rendered":"<p>Sabesp: privatiza\u00e7\u00e3o, tarifa e expans\u00e3o do saneamento: entenda os pr\u00f3s e contras &#8211; Ismael Colosi Pular para o conte\u00fado Para fornecer as melhores experi\u00eancias, usamos&#8230;<\/p>\n","protected":false},"author":1,"featured_media":11782,"comment_status":"open","ping_status":"open","sticky":false,"template":"","format":"standard","meta":{"advanced_seo_description":"","jetpack_seo_html_title":"","jetpack_seo_noindex":false,"jetpack_post_was_ever_published":false,"_jetpack_newsletter_access":"","_jetpack_dont_email_post_to_subs":false,"_jetpack_newsletter_tier_id":0,"_jetpack_memberships_contains_paywalled_content":false,"_jetpack_memberships_contains_paid_content":false,"footnotes":"","jetpack_publicize_message":"","jetpack_publicize_feature_enabled":true,"jetpack_social_post_already_shared":true,"jetpack_social_options":{"image_generator_settings":{"template":"highway","default_image_id":0,"font":"","enabled":false},"version":2}},"categories":[7],"tags":[],"class_list":["post-11781","post","type-post","status-publish","format-standard","has-post-thumbnail","hentry","category-vagas-de-empregos-em-ribeirao-preto-regiao-brasil"],"jetpack_publicize_connections":[],"jetpack_featured_media_url":"https:\/\/i0.wp.com\/noticiasribeiraopreto.com.br\/wp-content\/uploads\/2023\/12\/sabesp-sp-novo-google-maps.jpg?fit=1920%2C1080&ssl=1","jetpack-related-posts":[{"id":11882,"url":"https:\/\/noticiasribeiraopreto.com.br\/index.php\/2023\/12\/07\/dia-historico-para-sao-paulo-comemora-o-governador-tarcisio-freitas-2\/","url_meta":{"origin":11781,"position":0},"title":"&#8220;Dia hist\u00f3rico para S\u00e3o Paulo&#8221;, comemora o governador Tarc\u00edsio Freitas","author":"noticiasribeiraopreto.com.br","date":"7 de December de 2023","format":false,"excerpt":"Aconteceu: a Sabesp foi privatizada. Nesta quarta-feira, dia 6 de dezembro, com uma vota\u00e7\u00e3o expressiva de 62 votos a favor e apenas um contr\u00e1rio, da delegada Graciela (PL), a Assembleia Legislativa aprovou a privatiza\u00e7\u00e3o da Companhia de Saneamento B\u00e1sico do Estado de S\u00e3o Paulo (Sabesp). Era necess\u00e1rios apenas 48 votos\u2026","rel":"","context":"In &quot;Vagas de Emprego em Ribeir\u00e3o Preto-SP&quot;","block_context":{"text":"Vagas de Emprego em Ribeir\u00e3o Preto-SP","link":"https:\/\/noticiasribeiraopreto.com.br\/index.php\/category\/empregos-classificados-vagas-trabalho\/vagas-de-empregos-em-ribeirao-preto-regiao-brasil\/"},"img":{"alt_text":"","src":"https:\/\/i0.wp.com\/noticiasribeiraopreto.com.br\/wp-content\/uploads\/2023\/12\/tarcisio_de_freitas_sao_paulo__-_canvajc_concursos.jpg?fit=1200%2C675&ssl=1&resize=350%2C200","width":350,"height":200,"srcset":"https:\/\/i0.wp.com\/noticiasribeiraopreto.com.br\/wp-content\/uploads\/2023\/12\/tarcisio_de_freitas_sao_paulo__-_canvajc_concursos.jpg?fit=1200%2C675&ssl=1&resize=350%2C200 1x, https:\/\/i0.wp.com\/noticiasribeiraopreto.com.br\/wp-content\/uploads\/2023\/12\/tarcisio_de_freitas_sao_paulo__-_canvajc_concursos.jpg?fit=1200%2C675&ssl=1&resize=525%2C300 1.5x, https:\/\/i0.wp.com\/noticiasribeiraopreto.com.br\/wp-content\/uploads\/2023\/12\/tarcisio_de_freitas_sao_paulo__-_canvajc_concursos.jpg?fit=1200%2C675&ssl=1&resize=700%2C400 2x, https:\/\/i0.wp.com\/noticiasribeiraopreto.com.br\/wp-content\/uploads\/2023\/12\/tarcisio_de_freitas_sao_paulo__-_canvajc_concursos.jpg?fit=1200%2C675&ssl=1&resize=1050%2C600 3x"},"classes":[]},{"id":11799,"url":"https:\/\/noticiasribeiraopreto.com.br\/index.php\/2023\/12\/06\/alesp-aprova-pl-da-privatizacao-da-sabesp-sbsp3\/","url_meta":{"origin":11781,"position":1},"title":"Alesp aprova PL da privatiza\u00e7\u00e3o da Sabesp (SBSP3)","author":"noticiasribeiraopreto.com.br","date":"6 de December de 2023","format":false,"excerpt":"A Assembleia Legislativa do Estado de S\u00e3o Paulo (Alesp) acaba de aprovar por 62 votos a favor e um contra o projeto de lei (PL) n\u00ba 1.501\/2023 que autoriza o Executivo estadual a privatizar a companhia de \u00e1guas do estado, a Sabesp (SBSP3). Assim, o governador de S\u00e3o Paulo, Tarcisio\u2026","rel":"","context":"In &quot;Dinheiro e Investimento&quot;","block_context":{"text":"Dinheiro e Investimento","link":"https:\/\/noticiasribeiraopreto.com.br\/index.php\/category\/dinheiro-e-investimento-como-fazer-como-ganhar\/"},"img":{"alt_text":"","src":"https:\/\/i0.wp.com\/noticiasribeiraopreto.com.br\/wp-content\/uploads\/2023\/12\/Tarcisio-de-Freitas-governador-de-Sao-Paulo-quer-aprovar-privatizacao-da-Sabesp-mas-caso-Enel-pesa1-715x402.jpg?fit=715%2C402&ssl=1&resize=350%2C200","width":350,"height":200,"srcset":"https:\/\/i0.wp.com\/noticiasribeiraopreto.com.br\/wp-content\/uploads\/2023\/12\/Tarcisio-de-Freitas-governador-de-Sao-Paulo-quer-aprovar-privatizacao-da-Sabesp-mas-caso-Enel-pesa1-715x402.jpg?fit=715%2C402&ssl=1&resize=350%2C200 1x, https:\/\/i0.wp.com\/noticiasribeiraopreto.com.br\/wp-content\/uploads\/2023\/12\/Tarcisio-de-Freitas-governador-de-Sao-Paulo-quer-aprovar-privatizacao-da-Sabesp-mas-caso-Enel-pesa1-715x402.jpg?fit=715%2C402&ssl=1&resize=525%2C300 1.5x, https:\/\/i0.wp.com\/noticiasribeiraopreto.com.br\/wp-content\/uploads\/2023\/12\/Tarcisio-de-Freitas-governador-de-Sao-Paulo-quer-aprovar-privatizacao-da-Sabesp-mas-caso-Enel-pesa1-715x402.jpg?fit=715%2C402&ssl=1&resize=700%2C400 2x"},"classes":[]},{"id":12712,"url":"https:\/\/noticiasribeiraopreto.com.br\/index.php\/2023\/12\/08\/deputados-autorizam-privatizacao-da-sabesp\/","url_meta":{"origin":11781,"position":2},"title":"Deputados autorizam privatiza\u00e7\u00e3o da Sabesp\u00a0","author":"noticiasribeiraopreto.com.br","date":"8 de December de 2023","format":false,"excerpt":"8 de dezembro de 2023 | 13:008 de dezembro de 2023 | 8:54 0Em uma sess\u00e3o esvaziada ap\u00f3s confronto de Policiais Militares com manifestantes, a base aliada do governador Tarc\u00edsio de Freitas (Republicanos) aprovou na Assembleia Legislativa de S\u00e3o Paulo (Alesp) a privatiza\u00e7\u00e3o da Companhia de Saneamento B\u00e1sico do Estado\u2026","rel":"","context":"In &quot;Not\u00edcias de Ribeir\u00e3o Preto-SP e Regi\u00e3o&quot;","block_context":{"text":"Not\u00edcias de Ribeir\u00e3o Preto-SP e Regi\u00e3o","link":"https:\/\/noticiasribeiraopreto.com.br\/index.php\/category\/noticias-de-ribeirao-preto-sp-e-regiao-ismael-colosi\/"},"img":{"alt_text":"","src":"https:\/\/i0.wp.com\/noticiasribeiraopreto.com.br\/wp-content\/uploads\/2023\/12\/Sabesp-scaled.jpg?fit=1000%2C602&ssl=1&resize=350%2C200","width":350,"height":200,"srcset":"https:\/\/i0.wp.com\/noticiasribeiraopreto.com.br\/wp-content\/uploads\/2023\/12\/Sabesp-scaled.jpg?fit=1000%2C602&ssl=1&resize=350%2C200 1x, https:\/\/i0.wp.com\/noticiasribeiraopreto.com.br\/wp-content\/uploads\/2023\/12\/Sabesp-scaled.jpg?fit=1000%2C602&ssl=1&resize=525%2C300 1.5x, https:\/\/i0.wp.com\/noticiasribeiraopreto.com.br\/wp-content\/uploads\/2023\/12\/Sabesp-scaled.jpg?fit=1000%2C602&ssl=1&resize=700%2C400 2x"},"classes":[]},{"id":17425,"url":"https:\/\/noticiasribeiraopreto.com.br\/index.php\/2023\/12\/18\/apos-ter-privatizacao-aprovada-sabesp-sbsp3-divulga-plano-de-investimento-de-r-474-bilhoes-ate-2028\/","url_meta":{"origin":11781,"position":3},"title":"Ap\u00f3s ter privatiza\u00e7\u00e3o aprovada, Sabesp (SBSP3) divulga plano de investimento de R$ 47,4 bilh\u00f5es at\u00e9 2028","author":"noticiasribeiraopreto.com.br","date":"18 de December de 2023","format":false,"excerpt":"Menos de duas semanas ap\u00f3s a Assembleia Legislativa do Estado de S\u00e3o Paulo (Alesp) aprovar o projeto de lei (PL) que permite a privatiza\u00e7\u00e3o da companhia de \u00e1guas de S\u00e3o Paulo, a Sabesp (SBSP3) divulgou seu plano de investimentos para o quadri\u00eanio 2024 - 2028.\u00a0 Em comunicado ao mercado, o\u2026","rel":"","context":"In &quot;Dinheiro e Investimento&quot;","block_context":{"text":"Dinheiro e Investimento","link":"https:\/\/noticiasribeiraopreto.com.br\/index.php\/category\/dinheiro-e-investimento-como-fazer-como-ganhar\/"},"img":{"alt_text":"","src":"https:\/\/i0.wp.com\/noticiasribeiraopreto.com.br\/wp-content\/uploads\/2023\/12\/2-715x402.jpg?fit=715%2C402&ssl=1&resize=350%2C200","width":350,"height":200,"srcset":"https:\/\/i0.wp.com\/noticiasribeiraopreto.com.br\/wp-content\/uploads\/2023\/12\/2-715x402.jpg?fit=715%2C402&ssl=1&resize=350%2C200 1x, https:\/\/i0.wp.com\/noticiasribeiraopreto.com.br\/wp-content\/uploads\/2023\/12\/2-715x402.jpg?fit=715%2C402&ssl=1&resize=525%2C300 1.5x, https:\/\/i0.wp.com\/noticiasribeiraopreto.com.br\/wp-content\/uploads\/2023\/12\/2-715x402.jpg?fit=715%2C402&ssl=1&resize=700%2C400 2x"},"classes":[]},{"id":12871,"url":"https:\/\/noticiasribeiraopreto.com.br\/index.php\/2023\/12\/08\/novo-campo-de-batalha-para-privatizacao-da-sabesp-sbsp3-camara-de-sp-pode-atrapalhar-planos-de-tarcisio-freitas-para-a-empresa\/","url_meta":{"origin":11781,"position":4},"title":"Novo campo de batalha para privatiza\u00e7\u00e3o da Sabesp (SBSP3)? C\u00e2mara de SP pode atrapalhar planos de Tarc\u00edsio Freitas para a empresa","author":"noticiasribeiraopreto.com.br","date":"8 de December de 2023","format":false,"excerpt":"Mesmo com o avan\u00e7o do projeto de lei (PL) que prev\u00ea a privatiza\u00e7\u00e3o da Sabesp (SBSP3), o governador do Estado, Tarc\u00edsio de Freitas (Republicanos), ainda pode ter mais um campo de batalha para garantir o sucesso da desestatiza\u00e7\u00e3o da empresa. Na C\u00e2mara Municipal de S\u00e3o Paulo, cidade que representa 45%\u2026","rel":"","context":"In &quot;Dinheiro e Investimento&quot;","block_context":{"text":"Dinheiro e Investimento","link":"https:\/\/noticiasribeiraopreto.com.br\/index.php\/category\/dinheiro-e-investimento-como-fazer-como-ganhar\/"},"img":{"alt_text":"","src":"https:\/\/i0.wp.com\/noticiasribeiraopreto.com.br\/wp-content\/uploads\/2023\/12\/1702070117_Tarcisio-de-Freitas-governador-de-Sao-Paulo-quer-aprovar-privatizacao-da-Sabesp-mas-caso-Enel-pesa1-715x402.jpg?fit=715%2C402&ssl=1&resize=350%2C200","width":350,"height":200,"srcset":"https:\/\/i0.wp.com\/noticiasribeiraopreto.com.br\/wp-content\/uploads\/2023\/12\/1702070117_Tarcisio-de-Freitas-governador-de-Sao-Paulo-quer-aprovar-privatizacao-da-Sabesp-mas-caso-Enel-pesa1-715x402.jpg?fit=715%2C402&ssl=1&resize=350%2C200 1x, https:\/\/i0.wp.com\/noticiasribeiraopreto.com.br\/wp-content\/uploads\/2023\/12\/1702070117_Tarcisio-de-Freitas-governador-de-Sao-Paulo-quer-aprovar-privatizacao-da-Sabesp-mas-caso-Enel-pesa1-715x402.jpg?fit=715%2C402&ssl=1&resize=525%2C300 1.5x, https:\/\/i0.wp.com\/noticiasribeiraopreto.com.br\/wp-content\/uploads\/2023\/12\/1702070117_Tarcisio-de-Freitas-governador-de-Sao-Paulo-quer-aprovar-privatizacao-da-Sabesp-mas-caso-Enel-pesa1-715x402.jpg?fit=715%2C402&ssl=1&resize=700%2C400 2x"},"classes":[]},{"id":19435,"url":"https:\/\/noticiasribeiraopreto.com.br\/index.php\/2023\/12\/22\/sabesp-mais-proxima-da-privatizacao-acao-sbsp3-sobe-na-b3-apos-empresa-contratar-bancos-para-potencial-follow-on\/","url_meta":{"origin":11781,"position":5},"title":"Sabesp mais pr\u00f3xima da privatiza\u00e7\u00e3o? A\u00e7\u00e3o SBSP3 sobe na B3 ap\u00f3s empresa contratar bancos para potencial follow-on","author":"noticiasribeiraopreto.com.br","date":"22 de December de 2023","format":false,"excerpt":"J\u00e1 em ritmo de Natal, os investidores se preparam para um preg\u00e3o morno em termos de liquidez, mas animado no notici\u00e1rio financeiro. Apesar do volume de neg\u00f3cios abaixo da m\u00e9dia, uma a\u00e7\u00e3o se destaca em alta no Ibovespa nesta sexta-feira (22): a Sabesp (SBSP3). No in\u00edcio do preg\u00e3o, a a\u00e7\u00e3o\u2026","rel":"","context":"In &quot;Dinheiro e Investimento&quot;","block_context":{"text":"Dinheiro e Investimento","link":"https:\/\/noticiasribeiraopreto.com.br\/index.php\/category\/dinheiro-e-investimento-como-fazer-como-ganhar\/"},"img":{"alt_text":"","src":"https:\/\/i0.wp.com\/noticiasribeiraopreto.com.br\/wp-content\/uploads\/2023\/12\/shutterstock_1336037486-628x353.jpg?fit=628%2C353&ssl=1&resize=350%2C200","width":350,"height":200,"srcset":"https:\/\/i0.wp.com\/noticiasribeiraopreto.com.br\/wp-content\/uploads\/2023\/12\/shutterstock_1336037486-628x353.jpg?fit=628%2C353&ssl=1&resize=350%2C200 1x, https:\/\/i0.wp.com\/noticiasribeiraopreto.com.br\/wp-content\/uploads\/2023\/12\/shutterstock_1336037486-628x353.jpg?fit=628%2C353&ssl=1&resize=525%2C300 1.5x"},"classes":[]}],"jetpack_sharing_enabled":true,"jetpack_shortlink":"https:\/\/wp.me\/peQAOb-341","_links":{"self":[{"href":"https:\/\/noticiasribeiraopreto.com.br\/index.php\/wp-json\/wp\/v2\/posts\/11781","targetHints":{"allow":["GET"]}}],"collection":[{"href":"https:\/\/noticiasribeiraopreto.com.br\/index.php\/wp-json\/wp\/v2\/posts"}],"about":[{"href":"https:\/\/noticiasribeiraopreto.com.br\/index.php\/wp-json\/wp\/v2\/types\/post"}],"author":[{"embeddable":true,"href":"https:\/\/noticiasribeiraopreto.com.br\/index.php\/wp-json\/wp\/v2\/users\/1"}],"replies":[{"embeddable":true,"href":"https:\/\/noticiasribeiraopreto.com.br\/index.php\/wp-json\/wp\/v2\/comments?post=11781"}],"version-history":[{"count":0,"href":"https:\/\/noticiasribeiraopreto.com.br\/index.php\/wp-json\/wp\/v2\/posts\/11781\/revisions"}],"wp:featuredmedia":[{"embeddable":true,"href":"https:\/\/noticiasribeiraopreto.com.br\/index.php\/wp-json\/wp\/v2\/media\/11782"}],"wp:attachment":[{"href":"https:\/\/noticiasribeiraopreto.com.br\/index.php\/wp-json\/wp\/v2\/media?parent=11781"}],"wp:term":[{"taxonomy":"category","embeddable":true,"href":"https:\/\/noticiasribeiraopreto.com.br\/index.php\/wp-json\/wp\/v2\/categories?post=11781"},{"taxonomy":"post_tag","embeddable":true,"href":"https:\/\/noticiasribeiraopreto.com.br\/index.php\/wp-json\/wp\/v2\/tags?post=11781"}],"curies":[{"name":"wp","href":"https:\/\/api.w.org\/{rel}","templated":true}]}}