{"id":11785,"date":"2023-12-06T20:15:43","date_gmt":"2023-12-06T23:15:43","guid":{"rendered":"https:\/\/noticiasribeiraopreto.com.br\/index.php\/2023\/12\/06\/rodolfo-amstalden-os-gatos-nascem-pobres-e-livres\/"},"modified":"2023-12-06T20:15:43","modified_gmt":"2023-12-06T23:15:43","slug":"rodolfo-amstalden-os-gatos-nascem-pobres-e-livres","status":"publish","type":"post","link":"https:\/\/noticiasribeiraopreto.com.br\/index.php\/2023\/12\/06\/rodolfo-amstalden-os-gatos-nascem-pobres-e-livres\/","title":{"rendered":"Rodolfo Amstalden: os gatos nascem pobres e livres"},"content":{"rendered":"<div class='code-block code-block-1' style='margin: 8px 0 8px auto; text-align: right; display: block; clear: both;'>\n<p><a href=\"https:\/\/wa.link\/vpicfd\"><img data-recalc-dims=\"1\" class=\"wp-image-4922\" style=\"aspect-ratio: 2.0253164556962027; width: 561px; height: auto;\" src=\"https:\/\/i0.wp.com\/ismaelcolosi.com.br\/wp-content\/uploads\/2023\/11\/grupo-de-empregos-whatsapp-e-facebook-ismael-colosi-vagas.jpg?ssl=1\" alt=\"\" \/><\/a><\/p>\n<!-- \/wp:image -->\n<\/div>\n<p> <br \/>\n<\/p>\n<div id=\"js-first-letter\">\n<p class=\"has-text-align-right\"><em>&#8220;O meu mundo era o apartamento,<br \/>detefon, almofada e trato.<br \/>Todo dia fil\u00e9 mignon<br \/>ou mesmo um bom fil\u00e9 de gato.<br \/>Me diziam, todo momento<br \/>Fique em casa, n\u00e3o tome vento.<br \/>Mas \u00e9 duro ficar na sua<br \/>quando, \u00e0 luz da lua,<br \/>tantos gatos pela rua<br \/>toda noite v\u00e3o cantando assim&#8221;.<br \/>&#8211; Chico Buarque<\/em><\/p>\n<p>Come\u00e7o agradecendo a todos os leitores pelas mensagens gatunas que invadiram minha caixa de entrada desde a \u00faltima quarta-feira.<\/p>\n<p>A princ\u00edpio, eu tinha me planejado para dar o presente &#8220;quase perfeito&#8221; do Felipe apenas para o topo do p\u00f3dio, mas fui obrigado a reconhecer o m\u00e9rito de tr\u00eas emails recebidos, dos criativos autores Jonas M., Marco S. e Renan K.<\/p>\n<p>Os tr\u00eas fugiram elegantemente do manique\u00edsmo, conferindo aos gatos avalia\u00e7\u00f5es compat\u00edveis com a ambival\u00eancia de Schr\u00f6dinger.<\/p>\n<p>Sem mais delongas aos curiosos, o livro em quest\u00e3o \u00e9 &#8220;Filosofia Felina&#8221;, de John Gray.<\/p>\n<div class=\"wp-block-image\">\n<figure class=\"aligncenter size-full is-resized\"><img data-recalc-dims=\"1\" loading=\"lazy\" decoding=\"async\" src=\"https:\/\/i0.wp.com\/media.seudinheiro.com\/uploads\/2023\/12\/image-2.png?resize=526%2C526&#038;ssl=1\" alt=\"\" class=\"wp-image-521222\" width=\"526\" height=\"526\" srcset=\"https:\/\/media.seudinheiro.com\/uploads\/2023\/12\/image-2.png 526w, https:\/\/media.seudinheiro.com\/uploads\/2023\/12\/image-2-150x150.png 150w, https:\/\/media.seudinheiro.com\/uploads\/2023\/12\/image-2-260x260.png 260w\" sizes=\"auto, (max-width: 526px) 100vw, 526px\"\/><\/figure>\n<\/div>\n<p>Embora o autor claramente goste de gatos, trata-se de um belo livro de filosofia, capaz de combinar profundidade epistemol\u00f3gica com uma leitura prazerosa.<\/p>\n<p>Assim como em outro best-seller de Gray (&#8220;Cachorros de Palha&#8221;), a figura do animal \u00e9 usada como met\u00e1fora.<\/p>\n<p>No caso, a met\u00e1fora de um ser vivo que vive em paz consigo mesmo, contente com as atribui\u00e7\u00f5es cotidianas do of\u00edcio gatuno.<\/p>\n<p>Os gatos n\u00e3o est\u00e3o em busca de um sentido da vida, pois a vida deles j\u00e1 vem plenamente imbu\u00edda de sentido.<\/p>\n<p>Portanto, os animais vivenciam algo bem diferente da condi\u00e7\u00e3o humana \u2013 imposta pela autoconsci\u00eancia \u2013, de permanente insatisfa\u00e7\u00e3o em rela\u00e7\u00e3o ao que se \u00e9.<\/p>\n<p>As for\u00e7as naturais (ou seriam antinaturais?) que nos empurram rumo \u00e0 vontade de enriquecer e &#8220;melhorar de vida&#8221; s\u00e3o aquelas mesmas que amea\u00e7am nossa sa\u00fade mental e o equil\u00edbrio ecol\u00f3gico do planeta.<\/p>\n<p>Existe solu\u00e7\u00e3o para esse aparente paradoxo?<\/p>\n<p>John Gray n\u00e3o tem a pretens\u00e3o de propor solu\u00e7\u00f5es definitivas, mas podemos seguir as marcas de pegadas que ele deixa pelas 126 p\u00e1ginas do livro: &#8220;esque\u00e7a a busca da felicidade e, com alguma sorte, talvez voc\u00ea a encontre&#8221;.<\/p>\n<p>Se voc\u00ea n\u00e3o for capaz de viver igual a um gato, ao menos tente manter um alto grau de distra\u00e7\u00e3o em suas tarefas cotidianas, correndo atr\u00e1s de dinheiro ou de poder, lendo as not\u00edcias do jornal ou apaixonando-se como um adolescente.\u00a0<\/p>\n<p>Rosnados e lambidas eliminar\u00e3o qualquer sentimento de vazio.<\/p>\n<\/div>\n<p><br \/>\n<br \/><a href=\"https:\/\/www.seudinheiro.com\/2023\/colunistas\/rodolfo-amstalden-os-gatos-nascem-pobres-e-livres-ccgg\/\">Source link <\/a><\/p>\n<!-- CONTENT END 1 -->\n","protected":false},"excerpt":{"rendered":"<p>&#8220;O meu mundo era o apartamento,detefon, almofada e trato.Todo dia fil\u00e9 mignonou mesmo um bom fil\u00e9 de gato.Me diziam, todo momentoFique em casa, n\u00e3o tome&#8230;<\/p>\n","protected":false},"author":1,"featured_media":11786,"comment_status":"open","ping_status":"open","sticky":false,"template":"","format":"standard","meta":{"advanced_seo_description":"","jetpack_seo_html_title":"","jetpack_seo_noindex":false,"jetpack_post_was_ever_published":false,"_jetpack_newsletter_access":"","_jetpack_dont_email_post_to_subs":false,"_jetpack_newsletter_tier_id":0,"_jetpack_memberships_contains_paywalled_content":false,"_jetpack_memberships_contains_paid_content":false,"footnotes":"","jetpack_publicize_message":"","jetpack_publicize_feature_enabled":true,"jetpack_social_post_already_shared":true,"jetpack_social_options":{"image_generator_settings":{"template":"highway","default_image_id":0,"font":"","enabled":false},"version":2}},"categories":[1235],"tags":[],"class_list":["post-11785","post","type-post","status-publish","format-standard","has-post-thumbnail","hentry","category-dinheiro-e-investimento-como-fazer-como-ganhar"],"jetpack_publicize_connections":[],"jetpack_featured_media_url":"https:\/\/i0.wp.com\/noticiasribeiraopreto.com.br\/wp-content\/uploads\/2023\/12\/pexels-pixabay-35888-628x353.jpg?fit=628%2C353&ssl=1","jetpack-related-posts":[{"id":67821,"url":"https:\/\/noticiasribeiraopreto.com.br\/index.php\/2025\/04\/18\/jornal-da-franca-governo-federal-lanca-programa-gratuito-para-identificar-e-proteger-caes-e-gatos\/","url_meta":{"origin":11785,"position":0},"title":"Jornal da Franca &#8211; Governo Federal lan\u00e7a programa gratuito para identificar e proteger c\u00e3es e gatos","author":"noticiasribeiraopreto.com.br","date":"18 de April de 2025","format":false,"excerpt":"compartilhar no whatsapp compartilhar no telegram compartilhar no facebook compartilhar no linkedin Sem cobran\u00e7a de imposto ou taxa, a\u00e7\u00f5es buscam promover o controle populacional \u00e9tico de c\u00e3es e gatos e combater maus-tratos. O Governo Federal lan\u00e7a o Programa Nacional de Prote\u00e7\u00e3o e Manejo Populacional \u00c9tico de C\u00e3es e Gatos (ProPatinhas)\u2026","rel":"","context":"In &quot;Not\u00edcias de Franca-SP&quot;","block_context":{"text":"Not\u00edcias de Franca-SP","link":"https:\/\/noticiasribeiraopreto.com.br\/index.php\/category\/noticias-de-ribeirao-preto-sp-e-regiao-ismael-colosi\/noticias-franca-sp\/"},"img":{"alt_text":"","src":"https:\/\/i0.wp.com\/noticiasribeiraopreto.com.br\/wp-content\/uploads\/2025\/04\/21012.jpg?fit=1000%2C667&ssl=1&resize=350%2C200","width":350,"height":200,"srcset":"https:\/\/i0.wp.com\/noticiasribeiraopreto.com.br\/wp-content\/uploads\/2025\/04\/21012.jpg?fit=1000%2C667&ssl=1&resize=350%2C200 1x, https:\/\/i0.wp.com\/noticiasribeiraopreto.com.br\/wp-content\/uploads\/2025\/04\/21012.jpg?fit=1000%2C667&ssl=1&resize=525%2C300 1.5x, https:\/\/i0.wp.com\/noticiasribeiraopreto.com.br\/wp-content\/uploads\/2025\/04\/21012.jpg?fit=1000%2C667&ssl=1&resize=700%2C400 2x"},"classes":[]},{"id":78251,"url":"https:\/\/noticiasribeiraopreto.com.br\/index.php\/2025\/10\/07\/gcm-flagra-esquema-clandestino-de-coleta-de-sangue-de-gatos-na-regiao\/","url_meta":{"origin":11785,"position":1},"title":"GCM flagra esquema clandestino de coleta de sangue de gatos na regi\u00e3o","author":"noticiasribeiraopreto.com.br","date":"7 de October de 2025","format":false,"excerpt":"Cinco gatos estavam anestesiados para retirada de plasma felino e um deles precisou ser socorrido com urg\u00eancia 6 de outubro de 2025 11:306 de outubro de 2025 11:55101 Compartilhar3 Por: Adalberto Luque Uma investiga\u00e7\u00e3o levou a Guarda Civil Municipal e a Secretaria de Meio Ambiente, ambos de Monte Alto, at\u00e9\u2026","rel":"","context":"In &quot;Not\u00edcias de Ribeir\u00e3o Preto-SP e Regi\u00e3o&quot;","block_context":{"text":"Not\u00edcias de Ribeir\u00e3o Preto-SP e Regi\u00e3o","link":"https:\/\/noticiasribeiraopreto.com.br\/index.php\/category\/noticias-de-ribeirao-preto-sp-e-regiao-ismael-colosi\/"},"img":{"alt_text":"","src":"https:\/\/i0.wp.com\/noticiasribeiraopreto.com.br\/wp-content\/uploads\/2025\/10\/06-out-2025-sanguedegato.jpg?fit=960%2C691&ssl=1&resize=350%2C200","width":350,"height":200,"srcset":"https:\/\/i0.wp.com\/noticiasribeiraopreto.com.br\/wp-content\/uploads\/2025\/10\/06-out-2025-sanguedegato.jpg?fit=960%2C691&ssl=1&resize=350%2C200 1x, https:\/\/i0.wp.com\/noticiasribeiraopreto.com.br\/wp-content\/uploads\/2025\/10\/06-out-2025-sanguedegato.jpg?fit=960%2C691&ssl=1&resize=525%2C300 1.5x, https:\/\/i0.wp.com\/noticiasribeiraopreto.com.br\/wp-content\/uploads\/2025\/10\/06-out-2025-sanguedegato.jpg?fit=960%2C691&ssl=1&resize=700%2C400 2x"},"classes":[]},{"id":68618,"url":"https:\/\/noticiasribeiraopreto.com.br\/index.php\/2025\/04\/27\/jornal-da-franca-saiba-o-que-seu-gato-quer-dizer-quando-te-segue-pela-casa\/","url_meta":{"origin":11785,"position":2},"title":"Jornal da Franca &#8211; Saiba o que seu gato \u201cquer dizer\u201d quando te segue pela casa","author":"noticiasribeiraopreto.com.br","date":"27 de April de 2025","format":false,"excerpt":"compartilhar no whatsapp compartilhar no telegram compartilhar no facebook compartilhar no linkedin Os felinos podem seguir o tutor dentro de casa por diferentes fatores; especialistas descrevem as peculiaridades por tr\u00e1s do comportamento A \u201cpersegui\u00e7\u00e3o\u201d do seu gato tem explica\u00e7\u00e3o em uma das caracter\u00edsticas dos felinos \u2013 foto Freepik \u00a0 No\u2026","rel":"","context":"In &quot;Not\u00edcias de Franca-SP&quot;","block_context":{"text":"Not\u00edcias de Franca-SP","link":"https:\/\/noticiasribeiraopreto.com.br\/index.php\/category\/noticias-de-ribeirao-preto-sp-e-regiao-ismael-colosi\/noticias-franca-sp\/"},"img":{"alt_text":"","src":"https:\/\/i0.wp.com\/noticiasribeiraopreto.com.br\/wp-content\/uploads\/2025\/04\/gato-scaled.jpg?fit=1200%2C801&ssl=1&resize=350%2C200","width":350,"height":200,"srcset":"https:\/\/i0.wp.com\/noticiasribeiraopreto.com.br\/wp-content\/uploads\/2025\/04\/gato-scaled.jpg?fit=1200%2C801&ssl=1&resize=350%2C200 1x, https:\/\/i0.wp.com\/noticiasribeiraopreto.com.br\/wp-content\/uploads\/2025\/04\/gato-scaled.jpg?fit=1200%2C801&ssl=1&resize=525%2C300 1.5x, https:\/\/i0.wp.com\/noticiasribeiraopreto.com.br\/wp-content\/uploads\/2025\/04\/gato-scaled.jpg?fit=1200%2C801&ssl=1&resize=700%2C400 2x, https:\/\/i0.wp.com\/noticiasribeiraopreto.com.br\/wp-content\/uploads\/2025\/04\/gato-scaled.jpg?fit=1200%2C801&ssl=1&resize=1050%2C600 3x"},"classes":[]},{"id":78568,"url":"https:\/\/noticiasribeiraopreto.com.br\/index.php\/2025\/10\/13\/justica-mantem-estudante-preso-por-suspeita-de-venda-de-sangue-de-gatos-na-regiao-de-ribeirao\/","url_meta":{"origin":11785,"position":3},"title":"Justi\u00e7a mant\u00e9m estudante preso por suspeita de venda de sangue de gatos na regi\u00e3o de Ribeir\u00e3o","author":"noticiasribeiraopreto.com.br","date":"13 de October de 2025","format":false,"excerpt":"A Justi\u00e7a negou o pedido de liberdade do estudante Cleiton Fernando Torres, preso por suspeita de envolvimento em um esquema de venda de sangue de gatos, em Monte Alto, cidade na regi\u00e3o de Ribeir\u00e3o Preto. A defesa do acusado havia pedido uma liminar para que ele respondesse em liberdade. O\u2026","rel":"","context":"In &quot;Not\u00edcias de Ribeir\u00e3o Preto-SP e Regi\u00e3o&quot;","block_context":{"text":"Not\u00edcias de Ribeir\u00e3o Preto-SP e Regi\u00e3o","link":"https:\/\/noticiasribeiraopreto.com.br\/index.php\/category\/noticias-de-ribeirao-preto-sp-e-regiao-ismael-colosi\/"},"img":{"alt_text":"","src":"https:\/\/i0.wp.com\/noticiasribeiraopreto.com.br\/wp-content\/uploads\/2025\/10\/WhatsApp-Image-2025-10-13-at-20.12.45_2025-10-13_23-13-07.webp.webp?fit=842%2C516&ssl=1&resize=350%2C200","width":350,"height":200,"srcset":"https:\/\/i0.wp.com\/noticiasribeiraopreto.com.br\/wp-content\/uploads\/2025\/10\/WhatsApp-Image-2025-10-13-at-20.12.45_2025-10-13_23-13-07.webp.webp?fit=842%2C516&ssl=1&resize=350%2C200 1x, https:\/\/i0.wp.com\/noticiasribeiraopreto.com.br\/wp-content\/uploads\/2025\/10\/WhatsApp-Image-2025-10-13-at-20.12.45_2025-10-13_23-13-07.webp.webp?fit=842%2C516&ssl=1&resize=525%2C300 1.5x, https:\/\/i0.wp.com\/noticiasribeiraopreto.com.br\/wp-content\/uploads\/2025\/10\/WhatsApp-Image-2025-10-13-at-20.12.45_2025-10-13_23-13-07.webp.webp?fit=842%2C516&ssl=1&resize=700%2C400 2x"},"classes":[]},{"id":17315,"url":"https:\/\/noticiasribeiraopreto.com.br\/index.php\/2023\/12\/18\/10-motivos-cativantes-para-adotar-um-gato-em-sua-vida-meu-valor-digital\/","url_meta":{"origin":11785,"position":4},"title":"10 motivos cativantes para adotar um gato em sua vida &#8211; Meu Valor Digital","author":"noticiasribeiraopreto.com.br","date":"18 de December de 2023","format":false,"excerpt":"No vasto reino dos animais de estima\u00e7\u00e3o, os gatos ocupam um lugar especial como companheiros fi\u00e9is, misteriosos e irresistivelmente ador\u00e1veis. Enquanto o mundo acolhe uma variedade de criaturas peludas, h\u00e1 algo de singular nos felinos que os torna parceiros \u00fanicos e inesquec\u00edveis. Se voc\u00ea est\u00e1 contemplando a ideia de abrir\u2026","rel":"","context":"In &quot;Vagas de Emprego em Ribeir\u00e3o Preto-SP&quot;","block_context":{"text":"Vagas de Emprego em Ribeir\u00e3o Preto-SP","link":"https:\/\/noticiasribeiraopreto.com.br\/index.php\/category\/empregos-classificados-vagas-trabalho\/vagas-de-empregos-em-ribeirao-preto-regiao-brasil\/"},"img":{"alt_text":"","src":"https:\/\/i0.wp.com\/noticiasribeiraopreto.com.br\/wp-content\/uploads\/2023\/12\/gatos-1.jpg?fit=1200%2C774&ssl=1&resize=350%2C200","width":350,"height":200,"srcset":"https:\/\/i0.wp.com\/noticiasribeiraopreto.com.br\/wp-content\/uploads\/2023\/12\/gatos-1.jpg?fit=1200%2C774&ssl=1&resize=350%2C200 1x, https:\/\/i0.wp.com\/noticiasribeiraopreto.com.br\/wp-content\/uploads\/2023\/12\/gatos-1.jpg?fit=1200%2C774&ssl=1&resize=525%2C300 1.5x, https:\/\/i0.wp.com\/noticiasribeiraopreto.com.br\/wp-content\/uploads\/2023\/12\/gatos-1.jpg?fit=1200%2C774&ssl=1&resize=700%2C400 2x, https:\/\/i0.wp.com\/noticiasribeiraopreto.com.br\/wp-content\/uploads\/2023\/12\/gatos-1.jpg?fit=1200%2C774&ssl=1&resize=1050%2C600 3x"},"classes":[]},{"id":69913,"url":"https:\/\/noticiasribeiraopreto.com.br\/index.php\/2025\/05\/10\/jornal-da-franca-paixao-felina-veja-9-sinais-de-que-seu-gato-te-ama\/","url_meta":{"origin":11785,"position":5},"title":"Jornal da Franca &#8211; Paix\u00e3o felina: veja 9 sinais de que seu gato te ama!","author":"noticiasribeiraopreto.com.br","date":"10 de May de 2025","format":false,"excerpt":"compartilhar no whatsapp compartilhar no telegram compartilhar no facebook compartilhar no linkedin Dif\u00edceis de decifrar, gatos tem maneiras \u00fanicas de demonstrar amor; confira nove delas! Gatos t\u00eam sua pr\u00f3pria maneira de demonstrar carinho aos humanos \u2013 foto Arquivo \u00a0 Os felinos t\u00eam sua pr\u00f3pria maneira de demonstrar amor e carinho.\u2026","rel":"","context":"In &quot;Not\u00edcias de Franca-SP&quot;","block_context":{"text":"Not\u00edcias de Franca-SP","link":"https:\/\/noticiasribeiraopreto.com.br\/index.php\/category\/noticias-de-ribeirao-preto-sp-e-regiao-ismael-colosi\/noticias-franca-sp\/"},"img":{"alt_text":"","src":"https:\/\/i0.wp.com\/noticiasribeiraopreto.com.br\/wp-content\/uploads\/2025\/05\/gato-e-dono-freepik-scaled.jpg?fit=1200%2C800&ssl=1&resize=350%2C200","width":350,"height":200,"srcset":"https:\/\/i0.wp.com\/noticiasribeiraopreto.com.br\/wp-content\/uploads\/2025\/05\/gato-e-dono-freepik-scaled.jpg?fit=1200%2C800&ssl=1&resize=350%2C200 1x, https:\/\/i0.wp.com\/noticiasribeiraopreto.com.br\/wp-content\/uploads\/2025\/05\/gato-e-dono-freepik-scaled.jpg?fit=1200%2C800&ssl=1&resize=525%2C300 1.5x, https:\/\/i0.wp.com\/noticiasribeiraopreto.com.br\/wp-content\/uploads\/2025\/05\/gato-e-dono-freepik-scaled.jpg?fit=1200%2C800&ssl=1&resize=700%2C400 2x, https:\/\/i0.wp.com\/noticiasribeiraopreto.com.br\/wp-content\/uploads\/2025\/05\/gato-e-dono-freepik-scaled.jpg?fit=1200%2C800&ssl=1&resize=1050%2C600 3x"},"classes":[]}],"jetpack_sharing_enabled":true,"jetpack_shortlink":"https:\/\/wp.me\/peQAOb-345","_links":{"self":[{"href":"https:\/\/noticiasribeiraopreto.com.br\/index.php\/wp-json\/wp\/v2\/posts\/11785","targetHints":{"allow":["GET"]}}],"collection":[{"href":"https:\/\/noticiasribeiraopreto.com.br\/index.php\/wp-json\/wp\/v2\/posts"}],"about":[{"href":"https:\/\/noticiasribeiraopreto.com.br\/index.php\/wp-json\/wp\/v2\/types\/post"}],"author":[{"embeddable":true,"href":"https:\/\/noticiasribeiraopreto.com.br\/index.php\/wp-json\/wp\/v2\/users\/1"}],"replies":[{"embeddable":true,"href":"https:\/\/noticiasribeiraopreto.com.br\/index.php\/wp-json\/wp\/v2\/comments?post=11785"}],"version-history":[{"count":0,"href":"https:\/\/noticiasribeiraopreto.com.br\/index.php\/wp-json\/wp\/v2\/posts\/11785\/revisions"}],"wp:featuredmedia":[{"embeddable":true,"href":"https:\/\/noticiasribeiraopreto.com.br\/index.php\/wp-json\/wp\/v2\/media\/11786"}],"wp:attachment":[{"href":"https:\/\/noticiasribeiraopreto.com.br\/index.php\/wp-json\/wp\/v2\/media?parent=11785"}],"wp:term":[{"taxonomy":"category","embeddable":true,"href":"https:\/\/noticiasribeiraopreto.com.br\/index.php\/wp-json\/wp\/v2\/categories?post=11785"},{"taxonomy":"post_tag","embeddable":true,"href":"https:\/\/noticiasribeiraopreto.com.br\/index.php\/wp-json\/wp\/v2\/tags?post=11785"}],"curies":[{"name":"wp","href":"https:\/\/api.w.org\/{rel}","templated":true}]}}