{"id":11787,"date":"2023-12-06T20:20:47","date_gmt":"2023-12-06T23:20:47","guid":{"rendered":"https:\/\/noticiasribeiraopreto.com.br\/index.php\/2023\/12\/06\/inss-antecipa-pagamento-de-aposentados-em-dezembro-meu-valor-digital\/"},"modified":"2023-12-06T20:20:47","modified_gmt":"2023-12-06T23:20:47","slug":"inss-antecipa-pagamento-de-aposentados-em-dezembro-meu-valor-digital","status":"publish","type":"post","link":"https:\/\/noticiasribeiraopreto.com.br\/index.php\/2023\/12\/06\/inss-antecipa-pagamento-de-aposentados-em-dezembro-meu-valor-digital\/","title":{"rendered":"INSS antecipa pagamento de aposentados em dezembro &#8211; Meu Valor Digital"},"content":{"rendered":"<div class='code-block code-block-1' style='margin: 8px 0 8px auto; text-align: right; display: block; clear: both;'>\n<p><a href=\"https:\/\/wa.link\/vpicfd\"><img data-recalc-dims=\"1\" class=\"wp-image-4922\" style=\"aspect-ratio: 2.0253164556962027; width: 561px; height: auto;\" src=\"https:\/\/i0.wp.com\/ismaelcolosi.com.br\/wp-content\/uploads\/2023\/11\/grupo-de-empregos-whatsapp-e-facebook-ismael-colosi-vagas.jpg?ssl=1\" alt=\"\" \/><\/a><\/p>\n<!-- \/wp:image -->\n<\/div>\n<p> <br \/>\n<\/p>\n<div>\n<p>Aposentados e pensionistas receber\u00e3o seus pagamentos mais cedo em dezembro. Devido \u00e0s festas de final de ano, os valores come\u00e7ar\u00e3o a ser depositados a partir do dia 21.<\/p>\n<p>Segundo o Minist\u00e9rio da Previd\u00eancia Social, os repasses em 2023 abrangem 37 milh\u00f5es de <a href=\"https:\/\/meuvalordigital.com.br\/5-opcoes-para-aposentados-ganharem-uma-renda-extra-todos-os-meses\/\" target=\"_blank\" rel=\"noreferrer noopener\">aposentados e pensionistas.<\/a> Os primeiros a receber ser\u00e3o os que ganham at\u00e9 um sal\u00e1rio m\u00ednimo. Para quem ganha acima do piso nacional, o dinheiro ser\u00e1 liberado a partir do dia 2 de janeiro de 2024.<\/p>\n<p>O segurado que desejar saber a data de pagamento da aposentadoria referente ao m\u00eas de dezembro de 2023, basta verificar o \u00faltimo n\u00famero do cart\u00e3o, desconsiderando o \u00faltimo d\u00edgito verificador ap\u00f3s o tra\u00e7o. Exemplo:\u00a0 se o n\u00famero do cart\u00e3o for\u00a0 983.421.972-0, o d\u00edgito final ser\u00e1 o 2. Para benefici\u00e1rios com hist\u00f3rico de recebimento, a data de pagamento segue o padr\u00e3o habitual.<\/p>\n<p>Al\u00e9m das v\u00e1rias modalidades de aposentadoria (por idade, invalidez, etc.), o INSS tamb\u00e9m abrange benef\u00edcios como aux\u00edlio-doen\u00e7a, aux\u00edlio-reclus\u00e3o, pens\u00f5es, sal\u00e1rios fam\u00edlia e maternidade, pec\u00falio e seguro-defeso.<\/p>\n<h2 class=\"wp-block-heading\" id=\"h-calendario-de-pagamento-do-inss-dezembro-de-2023\">Calend\u00e1rio de pagamento do INSS \u2013 dezembro de 2023<\/h2>\n<p><strong>Benef\u00edcio de at\u00e9 1 sal\u00e1rio m\u00ednimo<\/strong><\/p>\n<ul>\n<li>Final 1: 21 de dezembro<\/li>\n<li>Final 2: 22 de dezembro<\/li>\n<li>Final 3: 26 de dezembro<\/li>\n<li>Final 4: 27 de dezembro<\/li>\n<li>Final 5: 28 de dezembro<\/li>\n<li>Final 6: 2 de janeiro<\/li>\n<li>Final 7: 3 de janeiro<\/li>\n<li>Final 8: 4 de janeiro<\/li>\n<li>Final 9: 5 de janeiro<\/li>\n<li>Final 0: 8 de janeiro<\/li>\n<\/ul>\n<p><strong>Benef\u00edcios acima de 1 sal\u00e1rio m\u00ednimo<\/strong><\/p>\n<ul>\n<li>Finais 1 e 6: 2 de janeiro<\/li>\n<li>Finais 2 e 7: 3 de janeiro<\/li>\n<li>Finais 3 e 8: 4 de janeiro<\/li>\n<li>Finais 4 e 9: 5 de janeiro<\/li>\n<li>Finais 5 e 0: 8 de janeiro<\/li>\n<\/ul>\n<p>Lembrando que o 13\u00ba sal\u00e1rio do INSS j\u00e1 foi pago. Isso porque o governo antecipou o pagamento das duas parcelas para maio e julho deste ano.<\/p>\n<p>Leia tamb\u00e9m | <strong><a href=\"https:\/\/meuvalordigital.com.br\/governo-vai-cruzar-dados-do-bolsa-familia-para-evitar-fraudes-no-programa\/\" target=\"_blank\" rel=\"noreferrer noopener\">Governo vai cruzar dados do Bolsa Fam\u00edlia para evitar fraudes no programa<\/a><\/strong><\/p>\n<h2 class=\"wp-block-heading\" id=\"h-como-consultar\">Como consultar?<\/h2>\n<p>O segurado que desejar poder\u00e1 ter acesso ao extrato do INSS para ter informa\u00e7\u00f5es sobre datas de pagamentos e valores. Basta acessar o aplicativo do INSS e o site Meu INSS, fazendo login com a conta Gov.br, que \u00e9 o login \u00fanico para os servi\u00e7os digitais do governo federal.<\/p>\n<p>O aposentado tamb\u00e9m poder\u00e1 ter informa\u00e7\u00f5es sobre o extrato de pagamento dos benef\u00edcios, os montantes a serem recebidos no pr\u00f3ximo ciclo de pagamento e as datas de desembolso. Tamb\u00e9m vai ser poss\u00edvel agendar ou reagendar per\u00edcias m\u00e9dicas e aproveitar diversos outros servi\u00e7os vinculados aos benef\u00edcios da seguridade social.<\/p>\n<\/div>\n<p><br \/>\n<br \/><a href=\"https:\/\/meuvalordigital.com.br\/inss-antecipa-pagamento-de-aposentados-em-dezembro\/\">Source link <\/a><\/p>\n<!-- CONTENT END 1 -->\n","protected":false},"excerpt":{"rendered":"<p>Aposentados e pensionistas receber\u00e3o seus pagamentos mais cedo em dezembro. Devido \u00e0s festas de final de ano, os valores come\u00e7ar\u00e3o a ser depositados a partir&#8230;<\/p>\n","protected":false},"author":1,"featured_media":11788,"comment_status":"open","ping_status":"open","sticky":false,"template":"","format":"standard","meta":{"advanced_seo_description":"","jetpack_seo_html_title":"","jetpack_seo_noindex":false,"jetpack_post_was_ever_published":false,"_jetpack_newsletter_access":"","_jetpack_dont_email_post_to_subs":false,"_jetpack_newsletter_tier_id":0,"_jetpack_memberships_contains_paywalled_content":false,"_jetpack_memberships_contains_paid_content":false,"footnotes":"","jetpack_publicize_message":"","jetpack_publicize_feature_enabled":true,"jetpack_social_post_already_shared":true,"jetpack_social_options":{"image_generator_settings":{"template":"highway","default_image_id":0,"font":"","enabled":false},"version":2}},"categories":[7],"tags":[],"class_list":["post-11787","post","type-post","status-publish","format-standard","has-post-thumbnail","hentry","category-vagas-de-empregos-em-ribeirao-preto-regiao-brasil"],"jetpack_publicize_connections":[],"jetpack_featured_media_url":"https:\/\/i0.wp.com\/noticiasribeiraopreto.com.br\/wp-content\/uploads\/2023\/12\/INSS-dinheiro-1.jpg?fit=1242%2C800&ssl=1","jetpack-related-posts":[{"id":19230,"url":"https:\/\/noticiasribeiraopreto.com.br\/index.php\/2023\/12\/22\/inss-divulga-novo-calendario-de-pagamento-a-aposentados-e-pensionistas\/","url_meta":{"origin":11787,"position":0},"title":"INSS divulga novo calend\u00e1rio de pagamento a aposentados e pensionistas","author":"noticiasribeiraopreto.com.br","date":"22 de December de 2023","format":false,"excerpt":"Aposentados e pensionistas do Instituto Nacional do Seguro Social (INSS) j\u00e1 podem conferir a data em que receber\u00e3o o pagamento de seus benef\u00edcios durante o ano de 2024. Cr\u00e9ditos: Istock\/FG TradeINSS divulga novo calend\u00e1rio de pagamento a aposentados e pensionistas O calend\u00e1rio leva em conta o\u00a0n\u00famero final do cart\u00e3o de\u2026","rel":"","context":"In &quot;Variedades&quot;","block_context":{"text":"Variedades","link":"https:\/\/noticiasribeiraopreto.com.br\/index.php\/category\/variedades\/"},"img":{"alt_text":"","src":"https:\/\/i0.wp.com\/noticiasribeiraopreto.com.br\/wp-content\/uploads\/2023\/12\/istock-1141667732.jpg?fit=1200%2C638&ssl=1&resize=350%2C200","width":350,"height":200,"srcset":"https:\/\/i0.wp.com\/noticiasribeiraopreto.com.br\/wp-content\/uploads\/2023\/12\/istock-1141667732.jpg?fit=1200%2C638&ssl=1&resize=350%2C200 1x, https:\/\/i0.wp.com\/noticiasribeiraopreto.com.br\/wp-content\/uploads\/2023\/12\/istock-1141667732.jpg?fit=1200%2C638&ssl=1&resize=525%2C300 1.5x, https:\/\/i0.wp.com\/noticiasribeiraopreto.com.br\/wp-content\/uploads\/2023\/12\/istock-1141667732.jpg?fit=1200%2C638&ssl=1&resize=700%2C400 2x, https:\/\/i0.wp.com\/noticiasribeiraopreto.com.br\/wp-content\/uploads\/2023\/12\/istock-1141667732.jpg?fit=1200%2C638&ssl=1&resize=1050%2C600 3x"},"classes":[]},{"id":8906,"url":"https:\/\/noticiasribeiraopreto.com.br\/index.php\/2023\/12\/01\/saiba-quando-aposentados-e-pensionistas-do-inss-vao-receber-em-dezembro\/","url_meta":{"origin":11787,"position":1},"title":"Saiba quando aposentados e pensionistas do INSS v\u00e3o receber em dezembro","author":"noticiasribeiraopreto.com.br","date":"1 de December de 2023","format":false,"excerpt":"O Instituto Nacional do Seguro Social (INSS) disponibilizou o calend\u00e1rio referente ao pagamento de benef\u00edcios para dezembro e agora todos os aposentados e pensionistas podem saber a data de pagamento do seu benef\u00edcio. Cr\u00e9ditos: Ag\u00eancia Brasil\/Marcello Casal JrSaiba quando aposentados e pensionistas do INSS v\u00e3o receber em dezembro O pagamento\u2026","rel":"","context":"In &quot;Variedades&quot;","block_context":{"text":"Variedades","link":"https:\/\/noticiasribeiraopreto.com.br\/index.php\/category\/variedades\/"},"img":{"alt_text":"","src":"https:\/\/i0.wp.com\/noticiasribeiraopreto.com.br\/wp-content\/uploads\/2023\/12\/inss-mudanca-surpreendente-no-auxilio-doenca-acaba-de-sair.jpg?fit=1200%2C638&ssl=1&resize=350%2C200","width":350,"height":200,"srcset":"https:\/\/i0.wp.com\/noticiasribeiraopreto.com.br\/wp-content\/uploads\/2023\/12\/inss-mudanca-surpreendente-no-auxilio-doenca-acaba-de-sair.jpg?fit=1200%2C638&ssl=1&resize=350%2C200 1x, https:\/\/i0.wp.com\/noticiasribeiraopreto.com.br\/wp-content\/uploads\/2023\/12\/inss-mudanca-surpreendente-no-auxilio-doenca-acaba-de-sair.jpg?fit=1200%2C638&ssl=1&resize=525%2C300 1.5x, https:\/\/i0.wp.com\/noticiasribeiraopreto.com.br\/wp-content\/uploads\/2023\/12\/inss-mudanca-surpreendente-no-auxilio-doenca-acaba-de-sair.jpg?fit=1200%2C638&ssl=1&resize=700%2C400 2x, https:\/\/i0.wp.com\/noticiasribeiraopreto.com.br\/wp-content\/uploads\/2023\/12\/inss-mudanca-surpreendente-no-auxilio-doenca-acaba-de-sair.jpg?fit=1200%2C638&ssl=1&resize=1050%2C600 3x"},"classes":[]},{"id":17646,"url":"https:\/\/noticiasribeiraopreto.com.br\/index.php\/2023\/12\/18\/inss-comeca-a-pagar-aposentados-nesta-quinta-feira-dia-21-meu-valor-digital\/","url_meta":{"origin":11787,"position":2},"title":"INSS come\u00e7a a pagar aposentados nesta quinta-feira, dia 21 &#8211; Meu Valor Digital","author":"noticiasribeiraopreto.com.br","date":"18 de December de 2023","format":false,"excerpt":"Uma boa not\u00edcia para os aposentados e pensionistas, o INSS (Instituto Nacional do Seguro Social) antecipou o pagamento dos benef\u00edcios neste m\u00eas. Como dia 25 de dezembro \u00e9 feriado natalino, a autarquia antecipou o calend\u00e1rio para esta quinta-feira (21). O Minist\u00e9rio da Previd\u00eancia Social informou que 37 milh\u00f5es de aposentados\u2026","rel":"","context":"In &quot;Vagas de Emprego em Ribeir\u00e3o Preto-SP&quot;","block_context":{"text":"Vagas de Emprego em Ribeir\u00e3o Preto-SP","link":"https:\/\/noticiasribeiraopreto.com.br\/index.php\/category\/empregos-classificados-vagas-trabalho\/vagas-de-empregos-em-ribeirao-preto-regiao-brasil\/"},"img":{"alt_text":"","src":"https:\/\/i0.wp.com\/noticiasribeiraopreto.com.br\/wp-content\/uploads\/2023\/12\/1702942405_INSS-dinheiro-1.jpg?fit=1200%2C773&ssl=1&resize=350%2C200","width":350,"height":200,"srcset":"https:\/\/i0.wp.com\/noticiasribeiraopreto.com.br\/wp-content\/uploads\/2023\/12\/1702942405_INSS-dinheiro-1.jpg?fit=1200%2C773&ssl=1&resize=350%2C200 1x, https:\/\/i0.wp.com\/noticiasribeiraopreto.com.br\/wp-content\/uploads\/2023\/12\/1702942405_INSS-dinheiro-1.jpg?fit=1200%2C773&ssl=1&resize=525%2C300 1.5x, https:\/\/i0.wp.com\/noticiasribeiraopreto.com.br\/wp-content\/uploads\/2023\/12\/1702942405_INSS-dinheiro-1.jpg?fit=1200%2C773&ssl=1&resize=700%2C400 2x, https:\/\/i0.wp.com\/noticiasribeiraopreto.com.br\/wp-content\/uploads\/2023\/12\/1702942405_INSS-dinheiro-1.jpg?fit=1200%2C773&ssl=1&resize=1050%2C600 3x"},"classes":[]},{"id":10836,"url":"https:\/\/noticiasribeiraopreto.com.br\/index.php\/2023\/12\/05\/inss-vai-pagar-aposentados-e-pensionistas-nestas-datas\/","url_meta":{"origin":11787,"position":3},"title":"INSS vai pagar aposentados e pensionistas nestas datas","author":"noticiasribeiraopreto.com.br","date":"5 de December de 2023","format":false,"excerpt":"O Instituto Nacional do Seguro Social (INSS) disponibilizou o calend\u00e1rio referente ao pagamento de benef\u00edcios para dezembro e agora todos os aposentados e pensionistas podem saber a data de pagamento do seu benef\u00edcio. Cr\u00e9ditos: Ag\u00eancia Brasil\/Jos\u00e9 CruzINSS vai pagar aposentados e pensionistas nestas datas O pagamento em dezembro seguira o\u2026","rel":"","context":"In &quot;Variedades&quot;","block_context":{"text":"Variedades","link":"https:\/\/noticiasribeiraopreto.com.br\/index.php\/category\/variedades\/"},"img":{"alt_text":"","src":"https:\/\/i0.wp.com\/noticiasribeiraopreto.com.br\/wp-content\/uploads\/2023\/12\/caixa-bb-e-bancos-privados-suspendem-credito-consignado-no-inss.jpg?fit=1200%2C638&ssl=1&resize=350%2C200","width":350,"height":200,"srcset":"https:\/\/i0.wp.com\/noticiasribeiraopreto.com.br\/wp-content\/uploads\/2023\/12\/caixa-bb-e-bancos-privados-suspendem-credito-consignado-no-inss.jpg?fit=1200%2C638&ssl=1&resize=350%2C200 1x, https:\/\/i0.wp.com\/noticiasribeiraopreto.com.br\/wp-content\/uploads\/2023\/12\/caixa-bb-e-bancos-privados-suspendem-credito-consignado-no-inss.jpg?fit=1200%2C638&ssl=1&resize=525%2C300 1.5x, https:\/\/i0.wp.com\/noticiasribeiraopreto.com.br\/wp-content\/uploads\/2023\/12\/caixa-bb-e-bancos-privados-suspendem-credito-consignado-no-inss.jpg?fit=1200%2C638&ssl=1&resize=700%2C400 2x, https:\/\/i0.wp.com\/noticiasribeiraopreto.com.br\/wp-content\/uploads\/2023\/12\/caixa-bb-e-bancos-privados-suspendem-credito-consignado-no-inss.jpg?fit=1200%2C638&ssl=1&resize=1050%2C600 3x"},"classes":[]},{"id":18777,"url":"https:\/\/noticiasribeiraopreto.com.br\/index.php\/2023\/12\/21\/saiu-veja-agora-as-datas-de-pagamento-do-inss-em-2024\/","url_meta":{"origin":11787,"position":4},"title":"SAIU! Veja AGORA as datas de pagamento do INSS em 2024","author":"noticiasribeiraopreto.com.br","date":"21 de December de 2023","format":false,"excerpt":"Aposentados e pensionistas do Instituto Nacional do Seguro Social (INSS) j\u00e1 podem conferir a data em que receber\u00e3o o pagamento de seus benef\u00edcios durante o ano de 2024. Cr\u00e9ditos: Istock\/RafaPressSAIU! Veja AGORA as datas de pagamento do INSS em 2024 O calend\u00e1rio leva em conta o\u00a0n\u00famero final do cart\u00e3o de\u2026","rel":"","context":"In &quot;Variedades&quot;","block_context":{"text":"Variedades","link":"https:\/\/noticiasribeiraopreto.com.br\/index.php\/category\/variedades\/"},"img":{"alt_text":"","src":"https:\/\/i0.wp.com\/noticiasribeiraopreto.com.br\/wp-content\/uploads\/2023\/12\/1703131496_istock-1322176521.jpg?fit=1200%2C638&ssl=1&resize=350%2C200","width":350,"height":200,"srcset":"https:\/\/i0.wp.com\/noticiasribeiraopreto.com.br\/wp-content\/uploads\/2023\/12\/1703131496_istock-1322176521.jpg?fit=1200%2C638&ssl=1&resize=350%2C200 1x, https:\/\/i0.wp.com\/noticiasribeiraopreto.com.br\/wp-content\/uploads\/2023\/12\/1703131496_istock-1322176521.jpg?fit=1200%2C638&ssl=1&resize=525%2C300 1.5x, https:\/\/i0.wp.com\/noticiasribeiraopreto.com.br\/wp-content\/uploads\/2023\/12\/1703131496_istock-1322176521.jpg?fit=1200%2C638&ssl=1&resize=700%2C400 2x, https:\/\/i0.wp.com\/noticiasribeiraopreto.com.br\/wp-content\/uploads\/2023\/12\/1703131496_istock-1322176521.jpg?fit=1200%2C638&ssl=1&resize=1050%2C600 3x"},"classes":[]},{"id":17537,"url":"https:\/\/noticiasribeiraopreto.com.br\/index.php\/2023\/12\/18\/calendario-de-pagamentos-de-2024-acaba-de-chegar\/","url_meta":{"origin":11787,"position":5},"title":"Calend\u00e1rio de pagamentos de 2024 ACABA DE CHEGAR","author":"noticiasribeiraopreto.com.br","date":"18 de December de 2023","format":false,"excerpt":"Aposentados e pensionistas do Instituto Nacional do Seguro Social (INSS) j\u00e1 podem conferir a data em que receber\u00e3o o pagamento de seus benef\u00edcios durante o ano de 2024. Cr\u00e9ditos: Marcelo Casal Jr.\/ Ag. BrasilINSS: Calend\u00e1rio de pagamentos de 2024 ACABA DE CHEGAR O calend\u00e1rio leva em conta o\u00a0n\u00famero final do\u2026","rel":"","context":"In &quot;Variedades&quot;","block_context":{"text":"Variedades","link":"https:\/\/noticiasribeiraopreto.com.br\/index.php\/category\/variedades\/"},"img":{"alt_text":"","src":"https:\/\/i0.wp.com\/noticiasribeiraopreto.com.br\/wp-content\/uploads\/2023\/12\/1702927206_inss-7600vagas.jpg?fit=1200%2C638&ssl=1&resize=350%2C200","width":350,"height":200,"srcset":"https:\/\/i0.wp.com\/noticiasribeiraopreto.com.br\/wp-content\/uploads\/2023\/12\/1702927206_inss-7600vagas.jpg?fit=1200%2C638&ssl=1&resize=350%2C200 1x, https:\/\/i0.wp.com\/noticiasribeiraopreto.com.br\/wp-content\/uploads\/2023\/12\/1702927206_inss-7600vagas.jpg?fit=1200%2C638&ssl=1&resize=525%2C300 1.5x, https:\/\/i0.wp.com\/noticiasribeiraopreto.com.br\/wp-content\/uploads\/2023\/12\/1702927206_inss-7600vagas.jpg?fit=1200%2C638&ssl=1&resize=700%2C400 2x, https:\/\/i0.wp.com\/noticiasribeiraopreto.com.br\/wp-content\/uploads\/2023\/12\/1702927206_inss-7600vagas.jpg?fit=1200%2C638&ssl=1&resize=1050%2C600 3x"},"classes":[]}],"jetpack_sharing_enabled":true,"jetpack_shortlink":"https:\/\/wp.me\/peQAOb-347","_links":{"self":[{"href":"https:\/\/noticiasribeiraopreto.com.br\/index.php\/wp-json\/wp\/v2\/posts\/11787","targetHints":{"allow":["GET"]}}],"collection":[{"href":"https:\/\/noticiasribeiraopreto.com.br\/index.php\/wp-json\/wp\/v2\/posts"}],"about":[{"href":"https:\/\/noticiasribeiraopreto.com.br\/index.php\/wp-json\/wp\/v2\/types\/post"}],"author":[{"embeddable":true,"href":"https:\/\/noticiasribeiraopreto.com.br\/index.php\/wp-json\/wp\/v2\/users\/1"}],"replies":[{"embeddable":true,"href":"https:\/\/noticiasribeiraopreto.com.br\/index.php\/wp-json\/wp\/v2\/comments?post=11787"}],"version-history":[{"count":0,"href":"https:\/\/noticiasribeiraopreto.com.br\/index.php\/wp-json\/wp\/v2\/posts\/11787\/revisions"}],"wp:featuredmedia":[{"embeddable":true,"href":"https:\/\/noticiasribeiraopreto.com.br\/index.php\/wp-json\/wp\/v2\/media\/11788"}],"wp:attachment":[{"href":"https:\/\/noticiasribeiraopreto.com.br\/index.php\/wp-json\/wp\/v2\/media?parent=11787"}],"wp:term":[{"taxonomy":"category","embeddable":true,"href":"https:\/\/noticiasribeiraopreto.com.br\/index.php\/wp-json\/wp\/v2\/categories?post=11787"},{"taxonomy":"post_tag","embeddable":true,"href":"https:\/\/noticiasribeiraopreto.com.br\/index.php\/wp-json\/wp\/v2\/tags?post=11787"}],"curies":[{"name":"wp","href":"https:\/\/api.w.org\/{rel}","templated":true}]}}