{"id":11793,"date":"2023-12-06T20:36:02","date_gmt":"2023-12-06T23:36:02","guid":{"rendered":"https:\/\/noticiasribeiraopreto.com.br\/index.php\/2023\/12\/06\/novas-normas-tecnicas-e-regras-obrigatorias-essas-mudancas-sao-um-reflexo-do-amadurecimento-do-mercado-no-brasil\/"},"modified":"2023-12-06T20:36:02","modified_gmt":"2023-12-06T23:36:02","slug":"novas-normas-tecnicas-e-regras-obrigatorias-essas-mudancas-sao-um-reflexo-do-amadurecimento-do-mercado-no-brasil","status":"publish","type":"post","link":"https:\/\/noticiasribeiraopreto.com.br\/index.php\/2023\/12\/06\/novas-normas-tecnicas-e-regras-obrigatorias-essas-mudancas-sao-um-reflexo-do-amadurecimento-do-mercado-no-brasil\/","title":{"rendered":"novas normas t\u00e9cnicas e regras obrigat\u00f3rias; essas mudan\u00e7as s\u00e3o um reflexo do amadurecimento do mercado no Brasil"},"content":{"rendered":"<div class='code-block code-block-1' style='margin: 8px 0 8px auto; text-align: right; display: block; clear: both;'>\n<p><a href=\"https:\/\/wa.link\/vpicfd\"><img data-recalc-dims=\"1\" class=\"wp-image-4922\" style=\"aspect-ratio: 2.0253164556962027; width: 561px; height: auto;\" src=\"https:\/\/i0.wp.com\/ismaelcolosi.com.br\/wp-content\/uploads\/2023\/11\/grupo-de-empregos-whatsapp-e-facebook-ismael-colosi-vagas.jpg?ssl=1\" alt=\"\" \/><\/a><\/p>\n<!-- \/wp:image -->\n<\/div>\n<p> <br \/>\n<\/p>\n<div>\n<figure><picture><source srcset=\"https:\/\/clickpetroleoegas.com.br\/wp-content\/uploads\/2023\/12\/Energia-Solar-novas-normas-tecnicas-e-regras-obrigatorias-essas-mudancas-sao-um-reflexo-do-amadurecimento-do-mercado-no-Brasil-830x450.jpg.webp\" type=\"image\/webp\"><img data-recalc-dims=\"1\" loading=\"lazy\" width=\"830\" height=\"450\" src=\"https:\/\/i0.wp.com\/clickpetroleoegas.com.br\/wp-content\/uploads\/2023\/12\/Energia-Solar-novas-normas-tecnicas-e-regras-obrigatorias-essas-mudancas-sao-um-reflexo-do-amadurecimento-do-mercado-no-Brasil-830x450.jpg?resize=830%2C450&#038;ssl=1\" class=\"fdnw-post-thumbnail fdnw-first-card-thumbnail wp-post-image\" alt=\"Energia Solar: novas normas t\u00e9cnicas e regras obrigat\u00f3rias; essas mudan\u00e7as s\u00e3o um reflexo do amadurecimento do mercado no Brasil\" decoding=\"async\" data-eio=\"p\"\/><\/source><\/picture><figcaption class=\"fdnw-image-caption\">Confira as novas normas e regras no setor de energia solar (Imagem \/ Divulga\u00e7\u00e3o)<\/figcaption><\/figure>\n<h2 class=\"wp-block-heading\" id=\"h-a-energia-solar-esta-passando-por-importantes-mudancas-regulatorias-no-brasil-novas-normas-tecnicas-estao-sendo-implementadas-trazendo-regras-obrigatorias-para-instalacoes-fotovoltaicas\">A energia solar est\u00e1 passando por importantes mudan\u00e7as regulat\u00f3rias no Brasil. Novas normas t\u00e9cnicas est\u00e3o sendo implementadas, trazendo regras obrigat\u00f3rias para instala\u00e7\u00f5es fotovoltaicas. <\/h2>\n<p>Em um v\u00eddeo informativo do canal E4 Energias Renov\u00e1veis, Jo\u00e3o Souza, da Ecore, discute essas mudan\u00e7as e o impacto que elas ter\u00e3o no setor de energia solar.<\/p>\n<p>As normas, que s\u00e3o estaduais, come\u00e7aram em <a href=\"https:\/\/clickpetroleoegas.com.br\/lider-de-fabricacao-de-maquinas-motores-e-veiculos-pesados-caterpillar-esta-com-vagas-de-emprego-em-suas-fabricas-e-unidades-em-sao-paulo-parana-e-minas-gerais-a-multinacional-tambem-possui-centen-2\/\">Minas Gerais<\/a> e j\u00e1 se estendem a outros estados como Mato Grosso e Goi\u00e1s. Essas regulamenta\u00e7\u00f5es s\u00e3o fundamentais para garantir a seguran\u00e7a nas instala\u00e7\u00f5es fotovoltaicas, abordando aspectos como a preven\u00e7\u00e3o de inc\u00eandios e choques el\u00e9tricos.<\/p>\n<p> <span class=\"fdnw-card-article-related\"> <span class=\"h4 fdnw-card-article-related-title\">Artigos recomendados<\/span> <\/span> <\/p>\n<h2 class=\"wp-block-heading\" id=\"h-quais-sao-as-novas-normas-no-mercado-de-energia-solar\">Quais s\u00e3o as novas normas no mercado de energia solar?<\/h2>\n<p>Um dos principais pontos dessas novas normas \u00e9 a <strong><em>obrigatoriedade <\/em><\/strong>do uso de dispositivos AFCI (Arc-Fault Circuit Interrupter) e RSD (Rapid Shutdown Device). O AFCI \u00e9 um dispositivo de detec\u00e7\u00e3o e interrup\u00e7\u00e3o de arco el\u00e9trico, enquanto o RSD \u00e9 um sistema de desligamento r\u00e1pido que reduz a tens\u00e3o dos pain\u00e9is solares para n\u00edveis seguros em caso de emerg\u00eancia.<\/p>\n<figure class=\"wp-block-embed is-type-video is-provider-youtube wp-block-embed-youtube wp-embed-aspect-16-9 wp-has-aspect-ratio\">\n<p><noscript><iframe loading=\"lazy\" title=\"ENERGIA SOLAR: Novas NORMAS T\u00c9CNICAS trazem regras OBRIGAT\u00d3RIAS\" width=\"500\" height=\"281\" src=\"https:\/\/www.youtube.com\/embed\/pM3G0mJEPsk?feature=oembed\" frameborder=\"0\" allow=\"accelerometer; autoplay; clipboard-write; encrypted-media; gyroscope; picture-in-picture; web-share\" referrerpolicy=\"strict-origin-when-cross-origin\" allowfullscreen><\/iframe><\/noscript><\/p>\n<\/figure>\n<p>Essas mudan\u00e7as s\u00e3o um reflexo do amadurecimento do mercado de energia solar no Brasil. Com o aumento da ado\u00e7\u00e3o dessa tecnologia como \u00e9 destacado pela <a href=\"https:\/\/agenciabrasil.ebc.com.br\/economia\/noticia\/2022-10\/aumento-do-consumo-de-energia-solar-traz-projecoes-otimistas-ao-setor\" class=\"external\" rel=\"nofollow noopener\" target=\"_blank\">Ag\u00eancia Brasil<\/a>, torna-se essencial garantir que as instala\u00e7\u00f5es sejam seguras e confi\u00e1veis. As normas t\u00e9cnicas estaduais est\u00e3o alinhadas com as diretrizes da ABNT e outras regulamenta\u00e7\u00f5es internacionais, visando a seguran\u00e7a e a efici\u00eancia das instala\u00e7\u00f5es fotovoltaicas.<\/p>\n<p>Al\u00e9m disso, os propriet\u00e1rios de <a href=\"https:\/\/clickpetroleoegas.com.br\/energia-solar-baterias-de-litio-elevam-o-potencial-dos-sistemas-fotovoltaicos\/\">sistemas fotovoltaicos<\/a> existentes devem estar cientes dessas mudan\u00e7as, pois podem precisar de atualiza\u00e7\u00f5es para atender \u00e0s novas regulamenta\u00e7\u00f5es, especialmente quando renovarem seus alvar\u00e1s.<\/p>\n<div class=\"code-block code-block-5\" style=\"margin: 8px auto; text-align: center; display: block; clear: both;\"> <a href=\"https:\/\/suaads.com\/ref\/ISMAELCOLOSI\" target=\"_blank\" rel=\"noopener\"><img data-recalc-dims=\"1\" decoding=\"async\" src=\"https:\/\/i0.wp.com\/suaurl.com\/img\/bannersref\/s.png?ssl=1\" alt=\"SuaUrl\"  style=\"max-width: 100%;\" class=\"lazy\" loading=\"lazy\"\/><noscript><img data-recalc-dims=\"1\" decoding=\"async\" src=\"https:\/\/i0.wp.com\/suaurl.com\/img\/bannersref\/s.png?ssl=1\" alt=\"SuaUrl\"  style=\"max-width: 100%;\"\/><\/noscript><\/a><\/div>\n<p>As normas t\u00e9cnicas podem ser acessadas nos <strong>sites dos Corpos de Bombeiros estaduais<\/strong>, onde est\u00e3o dispon\u00edveis publicamente. \u00c9 importante que tanto instaladores quanto clientes finais estejam informados sobre essas mudan\u00e7as para <strong>garantir instala\u00e7\u00f5es seguras e eficientes.<\/strong><\/p>\n<p>Em resumo, as novas normas t\u00e9cnicas para instala\u00e7\u00f5es fotovoltaicas s\u00e3o um passo positivo para o setor de <strong>energia solar no Brasil<\/strong>. Elas trazem mais seguran\u00e7a e confiabilidade para as instala\u00e7\u00f5es, alinhando o pa\u00eds com padr\u00f5es internacionais de seguran\u00e7a e <strong>efici\u00eancia energ\u00e9tica<\/strong>.<\/p>\n<div class=\"code-block code-block-10\" style=\"margin: 8px auto; text-align: center; display: block; clear: both;\">\n<hr class=\"wp-block-separator has-alpha-channel-opacity is-style-wide\"\/>\n<p>Voc\u00ea quer receber apenas not\u00edcias e vagas de emprego do seu interesse? A solu\u00e7\u00e3o chegou atrav\u00e9s do app <a href=\"https:\/\/play.google.com\/store\/apps\/details?id=com.clickpetroleoapp&amp;hl=pt&amp;gl=US\" class=\"external\" rel=\"nofollow noopener\" target=\"_blank\"><strong>CPG VAGAS E NOT\u00cdCIAS!<\/strong><\/a> Se voc\u00ea \u00e9 pintor, vai receber no seu celular apenas oportunidades neste cargo. E ser\u00e1 assim com pedreiro, t\u00e9cnico, engenheiro e etc\u2026.. N\u00e3o perca nada do que acontece no mercado de trabalho e econ\u00f4mico do Brasil, baixe agora o app <a href=\"https:\/\/play.google.com\/store\/apps\/details?id=com.clickpetroleoapp&amp;hl=pt&amp;gl=US\" class=\"external\" rel=\"nofollow noopener\" target=\"_blank\">CPG VAGAS E NOT\u00cdCIAS, dispon\u00edvel para Android e IOS!<\/a><\/p>\n<figure class=\"wp-block-image aligncenter size-full\"><a href=\"https:\/\/play.google.com\/store\/apps\/details?id=com.clickpetroleoapp&amp;hl=pt&amp;gl=US\" target=\"_blank\" rel=\"noreferrer noopener nofollow\" class=\"external\"><img data-recalc-dims=\"1\" loading=\"lazy\" decoding=\"async\" width=\"1280\" height=\"387\" http=\"\" alt=\"APP CPG VAGAS E NOT\u00cdCIAS\" class=\"wp-image-105306 ewww_webp_lazy_load\" src=\"https:\/\/i0.wp.com\/clickpetroleoegas.com.br\/wp-content\/uploads\/2023\/09\/Aplicativo-de-vagas-de-empregos-e-noticias-da-sua-regiao.jpg?resize=1280%2C387&#038;ssl=1\" src-webp=\"https:\/\/clickpetroleoegas.com.br\/wp-content\/uploads\/2023\/09\/Aplicativo-de-vagas-de-empregos-e-noticias-da-sua-regiao.jpg.webp\"\/><noscript><img data-recalc-dims=\"1\" loading=\"lazy\" decoding=\"async\" width=\"1280\" height=\"387\" src=\"https:\/\/i0.wp.com\/clickpetroleoegas.com.br\/wp-content\/uploads\/2023\/09\/Aplicativo-de-vagas-de-empregos-e-noticias-da-sua-regiao.jpg?resize=1280%2C387&#038;ssl=1\" alt=\"APP CPG VAGAS E NOT\u00cdCIAS\" class=\"wp-image-105306\"\/><\/noscript><\/a><\/figure>\n<\/p><\/div>\n<\/p><\/div>\n<p><script type=\"text\/plain\" data-service=\"facebook\" data-category=\"marketing\">\n!function(f,b,e,v,n,t,s)\n{if(f.fbq)return;n=f.fbq=function(){n.callMethod?\nn.callMethod.apply(n,arguments):n.queue.push(arguments)};\nif(!f._fbq)f._fbq=n;n.push=n;n.loaded=!0;n.version='2.0';\nn.queue=[];t=b.createElement(e);t.async=!0;\nt.src=v;s=b.getElementsByTagName(e)[0];\ns.parentNode.insertBefore(t,s)}(window, document,'script',\n'https:\/\/connect.facebook.net\/en_US\/fbevents.js');\nfbq('init', '5536651029690406');\nfbq('track', 'PageView');\n<\/script><script type=\"text\/plain\" data-service=\"facebook\" data-category=\"marketing\" async defer crossorigin=\"anonymous\" data-rocket-data-cmplz-src=\"https:\/\/connect.facebook.net\/en_US\/sdk.js#xfbml=1&#038;version=v12.0&amp;appId=1127332727839552&#038;autoLogAppEvents=1\">\n<\/script><br \/>\n<br \/><br \/>\n<br \/><a href=\"https:\/\/ismaelcolosi.com.br\/novas-normas-tecnicas-e-regras-obrigatorias-essas-mudancas-sao-um-reflexo-do-amadurecimento-do-mercado-no-brasil\/\">Source link <\/a><\/p>\n<!-- CONTENT END 1 -->\n","protected":false},"excerpt":{"rendered":"<p>Confira as novas normas e regras no setor de energia solar (Imagem \/ Divulga\u00e7\u00e3o) A energia solar est\u00e1 passando por importantes mudan\u00e7as regulat\u00f3rias no Brasil&#8230;.<\/p>\n","protected":false},"author":1,"featured_media":11794,"comment_status":"open","ping_status":"open","sticky":false,"template":"","format":"standard","meta":{"advanced_seo_description":"","jetpack_seo_html_title":"","jetpack_seo_noindex":false,"jetpack_post_was_ever_published":false,"_jetpack_newsletter_access":"","_jetpack_dont_email_post_to_subs":false,"_jetpack_newsletter_tier_id":0,"_jetpack_memberships_contains_paywalled_content":false,"_jetpack_memberships_contains_paid_content":false,"footnotes":"","jetpack_publicize_message":"","jetpack_publicize_feature_enabled":true,"jetpack_social_post_already_shared":true,"jetpack_social_options":{"image_generator_settings":{"template":"highway","default_image_id":0,"font":"","enabled":false},"version":2}},"categories":[7],"tags":[],"class_list":["post-11793","post","type-post","status-publish","format-standard","has-post-thumbnail","hentry","category-vagas-de-empregos-em-ribeirao-preto-regiao-brasil"],"jetpack_publicize_connections":[],"jetpack_featured_media_url":"https:\/\/i0.wp.com\/noticiasribeiraopreto.com.br\/wp-content\/uploads\/2023\/12\/Energia-Solar-novas-normas-tecnicas-e-regras-obrigatorias-essas-mudancas-sao-um-reflexo-do-amadurecimento-do-mercado-no-Brasil-830x450.jpg?fit=830%2C450&ssl=1","jetpack-related-posts":[{"id":80846,"url":"https:\/\/noticiasribeiraopreto.com.br\/index.php\/2025\/12\/16\/nova-lei-altera-regras-de-check-in-e-estabelece-diaria-minima-de-21-horas-em-hoteis\/","url_meta":{"origin":11793,"position":0},"title":"Nova lei altera regras de check-in e estabelece di\u00e1ria m\u00ednima de 21 horas em hot\u00e9is","author":"noticiasribeiraopreto.com.br","date":"16 de December de 2025","format":false,"excerpt":"Entrou em vigor nesta segunda-feira (15) uma norma do Governo Federal que muda as regras de check-in e check-out em hot\u00e9is e pousadas de todo o pa\u00eds. A medida determina que a di\u00e1ria assegure ao h\u00f3spede pelo menos 21 horas de perman\u00eancia, alterando uma pr\u00e1tica comum do setor que reduzia\u2026","rel":"","context":"In &quot;Not\u00edcias de Ribeir\u00e3o Preto-SP e Regi\u00e3o&quot;","block_context":{"text":"Not\u00edcias de Ribeir\u00e3o Preto-SP e Regi\u00e3o","link":"https:\/\/noticiasribeiraopreto.com.br\/index.php\/category\/noticias-de-ribeirao-preto-sp-e-regiao-ismael-colosi\/"},"img":{"alt_text":"","src":"https:\/\/i0.wp.com\/noticiasribeiraopreto.com.br\/wp-content\/uploads\/2025\/12\/couple-passing-time-lounge-area_2025-12-15_20-03-14.webp.webp?fit=1200%2C633&ssl=1&resize=350%2C200","width":350,"height":200,"srcset":"https:\/\/i0.wp.com\/noticiasribeiraopreto.com.br\/wp-content\/uploads\/2025\/12\/couple-passing-time-lounge-area_2025-12-15_20-03-14.webp.webp?fit=1200%2C633&ssl=1&resize=350%2C200 1x, https:\/\/i0.wp.com\/noticiasribeiraopreto.com.br\/wp-content\/uploads\/2025\/12\/couple-passing-time-lounge-area_2025-12-15_20-03-14.webp.webp?fit=1200%2C633&ssl=1&resize=525%2C300 1.5x, https:\/\/i0.wp.com\/noticiasribeiraopreto.com.br\/wp-content\/uploads\/2025\/12\/couple-passing-time-lounge-area_2025-12-15_20-03-14.webp.webp?fit=1200%2C633&ssl=1&resize=700%2C400 2x, https:\/\/i0.wp.com\/noticiasribeiraopreto.com.br\/wp-content\/uploads\/2025\/12\/couple-passing-time-lounge-area_2025-12-15_20-03-14.webp.webp?fit=1200%2C633&ssl=1&resize=1050%2C600 3x"},"classes":[]},{"id":22990,"url":"https:\/\/noticiasribeiraopreto.com.br\/index.php\/2023\/12\/31\/ans-define-regras-para-notificacao-de-inadimplente-de-plano-de-saude\/","url_meta":{"origin":11793,"position":1},"title":"ANS define regras para notifica\u00e7\u00e3o de inadimplente de plano de sa\u00fade","author":"noticiasribeiraopreto.com.br","date":"31 de December de 2023","format":false,"excerpt":"A Ag\u00eancia Nacional de Sa\u00fade Suplementar (ANS) definiu que a notifica\u00e7\u00e3o de usu\u00e1rios de planos de sa\u00fade\u00a0inadimplentes, que poder\u00e1 resultar no cancelamento do contrato, poder\u00e1 ser feita por meios eletr\u00f4nicos,\u00a0como e-mail, mensagem\u00a0para celulares e\u00a0aplicativo.A ag\u00eancia reguladora divulgou, nesta sexta-feira (29), as novas regras sobre como dever\u00e1 ser feita a notifica\u00e7\u00e3o.\u2026","rel":"","context":"In &quot;Not\u00edcias de Ribeir\u00e3o Preto-SP e Regi\u00e3o&quot;","block_context":{"text":"Not\u00edcias de Ribeir\u00e3o Preto-SP e Regi\u00e3o","link":"https:\/\/noticiasribeiraopreto.com.br\/index.php\/category\/noticias-de-ribeirao-preto-sp-e-regiao-ismael-colosi\/"},"img":{"alt_text":"","src":"https:\/\/i0.wp.com\/noticiasribeiraopreto.com.br\/wp-content\/uploads\/2023\/12\/35353960-6181-460a-bf82-25eb45dff665.jpg?fit=684%2C460&ssl=1&resize=350%2C200","width":350,"height":200,"srcset":"https:\/\/i0.wp.com\/noticiasribeiraopreto.com.br\/wp-content\/uploads\/2023\/12\/35353960-6181-460a-bf82-25eb45dff665.jpg?fit=684%2C460&ssl=1&resize=350%2C200 1x, https:\/\/i0.wp.com\/noticiasribeiraopreto.com.br\/wp-content\/uploads\/2023\/12\/35353960-6181-460a-bf82-25eb45dff665.jpg?fit=684%2C460&ssl=1&resize=525%2C300 1.5x"},"classes":[]},{"id":73929,"url":"https:\/\/noticiasribeiraopreto.com.br\/index.php\/2025\/07\/12\/fim-do-diploma-de-papel-entenda-novas-regras-do-mec\/","url_meta":{"origin":11793,"position":2},"title":"Fim do diploma de papel? Entenda novas regras do MEC","author":"noticiasribeiraopreto.com.br","date":"12 de July de 2025","format":false,"excerpt":"O diploma de papel deixou de ser obrigat\u00f3rio para cursos de gradua\u00e7\u00e3o no Brasil. Desde 1\u00ba de julho de 2025, as institui\u00e7\u00f5es de ensino superior emitem o diploma exclusivamente em formato digital, conforme norma do Minist\u00e9rio da Educa\u00e7\u00e3o (MEC). O novo modelo adota assinatura digital e carimbo eletr\u00f4nico com data\u2026","rel":"","context":"In &quot;Not\u00edcias de Ribeir\u00e3o Preto-SP e Regi\u00e3o&quot;","block_context":{"text":"Not\u00edcias de Ribeir\u00e3o Preto-SP e Regi\u00e3o","link":"https:\/\/noticiasribeiraopreto.com.br\/index.php\/category\/noticias-de-ribeirao-preto-sp-e-regiao-ismael-colosi\/"},"img":{"alt_text":"","src":"https:\/\/i0.wp.com\/noticiasribeiraopreto.com.br\/wp-content\/uploads\/2025\/07\/Copia-de-Copia-de-Copia-de-TAMANHO-EXATO-PARA-FOTOS-NO-SISTEMA-NOVO-2025-07-12T153712.406_2025-07-12_18-38-19.webp.webp?fit=1200%2C675&ssl=1&resize=350%2C200","width":350,"height":200,"srcset":"https:\/\/i0.wp.com\/noticiasribeiraopreto.com.br\/wp-content\/uploads\/2025\/07\/Copia-de-Copia-de-Copia-de-TAMANHO-EXATO-PARA-FOTOS-NO-SISTEMA-NOVO-2025-07-12T153712.406_2025-07-12_18-38-19.webp.webp?fit=1200%2C675&ssl=1&resize=350%2C200 1x, https:\/\/i0.wp.com\/noticiasribeiraopreto.com.br\/wp-content\/uploads\/2025\/07\/Copia-de-Copia-de-Copia-de-TAMANHO-EXATO-PARA-FOTOS-NO-SISTEMA-NOVO-2025-07-12T153712.406_2025-07-12_18-38-19.webp.webp?fit=1200%2C675&ssl=1&resize=525%2C300 1.5x, https:\/\/i0.wp.com\/noticiasribeiraopreto.com.br\/wp-content\/uploads\/2025\/07\/Copia-de-Copia-de-Copia-de-TAMANHO-EXATO-PARA-FOTOS-NO-SISTEMA-NOVO-2025-07-12T153712.406_2025-07-12_18-38-19.webp.webp?fit=1200%2C675&ssl=1&resize=700%2C400 2x, https:\/\/i0.wp.com\/noticiasribeiraopreto.com.br\/wp-content\/uploads\/2025\/07\/Copia-de-Copia-de-Copia-de-TAMANHO-EXATO-PARA-FOTOS-NO-SISTEMA-NOVO-2025-07-12T153712.406_2025-07-12_18-38-19.webp.webp?fit=1200%2C675&ssl=1&resize=1050%2C600 3x"},"classes":[]},{"id":12440,"url":"https:\/\/noticiasribeiraopreto.com.br\/index.php\/2023\/12\/08\/conheca-a-nova-modalidade-de-pagamento-que-entrara-em-vigor-em-2024-2\/","url_meta":{"origin":11793,"position":3},"title":"conhe\u00e7a a nova modalidade de pagamento que entrar\u00e1 em vigor em 2024","author":"noticiasribeiraopreto.com.br","date":"8 de December de 2023","format":false,"excerpt":"O Banco Central (BC) anunciou que o Pix Autom\u00e1tico, possibilitando pagamentos recorrentes e at\u00e9 mesadas, ser\u00e1 implementado a partir de 28 de outubro de 2024. O BC divulgou as regras da ferramenta cerca de dez meses antes do lan\u00e7amento, destacando diversos aspectos do seu funcionamento. Entre as normas estabelecidas pelo\u2026","rel":"","context":"In &quot;Vagas de Emprego em Ribeir\u00e3o Preto-SP&quot;","block_context":{"text":"Vagas de Emprego em Ribeir\u00e3o Preto-SP","link":"https:\/\/noticiasribeiraopreto.com.br\/index.php\/category\/empregos-classificados-vagas-trabalho\/vagas-de-empregos-em-ribeirao-preto-regiao-brasil\/"},"img":{"alt_text":"","src":"https:\/\/i0.wp.com\/noticiasribeiraopreto.com.br\/wp-content\/uploads\/2023\/12\/pix-novo-agencia-brasil-2.jpg?fit=1200%2C675&ssl=1&resize=350%2C200","width":350,"height":200,"srcset":"https:\/\/i0.wp.com\/noticiasribeiraopreto.com.br\/wp-content\/uploads\/2023\/12\/pix-novo-agencia-brasil-2.jpg?fit=1200%2C675&ssl=1&resize=350%2C200 1x, https:\/\/i0.wp.com\/noticiasribeiraopreto.com.br\/wp-content\/uploads\/2023\/12\/pix-novo-agencia-brasil-2.jpg?fit=1200%2C675&ssl=1&resize=525%2C300 1.5x, https:\/\/i0.wp.com\/noticiasribeiraopreto.com.br\/wp-content\/uploads\/2023\/12\/pix-novo-agencia-brasil-2.jpg?fit=1200%2C675&ssl=1&resize=700%2C400 2x, https:\/\/i0.wp.com\/noticiasribeiraopreto.com.br\/wp-content\/uploads\/2023\/12\/pix-novo-agencia-brasil-2.jpg?fit=1200%2C675&ssl=1&resize=1050%2C600 3x"},"classes":[]},{"id":74032,"url":"https:\/\/noticiasribeiraopreto.com.br\/index.php\/2025\/07\/14\/ribeirao-preto-tem-novas-regras-para-espacos-pet-friendly-confira\/","url_meta":{"origin":11793,"position":4},"title":"Ribeir\u00e3o Preto tem novas regras para espa\u00e7os Pet Friendly; confira","author":"noticiasribeiraopreto.com.br","date":"14 de July de 2025","format":false,"excerpt":"Foi sancionada nesta segunda-feira (14) a lei que estabelece novas regras para espa\u00e7os Pet Friendly em Ribeir\u00e3o Preto. O texto, de autoria do vereador Danilo Scochi (MDB), define normas para a entrada e perman\u00eancia de animais de estima\u00e7\u00e3o em estabelecimentos como shoppings, hot\u00e9is, restaurantes, bares e similares. A nova lei\u2026","rel":"","context":"In &quot;Not\u00edcias de Ribeir\u00e3o Preto-SP e Regi\u00e3o&quot;","block_context":{"text":"Not\u00edcias de Ribeir\u00e3o Preto-SP e Regi\u00e3o","link":"https:\/\/noticiasribeiraopreto.com.br\/index.php\/category\/noticias-de-ribeirao-preto-sp-e-regiao-ismael-colosi\/"},"img":{"alt_text":"","src":"https:\/\/i0.wp.com\/noticiasribeiraopreto.com.br\/wp-content\/uploads\/2025\/07\/Copia-de-Copia-de-Copia-de-TAMANHO-EXATO-PARA-FOTOS-NO-SISTEMA-NOVO-2025-07-14T180036.822_2025-07-14_21-00-50.webp.webp?fit=1200%2C675&ssl=1&resize=350%2C200","width":350,"height":200,"srcset":"https:\/\/i0.wp.com\/noticiasribeiraopreto.com.br\/wp-content\/uploads\/2025\/07\/Copia-de-Copia-de-Copia-de-TAMANHO-EXATO-PARA-FOTOS-NO-SISTEMA-NOVO-2025-07-14T180036.822_2025-07-14_21-00-50.webp.webp?fit=1200%2C675&ssl=1&resize=350%2C200 1x, https:\/\/i0.wp.com\/noticiasribeiraopreto.com.br\/wp-content\/uploads\/2025\/07\/Copia-de-Copia-de-Copia-de-TAMANHO-EXATO-PARA-FOTOS-NO-SISTEMA-NOVO-2025-07-14T180036.822_2025-07-14_21-00-50.webp.webp?fit=1200%2C675&ssl=1&resize=525%2C300 1.5x, https:\/\/i0.wp.com\/noticiasribeiraopreto.com.br\/wp-content\/uploads\/2025\/07\/Copia-de-Copia-de-Copia-de-TAMANHO-EXATO-PARA-FOTOS-NO-SISTEMA-NOVO-2025-07-14T180036.822_2025-07-14_21-00-50.webp.webp?fit=1200%2C675&ssl=1&resize=700%2C400 2x, https:\/\/i0.wp.com\/noticiasribeiraopreto.com.br\/wp-content\/uploads\/2025\/07\/Copia-de-Copia-de-Copia-de-TAMANHO-EXATO-PARA-FOTOS-NO-SISTEMA-NOVO-2025-07-14T180036.822_2025-07-14_21-00-50.webp.webp?fit=1200%2C675&ssl=1&resize=1050%2C600 3x"},"classes":[]},{"id":66525,"url":"https:\/\/noticiasribeiraopreto.com.br\/index.php\/2025\/04\/02\/jornal-da-franca-meis-terao-novas-regras-para-emissao-de-notas-fiscais-em-abril-entenda\/","url_meta":{"origin":11793,"position":5},"title":"Jornal da Franca &#8211; MEIs ter\u00e3o novas regras para emiss\u00e3o de notas fiscais em abril; entenda","author":"noticiasribeiraopreto.com.br","date":"2 de April de 2025","format":false,"excerpt":"compartilhar no whatsapp compartilhar no telegram compartilhar no facebook compartilhar no linkedin C\u00f3digo de Regime Tribut\u00e1rio (CRT) serve para identificar que tipo de empresa emitiu a nota, e a qual tributa\u00e7\u00e3o ela est\u00e1 sujeita. Mudan\u00e7a n\u00e3o implica pagamento de mais impostos MEIs devem ficar atentos \u00e0s novas regras que j\u00e1\u2026","rel":"","context":"In &quot;Not\u00edcias de Franca-SP&quot;","block_context":{"text":"Not\u00edcias de Franca-SP","link":"https:\/\/noticiasribeiraopreto.com.br\/index.php\/category\/noticias-de-ribeirao-preto-sp-e-regiao-ismael-colosi\/noticias-franca-sp\/"},"img":{"alt_text":"","src":"https:\/\/i0.wp.com\/noticiasribeiraopreto.com.br\/wp-content\/uploads\/2025\/04\/cnpj-mei-shutterstock.jpg?fit=1200%2C675&ssl=1&resize=350%2C200","width":350,"height":200,"srcset":"https:\/\/i0.wp.com\/noticiasribeiraopreto.com.br\/wp-content\/uploads\/2025\/04\/cnpj-mei-shutterstock.jpg?fit=1200%2C675&ssl=1&resize=350%2C200 1x, https:\/\/i0.wp.com\/noticiasribeiraopreto.com.br\/wp-content\/uploads\/2025\/04\/cnpj-mei-shutterstock.jpg?fit=1200%2C675&ssl=1&resize=525%2C300 1.5x, https:\/\/i0.wp.com\/noticiasribeiraopreto.com.br\/wp-content\/uploads\/2025\/04\/cnpj-mei-shutterstock.jpg?fit=1200%2C675&ssl=1&resize=700%2C400 2x, https:\/\/i0.wp.com\/noticiasribeiraopreto.com.br\/wp-content\/uploads\/2025\/04\/cnpj-mei-shutterstock.jpg?fit=1200%2C675&ssl=1&resize=1050%2C600 3x"},"classes":[]}],"jetpack_sharing_enabled":true,"jetpack_shortlink":"https:\/\/wp.me\/peQAOb-34d","_links":{"self":[{"href":"https:\/\/noticiasribeiraopreto.com.br\/index.php\/wp-json\/wp\/v2\/posts\/11793","targetHints":{"allow":["GET"]}}],"collection":[{"href":"https:\/\/noticiasribeiraopreto.com.br\/index.php\/wp-json\/wp\/v2\/posts"}],"about":[{"href":"https:\/\/noticiasribeiraopreto.com.br\/index.php\/wp-json\/wp\/v2\/types\/post"}],"author":[{"embeddable":true,"href":"https:\/\/noticiasribeiraopreto.com.br\/index.php\/wp-json\/wp\/v2\/users\/1"}],"replies":[{"embeddable":true,"href":"https:\/\/noticiasribeiraopreto.com.br\/index.php\/wp-json\/wp\/v2\/comments?post=11793"}],"version-history":[{"count":0,"href":"https:\/\/noticiasribeiraopreto.com.br\/index.php\/wp-json\/wp\/v2\/posts\/11793\/revisions"}],"wp:featuredmedia":[{"embeddable":true,"href":"https:\/\/noticiasribeiraopreto.com.br\/index.php\/wp-json\/wp\/v2\/media\/11794"}],"wp:attachment":[{"href":"https:\/\/noticiasribeiraopreto.com.br\/index.php\/wp-json\/wp\/v2\/media?parent=11793"}],"wp:term":[{"taxonomy":"category","embeddable":true,"href":"https:\/\/noticiasribeiraopreto.com.br\/index.php\/wp-json\/wp\/v2\/categories?post=11793"},{"taxonomy":"post_tag","embeddable":true,"href":"https:\/\/noticiasribeiraopreto.com.br\/index.php\/wp-json\/wp\/v2\/tags?post=11793"}],"curies":[{"name":"wp","href":"https:\/\/api.w.org\/{rel}","templated":true}]}}