{"id":11819,"date":"2023-12-06T21:36:20","date_gmt":"2023-12-07T00:36:20","guid":{"rendered":"https:\/\/noticiasribeiraopreto.com.br\/index.php\/2023\/12\/06\/ford-bate-recorde-inedito-de-vendas-de-carros-eletricos-neste-mes-de-novembro-com-f-150-lightning-liderando\/"},"modified":"2023-12-06T21:36:20","modified_gmt":"2023-12-07T00:36:20","slug":"ford-bate-recorde-inedito-de-vendas-de-carros-eletricos-neste-mes-de-novembro-com-f-150-lightning-liderando","status":"publish","type":"post","link":"https:\/\/noticiasribeiraopreto.com.br\/index.php\/2023\/12\/06\/ford-bate-recorde-inedito-de-vendas-de-carros-eletricos-neste-mes-de-novembro-com-f-150-lightning-liderando\/","title":{"rendered":"Ford bate recorde in\u00e9dito de vendas de carros el\u00e9tricos neste m\u00eas de novembro, com F-150 lightning liderando"},"content":{"rendered":"<div class='code-block code-block-1' style='margin: 8px 0 8px auto; text-align: right; display: block; clear: both;'>\n<p><a href=\"https:\/\/wa.link\/vpicfd\"><img data-recalc-dims=\"1\" class=\"wp-image-4922\" style=\"aspect-ratio: 2.0253164556962027; width: 561px; height: auto;\" src=\"https:\/\/i0.wp.com\/ismaelcolosi.com.br\/wp-content\/uploads\/2023\/11\/grupo-de-empregos-whatsapp-e-facebook-ismael-colosi-vagas.jpg?ssl=1\" alt=\"\" \/><\/a><\/p>\n<!-- \/wp:image -->\n<\/div>\n<p> <br \/>\n<\/p>\n<div>\n<figure><picture><source srcset=\"https:\/\/clickpetroleoegas.com.br\/wp-content\/uploads\/2023\/12\/Sem-titulo-2-830x450.jpg.webp\" type=\"image\/webp\"><img data-recalc-dims=\"1\" loading=\"lazy\" width=\"830\" height=\"450\" src=\"https:\/\/i0.wp.com\/clickpetroleoegas.com.br\/wp-content\/uploads\/2023\/12\/Sem-titulo-2-830x450.jpg?resize=830%2C450&#038;ssl=1\" class=\"fdnw-post-thumbnail fdnw-first-card-thumbnail wp-post-image\" alt=\"ford, ve\u00edculos el\u00e9tricos, el\u00e9tricos\" decoding=\"async\" data-eio=\"p\"\/><\/source><\/picture><figcaption class=\"fdnw-image-caption\">Foto: reprodu\u00e7\u00e3o Electrek<\/figcaption><\/figure>\n<p>O CEO da Ford, Jim Farley, anunciou na \u00faltima sexta-feira que as vendas do F-150 Lightning atingiram um <strong>novo pico em novembro<\/strong>, com um aumento impressionante de 113%. O modelo el\u00e9trico conquistou o t\u00edtulo de picape el\u00e9trica mais vendida no m\u00eas, superando at\u00e9 mesmo a concorrente Rivian R1T, conforme noticia o site Electrek.<\/p>\n<p>As 4.393 unidades vendidas em novembro marcaram um desempenho not\u00e1vel para a Lightning, ultrapassando as <a href=\"https:\/\/clickpetroleoegas.com.br\/montadora-de-carros-eletricos-vem-pro-brasil-e-ja-esta-em-busca-de-profissionais-para-oportunidades-de-vagas-de-emprego\/\" target=\"_blank\" rel=\"noreferrer noopener\"><strong>vendas<\/strong><\/a> do terceiro trimestre inteiro. O aumento nas vendas coincide com os esfor\u00e7os da Ford para aumentar a produ\u00e7\u00e3o ap\u00f3s uma pausa estrat\u00e9gica para expans\u00e3o da f\u00e1brica.<\/p>\n<p> <span class=\"fdnw-card-article-related\"> <span class=\"h4 fdnw-card-article-related-title\">Artigos recomendados<\/span> <\/span> <\/p>\n<p>Os n\u00fameros impressionantes do F-150 Lightning contribu\u00edram para um novo recorde total de vendas de ve\u00edculos el\u00e9tricos pela Ford em novembro, com 8.958 EVs vendidos, representando um <strong>aumento de 43,2% em rela\u00e7\u00e3o ao ano anterior<\/strong>. A marca agora ocupa a posi\u00e7\u00e3o de segunda marca de EV mais vendida nos EUA, ficando atr\u00e1s apenas da Tesla.<\/p>\n<h2 class=\"wp-block-heading\" id=\"h-mustang-mach-e-e-expansao-do-portfolio-ev-da-ford\">Mustang Mach-E e expans\u00e3o do portf\u00f3lio EV da Ford<\/h2>\n<p>Al\u00e9m do sucesso da Lightning, o Mustang Mach-E, o crossover el\u00e9trico da Ford, tamb\u00e9m teve um desempenho s\u00f3lido, com 4.294 unidades vendidas, um aumento de 21,3%. O Mach-E liderou as vendas de <a href=\"https:\/\/clickpetroleoegas.com.br\/fiat-em-chamas-montadora-revela-dois-monstros-em-formato-de-veiculos-para-esmagar-a-concorrencia-em-2024\/\" target=\"_blank\" rel=\"noreferrer noopener\"><strong>ve\u00edculos el\u00e9tricos<\/strong><\/a> da Ford, contribuindo com mais de 70% das vendas totais no terceiro trimestre.<\/p>\n<p>Embora as vendas gerais da Ford tenham tido uma pequena queda de 0,5% em novembro, o aumento nas vendas de <strong>ve\u00edculos h\u00edbridos em 75,2%<\/strong> destaca a crescente aceita\u00e7\u00e3o dos consumidores em rela\u00e7\u00e3o aos ve\u00edculos el\u00e9tricos e h\u00edbridos.<\/p>\n<div class=\"code-block code-block-5\" style=\"margin: 8px auto; text-align: center; display: block; clear: both;\"> <a href=\"https:\/\/suaads.com\/ref\/ISMAELCOLOSI\" target=\"_blank\" rel=\"noopener\"><img data-recalc-dims=\"1\" decoding=\"async\" src=\"https:\/\/i0.wp.com\/suaurl.com\/img\/bannersref\/s.png?ssl=1\" alt=\"SuaUrl\"  style=\"max-width: 100%;\" class=\"lazy\" loading=\"lazy\"\/><noscript><img data-recalc-dims=\"1\" decoding=\"async\" src=\"https:\/\/i0.wp.com\/suaurl.com\/img\/bannersref\/s.png?ssl=1\" alt=\"SuaUrl\"  style=\"max-width: 100%;\"\/><\/noscript><\/a><\/div>\n<h2 class=\"wp-block-heading\" id=\"h-desafios-e-oportunidades-para-a-ford-no-cenario-de-evs\">Desafios e oportunidades para a Ford no cen\u00e1rio de EVs<\/h2>\n<p>Apesar do desempenho recorde, a Ford enfrenta desafios \u00e0 medida que novos concorrentes entram no mercado de ve\u00edculos el\u00e9tricos. O CFO da Ford, John Lawler, anunciou a <strong>redu\u00e7\u00e3o de investimentos em ve\u00edculos el\u00e9tricos<\/strong>, incluindo a desacelera\u00e7\u00e3o da produ\u00e7\u00e3o do Mustang Mach-E e atrasos em investimentos na f\u00e1brica de baterias EV em Michigan.<\/p>\n<p>A competi\u00e7\u00e3o acirrada, com lan\u00e7amentos aguardados como o Tesla Cybertruck e a Chevy Silverado RST EV, impulsionou a Ford a <a href=\"https:\/\/clickpetroleoegas.com.br\/conheca-o-primeiro-navio-do-mundo-que-pode-ser-carregado-em-mar-aberto-por-turbinas-eolicas-offshore-e-que-dispensa-paradas-em-terra\/\" target=\"_blank\" rel=\"noreferrer noopener\"><strong>apresentar<\/strong><\/a> melhorias no F-150 Lightning, incluindo um novo acabamento \u201cFlash\u201d para o modelo de 2024, oferecendo recursos premium e uma ampla autonomia.<\/p>\n<p>Para atrair ainda mais consumidores, a Ford est\u00e1 lan\u00e7ando promo\u00e7\u00f5es significativas para a picape Lightning EV, incluindo descontos de at\u00e9 US$ 15.000 em incentivos. Isso marca uma estrat\u00e9gia agressiva da Ford para consolidar sua posi\u00e7\u00e3o no mercado competitivo de ve\u00edculos el\u00e9tricos.<\/p>\n<p><strong>Voc\u00ea est\u00e1 pronto para entrar no mundo dos ve\u00edculos el\u00e9tricos da Ford? Descubra ofertas incr\u00edveis em revendedores pr\u00f3ximos, explorando os modelos 2023 e 2024.<\/strong><\/p>\n<div class=\"code-block code-block-10\" style=\"margin: 8px auto; text-align: center; display: block; clear: both;\">\n<hr class=\"wp-block-separator has-alpha-channel-opacity is-style-wide\"\/>\n<p>Voc\u00ea quer receber apenas not\u00edcias e vagas de emprego do seu interesse? A solu\u00e7\u00e3o chegou atrav\u00e9s do app <a href=\"https:\/\/play.google.com\/store\/apps\/details?id=com.clickpetroleoapp&amp;hl=pt&amp;gl=US\" class=\"external\" rel=\"nofollow noopener\" target=\"_blank\"><strong>CPG VAGAS E NOT\u00cdCIAS!<\/strong><\/a> Se voc\u00ea \u00e9 pintor, vai receber no seu celular apenas oportunidades neste cargo. E ser\u00e1 assim com pedreiro, t\u00e9cnico, engenheiro e etc\u2026.. N\u00e3o perca nada do que acontece no mercado de trabalho e econ\u00f4mico do Brasil, baixe agora o app <a href=\"https:\/\/play.google.com\/store\/apps\/details?id=com.clickpetroleoapp&amp;hl=pt&amp;gl=US\" class=\"external\" rel=\"nofollow noopener\" target=\"_blank\">CPG VAGAS E NOT\u00cdCIAS, dispon\u00edvel para Android e IOS!<\/a><\/p>\n<figure class=\"wp-block-image aligncenter size-full\"><a href=\"https:\/\/play.google.com\/store\/apps\/details?id=com.clickpetroleoapp&amp;hl=pt&amp;gl=US\" target=\"_blank\" rel=\"noreferrer noopener nofollow\" class=\"external\"><img data-recalc-dims=\"1\" decoding=\"async\" width=\"1280\" height=\"387\" alt=\"APP CPG VAGAS E NOT\u00cdCIAS\" class=\"wp-image-105306 ewww_webp_lazy_load lazy\" src=\"https:\/\/i0.wp.com\/clickpetroleoegas.com.br\/wp-content\/uploads\/2023\/09\/Aplicativo-de-vagas-de-empregos-e-noticias-da-sua-regiao.jpg.webp?resize=1280%2C387&#038;ssl=1\" loading=\"lazy\"\/><noscript><img data-recalc-dims=\"1\" loading=\"lazy\" decoding=\"async\" width=\"1280\" height=\"387\" alt=\"APP CPG VAGAS E NOT\u00cdCIAS\" class=\"wp-image-105306 ewww_webp_lazy_load\" src=\"https:\/\/i0.wp.com\/clickpetroleoegas.com.br\/wp-content\/uploads\/2023\/09\/Aplicativo-de-vagas-de-empregos-e-noticias-da-sua-regiao.jpg.webp?resize=1280%2C387&#038;ssl=1\"\/><\/noscript><noscript><img data-recalc-dims=\"1\" loading=\"lazy\" decoding=\"async\" width=\"1280\" height=\"387\" src=\"https:\/\/i0.wp.com\/clickpetroleoegas.com.br\/wp-content\/uploads\/2023\/09\/Aplicativo-de-vagas-de-empregos-e-noticias-da-sua-regiao.jpg?resize=1280%2C387&#038;ssl=1\" alt=\"APP CPG VAGAS E NOT\u00cdCIAS\" class=\"wp-image-105306\"\/><\/noscript><\/a><\/figure>\n<\/p><\/div>\n<\/p><\/div>\n<p><script type=\"text\/plain\" data-service=\"facebook\" data-category=\"marketing\">\n!function(f,b,e,v,n,t,s)\n{if(f.fbq)return;n=f.fbq=function(){n.callMethod?\nn.callMethod.apply(n,arguments):n.queue.push(arguments)};\nif(!f._fbq)f._fbq=n;n.push=n;n.loaded=!0;n.version='2.0';\nn.queue=[];t=b.createElement(e);t.async=!0;\nt.src=v;s=b.getElementsByTagName(e)[0];\ns.parentNode.insertBefore(t,s)}(window, document,'script',\n'https:\/\/connect.facebook.net\/en_US\/fbevents.js');\nfbq('init', '5536651029690406');\nfbq('track', 'PageView');\n<\/script><script type=\"text\/plain\" data-service=\"facebook\" data-category=\"marketing\" async defer crossorigin=\"anonymous\" data-rocket-data-cmplz-src=\"https:\/\/connect.facebook.net\/en_US\/sdk.js#xfbml=1&#038;version=v12.0&amp;appId=1127332727839552&#038;autoLogAppEvents=1\">\n<\/script><br \/>\n<br \/><br \/>\n<br \/><a href=\"https:\/\/ismaelcolosi.com.br\/ford-bate-recorde-inedito-de-vendas-de-carros-eletricos-neste-mes-de-novembro-com-f-150-lightning-liderando\/\">Source link <\/a><\/p>\n<!-- CONTENT END 1 -->\n","protected":false},"excerpt":{"rendered":"<p>Foto: reprodu\u00e7\u00e3o Electrek O CEO da Ford, Jim Farley, anunciou na \u00faltima sexta-feira que as vendas do F-150 Lightning atingiram um novo pico em novembro,&#8230;<\/p>\n","protected":false},"author":1,"featured_media":11820,"comment_status":"open","ping_status":"open","sticky":false,"template":"","format":"standard","meta":{"advanced_seo_description":"","jetpack_seo_html_title":"","jetpack_seo_noindex":false,"jetpack_post_was_ever_published":false,"_jetpack_newsletter_access":"","_jetpack_dont_email_post_to_subs":false,"_jetpack_newsletter_tier_id":0,"_jetpack_memberships_contains_paywalled_content":false,"_jetpack_memberships_contains_paid_content":false,"footnotes":"","jetpack_publicize_message":"","jetpack_publicize_feature_enabled":true,"jetpack_social_post_already_shared":true,"jetpack_social_options":{"image_generator_settings":{"template":"highway","default_image_id":0,"font":"","enabled":false},"version":2}},"categories":[7],"tags":[],"class_list":["post-11819","post","type-post","status-publish","format-standard","has-post-thumbnail","hentry","category-vagas-de-empregos-em-ribeirao-preto-regiao-brasil"],"jetpack_publicize_connections":[],"jetpack_featured_media_url":"https:\/\/i0.wp.com\/noticiasribeiraopreto.com.br\/wp-content\/uploads\/2023\/12\/Sem-titulo-2-830x450.jpg?fit=830%2C450&ssl=1","jetpack-related-posts":[{"id":17058,"url":"https:\/\/noticiasribeiraopreto.com.br\/index.php\/2023\/12\/17\/conheca-agora-as-caminhonetes-mais-vendidas-em-11-2023-e-que-dominaram-as-estradas-brasileiras\/","url_meta":{"origin":11819,"position":0},"title":"Conhe\u00e7a agora as caminhonetes mais vendidas em 11\/2023 e que dominaram as estradas brasileiras","author":"noticiasribeiraopreto.com.br","date":"17 de December de 2023","format":false,"excerpt":"Foto: reprodu\u00e7\u00e3o UOL Fiat Strada, Toro, Ram e mais! Confira a lista completa das picapes que arrasaram os cora\u00e7\u00f5es dos brasileiros e novembro O ano de 2023 se consagra como a era das picapes no Brasil, impulsionado por lan\u00e7amentos emocionantes, como Ford Ranger, F-150, Ram Rampage, e as renovadas Chevrolet\u2026","rel":"","context":"In &quot;Vagas de Emprego em Ribeir\u00e3o Preto-SP&quot;","block_context":{"text":"Vagas de Emprego em Ribeir\u00e3o Preto-SP","link":"https:\/\/noticiasribeiraopreto.com.br\/index.php\/category\/empregos-classificados-vagas-trabalho\/vagas-de-empregos-em-ribeirao-preto-regiao-brasil\/"},"img":{"alt_text":"","src":"https:\/\/i0.wp.com\/noticiasribeiraopreto.com.br\/wp-content\/uploads\/2023\/12\/Sem-titulo-3-14-830x450.jpg?fit=830%2C450&ssl=1&resize=350%2C200","width":350,"height":200,"srcset":"https:\/\/i0.wp.com\/noticiasribeiraopreto.com.br\/wp-content\/uploads\/2023\/12\/Sem-titulo-3-14-830x450.jpg?fit=830%2C450&ssl=1&resize=350%2C200 1x, https:\/\/i0.wp.com\/noticiasribeiraopreto.com.br\/wp-content\/uploads\/2023\/12\/Sem-titulo-3-14-830x450.jpg?fit=830%2C450&ssl=1&resize=525%2C300 1.5x, https:\/\/i0.wp.com\/noticiasribeiraopreto.com.br\/wp-content\/uploads\/2023\/12\/Sem-titulo-3-14-830x450.jpg?fit=830%2C450&ssl=1&resize=700%2C400 2x"},"classes":[]},{"id":13813,"url":"https:\/\/noticiasribeiraopreto.com.br\/index.php\/2023\/12\/11\/byd-yuan-up-o-novo-sucesso-do-mercado-de-suvs-eletricos-baratos\/","url_meta":{"origin":11819,"position":1},"title":"BYD Yuan Up: O novo sucesso do mercado de SUVs el\u00e9tricos baratos","author":"noticiasribeiraopreto.com.br","date":"11 de December de 2023","format":false,"excerpt":"BYD Yuan Up 1 \u2013 Todos os direitos: CanalTech O SUV da montadora chinesa BYD \u00e9 uma aposta para conquistar o mercado de ve\u00edculos el\u00e9tricos no terceiro trimestre, desafiando a Tesla. A Tesla \u00e9 a marca de ve\u00edculos el\u00e9tricos mais vendida do mundo, mas atualmente enfrenta amea\u00e7as de concorrentes como\u2026","rel":"","context":"In &quot;Vagas de Emprego em Ribeir\u00e3o Preto-SP&quot;","block_context":{"text":"Vagas de Emprego em Ribeir\u00e3o Preto-SP","link":"https:\/\/noticiasribeiraopreto.com.br\/index.php\/category\/empregos-classificados-vagas-trabalho\/vagas-de-empregos-em-ribeirao-preto-regiao-brasil\/"},"img":{"alt_text":"","src":"https:\/\/i0.wp.com\/noticiasribeiraopreto.com.br\/wp-content\/uploads\/2023\/12\/byd-yuan-up-o-novo-sucesso-do-mercado-de-suvs-eletricos-baratos-830x450.jpg?fit=830%2C450&ssl=1&resize=350%2C200","width":350,"height":200,"srcset":"https:\/\/i0.wp.com\/noticiasribeiraopreto.com.br\/wp-content\/uploads\/2023\/12\/byd-yuan-up-o-novo-sucesso-do-mercado-de-suvs-eletricos-baratos-830x450.jpg?fit=830%2C450&ssl=1&resize=350%2C200 1x, https:\/\/i0.wp.com\/noticiasribeiraopreto.com.br\/wp-content\/uploads\/2023\/12\/byd-yuan-up-o-novo-sucesso-do-mercado-de-suvs-eletricos-baratos-830x450.jpg?fit=830%2C450&ssl=1&resize=525%2C300 1.5x, https:\/\/i0.wp.com\/noticiasribeiraopreto.com.br\/wp-content\/uploads\/2023\/12\/byd-yuan-up-o-novo-sucesso-do-mercado-de-suvs-eletricos-baratos-830x450.jpg?fit=830%2C450&ssl=1&resize=700%2C400 2x"},"classes":[]},{"id":16026,"url":"https:\/\/noticiasribeiraopreto.com.br\/index.php\/2023\/12\/14\/fabricante-chinesa-de-carros-eletricos-promete-reduzir-em-ate-1o-a-temperatura-global\/","url_meta":{"origin":11819,"position":2},"title":"Fabricante chinesa de carros el\u00e9tricos promete reduzir em at\u00e9 1\u00ba a temperatura global","author":"noticiasribeiraopreto.com.br","date":"14 de December de 2023","format":false,"excerpt":"14 de dezembro de 2023 | 17:41 0Maior fabricante de ve\u00edculos el\u00e9tricos do mundo, BYD, j\u00e1 evitou mais de 30 bilh\u00f5es de quilos de emiss\u00f5es de carbono e visa diminuir ainda mais os impactos ambientaisA BYD esteve presente em Ribeir\u00e3o Preto nesta quarta-feira, (13), em um evento realizado na concession\u00e1ria\u2026","rel":"","context":"In &quot;Not\u00edcias de Ribeir\u00e3o Preto-SP e Regi\u00e3o&quot;","block_context":{"text":"Not\u00edcias de Ribeir\u00e3o Preto-SP e Regi\u00e3o","link":"https:\/\/noticiasribeiraopreto.com.br\/index.php\/category\/noticias-de-ribeirao-preto-sp-e-regiao-ismael-colosi\/"},"img":{"alt_text":"","src":"https:\/\/i0.wp.com\/noticiasribeiraopreto.com.br\/wp-content\/uploads\/2023\/12\/byd_capa.jpeg?fit=747%2C469&ssl=1&resize=350%2C200","width":350,"height":200,"srcset":"https:\/\/i0.wp.com\/noticiasribeiraopreto.com.br\/wp-content\/uploads\/2023\/12\/byd_capa.jpeg?fit=747%2C469&ssl=1&resize=350%2C200 1x, https:\/\/i0.wp.com\/noticiasribeiraopreto.com.br\/wp-content\/uploads\/2023\/12\/byd_capa.jpeg?fit=747%2C469&ssl=1&resize=525%2C300 1.5x, https:\/\/i0.wp.com\/noticiasribeiraopreto.com.br\/wp-content\/uploads\/2023\/12\/byd_capa.jpeg?fit=747%2C469&ssl=1&resize=700%2C400 2x"},"classes":[]},{"id":19846,"url":"https:\/\/noticiasribeiraopreto.com.br\/index.php\/2023\/12\/23\/nio-anuncia-lancamento-de-seda-eletrico-que-percorre-incriveis-1-044-km-sem-recarregar\/","url_meta":{"origin":11819,"position":3},"title":"NIO anuncia lan\u00e7amento de sed\u00e3 el\u00e9trico que percorre incr\u00edveis 1.044 km sem recarregar","author":"noticiasribeiraopreto.com.br","date":"23 de December de 2023","format":false,"excerpt":"Foto: NIO\/Divulga\u00e7\u00e3o A autonomia continua sendo um dos maiores desafios para os carros el\u00e9tricos. Em resposta a isso, fabricantes inovadoras, como a startup chinesa NIO, est\u00e3o focadas no desenvolvimento de tecnologias de bateria mais avan\u00e7adas e eficientes. Essas novas baterias visam proporcionar maior autonomia, melhorando significativamente a experi\u00eancia de condu\u00e7\u00e3o\u2026","rel":"","context":"In &quot;Vagas de Emprego em Ribeir\u00e3o Preto-SP&quot;","block_context":{"text":"Vagas de Emprego em Ribeir\u00e3o Preto-SP","link":"https:\/\/noticiasribeiraopreto.com.br\/index.php\/category\/empregos-classificados-vagas-trabalho\/vagas-de-empregos-em-ribeirao-preto-regiao-brasil\/"},"img":{"alt_text":"","src":"https:\/\/i0.wp.com\/noticiasribeiraopreto.com.br\/wp-content\/uploads\/2023\/12\/NIO-anuncia-lancamento-de-seda-eletrico-que-percorre-incriveis-1.044-km-sem-recarregar-830x450.jpg?fit=830%2C450&ssl=1&resize=350%2C200","width":350,"height":200,"srcset":"https:\/\/i0.wp.com\/noticiasribeiraopreto.com.br\/wp-content\/uploads\/2023\/12\/NIO-anuncia-lancamento-de-seda-eletrico-que-percorre-incriveis-1.044-km-sem-recarregar-830x450.jpg?fit=830%2C450&ssl=1&resize=350%2C200 1x, https:\/\/i0.wp.com\/noticiasribeiraopreto.com.br\/wp-content\/uploads\/2023\/12\/NIO-anuncia-lancamento-de-seda-eletrico-que-percorre-incriveis-1.044-km-sem-recarregar-830x450.jpg?fit=830%2C450&ssl=1&resize=525%2C300 1.5x, https:\/\/i0.wp.com\/noticiasribeiraopreto.com.br\/wp-content\/uploads\/2023\/12\/NIO-anuncia-lancamento-de-seda-eletrico-que-percorre-incriveis-1.044-km-sem-recarregar-830x450.jpg?fit=830%2C450&ssl=1&resize=700%2C400 2x"},"classes":[]},{"id":20768,"url":"https:\/\/noticiasribeiraopreto.com.br\/index.php\/2023\/12\/26\/haval-h6-sera-o-primeiro-suv-eletrico-da-gwm-fabricado-no-brasil-com-sucesso-de-vendas-em-2023\/","url_meta":{"origin":11819,"position":4},"title":"Haval H6 ser\u00e1 o primeiro SUV el\u00e9trico da GWM fabricado no Brasil, com sucesso de vendas em 2023","author":"noticiasribeiraopreto.com.br","date":"26 de December de 2023","format":false,"excerpt":"Foto: Reprodu\u00e7\u00e3o Motor1.com Decis\u00e3o estrat\u00e9gica da GWM responde ao sucesso do H6 e \u00e0s mudan\u00e7as nos impostos sobre ve\u00edculos el\u00e9tricos, adiando a estreia da aguardada Picape Poer Segundo O Tempo, a Great Wall Motors (GWM) anuncia uma virada estrat\u00e9gica em sua produ\u00e7\u00e3o brasileira, confirmando o Haval H6 como o primeiro\u2026","rel":"","context":"In &quot;Vagas de Emprego em Ribeir\u00e3o Preto-SP&quot;","block_context":{"text":"Vagas de Emprego em Ribeir\u00e3o Preto-SP","link":"https:\/\/noticiasribeiraopreto.com.br\/index.php\/category\/empregos-classificados-vagas-trabalho\/vagas-de-empregos-em-ribeirao-preto-regiao-brasil\/"},"img":{"alt_text":"","src":"https:\/\/i0.wp.com\/noticiasribeiraopreto.com.br\/wp-content\/uploads\/2023\/12\/capaa-830x450.jpg?fit=830%2C450&ssl=1&resize=350%2C200","width":350,"height":200,"srcset":"https:\/\/i0.wp.com\/noticiasribeiraopreto.com.br\/wp-content\/uploads\/2023\/12\/capaa-830x450.jpg?fit=830%2C450&ssl=1&resize=350%2C200 1x, https:\/\/i0.wp.com\/noticiasribeiraopreto.com.br\/wp-content\/uploads\/2023\/12\/capaa-830x450.jpg?fit=830%2C450&ssl=1&resize=525%2C300 1.5x, https:\/\/i0.wp.com\/noticiasribeiraopreto.com.br\/wp-content\/uploads\/2023\/12\/capaa-830x450.jpg?fit=830%2C450&ssl=1&resize=700%2C400 2x"},"classes":[]},{"id":12435,"url":"https:\/\/noticiasribeiraopreto.com.br\/index.php\/2023\/12\/08\/peugeot-e-2008-o-suv-eletrico-mais-acessivel-do-brasil-agora-por-r-159-990\/","url_meta":{"origin":11819,"position":5},"title":"Peugeot e-2008: O SUV el\u00e9trico mais acess\u00edvel do Brasil agora por R$ 159.990","author":"noticiasribeiraopreto.com.br","date":"8 de December de 2023","format":false,"excerpt":"Element not found \u2013 Todos os direitos: CanalTech A Peugeot est\u00e1 com uma promo\u00e7\u00e3o imperd\u00edvel para o SUV el\u00e9trico Peugeot e-2008. Durante todo o m\u00eas de dezembro, \u00e9 poss\u00edvel adquirir o ve\u00edculo eletrificado por apenas R$ 159.990, tanto nas concession\u00e1rias quanto nos canais digitais da marca, com a possibilidade de\u2026","rel":"","context":"In &quot;Vagas de Emprego em Ribeir\u00e3o Preto-SP&quot;","block_context":{"text":"Vagas de Emprego em Ribeir\u00e3o Preto-SP","link":"https:\/\/noticiasribeiraopreto.com.br\/index.php\/category\/empregos-classificados-vagas-trabalho\/vagas-de-empregos-em-ribeirao-preto-regiao-brasil\/"},"img":{"alt_text":"","src":"https:\/\/i0.wp.com\/noticiasribeiraopreto.com.br\/wp-content\/uploads\/2023\/12\/peugeot-e2008-o-suv-eletrico-mais-acessivel-do-brasil-agora-por-r-159990-830x450.jpg?fit=830%2C450&ssl=1&resize=350%2C200","width":350,"height":200,"srcset":"https:\/\/i0.wp.com\/noticiasribeiraopreto.com.br\/wp-content\/uploads\/2023\/12\/peugeot-e2008-o-suv-eletrico-mais-acessivel-do-brasil-agora-por-r-159990-830x450.jpg?fit=830%2C450&ssl=1&resize=350%2C200 1x, https:\/\/i0.wp.com\/noticiasribeiraopreto.com.br\/wp-content\/uploads\/2023\/12\/peugeot-e2008-o-suv-eletrico-mais-acessivel-do-brasil-agora-por-r-159990-830x450.jpg?fit=830%2C450&ssl=1&resize=525%2C300 1.5x, https:\/\/i0.wp.com\/noticiasribeiraopreto.com.br\/wp-content\/uploads\/2023\/12\/peugeot-e2008-o-suv-eletrico-mais-acessivel-do-brasil-agora-por-r-159990-830x450.jpg?fit=830%2C450&ssl=1&resize=700%2C400 2x"},"classes":[]}],"jetpack_sharing_enabled":true,"jetpack_shortlink":"https:\/\/wp.me\/peQAOb-34D","_links":{"self":[{"href":"https:\/\/noticiasribeiraopreto.com.br\/index.php\/wp-json\/wp\/v2\/posts\/11819","targetHints":{"allow":["GET"]}}],"collection":[{"href":"https:\/\/noticiasribeiraopreto.com.br\/index.php\/wp-json\/wp\/v2\/posts"}],"about":[{"href":"https:\/\/noticiasribeiraopreto.com.br\/index.php\/wp-json\/wp\/v2\/types\/post"}],"author":[{"embeddable":true,"href":"https:\/\/noticiasribeiraopreto.com.br\/index.php\/wp-json\/wp\/v2\/users\/1"}],"replies":[{"embeddable":true,"href":"https:\/\/noticiasribeiraopreto.com.br\/index.php\/wp-json\/wp\/v2\/comments?post=11819"}],"version-history":[{"count":0,"href":"https:\/\/noticiasribeiraopreto.com.br\/index.php\/wp-json\/wp\/v2\/posts\/11819\/revisions"}],"wp:featuredmedia":[{"embeddable":true,"href":"https:\/\/noticiasribeiraopreto.com.br\/index.php\/wp-json\/wp\/v2\/media\/11820"}],"wp:attachment":[{"href":"https:\/\/noticiasribeiraopreto.com.br\/index.php\/wp-json\/wp\/v2\/media?parent=11819"}],"wp:term":[{"taxonomy":"category","embeddable":true,"href":"https:\/\/noticiasribeiraopreto.com.br\/index.php\/wp-json\/wp\/v2\/categories?post=11819"},{"taxonomy":"post_tag","embeddable":true,"href":"https:\/\/noticiasribeiraopreto.com.br\/index.php\/wp-json\/wp\/v2\/tags?post=11819"}],"curies":[{"name":"wp","href":"https:\/\/api.w.org\/{rel}","templated":true}]}}