{"id":1187,"date":"2023-11-10T17:50:48","date_gmt":"2023-11-10T20:50:48","guid":{"rendered":"https:\/\/noticiasribeiraopreto.com.br\/index.php\/2023\/11\/10\/onda-de-calor-veja-5-opcoes-de-lazer-para-se-refrescar-em-ribeirao-e-regiao\/"},"modified":"2023-11-10T17:50:48","modified_gmt":"2023-11-10T20:50:48","slug":"onda-de-calor-veja-5-opcoes-de-lazer-para-se-refrescar-em-ribeirao-e-regiao","status":"publish","type":"post","link":"https:\/\/noticiasribeiraopreto.com.br\/index.php\/2023\/11\/10\/onda-de-calor-veja-5-opcoes-de-lazer-para-se-refrescar-em-ribeirao-e-regiao\/","title":{"rendered":"Onda de calor: Veja 5 op\u00e7\u00f5es de lazer para se refrescar em Ribeir\u00e3o e regi\u00e3o"},"content":{"rendered":"<div class='code-block code-block-1' style='margin: 8px 0 8px auto; text-align: right; display: block; clear: both;'>\n<p><a href=\"https:\/\/wa.link\/vpicfd\"><img data-recalc-dims=\"1\" class=\"wp-image-4922\" style=\"aspect-ratio: 2.0253164556962027; width: 561px; height: auto;\" src=\"https:\/\/i0.wp.com\/ismaelcolosi.com.br\/wp-content\/uploads\/2023\/11\/grupo-de-empregos-whatsapp-e-facebook-ismael-colosi-vagas.jpg?ssl=1\" alt=\"\" \/><\/a><\/p>\n<!-- \/wp:image -->\n<\/div>\n<p> <br \/>\n<\/p>\n<div>\n<p>A temperatura deve <strong>ultrapassar os 40\u00baC em Ribeir\u00e3o Preto<\/strong> e regi\u00e3o nos pr\u00f3ximos dias, devido \u00e0 chegada de uma <strong>nova onda de calor no Brasil<\/strong>. De acordo com a meteorologia, <a href=\"https:\/\/www.acidadeon.com\/ribeiraopreto\/cotidiano\/onda-de-calor-extremo-deve-alcancar-os-45oc-em-cidades-do-interior-de-sp-veja-a-previsao\/\" target=\"_blank\" rel=\"noreferrer noopener\">existe a possibilidade do calor extremo quebrar recordes hist\u00f3ricos.<\/a><\/p>\n<p>Para te ajudar a combater o calor, o portal <strong>acidade on<\/strong> preparou uma lista com <strong>op\u00e7\u00f5es de lazer na regi\u00e3o de Ribeir\u00e3o Preto<\/strong>. <mark style=\"background-color:#fcb900\" class=\"has-inline-color\">Veja abaixo.<\/mark><\/p>\n<h4 class=\"wp-block-heading\"><strong>MAGIC GARDENS<\/strong><\/h4>\n<p>Localizado no bairro Jardim Orestes Lopes, na zona Norte de <strong>Ribeir\u00e3o<\/strong>, o <strong>Magic Gardens<\/strong> \u00e9 uma op\u00e7\u00e3o com <strong>piscinas<\/strong>, <strong>parques <\/strong>e <strong>atividades aqu\u00e1ticas<\/strong>.<\/p>\n<p>Ele funciona de <strong>ter\u00e7a \u00e0 sexta-feira, das 8h \u00e0s 20h e s\u00e1bado, domingo e feriado, das 8h \u00e0s 18h<\/strong>. \u00c9 preciso levar documento com foto ou certid\u00e3o de nascimento para entrar.<\/p>\n<p>A reserva dos ingressos \u00e9 realizada de forma on-line (<a href=\"https:\/\/www.magicgardens.com.br\/valores-convites\" target=\"_blank\" rel=\"noreferrer noopener\">clique aqui<\/a>) e o pagamento \u00e9 feito no dia da visita na secretaria do clube.<mark style=\"background-color:#fcb900\" class=\"has-inline-color\"> <strong>Os valores variam de R$ 5 (crian\u00e7as at\u00e9 4 anos) a R$ 120 <\/strong><\/mark><strong>(adultos)<\/strong>.<\/p>\n<p>Vale ressaltar que para a utiliza\u00e7\u00e3o das piscinas nos finais de semana e feriados ser\u00e1 realizado um exame m\u00e9dico no dia da visita, com uma taxa de R$8 para n\u00e3o s\u00f3cios.\u00a0<\/p>\n<p><em>Magic Gardens<\/em><\/p>\n<p>Dias de visita\u00e7\u00e3o: ter\u00e7a \u00e0 domingo<\/p>\n<p>Hor\u00e1rios: das 8h \u00e0s 20h \u2013 ter\u00e7a-feira \u00e0 sexta-feira<\/p>\n<p>8h \u00e0s 18h \u2013 s\u00e1bado, domingo e feriado<\/p>\n<p>Ingressos: <a href=\"https:\/\/www.magicgardens.com.br\/valores-convites\" target=\"_blank\" rel=\"noreferrer noopener\">clique aqui<\/a><\/p>\n<p>Local: Magic Gardens \u2013\u00a0 avenida Jornalista Ant\u00f4nio Carlos Pinho, Santana, 2501 \u2013 Jardim Orestes Lopes de Camargo<\/p>\n<p>Estacionamento gratuito<\/p>\n<h4 class=\"wp-block-heading\"><strong>RECRA<\/strong><\/h4>\n<p>Com duas unidades na cidade, a <strong>Sociedade Recreativa de Ribeir\u00e3o Preto<\/strong>, a Recra, possui <strong>\u00e1rea de churrasco, \u00e1rea de jogos, ciclofaixa e piscinas infantil e semiol\u00edmpica.\u00a0<\/strong><\/p>\n<p>A Recra Campo est\u00e1 localizada na rodovia Anhanguera, no km 320, sa\u00edda para Uberaba. J\u00e1 a Recra Cidade fica na Avenida Nove de Julho, 299, no Centro.\u00a0<\/p>\n<p>O hor\u00e1rio de funcionamento do <strong>Recra Cidade<\/strong> \u00e9 de <strong>ter\u00e7a-feira a sexta-feira, das 6h \u00e0s 21h e, s\u00e1bado e domingo, das 6h \u00e0s 18h<\/strong>. J\u00e1 do <strong>Recra Campo<\/strong> \u00e9 de <strong>ter\u00e7a-feira a quinta-feira, das 8h \u00e0s 23h e de sexta-feira, s\u00e1bado e domingo, das 8h \u00e0s 18h.\u00a0<\/strong><\/p>\n<p>Os ingressos podem ser adquiridos no multiatendimento da 9 de Julho, de segunda a sexta, das 8h \u00e0s 18h e, aos finais de semana, na portaria dos clubes. <strong><mark style=\"background-color:#fcb900\" class=\"has-inline-color\">Os valores variam entre R$40 (crian\u00e7as de 5 a 10 anos) a R$120 (combo casal).<\/mark><\/strong><\/p>\n<h4 class=\"wp-block-heading\"><strong>PRAINHA DE SERT\u00c3OZINHO<\/strong><\/h4>\n<p><strong><mark style=\"background-color:#fcb900\" class=\"has-inline-color\">Com entrada gratuita<\/mark><\/strong>, o local possui 4 canind\u00e9s, 2 campos de futebol, 2 quadras de t\u00eanis, 2 quadras poliesportivas, estaleiros para pesca, quiosques com e sem churrasqueiras, <strong>praia artificial<\/strong>, <strong>piscina<\/strong>, <strong>chuveir\u00f5es<\/strong>, \u00e1rea verde e estacionamento para 800 ve\u00edculos<\/p>\n<p>N\u00e3o \u00e9 permitido utilizar churrasqueiras port\u00e1teis, contudo, os interessados podem utilizar as churrasqueiras do pr\u00f3prio local, <strong>desde que reservadas com anteced\u00eancia<\/strong>. <a href=\"https:\/\/www.sertaozinho.sp.gov.br\/portal\/noticias\/0\/3\/10151\/churrasqueiras-do-parque-ecologico-gustavo-simioni-podem-ser-reservadas-a-partir-de--amanha-5\" target=\"_blank\" rel=\"noreferrer noopener\">Clique aqui<\/a> e saiba como reservar.<\/p>\n<p><em>Parque Ecol\u00f3gico e de Lazer Gustavo Simioni (prainha)<\/em><\/p>\n<p>Dias de visita\u00e7\u00e3o: de quarta-feira a domingo<\/p>\n<p>Hor\u00e1rios: das 9h \u00e0s 18h<\/p>\n<p>Local: Avenida Dr. Romeu Bonini, s\/n\u00ba \u2013 \u00c1gua Vermelha, Sert\u00e3ozinho<\/p>\n<p>Entrada gratuita<\/p>\n<h4 class=\"wp-block-heading\"><strong>CACHOEIRAS EM JARDIN\u00d3POLIS<\/strong><\/h4>\n<p>Em <strong>Jardin\u00f3polis<\/strong>, cidade a cerca de 22 quil\u00f4metros de <strong>Ribeir\u00e3o Preto<\/strong>, a <strong>Fazenda Morro Azul<\/strong> oferece <strong>tr\u00eas op\u00e7\u00f5es de cachoeiras, piscina de \u00e1gua natural para os visitantes<\/strong> <strong>e 12 quil\u00f4metros de trilhas ecol\u00f3gicas.<\/strong> O local tamb\u00e9m possui hospedagem com caf\u00e9 da manh\u00e3.<\/p>\n<p>A fazenda funciona aos <strong>s\u00e1bados e domingo, das 9h \u00e0s 17h<\/strong>. <strong><mark style=\"background-color:#fcb900\" class=\"has-inline-color\">A entrada \u00e9 R$ 10<\/mark><\/strong>. Para os interessados em passar o final de semana no local, <strong>o valor varia de R$ 50 (crian\u00e7as de 6 a 12 anos) \u00e0 R$ 180 (casal). Crian\u00e7as de 0 a 05 anos n\u00e3o paga.<\/strong><\/p>\n<p><em>Fazenda Morro Azul<\/em><\/p>\n<p>Dias de visita\u00e7\u00e3o: s\u00e1bado e domingo<\/p>\n<p>Hospedagem: a entrada acontece no s\u00e1bado de manh\u00e3 e a sa\u00edda no final da tarde de domingo<\/p>\n<p>Hor\u00e1rios: das 9h \u00e0s 17h<\/p>\n<p>Local: Fazenda Morro Azul \u2013 rua Rafael Cantone, n.\u00ba 645, Jardin\u00f3polis<\/p>\n<p>Ingressos para visita\u00e7\u00e3o: R$ 10 \/ Hospedagem a partir de R$ 50<\/p>\n<h4 class=\"wp-block-heading\"><strong>CACHOEIRA E CERVEJARIA BREEZE<\/strong><\/h4>\n<p>Quem curte natureza e cerveja artesanal deve conhecer a <strong>Cachoeira e Cervejaria Breeze<\/strong>, em <strong>Cajuru<\/strong>, a cerca de 60 quil\u00f4metros de <strong>Ribeir\u00e3o Preto<\/strong>.<\/p>\n<p>O local oferece m\u00fasica ao vivo e op\u00e7\u00f5es de comida, com pratos veganos. <strong>\u00c9 permitida a entrada de animais de estima\u00e7\u00e3o<\/strong> e tamb\u00e9m \u00e9 poss\u00edvel realizar ensaios fotogr\u00e1ficos, mediante agendamento.<\/p>\n<p><strong>SERVI\u00c7O<\/strong><\/p>\n<p><em>Cachoeira e Cervejaria Breeze<\/em><\/p>\n<p>Dias de visita\u00e7\u00e3o: s\u00e1bado, domingo e feriados<\/p>\n<p>Hor\u00e1rios: das 9h \u00e0s 18h<\/p>\n<p>Local: S\u00edtio Cachoeira \u2013 Zona Rural de Cajuru<\/p>\n<p>\u00c9 necess\u00e1rio agendar a visita atrav\u00e9s do WhatsApp (16) 99294-1001<\/p>\n<h4 class=\"wp-block-heading\"><strong><mark style=\"background-color:#fcb900\" class=\"has-inline-color\">FIQUE ON<\/mark><\/strong><\/h4>\n<p>Fique ligado em tudo que acontece em Ribeir\u00e3o Preto e regi\u00e3o. Siga os perfis do\u00a0<strong>acidade on\u00a0<\/strong>no\u00a0<a href=\"https:\/\/www.instagram.com\/acidadeonribeirao\" target=\"_blank\" rel=\"noreferrer noopener\">Instagram<\/a>\u00a0e no\u00a0<a href=\"https:\/\/www.facebook.com\/acidadeonribeirao\" target=\"_blank\" rel=\"noreferrer noopener\">Facebook<\/a>.<\/p>\n<p>Receba not\u00edcias do\u00a0<strong>acidade on<\/strong>\u00a0no WhatsApp.\u00a0<a href=\"https:\/\/chat.whatsapp.com\/Bnv2w66ZT4VDyZW3oiZ69n\" target=\"_blank\" rel=\"noreferrer noopener\">Para entrar no grupo, basta clicar aqui.<\/a><\/p>\n<p>Fa\u00e7a uma den\u00fancia ou sugira uma reportagem sobre a Ribeir\u00e3o Preto e regi\u00e3o pelo WhatsApp: (16) 99117 7802.<\/p>\n<p>VEJA TAMB\u00c9M<\/p>\n<p><a href=\"https:\/\/www.acidadeon.com\/ribeiraopreto\/lazer-e-cultura\/bloco-california-em-ribeirao-preto-anuncia-a-data-da-folia-em-2024\/\" target=\"_blank\" rel=\"noreferrer noopener\">Bloco Calif\u00f3rnia em Ribeir\u00e3o Preto anuncia a data da folia em 2024\u00a0<\/a><\/p>\n<p><!-- AI CONTENT END 1 -->\n<\/div>\n<p><script async src=\"\/\/www.instagram.com\/embed.js\"><\/script><br \/>\n<br \/><br \/>\n<br \/><a href=\"https:\/\/www.acidadeon.com\/ribeiraopreto\/lazer-e-cultura\/onda-de-calor-veja-5-opcoes-de-lazer-para-se-refrescar-em-ribeirao-e-regiao\/\">Source link <\/a><\/p>\n<!-- CONTENT END 1 -->\n","protected":false},"excerpt":{"rendered":"<p>A temperatura deve ultrapassar os 40\u00baC em Ribeir\u00e3o Preto e regi\u00e3o nos pr\u00f3ximos dias, devido \u00e0 chegada de uma nova onda de calor no Brasil&#8230;.<\/p>\n","protected":false},"author":1,"featured_media":1188,"comment_status":"open","ping_status":"open","sticky":false,"template":"","format":"standard","meta":{"advanced_seo_description":"","jetpack_seo_html_title":"","jetpack_seo_noindex":false,"jetpack_post_was_ever_published":false,"_jetpack_newsletter_access":"","_jetpack_dont_email_post_to_subs":false,"_jetpack_newsletter_tier_id":0,"_jetpack_memberships_contains_paywalled_content":false,"_jetpack_memberships_contains_paid_content":false,"footnotes":"","jetpack_publicize_message":"","jetpack_publicize_feature_enabled":true,"jetpack_social_post_already_shared":false,"jetpack_social_options":{"image_generator_settings":{"template":"highway","default_image_id":0,"font":"","enabled":false},"version":2}},"categories":[11],"tags":[],"class_list":["post-1187","post","type-post","status-publish","format-standard","has-post-thumbnail","hentry","category-noticias-de-ribeirao-preto-sp-e-regiao-ismael-colosi"],"jetpack_publicize_connections":[],"jetpack_featured_media_url":"https:\/\/i0.wp.com\/noticiasribeiraopreto.com.br\/wp-content\/uploads\/2023\/11\/22b9a51bd0f356745a9f54f5f910851a.jpg?fit=800%2C533&ssl=1","jetpack-related-posts":[{"id":42717,"url":"https:\/\/noticiasribeiraopreto.com.br\/index.php\/2024\/03\/16\/onda-de-calor-veja-opcoes-de-prainhas-na-regiao-de-ribeirao-preto-para-se-refrescar\/","url_meta":{"origin":1187,"position":0},"title":"Onda de calor: Veja op\u00e7\u00f5es de prainhas na regi\u00e3o de Ribeir\u00e3o Preto para se refrescar","author":"noticiasribeiraopreto.com.br","date":"16 de March de 2024","format":false,"excerpt":"Com a forte onda de calor registrada em todo o pa\u00eds e os term\u00f4metros marcando temperaturas acima do normal para o per\u00edodo, podendo chegar aos 36 graus em Ribeir\u00e3o Preto neste s\u00e1bado (16), o portal a cidade on Ribeir\u00e3o traz algumas op\u00e7\u00f5es de prainhas artificiais na regi\u00e3o para se refrescar.\u2026","rel":"","context":"In &quot;Not\u00edcias de Ribeir\u00e3o Preto-SP e Regi\u00e3o&quot;","block_context":{"text":"Not\u00edcias de Ribeir\u00e3o Preto-SP e Regi\u00e3o","link":"https:\/\/noticiasribeiraopreto.com.br\/index.php\/category\/noticias-de-ribeirao-preto-sp-e-regiao-ismael-colosi\/"},"img":{"alt_text":"","src":"https:\/\/i0.wp.com\/noticiasribeiraopreto.com.br\/wp-content\/uploads\/2024\/03\/Copia-de-Copia-de-TAMANHO-EXATO-PARA-FOTOS-NO-SISTEMA-NOVO-59.jpg?fit=1200%2C675&ssl=1&resize=350%2C200","width":350,"height":200,"srcset":"https:\/\/i0.wp.com\/noticiasribeiraopreto.com.br\/wp-content\/uploads\/2024\/03\/Copia-de-Copia-de-TAMANHO-EXATO-PARA-FOTOS-NO-SISTEMA-NOVO-59.jpg?fit=1200%2C675&ssl=1&resize=350%2C200 1x, https:\/\/i0.wp.com\/noticiasribeiraopreto.com.br\/wp-content\/uploads\/2024\/03\/Copia-de-Copia-de-TAMANHO-EXATO-PARA-FOTOS-NO-SISTEMA-NOVO-59.jpg?fit=1200%2C675&ssl=1&resize=525%2C300 1.5x, https:\/\/i0.wp.com\/noticiasribeiraopreto.com.br\/wp-content\/uploads\/2024\/03\/Copia-de-Copia-de-TAMANHO-EXATO-PARA-FOTOS-NO-SISTEMA-NOVO-59.jpg?fit=1200%2C675&ssl=1&resize=700%2C400 2x, https:\/\/i0.wp.com\/noticiasribeiraopreto.com.br\/wp-content\/uploads\/2024\/03\/Copia-de-Copia-de-TAMANHO-EXATO-PARA-FOTOS-NO-SISTEMA-NOVO-59.jpg?fit=1200%2C675&ssl=1&resize=1050%2C600 3x"},"classes":[]},{"id":77384,"url":"https:\/\/noticiasribeiraopreto.com.br\/index.php\/2025\/09\/17\/veja-onde-se-refrescar-de-graca-durante-a-onda-de-calor-em-ribeirao-preto-e-regiao\/","url_meta":{"origin":1187,"position":1},"title":"Veja onde se refrescar de gra\u00e7a durante a onda de calor em Ribeir\u00e3o Preto e regi\u00e3o","author":"noticiasribeiraopreto.com.br","date":"17 de September de 2025","format":false,"excerpt":"Uma nova onda de calor deve atingir o interior de S\u00e3o Paulo entre os dias 18 e 22 de setembro. Segundo a Climatempo, as temperaturas podem ficar at\u00e9 5\u00b0C acima da m\u00e9dia do m\u00eas, o que deve intensificar a sensa\u00e7\u00e3o de calor em Ribeir\u00e3o Preto e regi\u00e3o. Para ajudar quem\u2026","rel":"","context":"In &quot;Not\u00edcias de Ribeir\u00e3o Preto-SP e Regi\u00e3o&quot;","block_context":{"text":"Not\u00edcias de Ribeir\u00e3o Preto-SP e Regi\u00e3o","link":"https:\/\/noticiasribeiraopreto.com.br\/index.php\/category\/noticias-de-ribeirao-preto-sp-e-regiao-ismael-colosi\/"},"img":{"alt_text":"","src":"https:\/\/i0.wp.com\/noticiasribeiraopreto.com.br\/wp-content\/uploads\/2025\/09\/Copia-de-Copia-de-Copia-de-TAMANHO-EXATO-PARA-FOTOS-NO-SISTEMA-NOVO-2025-09-17T145610.018_2025-09-17_17-56-32.webp.webp?fit=1200%2C675&ssl=1&resize=350%2C200","width":350,"height":200,"srcset":"https:\/\/i0.wp.com\/noticiasribeiraopreto.com.br\/wp-content\/uploads\/2025\/09\/Copia-de-Copia-de-Copia-de-TAMANHO-EXATO-PARA-FOTOS-NO-SISTEMA-NOVO-2025-09-17T145610.018_2025-09-17_17-56-32.webp.webp?fit=1200%2C675&ssl=1&resize=350%2C200 1x, https:\/\/i0.wp.com\/noticiasribeiraopreto.com.br\/wp-content\/uploads\/2025\/09\/Copia-de-Copia-de-Copia-de-TAMANHO-EXATO-PARA-FOTOS-NO-SISTEMA-NOVO-2025-09-17T145610.018_2025-09-17_17-56-32.webp.webp?fit=1200%2C675&ssl=1&resize=525%2C300 1.5x, https:\/\/i0.wp.com\/noticiasribeiraopreto.com.br\/wp-content\/uploads\/2025\/09\/Copia-de-Copia-de-Copia-de-TAMANHO-EXATO-PARA-FOTOS-NO-SISTEMA-NOVO-2025-09-17T145610.018_2025-09-17_17-56-32.webp.webp?fit=1200%2C675&ssl=1&resize=700%2C400 2x, https:\/\/i0.wp.com\/noticiasribeiraopreto.com.br\/wp-content\/uploads\/2025\/09\/Copia-de-Copia-de-Copia-de-TAMANHO-EXATO-PARA-FOTOS-NO-SISTEMA-NOVO-2025-09-17T145610.018_2025-09-17_17-56-32.webp.webp?fit=1200%2C675&ssl=1&resize=1050%2C600 3x"},"classes":[]},{"id":1208,"url":"https:\/\/noticiasribeiraopreto.com.br\/index.php\/2023\/11\/10\/saerp-alerta-para-uso-consciente-de-agua-em-ribeirao-preto-durante-onda-de-calor\/","url_meta":{"origin":1187,"position":2},"title":"Saerp alerta para uso consciente de \u00e1gua em Ribeir\u00e3o Preto durante onda de calor","author":"noticiasribeiraopreto.com.br","date":"10 de November de 2023","format":false,"excerpt":"Devido \u00e0 previs\u00e3o de altas temperaturas nos pr\u00f3ximos dias, o Saerp (Servi\u00e7o de \u00c1gua e Esgoto em Ribeir\u00e3o Preto) emitiu um alerta, nesta sexta-feira (10), para o uso consciente de \u00e1gua no munic\u00edpio durante a onda de calor. De acordo com o \u00f3rg\u00e3o, o consumo de \u00e1gua se intensifica nesse\u2026","rel":"","context":"In &quot;Not\u00edcias de Ribeir\u00e3o Preto-SP e Regi\u00e3o&quot;","block_context":{"text":"Not\u00edcias de Ribeir\u00e3o Preto-SP e Regi\u00e3o","link":"https:\/\/noticiasribeiraopreto.com.br\/index.php\/category\/noticias-de-ribeirao-preto-sp-e-regiao-ismael-colosi\/"},"img":{"alt_text":"","src":"https:\/\/i0.wp.com\/noticiasribeiraopreto.com.br\/wp-content\/uploads\/2023\/11\/alerta_saerp_1-1024x683.png?fit=1024%2C683&ssl=1&resize=350%2C200","width":350,"height":200,"srcset":"https:\/\/i0.wp.com\/noticiasribeiraopreto.com.br\/wp-content\/uploads\/2023\/11\/alerta_saerp_1-1024x683.png?fit=1024%2C683&ssl=1&resize=350%2C200 1x, https:\/\/i0.wp.com\/noticiasribeiraopreto.com.br\/wp-content\/uploads\/2023\/11\/alerta_saerp_1-1024x683.png?fit=1024%2C683&ssl=1&resize=525%2C300 1.5x, https:\/\/i0.wp.com\/noticiasribeiraopreto.com.br\/wp-content\/uploads\/2023\/11\/alerta_saerp_1-1024x683.png?fit=1024%2C683&ssl=1&resize=700%2C400 2x"},"classes":[]},{"id":16721,"url":"https:\/\/noticiasribeiraopreto.com.br\/index.php\/2023\/12\/16\/onda-de-calor-tem-pico-neste-final-de-semana-veja-a-previsao-para-ribeirao\/","url_meta":{"origin":1187,"position":3},"title":"Onda de calor tem pico neste final de semana; Veja a previs\u00e3o para Ribeir\u00e3o","author":"noticiasribeiraopreto.com.br","date":"16 de December de 2023","format":false,"excerpt":"De acordo com a Climatempo, a onda de calor que atinge o Brasil ter\u00e1 o pico neste final de semana. As temperaturas em Ribeir\u00e3o Preto, por exemplo, podem chegar aos 38\u00b0C neste s\u00e1bado (16), segundo os meteorologistas. A m\u00ednima prevista \u00e9 de 22\u00b0C. N\u00e3o h\u00e1 previs\u00e3o de chuva para cidade\u2026","rel":"","context":"In &quot;Not\u00edcias de Ribeir\u00e3o Preto-SP e Regi\u00e3o&quot;","block_context":{"text":"Not\u00edcias de Ribeir\u00e3o Preto-SP e Regi\u00e3o","link":"https:\/\/noticiasribeiraopreto.com.br\/index.php\/category\/noticias-de-ribeirao-preto-sp-e-regiao-ismael-colosi\/"},"img":{"alt_text":"","src":"https:\/\/noticiasribeiraopreto.com.br\/wp-content\/uploads\/2023\/12\/whatsapp_image_2023-03-18_at_09_01_45.jpe","width":350,"height":200,"srcset":"https:\/\/noticiasribeiraopreto.com.br\/wp-content\/uploads\/2023\/12\/whatsapp_image_2023-03-18_at_09_01_45.jpe 1x, https:\/\/noticiasribeiraopreto.com.br\/wp-content\/uploads\/2023\/12\/whatsapp_image_2023-03-18_at_09_01_45.jpe 1.5x, https:\/\/noticiasribeiraopreto.com.br\/wp-content\/uploads\/2023\/12\/whatsapp_image_2023-03-18_at_09_01_45.jpe 2x, https:\/\/noticiasribeiraopreto.com.br\/wp-content\/uploads\/2023\/12\/whatsapp_image_2023-03-18_at_09_01_45.jpe 3x"},"classes":[]},{"id":56914,"url":"https:\/\/noticiasribeiraopreto.com.br\/index.php\/2024\/08\/17\/veja-onde-aproveitar-piscinas-gratuitas-durante-onda-de-calor-em-ribeirao-preto-e-regiao\/","url_meta":{"origin":1187,"position":4},"title":"Veja onde aproveitar piscinas gratuitas durante onda de calor em Ribeir\u00e3o Preto e regi\u00e3o","author":"noticiasribeiraopreto.com.br","date":"17 de August de 2024","format":false,"excerpt":"Uma nova onda de calor deve chegar a Ribeir\u00e3o Preto neste fim de semana. O Inmet (Instituto Nacional de Meteorologia) emitiu um alerta de perigo potencial para o interior de S\u00e3o Paulo e as temperaturas podem ficar at\u00e9 5\u00baC acima da m\u00e9dia por um per\u00edodo de dois a tr\u00eas dias.\u2026","rel":"","context":"In &quot;Not\u00edcias de Ribeir\u00e3o Preto-SP e Regi\u00e3o&quot;","block_context":{"text":"Not\u00edcias de Ribeir\u00e3o Preto-SP e Regi\u00e3o","link":"https:\/\/noticiasribeiraopreto.com.br\/index.php\/category\/noticias-de-ribeirao-preto-sp-e-regiao-ismael-colosi\/"},"img":{"alt_text":"","src":"https:\/\/i0.wp.com\/noticiasribeiraopreto.com.br\/wp-content\/uploads\/2024\/08\/piscina_2024-08-17_17-17-12_jpg_2024-08-17_17-17-12.webp.webp?fit=1200%2C803&ssl=1&resize=350%2C200","width":350,"height":200,"srcset":"https:\/\/i0.wp.com\/noticiasribeiraopreto.com.br\/wp-content\/uploads\/2024\/08\/piscina_2024-08-17_17-17-12_jpg_2024-08-17_17-17-12.webp.webp?fit=1200%2C803&ssl=1&resize=350%2C200 1x, https:\/\/i0.wp.com\/noticiasribeiraopreto.com.br\/wp-content\/uploads\/2024\/08\/piscina_2024-08-17_17-17-12_jpg_2024-08-17_17-17-12.webp.webp?fit=1200%2C803&ssl=1&resize=525%2C300 1.5x, https:\/\/i0.wp.com\/noticiasribeiraopreto.com.br\/wp-content\/uploads\/2024\/08\/piscina_2024-08-17_17-17-12_jpg_2024-08-17_17-17-12.webp.webp?fit=1200%2C803&ssl=1&resize=700%2C400 2x, https:\/\/i0.wp.com\/noticiasribeiraopreto.com.br\/wp-content\/uploads\/2024\/08\/piscina_2024-08-17_17-17-12_jpg_2024-08-17_17-17-12.webp.webp?fit=1200%2C803&ssl=1&resize=1050%2C600 3x"},"classes":[]},{"id":16554,"url":"https:\/\/noticiasribeiraopreto.com.br\/index.php\/2023\/12\/15\/veja-opcoes-de-clube-em-ribeirao-para-se-refrescar-durante-a-nova-onda-de-calor\/","url_meta":{"origin":1187,"position":5},"title":"Veja op\u00e7\u00f5es de clube em Ribeir\u00e3o para se refrescar durante a nova onda de calor","author":"noticiasribeiraopreto.com.br","date":"15 de December de 2023","format":false,"excerpt":"A nova onda de calor que atinge Ribeir\u00e3o Preto e regi\u00e3o deve permanecer at\u00e9 o dia 20 de dezembro, de acordo com a Climatempo. Durante esse per\u00edodo, os term\u00f4metros devem se aproximar dos 40\u00baC na cidade. Neste s\u00e1bado (16) e domingo (17), a meteorologia prev\u00ea m\u00e1ximas de 38\u00baC e 37\u00baC,\u2026","rel":"","context":"In &quot;Not\u00edcias de Ribeir\u00e3o Preto-SP e Regi\u00e3o&quot;","block_context":{"text":"Not\u00edcias de Ribeir\u00e3o Preto-SP e Regi\u00e3o","link":"https:\/\/noticiasribeiraopreto.com.br\/index.php\/category\/noticias-de-ribeirao-preto-sp-e-regiao-ismael-colosi\/"},"img":{"alt_text":"","src":"https:\/\/i0.wp.com\/noticiasribeiraopreto.com.br\/wp-content\/uploads\/2023\/12\/guarda-chuva-e-cadeira-1-scaled.jpg?fit=1200%2C800&ssl=1&resize=350%2C200","width":350,"height":200,"srcset":"https:\/\/i0.wp.com\/noticiasribeiraopreto.com.br\/wp-content\/uploads\/2023\/12\/guarda-chuva-e-cadeira-1-scaled.jpg?fit=1200%2C800&ssl=1&resize=350%2C200 1x, https:\/\/i0.wp.com\/noticiasribeiraopreto.com.br\/wp-content\/uploads\/2023\/12\/guarda-chuva-e-cadeira-1-scaled.jpg?fit=1200%2C800&ssl=1&resize=525%2C300 1.5x, https:\/\/i0.wp.com\/noticiasribeiraopreto.com.br\/wp-content\/uploads\/2023\/12\/guarda-chuva-e-cadeira-1-scaled.jpg?fit=1200%2C800&ssl=1&resize=700%2C400 2x, https:\/\/i0.wp.com\/noticiasribeiraopreto.com.br\/wp-content\/uploads\/2023\/12\/guarda-chuva-e-cadeira-1-scaled.jpg?fit=1200%2C800&ssl=1&resize=1050%2C600 3x"},"classes":[]}],"jetpack_sharing_enabled":true,"jetpack_shortlink":"https:\/\/wp.me\/peQAOb-j9","_links":{"self":[{"href":"https:\/\/noticiasribeiraopreto.com.br\/index.php\/wp-json\/wp\/v2\/posts\/1187","targetHints":{"allow":["GET"]}}],"collection":[{"href":"https:\/\/noticiasribeiraopreto.com.br\/index.php\/wp-json\/wp\/v2\/posts"}],"about":[{"href":"https:\/\/noticiasribeiraopreto.com.br\/index.php\/wp-json\/wp\/v2\/types\/post"}],"author":[{"embeddable":true,"href":"https:\/\/noticiasribeiraopreto.com.br\/index.php\/wp-json\/wp\/v2\/users\/1"}],"replies":[{"embeddable":true,"href":"https:\/\/noticiasribeiraopreto.com.br\/index.php\/wp-json\/wp\/v2\/comments?post=1187"}],"version-history":[{"count":0,"href":"https:\/\/noticiasribeiraopreto.com.br\/index.php\/wp-json\/wp\/v2\/posts\/1187\/revisions"}],"wp:featuredmedia":[{"embeddable":true,"href":"https:\/\/noticiasribeiraopreto.com.br\/index.php\/wp-json\/wp\/v2\/media\/1188"}],"wp:attachment":[{"href":"https:\/\/noticiasribeiraopreto.com.br\/index.php\/wp-json\/wp\/v2\/media?parent=1187"}],"wp:term":[{"taxonomy":"category","embeddable":true,"href":"https:\/\/noticiasribeiraopreto.com.br\/index.php\/wp-json\/wp\/v2\/categories?post=1187"},{"taxonomy":"post_tag","embeddable":true,"href":"https:\/\/noticiasribeiraopreto.com.br\/index.php\/wp-json\/wp\/v2\/tags?post=1187"}],"curies":[{"name":"wp","href":"https:\/\/api.w.org\/{rel}","templated":true}]}}