{"id":11894,"date":"2023-12-07T00:48:20","date_gmt":"2023-12-07T03:48:20","guid":{"rendered":"https:\/\/noticiasribeiraopreto.com.br\/index.php\/2023\/12\/07\/5-empresas-de-tecnologia-com-processo-seletivo-aberto-2\/"},"modified":"2023-12-07T00:48:20","modified_gmt":"2023-12-07T03:48:20","slug":"5-empresas-de-tecnologia-com-processo-seletivo-aberto-2","status":"publish","type":"post","link":"https:\/\/noticiasribeiraopreto.com.br\/index.php\/2023\/12\/07\/5-empresas-de-tecnologia-com-processo-seletivo-aberto-2\/","title":{"rendered":"5 empresas de tecnologia com processo seletivo aberto"},"content":{"rendered":"<div class='code-block code-block-1' style='margin: 8px 0 8px auto; text-align: right; display: block; clear: both;'>\n<p><a href=\"https:\/\/wa.link\/vpicfd\"><img data-recalc-dims=\"1\" class=\"wp-image-4922\" style=\"aspect-ratio: 2.0253164556962027; width: 561px; height: auto;\" src=\"https:\/\/i0.wp.com\/ismaelcolosi.com.br\/wp-content\/uploads\/2023\/11\/grupo-de-empregos-whatsapp-e-facebook-ismael-colosi-vagas.jpg?ssl=1\" alt=\"\" \/><\/a><\/p>\n<!-- \/wp:image -->\n<\/div>\n<p> <br \/>\n<\/p>\n<div>\n<p>Se voc\u00ea est\u00e1 em busca de uma oportunidade de trabalho no<strong> setor de tecnologia<\/strong>, confira as vagas dispon\u00edveis em cinco empresas que est\u00e3o contratando.<\/p>\n<p>O ano de 2023 est\u00e1 chegando ao fim, mas ainda h\u00e1 tempo para come\u00e7ar 2024 com um novo emprego. Se voc\u00ea tem interesse em trabalhar no setor de tecnologia, saiba que h\u00e1 diversas empresas com vagas abertas para diferentes \u00e1reas e n\u00edveis de experi\u00eancia.<\/p>\n<p>Neste texto, vamos apresentar cinco empresas de tecnologia que est\u00e3o contratando profissionais para atuar em diferentes cidades do Brasil. Veja a seguir quais s\u00e3o elas, quais s\u00e3o as oportunidades e como se candidatar.<\/p>\n<h2>Skyone<\/h2>\n<p>A Skyone \u00e9 l\u00edder no fornecimento de solu\u00e7\u00f5es tecnol\u00f3gicas para simplificar e potencializar a produtividade empresarial atrav\u00e9s de uma \u00fanica plataforma. A empresa est\u00e1 com mais de 10 oportunidades em aberto, para as \u00e1reas de desenvolvimento, infraestrutura, vendas, marketing, entre outras.<\/p>\n<p>Com modelo de trabalho presencial para a cidade de S\u00e3o Paulo e h\u00edbrido, as vagas podem ser conferidas no <a href=\"https:\/\/skyone.gupy.io\/\">link<\/a>.<\/p>\n<h2>Logicalis<\/h2>\n<p>A Logicalis \u00e9 uma empresa global de solu\u00e7\u00f5es e servi\u00e7os de tecnologia da informa\u00e7\u00e3o e comunica\u00e7\u00e3o. A empresa est\u00e1 com inscri\u00e7\u00f5es abertas para seu Programa de Est\u00e1gio 2024, que oferece vagas para as \u00e1reas de Consultoria e TechHouse. As oportunidades s\u00e3o para o modelo de trabalho h\u00edbrido e os candidatos devem ter previs\u00e3o de formatura entre dezembro de 2024 e dezembro de 2025.<\/p>\n<div class=\"code-block code-block-5\" style=\"margin: 8px auto; text-align: center; display: block; clear: both;\"> <a href=\"https:\/\/suaads.com\/ref\/ISMAELCOLOSI\" target=\"_blank\" rel=\"noopener\"><img data-recalc-dims=\"1\" decoding=\"async\" src=\"https:\/\/i0.wp.com\/suaurl.com\/img\/bannersref\/s.png?ssl=1\" alt=\"SuaUrl\"  style=\"max-width: 100%;\" class=\"lazy\" loading=\"lazy\"\/><noscript><img data-recalc-dims=\"1\" decoding=\"async\" src=\"https:\/\/i0.wp.com\/suaurl.com\/img\/bannersref\/s.png?ssl=1\" alt=\"SuaUrl\"  style=\"max-width: 100%;\"\/><\/noscript><\/a><\/div>\n<p>O prazo para inscri\u00e7\u00f5es \u00e9 at\u00e9 o dia 8 de dezembro no <a href=\"https:\/\/www.ciadeestagios.com.br\/vagas\/logicalis\/\">site da empresa<\/a>.<\/p>\n<h2>Punto<\/h2>\n<p>A Punto \u00e9 uma marca da Edenred Brasil de maquininhas de pagamento. A empresa est\u00e1 com quatro novas vagas de emprego abertas em Alphaville, regi\u00e3o da Grande S\u00e3o Paulo, e em Bel\u00e9m, capital do Par\u00e1. As oportunidades s\u00e3o para os cargos de Coordenador de Produtos, Assistente de Atendimento, e Analista de Back Office Jr. A empresa oferece um pacote de benef\u00edcios atrativos, al\u00e9m de acesso a uma plataforma de treinamentos e uma equipe multidisciplinar de sa\u00fade e bem-estar.<\/p>\n<p>Os interessados nas oportunidades devem se candidatar por meio dos links:<\/p>\n<h2>LongPing High-Tech<\/h2>\n<p>A LongPing High-Tech \u00e9 uma empresa de biotecnologia que atua no segmento de sementes. A empresa est\u00e1 com as inscri\u00e7\u00f5es abertas para seu 8\u00ba Programa de Est\u00e1gio, que oferece vagas para as \u00e1reas de finan\u00e7as, pesquisa e desenvolvimento, comunica\u00e7\u00e3o, log\u00edstica e customer service. As oportunidades est\u00e3o distribu\u00eddas entre as unidades de Cravinhos e Jardin\u00f3polis (SP), Araguari (MG) e Sorriso (MT). Os candidatos devem estar cursando o \u00faltimo ou pen\u00faltimo ano da gradua\u00e7\u00e3o e ter disponibilidade para estagiar 30 horas semanais.<\/p>\n<p>Os interessados em fazer parte do programa devem se inscrever at\u00e9 o dia 3 de dezembro, pelo <a href=\"http:\/\/www.lpht.com.br\/carreiras\/programa-de-talentos\">site da empresa.<\/a><\/p>\n<h2>Passarelli<\/h2>\n<p>A Passarelli Engenharia e Constru\u00e7\u00e3o \u00e9 uma empresa que atua na execu\u00e7\u00e3o de obras de infraestrutura, saneamento, energia, mobilidade urbana, entre outras. A empresa est\u00e1 com vagas de emprego dispon\u00edveis em S\u00e3o Paulo, Rio de Janeiro e Cear\u00e1, para atua\u00e7\u00e3o tanto no escrit\u00f3rio quanto em projetos de constru\u00e7\u00e3o. A empresa oferece oportunidades para diversas \u00e1reas, incluindo vagas destinadas a Pessoas com Defici\u00eancia (PcD).<\/p>\n<p>Para mais informa\u00e7\u00f5es e candidatura \u00e0s vagas dispon\u00edveis, acesse o <a href=\"https:\/\/carreiraspassarelli.gupy.io\/\">site da empresa.<\/a><\/p>\n<p>+++Acompanhe as principais <a href=\"https:\/\/jcconcursos.com.br\/noticia\/empregos\">vagas de emprego do Brasil no JC Concursos<\/a><\/p>\n<p><a id=\"gnews_btn\" href=\"https:\/\/news.google.com\/publications\/CAAqBwgKMOixlQswuZWrAw\" target=\"_blank\" class=\"border_jc_blue link_hover_bg_jc_blue font_85 d-block d-md-inline-block px-2 py-1 mr-0 mr-md-2 mb-3 w-100 text-center\" rel=\"noopener\"><span class=\"text_jc_blue\">Siga o <strong>JC Concursos no Google News<\/strong><\/span><\/a><a href=\"https:\/\/jcconcursos.com.br\/empregos\/\" class=\"badge badge-light\">empregos<\/a><a href=\"https:\/\/jcconcursos.com.br\/noticia\/empregos\" class=\"badge badge-light\">vagas de emprego<\/a><\/p>\n<\/div>\n<p><br \/>\n<br \/><a href=\"https:\/\/ismaelcolosi.com.br\/5-empresas-de-tecnologia-com-processo-seletivo-aberto\/\">Source link <\/a><\/p>\n<!-- CONTENT END 1 -->\n","protected":false},"excerpt":{"rendered":"<p>Se voc\u00ea est\u00e1 em busca de uma oportunidade de trabalho no setor de tecnologia, confira as vagas dispon\u00edveis em cinco empresas que est\u00e3o contratando. O&#8230;<\/p>\n","protected":false},"author":1,"featured_media":11895,"comment_status":"open","ping_status":"open","sticky":false,"template":"","format":"standard","meta":{"advanced_seo_description":"","jetpack_seo_html_title":"","jetpack_seo_noindex":false,"jetpack_post_was_ever_published":false,"_jetpack_newsletter_access":"","_jetpack_dont_email_post_to_subs":false,"_jetpack_newsletter_tier_id":0,"_jetpack_memberships_contains_paywalled_content":false,"_jetpack_memberships_contains_paid_content":false,"footnotes":"","jetpack_publicize_message":"","jetpack_publicize_feature_enabled":true,"jetpack_social_post_already_shared":true,"jetpack_social_options":{"image_generator_settings":{"template":"highway","default_image_id":0,"font":"","enabled":false},"version":2}},"categories":[7],"tags":[],"class_list":["post-11894","post","type-post","status-publish","format-standard","has-post-thumbnail","hentry","category-vagas-de-empregos-em-ribeirao-preto-regiao-brasil"],"jetpack_publicize_connections":[],"jetpack_featured_media_url":"https:\/\/i0.wp.com\/noticiasribeiraopreto.com.br\/wp-content\/uploads\/2023\/12\/1701920904_tec-tecnologia-ti-pixabay.jpg?fit=1920%2C1080&ssl=1","jetpack-related-posts":[{"id":40144,"url":"https:\/\/noticiasribeiraopreto.com.br\/index.php\/2024\/03\/01\/catho-revela-as-principais-areas-de-2024\/","url_meta":{"origin":11894,"position":0},"title":"Catho revela as principais \u00e1reas de 2024","author":"noticiasribeiraopreto.com.br","date":"1 de March de 2024","format":false,"excerpt":"Se voc\u00ea est\u00e1 entrando no mercado de trabalho ou deseja realizar uma migra\u00e7\u00e3o de carreira, definir a sua \u00e1rea de atua\u00e7\u00e3o e conhecer quais s\u00e3o as empresas contratando na sua regi\u00e3o s\u00e3o defini\u00e7\u00f5es essenciais para constru\u00e7\u00e3o da sua vida profissional. Para voc\u00ea que deseja acelerar a sua carreira neste ano,\u2026","rel":"","context":"In &quot;Blog&quot;","block_context":{"text":"Blog","link":"https:\/\/noticiasribeiraopreto.com.br\/index.php\/category\/blog\/"},"img":{"alt_text":"","src":"https:\/\/i0.wp.com\/noticiasribeiraopreto.com.br\/wp-content\/uploads\/2024\/03\/empresas-contratando.png?fit=1200%2C628&ssl=1&resize=350%2C200","width":350,"height":200,"srcset":"https:\/\/i0.wp.com\/noticiasribeiraopreto.com.br\/wp-content\/uploads\/2024\/03\/empresas-contratando.png?fit=1200%2C628&ssl=1&resize=350%2C200 1x, https:\/\/i0.wp.com\/noticiasribeiraopreto.com.br\/wp-content\/uploads\/2024\/03\/empresas-contratando.png?fit=1200%2C628&ssl=1&resize=525%2C300 1.5x, https:\/\/i0.wp.com\/noticiasribeiraopreto.com.br\/wp-content\/uploads\/2024\/03\/empresas-contratando.png?fit=1200%2C628&ssl=1&resize=700%2C400 2x, https:\/\/i0.wp.com\/noticiasribeiraopreto.com.br\/wp-content\/uploads\/2024\/03\/empresas-contratando.png?fit=1200%2C628&ssl=1&resize=1050%2C600 3x"},"classes":[]},{"id":23853,"url":"https:\/\/noticiasribeiraopreto.com.br\/index.php\/2024\/01\/03\/8-profissoes-faceis-para-conseguir-emprego-meu-valor-digital\/","url_meta":{"origin":11894,"position":1},"title":"8 Profiss\u00f5es f\u00e1ceis para conseguir emprego &#8211; Meu Valor Digital","author":"noticiasribeiraopreto.com.br","date":"3 de January de 2024","format":false,"excerpt":"Em um mercado de trabalho t\u00e3o competitivo que exige tanto, saber onde focar suas energias para conseguir, de maneira mais f\u00e1cil, um emprego Uma boa escolha profissional pode ser a melhor op\u00e7\u00e3o nessa corrida por oportunidades. Escolher bem a sua profiss\u00e3o \u00e9 um fator determinante para saber se voc\u00ea ter\u00e1\u2026","rel":"","context":"In &quot;Vagas de Emprego em Ribeir\u00e3o Preto-SP&quot;","block_context":{"text":"Vagas de Emprego em Ribeir\u00e3o Preto-SP","link":"https:\/\/noticiasribeiraopreto.com.br\/index.php\/category\/empregos-classificados-vagas-trabalho\/vagas-de-empregos-em-ribeirao-preto-regiao-brasil\/"},"img":{"alt_text":"","src":"https:\/\/i0.wp.com\/noticiasribeiraopreto.com.br\/wp-content\/uploads\/2024\/01\/rapaz-fazendo-entrevista-de-emprego.jpg?fit=1200%2C801&ssl=1&resize=350%2C200","width":350,"height":200,"srcset":"https:\/\/i0.wp.com\/noticiasribeiraopreto.com.br\/wp-content\/uploads\/2024\/01\/rapaz-fazendo-entrevista-de-emprego.jpg?fit=1200%2C801&ssl=1&resize=350%2C200 1x, https:\/\/i0.wp.com\/noticiasribeiraopreto.com.br\/wp-content\/uploads\/2024\/01\/rapaz-fazendo-entrevista-de-emprego.jpg?fit=1200%2C801&ssl=1&resize=525%2C300 1.5x, https:\/\/i0.wp.com\/noticiasribeiraopreto.com.br\/wp-content\/uploads\/2024\/01\/rapaz-fazendo-entrevista-de-emprego.jpg?fit=1200%2C801&ssl=1&resize=700%2C400 2x, https:\/\/i0.wp.com\/noticiasribeiraopreto.com.br\/wp-content\/uploads\/2024\/01\/rapaz-fazendo-entrevista-de-emprego.jpg?fit=1200%2C801&ssl=1&resize=1050%2C600 3x"},"classes":[]},{"id":16412,"url":"https:\/\/noticiasribeiraopreto.com.br\/index.php\/2023\/12\/15\/empresas-de-tecnologia-abrem-vagas-de-emprego-em-diversas-areas-2\/","url_meta":{"origin":11894,"position":2},"title":"Empresas de tecnologia abrem vagas de emprego em diversas \u00e1reas","author":"noticiasribeiraopreto.com.br","date":"15 de December de 2023","format":false,"excerpt":"O setor de tecnologia continua a ser um dos mais din\u00e2micos e inovadores, oferecendo uma variedade de oportunidades para profissionais em diferentes \u00e1reas. De desenvolvedores a analistas, as empresas est\u00e3o em busca de talentos para impulsionar o crescimento e a inova\u00e7\u00e3o. Diversas empresas, incluindo o Grupo Verante, ZOOM Tech Business\u2026","rel":"","context":"In &quot;Vagas de Emprego em Ribeir\u00e3o Preto-SP&quot;","block_context":{"text":"Vagas de Emprego em Ribeir\u00e3o Preto-SP","link":"https:\/\/noticiasribeiraopreto.com.br\/index.php\/category\/empregos-classificados-vagas-trabalho\/vagas-de-empregos-em-ribeirao-preto-regiao-brasil\/"},"img":{"alt_text":"","src":"https:\/\/i0.wp.com\/noticiasribeiraopreto.com.br\/wp-content\/uploads\/2023\/12\/1702662497_cientista-tecnologia-da-informacao-freepik.jpg?fit=1200%2C675&ssl=1&resize=350%2C200","width":350,"height":200,"srcset":"https:\/\/i0.wp.com\/noticiasribeiraopreto.com.br\/wp-content\/uploads\/2023\/12\/1702662497_cientista-tecnologia-da-informacao-freepik.jpg?fit=1200%2C675&ssl=1&resize=350%2C200 1x, https:\/\/i0.wp.com\/noticiasribeiraopreto.com.br\/wp-content\/uploads\/2023\/12\/1702662497_cientista-tecnologia-da-informacao-freepik.jpg?fit=1200%2C675&ssl=1&resize=525%2C300 1.5x, https:\/\/i0.wp.com\/noticiasribeiraopreto.com.br\/wp-content\/uploads\/2023\/12\/1702662497_cientista-tecnologia-da-informacao-freepik.jpg?fit=1200%2C675&ssl=1&resize=700%2C400 2x, https:\/\/i0.wp.com\/noticiasribeiraopreto.com.br\/wp-content\/uploads\/2023\/12\/1702662497_cientista-tecnologia-da-informacao-freepik.jpg?fit=1200%2C675&ssl=1&resize=1050%2C600 3x"},"classes":[]},{"id":16693,"url":"https:\/\/noticiasribeiraopreto.com.br\/index.php\/2023\/12\/16\/processos-seletivos-na-fosp-ligga-e-mais-empresas-somam-600-vagas-abertas-no-pais-2\/","url_meta":{"origin":11894,"position":3},"title":"Processos seletivos na FOSP, Ligga e mais empresas somam 600 vagas abertas no pa\u00eds","author":"noticiasribeiraopreto.com.br","date":"16 de December de 2023","format":false,"excerpt":"Aproximadamente 600 vagas est\u00e3o abertas para profissionais e estudantes de v\u00e1rias \u00e1reas. \u00c9 grande o n\u00famero de empresas que precisam contratar ou recolocar funcion\u00e1rios e\/ou estagi\u00e1rios em todas as regi\u00f5es do Brasil. Com intuito de auxiliar sua busca por uma oportunidade no mercado de trabalho, o JC Concursos preparou uma\u2026","rel":"","context":"In &quot;Vagas de Emprego em Ribeir\u00e3o Preto-SP&quot;","block_context":{"text":"Vagas de Emprego em Ribeir\u00e3o Preto-SP","link":"https:\/\/noticiasribeiraopreto.com.br\/index.php\/category\/empregos-classificados-vagas-trabalho\/vagas-de-empregos-em-ribeirao-preto-regiao-brasil\/"},"img":{"alt_text":"","src":"https:\/\/i0.wp.com\/noticiasribeiraopreto.com.br\/wp-content\/uploads\/2023\/12\/1702716404_carteira-de-trabalho-digital-novo-agencia-brasil.jpg?fit=1200%2C675&ssl=1&resize=350%2C200","width":350,"height":200,"srcset":"https:\/\/i0.wp.com\/noticiasribeiraopreto.com.br\/wp-content\/uploads\/2023\/12\/1702716404_carteira-de-trabalho-digital-novo-agencia-brasil.jpg?fit=1200%2C675&ssl=1&resize=350%2C200 1x, https:\/\/i0.wp.com\/noticiasribeiraopreto.com.br\/wp-content\/uploads\/2023\/12\/1702716404_carteira-de-trabalho-digital-novo-agencia-brasil.jpg?fit=1200%2C675&ssl=1&resize=525%2C300 1.5x, https:\/\/i0.wp.com\/noticiasribeiraopreto.com.br\/wp-content\/uploads\/2023\/12\/1702716404_carteira-de-trabalho-digital-novo-agencia-brasil.jpg?fit=1200%2C675&ssl=1&resize=700%2C400 2x, https:\/\/i0.wp.com\/noticiasribeiraopreto.com.br\/wp-content\/uploads\/2023\/12\/1702716404_carteira-de-trabalho-digital-novo-agencia-brasil.jpg?fit=1200%2C675&ssl=1&resize=1050%2C600 3x"},"classes":[]},{"id":20989,"url":"https:\/\/noticiasribeiraopreto.com.br\/index.php\/2023\/12\/26\/empresa-esta-contratando-auxiliares-supervisores-e-operadores\/","url_meta":{"origin":11894,"position":4},"title":"empresa est\u00e1 contratando auxiliares, supervisores e operadores","author":"noticiasribeiraopreto.com.br","date":"26 de December de 2023","format":false,"excerpt":"empresa est\u00e1 contratando auxiliares, supervisores e operadores - Ismael Colosi Pular para o conte\u00fado Foto: Divulga\u00e7\u00e3o\/Freitas Com 34 anos de tradi\u00e7\u00e3o e presen\u00e7a em diversos estados brasileiros, a Freitas est\u00e1 expandindo seu time. Conhecida pela variedade de produtos e pre\u00e7os competitivos, a empresa busca profissionais din\u00e2micos para integrar sua equipe.\u2026","rel":"","context":"In &quot;Vagas de Emprego em Ribeir\u00e3o Preto-SP&quot;","block_context":{"text":"Vagas de Emprego em Ribeir\u00e3o Preto-SP","link":"https:\/\/noticiasribeiraopreto.com.br\/index.php\/category\/empregos-classificados-vagas-trabalho\/vagas-de-empregos-em-ribeirao-preto-regiao-brasil\/"},"img":{"alt_text":"","src":"https:\/\/i0.wp.com\/noticiasribeiraopreto.com.br\/wp-content\/uploads\/2023\/12\/Freitas-abre-novas-vagas-de-emprego-em-diversas-regioes-empresa-esta-contratando-auxiliares-supervisores-e-operadores-830x450.jpg?fit=830%2C450&ssl=1&resize=350%2C200","width":350,"height":200,"srcset":"https:\/\/i0.wp.com\/noticiasribeiraopreto.com.br\/wp-content\/uploads\/2023\/12\/Freitas-abre-novas-vagas-de-emprego-em-diversas-regioes-empresa-esta-contratando-auxiliares-supervisores-e-operadores-830x450.jpg?fit=830%2C450&ssl=1&resize=350%2C200 1x, https:\/\/i0.wp.com\/noticiasribeiraopreto.com.br\/wp-content\/uploads\/2023\/12\/Freitas-abre-novas-vagas-de-emprego-em-diversas-regioes-empresa-esta-contratando-auxiliares-supervisores-e-operadores-830x450.jpg?fit=830%2C450&ssl=1&resize=525%2C300 1.5x, https:\/\/i0.wp.com\/noticiasribeiraopreto.com.br\/wp-content\/uploads\/2023\/12\/Freitas-abre-novas-vagas-de-emprego-em-diversas-regioes-empresa-esta-contratando-auxiliares-supervisores-e-operadores-830x450.jpg?fit=830%2C450&ssl=1&resize=700%2C400 2x"},"classes":[]},{"id":16112,"url":"https:\/\/noticiasribeiraopreto.com.br\/index.php\/2023\/12\/14\/veja-7-processos-seletivos-em-empresas-de-tecnologia-2\/","url_meta":{"origin":11894,"position":5},"title":"veja 7 processos seletivos em empresas de tecnologia","author":"noticiasribeiraopreto.com.br","date":"14 de December de 2023","format":false,"excerpt":"Voc\u00ea est\u00e1 em busca de uma oportunidade de trabalho na \u00e1rea de tecnologia? Ent\u00e3o, este texto \u00e9 para voc\u00ea. Neste artigo, voc\u00ea vai encontrar um compilado de processos seletivos abertos em empresas de diferentes segmentos e regi\u00f5es do Brasil. S\u00e3o vagas para desenvolvimento, gest\u00e3o, comercial, suporte, entre outras \u00e1reas. Al\u00e9m\u2026","rel":"","context":"In &quot;Vagas de Emprego em Ribeir\u00e3o Preto-SP&quot;","block_context":{"text":"Vagas de Emprego em Ribeir\u00e3o Preto-SP","link":"https:\/\/noticiasribeiraopreto.com.br\/index.php\/category\/empregos-classificados-vagas-trabalho\/vagas-de-empregos-em-ribeirao-preto-regiao-brasil\/"},"img":{"alt_text":"","src":"https:\/\/i0.wp.com\/noticiasribeiraopreto.com.br\/wp-content\/uploads\/2023\/12\/emprego-entrevista-freepik.jpg?fit=1200%2C675&ssl=1&resize=350%2C200","width":350,"height":200,"srcset":"https:\/\/i0.wp.com\/noticiasribeiraopreto.com.br\/wp-content\/uploads\/2023\/12\/emprego-entrevista-freepik.jpg?fit=1200%2C675&ssl=1&resize=350%2C200 1x, https:\/\/i0.wp.com\/noticiasribeiraopreto.com.br\/wp-content\/uploads\/2023\/12\/emprego-entrevista-freepik.jpg?fit=1200%2C675&ssl=1&resize=525%2C300 1.5x, https:\/\/i0.wp.com\/noticiasribeiraopreto.com.br\/wp-content\/uploads\/2023\/12\/emprego-entrevista-freepik.jpg?fit=1200%2C675&ssl=1&resize=700%2C400 2x, https:\/\/i0.wp.com\/noticiasribeiraopreto.com.br\/wp-content\/uploads\/2023\/12\/emprego-entrevista-freepik.jpg?fit=1200%2C675&ssl=1&resize=1050%2C600 3x"},"classes":[]}],"jetpack_sharing_enabled":true,"jetpack_shortlink":"https:\/\/wp.me\/peQAOb-35Q","_links":{"self":[{"href":"https:\/\/noticiasribeiraopreto.com.br\/index.php\/wp-json\/wp\/v2\/posts\/11894","targetHints":{"allow":["GET"]}}],"collection":[{"href":"https:\/\/noticiasribeiraopreto.com.br\/index.php\/wp-json\/wp\/v2\/posts"}],"about":[{"href":"https:\/\/noticiasribeiraopreto.com.br\/index.php\/wp-json\/wp\/v2\/types\/post"}],"author":[{"embeddable":true,"href":"https:\/\/noticiasribeiraopreto.com.br\/index.php\/wp-json\/wp\/v2\/users\/1"}],"replies":[{"embeddable":true,"href":"https:\/\/noticiasribeiraopreto.com.br\/index.php\/wp-json\/wp\/v2\/comments?post=11894"}],"version-history":[{"count":0,"href":"https:\/\/noticiasribeiraopreto.com.br\/index.php\/wp-json\/wp\/v2\/posts\/11894\/revisions"}],"wp:featuredmedia":[{"embeddable":true,"href":"https:\/\/noticiasribeiraopreto.com.br\/index.php\/wp-json\/wp\/v2\/media\/11895"}],"wp:attachment":[{"href":"https:\/\/noticiasribeiraopreto.com.br\/index.php\/wp-json\/wp\/v2\/media?parent=11894"}],"wp:term":[{"taxonomy":"category","embeddable":true,"href":"https:\/\/noticiasribeiraopreto.com.br\/index.php\/wp-json\/wp\/v2\/categories?post=11894"},{"taxonomy":"post_tag","embeddable":true,"href":"https:\/\/noticiasribeiraopreto.com.br\/index.php\/wp-json\/wp\/v2\/tags?post=11894"}],"curies":[{"name":"wp","href":"https:\/\/api.w.org\/{rel}","templated":true}]}}