{"id":11896,"date":"2023-12-07T01:04:17","date_gmt":"2023-12-07T04:04:17","guid":{"rendered":"https:\/\/noticiasribeiraopreto.com.br\/index.php\/2023\/12\/07\/6-musicas-de-natal-mais-tocadas-em-dezembro-meu-valor-digital\/"},"modified":"2023-12-07T01:04:17","modified_gmt":"2023-12-07T04:04:17","slug":"6-musicas-de-natal-mais-tocadas-em-dezembro-meu-valor-digital","status":"publish","type":"post","link":"https:\/\/noticiasribeiraopreto.com.br\/index.php\/2023\/12\/07\/6-musicas-de-natal-mais-tocadas-em-dezembro-meu-valor-digital\/","title":{"rendered":"6 m\u00fasicas de Natal mais tocadas em dezembro\u00a0 &#8211; Meu Valor Digital"},"content":{"rendered":"<div class='code-block code-block-1' style='margin: 8px 0 8px auto; text-align: right; display: block; clear: both;'>\n<p><a href=\"https:\/\/wa.link\/vpicfd\"><img data-recalc-dims=\"1\" class=\"wp-image-4922\" style=\"aspect-ratio: 2.0253164556962027; width: 561px; height: auto;\" src=\"https:\/\/i0.wp.com\/ismaelcolosi.com.br\/wp-content\/uploads\/2023\/11\/grupo-de-empregos-whatsapp-e-facebook-ismael-colosi-vagas.jpg?ssl=1\" alt=\"\" \/><\/a><\/p>\n<!-- \/wp:image -->\n<\/div>\n<p> <br \/>\n<\/p>\n<div>\n<p>Dezembro \u00e9 um m\u00eas m\u00e1gico! As cidades ficam lindas com os enfeites de Natal. As lojas cheias, pessoas comprando presentes para a pessoa amada, o amigo e o vizinho. As crian\u00e7as ansiosas pela chegada do Papai Noel. Outras pessoas est\u00e3o aguardando <a href=\"https:\/\/meuvalordigital.com.br\/9-desenhos-para-a-garotada-assistir-no-natal\/\" target=\"_blank\" rel=\"noreferrer noopener\">o dia 24<\/a> para ir \u00e0 Missa do Galo. Em alguns minutos, voc\u00ea pensa que n\u00e3o existem problemas.<\/p>\n<p>Para um momento m\u00e1gico como as festas natalinas \u00e9 necess\u00e1rio ter uma linda trilha sonora!<\/p>\n<h2 class=\"wp-block-heading\" id=\"h-entao-e-natal-simone\">Ent\u00e3o \u00e9 Natal (Simone)<\/h2>\n<figure class=\"wp-block-embed is-type-video is-provider-youtube wp-block-embed-youtube wp-embed-aspect-4-3 wp-has-aspect-ratio\">\n<div class=\"wp-block-embed__wrapper\">\n<noscript><iframe loading=\"lazy\" title=\"Ent\u00e3o \u00e9 Natal (letra)\" width=\"500\" height=\"375\" src=\"https:\/\/www.youtube.com\/embed\/EkO0vvkKmE0?feature=oembed\" frameborder=\"0\" allow=\"accelerometer; autoplay; clipboard-write; encrypted-media; gyroscope; picture-in-picture; web-share\" referrerpolicy=\"strict-origin-when-cross-origin\" allowfullscreen><\/iframe><\/noscript>\n<\/div>\n<\/figure>\n<p>25 de Dezembro \u00e9 um \u00e1lbum de est\u00fadio lan\u00e7ado em 1995 pela cantora brasileira Simone, sob o selo da gravadora PolyGram.<\/p>\n<p>O disco apresenta exclusivamente can\u00e7\u00f5es crist\u00e3s e com tem\u00e1tica natalina, inaugurando um segmento at\u00e9 ent\u00e3o inexistente na ind\u00fastria fonogr\u00e1fica nacional. O \u00e1lbum tornou-se um \u00eaxito comercial no Brasil, ultrapassando a marca de 1 milh\u00e3o de c\u00f3pias vendidas.<\/p>\n<p>Entre as m\u00fasicas est\u00e1 \u201cEnt\u00e3o \u00e9 Natal\u201d vers\u00e3o em portugu\u00eas de \u201cHappy Xmas (War Is Over)\u201d, de John Lennon e Yoko Ono, 1971.<\/p>\n<h2 class=\"wp-block-heading\" id=\"h-natal-todo-dia-roupa-nova\">Natal Todo Dia (Roupa Nova)<\/h2>\n<figure class=\"wp-block-embed is-type-video is-provider-youtube wp-block-embed-youtube wp-embed-aspect-16-9 wp-has-aspect-ratio\">\n<div class=\"wp-block-embed__wrapper\">\n<noscript><iframe loading=\"lazy\" title=\"Roupa Nova - Natal Todo Dia\" width=\"500\" height=\"281\" src=\"https:\/\/www.youtube.com\/embed\/WFoez21EK9g?feature=oembed\" frameborder=\"0\" allow=\"accelerometer; autoplay; clipboard-write; encrypted-media; gyroscope; picture-in-picture; web-share\" referrerpolicy=\"strict-origin-when-cross-origin\" allowfullscreen><\/iframe><\/noscript>\n<\/div>\n<\/figure>\n<ul>\n<li>Um clima de sonho se espalha no ar<\/li>\n<li>Pessoas se olham com brilho no olhar<\/li>\n<li>A gente j\u00e1 sente chegando o Natal<\/li>\n<li>\u00c9 tempo de amor, todo mundo \u00e9 igual<\/li>\n<\/ul>\n<p>Essa m\u00fasica do Roupa Nova com certeza vai colocar voc\u00ea no clima de Natal!<\/p>\n<h2 class=\"wp-block-heading\" id=\"h-bate-o-sino-pequenino\">Bate o Sino Pequenino<\/h2>\n<figure class=\"wp-block-embed is-type-video is-provider-youtube wp-block-embed-youtube wp-embed-aspect-16-9 wp-has-aspect-ratio\">\n<div class=\"wp-block-embed__wrapper\">\n<noscript><iframe loading=\"lazy\" title=\"M\u00fasica de Natal - Bate o Sino Pequenino - Cole\u00e7\u00e3o Miau\" width=\"500\" height=\"281\" src=\"https:\/\/www.youtube.com\/embed\/qPvHXFombyU?feature=oembed\" frameborder=\"0\" allow=\"accelerometer; autoplay; clipboard-write; encrypted-media; gyroscope; picture-in-picture; web-share\" referrerpolicy=\"strict-origin-when-cross-origin\" allowfullscreen><\/iframe><\/noscript>\n<\/div>\n<\/figure>\n<ul>\n<li>Bate o sino pequenino, Sino de Bel\u00e9m<\/li>\n<li>J\u00e1 Nasceu deus menino<\/li>\n<li>Para os nossos b\u00e9m<\/li>\n<li>Paz na terra pede o sino alegre a cantar\u2026<\/li>\n<\/ul>\n<p>Todo mundo conhece essa m\u00fasica natalina que \u00e9 cantada na noite de Natal!<\/p>\n<h2 class=\"wp-block-heading\" id=\"h-mariah-carey-all-i-want-for-christmas-is-you\">Mariah Carey \u2013 All I Want For Christmas Is You<\/h2>\n<figure class=\"wp-block-embed is-type-video is-provider-youtube wp-block-embed-youtube wp-embed-aspect-4-3 wp-has-aspect-ratio\">\n<div class=\"wp-block-embed__wrapper\">\n<noscript><iframe loading=\"lazy\" title=\"Mariah Carey - All I Want For Christmas Is You (Tradu\u00e7\u00e3o\/Legendado)\" width=\"500\" height=\"375\" src=\"https:\/\/www.youtube.com\/embed\/FAu3YL4Yphs?feature=oembed\" frameborder=\"0\" allow=\"accelerometer; autoplay; clipboard-write; encrypted-media; gyroscope; picture-in-picture; web-share\" referrerpolicy=\"strict-origin-when-cross-origin\" allowfullscreen><\/iframe><\/noscript>\n<\/div>\n<\/figure>\n<p>All I Want for Christmas Is You \u00e9 uma can\u00e7\u00e3o da cantora americana Mariah Carey de seu quarto \u00e1lbum de est\u00fadio e primeiro \u00e1lbum de f\u00e9rias, Merry Christmas (1994). Escrita e produzida por Carey e Walter Afanasieff , a can\u00e7\u00e3o foi lan\u00e7ada como primeiro single do \u00e1lbum em 29 de outubro de 1994, pela Columbia Records.<\/p>\n<p>\u00c9 um pecado n\u00e3o mencionar\u00a0 Mariah Carey e a sua can\u00e7\u00e3o de Natal no m\u00eas de dezembro!<\/p>\n<h2 class=\"wp-block-heading\" id=\"h-sia-santa-s-coming-for-us\">Sia \u2013 Santa\u2019s Coming For Us<\/h2>\n<figure class=\"wp-block-embed is-type-video is-provider-youtube wp-block-embed-youtube wp-embed-aspect-16-9 wp-has-aspect-ratio\">\n<div class=\"wp-block-embed__wrapper\">\n<noscript><iframe loading=\"lazy\" title=\"Sia - Santa&#039;s Coming For Us\" width=\"500\" height=\"281\" src=\"https:\/\/www.youtube.com\/embed\/V3EYjVPRClU?feature=oembed\" frameborder=\"0\" allow=\"accelerometer; autoplay; clipboard-write; encrypted-media; gyroscope; picture-in-picture; web-share\" referrerpolicy=\"strict-origin-when-cross-origin\" allowfullscreen><\/iframe><\/noscript>\n<\/div>\n<\/figure>\n<p>Santa\u2019s Coming for Us \u201d \u00e9 uma m\u00fasica escrita por Sia e Greg Kurstin e lan\u00e7ada em 30 de outubro de 2017 como o primeiro single do oitavo \u00e1lbum de est\u00fadio de Sia e primeiro \u00e1lbum de Natal , Everyday Is Christmas .<\/p>\n<p>Sia escreveu \u201cSanta\u2019s Coming for Us\u201d com seu colaborador de longa data Greg Kurstin , que tamb\u00e9m produziu a m\u00fasica.<\/p>\n<p>Leia tamb\u00e9m | <strong><a href=\"https:\/\/meuvalordigital.com.br\/arvore-de-natal-qual-dia-posso-montar-de-acordo-com-a-tradicao\/\" target=\"_blank\" rel=\"noreferrer noopener\">\u00c1rvore de Natal: qual dia posso montar de acordo com a tradi\u00e7\u00e3o?<\/a><\/strong><\/p>\n<h2 class=\"wp-block-heading\" id=\"h-kylie-minogue-it-s-the-most-wonderful-time-of-the-year\">Kylie Minogue \u2013 It\u2019s The Most Wonderful Time Of The Year<\/h2>\n<figure class=\"wp-block-embed is-type-video is-provider-youtube wp-block-embed-youtube wp-embed-aspect-16-9 wp-has-aspect-ratio\">\n<div class=\"wp-block-embed__wrapper\">\n<noscript><iframe loading=\"lazy\" title=\"Kylie Minogue - It&#039;s The Most Wonderful Time Of The Year (Studio Video)\" width=\"500\" height=\"281\" src=\"https:\/\/www.youtube.com\/embed\/4pPpxsbqxR8?feature=oembed\" frameborder=\"0\" allow=\"accelerometer; autoplay; clipboard-write; encrypted-media; gyroscope; picture-in-picture; web-share\" referrerpolicy=\"strict-origin-when-cross-origin\" allowfullscreen><\/iframe><\/noscript>\n<\/div>\n<\/figure>\n<p>It\u2019s The Most Wonderful Time Of The Year \u00e9 uma popular can\u00e7\u00e3o de Natal escrita em compasso triplo em 1963 por Edward Pola e George Wyle. Kylie Minogue gravou uma vers\u00e3o da m\u00fasica para inclus\u00e3o em seu primeiro \u00e1lbum de f\u00e9rias, Kylie Christmas (2015).<\/p>\n<p>Kelly Clarkson \u2013 Silent Night (feat. Reba McEntire &amp; Trisha Yearwood)<\/p>\n<ul>\n<li>Noite silenciosa, noite sagrada<\/li>\n<li>Tudo est\u00e1 calmo, tudo est\u00e1 claro<\/li>\n<li>Ao redor daquela virgem m\u00e3e e filho<\/li>\n<li>Santo beb\u00ea t\u00e3o terno e suave<\/li>\n<li>Durma na paz celestial<\/li>\n<li>Durma na paz celestial<\/li>\n<\/ul>\n<p>A letra dessa m\u00fasica com certeza vai fazer voc\u00ea entrar no clima de Natal!<\/p>\n<\/div>\n<p><br \/>\n<br \/><a href=\"https:\/\/meuvalordigital.com.br\/6-musicas-de-natal-mais-tocadas-em-dezembro\/\">Source link <\/a><\/p>\n<!-- CONTENT END 1 -->\n","protected":false},"excerpt":{"rendered":"<p>Dezembro \u00e9 um m\u00eas m\u00e1gico! As cidades ficam lindas com os enfeites de Natal. As lojas cheias, pessoas comprando presentes para a pessoa amada, o&#8230;<\/p>\n","protected":false},"author":1,"featured_media":11897,"comment_status":"open","ping_status":"open","sticky":false,"template":"","format":"standard","meta":{"advanced_seo_description":"","jetpack_seo_html_title":"","jetpack_seo_noindex":false,"jetpack_post_was_ever_published":false,"_jetpack_newsletter_access":"","_jetpack_dont_email_post_to_subs":false,"_jetpack_newsletter_tier_id":0,"_jetpack_memberships_contains_paywalled_content":false,"_jetpack_memberships_contains_paid_content":false,"footnotes":"","jetpack_publicize_message":"","jetpack_publicize_feature_enabled":true,"jetpack_social_post_already_shared":true,"jetpack_social_options":{"image_generator_settings":{"template":"highway","default_image_id":0,"font":"","enabled":false},"version":2}},"categories":[7],"tags":[],"class_list":["post-11896","post","type-post","status-publish","format-standard","has-post-thumbnail","hentry","category-vagas-de-empregos-em-ribeirao-preto-regiao-brasil"],"jetpack_publicize_connections":[],"jetpack_featured_media_url":"https:\/\/i0.wp.com\/noticiasribeiraopreto.com.br\/wp-content\/uploads\/2023\/12\/Musicas-de-Natal-1.jpg?fit=1242%2C800&ssl=1","jetpack-related-posts":[{"id":18936,"url":"https:\/\/noticiasribeiraopreto.com.br\/index.php\/2023\/12\/21\/trio-italiano-anuncia-ep-de-natal-4-xmas\/","url_meta":{"origin":11896,"position":0},"title":"Trio italiano anuncia EP de Natal 4 Xmas","author":"noticiasribeiraopreto.com.br","date":"21 de December de 2023","format":false,"excerpt":"Depois de uma tour de sucesso pela Europa, Am\u00e9rica do Sul e Mil\u00e3o, o IL VOLO deseja um Feliz Natal com o seu novo projecto\u00a0\u20184 XMAS\u2019. Um EP de quatro faixas \u2013 j\u00e1 dispon\u00edvel em todas as plataformas digitais, com o qual o trio presenteia os f\u00e3s de todo o\u2026","rel":"","context":"In &quot;Variedades&quot;","block_context":{"text":"Variedades","link":"https:\/\/noticiasribeiraopreto.com.br\/index.php\/category\/variedades\/"},"img":{"alt_text":"","src":"https:\/\/i0.wp.com\/noticiasribeiraopreto.com.br\/wp-content\/uploads\/2023\/12\/ep-natal-1.png?fit=1200%2C638&ssl=1&resize=350%2C200","width":350,"height":200,"srcset":"https:\/\/i0.wp.com\/noticiasribeiraopreto.com.br\/wp-content\/uploads\/2023\/12\/ep-natal-1.png?fit=1200%2C638&ssl=1&resize=350%2C200 1x, https:\/\/i0.wp.com\/noticiasribeiraopreto.com.br\/wp-content\/uploads\/2023\/12\/ep-natal-1.png?fit=1200%2C638&ssl=1&resize=525%2C300 1.5x, https:\/\/i0.wp.com\/noticiasribeiraopreto.com.br\/wp-content\/uploads\/2023\/12\/ep-natal-1.png?fit=1200%2C638&ssl=1&resize=700%2C400 2x, https:\/\/i0.wp.com\/noticiasribeiraopreto.com.br\/wp-content\/uploads\/2023\/12\/ep-natal-1.png?fit=1200%2C638&ssl=1&resize=1050%2C600 3x"},"classes":[]},{"id":5115,"url":"https:\/\/noticiasribeiraopreto.com.br\/index.php\/2023\/11\/22\/5-filmes-para-assistir-hoje-na-netflix-e-entrar-no-clima-natalino\/","url_meta":{"origin":11896,"position":1},"title":"5 filmes para assistir hoje na Netflix e entrar no clima natalino","author":"noticiasribeiraopreto.com.br","date":"22 de November de 2023","format":false,"excerpt":"Cr\u00e9ditos: Divulga\u00e7\u00e3o\/Netflix Filmes de Natal para ver na Netflix Pois \u00e9\u2026 Falta pouco mais de um m\u00eas para o Natal e chegou a hora de entrar no clima. Todos os anos, a Netflix lan\u00e7a diversos filmes e s\u00e9ries com a tem\u00e1tica natalina e em 2023 n\u00e3o ser\u00e1 diferente. Os filmes\u2026","rel":"","context":"In &quot;Variedades&quot;","block_context":{"text":"Variedades","link":"https:\/\/noticiasribeiraopreto.com.br\/index.php\/category\/variedades\/"},"img":{"alt_text":"","src":"https:\/\/i0.wp.com\/noticiasribeiraopreto.com.br\/wp-content\/uploads\/2023\/11\/filme-natal.jpg?fit=1200%2C638&ssl=1&resize=350%2C200","width":350,"height":200,"srcset":"https:\/\/i0.wp.com\/noticiasribeiraopreto.com.br\/wp-content\/uploads\/2023\/11\/filme-natal.jpg?fit=1200%2C638&ssl=1&resize=350%2C200 1x, https:\/\/i0.wp.com\/noticiasribeiraopreto.com.br\/wp-content\/uploads\/2023\/11\/filme-natal.jpg?fit=1200%2C638&ssl=1&resize=525%2C300 1.5x, https:\/\/i0.wp.com\/noticiasribeiraopreto.com.br\/wp-content\/uploads\/2023\/11\/filme-natal.jpg?fit=1200%2C638&ssl=1&resize=700%2C400 2x, https:\/\/i0.wp.com\/noticiasribeiraopreto.com.br\/wp-content\/uploads\/2023\/11\/filme-natal.jpg?fit=1200%2C638&ssl=1&resize=1050%2C600 3x"},"classes":[]},{"id":1322,"url":"https:\/\/noticiasribeiraopreto.com.br\/index.php\/2023\/11\/11\/natal-luz-papai-noel-chega-no-dia-2\/","url_meta":{"origin":11896,"position":2},"title":"Natal Luz: Papai Noel chega no dia 2\u00a0","author":"noticiasribeiraopreto.com.br","date":"11 de November de 2023","format":false,"excerpt":"11 de novembro de 2023 | 18:0011 de novembro de 2023 | 13:03 0A 21\u00aa edi\u00e7\u00e3o do Natal Luz da Associa\u00e7\u00e3o Comercial e Industrial de Ribeir\u00e3o Preto (Acirp) ter\u00e1 in\u00edcio no pr\u00f3ximo dia 2 de dezembro, s\u00e1bado, \u00e0s dez horas, com desfile pelas ruas e a chegada do Papai Noel\u2026","rel":"","context":"In &quot;Not\u00edcias de Ribeir\u00e3o Preto-SP e Regi\u00e3o&quot;","block_context":{"text":"Not\u00edcias de Ribeir\u00e3o Preto-SP e Regi\u00e3o","link":"https:\/\/noticiasribeiraopreto.com.br\/index.php\/category\/noticias-de-ribeirao-preto-sp-e-regiao-ismael-colosi\/"},"img":{"alt_text":"","src":"https:\/\/i0.wp.com\/noticiasribeiraopreto.com.br\/wp-content\/uploads\/2023\/11\/NatalLUZ-Cen-Fabrica-de-Retratos-02-scaled.jpg?fit=967%2C645&ssl=1&resize=350%2C200","width":350,"height":200,"srcset":"https:\/\/i0.wp.com\/noticiasribeiraopreto.com.br\/wp-content\/uploads\/2023\/11\/NatalLUZ-Cen-Fabrica-de-Retratos-02-scaled.jpg?fit=967%2C645&ssl=1&resize=350%2C200 1x, https:\/\/i0.wp.com\/noticiasribeiraopreto.com.br\/wp-content\/uploads\/2023\/11\/NatalLUZ-Cen-Fabrica-de-Retratos-02-scaled.jpg?fit=967%2C645&ssl=1&resize=525%2C300 1.5x, https:\/\/i0.wp.com\/noticiasribeiraopreto.com.br\/wp-content\/uploads\/2023\/11\/NatalLUZ-Cen-Fabrica-de-Retratos-02-scaled.jpg?fit=967%2C645&ssl=1&resize=700%2C400 2x"},"classes":[]},{"id":12172,"url":"https:\/\/noticiasribeiraopreto.com.br\/index.php\/2023\/12\/07\/por-que-no-natal-damos-presentes-para-outras-pessoas-meu-valor-digital\/","url_meta":{"origin":11896,"position":3},"title":"Por que no Natal damos presentes para outras pessoas? &#8211; Meu Valor Digital","author":"noticiasribeiraopreto.com.br","date":"7 de December de 2023","format":false,"excerpt":"No clima acolhedor do Natal, envolver-se na troca de presentes \u00e9 uma tradi\u00e7\u00e3o querida por muitos. Mas, voc\u00ea j\u00e1 parou para se perguntar por que essa pr\u00e1tica se tornou t\u00e3o arraigada nas celebra\u00e7\u00f5es natalinas? Neste artigo, exploraremos as origens e significados por tr\u00e1s do ato generoso de presentear amigos e\u2026","rel":"","context":"In &quot;Vagas de Emprego em Ribeir\u00e3o Preto-SP&quot;","block_context":{"text":"Vagas de Emprego em Ribeir\u00e3o Preto-SP","link":"https:\/\/noticiasribeiraopreto.com.br\/index.php\/category\/empregos-classificados-vagas-trabalho\/vagas-de-empregos-em-ribeirao-preto-regiao-brasil\/"},"img":{"alt_text":"","src":"https:\/\/i0.wp.com\/noticiasribeiraopreto.com.br\/wp-content\/uploads\/2023\/12\/casal-trocando-presentes-de-natal.jpg?fit=1200%2C801&ssl=1&resize=350%2C200","width":350,"height":200,"srcset":"https:\/\/i0.wp.com\/noticiasribeiraopreto.com.br\/wp-content\/uploads\/2023\/12\/casal-trocando-presentes-de-natal.jpg?fit=1200%2C801&ssl=1&resize=350%2C200 1x, https:\/\/i0.wp.com\/noticiasribeiraopreto.com.br\/wp-content\/uploads\/2023\/12\/casal-trocando-presentes-de-natal.jpg?fit=1200%2C801&ssl=1&resize=525%2C300 1.5x, https:\/\/i0.wp.com\/noticiasribeiraopreto.com.br\/wp-content\/uploads\/2023\/12\/casal-trocando-presentes-de-natal.jpg?fit=1200%2C801&ssl=1&resize=700%2C400 2x, https:\/\/i0.wp.com\/noticiasribeiraopreto.com.br\/wp-content\/uploads\/2023\/12\/casal-trocando-presentes-de-natal.jpg?fit=1200%2C801&ssl=1&resize=1050%2C600 3x"},"classes":[]},{"id":10924,"url":"https:\/\/noticiasribeiraopreto.com.br\/index.php\/2023\/12\/05\/natal-magico-de-ribeirao-pires-levara-desfile-tematico-a-ruas-do-centro-nesta-sexta-feira\/","url_meta":{"origin":11896,"position":4},"title":"Natal M\u00e1gico de Ribeir\u00e3o Pires levar\u00e1 desfile tem\u00e1tico a ruas do Centro nesta sexta-feira","author":"noticiasribeiraopreto.com.br","date":"5 de December de 2023","format":false,"excerpt":"Os festejos de fim de ano prometem reacender o esp\u00edrito natalino em Ribeir\u00e3o Pires. As ruas Felipe Sabbag, Boa Vista, Miguel Prisco e o Pa\u00e7o Municipal receber\u00e3o, nesta sexta-feira (08\/12), a partir das 18h, desfile tem\u00e1tico com personagens que marca a abertura oficial do Natal M\u00e1gico 2023. Ser\u00e3o 12 carros\u2026","rel":"","context":"In &quot;Variedades&quot;","block_context":{"text":"Variedades","link":"https:\/\/noticiasribeiraopreto.com.br\/index.php\/category\/variedades\/"},"img":{"alt_text":"","src":"https:\/\/i0.wp.com\/noticiasribeiraopreto.com.br\/wp-content\/uploads\/2023\/12\/exibicao-com-carros-alegoricos-coral-natalino-tunel-de-luzes-e-presepio-vivo-reviverao-o-espirito-natalino-em-ribeirao-pires.jpeg?fit=1200%2C638&ssl=1&resize=350%2C200","width":350,"height":200,"srcset":"https:\/\/i0.wp.com\/noticiasribeiraopreto.com.br\/wp-content\/uploads\/2023\/12\/exibicao-com-carros-alegoricos-coral-natalino-tunel-de-luzes-e-presepio-vivo-reviverao-o-espirito-natalino-em-ribeirao-pires.jpeg?fit=1200%2C638&ssl=1&resize=350%2C200 1x, https:\/\/i0.wp.com\/noticiasribeiraopreto.com.br\/wp-content\/uploads\/2023\/12\/exibicao-com-carros-alegoricos-coral-natalino-tunel-de-luzes-e-presepio-vivo-reviverao-o-espirito-natalino-em-ribeirao-pires.jpeg?fit=1200%2C638&ssl=1&resize=525%2C300 1.5x, https:\/\/i0.wp.com\/noticiasribeiraopreto.com.br\/wp-content\/uploads\/2023\/12\/exibicao-com-carros-alegoricos-coral-natalino-tunel-de-luzes-e-presepio-vivo-reviverao-o-espirito-natalino-em-ribeirao-pires.jpeg?fit=1200%2C638&ssl=1&resize=700%2C400 2x, https:\/\/i0.wp.com\/noticiasribeiraopreto.com.br\/wp-content\/uploads\/2023\/12\/exibicao-com-carros-alegoricos-coral-natalino-tunel-de-luzes-e-presepio-vivo-reviverao-o-espirito-natalino-em-ribeirao-pires.jpeg?fit=1200%2C638&ssl=1&resize=1050%2C600 3x"},"classes":[]},{"id":60954,"url":"https:\/\/noticiasribeiraopreto.com.br\/index.php\/2024\/11\/29\/saiba-tudo-sobre-a-chegada-do-papai-noel-no-centro-de-ribeirao-preto\/","url_meta":{"origin":11896,"position":5},"title":"Saiba tudo sobre a chegada do Papai Noel no Centro de Ribeir\u00e3o Preto","author":"noticiasribeiraopreto.com.br","date":"29 de November de 2024","format":false,"excerpt":"A magia do Natal come\u00e7a em Ribeir\u00e3o Preto neste s\u00e1bado (30), \u00e0s 10h, com a inaugura\u00e7\u00e3o da decora\u00e7\u00e3o natalina no Centro da cidade e, claro, a chegada do Papai Noel. O Bom Velhinho desfilar\u00e1 pelas ruas do Centro junto com um grupo musical, elfos e outros seres m\u00e1gicos.\u00a0A caminhada termina\u2026","rel":"","context":"In &quot;Not\u00edcias de Ribeir\u00e3o Preto-SP e Regi\u00e3o&quot;","block_context":{"text":"Not\u00edcias de Ribeir\u00e3o Preto-SP e Regi\u00e3o","link":"https:\/\/noticiasribeiraopreto.com.br\/index.php\/category\/noticias-de-ribeirao-preto-sp-e-regiao-ismael-colosi\/"},"img":{"alt_text":"","src":"https:\/\/i0.wp.com\/noticiasribeiraopreto.com.br\/wp-content\/uploads\/2024\/11\/IGOR6650_2024-11-19_18-22-30_jpg_2024-11-19_18-22-34-scaled.webp.webp?fit=1200%2C800&ssl=1&resize=350%2C200","width":350,"height":200,"srcset":"https:\/\/i0.wp.com\/noticiasribeiraopreto.com.br\/wp-content\/uploads\/2024\/11\/IGOR6650_2024-11-19_18-22-30_jpg_2024-11-19_18-22-34-scaled.webp.webp?fit=1200%2C800&ssl=1&resize=350%2C200 1x, https:\/\/i0.wp.com\/noticiasribeiraopreto.com.br\/wp-content\/uploads\/2024\/11\/IGOR6650_2024-11-19_18-22-30_jpg_2024-11-19_18-22-34-scaled.webp.webp?fit=1200%2C800&ssl=1&resize=525%2C300 1.5x, https:\/\/i0.wp.com\/noticiasribeiraopreto.com.br\/wp-content\/uploads\/2024\/11\/IGOR6650_2024-11-19_18-22-30_jpg_2024-11-19_18-22-34-scaled.webp.webp?fit=1200%2C800&ssl=1&resize=700%2C400 2x, https:\/\/i0.wp.com\/noticiasribeiraopreto.com.br\/wp-content\/uploads\/2024\/11\/IGOR6650_2024-11-19_18-22-30_jpg_2024-11-19_18-22-34-scaled.webp.webp?fit=1200%2C800&ssl=1&resize=1050%2C600 3x"},"classes":[]}],"jetpack_sharing_enabled":true,"jetpack_shortlink":"https:\/\/wp.me\/peQAOb-35S","_links":{"self":[{"href":"https:\/\/noticiasribeiraopreto.com.br\/index.php\/wp-json\/wp\/v2\/posts\/11896","targetHints":{"allow":["GET"]}}],"collection":[{"href":"https:\/\/noticiasribeiraopreto.com.br\/index.php\/wp-json\/wp\/v2\/posts"}],"about":[{"href":"https:\/\/noticiasribeiraopreto.com.br\/index.php\/wp-json\/wp\/v2\/types\/post"}],"author":[{"embeddable":true,"href":"https:\/\/noticiasribeiraopreto.com.br\/index.php\/wp-json\/wp\/v2\/users\/1"}],"replies":[{"embeddable":true,"href":"https:\/\/noticiasribeiraopreto.com.br\/index.php\/wp-json\/wp\/v2\/comments?post=11896"}],"version-history":[{"count":0,"href":"https:\/\/noticiasribeiraopreto.com.br\/index.php\/wp-json\/wp\/v2\/posts\/11896\/revisions"}],"wp:featuredmedia":[{"embeddable":true,"href":"https:\/\/noticiasribeiraopreto.com.br\/index.php\/wp-json\/wp\/v2\/media\/11897"}],"wp:attachment":[{"href":"https:\/\/noticiasribeiraopreto.com.br\/index.php\/wp-json\/wp\/v2\/media?parent=11896"}],"wp:term":[{"taxonomy":"category","embeddable":true,"href":"https:\/\/noticiasribeiraopreto.com.br\/index.php\/wp-json\/wp\/v2\/categories?post=11896"},{"taxonomy":"post_tag","embeddable":true,"href":"https:\/\/noticiasribeiraopreto.com.br\/index.php\/wp-json\/wp\/v2\/tags?post=11896"}],"curies":[{"name":"wp","href":"https:\/\/api.w.org\/{rel}","templated":true}]}}