{"id":11995,"date":"2023-12-07T08:58:35","date_gmt":"2023-12-07T11:58:35","guid":{"rendered":"https:\/\/noticiasribeiraopreto.com.br\/index.php\/2023\/12\/07\/10-piores-empregos-para-se-ter-em-epocas-de-crise-economica-meu-valor-digital\/"},"modified":"2023-12-07T08:58:35","modified_gmt":"2023-12-07T11:58:35","slug":"10-piores-empregos-para-se-ter-em-epocas-de-crise-economica-meu-valor-digital","status":"publish","type":"post","link":"https:\/\/noticiasribeiraopreto.com.br\/index.php\/2023\/12\/07\/10-piores-empregos-para-se-ter-em-epocas-de-crise-economica-meu-valor-digital\/","title":{"rendered":"10 piores empregos para se ter em \u00e9pocas de crise econ\u00f4mica &#8211; Meu Valor Digital"},"content":{"rendered":"<div class='code-block code-block-1' style='margin: 8px 0 8px auto; text-align: right; display: block; clear: both;'>\n<p><a href=\"https:\/\/wa.link\/vpicfd\"><img data-recalc-dims=\"1\" class=\"wp-image-4922\" style=\"aspect-ratio: 2.0253164556962027; width: 561px; height: auto;\" src=\"https:\/\/i0.wp.com\/ismaelcolosi.com.br\/wp-content\/uploads\/2023\/11\/grupo-de-empregos-whatsapp-e-facebook-ismael-colosi-vagas.jpg?ssl=1\" alt=\"\" \/><\/a><\/p>\n<!-- \/wp:image -->\n<\/div>\n<p> <br \/>\n<\/p>\n<div> <!--<![endif]--><br \/>\n<head><meta charset=\"UTF-8\"\/><br \/>\n<meta http-equiv=\"X-UA-Compatible\" content=\"IE=edge\"\/><br \/>\n<meta name=\"viewport\" content=\"width=device-width, initial-scale=1.0\"\/>\n<link rel=\"pingback\" href=\"https:\/\/meuvalordigital.com.br\/xmlrpc.php\"\/>\n<meta name=\"robots\" content=\"index, follow, max-image-preview:large, max-snippet:-1, max-video-preview:-1\"\/><\/p>\n<p><title>10 piores empregos para se ter em \u00e9pocas de crise econ\u00f4mica &#8211; Meu Valor Digital &#8211; Not\u00edcias atualizadas<\/title><br \/>\n<meta name=\"description\" content=\"Existem profiss\u00f5es que s\u00e3o extremamente atingidos em \u00e9poca de recess\u00e3o e crise econ\u00f4mica, e aqui voc\u00ea ver\u00e1 os 10 setores mais prejudicados\"\/>\n<link rel=\"canonical\" href=\"https:\/\/meuvalordigital.com.br\/10-piores-empregos-para-se-ter-em-epocas-de-crise-economica\/\"\/>\n<meta property=\"og:locale\" content=\"pt_BR\"\/><br \/>\n<meta property=\"og:type\" content=\"article\"\/><br \/>\n<meta property=\"og:title\" content=\"10 piores empregos para se ter em \u00e9pocas de crise econ\u00f4mica\"\/><br \/>\n<meta property=\"og:description\" content=\"Existem profiss\u00f5es que s\u00e3o extremamente atingidos em \u00e9poca de recess\u00e3o e crise econ\u00f4mica, e aqui voc\u00ea ver\u00e1 os 10 setores mais prejudicados\"\/><br \/>\n<meta property=\"og:url\" content=\"https:\/\/meuvalordigital.com.br\/10-piores-empregos-para-se-ter-em-epocas-de-crise-economica\/\"\/><br \/>\n<meta property=\"og:site_name\" content=\"Meu Valor Digital - Not\u00edcias atualizadas\"\/><br \/>\n<meta property=\"article:publisher\" content=\"https:\/\/www.facebook.com\/meuvalordigital\/\"\/><br \/>\n<meta property=\"article:published_time\" content=\"2023-12-07T11:44:30+00:00\"\/><br \/>\n<meta property=\"article:modified_time\" content=\"2023-12-07T11:44:33+00:00\"\/><br \/>\n<meta property=\"og:image\" content=\"https:\/\/meuvalordigital.com.br\/wp-content\/uploads\/2023\/12\/trabalhador-muito-preocupado-com-a-situacao.jpg\"\/><br \/>\n<meta property=\"og:image:width\" content=\"1431\"\/><br \/>\n<meta property=\"og:image:height\" content=\"805\"\/><br \/>\n<meta property=\"og:image:type\" content=\"image\/jpeg\"\/><br \/>\n<meta name=\"author\" content=\"Ricardo\"\/><br \/>\n<meta name=\"twitter:card\" content=\"summary_large_image\"\/><br \/>\n<meta name=\"twitter:creator\" content=\"@meuvalordigital\"\/><br \/>\n<meta name=\"twitter:site\" content=\"@meuvalordigital\"\/><br \/>\n<meta name=\"twitter:label1\" content=\"Escrito por\"\/><br \/>\n<meta name=\"twitter:data1\" content=\"Ricardo\"\/><br \/>\n<meta name=\"twitter:label2\" content=\"Est. tempo de leitura\"\/><br \/>\n<meta name=\"twitter:data2\" content=\"6 minutos\"\/><\/p>\n<link rel=\"amphtml\" href=\"https:\/\/meuvalordigital.com.br\/10-piores-empregos-para-se-ter-em-epocas-de-crise-economica\/amp\/\"\/><meta name=\"generator\" content=\"AMP for WP 1.0.85\"\/><link rel=\"dns-prefetch\" href=\"https:\/\/www.googletagmanager.com\"\/>\n<link rel=\"dns-prefetch\" href=\"https:\/\/pagead2.googlesyndication.com\"\/>\n<link rel=\"alternate\" type=\"application\/rss+xml\" title=\"Feed para Meu Valor Digital - Not\u00edcias atualizadas \u00bb\" href=\"https:\/\/meuvalordigital.com.br\/feed\/\"\/>\n<link rel=\"alternate\" type=\"application\/rss+xml\" title=\"Feed de coment\u00e1rios para Meu Valor Digital - Not\u00edcias atualizadas \u00bb\" href=\"https:\/\/meuvalordigital.com.br\/comments\/feed\/\"\/>\n<link rel=\"alternate\" type=\"application\/rss+xml\" title=\"Feed de coment\u00e1rios para Meu Valor Digital - Not\u00edcias atualizadas \u00bb 10 piores empregos para se ter em \u00e9pocas de crise econ\u00f4mica\" href=\"https:\/\/meuvalordigital.com.br\/10-piores-empregos-para-se-ter-em-epocas-de-crise-economica\/feed\/\"\/>\n<link rel=\"alternate\" type=\"application\/rss+xml\" title=\"Feed de Meu Valor Digital - Not\u00edcias atualizadas \u00bb Story\" href=\"https:\/\/meuvalordigital.com.br\/web-stories\/feed\/\"\/>\n<p><!--[if lt IE 9]>\n\n<![endif]--><br \/>\n<!--[if lt IE 9]>\n\n<![endif]-->\n<link rel=\"https:\/\/api.w.org\/\" href=\"https:\/\/meuvalordigital.com.br\/wp-json\/\"\/><link rel=\"alternate\" type=\"application\/json\" href=\"https:\/\/meuvalordigital.com.br\/wp-json\/wp\/v2\/posts\/32800\"\/><link rel=\"EditURI\" type=\"application\/rsd+xml\" title=\"RSD\" href=\"https:\/\/meuvalordigital.com.br\/xmlrpc.php?rsd\"\/>\n<meta name=\"generator\" content=\"WordPress 6.4.2\"\/>\n<link rel=\"shortlink\" href=\"https:\/\/meuvalordigital.com.br\/?p=32800\"\/>\n<link rel=\"alternate\" type=\"application\/json+oembed\" href=\"https:\/\/meuvalordigital.com.br\/wp-json\/oembed\/1.0\/embed?url=https%3A%2F%2Fmeuvalordigital.com.br%2F10-piores-empregos-para-se-ter-em-epocas-de-crise-economica%2F\"\/>\n<link rel=\"alternate\" type=\"text\/xml+oembed\" href=\"https:\/\/meuvalordigital.com.br\/wp-json\/oembed\/1.0\/embed?url=https%3A%2F%2Fmeuvalordigital.com.br%2F10-piores-empregos-para-se-ter-em-epocas-de-crise-economica%2F&amp;format=xml\"\/>\n<p><meta name=\"generator\" content=\"Site Kit by Google 1.111.1\"\/><\/p>\n<p><meta name=\"google-adsense-platform-account\" content=\"ca-host-pub-2644536267352236\"\/><br \/>\n<meta name=\"google-adsense-platform-domain\" content=\"sitekit.withgoogle.com\"\/><\/p>\n<p><meta name=\"generator\" content=\"Powered by WPBakery Page Builder - drag and drop page builder for WordPress.\"\/><\/p>\n<link rel=\"icon\" href=\"https:\/\/meuvalordigital.com.br\/wp-content\/uploads\/2020\/10\/cropped-pequena-1-32x32.png\" sizes=\"32x32\"\/>\n<link rel=\"icon\" href=\"https:\/\/meuvalordigital.com.br\/wp-content\/uploads\/2020\/10\/cropped-pequena-1-192x192.png\" sizes=\"192x192\"\/>\n<link rel=\"apple-touch-icon\" href=\"https:\/\/meuvalordigital.com.br\/wp-content\/uploads\/2020\/10\/cropped-pequena-1-180x180.png\"\/>\n<meta name=\"msapplication-TileImage\" content=\"https:\/\/meuvalordigital.com.br\/wp-content\/uploads\/2020\/10\/cropped-pequena-1-270x270.png\"\/><\/p>\n<p><noscript\/><br \/>\n<noscript\/> <\/head><br \/>\n<body data-rsssl=\"1\" class=\"post-template-default single single-post postid-32800 single-format-standard bs-theme bs-publisher bs-publisher-magly active-light-box active-top-line ltr close-rh page-layout-2-col page-layout-2-col-right full-width main-menu-sticky-smart main-menu-stretched active-ajax-search single-cat-2352 single-prim-cat-75 single-cat-75  wpb-js-composer js-comp-ver-6.7.0 vc_responsive bs-ll-d\" dir=\"ltr\" id=\"wp_automatic_ReadabilityBody\"><\/p>\n<div class=\"main-wrap content-main-wrap\">\n<nav role=\"navigation\" aria-label=\"Breadcrumbs\" class=\"bf-breadcrumb clearfix bc-top-style\">\n<div class=\"container bf-breadcrumb-container\">\n<ul class=\"bf-breadcrumb-items\"><meta name=\"numberOfItems\" content=\"3\"\/><meta name=\"itemListOrder\" content=\"Ascending\"\/><\/p>\n<li class=\"bf-breadcrumb-item bf-breadcrumb-begin\"><a href=\"https:\/\/meuvalordigital.com.br\" rel=\"home\"><span>In\u00edcio<\/span><\/a><meta content=\"1\"\/><\/li>\n<li class=\"bf-breadcrumb-item\"><a href=\"https:\/\/meuvalordigital.com.br\/category\/chamadas\/\"><span>Chamadas<\/span><\/a><meta content=\"2\"\/><\/li>\n<li class=\"bf-breadcrumb-item bf-breadcrumb-end\"><span>10 piores empregos para se ter em \u00e9pocas de crise econ\u00f4mica<\/span><meta content=\"https:\/\/meuvalordigital.com.br\/10-piores-empregos-para-se-ter-em-epocas-de-crise-economica\/\"\/><meta content=\"3\"\/><\/li>\n<\/ul>\n<\/div>\n<\/nav>\n<\/div>\n<p><span class=\"back-top\"><i class=\"fa fa-arrow-up\"\/><\/span><\/p>\n<p><noscript><iframe loading=\"lazy\" src=\"https:\/\/www.googletagmanager.com\/ns.html?id=GTM-M2RVST6\" height=\"0\" width=\"0\" style=\"display:none;visibility:hidden\" aria-hidden=\"true\"><\/iframe><\/noscript><\/p>\n<p><\/body>\n<\/div>\n<p><br \/>\n<br \/><a href=\"https:\/\/meuvalordigital.com.br\/10-piores-empregos-para-se-ter-em-epocas-de-crise-economica\/\">Source link <\/a><\/p>\n<!-- CONTENT END 1 -->\n","protected":false},"excerpt":{"rendered":"<p>10 piores empregos para se ter em \u00e9pocas de crise econ\u00f4mica &#8211; Meu Valor Digital &#8211; Not\u00edcias atualizadas In\u00edcio Chamadas 10 piores empregos para se&#8230;<\/p>\n","protected":false},"author":1,"featured_media":11996,"comment_status":"open","ping_status":"open","sticky":false,"template":"","format":"standard","meta":{"advanced_seo_description":"","jetpack_seo_html_title":"","jetpack_seo_noindex":false,"jetpack_post_was_ever_published":false,"_jetpack_newsletter_access":"","_jetpack_dont_email_post_to_subs":false,"_jetpack_newsletter_tier_id":0,"_jetpack_memberships_contains_paywalled_content":false,"_jetpack_memberships_contains_paid_content":false,"footnotes":"","jetpack_publicize_message":"","jetpack_publicize_feature_enabled":true,"jetpack_social_post_already_shared":true,"jetpack_social_options":{"image_generator_settings":{"template":"highway","default_image_id":0,"font":"","enabled":false},"version":2}},"categories":[7],"tags":[],"class_list":["post-11995","post","type-post","status-publish","format-standard","has-post-thumbnail","hentry","category-vagas-de-empregos-em-ribeirao-preto-regiao-brasil"],"jetpack_publicize_connections":[],"jetpack_featured_media_url":"https:\/\/i0.wp.com\/noticiasribeiraopreto.com.br\/wp-content\/uploads\/2023\/12\/trabalhador-muito-preocupado-com-a-situacao.jpg?fit=1431%2C805&ssl=1","jetpack-related-posts":[{"id":21564,"url":"https:\/\/noticiasribeiraopreto.com.br\/index.php\/2023\/12\/28\/em-outro-mundo-com-meu-smartphone-e-considerado-o-pior-anime-de-2023-meu-valor-digital\/","url_meta":{"origin":11995,"position":0},"title":"Em outro mundo com meu smartphone \u00e9 considerado o pior anime de 2023 &#8211; Meu Valor Digital","author":"noticiasribeiraopreto.com.br","date":"28 de December de 2023","format":false,"excerpt":"Em outro mundo com meu smartphone \u00e9 considerado o pior anime de 2023 - Meu Valor Digital - Not\u00edcias atualizadas In\u00edcioChamadasEm outro mundo com meu smartphone \u00e9 considerado o pior anime de 2023 Source link","rel":"","context":"In &quot;Vagas de Emprego em Ribeir\u00e3o Preto-SP&quot;","block_context":{"text":"Vagas de Emprego em Ribeir\u00e3o Preto-SP","link":"https:\/\/noticiasribeiraopreto.com.br\/index.php\/category\/empregos-classificados-vagas-trabalho\/vagas-de-empregos-em-ribeirao-preto-regiao-brasil\/"},"img":{"alt_text":"","src":"https:\/\/i0.wp.com\/noticiasribeiraopreto.com.br\/wp-content\/uploads\/2023\/12\/In-Another-World-With-My-Smartphone.jpg?fit=1200%2C800&ssl=1&resize=350%2C200","width":350,"height":200,"srcset":"https:\/\/i0.wp.com\/noticiasribeiraopreto.com.br\/wp-content\/uploads\/2023\/12\/In-Another-World-With-My-Smartphone.jpg?fit=1200%2C800&ssl=1&resize=350%2C200 1x, https:\/\/i0.wp.com\/noticiasribeiraopreto.com.br\/wp-content\/uploads\/2023\/12\/In-Another-World-With-My-Smartphone.jpg?fit=1200%2C800&ssl=1&resize=525%2C300 1.5x, https:\/\/i0.wp.com\/noticiasribeiraopreto.com.br\/wp-content\/uploads\/2023\/12\/In-Another-World-With-My-Smartphone.jpg?fit=1200%2C800&ssl=1&resize=700%2C400 2x, https:\/\/i0.wp.com\/noticiasribeiraopreto.com.br\/wp-content\/uploads\/2023\/12\/In-Another-World-With-My-Smartphone.jpg?fit=1200%2C800&ssl=1&resize=1050%2C600 3x"},"classes":[]},{"id":17670,"url":"https:\/\/noticiasribeiraopreto.com.br\/index.php\/2023\/12\/18\/essas-series-estao-na-lista-dos-piores-de-2023-voce-concorda-meu-valor-digital\/","url_meta":{"origin":11995,"position":1},"title":"Essas s\u00e9ries est\u00e3o na lista dos piores de 2023. Voc\u00ea concorda? &#8211; Meu Valor Digital","author":"noticiasribeiraopreto.com.br","date":"18 de December de 2023","format":false,"excerpt":"Essas s\u00e9ries est\u00e3o na lista dos piores de 2023. Voc\u00ea concorda? - Meu Valor Digital - Not\u00edcias atualizadas In\u00edcioChamadasEssas s\u00e9ries est\u00e3o na lista dos piores de 2023. Voc\u00ea concorda? Source link","rel":"","context":"In &quot;Vagas de Emprego em Ribeir\u00e3o Preto-SP&quot;","block_context":{"text":"Vagas de Emprego em Ribeir\u00e3o Preto-SP","link":"https:\/\/noticiasribeiraopreto.com.br\/index.php\/category\/empregos-classificados-vagas-trabalho\/vagas-de-empregos-em-ribeirao-preto-regiao-brasil\/"},"img":{"alt_text":"","src":"https:\/\/i0.wp.com\/noticiasribeiraopreto.com.br\/wp-content\/uploads\/2023\/12\/Gotham-Knights-1.jpg?fit=1200%2C774&ssl=1&resize=350%2C200","width":350,"height":200,"srcset":"https:\/\/i0.wp.com\/noticiasribeiraopreto.com.br\/wp-content\/uploads\/2023\/12\/Gotham-Knights-1.jpg?fit=1200%2C774&ssl=1&resize=350%2C200 1x, https:\/\/i0.wp.com\/noticiasribeiraopreto.com.br\/wp-content\/uploads\/2023\/12\/Gotham-Knights-1.jpg?fit=1200%2C774&ssl=1&resize=525%2C300 1.5x, https:\/\/i0.wp.com\/noticiasribeiraopreto.com.br\/wp-content\/uploads\/2023\/12\/Gotham-Knights-1.jpg?fit=1200%2C774&ssl=1&resize=700%2C400 2x, https:\/\/i0.wp.com\/noticiasribeiraopreto.com.br\/wp-content\/uploads\/2023\/12\/Gotham-Knights-1.jpg?fit=1200%2C774&ssl=1&resize=1050%2C600 3x"},"classes":[]},{"id":19367,"url":"https:\/\/noticiasribeiraopreto.com.br\/index.php\/2023\/12\/22\/10-profissoes-com-ensino-superior-com-piores-salarios-do-brasil-meu-valor-digital\/","url_meta":{"origin":11995,"position":2},"title":"10 profiss\u00f5es com ensino superior com piores sal\u00e1rios do Brasil &#8211; Meu Valor Digital","author":"noticiasribeiraopreto.com.br","date":"22 de December de 2023","format":false,"excerpt":"10 profiss\u00f5es com ensino superior com piores sal\u00e1rios do Brasil - Meu Valor Digital - Not\u00edcias atualizadas In\u00edcioChamadas10 profiss\u00f5es com ensino superior com piores sal\u00e1rios do Brasil Source link","rel":"","context":"In &quot;Vagas de Emprego em Ribeir\u00e3o Preto-SP&quot;","block_context":{"text":"Vagas de Emprego em Ribeir\u00e3o Preto-SP","link":"https:\/\/noticiasribeiraopreto.com.br\/index.php\/category\/empregos-classificados-vagas-trabalho\/vagas-de-empregos-em-ribeirao-preto-regiao-brasil\/"},"img":{"alt_text":"","src":"https:\/\/i0.wp.com\/noticiasribeiraopreto.com.br\/wp-content\/uploads\/2023\/12\/trabalhador-desmotivado.jpg?fit=1200%2C800&ssl=1&resize=350%2C200","width":350,"height":200,"srcset":"https:\/\/i0.wp.com\/noticiasribeiraopreto.com.br\/wp-content\/uploads\/2023\/12\/trabalhador-desmotivado.jpg?fit=1200%2C800&ssl=1&resize=350%2C200 1x, https:\/\/i0.wp.com\/noticiasribeiraopreto.com.br\/wp-content\/uploads\/2023\/12\/trabalhador-desmotivado.jpg?fit=1200%2C800&ssl=1&resize=525%2C300 1.5x, https:\/\/i0.wp.com\/noticiasribeiraopreto.com.br\/wp-content\/uploads\/2023\/12\/trabalhador-desmotivado.jpg?fit=1200%2C800&ssl=1&resize=700%2C400 2x, https:\/\/i0.wp.com\/noticiasribeiraopreto.com.br\/wp-content\/uploads\/2023\/12\/trabalhador-desmotivado.jpg?fit=1200%2C800&ssl=1&resize=1050%2C600 3x"},"classes":[]},{"id":24496,"url":"https:\/\/noticiasribeiraopreto.com.br\/index.php\/2024\/01\/04\/4-piores-erros-mais-cometidos-em-uma-entrevista-de-emprego-meu-valor-digital\/","url_meta":{"origin":11995,"position":3},"title":"4 piores erros mais cometidos em uma entrevista de emprego &#8211; Meu Valor Digital","author":"noticiasribeiraopreto.com.br","date":"4 de January de 2024","format":false,"excerpt":"Procurar um novo emprego costuma ser uma tarefa um tanto quanto complexa e cansativa. Afinal de contas, muitas vezes acabamos levando mais tempo do que gostar\u00edamos para finalmente ser contratado. No entanto, durante o processo entre a busca de uma nova oportunidade de trabalho e a contrata\u00e7\u00e3o existe outro ponto\u2026","rel":"","context":"In &quot;Vagas de Emprego em Ribeir\u00e3o Preto-SP&quot;","block_context":{"text":"Vagas de Emprego em Ribeir\u00e3o Preto-SP","link":"https:\/\/noticiasribeiraopreto.com.br\/index.php\/category\/empregos-classificados-vagas-trabalho\/vagas-de-empregos-em-ribeirao-preto-regiao-brasil\/"},"img":{"alt_text":"","src":"https:\/\/i0.wp.com\/noticiasribeiraopreto.com.br\/wp-content\/uploads\/2024\/01\/homem-realizando-entrevista-de-emprego.jpg?fit=1200%2C800&ssl=1&resize=350%2C200","width":350,"height":200,"srcset":"https:\/\/i0.wp.com\/noticiasribeiraopreto.com.br\/wp-content\/uploads\/2024\/01\/homem-realizando-entrevista-de-emprego.jpg?fit=1200%2C800&ssl=1&resize=350%2C200 1x, https:\/\/i0.wp.com\/noticiasribeiraopreto.com.br\/wp-content\/uploads\/2024\/01\/homem-realizando-entrevista-de-emprego.jpg?fit=1200%2C800&ssl=1&resize=525%2C300 1.5x, https:\/\/i0.wp.com\/noticiasribeiraopreto.com.br\/wp-content\/uploads\/2024\/01\/homem-realizando-entrevista-de-emprego.jpg?fit=1200%2C800&ssl=1&resize=700%2C400 2x, https:\/\/i0.wp.com\/noticiasribeiraopreto.com.br\/wp-content\/uploads\/2024\/01\/homem-realizando-entrevista-de-emprego.jpg?fit=1200%2C800&ssl=1&resize=1050%2C600 3x"},"classes":[]},{"id":15980,"url":"https:\/\/noticiasribeiraopreto.com.br\/index.php\/2023\/12\/14\/esse-e-o-salario-que-voce-precisa-ter-por-mes-para-se-sentir-feliz-meu-valor-digital\/","url_meta":{"origin":11995,"position":4},"title":"Esse \u00e9 o sal\u00e1rio que voc\u00ea precisa ter por m\u00eas para se sentir feliz &#8211; Meu Valor Digital","author":"noticiasribeiraopreto.com.br","date":"14 de December de 2023","format":false,"excerpt":"Esse \u00e9 o sal\u00e1rio que voc\u00ea precisa ter por m\u00eas para se sentir feliz - Meu Valor Digital - Not\u00edcias atualizadas In\u00edcioChamadasEsse \u00e9 o sal\u00e1rio que voc\u00ea precisa ter por m\u00eas para se sentir feliz Source link","rel":"","context":"In &quot;Vagas de Emprego em Ribeir\u00e3o Preto-SP&quot;","block_context":{"text":"Vagas de Emprego em Ribeir\u00e3o Preto-SP","link":"https:\/\/noticiasribeiraopreto.com.br\/index.php\/category\/empregos-classificados-vagas-trabalho\/vagas-de-empregos-em-ribeirao-preto-regiao-brasil\/"},"img":{"alt_text":"","src":"https:\/\/i0.wp.com\/noticiasribeiraopreto.com.br\/wp-content\/uploads\/2023\/12\/casal-feliz-com-dinheiro-na-mao.jpg?fit=1200%2C800&ssl=1&resize=350%2C200","width":350,"height":200,"srcset":"https:\/\/i0.wp.com\/noticiasribeiraopreto.com.br\/wp-content\/uploads\/2023\/12\/casal-feliz-com-dinheiro-na-mao.jpg?fit=1200%2C800&ssl=1&resize=350%2C200 1x, https:\/\/i0.wp.com\/noticiasribeiraopreto.com.br\/wp-content\/uploads\/2023\/12\/casal-feliz-com-dinheiro-na-mao.jpg?fit=1200%2C800&ssl=1&resize=525%2C300 1.5x, https:\/\/i0.wp.com\/noticiasribeiraopreto.com.br\/wp-content\/uploads\/2023\/12\/casal-feliz-com-dinheiro-na-mao.jpg?fit=1200%2C800&ssl=1&resize=700%2C400 2x, https:\/\/i0.wp.com\/noticiasribeiraopreto.com.br\/wp-content\/uploads\/2023\/12\/casal-feliz-com-dinheiro-na-mao.jpg?fit=1200%2C800&ssl=1&resize=1050%2C600 3x"},"classes":[]},{"id":15201,"url":"https:\/\/noticiasribeiraopreto.com.br\/index.php\/2023\/12\/13\/24-faculdades-para-quem-tem-mais-de-50-anos-se-formar-em-2-anos-meu-valor-digital\/","url_meta":{"origin":11995,"position":5},"title":"24 faculdades para quem tem mais de 50 anos se formar em 2 anos &#8211; Meu Valor Digital","author":"noticiasribeiraopreto.com.br","date":"13 de December de 2023","format":false,"excerpt":"24 faculdades para quem tem mais de 50 anos se formar em 2 anos - Meu Valor Digital - Not\u00edcias atualizadas In\u00edcioChamadas24 faculdades para quem tem mais de 50 anos se formar em 2 anos Source link","rel":"","context":"In &quot;Vagas de Emprego em Ribeir\u00e3o Preto-SP&quot;","block_context":{"text":"Vagas de Emprego em Ribeir\u00e3o Preto-SP","link":"https:\/\/noticiasribeiraopreto.com.br\/index.php\/category\/empregos-classificados-vagas-trabalho\/vagas-de-empregos-em-ribeirao-preto-regiao-brasil\/"},"img":{"alt_text":"","src":"https:\/\/i0.wp.com\/noticiasribeiraopreto.com.br\/wp-content\/uploads\/2023\/12\/idoso-estudando-curso-universitario.jpg?fit=1200%2C800&ssl=1&resize=350%2C200","width":350,"height":200,"srcset":"https:\/\/i0.wp.com\/noticiasribeiraopreto.com.br\/wp-content\/uploads\/2023\/12\/idoso-estudando-curso-universitario.jpg?fit=1200%2C800&ssl=1&resize=350%2C200 1x, https:\/\/i0.wp.com\/noticiasribeiraopreto.com.br\/wp-content\/uploads\/2023\/12\/idoso-estudando-curso-universitario.jpg?fit=1200%2C800&ssl=1&resize=525%2C300 1.5x, https:\/\/i0.wp.com\/noticiasribeiraopreto.com.br\/wp-content\/uploads\/2023\/12\/idoso-estudando-curso-universitario.jpg?fit=1200%2C800&ssl=1&resize=700%2C400 2x, https:\/\/i0.wp.com\/noticiasribeiraopreto.com.br\/wp-content\/uploads\/2023\/12\/idoso-estudando-curso-universitario.jpg?fit=1200%2C800&ssl=1&resize=1050%2C600 3x"},"classes":[]}],"jetpack_sharing_enabled":true,"jetpack_shortlink":"https:\/\/wp.me\/peQAOb-37t","_links":{"self":[{"href":"https:\/\/noticiasribeiraopreto.com.br\/index.php\/wp-json\/wp\/v2\/posts\/11995","targetHints":{"allow":["GET"]}}],"collection":[{"href":"https:\/\/noticiasribeiraopreto.com.br\/index.php\/wp-json\/wp\/v2\/posts"}],"about":[{"href":"https:\/\/noticiasribeiraopreto.com.br\/index.php\/wp-json\/wp\/v2\/types\/post"}],"author":[{"embeddable":true,"href":"https:\/\/noticiasribeiraopreto.com.br\/index.php\/wp-json\/wp\/v2\/users\/1"}],"replies":[{"embeddable":true,"href":"https:\/\/noticiasribeiraopreto.com.br\/index.php\/wp-json\/wp\/v2\/comments?post=11995"}],"version-history":[{"count":0,"href":"https:\/\/noticiasribeiraopreto.com.br\/index.php\/wp-json\/wp\/v2\/posts\/11995\/revisions"}],"wp:featuredmedia":[{"embeddable":true,"href":"https:\/\/noticiasribeiraopreto.com.br\/index.php\/wp-json\/wp\/v2\/media\/11996"}],"wp:attachment":[{"href":"https:\/\/noticiasribeiraopreto.com.br\/index.php\/wp-json\/wp\/v2\/media?parent=11995"}],"wp:term":[{"taxonomy":"category","embeddable":true,"href":"https:\/\/noticiasribeiraopreto.com.br\/index.php\/wp-json\/wp\/v2\/categories?post=11995"},{"taxonomy":"post_tag","embeddable":true,"href":"https:\/\/noticiasribeiraopreto.com.br\/index.php\/wp-json\/wp\/v2\/tags?post=11995"}],"curies":[{"name":"wp","href":"https:\/\/api.w.org\/{rel}","templated":true}]}}