{"id":11999,"date":"2023-12-07T09:14:17","date_gmt":"2023-12-07T12:14:17","guid":{"rendered":"https:\/\/noticiasribeiraopreto.com.br\/index.php\/2023\/12\/07\/concurso-publico-fundacao-de-saude-de-sao-leopoldo-oferece-salarios-de-ate-r-17-mil\/"},"modified":"2023-12-07T09:14:17","modified_gmt":"2023-12-07T12:14:17","slug":"concurso-publico-fundacao-de-saude-de-sao-leopoldo-oferece-salarios-de-ate-r-17-mil","status":"publish","type":"post","link":"https:\/\/noticiasribeiraopreto.com.br\/index.php\/2023\/12\/07\/concurso-publico-fundacao-de-saude-de-sao-leopoldo-oferece-salarios-de-ate-r-17-mil\/","title":{"rendered":"Concurso p\u00fablico Funda\u00e7\u00e3o de Sa\u00fade de S\u00e3o Leopoldo oferece sal\u00e1rios de at\u00e9 R$ 17 mil"},"content":{"rendered":"<div class='code-block code-block-1' style='margin: 8px 0 8px auto; text-align: right; display: block; clear: both;'>\n<p><a href=\"https:\/\/wa.link\/vpicfd\"><img data-recalc-dims=\"1\" class=\"wp-image-4922\" style=\"aspect-ratio: 2.0253164556962027; width: 561px; height: auto;\" src=\"https:\/\/i0.wp.com\/ismaelcolosi.com.br\/wp-content\/uploads\/2023\/11\/grupo-de-empregos-whatsapp-e-facebook-ismael-colosi-vagas.jpg?ssl=1\" alt=\"\" \/><\/a><\/p>\n<!-- \/wp:image -->\n<\/div>\n<p> <br \/>\n<\/p>\n<div>\n<div id=\"attachment_2319836\" class=\"wp-caption alignnone\">\n<div class=\"d-flex justify-content-center\" data-attachment-id=\"2319836\">\n<div class=\"position-relative d-inline-block\"><img data-recalc-dims=\"1\" data-portal-copyright=\"IStock\" fetchpriority=\"high\" decoding=\"async\" class=\"size-medium wp-image-2319836\" src=\"https:\/\/i0.wp.com\/catracalivre.com.br\/wp-content\/uploads\/2023\/12\/istock-180107378-450x300.jpg?resize=450%2C300&#038;ssl=1\" alt=\"Concurso P\u00fablico de S\u00e3o Leopoldo\" width=\"450\" height=\"300\" srcset=\"https:\/\/catracalivre.com.br\/wp-content\/uploads\/2023\/12\/istock-180107378-450x300.jpg 450w, https:\/\/catracalivre.com.br\/wp-content\/uploads\/2023\/12\/istock-180107378-910x607.jpg 910w, https:\/\/catracalivre.com.br\/wp-content\/uploads\/2023\/12\/istock-180107378-768x512.jpg 768w, https:\/\/catracalivre.com.br\/wp-content\/uploads\/2023\/12\/istock-180107378.jpg 1254w\" sizes=\"(max-width: 450px) 100vw, 450px\"\/><\/p>\n<p>Cr\u00e9ditos: IStock<\/p>\n<\/div>\n<\/div>\n<p><span class=\"post-imagem__legenda\">Concurso P\u00fablico de S\u00e3o Leopoldo<\/span><\/p>\n<\/div>\n<p>A Funda\u00e7\u00e3o Municipal de Sa\u00fade de S\u00e3o Leopoldo\u00a0(FMS-SL), no estado do\u00a0Rio Grande do Sul, anuncia edital de n\u00ba 01\/2023 para <a href=\"https:\/\/catracalivre.com.br\/educacao\/sites-gratuitos-ajudam-na-preparacao-para-concursos-publicos\/\">concurso<\/a> p\u00fablico. O documento oferece 170 vagas imediatas para contrata\u00e7\u00e3o de servidores efetivos. Al\u00e9m disso, tamb\u00e9m h\u00e1 previs\u00e3o de cadastro reserva.<\/p>\n<p>A remunera\u00e7\u00e3o prevista pelo <a href=\"https:\/\/catracalivre.com.br\/carreira\/24-opcoes-de-concursos-publicos-para-melhorar-seu-dia\/\">concurso<\/a> p\u00fablico vai\u00a0de R$ 1.133,00 at\u00e9 R$ 17.820,00\u00a0para jornadas de at\u00e9 200 horas mensais de trabalho. Os valores e as cargas hor\u00e1rias variam conforme o emprego pleiteado.<\/p>\n<h2>As vagas s\u00e3o para:<\/h2>\n<p>N\u00edvel m\u00e9dio<br \/>Assistente Administrativo;<br \/>Auxiliar de Farm\u00e1cia;<br \/>Auxiliar de Sa\u00fade Bucal;<br \/>Condutor de Ve\u00edculo de Urg\u00eancia.<br \/>N\u00edvel t\u00e9cnico<br \/>T\u00e9cnico de Contabilidade;<br \/>T\u00e9cnico de Enfermagem;<br \/>T\u00e9cnico de Enfermagem (Sa\u00fade Coletiva, Emergencista, Emergencista \u2013 Condutor de Motol\u00e2ncia e Sa\u00fade do Trabalhador);<br \/>T\u00e9cnico de Seguran\u00e7a de Trabalho;<br \/>T\u00e9cnico de Inform\u00e1tica.<br \/>N\u00edvel superior<br \/>Advogado;<br \/>Analista Administrativo (\u00e1reas de Administra\u00e7\u00e3o e Contabilidade);<br \/>Analista de Recursos Humanos;<br \/>Analista de Tecnologia da Informa\u00e7\u00e3o;<br \/>Assistente Social;<br \/>Cirurgi\u00e3o-dentista (Sa\u00fade Coletiva, Bucomaxilofacial, Endodontista, Odontopediatria e Periodontista);<br \/>Educador F\u00edsico;<br \/>Enfermeiro\u00a0(Generalista, Emergencista, Emergencista \u2013 Condutor de Motol\u00e2ncia, do Trabalho, Sa\u00fade Coletiva e Sa\u00fade Mental);<br \/>Engenheiro Civil;<br \/>Engenheiro Cl\u00ednico;<br \/>Engenheiro de Seguran\u00e7a do Trabalho;<br \/>Farmac\u00eautico;<br \/>Fisioterapeuta;<br \/>Fonoaudi\u00f3logo;<br \/>Jornalista;<br \/>M\u00e9dico (Cardiologista, Cirurgi\u00e3o Vascular, Cl\u00ednico, Cl\u00ednico \u2013 Sa\u00fade Coletiva, Dermatologista, do Trabalho, Emergencista, Endocrinologista, Gastroenterologista, Ginecologista, Ginecologista\/Obstetra, Infectologista, Infectologista Pedi\u00e1trico, Mastologista, Neurologista, Neurologista Pedi\u00e1trico, Oftalmologista, Otorrinolaringologista, Ortopedista\/Traumatologista, Pediatra, Pneumologista, Proctologista, Psiquiatra, Reumatologista e Urologista);<br \/>Nutricionista;<br \/>Psic\u00f3logo;<br \/>Psic\u00f3logo \u2013 Sa\u00fade do Trabalhador;<br \/>Sanitarista;<br \/>Terapeuta Ocupacional.<br \/>As inscri\u00e7\u00f5es devem ser realizadas via internet por meio do Instituto AOCP,\u00a0at\u00e9 as 14h do dia 21 de dezembro de 2023. O valor da taxa de participa\u00e7\u00e3o \u00e9 de R$ 80 para n\u00edveis m\u00e9dio e t\u00e9cnico; R$ 120 para n\u00edvel superior.<\/p>\n<div class=\"partner d-flex rounded shadow-sm p-2 mb-3 align-items-center\" id=\"partner\" data-print=\"ignore\">\n<div class=\"image mr-2\">\n<img data-recalc-dims=\"1\" src=\"https:\/\/i0.wp.com\/robohash.org\/b730afd4cf5c5d237c7f93163ed023b6.png?resize=110%2C110&#038;ssl=1\" width=\"110\" height=\"110\" title=\"Thatyana Costa\" loading=\"lazy\" decoding=\"async\" class=\"rounded-circle\"\/>\n<\/div>\n<\/div>\n<\/div>\n<p><script>\n\t\t! function(f, b, e, v, n, t, s) {\n\t\t\tif (f.fbq) return;\n\t\t\tn = f.fbq = function() {\n\t\t\t\tn.callMethod ?\n\t\t\t\t\tn.callMethod.apply(n, arguments) : n.queue.push(arguments)\n\t\t\t};\n\t\t\tif (!f._fbq) f._fbq = n;\n\t\t\tn.push = n;\n\t\t\tn.loaded = !0;\n\t\t\tn.version = '2.0';\n\t\t\tn.queue = [];\n\t\t\tt = b.createElement(e);\n\t\t\tt.async = !0;\n\t\t\tt.src = v;\n\t\t\ts = b.getElementsByTagName(e)[0];\n\t\t\ts.parentNode.insertBefore(t, s)\n\t\t}(window, document, 'script',\n\t\t\t'https:\/\/connect.facebook.net\/en_US\/fbevents.js');\n\t\tfbq('init', '338315473262380');\n\t\tfbq('track', 'PageView');\n\t<\/script><br \/>\n<br \/><br \/>\n<br \/><a href=\"https:\/\/catracalivre.com.br\/educacao\/concurso-publico-fundacao-de-saude-de-sao-leopoldo-oferece-salarios-de-ate-r-17-mil\/\">Source link <\/a><\/p>\n<!-- CONTENT END 1 -->\n","protected":false},"excerpt":{"rendered":"<p>Cr\u00e9ditos: IStock Concurso P\u00fablico de S\u00e3o Leopoldo A Funda\u00e7\u00e3o Municipal de Sa\u00fade de S\u00e3o Leopoldo\u00a0(FMS-SL), no estado do\u00a0Rio Grande do Sul, anuncia edital de n\u00ba&#8230;<\/p>\n","protected":false},"author":1,"featured_media":12000,"comment_status":"open","ping_status":"open","sticky":false,"template":"","format":"standard","meta":{"advanced_seo_description":"","jetpack_seo_html_title":"","jetpack_seo_noindex":false,"jetpack_post_was_ever_published":false,"_jetpack_newsletter_access":"","_jetpack_dont_email_post_to_subs":false,"_jetpack_newsletter_tier_id":0,"_jetpack_memberships_contains_paywalled_content":false,"_jetpack_memberships_contains_paid_content":false,"footnotes":"","jetpack_publicize_message":"","jetpack_publicize_feature_enabled":true,"jetpack_social_post_already_shared":true,"jetpack_social_options":{"image_generator_settings":{"template":"highway","default_image_id":0,"font":"","enabled":false},"version":2}},"categories":[19],"tags":[],"class_list":["post-11999","post","type-post","status-publish","format-standard","has-post-thumbnail","hentry","category-variedades"],"jetpack_publicize_connections":[],"jetpack_featured_media_url":"https:\/\/i0.wp.com\/noticiasribeiraopreto.com.br\/wp-content\/uploads\/2023\/12\/istock-180107378.jpg?fit=1200%2C638&ssl=1","jetpack-related-posts":[{"id":17858,"url":"https:\/\/noticiasribeiraopreto.com.br\/index.php\/2023\/12\/19\/fundacao-de-saude-de-sao-leopoldo-lanca-concurso-publico-com-170-vagas\/","url_meta":{"origin":11999,"position":0},"title":"Funda\u00e7\u00e3o de sa\u00fade de S\u00e3o Leopoldo lan\u00e7a concurso p\u00fablico com 170 Vagas","author":"noticiasribeiraopreto.com.br","date":"19 de December de 2023","format":false,"excerpt":"Cr\u00e9ditos: IStockConcurso p\u00fablico funda\u00e7\u00e3o de sa\u00fade de S\u00e3o Leopoldo A Funda\u00e7\u00e3o Municipal de Sa\u00fade de S\u00e3o Leopoldo, no Rio Grande do Sul, abre as portas para novas contrata\u00e7\u00f5es atrav\u00e9s do edital n\u00ba 01\/2023 para concurso p\u00fablico, oferecendo um total de 170 vagas imediatas para cargos efetivos, com previs\u00e3o de forma\u00e7\u00e3o\u2026","rel":"","context":"In &quot;Variedades&quot;","block_context":{"text":"Variedades","link":"https:\/\/noticiasribeiraopreto.com.br\/index.php\/category\/variedades\/"},"img":{"alt_text":"","src":"https:\/\/i0.wp.com\/noticiasribeiraopreto.com.br\/wp-content\/uploads\/2023\/12\/istock-495639272-1.jpg?fit=1200%2C638&ssl=1&resize=350%2C200","width":350,"height":200,"srcset":"https:\/\/i0.wp.com\/noticiasribeiraopreto.com.br\/wp-content\/uploads\/2023\/12\/istock-495639272-1.jpg?fit=1200%2C638&ssl=1&resize=350%2C200 1x, https:\/\/i0.wp.com\/noticiasribeiraopreto.com.br\/wp-content\/uploads\/2023\/12\/istock-495639272-1.jpg?fit=1200%2C638&ssl=1&resize=525%2C300 1.5x, https:\/\/i0.wp.com\/noticiasribeiraopreto.com.br\/wp-content\/uploads\/2023\/12\/istock-495639272-1.jpg?fit=1200%2C638&ssl=1&resize=700%2C400 2x, https:\/\/i0.wp.com\/noticiasribeiraopreto.com.br\/wp-content\/uploads\/2023\/12\/istock-495639272-1.jpg?fit=1200%2C638&ssl=1&resize=1050%2C600 3x"},"classes":[]},{"id":33641,"url":"https:\/\/noticiasribeiraopreto.com.br\/index.php\/2024\/01\/30\/artista-leopoldo-lima-da-nome-a-praca-em-rp\/","url_meta":{"origin":11999,"position":1},"title":"Artista Leopoldo Lima d\u00e1 nome \u00e0 pra\u00e7a em RP","author":"noticiasribeiraopreto.com.br","date":"30 de January de 2024","format":false,"excerpt":"Descerramento da placa marcou homenagem ao artista com presen\u00e7a de autoridades e familiares 30 de janeiro de 2024 | 10:4630 de janeiro de 2024 | 10:51 0No \u00faltimo s\u00e1bado, 27 de janeiro, a prefeitura de RP inaugurou oficialmente a pra\u00e7a Leopoldo Lima, localizada no bairro Jardim Manoel Penna. (Fernando Gonzaga)No\u2026","rel":"","context":"In &quot;Not\u00edcias de Ribeir\u00e3o Preto-SP e Regi\u00e3o&quot;","block_context":{"text":"Not\u00edcias de Ribeir\u00e3o Preto-SP e Regi\u00e3o","link":"https:\/\/noticiasribeiraopreto.com.br\/index.php\/category\/noticias-de-ribeirao-preto-sp-e-regiao-ismael-colosi\/"},"img":{"alt_text":"","src":"https:\/\/i0.wp.com\/noticiasribeiraopreto.com.br\/wp-content\/uploads\/2024\/01\/PracaLL-Fam-Fernando-Gonzaga-scaled.jpg?fit=967%2C645&ssl=1&resize=350%2C200","width":350,"height":200,"srcset":"https:\/\/i0.wp.com\/noticiasribeiraopreto.com.br\/wp-content\/uploads\/2024\/01\/PracaLL-Fam-Fernando-Gonzaga-scaled.jpg?fit=967%2C645&ssl=1&resize=350%2C200 1x, https:\/\/i0.wp.com\/noticiasribeiraopreto.com.br\/wp-content\/uploads\/2024\/01\/PracaLL-Fam-Fernando-Gonzaga-scaled.jpg?fit=967%2C645&ssl=1&resize=525%2C300 1.5x, https:\/\/i0.wp.com\/noticiasribeiraopreto.com.br\/wp-content\/uploads\/2024\/01\/PracaLL-Fam-Fernando-Gonzaga-scaled.jpg?fit=967%2C645&ssl=1&resize=700%2C400 2x"},"classes":[]},{"id":49271,"url":"https:\/\/noticiasribeiraopreto.com.br\/index.php\/2024\/05\/09\/morador-de-ribeirao-preto-viaja-ao-rio-grande-do-sul-para-ajudar-vitimas-das-chuvas\/","url_meta":{"origin":11999,"position":2},"title":"Morador de Ribeir\u00e3o Preto viaja ao Rio Grande do Sul para ajudar v\u00edtimas das chuvas","author":"noticiasribeiraopreto.com.br","date":"9 de May de 2024","format":false,"excerpt":"O morador de Ribeir\u00e3o Preto, Fabiano Curi, de 45 anos, se juntou na \u00faltima quarta-feira (8) a dezenas de volunt\u00e1rios locais em S\u00e3o Leopoldo, no Rio Grande do Sul, para ajudar \u00e0s v\u00edtimas das chuvas no estado. Fabiano, que \u00e9 o \u00fanico volunt\u00e1rio do grupo que n\u00e3o \u00e9 da cidade\u2026","rel":"","context":"In &quot;Not\u00edcias de Ribeir\u00e3o Preto-SP e Regi\u00e3o&quot;","block_context":{"text":"Not\u00edcias de Ribeir\u00e3o Preto-SP e Regi\u00e3o","link":"https:\/\/noticiasribeiraopreto.com.br\/index.php\/category\/noticias-de-ribeirao-preto-sp-e-regiao-ismael-colosi\/"},"img":{"alt_text":"","src":"https:\/\/i0.wp.com\/noticiasribeiraopreto.com.br\/wp-content\/uploads\/2024\/05\/Capturar_2024-05-09_18-19-01_jpg_2024-05-09_18-19-01.webp.webp?fit=615%2C465&ssl=1&resize=350%2C200","width":350,"height":200,"srcset":"https:\/\/i0.wp.com\/noticiasribeiraopreto.com.br\/wp-content\/uploads\/2024\/05\/Capturar_2024-05-09_18-19-01_jpg_2024-05-09_18-19-01.webp.webp?fit=615%2C465&ssl=1&resize=350%2C200 1x, https:\/\/i0.wp.com\/noticiasribeiraopreto.com.br\/wp-content\/uploads\/2024\/05\/Capturar_2024-05-09_18-19-01_jpg_2024-05-09_18-19-01.webp.webp?fit=615%2C465&ssl=1&resize=525%2C300 1.5x"},"classes":[]},{"id":78544,"url":"https:\/\/noticiasribeiraopreto.com.br\/index.php\/2025\/10\/13\/guarda-apreende-armas-com-ex-presidente-da-camara-de-ribeirao-preto\/","url_meta":{"origin":11999,"position":3},"title":"Guarda apreende armas com ex-presidente da C\u00e2mara de Ribeir\u00e3o Preto","author":"noticiasribeiraopreto.com.br","date":"13 de October de 2025","format":false,"excerpt":"A GCM (Guarda Civil Metropolitana) aprendeu duas armas e muni\u00e7\u00f5es com o ex-presidente da C\u00e2mara de Ribeir\u00e3o Preto Leopoldo Paulino, em um codom\u00ednio em Bonfim Paulista, distrito na zona Sul da cidade. Segundo a GCM, a equipe foi acionada para prestar apoio a um oficial de Justi\u00e7a na tarde do\u2026","rel":"","context":"In &quot;Not\u00edcias de Ribeir\u00e3o Preto-SP e Regi\u00e3o&quot;","block_context":{"text":"Not\u00edcias de Ribeir\u00e3o Preto-SP e Regi\u00e3o","link":"https:\/\/noticiasribeiraopreto.com.br\/index.php\/category\/noticias-de-ribeirao-preto-sp-e-regiao-ismael-colosi\/"},"img":{"alt_text":"","src":"https:\/\/i0.wp.com\/noticiasribeiraopreto.com.br\/wp-content\/uploads\/2025\/10\/WhatsApp-Image-2025-10-13-at-09.58.18-1_2025-10-13_14-00-58.webp.webp?fit=1200%2C900&ssl=1&resize=350%2C200","width":350,"height":200,"srcset":"https:\/\/i0.wp.com\/noticiasribeiraopreto.com.br\/wp-content\/uploads\/2025\/10\/WhatsApp-Image-2025-10-13-at-09.58.18-1_2025-10-13_14-00-58.webp.webp?fit=1200%2C900&ssl=1&resize=350%2C200 1x, https:\/\/i0.wp.com\/noticiasribeiraopreto.com.br\/wp-content\/uploads\/2025\/10\/WhatsApp-Image-2025-10-13-at-09.58.18-1_2025-10-13_14-00-58.webp.webp?fit=1200%2C900&ssl=1&resize=525%2C300 1.5x, https:\/\/i0.wp.com\/noticiasribeiraopreto.com.br\/wp-content\/uploads\/2025\/10\/WhatsApp-Image-2025-10-13-at-09.58.18-1_2025-10-13_14-00-58.webp.webp?fit=1200%2C900&ssl=1&resize=700%2C400 2x, https:\/\/i0.wp.com\/noticiasribeiraopreto.com.br\/wp-content\/uploads\/2025\/10\/WhatsApp-Image-2025-10-13-at-09.58.18-1_2025-10-13_14-00-58.webp.webp?fit=1200%2C900&ssl=1&resize=1050%2C600 3x"},"classes":[]},{"id":46569,"url":"https:\/\/noticiasribeiraopreto.com.br\/index.php\/2024\/04\/12\/globo-transmite-primeira-etapa-do-circuito-sertanejo-2024\/","url_meta":{"origin":11999,"position":4},"title":"Globo transmite primeira etapa do &#8220;Circuito Sertanejo 2024&#8221;","author":"noticiasribeiraopreto.com.br","date":"12 de April de 2024","format":false,"excerpt":"Globo transmite primeira etapa do \u201cCircuito Sertanejo 2024\u201dMultishow, Globoplay e TV Globo exibem shows de Fernando & Sorocaba, Luan Pereira e Malifoo, que acontecem no dia 13 de abril O\u00a0Circuito Sertanejo, o maior circuito de shows do pa\u00eds,\u00a0est\u00e1 de volta \u00e0\u00a0Globo! A primeira edi\u00e7\u00e3o de 2024 aterrissa na ExpoLondrina, no\u2026","rel":"","context":"In &quot;Not\u00edcias de Ribeir\u00e3o Preto-SP e Regi\u00e3o&quot;","block_context":{"text":"Not\u00edcias de Ribeir\u00e3o Preto-SP e Regi\u00e3o","link":"https:\/\/noticiasribeiraopreto.com.br\/index.php\/category\/noticias-de-ribeirao-preto-sp-e-regiao-ismael-colosi\/"},"img":{"alt_text":"","src":"https:\/\/i0.wp.com\/noticiasribeiraopreto.com.br\/wp-content\/uploads\/2024\/04\/Untitled-2.jpg?fit=1200%2C800&ssl=1&resize=350%2C200","width":350,"height":200,"srcset":"https:\/\/i0.wp.com\/noticiasribeiraopreto.com.br\/wp-content\/uploads\/2024\/04\/Untitled-2.jpg?fit=1200%2C800&ssl=1&resize=350%2C200 1x, https:\/\/i0.wp.com\/noticiasribeiraopreto.com.br\/wp-content\/uploads\/2024\/04\/Untitled-2.jpg?fit=1200%2C800&ssl=1&resize=525%2C300 1.5x, https:\/\/i0.wp.com\/noticiasribeiraopreto.com.br\/wp-content\/uploads\/2024\/04\/Untitled-2.jpg?fit=1200%2C800&ssl=1&resize=700%2C400 2x, https:\/\/i0.wp.com\/noticiasribeiraopreto.com.br\/wp-content\/uploads\/2024\/04\/Untitled-2.jpg?fit=1200%2C800&ssl=1&resize=1050%2C600 3x"},"classes":[]},{"id":80133,"url":"https:\/\/noticiasribeiraopreto.com.br\/index.php\/2025\/11\/15\/entenda-por-que-ministro-da-saude-esteve-em-ribeirao-preto-neste-sabado\/","url_meta":{"origin":11999,"position":5},"title":"Entenda por que ministro da Sa\u00fade esteve em Ribeir\u00e3o Preto neste s\u00e1bado","author":"noticiasribeiraopreto.com.br","date":"15 de November de 2025","format":false,"excerpt":"O ministro da Sa\u00fade Alexandre Padilha esteve em Ribeir\u00e3o Preto na manh\u00e3 deste s\u00e1bado (15) para divulgar o balan\u00e7o dos atendimentos das carretas Agora Tem Especialidades, que est\u00e3o na cidade desde o \u00faltimo m\u00eas de setembro. De acordo com o relat\u00f3rio do minist\u00e9rio, em Ribeir\u00e3o Preto, por exemplo, 720 pessoas\u2026","rel":"","context":"In &quot;Not\u00edcias de Ribeir\u00e3o Preto-SP e Regi\u00e3o&quot;","block_context":{"text":"Not\u00edcias de Ribeir\u00e3o Preto-SP e Regi\u00e3o","link":"https:\/\/noticiasribeiraopreto.com.br\/index.php\/category\/noticias-de-ribeirao-preto-sp-e-regiao-ismael-colosi\/"},"img":{"alt_text":"","src":"https:\/\/i0.wp.com\/noticiasribeiraopreto.com.br\/wp-content\/uploads\/2025\/11\/ministro-alexandre-padilha_2025-11-15_16-12-58.webp.webp?fit=1200%2C894&ssl=1&resize=350%2C200","width":350,"height":200,"srcset":"https:\/\/i0.wp.com\/noticiasribeiraopreto.com.br\/wp-content\/uploads\/2025\/11\/ministro-alexandre-padilha_2025-11-15_16-12-58.webp.webp?fit=1200%2C894&ssl=1&resize=350%2C200 1x, https:\/\/i0.wp.com\/noticiasribeiraopreto.com.br\/wp-content\/uploads\/2025\/11\/ministro-alexandre-padilha_2025-11-15_16-12-58.webp.webp?fit=1200%2C894&ssl=1&resize=525%2C300 1.5x, https:\/\/i0.wp.com\/noticiasribeiraopreto.com.br\/wp-content\/uploads\/2025\/11\/ministro-alexandre-padilha_2025-11-15_16-12-58.webp.webp?fit=1200%2C894&ssl=1&resize=700%2C400 2x, https:\/\/i0.wp.com\/noticiasribeiraopreto.com.br\/wp-content\/uploads\/2025\/11\/ministro-alexandre-padilha_2025-11-15_16-12-58.webp.webp?fit=1200%2C894&ssl=1&resize=1050%2C600 3x"},"classes":[]}],"jetpack_sharing_enabled":true,"jetpack_shortlink":"https:\/\/wp.me\/peQAOb-37x","_links":{"self":[{"href":"https:\/\/noticiasribeiraopreto.com.br\/index.php\/wp-json\/wp\/v2\/posts\/11999","targetHints":{"allow":["GET"]}}],"collection":[{"href":"https:\/\/noticiasribeiraopreto.com.br\/index.php\/wp-json\/wp\/v2\/posts"}],"about":[{"href":"https:\/\/noticiasribeiraopreto.com.br\/index.php\/wp-json\/wp\/v2\/types\/post"}],"author":[{"embeddable":true,"href":"https:\/\/noticiasribeiraopreto.com.br\/index.php\/wp-json\/wp\/v2\/users\/1"}],"replies":[{"embeddable":true,"href":"https:\/\/noticiasribeiraopreto.com.br\/index.php\/wp-json\/wp\/v2\/comments?post=11999"}],"version-history":[{"count":0,"href":"https:\/\/noticiasribeiraopreto.com.br\/index.php\/wp-json\/wp\/v2\/posts\/11999\/revisions"}],"wp:featuredmedia":[{"embeddable":true,"href":"https:\/\/noticiasribeiraopreto.com.br\/index.php\/wp-json\/wp\/v2\/media\/12000"}],"wp:attachment":[{"href":"https:\/\/noticiasribeiraopreto.com.br\/index.php\/wp-json\/wp\/v2\/media?parent=11999"}],"wp:term":[{"taxonomy":"category","embeddable":true,"href":"https:\/\/noticiasribeiraopreto.com.br\/index.php\/wp-json\/wp\/v2\/categories?post=11999"},{"taxonomy":"post_tag","embeddable":true,"href":"https:\/\/noticiasribeiraopreto.com.br\/index.php\/wp-json\/wp\/v2\/tags?post=11999"}],"curies":[{"name":"wp","href":"https:\/\/api.w.org\/{rel}","templated":true}]}}