{"id":12016,"date":"2023-12-07T09:42:36","date_gmt":"2023-12-07T12:42:36","guid":{"rendered":"https:\/\/noticiasribeiraopreto.com.br\/index.php\/2023\/12\/07\/hostel-em-ilhabela-oferece-experiencias-mais-rusticas\/"},"modified":"2023-12-07T09:42:36","modified_gmt":"2023-12-07T12:42:36","slug":"hostel-em-ilhabela-oferece-experiencias-mais-rusticas","status":"publish","type":"post","link":"https:\/\/noticiasribeiraopreto.com.br\/index.php\/2023\/12\/07\/hostel-em-ilhabela-oferece-experiencias-mais-rusticas\/","title":{"rendered":"Hostel em Ilhabela oferece experi\u00eancias mais r\u00fasticas"},"content":{"rendered":"<div class='code-block code-block-1' style='margin: 8px 0 8px auto; text-align: right; display: block; clear: both;'>\n<p><a href=\"https:\/\/wa.link\/vpicfd\"><img data-recalc-dims=\"1\" class=\"wp-image-4922\" style=\"aspect-ratio: 2.0253164556962027; width: 561px; height: auto;\" src=\"https:\/\/i0.wp.com\/ismaelcolosi.com.br\/wp-content\/uploads\/2023\/11\/grupo-de-empregos-whatsapp-e-facebook-ismael-colosi-vagas.jpg?ssl=1\" alt=\"\" \/><\/a><\/p>\n<!-- \/wp:image -->\n<\/div>\n<p> <br \/>\n<\/p>\n<div>\n<p>Procurando um lugar para o Ano Novo? J\u00e1 se imaginou dormindo em uma cabana t\u00edpica da Mong\u00f3lia perto do mar? Ent\u00e3o seu destino \u00e9 Ilhabela, no <a href=\"https:\/\/catracalivre.com.br\/viagem-livre\/lugares-secretos-de-ilhabela-sp-que-voce-precisa-conhecer\/\">litoral norte<\/a> de S\u00e3o Paulo.<\/p>\n<p>Famoso por oferecer hospedagens inusitadas, o <a href=\"https:\/\/hosteldavilailhabela.com.br\/pt\/home\" target=\"_blank\" rel=\"noopener\">Hostel da Vila<\/a> tem op\u00e7\u00f5es de cabanas estilo yurts, que apesar de r\u00fasticas, tem <a href=\"https:\/\/catracalivre.com.br\/viagem-livre\/pioneiro-do-glamping-no-brasil-hostel-da-vila-tem-novidade\/\">conforto de um hotel<\/a>.<\/p>\n<div id=\"attachment_2315284\" class=\"wp-caption aligncenter\">\n<div class=\"d-flex justify-content-center\" data-attachment-id=\"2315284\">\n<div class=\"position-relative d-inline-block\"><img src=\"https:\/\/catracalivre.com.br\/viagem-livre\/hostel-em-ilhabela-oferece-experiencias-mais-rusticas\/Divulga\u00e7\u00e3o\" fetchpriority=\"high\" decoding=\"async\" class=\"wp-image-2315284 size-large\" alt=\"As pitorescas cabanas estilo yurts do Hostel da Vila, em Ilhabela\" width=\"910\" height=\"569\" srcset=\"https:\/\/catracalivre.com.br\/wp-content\/uploads\/2023\/11\/hostel-da-vila-910x569.jpeg 910w, https:\/\/catracalivre.com.br\/wp-content\/uploads\/2023\/11\/hostel-da-vila-450x281.jpeg 450w, https:\/\/catracalivre.com.br\/wp-content\/uploads\/2023\/11\/hostel-da-vila-768x480.jpeg 768w\" sizes=\"(max-width: 910px) 100vw, 910px\"\/><\/p>\n<p>Cr\u00e9ditos: Divulga\u00e7\u00e3o<\/p>\n<\/div>\n<\/div>\n<p><span class=\"post-imagem__legenda\">As pitorescas cabanas estilo yurts do Hostel da Vila, em Ilhabela<\/span><\/p>\n<\/div>\n<p>Em formato circular, a hospedagem fica pr\u00f3ximo ao centro de Ilhabela, o que traz facilidades ao visitante.<\/p>\n<p>\u201c\u00c9 como se voc\u00ea n\u00e3o estivesse em Ilhabela, mas sim na Mong\u00f3lia. \u00c9 uma experi\u00eancia encantadora\u201d, explica Felipe Gamba, idealizador do Hostel da Vila.<\/p>\n<p>O Hostel da Vila tamb\u00e9m oferece hospedagem em tipis \u2013ou teepees, em ingl\u00eas, s\u00e3o cabanas inspiradas nas cabanas dos \u00edndios norte-americanos, em especial, os Apaches, Comanches e Kiowas.<\/p>\n<div id=\"attachment_2154307\" class=\"wp-caption aligncenter\">\n<div class=\"d-flex justify-content-center\" data-attachment-id=\"2154307\">\n<div class=\"position-relative d-inline-block\"><img loading=\"lazy\" src=\"https:\/\/catracalivre.com.br\/viagem-livre\/hostel-em-ilhabela-oferece-experiencias-mais-rusticas\/Douglas Mendes\/Divulga\u00e7\u00e3o\" decoding=\"async\" class=\"size-large wp-image-2154307\" alt=\"Os Domos Geod\u00e9sicos oferecem bela vista do Canal de S\u00e3o Sebasti\u00e3o\" width=\"910\" height=\"607\" srcset=\"https:\/\/catracalivre.com.br\/wp-content\/uploads\/2021\/04\/hostel-da-vila-ilhabela-domos-min-1024x683-1-910x607.jpeg 910w, https:\/\/catracalivre.com.br\/wp-content\/uploads\/2021\/04\/hostel-da-vila-ilhabela-domos-min-1024x683-1-450x300.jpeg 450w, https:\/\/catracalivre.com.br\/wp-content\/uploads\/2021\/04\/hostel-da-vila-ilhabela-domos-min-1024x683-1-768x512.jpeg 768w\" sizes=\"auto, (max-width: 910px) 100vw, 910px\"\/><\/p>\n<p>Cr\u00e9ditos: Douglas Mendes\/Divulga\u00e7\u00e3o<\/p>\n<\/div>\n<\/div>\n<p><span class=\"post-imagem__legenda\">Os Domos Geod\u00e9sicos oferecem bela vista do Canal de S\u00e3o Sebasti\u00e3o<\/span><\/p>\n<\/div>\n<p>Ideal para casais, elas tamb\u00e9m ficam pr\u00f3ximas ao Centro Hist\u00f3rico de Ilhabela. A poucos passos das cabanas, \u00e9 poss\u00edvel ter uma vista deslumbrante para o oceano, com um incr\u00edvel p\u00f4r do sol.<\/p>\n<h2>O hostel mais decolado de Ilhabela<\/h2>\n<p>Ao todo, o Hostel da Vila possui 40 quartos, divididos entre casas na \u00e1rvore, kombi, veleiro em meio a mata, \u00f4nibus, tips , domos, farol, trailer, yurts e quartos comuns, tanto privados quanto compartilhados.<\/p>\n<div class=\"content-gallery position-relative mb-3\">\n<div class=\"tns-selector\" id=\"slider_ad0a712b1c7200b14add71ff6994e7d5\">\n<div>\n<div class=\"with-caption\"><picture><img data-recalc-dims=\"1\" src=\"https:\/\/i0.wp.com\/catracalivre.com.br\/cdn-cgi\/image\/f%3Dauto%2Cq%3D60%2Cw%3D700%2Ch%3D1680%2Cfit%3Dscale-down\/wp-content\/uploads\/2023\/03\/ilhabela-hostel-da-vila-farol-910x569.jpg?w=700&#038;ssl=1\"  alt=\"Hostel da Vila, em Ilhabela, no litoral norte de SP, ganha quarto em farol\" loading=\"lazy\" decoding=\"async\" class=\"position-relative\"\/><\/picture>\n<p><span class=\"with-caption__about position-relative d-block\">Hostel da Vila, em Ilhabela, no litoral norte de SP, ganha quarto em farol<\/span><span class=\"with-caption__credit position-absolute\">Divulga\u00e7\u00e3o<\/span><\/p>\n<\/div>\n<\/div>\n<div>\n<div class=\"with-caption\"><picture><img data-recalc-dims=\"1\" src=\"https:\/\/i0.wp.com\/catracalivre.com.br\/cdn-cgi\/image\/f%3Dauto%2Cq%3D60%2Cw%3D700%2Ch%3D1680%2Cfit%3Dscale-down\/wp-content\/uploads\/2023\/03\/hostel-da-vila-farol-910x636.jpg?w=700&#038;ssl=1\"  alt=\"Hostel da Vila, em Ilhabela, no litoral norte de SP, ganha quarto em farol\" loading=\"lazy\" decoding=\"async\" class=\"position-relative\"\/><\/picture>\n<p><span class=\"with-caption__about position-relative d-block\">Hostel da Vila, em Ilhabela, no litoral norte de SP, ganha quarto em farol<\/span><span class=\"with-caption__credit position-absolute\">Divulga\u00e7\u00e3o<\/span><\/p>\n<\/div>\n<\/div>\n<div>\n<div class=\"with-caption\"><picture><img data-recalc-dims=\"1\" src=\"https:\/\/i0.wp.com\/catracalivre.com.br\/cdn-cgi\/image\/f%3Dauto%2Cq%3D60%2Cw%3D700%2Ch%3D1680%2Cfit%3Dscale-down\/wp-content\/uploads\/2023\/02\/hostel-da-vila-6-910x601.png?w=700&#038;ssl=1\"  alt=\"Hostel da Vila tem at\u00e9 hospedagem em um veleiro\" loading=\"lazy\" decoding=\"async\" class=\"position-relative\"\/><\/picture>\n<p><span class=\"with-caption__about position-relative d-block\">Hostel da Vila tem at\u00e9 hospedagem em um veleiro<\/span><span class=\"with-caption__credit position-absolute\">Divulga\u00e7\u00e3o<\/span><\/p>\n<\/div>\n<\/div>\n<div>\n<div class=\"with-caption\"><picture><img data-recalc-dims=\"1\" src=\"https:\/\/i0.wp.com\/catracalivre.com.br\/cdn-cgi\/image\/f%3Dauto%2Cq%3D60%2Cw%3D700%2Ch%3D1680%2Cfit%3Dscale-down\/wp-content\/uploads\/2021\/04\/tiny-hostel-da-vila-ok-910x609.jpg?w=700&#038;ssl=1\"  alt=\"Ilhanela\" loading=\"lazy\" decoding=\"async\" class=\"position-relative\"\/><\/picture>\n<p><span class=\"with-caption__about position-relative d-block\">Hostel da Vila tem at\u00e9 hospedagem em um veleiro<\/span><span class=\"with-caption__credit position-absolute\">@rol\u00ea360<\/span><\/p>\n<\/div>\n<\/div>\n<div>\n<div class=\"with-caption\"><picture><img data-recalc-dims=\"1\" src=\"https:\/\/i0.wp.com\/catracalivre.com.br\/cdn-cgi\/image\/f%3Dauto%2Cq%3D60%2Cw%3D700%2Ch%3D1680%2Cfit%3Dscale-down\/wp-content\/uploads\/2021\/04\/tipi-hostel-da-vila-ilhabela-entrada-douglas-mendes.jpeg?w=700&#038;ssl=1\"  alt=\"Hostel da Villa\" loading=\"lazy\" decoding=\"async\" class=\"position-relative\"\/><\/picture>\n<p><span class=\"with-caption__about position-relative d-block\">Hostel da Vila aposta em experi\u00eancias de hospedagens diferenciadas, com constru\u00e7\u00f5es limpas e sempre na maior integra\u00e7\u00e3o poss\u00edvel com a natureza<\/span><span class=\"with-caption__credit position-absolute\">Douglas Mendes<\/span><\/p>\n<\/div>\n<\/div>\n<div>\n<div class=\"with-caption\"><picture><img data-recalc-dims=\"1\" src=\"https:\/\/i0.wp.com\/catracalivre.com.br\/cdn-cgi\/image\/f%3Dauto%2Cq%3D60%2Cw%3D700%2Ch%3D1680%2Cfit%3Dscale-down\/wp-content\/uploads\/2020\/11\/hostel-da-vila-casa-na-arvore-interna.jpg?w=700&#038;ssl=1\"  alt=\"Interior de uma das casas na \u00e1rvore do Hostel da Villa\" loading=\"lazy\" decoding=\"async\" class=\"position-relative\"\/><\/picture>\n<p><span class=\"with-caption__about position-relative d-block\">Interior de uma das casas na \u00e1rvore do Hostel da Villa<\/span><span class=\"with-caption__credit position-absolute\">Divulga\u00e7\u00e3o<\/span><\/p>\n<\/div>\n<\/div>\n<div>\n<div class=\"with-caption\"><picture><img data-recalc-dims=\"1\" src=\"https:\/\/i0.wp.com\/catracalivre.com.br\/cdn-cgi\/image\/f%3Dauto%2Cq%3D60%2Cw%3D700%2Ch%3D1680%2Cfit%3Dscale-down\/wp-content\/uploads\/2021\/01\/hostel-da-vila-casa-na-arvore.jpg?w=700&#038;ssl=1\"  alt=\"Interior de uma das casas na \u00e1rvore do Hostel da Villa\" loading=\"lazy\" decoding=\"async\" class=\"position-relative\"\/><\/picture>\n<p><span class=\"with-caption__about position-relative d-block\">Interior de uma das casas na \u00e1rvore do Hostel da Villa<\/span><span class=\"with-caption__credit position-absolute\">Divulga\u00e7\u00e3o<\/span><\/p>\n<\/div>\n<\/div>\n<div>\n<div class=\"with-caption\"><picture><img data-recalc-dims=\"1\" src=\"https:\/\/i0.wp.com\/catracalivre.com.br\/cdn-cgi\/image\/f%3Dauto%2Cq%3D60%2Cw%3D700%2Ch%3D1680%2Cfit%3Dscale-down\/wp-content\/uploads\/2020\/11\/hostel-da-vila-kombi-externa-910x455.jpg?w=700&#038;ssl=1\"  alt=\"Hostel das Vila tem hospedagem em barracas tipo glamping e em Kombi\" loading=\"lazy\" decoding=\"async\" class=\"position-relative\"\/><\/picture>\n<p><span class=\"with-caption__about position-relative d-block\">Hostel das Vila tem hospedagem em barracas tipo glamping e em Kombi<\/span><span class=\"with-caption__credit position-absolute\">Divulga\u00e7\u00e3o<\/span><\/p>\n<\/div>\n<\/div>\n<\/div>\n<\/div>\n<p>No caso das atividades, o hostel disponibiliza em seu espa\u00e7o um bar, piscina, m\u00fasica ao vivo, pista de dan\u00e7a, jogos de mesa, um espa\u00e7o para coworking e at\u00e9 mesmo um est\u00fadio de tatuagem.<\/p>\n<p>Em meio a Mata Atl\u00e2ntica, Ilhabela une passeios em 42 praias, nove ilhas, 360 cachoeiras (sendo 30 abertas para o p\u00fablico, vida noturna e at\u00e9 mesmo montanha.<\/p>\n<\/div>\n<p><script>\n\t\t! function(f, b, e, v, n, t, s) {\n\t\t\tif (f.fbq) return;\n\t\t\tn = f.fbq = function() {\n\t\t\t\tn.callMethod ?\n\t\t\t\t\tn.callMethod.apply(n, arguments) : n.queue.push(arguments)\n\t\t\t};\n\t\t\tif (!f._fbq) f._fbq = n;\n\t\t\tn.push = n;\n\t\t\tn.loaded = !0;\n\t\t\tn.version = '2.0';\n\t\t\tn.queue = [];\n\t\t\tt = b.createElement(e);\n\t\t\tt.async = !0;\n\t\t\tt.src = v;\n\t\t\ts = b.getElementsByTagName(e)[0];\n\t\t\ts.parentNode.insertBefore(t, s)\n\t\t}(window, document, 'script',\n\t\t\t'https:\/\/connect.facebook.net\/en_US\/fbevents.js');\n\t\tfbq('init', '338315473262380');\n\t\tfbq('track', 'PageView');\n\t<\/script><br \/>\n<br \/><br \/>\n<br \/><a href=\"https:\/\/catracalivre.com.br\/viagem-livre\/hostel-em-ilhabela-oferece-experiencias-mais-rusticas\/\">Source link <\/a><\/p>\n<!-- CONTENT END 1 -->\n","protected":false},"excerpt":{"rendered":"<p>Procurando um lugar para o Ano Novo? J\u00e1 se imaginou dormindo em uma cabana t\u00edpica da Mong\u00f3lia perto do mar? Ent\u00e3o seu destino \u00e9 Ilhabela,&#8230;<\/p>\n","protected":false},"author":1,"featured_media":12017,"comment_status":"open","ping_status":"open","sticky":false,"template":"","format":"standard","meta":{"advanced_seo_description":"","jetpack_seo_html_title":"","jetpack_seo_noindex":false,"jetpack_post_was_ever_published":false,"_jetpack_newsletter_access":"","_jetpack_dont_email_post_to_subs":false,"_jetpack_newsletter_tier_id":0,"_jetpack_memberships_contains_paywalled_content":false,"_jetpack_memberships_contains_paid_content":false,"footnotes":"","jetpack_publicize_message":"","jetpack_publicize_feature_enabled":true,"jetpack_social_post_already_shared":true,"jetpack_social_options":{"image_generator_settings":{"template":"highway","default_image_id":0,"font":"","enabled":false},"version":2}},"categories":[19],"tags":[],"class_list":["post-12016","post","type-post","status-publish","format-standard","has-post-thumbnail","hentry","category-variedades"],"jetpack_publicize_connections":[],"jetpack_featured_media_url":"https:\/\/i0.wp.com\/noticiasribeiraopreto.com.br\/wp-content\/uploads\/2023\/12\/hostel-da-vila.jpeg?fit=1200%2C638&ssl=1","jetpack-related-posts":[{"id":17850,"url":"https:\/\/noticiasribeiraopreto.com.br\/index.php\/2023\/12\/19\/5-praias-paradisiacas-no-litoral-de-sp-que-voce-precisa-conhecer\/","url_meta":{"origin":12016,"position":0},"title":"5 praias paradis\u00edacas no litoral de SP que voc\u00ea precisa conhecer","author":"noticiasribeiraopreto.com.br","date":"19 de December de 2023","format":false,"excerpt":"Cr\u00e9ditos: divulga\u00e7\u00e3o\/Prefeitura de Ilhabela Praias paradis\u00edacas para visitar no litoral de SP Quando se menciona o estado de S\u00e3o Paulo, o que vem \u00e0 mente, na maioria das vezes, s\u00e3o os grandes arranha-c\u00e9us, a agita\u00e7\u00e3o da cidade e a diversidade cultural. Mas o estado tamb\u00e9m conta com praias tranquilas, cercadas\u2026","rel":"","context":"In &quot;Variedades&quot;","block_context":{"text":"Variedades","link":"https:\/\/noticiasribeiraopreto.com.br\/index.php\/category\/variedades\/"},"img":{"alt_text":"","src":"https:\/\/i0.wp.com\/noticiasribeiraopreto.com.br\/wp-content\/uploads\/2023\/12\/bonete-5.jpg?fit=1200%2C638&ssl=1&resize=350%2C200","width":350,"height":200,"srcset":"https:\/\/i0.wp.com\/noticiasribeiraopreto.com.br\/wp-content\/uploads\/2023\/12\/bonete-5.jpg?fit=1200%2C638&ssl=1&resize=350%2C200 1x, https:\/\/i0.wp.com\/noticiasribeiraopreto.com.br\/wp-content\/uploads\/2023\/12\/bonete-5.jpg?fit=1200%2C638&ssl=1&resize=525%2C300 1.5x, https:\/\/i0.wp.com\/noticiasribeiraopreto.com.br\/wp-content\/uploads\/2023\/12\/bonete-5.jpg?fit=1200%2C638&ssl=1&resize=700%2C400 2x, https:\/\/i0.wp.com\/noticiasribeiraopreto.com.br\/wp-content\/uploads\/2023\/12\/bonete-5.jpg?fit=1200%2C638&ssl=1&resize=1050%2C600 3x"},"classes":[]},{"id":7015,"url":"https:\/\/noticiasribeiraopreto.com.br\/index.php\/2023\/11\/27\/cunha-sp-ganha-complexo-com-cabanas-de-luxo-veja-fotos\/","url_meta":{"origin":12016,"position":1},"title":"Cunha (SP) ganha complexo com cabanas de luxo; veja fotos","author":"noticiasribeiraopreto.com.br","date":"27 de November de 2023","format":false,"excerpt":"A est\u00e2ncia clim\u00e1tica de Cunha, a 230 km da capital paulista, ganha um charme especial durante a primavera. Nesta \u00e9poca do ano, a cidade na regi\u00e3o do Alto Para\u00edba ostenta belas e coloridas paisagens, como a do Lavand\u00e1rio. Cunha tamb\u00e9m oferece uma s\u00e9rie de passeios ao ar livre, que combinam\u2026","rel":"","context":"In &quot;Variedades&quot;","block_context":{"text":"Variedades","link":"https:\/\/noticiasribeiraopreto.com.br\/index.php\/category\/variedades\/"},"img":{"alt_text":"","src":"https:\/\/i0.wp.com\/noticiasribeiraopreto.com.br\/wp-content\/uploads\/2023\/11\/cabanas-cunha-nomada-place-interna.jpg?fit=1200%2C638&ssl=1&resize=350%2C200","width":350,"height":200,"srcset":"https:\/\/i0.wp.com\/noticiasribeiraopreto.com.br\/wp-content\/uploads\/2023\/11\/cabanas-cunha-nomada-place-interna.jpg?fit=1200%2C638&ssl=1&resize=350%2C200 1x, https:\/\/i0.wp.com\/noticiasribeiraopreto.com.br\/wp-content\/uploads\/2023\/11\/cabanas-cunha-nomada-place-interna.jpg?fit=1200%2C638&ssl=1&resize=525%2C300 1.5x, https:\/\/i0.wp.com\/noticiasribeiraopreto.com.br\/wp-content\/uploads\/2023\/11\/cabanas-cunha-nomada-place-interna.jpg?fit=1200%2C638&ssl=1&resize=700%2C400 2x, https:\/\/i0.wp.com\/noticiasribeiraopreto.com.br\/wp-content\/uploads\/2023\/11\/cabanas-cunha-nomada-place-interna.jpg?fit=1200%2C638&ssl=1&resize=1050%2C600 3x"},"classes":[]},{"id":18285,"url":"https:\/\/noticiasribeiraopreto.com.br\/index.php\/2023\/12\/20\/litoral-norte-de-sp-tem-mais-de-200-praias-escolha-a-sua\/","url_meta":{"origin":12016,"position":2},"title":"Litoral norte de SP tem mais de 200 praias; escolha a sua","author":"noticiasribeiraopreto.com.br","date":"20 de December de 2023","format":false,"excerpt":"Uma das costas mais bonitas do pa\u00eds, o litoral norte de S\u00e3o Paulo abriga quase 200 praias paradis\u00edacas envoltas \u00e0 muita natureza. A regi\u00e3o, que \u00e9 integrada pelo Circuito Litoral Norte e composta pelas cidades de Bertioga, Caraguatatuba, Ilhabela, S\u00e3o Sebasti\u00e3o e Ubatuba, conta com faixas de areia para todo\u2026","rel":"","context":"In &quot;Variedades&quot;","block_context":{"text":"Variedades","link":"https:\/\/noticiasribeiraopreto.com.br\/index.php\/category\/variedades\/"},"img":{"alt_text":"","src":"https:\/\/i0.wp.com\/noticiasribeiraopreto.com.br\/wp-content\/uploads\/2023\/12\/praia-do-bonete-mariana-sampaio-sectur-ilhabela.jpg?fit=1200%2C638&ssl=1&resize=350%2C200","width":350,"height":200,"srcset":"https:\/\/i0.wp.com\/noticiasribeiraopreto.com.br\/wp-content\/uploads\/2023\/12\/praia-do-bonete-mariana-sampaio-sectur-ilhabela.jpg?fit=1200%2C638&ssl=1&resize=350%2C200 1x, https:\/\/i0.wp.com\/noticiasribeiraopreto.com.br\/wp-content\/uploads\/2023\/12\/praia-do-bonete-mariana-sampaio-sectur-ilhabela.jpg?fit=1200%2C638&ssl=1&resize=525%2C300 1.5x, https:\/\/i0.wp.com\/noticiasribeiraopreto.com.br\/wp-content\/uploads\/2023\/12\/praia-do-bonete-mariana-sampaio-sectur-ilhabela.jpg?fit=1200%2C638&ssl=1&resize=700%2C400 2x, https:\/\/i0.wp.com\/noticiasribeiraopreto.com.br\/wp-content\/uploads\/2023\/12\/praia-do-bonete-mariana-sampaio-sectur-ilhabela.jpg?fit=1200%2C638&ssl=1&resize=1050%2C600 3x"},"classes":[]},{"id":84049,"url":"https:\/\/noticiasribeiraopreto.com.br\/index.php\/2026\/03\/31\/cidade-no-litoral-norte-de-sp-comeca-a-cobrar-taxa-para-turistas-veja-os-valores\/","url_meta":{"origin":12016,"position":3},"title":"Cidade no litoral norte de SP come\u00e7a a cobrar taxa para turistas; Veja os valores","author":"noticiasribeiraopreto.com.br","date":"31 de March de 2026","format":false,"excerpt":"Ler o resumo da not\u00edcia Ilhabela (litoral norte de SP) come\u00e7ou a cobrar a TPA (Taxa de Preserva\u00e7\u00e3o Ambiental) para turistas a partir desta ter\u00e7a-feira (31). Valores variam de R$ 10 (moto) a R$ 140 (\u00f4nibus), com ve\u00edculos de passeio paying R$ 48. A taxa, suspensa em 2020 durante a\u2026","rel":"","context":"In &quot;Not\u00edcias de Ribeir\u00e3o Preto-SP e Regi\u00e3o&quot;","block_context":{"text":"Not\u00edcias de Ribeir\u00e3o Preto-SP e Regi\u00e3o","link":"https:\/\/noticiasribeiraopreto.com.br\/index.php\/category\/noticias-de-ribeirao-preto-sp-e-regiao-ismael-colosi\/"},"img":{"alt_text":"","src":"https:\/\/i0.wp.com\/noticiasribeiraopreto.com.br\/wp-content\/uploads\/2026\/03\/ilhabela_2026-03-31_20-31-05.webp.webp?fit=800%2C450&ssl=1&resize=350%2C200","width":350,"height":200,"srcset":"https:\/\/i0.wp.com\/noticiasribeiraopreto.com.br\/wp-content\/uploads\/2026\/03\/ilhabela_2026-03-31_20-31-05.webp.webp?fit=800%2C450&ssl=1&resize=350%2C200 1x, https:\/\/i0.wp.com\/noticiasribeiraopreto.com.br\/wp-content\/uploads\/2026\/03\/ilhabela_2026-03-31_20-31-05.webp.webp?fit=800%2C450&ssl=1&resize=525%2C300 1.5x, https:\/\/i0.wp.com\/noticiasribeiraopreto.com.br\/wp-content\/uploads\/2026\/03\/ilhabela_2026-03-31_20-31-05.webp.webp?fit=800%2C450&ssl=1&resize=700%2C400 2x"},"classes":[]},{"id":5686,"url":"https:\/\/noticiasribeiraopreto.com.br\/index.php\/2023\/11\/24\/hostels-com-piscina-abrem-as-portas-para-quem-nao-e-hospede\/","url_meta":{"origin":12016,"position":4},"title":"Hostels com piscina abrem as portas para quem n\u00e3o \u00e9 h\u00f3spede","author":"noticiasribeiraopreto.com.br","date":"24 de November de 2023","format":false,"excerpt":"\u00c9 s\u00f3 come\u00e7ar o calor\u00e3o que muita gente j\u00e1 envia aquelas cl\u00e1ssicas mensagens de \u201coi sumido\u201d para que tem uma piscina em casa. Mas se voc\u00ea n\u00e3o tem para quem apelar, que tal dar uma olhada nos hostels com piscina que est\u00e3o na sua cidade? O melhor de tudo \u00e9\u2026","rel":"","context":"In &quot;Variedades&quot;","block_context":{"text":"Variedades","link":"https:\/\/noticiasribeiraopreto.com.br\/index.php\/category\/variedades\/"},"img":{"alt_text":"","src":"https:\/\/i0.wp.com\/noticiasribeiraopreto.com.br\/wp-content\/uploads\/2023\/11\/hostels-com-piscina.jpg?fit=1200%2C638&ssl=1&resize=350%2C200","width":350,"height":200,"srcset":"https:\/\/i0.wp.com\/noticiasribeiraopreto.com.br\/wp-content\/uploads\/2023\/11\/hostels-com-piscina.jpg?fit=1200%2C638&ssl=1&resize=350%2C200 1x, https:\/\/i0.wp.com\/noticiasribeiraopreto.com.br\/wp-content\/uploads\/2023\/11\/hostels-com-piscina.jpg?fit=1200%2C638&ssl=1&resize=525%2C300 1.5x, https:\/\/i0.wp.com\/noticiasribeiraopreto.com.br\/wp-content\/uploads\/2023\/11\/hostels-com-piscina.jpg?fit=1200%2C638&ssl=1&resize=700%2C400 2x, https:\/\/i0.wp.com\/noticiasribeiraopreto.com.br\/wp-content\/uploads\/2023\/11\/hostels-com-piscina.jpg?fit=1200%2C638&ssl=1&resize=1050%2C600 3x"},"classes":[]},{"id":21850,"url":"https:\/\/noticiasribeiraopreto.com.br\/index.php\/2023\/12\/28\/9-ilhas-imperdiveis-para-conhecer-no-litoral-de-sao-paulo\/","url_meta":{"origin":12016,"position":5},"title":"9 ilhas imperd\u00edveis para conhecer no litoral de S\u00e3o Paulo","author":"noticiasribeiraopreto.com.br","date":"28 de December de 2023","format":false,"excerpt":"O litoral de S\u00e3o Paulo abriga mais de 50 ilhas, muitas abertas ao p\u00fablico. Somente em Ilhabela, existem ilhas com mais de 40 praias e muitas cachoeiras, e 80% de seu territ\u00f3rio \u00e9 coberto por vegeta\u00e7\u00e3o de mata atl\u00e2ntica. S\u00e3o boas op\u00e7\u00f5es de passeio neste ver\u00e3o para quem gosta de\u2026","rel":"","context":"In &quot;Variedades&quot;","block_context":{"text":"Variedades","link":"https:\/\/noticiasribeiraopreto.com.br\/index.php\/category\/variedades\/"},"img":{"alt_text":"","src":"https:\/\/i0.wp.com\/noticiasribeiraopreto.com.br\/wp-content\/uploads\/2023\/12\/ilha-monte-do-trigao.jpg?fit=1200%2C638&ssl=1&resize=350%2C200","width":350,"height":200,"srcset":"https:\/\/i0.wp.com\/noticiasribeiraopreto.com.br\/wp-content\/uploads\/2023\/12\/ilha-monte-do-trigao.jpg?fit=1200%2C638&ssl=1&resize=350%2C200 1x, https:\/\/i0.wp.com\/noticiasribeiraopreto.com.br\/wp-content\/uploads\/2023\/12\/ilha-monte-do-trigao.jpg?fit=1200%2C638&ssl=1&resize=525%2C300 1.5x, https:\/\/i0.wp.com\/noticiasribeiraopreto.com.br\/wp-content\/uploads\/2023\/12\/ilha-monte-do-trigao.jpg?fit=1200%2C638&ssl=1&resize=700%2C400 2x, https:\/\/i0.wp.com\/noticiasribeiraopreto.com.br\/wp-content\/uploads\/2023\/12\/ilha-monte-do-trigao.jpg?fit=1200%2C638&ssl=1&resize=1050%2C600 3x"},"classes":[]}],"jetpack_sharing_enabled":true,"jetpack_shortlink":"https:\/\/wp.me\/peQAOb-37O","_links":{"self":[{"href":"https:\/\/noticiasribeiraopreto.com.br\/index.php\/wp-json\/wp\/v2\/posts\/12016","targetHints":{"allow":["GET"]}}],"collection":[{"href":"https:\/\/noticiasribeiraopreto.com.br\/index.php\/wp-json\/wp\/v2\/posts"}],"about":[{"href":"https:\/\/noticiasribeiraopreto.com.br\/index.php\/wp-json\/wp\/v2\/types\/post"}],"author":[{"embeddable":true,"href":"https:\/\/noticiasribeiraopreto.com.br\/index.php\/wp-json\/wp\/v2\/users\/1"}],"replies":[{"embeddable":true,"href":"https:\/\/noticiasribeiraopreto.com.br\/index.php\/wp-json\/wp\/v2\/comments?post=12016"}],"version-history":[{"count":0,"href":"https:\/\/noticiasribeiraopreto.com.br\/index.php\/wp-json\/wp\/v2\/posts\/12016\/revisions"}],"wp:featuredmedia":[{"embeddable":true,"href":"https:\/\/noticiasribeiraopreto.com.br\/index.php\/wp-json\/wp\/v2\/media\/12017"}],"wp:attachment":[{"href":"https:\/\/noticiasribeiraopreto.com.br\/index.php\/wp-json\/wp\/v2\/media?parent=12016"}],"wp:term":[{"taxonomy":"category","embeddable":true,"href":"https:\/\/noticiasribeiraopreto.com.br\/index.php\/wp-json\/wp\/v2\/categories?post=12016"},{"taxonomy":"post_tag","embeddable":true,"href":"https:\/\/noticiasribeiraopreto.com.br\/index.php\/wp-json\/wp\/v2\/tags?post=12016"}],"curies":[{"name":"wp","href":"https:\/\/api.w.org\/{rel}","templated":true}]}}