{"id":12018,"date":"2023-12-07T09:47:11","date_gmt":"2023-12-07T12:47:11","guid":{"rendered":"https:\/\/noticiasribeiraopreto.com.br\/index.php\/2023\/12\/07\/secretaria-da-mulher-tem-selecao-autorizada-e-comissao-constituida\/"},"modified":"2023-12-07T09:47:11","modified_gmt":"2023-12-07T12:47:11","slug":"secretaria-da-mulher-tem-selecao-autorizada-e-comissao-constituida","status":"publish","type":"post","link":"https:\/\/noticiasribeiraopreto.com.br\/index.php\/2023\/12\/07\/secretaria-da-mulher-tem-selecao-autorizada-e-comissao-constituida\/","title":{"rendered":"Secretaria da Mulher tem sele\u00e7\u00e3o autorizada e comiss\u00e3o constitu\u00edda"},"content":{"rendered":"<div class='code-block code-block-1' style='margin: 8px 0 8px auto; text-align: right; display: block; clear: both;'>\n<p><a href=\"https:\/\/wa.link\/vpicfd\"><img data-recalc-dims=\"1\" class=\"wp-image-4922\" style=\"aspect-ratio: 2.0253164556962027; width: 561px; height: auto;\" src=\"https:\/\/i0.wp.com\/ismaelcolosi.com.br\/wp-content\/uploads\/2023\/11\/grupo-de-empregos-whatsapp-e-facebook-ismael-colosi-vagas.jpg?ssl=1\" alt=\"\" \/><\/a><\/p>\n<!-- \/wp:image -->\n<\/div>\n<p> <br \/>\n<\/p>\n<div>\n<p>O primeiro <a href=\"https:\/\/jcconcursos.com.br\/concurso\/concurso-prefeitura-recife-pe-78392\" rel=\"noopener\" target=\"_blank\">concurso Prefeitura de Recife PE<\/a> (Prefeitura de Recife), em Pernambuco, para a Secretaria da Mulher, est\u00e1 oficialmente autorizado. A portaria foi publicada nesta quinta-feira, 7 de dezembro, pelo secret\u00e1rio de planejamento, gest\u00e3o e transforma\u00e7\u00e3o digital, Felipe Martins Matos, e pela secret\u00e1ria da mulher, Glauce Margarida da Hora Medeiros.\u00a0 <a href=\"https:\/\/jcconcursos.com.br\/noticia\/concursos\/concurso-prefeitura-recife-pe-definidos-cargos-e-vagas-para-secretaria-da-mulher-112050\" rel=\"noopener\" target=\"_blank\">Al\u00e9m disso, tamb\u00e9m foi constitu\u00edda a comiss\u00e3o organizadora. A sele\u00e7\u00e3o j\u00e1 contava com cargos definidos desde junho<\/a>. No entanto, ainda n\u00e3o h\u00e1 uma defini\u00e7\u00e3o de quando o edital poder\u00e1 ser publicado.\u00a0<\/p>\n<p>Ao todo, a <a href=\"https:\/\/www2.recife.pe.gov.br\/\" rel=\"noopener\" target=\"_blank\">prefeitura<\/a> deve oferecer\u00a0 81 vagas, distribu\u00eddas por diversos cargos de <a href=\"https:\/\/jcconcursos.com.br\/concursos\/nivel-escolar\/superior\" rel=\"noopener\" target=\"_blank\">n\u00edvel superior<\/a>, com iniciais de at\u00e9 R$ 3.500.<\/p>\n<p>A distribui\u00e7\u00e3o de vagas por cargos \u00e9 a seguinte:<\/p>\n<ul>\n<li>analista de promo\u00e7\u00e3o dos direitos da mulher \u2013 advogada \u2013 11 vagas, com inicial de R$ 3.500, para 40 horas semanais<\/li>\n<li>analista de promo\u00e7\u00e3o dos direitos da mulher \u2013 psic\u00f3loga \u2013 12 vagas, com inicial de R$ 3.500, para 40 horas semanais<\/li>\n<li>analista de promo\u00e7\u00e3o dos direitos da mulher \u2013 pedagoga \u2013 3 vagas, com inicial de R$ 3.500, para 40 horas semanais<\/li>\n<li>analista de promo\u00e7\u00e3o dos direitos da mulher \u2013 ci\u00eancias sociais \u2013 2 vagas, com inicial de R$ 3.500, para 40 horas semanais<\/li>\n<li>analista de promo\u00e7\u00e3o dos direitos da mulher \u2013 assistente social \u2013 17 vagas, com inicial de R$ 3.000, para 30 horas semanais<\/li>\n<li>analista de promo\u00e7\u00e3o dos direitos da mulher \u2013 educadora social -15 vagas, com inicial de R$ 3.000, para 40 horas semanais<\/li>\n<li>analista de promo\u00e7\u00e3o dos direitos da mulher \u2013 arte educadora \u2013 21 vagas, com inicial de R$ 3.000, para 40 horas semanais.<\/li>\n<\/ul>\n<h2>Concurso Prefeitura de Recife PE: veja autoriza\u00e7\u00e3o oficial e comiss\u00e3o organizadora<\/h2>\n<p>Secretaria de Planejamento, Gest\u00e3o e Transforma\u00e7\u00e3o Digital ________________________________________<br \/>Secret\u00e1rio FELIPE MARTINS MATOS<br \/>PORTARIA CONJUNTA N\u00ba 126<br \/>O SECRET\u00c1RIO DE PLANEJAMENTO, GEST\u00c3O E TRANSFORMA\u00c7\u00c3O DIGITAL E A SECRET\u00c1RIA DA MULHER, no uso de suas atribui\u00e7\u00f5es legais,<\/p>\n<p>CONSIDERANDO a Lei n\u00ba 19.064, de 24 de maio de 2023, que autorizou a realiza\u00e7\u00e3o do Concurso P\u00fablico para provimento de cargos efetivos para compor o Grupo Ocupacional de Promo\u00e7\u00e3o dos Direitos das Mulheres do Recife, no \u00e2mbito do Munic\u00edpio de Recife,<br \/>R E S O L V E M :<\/p>\n<p>Art. 1\u00ba Autorizar a realiza\u00e7\u00e3o de Concurso P\u00fablico para provimento dos seguintes cargos efetivos:<\/p>\n<div class=\"code-block code-block-5\" style=\"margin: 8px auto; text-align: center; display: block; clear: both;\"> <a href=\"https:\/\/suaads.com\/ref\/ISMAELCOLOSI\" target=\"_blank\" rel=\"noopener\"><img data-recalc-dims=\"1\" decoding=\"async\" src=\"https:\/\/i0.wp.com\/suaurl.com\/img\/bannersref\/s.png?ssl=1\" alt=\"SuaUrl\"  style=\"max-width: 100%;\" class=\"lazy\" loading=\"lazy\"\/><noscript><img data-recalc-dims=\"1\" decoding=\"async\" src=\"https:\/\/i0.wp.com\/suaurl.com\/img\/bannersref\/s.png?ssl=1\" alt=\"SuaUrl\"  style=\"max-width: 100%;\"\/><\/noscript><\/a><\/div>\n<p>I \u2013 Analista de Promo\u00e7\u00e3o dos Direitos das Mulheres \u2013 Assistente Social;<br \/>II \u2013 Analista de Promo\u00e7\u00e3o dos Direitos das Mulheres \u2013 Psic\u00f3loga;<br \/>III \u2013 Analista de Promo\u00e7\u00e3o dos Direitos das Mulheres \u2013 Advogada;<br \/>IV \u2013 Analista de Promo\u00e7\u00e3o dos Direitos das Mulheres \u2013 Pedagoga;<br \/>V \u2013 Analista de Promo\u00e7\u00e3o dos Direitos das Mulheres \u2013 Ci\u00eancias Sociais;<br \/>VI \u2013 Analista de Promo\u00e7\u00e3o dos Direitos das Mulheres \u2013 Educadora Social;<br \/>VII \u2013 Analista de Promo\u00e7\u00e3o dos Direitos das Mulheres \u2013 Arte Educadora.<\/p>\n<p>Art. 2\u00ba \u2013 Constituir Comiss\u00e3o Organizadora do Concurso P\u00fablico, sob a Presid\u00eancia da primeira, com a seguinte composi\u00e7\u00e3o:<\/p>\n<p>I. Representantes da Secretaria da Mulher<br \/>Avani Santana, Matr\u00edcula n\u00ba 56.655-3<br \/>Ana Maria Costa Magalh\u00e3es, Matr\u00edcula n\u00ba 97.245-2<br \/>Jany Rosaria Barros Nascimento, Matr\u00edcula n\u00ba 88.475-0<br \/>Maria Alice Domingues Maia, Matr\u00edcula n\u00ba 5245-0<\/p>\n<p>II. Representantes da Secretaria de Planejamento, Gest\u00e3o e Transforma\u00e7\u00e3o Digital<br \/>M\u00f4nica Val\u00e9rio Belo da Costa, Matr\u00edcula 72.868-2<br \/>Marcelo Ribeiro dos Santos, Matr\u00edcula 89.177-8<\/p>\n<p>Art. 3\u00ba \u2013 A Comiss\u00e3o ora constitu\u00edda ter\u00e1 como atribui\u00e7\u00f5es:<\/p>\n<p>I \u2013 Acompanhar e supervisionar a realiza\u00e7\u00e3o do Concurso P\u00fablico, com poderes para resolver casos omissos no Edital do Concurso,<br \/>observadas as disposi\u00e7\u00f5es legais e para convocar especialista, se necess\u00e1rio;<br \/>II \u2013 Adotar todas as provid\u00eancias necess\u00e1rias, no que se refere aos procedimentos do Concurso, para o bem da Administra\u00e7\u00e3o P\u00fablica;<br \/>III \u2013 Promover todos os atos necess\u00e1rios \u00e0 contrata\u00e7\u00e3o de institui\u00e7\u00f5es com reconhecida qualifica\u00e7\u00e3o na \u00e1rea de Concursos P\u00fablicos.<\/p>\n<p>Art. 4\u00ba \u2013 Esta Portaria entra em vigor na data de sua publica\u00e7\u00e3o oficial, com validade de 90 (noventa) dias, podendo ser renovada por igual per\u00edodo, caso seja necess\u00e1rio para conclus\u00e3o dos trabalhos.<\/p>\n<p>Recife, 05 de dezembro de 2023.<br \/>FELIPE MARTINS MATOS<br \/>Secret\u00e1rio de Planejamento, Gest\u00e3o e Transforma\u00e7\u00e3o Digital<br \/>GLAUCE MARGARIDA DA HORA MEDEIROS<br \/>Secret\u00e1ria da Mulher<\/p>\n<p><a id=\"gnews_btn\" href=\"https:\/\/news.google.com\/publications\/CAAqBwgKMOixlQswuZWrAw\" target=\"_blank\" class=\"border_jc_blue link_hover_bg_jc_blue font_85 d-block d-md-inline-block px-2 py-1 mr-0 mr-md-2 mb-3 w-100 text-center\" rel=\"noopener\"><span class=\"text_jc_blue\">Siga o <strong>JC Concursos no Google News<\/strong><\/span><\/a><span id=\"resumo\" class=\"anchor_link\"\/><a href=\"https:\/\/jcconcursos.com.br\/\" class=\"badge badge-light\">concursos<\/a><a href=\"https:\/\/jcconcursos.com.br\/concursos\/pe\" class=\"badge badge-light\">concursos pe (pernambuco)<\/a><a href=\"https:\/\/jcconcursos.com.br\/concursos\/previstos\" class=\"badge badge-light\">concursos 2023<\/a><a href=\"https:\/\/jcconcursos.com.br\/provas\/por-orgao\" class=\"badge badge-light\">provas anteriores<\/a><\/p>\n<\/div>\n<p><br \/>\n<br \/><a href=\"https:\/\/ismaelcolosi.com.br\/secretaria-da-mulher-tem-selecao-autorizada-e-comissao-constituida\/\">Source link <\/a><\/p>\n<!-- CONTENT END 1 -->\n","protected":false},"excerpt":{"rendered":"<p>O primeiro concurso Prefeitura de Recife PE (Prefeitura de Recife), em Pernambuco, para a Secretaria da Mulher, est\u00e1 oficialmente autorizado. A portaria foi publicada nesta&#8230;<\/p>\n","protected":false},"author":1,"featured_media":12019,"comment_status":"open","ping_status":"open","sticky":false,"template":"","format":"standard","meta":{"advanced_seo_description":"","jetpack_seo_html_title":"","jetpack_seo_noindex":false,"jetpack_post_was_ever_published":false,"_jetpack_newsletter_access":"","_jetpack_dont_email_post_to_subs":false,"_jetpack_newsletter_tier_id":0,"_jetpack_memberships_contains_paywalled_content":false,"_jetpack_memberships_contains_paid_content":false,"footnotes":"","jetpack_publicize_message":"","jetpack_publicize_feature_enabled":true,"jetpack_social_post_already_shared":true,"jetpack_social_options":{"image_generator_settings":{"template":"highway","default_image_id":0,"font":"","enabled":false},"version":2}},"categories":[7],"tags":[],"class_list":["post-12018","post","type-post","status-publish","format-standard","has-post-thumbnail","hentry","category-vagas-de-empregos-em-ribeirao-preto-regiao-brasil"],"jetpack_publicize_connections":[],"jetpack_featured_media_url":"https:\/\/i0.wp.com\/noticiasribeiraopreto.com.br\/wp-content\/uploads\/2023\/12\/recife_pe_novoo.jpg?fit=1920%2C1080&ssl=1","jetpack-related-posts":[{"id":12094,"url":"https:\/\/noticiasribeiraopreto.com.br\/index.php\/2023\/12\/07\/nomeada-comissao-organizadora-da-selecao\/","url_meta":{"origin":12018,"position":0},"title":"nomeada comiss\u00e3o organizadora da sele\u00e7\u00e3o","author":"noticiasribeiraopreto.com.br","date":"7 de December de 2023","format":false,"excerpt":"O concurso TRT 7 CE (Tribunal Regional do Trabalho da 7 Regi\u00e3o), no Cear\u00e1, j\u00e1 conta com comiss\u00e3o organizadora oficialmente constitu\u00edda. Os nomes dos membros do grupo foram indicados por meio de documento publicado no di\u00e1rio oficial eletr\u00f4nico do \u00f3rg\u00e3o da \u00faltima quarta-feira, 6 de dezembro. A autoriza\u00e7\u00e3o para constituir\u2026","rel":"","context":"In &quot;Vagas de Emprego em Ribeir\u00e3o Preto-SP&quot;","block_context":{"text":"Vagas de Emprego em Ribeir\u00e3o Preto-SP","link":"https:\/\/noticiasribeiraopreto.com.br\/index.php\/category\/empregos-classificados-vagas-trabalho\/vagas-de-empregos-em-ribeirao-preto-regiao-brasil\/"},"img":{"alt_text":"","src":"https:\/\/i0.wp.com\/noticiasribeiraopreto.com.br\/wp-content\/uploads\/2023\/12\/trt_7_ce_novo.jpg?fit=1200%2C675&ssl=1&resize=350%2C200","width":350,"height":200,"srcset":"https:\/\/i0.wp.com\/noticiasribeiraopreto.com.br\/wp-content\/uploads\/2023\/12\/trt_7_ce_novo.jpg?fit=1200%2C675&ssl=1&resize=350%2C200 1x, https:\/\/i0.wp.com\/noticiasribeiraopreto.com.br\/wp-content\/uploads\/2023\/12\/trt_7_ce_novo.jpg?fit=1200%2C675&ssl=1&resize=525%2C300 1.5x, https:\/\/i0.wp.com\/noticiasribeiraopreto.com.br\/wp-content\/uploads\/2023\/12\/trt_7_ce_novo.jpg?fit=1200%2C675&ssl=1&resize=700%2C400 2x, https:\/\/i0.wp.com\/noticiasribeiraopreto.com.br\/wp-content\/uploads\/2023\/12\/trt_7_ce_novo.jpg?fit=1200%2C675&ssl=1&resize=1050%2C600 3x"},"classes":[]},{"id":29100,"url":"https:\/\/noticiasribeiraopreto.com.br\/index.php\/2024\/01\/17\/banco-central-secretaria-do-tesouro-e-cvm-editais-para-concursos\/","url_meta":{"origin":12018,"position":1},"title":"Banco Central, Secretaria do Tesouro e CVM editais para concursos","author":"noticiasribeiraopreto.com.br","date":"17 de January de 2024","format":false,"excerpt":"O ano de 2024 come\u00e7ou com tudo para quem quer participar de concursos p\u00fablicos. S\u00f3 nos \u00faltimos dias, o Di\u00e1rio Nacional da Uni\u00e3o divulgou tr\u00eas novos editais: o do Banco Central do Brasil, o da Secretaria do Tesouro Nacional e o da Comiss\u00e3o de Valores Imobili\u00e1rios. Para as vagas do\u2026","rel":"","context":"In &quot;Dinheiro e Investimento&quot;","block_context":{"text":"Dinheiro e Investimento","link":"https:\/\/noticiasribeiraopreto.com.br\/index.php\/category\/dinheiro-e-investimento-como-fazer-como-ganhar\/"},"img":{"alt_text":"","src":"https:\/\/i0.wp.com\/noticiasribeiraopreto.com.br\/wp-content\/uploads\/2024\/01\/1705510169_concurso-publico-vagas-agosto-profissao-CAPA-SD-715x402.jpg?fit=715%2C402&ssl=1&resize=350%2C200","width":350,"height":200,"srcset":"https:\/\/i0.wp.com\/noticiasribeiraopreto.com.br\/wp-content\/uploads\/2024\/01\/1705510169_concurso-publico-vagas-agosto-profissao-CAPA-SD-715x402.jpg?fit=715%2C402&ssl=1&resize=350%2C200 1x, https:\/\/i0.wp.com\/noticiasribeiraopreto.com.br\/wp-content\/uploads\/2024\/01\/1705510169_concurso-publico-vagas-agosto-profissao-CAPA-SD-715x402.jpg?fit=715%2C402&ssl=1&resize=525%2C300 1.5x, https:\/\/i0.wp.com\/noticiasribeiraopreto.com.br\/wp-content\/uploads\/2024\/01\/1705510169_concurso-publico-vagas-agosto-profissao-CAPA-SD-715x402.jpg?fit=715%2C402&ssl=1&resize=700%2C400 2x"},"classes":[]},{"id":15164,"url":"https:\/\/noticiasribeiraopreto.com.br\/index.php\/2023\/12\/13\/definida-banca-para-mais-de-40-cargos\/","url_meta":{"origin":12018,"position":2},"title":"definida banca para mais de 40 cargos","author":"noticiasribeiraopreto.com.br","date":"13 de December de 2023","format":false,"excerpt":"O novo concurso Prefeitura de S\u00e3o Bernardo do Campo SP, no ABC paulista, j\u00e1 conta com banca organizadora definida. A escolhida \u00e9 a Funda\u00e7\u00e3o Vunesp, pelo crit\u00e9rio de dispensa de licita\u00e7\u00e3o, de acordo com documento publicado no di\u00e1rio oficial desta quarta-feira, 13 de dezembro. Com isso, o pr\u00f3ximo passo \u00e9\u2026","rel":"","context":"In &quot;Vagas de Emprego em Ribeir\u00e3o Preto-SP&quot;","block_context":{"text":"Vagas de Emprego em Ribeir\u00e3o Preto-SP","link":"https:\/\/noticiasribeiraopreto.com.br\/index.php\/category\/empregos-classificados-vagas-trabalho\/vagas-de-empregos-em-ribeirao-preto-regiao-brasil\/"},"img":{"alt_text":"","src":"https:\/\/i0.wp.com\/noticiasribeiraopreto.com.br\/wp-content\/uploads\/2023\/12\/concurso-prefeitura-sao-bernardo-do-campo-sp.jpg?fit=1200%2C675&ssl=1&resize=350%2C200","width":350,"height":200,"srcset":"https:\/\/i0.wp.com\/noticiasribeiraopreto.com.br\/wp-content\/uploads\/2023\/12\/concurso-prefeitura-sao-bernardo-do-campo-sp.jpg?fit=1200%2C675&ssl=1&resize=350%2C200 1x, https:\/\/i0.wp.com\/noticiasribeiraopreto.com.br\/wp-content\/uploads\/2023\/12\/concurso-prefeitura-sao-bernardo-do-campo-sp.jpg?fit=1200%2C675&ssl=1&resize=525%2C300 1.5x, https:\/\/i0.wp.com\/noticiasribeiraopreto.com.br\/wp-content\/uploads\/2023\/12\/concurso-prefeitura-sao-bernardo-do-campo-sp.jpg?fit=1200%2C675&ssl=1&resize=700%2C400 2x, https:\/\/i0.wp.com\/noticiasribeiraopreto.com.br\/wp-content\/uploads\/2023\/12\/concurso-prefeitura-sao-bernardo-do-campo-sp.jpg?fit=1200%2C675&ssl=1&resize=1050%2C600 3x"},"classes":[]},{"id":23623,"url":"https:\/\/noticiasribeiraopreto.com.br\/index.php\/2024\/01\/02\/prefeitura-anuncia-1-400-vagas-em-edital-de-concurso-para-90-cargos\/","url_meta":{"origin":12018,"position":3},"title":"Prefeitura anuncia 1.400 vagas em edital de concurso para 90 cargos","author":"noticiasribeiraopreto.com.br","date":"2 de January de 2024","format":false,"excerpt":"Conhe\u00e7a mais sobre o concurso Se voc\u00ea busca uma oportunidade por meio do concurso, esta pode ser uma chance para voc\u00ea mudar de vida. Ficou interessado? Confira maiores esclarecimentos. Novo Concurso em Divin\u00f3polis Com uma comiss\u00e3o estabelecida desde o ano passado, a Prefeitura de Divin\u00f3polis, munic\u00edpio situado em Minas Gerais,\u2026","rel":"","context":"In &quot;Vagas de Emprego em Ribeir\u00e3o Preto-SP&quot;","block_context":{"text":"Vagas de Emprego em Ribeir\u00e3o Preto-SP","link":"https:\/\/noticiasribeiraopreto.com.br\/index.php\/category\/empregos-classificados-vagas-trabalho\/vagas-de-empregos-em-ribeirao-preto-regiao-brasil\/"},"img":{"alt_text":"","src":"https:\/\/i0.wp.com\/noticiasribeiraopreto.com.br\/wp-content\/uploads\/2024\/01\/noticiasconcursos.com_.br-prefeitura-anuncia-1-400-vagas-em-edital-de-concurso-para-90-cargos-pexels-tirachard-kumtanom-733856.jpg?fit=1200%2C800&ssl=1&resize=350%2C200","width":350,"height":200,"srcset":"https:\/\/i0.wp.com\/noticiasribeiraopreto.com.br\/wp-content\/uploads\/2024\/01\/noticiasconcursos.com_.br-prefeitura-anuncia-1-400-vagas-em-edital-de-concurso-para-90-cargos-pexels-tirachard-kumtanom-733856.jpg?fit=1200%2C800&ssl=1&resize=350%2C200 1x, https:\/\/i0.wp.com\/noticiasribeiraopreto.com.br\/wp-content\/uploads\/2024\/01\/noticiasconcursos.com_.br-prefeitura-anuncia-1-400-vagas-em-edital-de-concurso-para-90-cargos-pexels-tirachard-kumtanom-733856.jpg?fit=1200%2C800&ssl=1&resize=525%2C300 1.5x, https:\/\/i0.wp.com\/noticiasribeiraopreto.com.br\/wp-content\/uploads\/2024\/01\/noticiasconcursos.com_.br-prefeitura-anuncia-1-400-vagas-em-edital-de-concurso-para-90-cargos-pexels-tirachard-kumtanom-733856.jpg?fit=1200%2C800&ssl=1&resize=700%2C400 2x, https:\/\/i0.wp.com\/noticiasribeiraopreto.com.br\/wp-content\/uploads\/2024\/01\/noticiasconcursos.com_.br-prefeitura-anuncia-1-400-vagas-em-edital-de-concurso-para-90-cargos-pexels-tirachard-kumtanom-733856.jpg?fit=1200%2C800&ssl=1&resize=1050%2C600 3x"},"classes":[]},{"id":11955,"url":"https:\/\/noticiasribeiraopreto.com.br\/index.php\/2023\/12\/07\/concurso-mpt-tem-nova-comissao-organizadora-formada-veja-2\/","url_meta":{"origin":12018,"position":4},"title":"Concurso MPT tem nova comiss\u00e3o organizadora formada; veja","author":"noticiasribeiraopreto.com.br","date":"7 de December de 2023","format":false,"excerpt":"O novo concurso MPT (Minist\u00e9rio P\u00fablico do Trabalho) para o cargo de procurador conta com nova comiss\u00e3o organizadora formada. Acontece\u00a0 que, na 279 sess\u00e3o ordin\u00e1ria do Conselho Superior, realizada em 4 de dezembro, foi constitu\u00edda a comiss\u00e3o organizadora respons\u00e1vel pelas provas objetivas do certame. Vale lembrar que, no \u00faltimo dia\u2026","rel":"","context":"In &quot;Vagas de Emprego em Ribeir\u00e3o Preto-SP&quot;","block_context":{"text":"Vagas de Emprego em Ribeir\u00e3o Preto-SP","link":"https:\/\/noticiasribeiraopreto.com.br\/index.php\/category\/empregos-classificados-vagas-trabalho\/vagas-de-empregos-em-ribeirao-preto-regiao-brasil\/"},"img":{"alt_text":"","src":"https:\/\/i0.wp.com\/noticiasribeiraopreto.com.br\/wp-content\/uploads\/2023\/12\/1701943635_concurso-mpt-maps.jpg?fit=1200%2C675&ssl=1&resize=350%2C200","width":350,"height":200,"srcset":"https:\/\/i0.wp.com\/noticiasribeiraopreto.com.br\/wp-content\/uploads\/2023\/12\/1701943635_concurso-mpt-maps.jpg?fit=1200%2C675&ssl=1&resize=350%2C200 1x, https:\/\/i0.wp.com\/noticiasribeiraopreto.com.br\/wp-content\/uploads\/2023\/12\/1701943635_concurso-mpt-maps.jpg?fit=1200%2C675&ssl=1&resize=525%2C300 1.5x, https:\/\/i0.wp.com\/noticiasribeiraopreto.com.br\/wp-content\/uploads\/2023\/12\/1701943635_concurso-mpt-maps.jpg?fit=1200%2C675&ssl=1&resize=700%2C400 2x, https:\/\/i0.wp.com\/noticiasribeiraopreto.com.br\/wp-content\/uploads\/2023\/12\/1701943635_concurso-mpt-maps.jpg?fit=1200%2C675&ssl=1&resize=1050%2C600 3x"},"classes":[]},{"id":64083,"url":"https:\/\/noticiasribeiraopreto.com.br\/index.php\/2025\/02\/28\/ex-vereador-de-ribeirao-preto-e-nomeado-para-cargo-no-governo-municipal\/","url_meta":{"origin":12018,"position":5},"title":"Ex-vereador de Ribeir\u00e3o Preto \u00e9 nomeado para cargo no governo municipal","author":"noticiasribeiraopreto.com.br","date":"28 de February de 2025","format":false,"excerpt":"O ex-vereador S\u00e9rgio Zerbinato (PSDB) foi nomeado diretor do Departamento de Gest\u00e3o do Sistema Municipal de Sa\u00fade da Secretaria Municipal de Assist\u00eancia Social de Ribeir\u00e3o Preto. A nomea\u00e7\u00e3o do ex-parlamentar foi publicada no Di\u00e1rio Oficial desta sexta-feira (28) e tem efeito retroativo a 10 de fevereiro. Nas elei\u00e7\u00f5es municipais de\u2026","rel":"","context":"In &quot;Not\u00edcias de Ribeir\u00e3o Preto-SP e Regi\u00e3o&quot;","block_context":{"text":"Not\u00edcias de Ribeir\u00e3o Preto-SP e Regi\u00e3o","link":"https:\/\/noticiasribeiraopreto.com.br\/index.php\/category\/noticias-de-ribeirao-preto-sp-e-regiao-ismael-colosi\/"},"img":{"alt_text":"","src":"https:\/\/i0.wp.com\/noticiasribeiraopreto.com.br\/wp-content\/uploads\/2025\/02\/Copia-de-Copia-de-Copia-de-TAMANHO-EXATO-PARA-FOTOS-NO-SISTEMA-NOVO-2025-02-28T193352.729_2025-02-28_22-34-02_png_2025-02-28_22-34-02.webp.webp?fit=1200%2C675&ssl=1&resize=350%2C200","width":350,"height":200,"srcset":"https:\/\/i0.wp.com\/noticiasribeiraopreto.com.br\/wp-content\/uploads\/2025\/02\/Copia-de-Copia-de-Copia-de-TAMANHO-EXATO-PARA-FOTOS-NO-SISTEMA-NOVO-2025-02-28T193352.729_2025-02-28_22-34-02_png_2025-02-28_22-34-02.webp.webp?fit=1200%2C675&ssl=1&resize=350%2C200 1x, https:\/\/i0.wp.com\/noticiasribeiraopreto.com.br\/wp-content\/uploads\/2025\/02\/Copia-de-Copia-de-Copia-de-TAMANHO-EXATO-PARA-FOTOS-NO-SISTEMA-NOVO-2025-02-28T193352.729_2025-02-28_22-34-02_png_2025-02-28_22-34-02.webp.webp?fit=1200%2C675&ssl=1&resize=525%2C300 1.5x, https:\/\/i0.wp.com\/noticiasribeiraopreto.com.br\/wp-content\/uploads\/2025\/02\/Copia-de-Copia-de-Copia-de-TAMANHO-EXATO-PARA-FOTOS-NO-SISTEMA-NOVO-2025-02-28T193352.729_2025-02-28_22-34-02_png_2025-02-28_22-34-02.webp.webp?fit=1200%2C675&ssl=1&resize=700%2C400 2x, https:\/\/i0.wp.com\/noticiasribeiraopreto.com.br\/wp-content\/uploads\/2025\/02\/Copia-de-Copia-de-Copia-de-TAMANHO-EXATO-PARA-FOTOS-NO-SISTEMA-NOVO-2025-02-28T193352.729_2025-02-28_22-34-02_png_2025-02-28_22-34-02.webp.webp?fit=1200%2C675&ssl=1&resize=1050%2C600 3x"},"classes":[]}],"jetpack_sharing_enabled":true,"jetpack_shortlink":"https:\/\/wp.me\/peQAOb-37Q","_links":{"self":[{"href":"https:\/\/noticiasribeiraopreto.com.br\/index.php\/wp-json\/wp\/v2\/posts\/12018","targetHints":{"allow":["GET"]}}],"collection":[{"href":"https:\/\/noticiasribeiraopreto.com.br\/index.php\/wp-json\/wp\/v2\/posts"}],"about":[{"href":"https:\/\/noticiasribeiraopreto.com.br\/index.php\/wp-json\/wp\/v2\/types\/post"}],"author":[{"embeddable":true,"href":"https:\/\/noticiasribeiraopreto.com.br\/index.php\/wp-json\/wp\/v2\/users\/1"}],"replies":[{"embeddable":true,"href":"https:\/\/noticiasribeiraopreto.com.br\/index.php\/wp-json\/wp\/v2\/comments?post=12018"}],"version-history":[{"count":0,"href":"https:\/\/noticiasribeiraopreto.com.br\/index.php\/wp-json\/wp\/v2\/posts\/12018\/revisions"}],"wp:featuredmedia":[{"embeddable":true,"href":"https:\/\/noticiasribeiraopreto.com.br\/index.php\/wp-json\/wp\/v2\/media\/12019"}],"wp:attachment":[{"href":"https:\/\/noticiasribeiraopreto.com.br\/index.php\/wp-json\/wp\/v2\/media?parent=12018"}],"wp:term":[{"taxonomy":"category","embeddable":true,"href":"https:\/\/noticiasribeiraopreto.com.br\/index.php\/wp-json\/wp\/v2\/categories?post=12018"},{"taxonomy":"post_tag","embeddable":true,"href":"https:\/\/noticiasribeiraopreto.com.br\/index.php\/wp-json\/wp\/v2\/tags?post=12018"}],"curies":[{"name":"wp","href":"https:\/\/api.w.org\/{rel}","templated":true}]}}