{"id":12030,"date":"2023-12-07T10:20:27","date_gmt":"2023-12-07T13:20:27","guid":{"rendered":"https:\/\/noticiasribeiraopreto.com.br\/index.php\/2023\/12\/07\/inscricoes-para-assistente-social-e-psicologo-terminam-hoje-2\/"},"modified":"2023-12-07T10:20:27","modified_gmt":"2023-12-07T13:20:27","slug":"inscricoes-para-assistente-social-e-psicologo-terminam-hoje-2","status":"publish","type":"post","link":"https:\/\/noticiasribeiraopreto.com.br\/index.php\/2023\/12\/07\/inscricoes-para-assistente-social-e-psicologo-terminam-hoje-2\/","title":{"rendered":"inscri\u00e7\u00f5es para assistente social e psic\u00f3logo terminam hoje"},"content":{"rendered":"<div class='code-block code-block-1' style='margin: 8px 0 8px auto; text-align: right; display: block; clear: both;'>\n<p><a href=\"https:\/\/wa.link\/vpicfd\"><img data-recalc-dims=\"1\" class=\"wp-image-4922\" style=\"aspect-ratio: 2.0253164556962027; width: 561px; height: auto;\" src=\"https:\/\/i0.wp.com\/ismaelcolosi.com.br\/wp-content\/uploads\/2023\/11\/grupo-de-empregos-whatsapp-e-facebook-ismael-colosi-vagas.jpg?ssl=1\" alt=\"\" \/><\/a><\/p>\n<!-- \/wp:image -->\n<\/div>\n<p> <br \/>\n<\/p>\n<div>\n<p>Encerra-se nesta quinta-feira (7), \u00e0s 23h59, o prazo de inscri\u00e7\u00f5es para o <a href=\"https:\/\/jcconcursos.com.br\/concurso\/concurso-tj-sp-psicologo-assistente-social-77108\" rel=\"noopener\" target=\"_blank\"><strong>concurso do TJ SP<\/strong><\/a> (Tribunal de Justi\u00e7a de S\u00e3o Paulo) <a href=\"https:\/\/jcconcursos.com.br\/noticia\/concursos\/concurso-tj-sp-inscricao-assistente-social-psicologo-117713\" rel=\"noopener\" target=\"_blank\">destinado a preencher 27 vagas de n\u00edvel superior<\/a>, assim distribu\u00eddas:<\/p>\n<p><strong>\u00a0 \u00a0 \u2022\u00a0<\/strong> 20 para assistente social;<br \/><strong>\u00a0 \u00a0 \u2022\u00a0<\/strong> 7 para psic\u00f3logo.<\/p>\n<p>Em in\u00edcio de carreira, os servidores ter\u00e3o sal\u00e1rio de R$ 8.712,45, acrescido de aux\u00edlios alimenta\u00e7\u00e3o, sa\u00fade e transporte. Para ambos os cargos, o regime de trabalho \u00e9 de 30 horas semanais.<\/p>\n<div class=\"instagram\" contenteditable=\"false\">\n<blockquote data-service=\"twitter\" data-category=\"marketing\" data-placeholder-image=\"https:\/\/mliq9rbhanfv.i.optimole.com\/w:auto\/h:auto\/q:mauto\/f:best\/https:\/\/ismaelcolosi.com.br\/wp-content\/plugins\/complianz-gdpr\/assets\/images\/placeholders\/twitter-minimal.jpg\" class=\"cmplz-placeholder-element twitter-tweet\">\n<p dir=\"ltr\" lang=\"pt\">O Tribunal de Justi\u00e7a\/SP encerar\u00e1 nesta quinta (7\/12) o prazo para 20 cargos de assistente social na Comarca da Capital. O sal\u00e1rio \u00e9 de R$ 8.712, com jornada de 30 horas semanais. O TJ\/SP oferece ainda aux\u00edlios para alimenta\u00e7\u00e3o, sa\u00fade e transporte <a href=\"https:\/\/t.co\/XymOfe94TR\">https:\/\/t.co\/XymOfe94TR<\/a><a href=\"https:\/\/t.co\/6REkhZojBI\">pic.twitter.com\/6REkhZojBI<\/a><\/p>\n<p>\u2014 Funda\u00e7\u00e3o Vunesp (@vunesp) <a href=\"https:\/\/twitter.com\/vunesp\/status\/1732473117556019379?ref_src=twsrc%5Etfw\">December 6, 2023<\/a><\/p>\n<\/blockquote><\/div>\n<p><a href=\"https:\/\/chat.whatsapp.com\/JvL15AtW3VE1fiLJDkCuSi\" rel=\"noopener\" target=\"_blank\">\ud83d\udcf2 Junte-se ao canal de not\u00edcias do JC Concursos no WhatsApp<\/a><\/p>\n<p>As inscri\u00e7\u00f5es s\u00e3o recebidas exclusivamente pela internet, mediante o preenchimento de formul\u00e1rio eletr\u00f4nico dispon\u00edvel no site <a href=\"http:\/\/www.vunesp.com.br\/\" rel=\"noopener\" target=\"_blank\">www.vunesp.com.br<\/a>. A taxa de participa\u00e7\u00e3o custa R$ 96.<\/p>\n<p><a href=\"https:\/\/jcconcursos.com.br\/concursos\/inscricoes-abertas\/sp\" rel=\"noopener\" target=\"_blank\">+ \ud83c\udf0e Veja a lista de todos os concursos abertos em S\u00e3o Paulo<\/a><\/p>\n<div class=\"code-block code-block-5\" style=\"margin: 8px auto; text-align: center; display: block; clear: both;\"> <a href=\"https:\/\/suaads.com\/ref\/ISMAELCOLOSI\" target=\"_blank\" rel=\"noopener\"><img data-recalc-dims=\"1\" decoding=\"async\" src=\"https:\/\/i0.wp.com\/suaurl.com\/img\/bannersref\/s.png?ssl=1\" alt=\"SuaUrl\"  style=\"max-width: 100%;\" class=\"lazy\" loading=\"lazy\"\/><noscript><img data-recalc-dims=\"1\" decoding=\"async\" src=\"https:\/\/i0.wp.com\/suaurl.com\/img\/bannersref\/s.png?ssl=1\" alt=\"SuaUrl\"  style=\"max-width: 100%;\"\/><\/noscript><\/a><\/div>\n<p>O processo seletivo \u00e9 organizado pela Funda\u00e7\u00e3o Vunesp. Em caso de d\u00favidas, os candidatos podem obter mais informa\u00e7\u00f5es com a banca por meio do telefone (11) 3874-6300, em dias \u00fateis, das 8h \u00e0s 18h.<\/p>\n<h2>Distribui\u00e7\u00e3o das vagas por regi\u00e3o<\/h2>\n<p>Todas as oportunidades para <a href=\"https:\/\/jcconcursos.com.br\/concursos\/por-cargo\/assistente-social\" rel=\"noopener\" target=\"_blank\">assistente social<\/a> t\u00eam lota\u00e7\u00e3o na comarca da capital (1\u00aa Regi\u00e3o Administrativa Judici\u00e1ria). No caso de <a href=\"https:\/\/jcconcursos.com.br\/concursos\/por-cargo\/psicologo\" rel=\"noopener\" target=\"_blank\">psic\u00f3logo<\/a>, a sele\u00e7\u00e3o disponibiliza 5 postos para a cidade de S\u00e3o Paulo, al\u00e9m de:<\/p>\n<ul>\n<li>1 vaga para as comarcas de Casa Branca, Caconde, Mococa, Santa Cruz das Palmeiras, S\u00e3o Jos\u00e9 do Rio Pardo, S\u00e3o Sebasti\u00e3o da Grama e Tamba\u00fa \u2014 6\u00aa Regi\u00e3o Administrativa;<\/li>\n<li>1 chance para as comarcas de Pirassununga, Leme, Porto Ferreira e Santa Rita do Passa Quatro (1) \u2014 4\u00aa Regi\u00e3o Administrativa.<\/li>\n<\/ul>\n<h2>Etapas do concurso do TJ SP<\/h2>\n<p>As provas objetiva e discursiva est\u00e3o marcadas para 4 de fevereiro de 2024. A primeira cobrar\u00e1 a resolu\u00e7\u00e3o de 70 quest\u00f5es de m\u00faltipla escolha, enquanto a segunda exigir\u00e1 a elabora\u00e7\u00e3o de um estudo de caso. O conte\u00fado program\u00e1tico abrange:<\/p>\n<ul>\n<li>l\u00edngua portuguesa;<\/li>\n<li>legisla\u00e7\u00e3o;<\/li>\n<li>atualidades e deveres dos servidores p\u00fablicos;<\/li>\n<li>inform\u00e1tica;<\/li>\n<li>racioc\u00ednio l\u00f3gico e matem\u00e1tica;<\/li>\n<li>conhecimentos espec\u00edficos.<\/li>\n<\/ul>\n<p>Haver\u00e1 tamb\u00e9m an\u00e1lise de t\u00edtulos, com entrega dos documentos comprobat\u00f3rios em per\u00edodo a ser oportunamente divulgado. A banca aceitar\u00e1 certificados e diplomas de especializa\u00e7\u00e3o (a partir de 360 horas), mestrado e doutorado.<\/p>\n<p>A sele\u00e7\u00e3o ter\u00e1 validade de um ano, a contar da data de homologa\u00e7\u00e3o do resultado final. O prazo poder\u00e1 ser prorrogado uma vez, a crit\u00e9rio do <a href=\"https:\/\/www.tjsp.jus.br\/\" rel=\"noopener\" target=\"_blank\">\u00f3rg\u00e3o<\/a>, conforme estabelecem os <a href=\"https:\/\/jcconcursos.com.br\/media\/uploads\/anexos\/concurso-tj-sp-editais-2023-assistente-social-psicologo.pdf\" rel=\"noopener\" target=\"_blank\">editais<\/a>.<\/p>\n<p>+++ O <a href=\"https:\/\/jcconcursos.com.br\/\" rel=\"noopener\" target=\"_blank\">JC Concursos<\/a> disponibiliza mais detalhes sobre o processo seletivo, como atribui\u00e7\u00f5es, conte\u00fado program\u00e1tico e cronograma, na p\u00e1gina do <a href=\"https:\/\/jcconcursos.com.br\/concurso\/concurso-tj-sp-psicologo-assistente-social-77108\" rel=\"noopener\" target=\"_blank\"><strong>concurso do TJ SP<\/strong><\/a><\/p>\n<p><em><mark><span style=\"text-decoration: underline;\">+++ Esta \u00e9 uma not\u00edcia \u00fatil sobretudo para quem vive em S\u00e3o Paulo. <a href=\"https:\/\/jcconcursos.com.br\/concursos\/sp\" rel=\"noopener\" target=\"_blank\">Confira outras publica\u00e7\u00f5es relevantes sobre o estado clicando aqui<\/a><\/span><\/mark><\/em><\/p>\n<p><a id=\"gnews_btn\" href=\"https:\/\/news.google.com\/publications\/CAAqBwgKMOixlQswuZWrAw\" target=\"_blank\" class=\"border_jc_blue link_hover_bg_jc_blue font_85 d-block d-md-inline-block px-2 py-1 mr-0 mr-md-2 mb-3 w-100 text-center\" rel=\"noopener\"><span class=\"text_jc_blue\">Siga o <strong>JC Concursos no Google News<\/strong><\/span><\/a><\/p>\n<h2>Sobre Vunesp <\/h2>\n<p style=\"text-align: left;\">Criada em 1979, a Funda\u00e7\u00e3o para o Vestibular da Universidade Estadual Paulista (Vunesp) possui personalidade jur\u00eddica de direito privado, sem fins lucrativos. A banca tem como principais atividades: planejar, organizar, executar e supervisionar o\u00a0 vestibular da Unesp; realizar vestibulares e concursos diversos para outras institui\u00e7\u00f5es e promover as atividades de pesquisa e extens\u00e3o de servi\u00e7os \u00e0 comunidade, na \u00e1rea educacional.<\/p>\n<p><span id=\"resumo\" class=\"anchor_link\"\/><a href=\"https:\/\/jcconcursos.com.br\/concursos\/inscricoes-abertas\" class=\"badge badge-light\">concursos abertos<\/a><a href=\"https:\/\/jcconcursos.com.br\/concursos\/previstos\" class=\"badge badge-light\">concursos 2023<\/a><a href=\"https:\/\/jcconcursos.com.br\/concursos\/sp\" class=\"badge badge-light\">concursos sp (s\u00e3o paulo)<\/a><a href=\"https:\/\/jcconcursos.com.br\/provas\/por-orgao\" class=\"badge badge-light\">provas anteriores<\/a><\/p>\n<\/div>\n<p><script async src=\"\/\/platform.twitter.com\/widgets.js\" charset=\"utf-8\"><\/script><br \/>\n<br \/><br \/>\n<br \/><a href=\"https:\/\/ismaelcolosi.com.br\/inscricoes-para-assistente-social-e-psicologo-terminam-hoje\/\">Source link <\/a><\/p>\n<!-- CONTENT END 1 -->\n","protected":false},"excerpt":{"rendered":"<p>Encerra-se nesta quinta-feira (7), \u00e0s 23h59, o prazo de inscri\u00e7\u00f5es para o concurso do TJ SP (Tribunal de Justi\u00e7a de S\u00e3o Paulo) destinado a preencher&#8230;<\/p>\n","protected":false},"author":1,"featured_media":12031,"comment_status":"open","ping_status":"open","sticky":false,"template":"","format":"standard","meta":{"advanced_seo_description":"","jetpack_seo_html_title":"","jetpack_seo_noindex":false,"jetpack_post_was_ever_published":false,"_jetpack_newsletter_access":"","_jetpack_dont_email_post_to_subs":false,"_jetpack_newsletter_tier_id":0,"_jetpack_memberships_contains_paywalled_content":false,"_jetpack_memberships_contains_paid_content":false,"footnotes":"","jetpack_publicize_message":"","jetpack_publicize_feature_enabled":true,"jetpack_social_post_already_shared":true,"jetpack_social_options":{"image_generator_settings":{"template":"highway","default_image_id":0,"font":"","enabled":false},"version":2}},"categories":[7],"tags":[],"class_list":["post-12030","post","type-post","status-publish","format-standard","has-post-thumbnail","hentry","category-vagas-de-empregos-em-ribeirao-preto-regiao-brasil"],"jetpack_publicize_connections":[],"jetpack_featured_media_url":"https:\/\/i0.wp.com\/noticiasribeiraopreto.com.br\/wp-content\/uploads\/2023\/12\/concurso-tj-sp-6.jpg?fit=1920%2C1080&ssl=1","jetpack-related-posts":[{"id":49377,"url":"https:\/\/noticiasribeiraopreto.com.br\/index.php\/2024\/05\/10\/prefeitura-da-regiao-de-ribeirao-preto-abre-inscricoes-para-processo-seletivo\/","url_meta":{"origin":12030,"position":0},"title":"Prefeitura da regi\u00e3o de Ribeir\u00e3o Preto abre inscri\u00e7\u00f5es para processo seletivo","author":"noticiasribeiraopreto.com.br","date":"10 de May de 2024","format":false,"excerpt":"A Prefeitura de C\u00e1ssia dos Coqueiros, cidade a 80 quil\u00f4metros de Ribeir\u00e3o Preto, est\u00e1 com inscri\u00e7\u00f5es abertas at\u00e9 o dia 28 de maio para um processo seletivo com duas vagas para preenchimento imediato e cadastro reserva.\u00a0 As oportunidades s\u00e3o para assistente social e psic\u00f3logo. Os interessados podem se inscrever pelo\u2026","rel":"","context":"In &quot;Not\u00edcias de Ribeir\u00e3o Preto-SP e Regi\u00e3o&quot;","block_context":{"text":"Not\u00edcias de Ribeir\u00e3o Preto-SP e Regi\u00e3o","link":"https:\/\/noticiasribeiraopreto.com.br\/index.php\/category\/noticias-de-ribeirao-preto-sp-e-regiao-ismael-colosi\/"},"img":{"alt_text":"","src":"https:\/\/i0.wp.com\/noticiasribeiraopreto.com.br\/wp-content\/uploads\/2024\/05\/ver-colhido-da-mulher-do-preenchimento-do-formulario-de-aplicacao_2024-05-10_14-47-35_jpg_2024-05-10_14-47-37-scaled.webp.webp?fit=1200%2C800&ssl=1&resize=350%2C200","width":350,"height":200,"srcset":"https:\/\/i0.wp.com\/noticiasribeiraopreto.com.br\/wp-content\/uploads\/2024\/05\/ver-colhido-da-mulher-do-preenchimento-do-formulario-de-aplicacao_2024-05-10_14-47-35_jpg_2024-05-10_14-47-37-scaled.webp.webp?fit=1200%2C800&ssl=1&resize=350%2C200 1x, https:\/\/i0.wp.com\/noticiasribeiraopreto.com.br\/wp-content\/uploads\/2024\/05\/ver-colhido-da-mulher-do-preenchimento-do-formulario-de-aplicacao_2024-05-10_14-47-35_jpg_2024-05-10_14-47-37-scaled.webp.webp?fit=1200%2C800&ssl=1&resize=525%2C300 1.5x, https:\/\/i0.wp.com\/noticiasribeiraopreto.com.br\/wp-content\/uploads\/2024\/05\/ver-colhido-da-mulher-do-preenchimento-do-formulario-de-aplicacao_2024-05-10_14-47-35_jpg_2024-05-10_14-47-37-scaled.webp.webp?fit=1200%2C800&ssl=1&resize=700%2C400 2x, https:\/\/i0.wp.com\/noticiasribeiraopreto.com.br\/wp-content\/uploads\/2024\/05\/ver-colhido-da-mulher-do-preenchimento-do-formulario-de-aplicacao_2024-05-10_14-47-35_jpg_2024-05-10_14-47-37-scaled.webp.webp?fit=1200%2C800&ssl=1&resize=1050%2C600 3x"},"classes":[]},{"id":73815,"url":"https:\/\/noticiasribeiraopreto.com.br\/index.php\/2025\/07\/10\/concursos-publicos-com-salarios-de-r-9-mil-tem-959-vagas-para-cadastro-de-reserva\/","url_meta":{"origin":12030,"position":1},"title":"Concursos p\u00fablicos com sal\u00e1rios de R$ 9 mil t\u00eam 959 vagas para cadastro de reserva","author":"noticiasribeiraopreto.com.br","date":"10 de July de 2025","format":false,"excerpt":"O CRP-SP (Conselho Regional de Psicologia de S\u00e3o Paulo) e o CRO-SP (Conselho Regional de Odontologia de S\u00e3o Paulo) publicaram editais de concurso p\u00fablico com 6 e 12 vagas para contrata\u00e7\u00e3o direta e 959 oportunidades para cadastro de reserva. Os sal\u00e1rios variam entre R$ 3,5 mil e R$ 9,4 mil\u2026","rel":"","context":"In &quot;Not\u00edcias de Ribeir\u00e3o Preto-SP e Regi\u00e3o&quot;","block_context":{"text":"Not\u00edcias de Ribeir\u00e3o Preto-SP e Regi\u00e3o","link":"https:\/\/noticiasribeiraopreto.com.br\/index.php\/category\/noticias-de-ribeirao-preto-sp-e-regiao-ismael-colosi\/"},"img":{"alt_text":"","src":"https:\/\/i0.wp.com\/noticiasribeiraopreto.com.br\/wp-content\/uploads\/2025\/07\/concurso-publico-ribeirao-preto_2024-08-13_10-44-40_jpg_2024-08-13_10-44-40.webp.webp?fit=1200%2C800&ssl=1&resize=350%2C200","width":350,"height":200,"srcset":"https:\/\/i0.wp.com\/noticiasribeiraopreto.com.br\/wp-content\/uploads\/2025\/07\/concurso-publico-ribeirao-preto_2024-08-13_10-44-40_jpg_2024-08-13_10-44-40.webp.webp?fit=1200%2C800&ssl=1&resize=350%2C200 1x, https:\/\/i0.wp.com\/noticiasribeiraopreto.com.br\/wp-content\/uploads\/2025\/07\/concurso-publico-ribeirao-preto_2024-08-13_10-44-40_jpg_2024-08-13_10-44-40.webp.webp?fit=1200%2C800&ssl=1&resize=525%2C300 1.5x, https:\/\/i0.wp.com\/noticiasribeiraopreto.com.br\/wp-content\/uploads\/2025\/07\/concurso-publico-ribeirao-preto_2024-08-13_10-44-40_jpg_2024-08-13_10-44-40.webp.webp?fit=1200%2C800&ssl=1&resize=700%2C400 2x, https:\/\/i0.wp.com\/noticiasribeiraopreto.com.br\/wp-content\/uploads\/2025\/07\/concurso-publico-ribeirao-preto_2024-08-13_10-44-40_jpg_2024-08-13_10-44-40.webp.webp?fit=1200%2C800&ssl=1&resize=1050%2C600 3x"},"classes":[]},{"id":62208,"url":"https:\/\/noticiasribeiraopreto.com.br\/index.php\/2025\/01\/07\/veja-quatro-concursos-publicos-com-mais-de-500-vagas-no-estado-de-sp\/","url_meta":{"origin":12030,"position":2},"title":"Veja quatro concursos p\u00fablicos com mais de 500 vagas no estado de SP","author":"noticiasribeiraopreto.com.br","date":"7 de January de 2025","format":false,"excerpt":"2025 come\u00e7ou com diversas oportunidades em concursos p\u00fablicos no estado de S\u00e3o Paulo. O acidade on Ribeir\u00e3o separou quatro concursos com mais de 500 vagas de n\u00edvel fundamental, m\u00e9dio, t\u00e9cnico e superior. TJ-SP \u2013 274 vagas O TJ-SP (Tribunal de Justi\u00e7a de S\u00e3o Paulo) tem dois concursos p\u00fablicos abertos com\u2026","rel":"","context":"In &quot;Not\u00edcias de Ribeir\u00e3o Preto-SP e Regi\u00e3o&quot;","block_context":{"text":"Not\u00edcias de Ribeir\u00e3o Preto-SP e Regi\u00e3o","link":"https:\/\/noticiasribeiraopreto.com.br\/index.php\/category\/noticias-de-ribeirao-preto-sp-e-regiao-ismael-colosi\/"},"img":{"alt_text":"","src":"https:\/\/i0.wp.com\/noticiasribeiraopreto.com.br\/wp-content\/uploads\/2025\/01\/concurso_2025-01-07_18-14-44_jpg_2025-01-07_18-14-45.webp.webp?fit=1200%2C800&ssl=1&resize=350%2C200","width":350,"height":200,"srcset":"https:\/\/i0.wp.com\/noticiasribeiraopreto.com.br\/wp-content\/uploads\/2025\/01\/concurso_2025-01-07_18-14-44_jpg_2025-01-07_18-14-45.webp.webp?fit=1200%2C800&ssl=1&resize=350%2C200 1x, https:\/\/i0.wp.com\/noticiasribeiraopreto.com.br\/wp-content\/uploads\/2025\/01\/concurso_2025-01-07_18-14-44_jpg_2025-01-07_18-14-45.webp.webp?fit=1200%2C800&ssl=1&resize=525%2C300 1.5x, https:\/\/i0.wp.com\/noticiasribeiraopreto.com.br\/wp-content\/uploads\/2025\/01\/concurso_2025-01-07_18-14-44_jpg_2025-01-07_18-14-45.webp.webp?fit=1200%2C800&ssl=1&resize=700%2C400 2x, https:\/\/i0.wp.com\/noticiasribeiraopreto.com.br\/wp-content\/uploads\/2025\/01\/concurso_2025-01-07_18-14-44_jpg_2025-01-07_18-14-45.webp.webp?fit=1200%2C800&ssl=1&resize=1050%2C600 3x"},"classes":[]},{"id":51805,"url":"https:\/\/noticiasribeiraopreto.com.br\/index.php\/2024\/05\/30\/ultimos-dias-para-inscricoes-de-concurso-publico-com-103-vagas-no-interior-de-sp\/","url_meta":{"origin":12030,"position":3},"title":"\u00daltimos dias para inscri\u00e7\u00f5es de concurso p\u00fablico com 103 vagas no interior de SP","author":"noticiasribeiraopreto.com.br","date":"30 de May de 2024","format":false,"excerpt":"As inscri\u00e7\u00f5es para o concurso p\u00fablico da Prefeitura de Monte Alto, no interior de S\u00e3o Paulo, com 103 vagas, v\u00e3o at\u00e9 \u00e0s 23h59 do dia 4 de junho. Os interessados devem se inscrever pelo site da Funda\u00e7\u00e3o Vunesp (clique aqui). O valor da taxa de inscri\u00e7\u00e3o varia entre R$ 54,90\u2026","rel":"","context":"In &quot;Not\u00edcias de Ribeir\u00e3o Preto-SP e Regi\u00e3o&quot;","block_context":{"text":"Not\u00edcias de Ribeir\u00e3o Preto-SP e Regi\u00e3o","link":"https:\/\/noticiasribeiraopreto.com.br\/index.php\/category\/noticias-de-ribeirao-preto-sp-e-regiao-ismael-colosi\/"},"img":{"alt_text":"","src":"https:\/\/i0.wp.com\/noticiasribeiraopreto.com.br\/wp-content\/uploads\/2024\/05\/1717101552_acidadeon_logos_Prancheta-1-copia-12_edited.jpg?fit=1199%2C1200&ssl=1&resize=350%2C200","width":350,"height":200,"srcset":"https:\/\/i0.wp.com\/noticiasribeiraopreto.com.br\/wp-content\/uploads\/2024\/05\/1717101552_acidadeon_logos_Prancheta-1-copia-12_edited.jpg?fit=1199%2C1200&ssl=1&resize=350%2C200 1x, https:\/\/i0.wp.com\/noticiasribeiraopreto.com.br\/wp-content\/uploads\/2024\/05\/1717101552_acidadeon_logos_Prancheta-1-copia-12_edited.jpg?fit=1199%2C1200&ssl=1&resize=525%2C300 1.5x, https:\/\/i0.wp.com\/noticiasribeiraopreto.com.br\/wp-content\/uploads\/2024\/05\/1717101552_acidadeon_logos_Prancheta-1-copia-12_edited.jpg?fit=1199%2C1200&ssl=1&resize=700%2C400 2x, https:\/\/i0.wp.com\/noticiasribeiraopreto.com.br\/wp-content\/uploads\/2024\/05\/1717101552_acidadeon_logos_Prancheta-1-copia-12_edited.jpg?fit=1199%2C1200&ssl=1&resize=1050%2C600 3x"},"classes":[]},{"id":47925,"url":"https:\/\/noticiasribeiraopreto.com.br\/index.php\/2024\/04\/29\/inscricoes-abertas-para-concurso-publico-no-interior-de-sp-com-103-vagas\/","url_meta":{"origin":12030,"position":4},"title":"Inscri\u00e7\u00f5es abertas para concurso p\u00fablico no interior de SP com 103 vagas","author":"noticiasribeiraopreto.com.br","date":"29 de April de 2024","format":false,"excerpt":"As inscri\u00e7\u00f5es para o concurso p\u00fablico da Prefeitura de Monte Alto, no interior de S\u00e3o Paulo, com 103 vagas, foram abertas \u00e0s 10h desta segunda-feira (29). Os interessados devem se inscrever pelo site da Vunesp, at\u00e9 \u00e0s 23h59 do dia 4 de junho. O valor da taxa de inscri\u00e7\u00e3o varia\u2026","rel":"","context":"In &quot;Not\u00edcias de Ribeir\u00e3o Preto-SP e Regi\u00e3o&quot;","block_context":{"text":"Not\u00edcias de Ribeir\u00e3o Preto-SP e Regi\u00e3o","link":"https:\/\/noticiasribeiraopreto.com.br\/index.php\/category\/noticias-de-ribeirao-preto-sp-e-regiao-ismael-colosi\/"},"img":{"alt_text":"","src":"https:\/\/i0.wp.com\/noticiasribeiraopreto.com.br\/wp-content\/uploads\/2024\/04\/Copia-de-Copia-de-TAMANHO-EXATO-PARA-FOTOS-NO-SISTEMA-NOVO-17-2_2024-04-29_17-36-39_jpg.webp.webp?fit=1200%2C675&ssl=1&resize=350%2C200","width":350,"height":200,"srcset":"https:\/\/i0.wp.com\/noticiasribeiraopreto.com.br\/wp-content\/uploads\/2024\/04\/Copia-de-Copia-de-TAMANHO-EXATO-PARA-FOTOS-NO-SISTEMA-NOVO-17-2_2024-04-29_17-36-39_jpg.webp.webp?fit=1200%2C675&ssl=1&resize=350%2C200 1x, https:\/\/i0.wp.com\/noticiasribeiraopreto.com.br\/wp-content\/uploads\/2024\/04\/Copia-de-Copia-de-TAMANHO-EXATO-PARA-FOTOS-NO-SISTEMA-NOVO-17-2_2024-04-29_17-36-39_jpg.webp.webp?fit=1200%2C675&ssl=1&resize=525%2C300 1.5x, https:\/\/i0.wp.com\/noticiasribeiraopreto.com.br\/wp-content\/uploads\/2024\/04\/Copia-de-Copia-de-TAMANHO-EXATO-PARA-FOTOS-NO-SISTEMA-NOVO-17-2_2024-04-29_17-36-39_jpg.webp.webp?fit=1200%2C675&ssl=1&resize=700%2C400 2x, https:\/\/i0.wp.com\/noticiasribeiraopreto.com.br\/wp-content\/uploads\/2024\/04\/Copia-de-Copia-de-TAMANHO-EXATO-PARA-FOTOS-NO-SISTEMA-NOVO-17-2_2024-04-29_17-36-39_jpg.webp.webp?fit=1200%2C675&ssl=1&resize=1050%2C600 3x"},"classes":[]},{"id":62490,"url":"https:\/\/noticiasribeiraopreto.com.br\/index.php\/2025\/01\/15\/saiba-ate-quando-se-inscrever-para-os-concursos-do-tj-sp-com-274-vagas-e-salarios-de-r-9-mil\/","url_meta":{"origin":12030,"position":5},"title":"Saiba at\u00e9 quando se inscrever para os concursos do TJ-SP com 274 vagas e sal\u00e1rios de R$ 9 mil","author":"noticiasribeiraopreto.com.br","date":"15 de January de 2025","format":false,"excerpt":"O TJ-SP (Tribunal de Justi\u00e7a de S\u00e3o Paulo) est\u00e1 com 274 oportunidades de n\u00edvel superior dispon\u00edveis. As inscri\u00e7\u00f5es devem ser feitas at\u00e9 o dia 10 de fevereiro de forma on-line (veja abaixo). De acordo com o edital, s\u00e3o 137 vagas para cada o cargo de psic\u00f3logo judici\u00e1rio e outras 137\u2026","rel":"","context":"In &quot;Not\u00edcias de Ribeir\u00e3o Preto-SP e Regi\u00e3o&quot;","block_context":{"text":"Not\u00edcias de Ribeir\u00e3o Preto-SP e Regi\u00e3o","link":"https:\/\/noticiasribeiraopreto.com.br\/index.php\/category\/noticias-de-ribeirao-preto-sp-e-regiao-ismael-colosi\/"},"img":{"alt_text":"","src":"https:\/\/i0.wp.com\/noticiasribeiraopreto.com.br\/wp-content\/uploads\/2024\/05\/concurso_publico_1-1024x683-1_2024-05-09_19-38-33_jpeg_2024-05-09_19-38-33.webp.webp?fit=1024%2C683&ssl=1&resize=350%2C200","width":350,"height":200,"srcset":"https:\/\/i0.wp.com\/noticiasribeiraopreto.com.br\/wp-content\/uploads\/2024\/05\/concurso_publico_1-1024x683-1_2024-05-09_19-38-33_jpeg_2024-05-09_19-38-33.webp.webp?fit=1024%2C683&ssl=1&resize=350%2C200 1x, https:\/\/i0.wp.com\/noticiasribeiraopreto.com.br\/wp-content\/uploads\/2024\/05\/concurso_publico_1-1024x683-1_2024-05-09_19-38-33_jpeg_2024-05-09_19-38-33.webp.webp?fit=1024%2C683&ssl=1&resize=525%2C300 1.5x, https:\/\/i0.wp.com\/noticiasribeiraopreto.com.br\/wp-content\/uploads\/2024\/05\/concurso_publico_1-1024x683-1_2024-05-09_19-38-33_jpeg_2024-05-09_19-38-33.webp.webp?fit=1024%2C683&ssl=1&resize=700%2C400 2x"},"classes":[]}],"jetpack_sharing_enabled":true,"jetpack_shortlink":"https:\/\/wp.me\/peQAOb-382","_links":{"self":[{"href":"https:\/\/noticiasribeiraopreto.com.br\/index.php\/wp-json\/wp\/v2\/posts\/12030","targetHints":{"allow":["GET"]}}],"collection":[{"href":"https:\/\/noticiasribeiraopreto.com.br\/index.php\/wp-json\/wp\/v2\/posts"}],"about":[{"href":"https:\/\/noticiasribeiraopreto.com.br\/index.php\/wp-json\/wp\/v2\/types\/post"}],"author":[{"embeddable":true,"href":"https:\/\/noticiasribeiraopreto.com.br\/index.php\/wp-json\/wp\/v2\/users\/1"}],"replies":[{"embeddable":true,"href":"https:\/\/noticiasribeiraopreto.com.br\/index.php\/wp-json\/wp\/v2\/comments?post=12030"}],"version-history":[{"count":0,"href":"https:\/\/noticiasribeiraopreto.com.br\/index.php\/wp-json\/wp\/v2\/posts\/12030\/revisions"}],"wp:featuredmedia":[{"embeddable":true,"href":"https:\/\/noticiasribeiraopreto.com.br\/index.php\/wp-json\/wp\/v2\/media\/12031"}],"wp:attachment":[{"href":"https:\/\/noticiasribeiraopreto.com.br\/index.php\/wp-json\/wp\/v2\/media?parent=12030"}],"wp:term":[{"taxonomy":"category","embeddable":true,"href":"https:\/\/noticiasribeiraopreto.com.br\/index.php\/wp-json\/wp\/v2\/categories?post=12030"},{"taxonomy":"post_tag","embeddable":true,"href":"https:\/\/noticiasribeiraopreto.com.br\/index.php\/wp-json\/wp\/v2\/tags?post=12030"}],"curies":[{"name":"wp","href":"https:\/\/api.w.org\/{rel}","templated":true}]}}