{"id":1204,"date":"2023-11-10T18:57:28","date_gmt":"2023-11-10T21:57:28","guid":{"rendered":"https:\/\/noticiasribeiraopreto.com.br\/index.php\/2023\/11\/10\/policia-cumpre-mandado-contra-suspeito-de-roubo-em-joalheria-de-ribeirao-preto\/"},"modified":"2023-11-10T18:57:28","modified_gmt":"2023-11-10T21:57:28","slug":"policia-cumpre-mandado-contra-suspeito-de-roubo-em-joalheria-de-ribeirao-preto","status":"publish","type":"post","link":"https:\/\/noticiasribeiraopreto.com.br\/index.php\/2023\/11\/10\/policia-cumpre-mandado-contra-suspeito-de-roubo-em-joalheria-de-ribeirao-preto\/","title":{"rendered":"Pol\u00edcia cumpre mandado contra suspeito de roubo em joalheria de Ribeir\u00e3o Preto"},"content":{"rendered":"<div class='code-block code-block-1' style='margin: 8px 0 8px auto; text-align: right; display: block; clear: both;'>\n<p><a href=\"https:\/\/wa.link\/vpicfd\"><img data-recalc-dims=\"1\" class=\"wp-image-4922\" style=\"aspect-ratio: 2.0253164556962027; width: 561px; height: auto;\" src=\"https:\/\/i0.wp.com\/ismaelcolosi.com.br\/wp-content\/uploads\/2023\/11\/grupo-de-empregos-whatsapp-e-facebook-ismael-colosi-vagas.jpg?ssl=1\" alt=\"\" \/><\/a><\/p>\n<!-- \/wp:image -->\n<\/div>\n<p> <br \/>\n<\/p>\n<div data-td-block-uid=\"tdi_104\">\n<div class=\"tdb-block-inner td-fix-index\">\n<p>A <strong>Pol\u00edcia Civil<\/strong> cumpriu tr\u00eas mandados de busca e apreens\u00e3o nesta sexta-feira (10), na resid\u00eancia dos <strong>acusados de um roubo em uma joalheria no Centro de Ribeir\u00e3o Preto<\/strong>, em outubro deste ano.<\/p>\n<p>De acordo com a pol\u00edcia, as ordens judiciais foram cumpridas<strong> <\/strong><mark style=\"background-color:#fcb900\" class=\"has-inline-color\"><strong>em um com\u00e9rcio que possivelmente teria recebido \u00e0s joias roubadas<\/strong>, <strong>no im\u00f3vel de propriedade de um receptor das joias<\/strong> e <strong>na resid\u00eancia do segundo acusado pelo crime<\/strong>.<\/mark><\/p>\n<p>Durante as buscas foram apreendidos <strong>dois colare<\/strong>s e <strong>um bracelete<\/strong> que estavam na resid\u00eancia do receptor das joias, que est\u00e1 fora da cidade. Os objetos foram recolhidos e, ap\u00f3s reconhecimento da v\u00edtima, entregues ao propriet\u00e1rio.<\/p>\n<p>A opera\u00e7\u00e3o \u2018<strong>Brilhante II<\/strong>\u2019 foi realizada pela Delegacia de Pol\u00edcia de Investiga\u00e7\u00f5es Gerais (1\u00b0 DIG\/DEIC) com apoio do Grupo de Opera\u00e7\u00f5es Especiais (GOE).<\/p>\n<h4 class=\"wp-block-heading\"><strong>Relembre o caso<\/strong><\/h4>\n<p>C\u00e2meras de seguran\u00e7a flagraram o momento em que um homem de capacete atravessa a rua Amador Bueno, no <strong>Centro de Ribeir\u00e3o Preto<\/strong>, e entra na loja, \u00e0s 14h.<\/p>\n<p>Na sequ\u00eancia, entra um outro homem de bon\u00e9. Dentro da <strong>joalheria<\/strong>, eles <strong>rendem as funcion\u00e1rias que ficam no balc\u00e3o e v\u00e3o para o fundo do local<\/strong>, onde fica o estoque das joias.<\/p>\n<p>Os dois homens armados <strong>amea\u00e7am os funcion\u00e1rios<\/strong> e obrigam que eles fiquem deitados. Com o cofre aberto, um dos assaltantes coloca as joias dentro de uma mochila e saem do local.<\/p>\n<h4 class=\"wp-block-heading\"><strong><mark style=\"background-color:#fcb900\" class=\"has-inline-color\">FIQUE ON<\/mark><\/strong><\/h4>\n<p>Fique ligado em tudo que acontece em Ribeir\u00e3o Preto e regi\u00e3o. Siga os perfis do\u00a0<strong>acidade on\u00a0<\/strong>no\u00a0<a href=\"https:\/\/www.instagram.com\/acidadeonribeirao\" target=\"_blank\" rel=\"noreferrer noopener\">Instagram<\/a>\u00a0e no\u00a0<a href=\"https:\/\/www.facebook.com\/acidadeonribeirao\" target=\"_blank\" rel=\"noreferrer noopener\">Facebook<\/a>.<\/p>\n<p>Receba not\u00edcias do\u00a0<strong>acidade on<\/strong>\u00a0no WhatsApp.\u00a0<a href=\"https:\/\/chat.whatsapp.com\/Bnv2w66ZT4VDyZW3oiZ69n\" target=\"_blank\" rel=\"noreferrer noopener\">Para entrar no grupo, basta clicar aqui.<\/a><\/p>\n<p>Fa\u00e7a uma den\u00fancia ou sugira uma reportagem sobre a Ribeir\u00e3o Preto e regi\u00e3o pelo WhatsApp: (16) 99117 7802.<\/p>\n<p>VEJA TAMB\u00c9M<\/p>\n<p><a href=\"https:\/\/www.acidadeon.com\/ribeiraopreto\/cotidiano\/carro-cai-em-obra-em-avenida-de-ribeirao-preto-veja-o-video\/\" target=\"_blank\" rel=\"noreferrer noopener\">Carro cai em obra em avenida de Ribeir\u00e3o Preto; Veja o v\u00eddeo<\/a><\/p>\n<p><!-- AI CONTENT END 1 -->\n<\/div>\n<\/div>\n<p><script async src=\"\/\/www.instagram.com\/embed.js\"><\/script><br \/>\n<br \/><br \/>\n<br \/><a href=\"https:\/\/www.acidadeon.com\/ribeiraopreto\/cotidiano\/policia-cumpre-mandado-contra-suspeito-de-roubo-em-joalheria-de-ribeirao-preto\/\">Source link <\/a><\/p>\n<!-- CONTENT END 1 -->\n","protected":false},"excerpt":{"rendered":"<p>A Pol\u00edcia Civil cumpriu tr\u00eas mandados de busca e apreens\u00e3o nesta sexta-feira (10), na resid\u00eancia dos acusados de um roubo em uma joalheria no Centro&#8230;<\/p>\n","protected":false},"author":1,"featured_media":1205,"comment_status":"open","ping_status":"open","sticky":false,"template":"","format":"standard","meta":{"advanced_seo_description":"","jetpack_seo_html_title":"","jetpack_seo_noindex":false,"jetpack_post_was_ever_published":false,"_jetpack_newsletter_access":"","_jetpack_dont_email_post_to_subs":false,"_jetpack_newsletter_tier_id":0,"_jetpack_memberships_contains_paywalled_content":false,"_jetpack_memberships_contains_paid_content":false,"footnotes":"","jetpack_publicize_message":"","jetpack_publicize_feature_enabled":true,"jetpack_social_post_already_shared":false,"jetpack_social_options":{"image_generator_settings":{"template":"highway","default_image_id":0,"font":"","enabled":false},"version":2}},"categories":[11],"tags":[],"class_list":["post-1204","post","type-post","status-publish","format-standard","has-post-thumbnail","hentry","category-noticias-de-ribeirao-preto-sp-e-regiao-ismael-colosi"],"jetpack_publicize_connections":[],"jetpack_featured_media_url":"https:\/\/i0.wp.com\/noticiasribeiraopreto.com.br\/wp-content\/uploads\/2023\/11\/coxpia_de_tamanho_exato_para_fotos_no_sistema_novo.png?fit=1200%2C675&ssl=1","jetpack-related-posts":[{"id":62513,"url":"https:\/\/noticiasribeiraopreto.com.br\/index.php\/2025\/01\/16\/policia-civil-prende-mais-um-acusado-de-roubo-milionario-na-zona-sul-de-ribeirao-preto\/","url_meta":{"origin":1204,"position":0},"title":"Pol\u00edcia Civil prende mais um acusado de roubo milion\u00e1rio na zona Sul de Ribeir\u00e3o Preto","author":"noticiasribeiraopreto.com.br","date":"16 de January de 2025","format":false,"excerpt":"A Pol\u00edcia Civil prendeu nesta quinta-feira (16) mais um suspeito de envolvimento no roubo de 100 mil d\u00f3lares e uma maleta com joias avaliadas em R$ 4 milh\u00f5es, que aconteceu no final do ano passado, em uma resid\u00eancia da zona Sul de Ribeir\u00e3o Preto. Um mandado de pris\u00e3o tempor\u00e1ria foi\u2026","rel":"","context":"In &quot;Not\u00edcias de Ribeir\u00e3o Preto-SP e Regi\u00e3o&quot;","block_context":{"text":"Not\u00edcias de Ribeir\u00e3o Preto-SP e Regi\u00e3o","link":"https:\/\/noticiasribeiraopreto.com.br\/index.php\/category\/noticias-de-ribeirao-preto-sp-e-regiao-ismael-colosi\/"},"img":{"alt_text":"","src":"https:\/\/i0.wp.com\/noticiasribeiraopreto.com.br\/wp-content\/uploads\/2025\/01\/WhatsApp-Image-2025-01-16-at-11.30.22_2025-01-16_15-08-06_jpeg_2025-01-16_15-08-06.webp.webp?fit=1200%2C675&ssl=1&resize=350%2C200","width":350,"height":200,"srcset":"https:\/\/i0.wp.com\/noticiasribeiraopreto.com.br\/wp-content\/uploads\/2025\/01\/WhatsApp-Image-2025-01-16-at-11.30.22_2025-01-16_15-08-06_jpeg_2025-01-16_15-08-06.webp.webp?fit=1200%2C675&ssl=1&resize=350%2C200 1x, https:\/\/i0.wp.com\/noticiasribeiraopreto.com.br\/wp-content\/uploads\/2025\/01\/WhatsApp-Image-2025-01-16-at-11.30.22_2025-01-16_15-08-06_jpeg_2025-01-16_15-08-06.webp.webp?fit=1200%2C675&ssl=1&resize=525%2C300 1.5x, https:\/\/i0.wp.com\/noticiasribeiraopreto.com.br\/wp-content\/uploads\/2025\/01\/WhatsApp-Image-2025-01-16-at-11.30.22_2025-01-16_15-08-06_jpeg_2025-01-16_15-08-06.webp.webp?fit=1200%2C675&ssl=1&resize=700%2C400 2x, https:\/\/i0.wp.com\/noticiasribeiraopreto.com.br\/wp-content\/uploads\/2025\/01\/WhatsApp-Image-2025-01-16-at-11.30.22_2025-01-16_15-08-06_jpeg_2025-01-16_15-08-06.webp.webp?fit=1200%2C675&ssl=1&resize=1050%2C600 3x"},"classes":[]},{"id":76898,"url":"https:\/\/noticiasribeiraopreto.com.br\/index.php\/2025\/09\/08\/videos-quadrilha-que-roubava-joias-e-vendia-pela-tv-e-desmantelada-em-rp\/","url_meta":{"origin":1204,"position":1},"title":"V\u00cdDEOS &#8211; Quadrilha que roubava joias e vendia pela TV \u00e9 desmantelada em RP","author":"noticiasribeiraopreto.com.br","date":"8 de September de 2025","format":false,"excerpt":"Por: Adalberto Luque A Pol\u00edcia Civil desmantelou uma quadrilha especializada em roubo e recepta\u00e7\u00e3o de joias a partir de Ribeir\u00e3o Preto e regi\u00e3o. As joias roubadas eram vendidas em um programa de TV especializado, o 1001 Noites, exibido a partir de Curitiba. Segundo o delegado Di\u00f3genes Santiago, uma fam\u00edlia v\u00edtima\u2026","rel":"","context":"In &quot;Not\u00edcias de Ribeir\u00e3o Preto-SP e Regi\u00e3o&quot;","block_context":{"text":"Not\u00edcias de Ribeir\u00e3o Preto-SP e Regi\u00e3o","link":"https:\/\/noticiasribeiraopreto.com.br\/index.php\/category\/noticias-de-ribeirao-preto-sp-e-regiao-ismael-colosi\/"},"img":{"alt_text":"","src":"https:\/\/i0.wp.com\/noticiasribeiraopreto.com.br\/wp-content\/uploads\/2025\/09\/08-set-2025-roubojoias1-scaled.jpg?fit=1200%2C673&ssl=1&resize=350%2C200","width":350,"height":200,"srcset":"https:\/\/i0.wp.com\/noticiasribeiraopreto.com.br\/wp-content\/uploads\/2025\/09\/08-set-2025-roubojoias1-scaled.jpg?fit=1200%2C673&ssl=1&resize=350%2C200 1x, https:\/\/i0.wp.com\/noticiasribeiraopreto.com.br\/wp-content\/uploads\/2025\/09\/08-set-2025-roubojoias1-scaled.jpg?fit=1200%2C673&ssl=1&resize=525%2C300 1.5x, https:\/\/i0.wp.com\/noticiasribeiraopreto.com.br\/wp-content\/uploads\/2025\/09\/08-set-2025-roubojoias1-scaled.jpg?fit=1200%2C673&ssl=1&resize=700%2C400 2x, https:\/\/i0.wp.com\/noticiasribeiraopreto.com.br\/wp-content\/uploads\/2025\/09\/08-set-2025-roubojoias1-scaled.jpg?fit=1200%2C673&ssl=1&resize=1050%2C600 3x"},"classes":[]},{"id":62080,"url":"https:\/\/noticiasribeiraopreto.com.br\/index.php\/2025\/01\/02\/policia-prende-dois-suspeito-de-envolvimento-no-roubo-de-dolares-e-joias-em-ribeirao-preto\/","url_meta":{"origin":1204,"position":2},"title":"Pol\u00edcia prende dois suspeito\u00a0de envolvimento no roubo de d\u00f3lares e joias em Ribeir\u00e3o Preto","author":"noticiasribeiraopreto.com.br","date":"2 de January de 2025","format":false,"excerpt":"Dois suspeitos foram presos nesta quinta-feira (2), por suspeita de envolvimento no roubo de 100 mil d\u00f3lares e uma maleta com joias avaliadas em R$ 4 milh\u00f5es em Ribeir\u00e3o Preto. O crime aconteceu na \u00faltima ter\u00e7a-feira (31), v\u00e9spera de Ano Novo, em uma resid\u00eancia do bairro Alto da Boa Vista,\u2026","rel":"","context":"In &quot;Not\u00edcias de Ribeir\u00e3o Preto-SP e Regi\u00e3o&quot;","block_context":{"text":"Not\u00edcias de Ribeir\u00e3o Preto-SP e Regi\u00e3o","link":"https:\/\/noticiasribeiraopreto.com.br\/index.php\/category\/noticias-de-ribeirao-preto-sp-e-regiao-ismael-colosi\/"},"img":{"alt_text":"","src":"https:\/\/i0.wp.com\/noticiasribeiraopreto.com.br\/wp-content\/uploads\/2025\/01\/Copia-de-Copia-de-Copia-de-TAMANHO-EXATO-PARA-FOTOS-NO-SISTEMA-NOVO-2025-01-02T190210.856_2025-01-02_22-02-16_png_2025-01-02_22-02-16.webp.webp?fit=1200%2C675&ssl=1&resize=350%2C200","width":350,"height":200,"srcset":"https:\/\/i0.wp.com\/noticiasribeiraopreto.com.br\/wp-content\/uploads\/2025\/01\/Copia-de-Copia-de-Copia-de-TAMANHO-EXATO-PARA-FOTOS-NO-SISTEMA-NOVO-2025-01-02T190210.856_2025-01-02_22-02-16_png_2025-01-02_22-02-16.webp.webp?fit=1200%2C675&ssl=1&resize=350%2C200 1x, https:\/\/i0.wp.com\/noticiasribeiraopreto.com.br\/wp-content\/uploads\/2025\/01\/Copia-de-Copia-de-Copia-de-TAMANHO-EXATO-PARA-FOTOS-NO-SISTEMA-NOVO-2025-01-02T190210.856_2025-01-02_22-02-16_png_2025-01-02_22-02-16.webp.webp?fit=1200%2C675&ssl=1&resize=525%2C300 1.5x, https:\/\/i0.wp.com\/noticiasribeiraopreto.com.br\/wp-content\/uploads\/2025\/01\/Copia-de-Copia-de-Copia-de-TAMANHO-EXATO-PARA-FOTOS-NO-SISTEMA-NOVO-2025-01-02T190210.856_2025-01-02_22-02-16_png_2025-01-02_22-02-16.webp.webp?fit=1200%2C675&ssl=1&resize=700%2C400 2x, https:\/\/i0.wp.com\/noticiasribeiraopreto.com.br\/wp-content\/uploads\/2025\/01\/Copia-de-Copia-de-Copia-de-TAMANHO-EXATO-PARA-FOTOS-NO-SISTEMA-NOVO-2025-01-02T190210.856_2025-01-02_22-02-16_png_2025-01-02_22-02-16.webp.webp?fit=1200%2C675&ssl=1&resize=1050%2C600 3x"},"classes":[]},{"id":81778,"url":"https:\/\/noticiasribeiraopreto.com.br\/index.php\/2026\/01\/16\/policia-prende-dupla-que-roubou-joalheria-na-regiao\/","url_meta":{"origin":1204,"position":3},"title":"Pol\u00edcia prende dupla que roubou joalheria na regi\u00e3o","author":"noticiasribeiraopreto.com.br","date":"16 de January de 2026","format":false,"excerpt":"\r Ladr\u00f5es estavam em \u00f4nibus com destino a Goi\u00e2nia (GO) e foram presos em Uberl\u00e2ndia (MG), com grande parte dos R$ 12 mi em joias roubadas\r \r 16 de janeiro de 2026 09:0316 de janeiro de 2026 09:03 \r Compartilhar2 Por: Adalberto Luque A Delegacia de Investiga\u00e7\u00f5es Gerais (DIG) de\u2026","rel":"","context":"In &quot;Not\u00edcias de Ribeir\u00e3o Preto-SP e Regi\u00e3o&quot;","block_context":{"text":"Not\u00edcias de Ribeir\u00e3o Preto-SP e Regi\u00e3o","link":"https:\/\/noticiasribeiraopreto.com.br\/index.php\/category\/noticias-de-ribeirao-preto-sp-e-regiao-ismael-colosi\/"},"img":{"alt_text":"","src":"https:\/\/i0.wp.com\/noticiasribeiraopreto.com.br\/wp-content\/uploads\/2026\/01\/16-jan-2026-furtojoalheria1-scaled.jpg?fit=1200%2C675&ssl=1&resize=350%2C200","width":350,"height":200,"srcset":"https:\/\/i0.wp.com\/noticiasribeiraopreto.com.br\/wp-content\/uploads\/2026\/01\/16-jan-2026-furtojoalheria1-scaled.jpg?fit=1200%2C675&ssl=1&resize=350%2C200 1x, https:\/\/i0.wp.com\/noticiasribeiraopreto.com.br\/wp-content\/uploads\/2026\/01\/16-jan-2026-furtojoalheria1-scaled.jpg?fit=1200%2C675&ssl=1&resize=525%2C300 1.5x, https:\/\/i0.wp.com\/noticiasribeiraopreto.com.br\/wp-content\/uploads\/2026\/01\/16-jan-2026-furtojoalheria1-scaled.jpg?fit=1200%2C675&ssl=1&resize=700%2C400 2x, https:\/\/i0.wp.com\/noticiasribeiraopreto.com.br\/wp-content\/uploads\/2026\/01\/16-jan-2026-furtojoalheria1-scaled.jpg?fit=1200%2C675&ssl=1&resize=1050%2C600 3x"},"classes":[]},{"id":74537,"url":"https:\/\/noticiasribeiraopreto.com.br\/index.php\/2025\/07\/24\/casal-e-amarrado-durante-roubo-de-joias-e-eletronicos-na-regiao-de-ribeirao-preto\/","url_meta":{"origin":1204,"position":4},"title":"Casal \u00e9 amarrado durante roubo de joias e eletr\u00f4nicos na regi\u00e3o de Ribeir\u00e3o Preto","author":"noticiasribeiraopreto.com.br","date":"24 de July de 2025","format":false,"excerpt":"Um casal foi amarrado em um quarto de casa durante um roubo na noite desta quarta-feira (23), em Brodowski, na regi\u00e3o de Ribeir\u00e3o Preto. Dois suspeitos foram presos. Segundo o boletim de ocorr\u00eancia (BO), foram roubados joias e eletr\u00f4nicos, e uma das v\u00edtimas, um homem de 55 anos, acabou agredido\u2026","rel":"","context":"In &quot;Not\u00edcias de Ribeir\u00e3o Preto-SP e Regi\u00e3o&quot;","block_context":{"text":"Not\u00edcias de Ribeir\u00e3o Preto-SP e Regi\u00e3o","link":"https:\/\/noticiasribeiraopreto.com.br\/index.php\/category\/noticias-de-ribeirao-preto-sp-e-regiao-ismael-colosi\/"},"img":{"alt_text":"","src":"https:\/\/i0.wp.com\/noticiasribeiraopreto.com.br\/wp-content\/uploads\/2025\/07\/1753372569_20220620_114539075_policia_qru_1024x576_25052021184749_jpg_715985292.jpg?fit=1200%2C606&ssl=1&resize=350%2C200","width":350,"height":200,"srcset":"https:\/\/i0.wp.com\/noticiasribeiraopreto.com.br\/wp-content\/uploads\/2025\/07\/1753372569_20220620_114539075_policia_qru_1024x576_25052021184749_jpg_715985292.jpg?fit=1200%2C606&ssl=1&resize=350%2C200 1x, https:\/\/i0.wp.com\/noticiasribeiraopreto.com.br\/wp-content\/uploads\/2025\/07\/1753372569_20220620_114539075_policia_qru_1024x576_25052021184749_jpg_715985292.jpg?fit=1200%2C606&ssl=1&resize=525%2C300 1.5x, https:\/\/i0.wp.com\/noticiasribeiraopreto.com.br\/wp-content\/uploads\/2025\/07\/1753372569_20220620_114539075_policia_qru_1024x576_25052021184749_jpg_715985292.jpg?fit=1200%2C606&ssl=1&resize=700%2C400 2x, https:\/\/i0.wp.com\/noticiasribeiraopreto.com.br\/wp-content\/uploads\/2025\/07\/1753372569_20220620_114539075_policia_qru_1024x576_25052021184749_jpg_715985292.jpg?fit=1200%2C606&ssl=1&resize=1050%2C600 3x"},"classes":[]},{"id":80272,"url":"https:\/\/noticiasribeiraopreto.com.br\/index.php\/2025\/11\/18\/o-que-se-sabe-sobre-roubo-milionario-de-joias-em-ribeirao-preto\/","url_meta":{"origin":1204,"position":5},"title":"O que se sabe sobre roubo milion\u00e1rio de joias em Ribeir\u00e3o Preto","author":"noticiasribeiraopreto.com.br","date":"18 de November de 2025","format":false,"excerpt":"Quatro suspeitos de integrar uma quadrilha especializada em roubos de joias foram presos na manh\u00e3 desta ter\u00e7a-feira (18), em uma nova etapa da investiga\u00e7\u00e3o sobre um assalto milion\u00e1rio que aconteceu em uma resid\u00eancia do bairro Ribeir\u00e2nia, em Ribeir\u00e3o Preto, em maio de 2025. Na \u00e9poca do ocorrido, uma fam\u00edlia teve\u2026","rel":"","context":"In &quot;Not\u00edcias de Ribeir\u00e3o Preto-SP e Regi\u00e3o&quot;","block_context":{"text":"Not\u00edcias de Ribeir\u00e3o Preto-SP e Regi\u00e3o","link":"https:\/\/noticiasribeiraopreto.com.br\/index.php\/category\/noticias-de-ribeirao-preto-sp-e-regiao-ismael-colosi\/"},"img":{"alt_text":"","src":"https:\/\/i0.wp.com\/noticiasribeiraopreto.com.br\/wp-content\/uploads\/2025\/11\/joias-roubadas_2025-09-08_13-48-35.webp.webp?fit=1200%2C709&ssl=1&resize=350%2C200","width":350,"height":200,"srcset":"https:\/\/i0.wp.com\/noticiasribeiraopreto.com.br\/wp-content\/uploads\/2025\/11\/joias-roubadas_2025-09-08_13-48-35.webp.webp?fit=1200%2C709&ssl=1&resize=350%2C200 1x, https:\/\/i0.wp.com\/noticiasribeiraopreto.com.br\/wp-content\/uploads\/2025\/11\/joias-roubadas_2025-09-08_13-48-35.webp.webp?fit=1200%2C709&ssl=1&resize=525%2C300 1.5x, https:\/\/i0.wp.com\/noticiasribeiraopreto.com.br\/wp-content\/uploads\/2025\/11\/joias-roubadas_2025-09-08_13-48-35.webp.webp?fit=1200%2C709&ssl=1&resize=700%2C400 2x, https:\/\/i0.wp.com\/noticiasribeiraopreto.com.br\/wp-content\/uploads\/2025\/11\/joias-roubadas_2025-09-08_13-48-35.webp.webp?fit=1200%2C709&ssl=1&resize=1050%2C600 3x"},"classes":[]}],"jetpack_sharing_enabled":true,"jetpack_shortlink":"https:\/\/wp.me\/peQAOb-jq","_links":{"self":[{"href":"https:\/\/noticiasribeiraopreto.com.br\/index.php\/wp-json\/wp\/v2\/posts\/1204","targetHints":{"allow":["GET"]}}],"collection":[{"href":"https:\/\/noticiasribeiraopreto.com.br\/index.php\/wp-json\/wp\/v2\/posts"}],"about":[{"href":"https:\/\/noticiasribeiraopreto.com.br\/index.php\/wp-json\/wp\/v2\/types\/post"}],"author":[{"embeddable":true,"href":"https:\/\/noticiasribeiraopreto.com.br\/index.php\/wp-json\/wp\/v2\/users\/1"}],"replies":[{"embeddable":true,"href":"https:\/\/noticiasribeiraopreto.com.br\/index.php\/wp-json\/wp\/v2\/comments?post=1204"}],"version-history":[{"count":0,"href":"https:\/\/noticiasribeiraopreto.com.br\/index.php\/wp-json\/wp\/v2\/posts\/1204\/revisions"}],"wp:featuredmedia":[{"embeddable":true,"href":"https:\/\/noticiasribeiraopreto.com.br\/index.php\/wp-json\/wp\/v2\/media\/1205"}],"wp:attachment":[{"href":"https:\/\/noticiasribeiraopreto.com.br\/index.php\/wp-json\/wp\/v2\/media?parent=1204"}],"wp:term":[{"taxonomy":"category","embeddable":true,"href":"https:\/\/noticiasribeiraopreto.com.br\/index.php\/wp-json\/wp\/v2\/categories?post=1204"},{"taxonomy":"post_tag","embeddable":true,"href":"https:\/\/noticiasribeiraopreto.com.br\/index.php\/wp-json\/wp\/v2\/tags?post=1204"}],"curies":[{"name":"wp","href":"https:\/\/api.w.org\/{rel}","templated":true}]}}