{"id":12070,"date":"2023-12-07T11:43:44","date_gmt":"2023-12-07T14:43:44","guid":{"rendered":"https:\/\/noticiasribeiraopreto.com.br\/index.php\/2023\/12\/07\/saiba-como-obter-credito-e-parcelar-a-viagem-em-ate-60-vezes\/"},"modified":"2023-12-07T11:43:44","modified_gmt":"2023-12-07T14:43:44","slug":"saiba-como-obter-credito-e-parcelar-a-viagem-em-ate-60-vezes","status":"publish","type":"post","link":"https:\/\/noticiasribeiraopreto.com.br\/index.php\/2023\/12\/07\/saiba-como-obter-credito-e-parcelar-a-viagem-em-ate-60-vezes\/","title":{"rendered":"Saiba como obter cr\u00e9dito e parcelar a viagem em at\u00e9 60 vezes"},"content":{"rendered":"<div class='code-block code-block-1' style='margin: 8px 0 8px auto; text-align: right; display: block; clear: both;'>\n<p><a href=\"https:\/\/wa.link\/vpicfd\"><img data-recalc-dims=\"1\" class=\"wp-image-4922\" style=\"aspect-ratio: 2.0253164556962027; width: 561px; height: auto;\" src=\"https:\/\/i0.wp.com\/ismaelcolosi.com.br\/wp-content\/uploads\/2023\/11\/grupo-de-empregos-whatsapp-e-facebook-ismael-colosi-vagas.jpg?ssl=1\" alt=\"\" \/><\/a><\/p>\n<!-- \/wp:image -->\n<\/div>\n<p> <br \/>\n<\/p>\n<div>\n<p>Tem coisa melhor do que viajar? Conhecer lugares diferentes, experimentar pratos t\u00edpicos deliciosos e contemplar as paisagens encantadoras do nosso pa\u00eds agora est\u00e1 mais f\u00e1cil.<\/p>\n<p>Com o <a href=\"https:\/\/www.bb.com.br\/site\/pra-voce\/financiamentos\/bb-credito-realiza\/\" target=\"_blank\" rel=\"noopener\">Programa Conhe\u00e7a o Brasil: Realiza<\/a>, lan\u00e7ado pelo Minist\u00e9rio do Turismo (MTur), \u00e9 poss\u00edvel obter cr\u00e9dito com <a href=\"https:\/\/catracalivre.com.br\/viagem-livre\/comissao-aprova-lei-que-preve-passagem-aerea-gratis-para-pcds\/\">condi\u00e7\u00f5es facilitadas<\/a> e parcelar a viagem em at\u00e9 60 vezes.<\/p>\n<div id=\"attachment_1979909\" class=\"wp-caption aligncenter\">\n<div class=\"d-flex justify-content-center\" data-attachment-id=\"1979909\">\n<div class=\"position-relative d-inline-block\"><img data-recalc-dims=\"1\" data-portal-copyright=\"Shoko Shimabukuro\/iStock\" fetchpriority=\"high\" decoding=\"async\" class=\"wp-image-1979909 size-large\" src=\"https:\/\/i0.wp.com\/catracalivre.com.br\/wp-content\/uploads\/2019\/11\/seguro-viagem-promocao-910x607.jpg?resize=910%2C607&#038;ssl=1\" alt=\"Saiba como obter cr\u00e9dito e parcelar a viagem em at\u00e9 60 vezes\" width=\"910\" height=\"607\" srcset=\"https:\/\/catracalivre.com.br\/wp-content\/uploads\/2019\/11\/seguro-viagem-promocao-910x607.jpg 910w, https:\/\/catracalivre.com.br\/wp-content\/uploads\/2019\/11\/seguro-viagem-promocao-450x300.jpg 450w, https:\/\/catracalivre.com.br\/wp-content\/uploads\/2019\/11\/seguro-viagem-promocao-768x512.jpg 768w\" sizes=\"(max-width: 910px) 100vw, 910px\"\/><\/p>\n<p>Cr\u00e9ditos: Shoko Shimabukuro\/iStock<\/p>\n<\/div>\n<\/div>\n<p><span class=\"post-imagem__legenda\">Saiba como obter cr\u00e9dito e parcelar a viagem em at\u00e9 60 vezes<\/span><\/p>\n<\/div>\n<p>O novo programa oferece cr\u00e9dito de financiamento de pacotes de viagem, passagens a\u00e9reas, hospedagem, ingressos de parques tem\u00e1ticos, entre outros servi\u00e7os de at\u00e9 R$ 20 mil. O valor poder\u00e1 ser pago em at\u00e9 60 parcelas mensais, com taxas de juros a 1,79% ao m\u00eas.<\/p>\n<p>Neste primeiro momento, para ter acesso ao cr\u00e9dito, \u00e9 preciso ser correntista do Banco do Brasil.<\/p>\n<p>O pagamento poder\u00e1 ser feito ao longo de 2 a 60 meses, com a quita\u00e7\u00e3o da primeira parcela em 60 dias ap\u00f3s a contrata\u00e7\u00e3o do servi\u00e7o. As parcelas s\u00e3o debitadas diretamente da conta.<\/p>\n<h2>Como parcelar a viagem<\/h2>\n<p>Para contratar, \u00e9 preciso ser correntista no Banco do Brasil, ter limite de cr\u00e9dito vigente e chave Pix cadastrada.<\/p>\n<p>A contrata\u00e7\u00e3o \u00e9 feita diretamente pelo aplicativo do banco ou em uma ag\u00eancia do BB em at\u00e9 60 vezes, com d\u00e9bito em conta corrente feito mensalmente e em data escolhida no momento da contrata\u00e7\u00e3o. Tudo feito de forma r\u00e1pida e online.<\/p>\n<h3>Sou prestador de servi\u00e7o, como posso participar?<\/h3>\n<p>A ativa\u00e7\u00e3o \u00e9 autom\u00e1tica para as empresas participantes do Cadastur com situa\u00e7\u00e3o regular e atua\u00e7\u00e3o nas atividades de ag\u00eancias de turismo, meios de hospedagem e parques tem\u00e1ticos, al\u00e9m das companhias a\u00e9reas, observadas as pol\u00edticas de cr\u00e9dito do BB.<\/p>\n<p>N\u00e3o h\u00e1 custos para ser habilitado, e o pagamento para o prestador \u00e9 feito mediante a liquida\u00e7\u00e3o do PIX gerado para o pagamento da venda realizada.<\/p>\n<p>O \u201cConhe\u00e7a o Brasil\u201d beneficiar\u00e1 os prestadores de servi\u00e7os cadastrados no Cadastur e as companhias a\u00e9reas, que poder\u00e3o usufruir de mais uma ferramenta para alavancar suas vendas.<\/p>\n<\/div>\n<p><script>\n\t\t! function(f, b, e, v, n, t, s) {\n\t\t\tif (f.fbq) return;\n\t\t\tn = f.fbq = function() {\n\t\t\t\tn.callMethod ?\n\t\t\t\t\tn.callMethod.apply(n, arguments) : n.queue.push(arguments)\n\t\t\t};\n\t\t\tif (!f._fbq) f._fbq = n;\n\t\t\tn.push = n;\n\t\t\tn.loaded = !0;\n\t\t\tn.version = '2.0';\n\t\t\tn.queue = [];\n\t\t\tt = b.createElement(e);\n\t\t\tt.async = !0;\n\t\t\tt.src = v;\n\t\t\ts = b.getElementsByTagName(e)[0];\n\t\t\ts.parentNode.insertBefore(t, s)\n\t\t}(window, document, 'script',\n\t\t\t'https:\/\/connect.facebook.net\/en_US\/fbevents.js');\n\t\tfbq('init', '338315473262380');\n\t\tfbq('track', 'PageView');\n\t<\/script><br \/>\n<br \/><br \/>\n<br \/><a href=\"https:\/\/catracalivre.com.br\/viagem-livre\/saiba-como-obter-credito-e-parcelar-a-viagem-em-ate-60-vezes\/\">Source link <\/a><\/p>\n<!-- CONTENT END 1 -->\n","protected":false},"excerpt":{"rendered":"<p>Tem coisa melhor do que viajar? Conhecer lugares diferentes, experimentar pratos t\u00edpicos deliciosos e contemplar as paisagens encantadoras do nosso pa\u00eds agora est\u00e1 mais f\u00e1cil&#8230;.<\/p>\n","protected":false},"author":1,"featured_media":12071,"comment_status":"open","ping_status":"open","sticky":false,"template":"","format":"standard","meta":{"advanced_seo_description":"","jetpack_seo_html_title":"","jetpack_seo_noindex":false,"jetpack_post_was_ever_published":false,"_jetpack_newsletter_access":"","_jetpack_dont_email_post_to_subs":false,"_jetpack_newsletter_tier_id":0,"_jetpack_memberships_contains_paywalled_content":false,"_jetpack_memberships_contains_paid_content":false,"footnotes":"","jetpack_publicize_message":"","jetpack_publicize_feature_enabled":true,"jetpack_social_post_already_shared":true,"jetpack_social_options":{"image_generator_settings":{"template":"highway","default_image_id":0,"font":"","enabled":false},"version":2}},"categories":[19],"tags":[],"class_list":["post-12070","post","type-post","status-publish","format-standard","has-post-thumbnail","hentry","category-variedades"],"jetpack_publicize_connections":[],"jetpack_featured_media_url":"https:\/\/i0.wp.com\/noticiasribeiraopreto.com.br\/wp-content\/uploads\/2023\/12\/seguro-viagem.jpg?fit=1200%2C638&ssl=1","jetpack-related-posts":[{"id":16459,"url":"https:\/\/noticiasribeiraopreto.com.br\/index.php\/2023\/12\/15\/cheque-especial-pode-ser-parcelado-vale-a-pena-descubra-aqui\/","url_meta":{"origin":12070,"position":0},"title":"Cheque Especial Pode Ser Parcelado? Vale a Pena? Descubra Aqui!","author":"noticiasribeiraopreto.com.br","date":"15 de December de 2023","format":false,"excerpt":"Se voc\u00ea j\u00e1 se questionou sobre a possibilidade de parcelar o cheque especial, este artigo foi elaborado especialmente para voc\u00ea. Em meio a decis\u00f5es financeiras desafiadoras, a interroga\u00e7\u00e3o se o cheque especial pode ser parcelado ganha destaque, indicando uma busca por solu\u00e7\u00f5es inteligentes e acess\u00edveis.\u00a0 Por isso, hoje vamos mergulhar\u2026","rel":"","context":"In &quot;Dinheiro e Investimento&quot;","block_context":{"text":"Dinheiro e Investimento","link":"https:\/\/noticiasribeiraopreto.com.br\/index.php\/category\/dinheiro-e-investimento-como-fazer-como-ganhar\/"},"img":{"alt_text":"","src":"https:\/\/i0.wp.com\/noticiasribeiraopreto.com.br\/wp-content\/uploads\/2023\/12\/young-entrepreneur-thinking-while-working-business-reports-home.jpg?fit=1000%2C667&ssl=1&resize=350%2C200","width":350,"height":200,"srcset":"https:\/\/i0.wp.com\/noticiasribeiraopreto.com.br\/wp-content\/uploads\/2023\/12\/young-entrepreneur-thinking-while-working-business-reports-home.jpg?fit=1000%2C667&ssl=1&resize=350%2C200 1x, https:\/\/i0.wp.com\/noticiasribeiraopreto.com.br\/wp-content\/uploads\/2023\/12\/young-entrepreneur-thinking-while-working-business-reports-home.jpg?fit=1000%2C667&ssl=1&resize=525%2C300 1.5x, https:\/\/i0.wp.com\/noticiasribeiraopreto.com.br\/wp-content\/uploads\/2023\/12\/young-entrepreneur-thinking-while-working-business-reports-home.jpg?fit=1000%2C667&ssl=1&resize=700%2C400 2x"},"classes":[]},{"id":72430,"url":"https:\/\/noticiasribeiraopreto.com.br\/index.php\/2025\/06\/17\/jornal-da-franca-sabesp-realiza-negociacao-com-condicoes-especiais-para-clientes-com-contas-em-atraso\/","url_meta":{"origin":12070,"position":1},"title":"Jornal da Franca &#8211; Sabesp realiza negocia\u00e7\u00e3o com condi\u00e7\u00f5es especiais para clientes com contas em atraso","author":"noticiasribeiraopreto.com.br","date":"17 de June de 2025","format":false,"excerpt":"compartilhar no whatsapp compartilhar no telegram compartilhar no facebook compartilhar no linkedin Iniciativa vale para faturas em aberto h\u00e1 180 dias ou mais, que podem ser parceladas em at\u00e9 24 vezes no cart\u00e3o de cr\u00e9dito ou \u00e0 vista no Pix A Sabesp iniciou na segunda-feira (16\/06) uma edi\u00e7\u00e3o especial por\u2026","rel":"","context":"In &quot;Not\u00edcias de Franca-SP&quot;","block_context":{"text":"Not\u00edcias de Franca-SP","link":"https:\/\/noticiasribeiraopreto.com.br\/index.php\/category\/noticias-de-ribeirao-preto-sp-e-regiao-ismael-colosi\/noticias-franca-sp\/"},"img":{"alt_text":"","src":"https:\/\/i0.wp.com\/noticiasribeiraopreto.com.br\/wp-content\/uploads\/2025\/06\/0b1201bc-12d0-4654-89e6-f94e588f6d6e.jpg?fit=700%2C466&ssl=1&resize=350%2C200","width":350,"height":200,"srcset":"https:\/\/i0.wp.com\/noticiasribeiraopreto.com.br\/wp-content\/uploads\/2025\/06\/0b1201bc-12d0-4654-89e6-f94e588f6d6e.jpg?fit=700%2C466&ssl=1&resize=350%2C200 1x, https:\/\/i0.wp.com\/noticiasribeiraopreto.com.br\/wp-content\/uploads\/2025\/06\/0b1201bc-12d0-4654-89e6-f94e588f6d6e.jpg?fit=700%2C466&ssl=1&resize=525%2C300 1.5x, https:\/\/i0.wp.com\/noticiasribeiraopreto.com.br\/wp-content\/uploads\/2025\/06\/0b1201bc-12d0-4654-89e6-f94e588f6d6e.jpg?fit=700%2C466&ssl=1&resize=700%2C400 2x"},"classes":[]},{"id":14448,"url":"https:\/\/noticiasribeiraopreto.com.br\/index.php\/2023\/12\/12\/mercado-credito-saiba-como-comprar-sem-saldo-na-conta-e-sem-cartao-de-credito\/","url_meta":{"origin":12070,"position":2},"title":"Mercado Cr\u00e9dito: saiba como comprar sem saldo na conta e sem cart\u00e3o de cr\u00e9dito","author":"noticiasribeiraopreto.com.br","date":"12 de December de 2023","format":false,"excerpt":"Voc\u00ea j\u00e1 imaginou poder comprar o que quiser na internet sem ter saldo na conta e sem usar cart\u00e3o de cr\u00e9dito? Parece um sonho, mas \u00e9 poss\u00edvel com o Mercado Cr\u00e9dito. Essa \u00e9 uma solu\u00e7\u00e3o de financiamento do Mercado Pago que permite parcelar suas compras em at\u00e9 12 vezes com\u2026","rel":"","context":"In &quot;Vagas de Emprego em Ribeir\u00e3o Preto-SP&quot;","block_context":{"text":"Vagas de Emprego em Ribeir\u00e3o Preto-SP","link":"https:\/\/noticiasribeiraopreto.com.br\/index.php\/category\/empregos-classificados-vagas-trabalho\/vagas-de-empregos-em-ribeirao-preto-regiao-brasil\/"},"img":{"alt_text":"","src":"https:\/\/i0.wp.com\/noticiasribeiraopreto.com.br\/wp-content\/uploads\/2023\/12\/noticiasconcursos.com_.br-mercado-credito-saiba-como-comprar-sem-saldo-na-conta-e-sem-cartao-de-credito-mercado-credito.jpg?fit=1200%2C628&ssl=1&resize=350%2C200","width":350,"height":200,"srcset":"https:\/\/i0.wp.com\/noticiasribeiraopreto.com.br\/wp-content\/uploads\/2023\/12\/noticiasconcursos.com_.br-mercado-credito-saiba-como-comprar-sem-saldo-na-conta-e-sem-cartao-de-credito-mercado-credito.jpg?fit=1200%2C628&ssl=1&resize=350%2C200 1x, https:\/\/i0.wp.com\/noticiasribeiraopreto.com.br\/wp-content\/uploads\/2023\/12\/noticiasconcursos.com_.br-mercado-credito-saiba-como-comprar-sem-saldo-na-conta-e-sem-cartao-de-credito-mercado-credito.jpg?fit=1200%2C628&ssl=1&resize=525%2C300 1.5x, https:\/\/i0.wp.com\/noticiasribeiraopreto.com.br\/wp-content\/uploads\/2023\/12\/noticiasconcursos.com_.br-mercado-credito-saiba-como-comprar-sem-saldo-na-conta-e-sem-cartao-de-credito-mercado-credito.jpg?fit=1200%2C628&ssl=1&resize=700%2C400 2x, https:\/\/i0.wp.com\/noticiasribeiraopreto.com.br\/wp-content\/uploads\/2023\/12\/noticiasconcursos.com_.br-mercado-credito-saiba-como-comprar-sem-saldo-na-conta-e-sem-cartao-de-credito-mercado-credito.jpg?fit=1200%2C628&ssl=1&resize=1050%2C600 3x"},"classes":[]},{"id":62896,"url":"https:\/\/noticiasribeiraopreto.com.br\/index.php\/2025\/01\/27\/joao-rock-anuncia-pre-venda-de-ingressos-saiba-como-comprar\/","url_meta":{"origin":12070,"position":3},"title":"Jo\u00e3o Rock anuncia pr\u00e9-venda de ingressos; saiba como comprar","author":"noticiasribeiraopreto.com.br","date":"27 de January de 2025","format":false,"excerpt":"A 22\u00aa edi\u00e7\u00e3o do Jo\u00e3o Rock acontece no dia 14 de junho, em Ribeir\u00e3o Preto, e os f\u00e3s do festival j\u00e1 podem garantir seus ingressos durante o per\u00edodo de pr\u00e9-venda, que come\u00e7a nesta ter\u00e7a-feira (28), a partir das 12h. O lote promocional vai at\u00e9 o dia 3 de fevereiro, \u00e0s\u2026","rel":"","context":"In &quot;Not\u00edcias de Ribeir\u00e3o Preto-SP e Regi\u00e3o&quot;","block_context":{"text":"Not\u00edcias de Ribeir\u00e3o Preto-SP e Regi\u00e3o","link":"https:\/\/noticiasribeiraopreto.com.br\/index.php\/category\/noticias-de-ribeirao-preto-sp-e-regiao-ismael-colosi\/"},"img":{"alt_text":"","src":"https:\/\/i0.wp.com\/noticiasribeiraopreto.com.br\/wp-content\/uploads\/2025\/01\/Imagem-do-WhatsApp-de-2025-01-27-as-18.05.46_992e34a1_2025-01-27_21-19-54_jpg_2025-01-27_21-19-54.webp.webp?fit=800%2C450&ssl=1&resize=350%2C200","width":350,"height":200,"srcset":"https:\/\/i0.wp.com\/noticiasribeiraopreto.com.br\/wp-content\/uploads\/2025\/01\/Imagem-do-WhatsApp-de-2025-01-27-as-18.05.46_992e34a1_2025-01-27_21-19-54_jpg_2025-01-27_21-19-54.webp.webp?fit=800%2C450&ssl=1&resize=350%2C200 1x, https:\/\/i0.wp.com\/noticiasribeiraopreto.com.br\/wp-content\/uploads\/2025\/01\/Imagem-do-WhatsApp-de-2025-01-27-as-18.05.46_992e34a1_2025-01-27_21-19-54_jpg_2025-01-27_21-19-54.webp.webp?fit=800%2C450&ssl=1&resize=525%2C300 1.5x, https:\/\/i0.wp.com\/noticiasribeiraopreto.com.br\/wp-content\/uploads\/2025\/01\/Imagem-do-WhatsApp-de-2025-01-27-as-18.05.46_992e34a1_2025-01-27_21-19-54_jpg_2025-01-27_21-19-54.webp.webp?fit=800%2C450&ssl=1&resize=700%2C400 2x"},"classes":[]},{"id":62892,"url":"https:\/\/noticiasribeiraopreto.com.br\/index.php\/2025\/01\/27\/joao-rock-anuncia-pre-venda-de-ingressos-com-lote-promocional-saiba-como-comprar\/","url_meta":{"origin":12070,"position":4},"title":"Jo\u00e3o Rock anuncia pr\u00e9-venda de ingressos com lote promocional; saiba como comprar","author":"noticiasribeiraopreto.com.br","date":"27 de January de 2025","format":false,"excerpt":"A 22\u00aa edi\u00e7\u00e3o do Jo\u00e3o Rock acontece no dia 14 de junho, em Ribeir\u00e3o Preto, e os f\u00e3s do festival j\u00e1 podem garantir seus ingressos durante o per\u00edodo de pr\u00e9-venda, que come\u00e7a nesta ter\u00e7a-feira (28), a partir das 12h. O lote promocional vai at\u00e9 o dia 3 de fevereiro, \u00e0s\u2026","rel":"","context":"In &quot;Not\u00edcias de Ribeir\u00e3o Preto-SP e Regi\u00e3o&quot;","block_context":{"text":"Not\u00edcias de Ribeir\u00e3o Preto-SP e Regi\u00e3o","link":"https:\/\/noticiasribeiraopreto.com.br\/index.php\/category\/noticias-de-ribeirao-preto-sp-e-regiao-ismael-colosi\/"},"img":{"alt_text":"","src":"https:\/\/i0.wp.com\/noticiasribeiraopreto.com.br\/wp-content\/uploads\/2025\/01\/Imagem-do-WhatsApp-de-2025-01-27-as-18.05.46_992e34a1_2025-01-27_21-19-54_jpg_2025-01-27_21-19-54.webp.webp?fit=800%2C450&ssl=1&resize=350%2C200","width":350,"height":200,"srcset":"https:\/\/i0.wp.com\/noticiasribeiraopreto.com.br\/wp-content\/uploads\/2025\/01\/Imagem-do-WhatsApp-de-2025-01-27-as-18.05.46_992e34a1_2025-01-27_21-19-54_jpg_2025-01-27_21-19-54.webp.webp?fit=800%2C450&ssl=1&resize=350%2C200 1x, https:\/\/i0.wp.com\/noticiasribeiraopreto.com.br\/wp-content\/uploads\/2025\/01\/Imagem-do-WhatsApp-de-2025-01-27-as-18.05.46_992e34a1_2025-01-27_21-19-54_jpg_2025-01-27_21-19-54.webp.webp?fit=800%2C450&ssl=1&resize=525%2C300 1.5x, https:\/\/i0.wp.com\/noticiasribeiraopreto.com.br\/wp-content\/uploads\/2025\/01\/Imagem-do-WhatsApp-de-2025-01-27-as-18.05.46_992e34a1_2025-01-27_21-19-54_jpg_2025-01-27_21-19-54.webp.webp?fit=800%2C450&ssl=1&resize=700%2C400 2x"},"classes":[]},{"id":35958,"url":"https:\/\/noticiasribeiraopreto.com.br\/index.php\/2024\/02\/08\/confira-4-opcoes-de-cartao-de-credito-sem-anuidade-para-negativados\/","url_meta":{"origin":12070,"position":5},"title":"Confira 4 op\u00e7\u00f5es de cart\u00e3o de cr\u00e9dito sem anuidade para negativados","author":"noticiasribeiraopreto.com.br","date":"8 de February de 2024","format":false,"excerpt":"Quando um cidad\u00e3o come\u00e7a a acumular d\u00edvidas e n\u00e3o consegue pag\u00e1-las, ele enfrenta uma s\u00e9rie de dificuldades na vida financeira. Isso acontece porque bancos e empresas n\u00e3o confiam que a pessoa conseguir\u00e1 pagar pelos servi\u00e7os e produtos adquiridos em dia. Essa situa\u00e7\u00e3o tamb\u00e9m interfere nos cart\u00f5es de cr\u00e9dito, e para\u2026","rel":"","context":"In &quot;Dinheiro e Investimento&quot;","block_context":{"text":"Dinheiro e Investimento","link":"https:\/\/noticiasribeiraopreto.com.br\/index.php\/category\/dinheiro-e-investimento-como-fazer-como-ganhar\/"},"img":{"alt_text":"","src":"https:\/\/i0.wp.com\/noticiasribeiraopreto.com.br\/wp-content\/uploads\/2024\/02\/Design-sem-nome-55.webp.jpeg?fit=1200%2C630&ssl=1&resize=350%2C200","width":350,"height":200,"srcset":"https:\/\/i0.wp.com\/noticiasribeiraopreto.com.br\/wp-content\/uploads\/2024\/02\/Design-sem-nome-55.webp.jpeg?fit=1200%2C630&ssl=1&resize=350%2C200 1x, https:\/\/i0.wp.com\/noticiasribeiraopreto.com.br\/wp-content\/uploads\/2024\/02\/Design-sem-nome-55.webp.jpeg?fit=1200%2C630&ssl=1&resize=525%2C300 1.5x, https:\/\/i0.wp.com\/noticiasribeiraopreto.com.br\/wp-content\/uploads\/2024\/02\/Design-sem-nome-55.webp.jpeg?fit=1200%2C630&ssl=1&resize=700%2C400 2x, https:\/\/i0.wp.com\/noticiasribeiraopreto.com.br\/wp-content\/uploads\/2024\/02\/Design-sem-nome-55.webp.jpeg?fit=1200%2C630&ssl=1&resize=1050%2C600 3x"},"classes":[]}],"jetpack_sharing_enabled":true,"jetpack_shortlink":"https:\/\/wp.me\/peQAOb-38G","_links":{"self":[{"href":"https:\/\/noticiasribeiraopreto.com.br\/index.php\/wp-json\/wp\/v2\/posts\/12070","targetHints":{"allow":["GET"]}}],"collection":[{"href":"https:\/\/noticiasribeiraopreto.com.br\/index.php\/wp-json\/wp\/v2\/posts"}],"about":[{"href":"https:\/\/noticiasribeiraopreto.com.br\/index.php\/wp-json\/wp\/v2\/types\/post"}],"author":[{"embeddable":true,"href":"https:\/\/noticiasribeiraopreto.com.br\/index.php\/wp-json\/wp\/v2\/users\/1"}],"replies":[{"embeddable":true,"href":"https:\/\/noticiasribeiraopreto.com.br\/index.php\/wp-json\/wp\/v2\/comments?post=12070"}],"version-history":[{"count":0,"href":"https:\/\/noticiasribeiraopreto.com.br\/index.php\/wp-json\/wp\/v2\/posts\/12070\/revisions"}],"wp:featuredmedia":[{"embeddable":true,"href":"https:\/\/noticiasribeiraopreto.com.br\/index.php\/wp-json\/wp\/v2\/media\/12071"}],"wp:attachment":[{"href":"https:\/\/noticiasribeiraopreto.com.br\/index.php\/wp-json\/wp\/v2\/media?parent=12070"}],"wp:term":[{"taxonomy":"category","embeddable":true,"href":"https:\/\/noticiasribeiraopreto.com.br\/index.php\/wp-json\/wp\/v2\/categories?post=12070"},{"taxonomy":"post_tag","embeddable":true,"href":"https:\/\/noticiasribeiraopreto.com.br\/index.php\/wp-json\/wp\/v2\/tags?post=12070"}],"curies":[{"name":"wp","href":"https:\/\/api.w.org\/{rel}","templated":true}]}}