{"id":1208,"date":"2023-11-10T20:05:53","date_gmt":"2023-11-10T23:05:53","guid":{"rendered":"https:\/\/noticiasribeiraopreto.com.br\/index.php\/2023\/11\/10\/saerp-alerta-para-uso-consciente-de-agua-em-ribeirao-preto-durante-onda-de-calor\/"},"modified":"2023-11-10T20:05:53","modified_gmt":"2023-11-10T23:05:53","slug":"saerp-alerta-para-uso-consciente-de-agua-em-ribeirao-preto-durante-onda-de-calor","status":"publish","type":"post","link":"https:\/\/noticiasribeiraopreto.com.br\/index.php\/2023\/11\/10\/saerp-alerta-para-uso-consciente-de-agua-em-ribeirao-preto-durante-onda-de-calor\/","title":{"rendered":"Saerp alerta para uso consciente de \u00e1gua em Ribeir\u00e3o Preto durante onda de calor"},"content":{"rendered":"<div class='code-block code-block-1' style='margin: 8px 0 8px auto; text-align: right; display: block; clear: both;'>\n<p><a href=\"https:\/\/wa.link\/vpicfd\"><img data-recalc-dims=\"1\" class=\"wp-image-4922\" style=\"aspect-ratio: 2.0253164556962027; width: 561px; height: auto;\" src=\"https:\/\/i0.wp.com\/ismaelcolosi.com.br\/wp-content\/uploads\/2023\/11\/grupo-de-empregos-whatsapp-e-facebook-ismael-colosi-vagas.jpg?ssl=1\" alt=\"\" \/><\/a><\/p>\n<!-- \/wp:image -->\n<\/div>\n<p> <br \/>\n<\/p>\n<div data-td-block-uid=\"tdi_104\">\n<div class=\"tdb-block-inner td-fix-index\">\n<p>Devido \u00e0 previs\u00e3o de<strong> altas temperaturas nos pr\u00f3ximos dias<\/strong>, o <strong>Saerp <\/strong>(Servi\u00e7o de \u00c1gua e Esgoto em Ribeir\u00e3o Preto) emitiu um alerta, nesta sexta-feira (10), para o <strong>uso consciente de \u00e1gua<\/strong> no munic\u00edpio durante a <strong>onda de calor<\/strong>.<\/p>\n<p>De acordo com o \u00f3rg\u00e3o, o consumo de \u00e1gua <strong>se intensifica nesse per\u00edodo<\/strong> e pode causar intermit\u00eancias nos pontos mais elevados dos bairros.<\/p>\n<p>\u201cNeste ano, desde o per\u00edodo de estiagem em setembro, Ribeir\u00e3o Preto tem passado por picos de ondas de calor e com essas condi\u00e7\u00f5es clim\u00e1ticas, h\u00e1 um aumento significativo no consumo de \u00e1gua. Orientamos a popula\u00e7\u00e3o a ter um consumo consciente, pois quando h\u00e1 um uso intensivo da \u00e1gua, h\u00e1 uma diminui\u00e7\u00e3o da press\u00e3o nas redes\u201d, disse em nota, o secret\u00e1rio da Saerp, Antonio Carlos de Oliveira JR.<\/p>\n<h4 class=\"wp-block-heading\"><strong>Veja as recomenda\u00e7\u00f5es:<\/strong><\/h4>\n<ul>\n<li>Fechar a torneira ao escovar os dentes, fazer a barba e lavar lou\u00e7as e objetos. Uma torneira aberta pode gastar at\u00e9 12 litros de \u00e1gua por minuto;<\/li>\n<\/ul>\n<ul>\n<li>Utilizar baldes para realizar limpezas de garagens, autom\u00f3veis e im\u00f3veis;<\/li>\n<\/ul>\n<ul>\n<li>Utilizar \u00e1gua da m\u00e1quina de lavar roupa para realizar limpezas em geral;<\/li>\n<\/ul>\n<ul>\n<li>Utilizar a m\u00e1quina de lavar roupa sempre cheia. Um ciclo desse equipamento consome, em m\u00e9dia, 144 litros de \u00e1gua;<\/li>\n<\/ul>\n<ul>\n<li>Evitar o uso de mangueira e adotar a utiliza\u00e7\u00e3o de vassouras para limpezas e de regadores para molhar plantas;<\/li>\n<\/ul>\n<ul>\n<li>Reduzir o tempo no banho. Em apenas 5 minutos, se ensaboando com o chuveiro desligado, \u00e9 poss\u00edvel ter uma higiene completa.<\/li>\n<\/ul>\n<p>Outras dicas e orienta\u00e7\u00f5es do uso racional da \u00e1gua e o cuidado com o sistema de saneamento b\u00e1sico est\u00e3o dispon\u00edveis na nova cartilha do uso consciente de \u00e1gua, que pode ser acessada clicando aqui.<\/p>\n<h4 class=\"wp-block-heading\"><strong><mark style=\"background-color:#fcb900\" class=\"has-inline-color\">FIQUE ON<\/mark><\/strong><\/h4>\n<p>Fique ligado em tudo que acontece em Ribeir\u00e3o Preto e regi\u00e3o. Siga os perfis do\u00a0<strong>acidade on\u00a0<\/strong>no\u00a0<a href=\"https:\/\/www.instagram.com\/acidadeonribeirao\" target=\"_blank\" rel=\"noreferrer noopener\">Instagram<\/a>\u00a0e no\u00a0<a href=\"https:\/\/www.facebook.com\/acidadeonribeirao\" target=\"_blank\" rel=\"noreferrer noopener\">Facebook<\/a>.<\/p>\n<p>Receba not\u00edcias do\u00a0<strong>acidade on<\/strong>\u00a0no WhatsApp.\u00a0<a href=\"https:\/\/chat.whatsapp.com\/Bnv2w66ZT4VDyZW3oiZ69n\" target=\"_blank\" rel=\"noreferrer noopener\">Para entrar no grupo, basta clicar aqui.<\/a><\/p>\n<p>Fa\u00e7a uma den\u00fancia ou sugira uma reportagem sobre a Ribeir\u00e3o Preto e regi\u00e3o pelo WhatsApp: (16) 99117 7802.<\/p>\n<p>VEJA TAMB\u00c9M<\/p>\n<p><a href=\"https:\/\/www.acidadeon.com\/ribeiraopreto\/lazer-e-cultura\/onda-de-calor-veja-5-opcoes-de-lazer-para-se-refrescar-em-ribeirao-e-regiao\/\" target=\"_blank\" rel=\"noreferrer noopener\">Onda de calor: Veja 5 op\u00e7\u00f5es de lazer para se refrescar em Ribeir\u00e3o e regi\u00e3o<\/a><\/p>\n<p><!-- AI CONTENT END 1 -->\n<\/div>\n<\/div>\n<p><script async src=\"\/\/www.instagram.com\/embed.js\"><\/script><br \/>\n<br \/><br \/>\n<br \/><a href=\"https:\/\/www.acidadeon.com\/ribeiraopreto\/cotidiano\/saerp-alerta-para-uso-consciente-de-agua-em-ribeirao-preto-durante-onda-de-calor\/\">Source link <\/a><\/p>\n<!-- CONTENT END 1 -->\n","protected":false},"excerpt":{"rendered":"<p>Devido \u00e0 previs\u00e3o de altas temperaturas nos pr\u00f3ximos dias, o Saerp (Servi\u00e7o de \u00c1gua e Esgoto em Ribeir\u00e3o Preto) emitiu um alerta, nesta sexta-feira (10),&#8230;<\/p>\n","protected":false},"author":1,"featured_media":1209,"comment_status":"open","ping_status":"open","sticky":false,"template":"","format":"standard","meta":{"advanced_seo_description":"","jetpack_seo_html_title":"","jetpack_seo_noindex":false,"jetpack_post_was_ever_published":false,"_jetpack_newsletter_access":"","_jetpack_dont_email_post_to_subs":false,"_jetpack_newsletter_tier_id":0,"_jetpack_memberships_contains_paywalled_content":false,"_jetpack_memberships_contains_paid_content":false,"footnotes":"","jetpack_publicize_message":"","jetpack_publicize_feature_enabled":true,"jetpack_social_post_already_shared":false,"jetpack_social_options":{"image_generator_settings":{"template":"highway","default_image_id":0,"font":"","enabled":false},"version":2}},"categories":[11],"tags":[],"class_list":["post-1208","post","type-post","status-publish","format-standard","has-post-thumbnail","hentry","category-noticias-de-ribeirao-preto-sp-e-regiao-ismael-colosi"],"jetpack_publicize_connections":[],"jetpack_featured_media_url":"https:\/\/i0.wp.com\/noticiasribeiraopreto.com.br\/wp-content\/uploads\/2023\/11\/alerta_saerp_1-1024x683.png?fit=1024%2C683&ssl=1","jetpack-related-posts":[{"id":57400,"url":"https:\/\/noticiasribeiraopreto.com.br\/index.php\/2024\/08\/30\/saerp-alerta-para-uso-consciente-da-agua-em-ribeirao-preto-durante-onda-de-calor\/","url_meta":{"origin":1208,"position":0},"title":"Saerp alerta para uso consciente da \u00e1gua em Ribeir\u00e3o Preto durante onda de calor","author":"noticiasribeiraopreto.com.br","date":"30 de August de 2024","format":false,"excerpt":"Devido \u00e0 previs\u00e3o de altas temperaturas nos pr\u00f3ximos dias, a Secretaria de \u00c1gua e Esgoto de Ribeir\u00e3o Preto (Saerp) emitiu um alerta, nesta sexta-feira (30), para o uso consciente de \u00e1gua no munic\u00edpio durante a nova onda de calor. Conforme o \u00f3rg\u00e3o, o comunicado busca auxiliar a popula\u00e7\u00e3o a evitar\u2026","rel":"","context":"In &quot;Not\u00edcias de Ribeir\u00e3o Preto-SP e Regi\u00e3o&quot;","block_context":{"text":"Not\u00edcias de Ribeir\u00e3o Preto-SP e Regi\u00e3o","link":"https:\/\/noticiasribeiraopreto.com.br\/index.php\/category\/noticias-de-ribeirao-preto-sp-e-regiao-ismael-colosi\/"},"img":{"alt_text":"","src":"https:\/\/i0.wp.com\/noticiasribeiraopreto.com.br\/wp-content\/uploads\/2024\/07\/torneira-agua_2024-07-22_12-45-42_jpg_2024-07-22_12-45-42.webp.webp?fit=1170%2C700&ssl=1&resize=350%2C200","width":350,"height":200,"srcset":"https:\/\/i0.wp.com\/noticiasribeiraopreto.com.br\/wp-content\/uploads\/2024\/07\/torneira-agua_2024-07-22_12-45-42_jpg_2024-07-22_12-45-42.webp.webp?fit=1170%2C700&ssl=1&resize=350%2C200 1x, https:\/\/i0.wp.com\/noticiasribeiraopreto.com.br\/wp-content\/uploads\/2024\/07\/torneira-agua_2024-07-22_12-45-42_jpg_2024-07-22_12-45-42.webp.webp?fit=1170%2C700&ssl=1&resize=525%2C300 1.5x, https:\/\/i0.wp.com\/noticiasribeiraopreto.com.br\/wp-content\/uploads\/2024\/07\/torneira-agua_2024-07-22_12-45-42_jpg_2024-07-22_12-45-42.webp.webp?fit=1170%2C700&ssl=1&resize=700%2C400 2x, https:\/\/i0.wp.com\/noticiasribeiraopreto.com.br\/wp-content\/uploads\/2024\/07\/torneira-agua_2024-07-22_12-45-42_jpg_2024-07-22_12-45-42.webp.webp?fit=1170%2C700&ssl=1&resize=1050%2C600 3x"},"classes":[]},{"id":42621,"url":"https:\/\/noticiasribeiraopreto.com.br\/index.php\/2024\/03\/15\/onda-de-calor-saerp-emite-alerta-para-uso-consciente-da-agua-em-ribeirao-preto\/","url_meta":{"origin":1208,"position":1},"title":"Onda de calor: Saerp emite alerta para uso consciente da \u00e1gua em Ribeir\u00e3o Preto","author":"noticiasribeiraopreto.com.br","date":"15 de March de 2024","format":false,"excerpt":"As temperaturas em Ribeir\u00e3o Preto devem continuar altas pelos pr\u00f3ximos dias, atingindo o seu \u00e1pice neste s\u00e1bado (16), devido \u00e0 onda de calor que atinge o Estado de S\u00e3o Paulo. Com a previs\u00e3o, a Saerp (Secretaria de \u00c1gua e Esgoto de Ribeir\u00e3o Preto), emitiu um alerta, nesta sexta-feira (15), sobre\u2026","rel":"","context":"In &quot;Not\u00edcias de Ribeir\u00e3o Preto-SP e Regi\u00e3o&quot;","block_context":{"text":"Not\u00edcias de Ribeir\u00e3o Preto-SP e Regi\u00e3o","link":"https:\/\/noticiasribeiraopreto.com.br\/index.php\/category\/noticias-de-ribeirao-preto-sp-e-regiao-ismael-colosi\/"},"img":{"alt_text":"","src":"https:\/\/i0.wp.com\/noticiasribeiraopreto.com.br\/wp-content\/uploads\/2024\/03\/agua_ribeirao_1024x576_11092020201540.jpg?fit=1024%2C576&ssl=1&resize=350%2C200","width":350,"height":200,"srcset":"https:\/\/i0.wp.com\/noticiasribeiraopreto.com.br\/wp-content\/uploads\/2024\/03\/agua_ribeirao_1024x576_11092020201540.jpg?fit=1024%2C576&ssl=1&resize=350%2C200 1x, https:\/\/i0.wp.com\/noticiasribeiraopreto.com.br\/wp-content\/uploads\/2024\/03\/agua_ribeirao_1024x576_11092020201540.jpg?fit=1024%2C576&ssl=1&resize=525%2C300 1.5x, https:\/\/i0.wp.com\/noticiasribeiraopreto.com.br\/wp-content\/uploads\/2024\/03\/agua_ribeirao_1024x576_11092020201540.jpg?fit=1024%2C576&ssl=1&resize=700%2C400 2x"},"classes":[]},{"id":42739,"url":"https:\/\/noticiasribeiraopreto.com.br\/index.php\/2024\/03\/16\/saerp-alerta-sobre-consumo-de-agua-2\/","url_meta":{"origin":1208,"position":2},"title":"Saerp alerta sobre consumo de \u00e1gua","author":"noticiasribeiraopreto.com.br","date":"16 de March de 2024","format":false,"excerpt":"A previs\u00e3o do tempo para os pr\u00f3ximos continua sendo de clima seco, sol forte durante o dia e muito calor, com os term\u00f4metros marcando entre 35\u00baC e 36 graus Celsius. Com a baixa umidade relativa do ar \u2013 entre 26% e 31% \u2013 e temperaturas mais elevadas, h\u00e1 um consumo\u2026","rel":"","context":"In &quot;Not\u00edcias de Ribeir\u00e3o Preto-SP e Regi\u00e3o&quot;","block_context":{"text":"Not\u00edcias de Ribeir\u00e3o Preto-SP e Regi\u00e3o","link":"https:\/\/noticiasribeiraopreto.com.br\/index.php\/category\/noticias-de-ribeirao-preto-sp-e-regiao-ismael-colosi\/"},"img":{"alt_text":"","src":"https:\/\/i0.wp.com\/noticiasribeiraopreto.com.br\/wp-content\/uploads\/2024\/03\/Saerp-Divulgacao.png?fit=968%2C645&ssl=1&resize=350%2C200","width":350,"height":200,"srcset":"https:\/\/i0.wp.com\/noticiasribeiraopreto.com.br\/wp-content\/uploads\/2024\/03\/Saerp-Divulgacao.png?fit=968%2C645&ssl=1&resize=350%2C200 1x, https:\/\/i0.wp.com\/noticiasribeiraopreto.com.br\/wp-content\/uploads\/2024\/03\/Saerp-Divulgacao.png?fit=968%2C645&ssl=1&resize=525%2C300 1.5x, https:\/\/i0.wp.com\/noticiasribeiraopreto.com.br\/wp-content\/uploads\/2024\/03\/Saerp-Divulgacao.png?fit=968%2C645&ssl=1&resize=700%2C400 2x"},"classes":[]},{"id":81295,"url":"https:\/\/noticiasribeiraopreto.com.br\/index.php\/2025\/12\/31\/consumo-de-agua-em-ribeirao-aumentou-cerca-de-30-nos-ultimos-dias\/","url_meta":{"origin":1208,"position":3},"title":"Consumo de \u00e1gua em Ribeir\u00e3o aumentou cerca de 30% nos \u00faltimos dias","author":"noticiasribeiraopreto.com.br","date":"31 de December de 2025","format":false,"excerpt":"Plano preventivo refor\u00e7a o monitoramento dos po\u00e7os e coloca equipes de plant\u00e3o 24 horas; consumo de \u00e1gua em Ribeir\u00e3o Preto aumentou cerca de 30% Para enfrentar o forte calor e o aumento no consumo de \u00e1gua com as festas de fim de ano, a Saerp (Secretaria de \u00c1gua e Esgoto\u2026","rel":"","context":"In &quot;Not\u00edcias de Ribeir\u00e3o Preto-SP e Regi\u00e3o&quot;","block_context":{"text":"Not\u00edcias de Ribeir\u00e3o Preto-SP e Regi\u00e3o","link":"https:\/\/noticiasribeiraopreto.com.br\/index.php\/category\/noticias-de-ribeirao-preto-sp-e-regiao-ismael-colosi\/"},"img":{"alt_text":"","src":"https:\/\/i0.wp.com\/noticiasribeiraopreto.com.br\/wp-content\/uploads\/2025\/12\/IMG-20251231-WA0001-scaled.jpg?fit=1200%2C675&ssl=1&resize=350%2C200","width":350,"height":200,"srcset":"https:\/\/i0.wp.com\/noticiasribeiraopreto.com.br\/wp-content\/uploads\/2025\/12\/IMG-20251231-WA0001-scaled.jpg?fit=1200%2C675&ssl=1&resize=350%2C200 1x, https:\/\/i0.wp.com\/noticiasribeiraopreto.com.br\/wp-content\/uploads\/2025\/12\/IMG-20251231-WA0001-scaled.jpg?fit=1200%2C675&ssl=1&resize=525%2C300 1.5x, https:\/\/i0.wp.com\/noticiasribeiraopreto.com.br\/wp-content\/uploads\/2025\/12\/IMG-20251231-WA0001-scaled.jpg?fit=1200%2C675&ssl=1&resize=700%2C400 2x, https:\/\/i0.wp.com\/noticiasribeiraopreto.com.br\/wp-content\/uploads\/2025\/12\/IMG-20251231-WA0001-scaled.jpg?fit=1200%2C675&ssl=1&resize=1050%2C600 3x"},"classes":[]},{"id":58794,"url":"https:\/\/noticiasribeiraopreto.com.br\/index.php\/2024\/10\/06\/em-semana-com-previsao-de-42c-saerp-pede-uso-consciente-de-agua-em-ribeirao\/","url_meta":{"origin":1208,"position":4},"title":"Em semana com previs\u00e3o de 42\u00b0C, Saerp pede uso consciente de \u00e1gua em Ribeir\u00e3o","author":"noticiasribeiraopreto.com.br","date":"6 de October de 2024","format":false,"excerpt":"Ribeir\u00e3o Preto deve registrar temperaturas de at\u00e9 42\u00baC durante a semana, de acordo com o Climatempo. Com isso, a Saerp (Secretaria de \u00c1gua e Esgoto de Ribeir\u00e3o Preto) emitiu um comunicado refor\u00e7ando a necessidade de economizar \u00e1gua no per\u00edodo de altas temperaturas. A secretaria refor\u00e7ou que todos os sistemas de\u2026","rel":"","context":"In &quot;Not\u00edcias de Ribeir\u00e3o Preto-SP e Regi\u00e3o&quot;","block_context":{"text":"Not\u00edcias de Ribeir\u00e3o Preto-SP e Regi\u00e3o","link":"https:\/\/noticiasribeiraopreto.com.br\/index.php\/category\/noticias-de-ribeirao-preto-sp-e-regiao-ismael-colosi\/"},"img":{"alt_text":"","src":"https:\/\/i0.wp.com\/noticiasribeiraopreto.com.br\/wp-content\/uploads\/2024\/10\/istockphoto-501515701-612x612-1_2024-10-06_20-08-02_jpg_2024-10-06_20-08-02.webp.webp?fit=612%2C408&ssl=1&resize=350%2C200","width":350,"height":200,"srcset":"https:\/\/i0.wp.com\/noticiasribeiraopreto.com.br\/wp-content\/uploads\/2024\/10\/istockphoto-501515701-612x612-1_2024-10-06_20-08-02_jpg_2024-10-06_20-08-02.webp.webp?fit=612%2C408&ssl=1&resize=350%2C200 1x, https:\/\/i0.wp.com\/noticiasribeiraopreto.com.br\/wp-content\/uploads\/2024\/10\/istockphoto-501515701-612x612-1_2024-10-06_20-08-02_jpg_2024-10-06_20-08-02.webp.webp?fit=612%2C408&ssl=1&resize=525%2C300 1.5x"},"classes":[]},{"id":81311,"url":"https:\/\/noticiasribeiraopreto.com.br\/index.php\/2026\/01\/01\/ribeirao-preto-tem-forca-tarefa-para-evitar-falta-dagua-durante-festas-de-fim-de-ano\/","url_meta":{"origin":1208,"position":5},"title":"Ribeir\u00e3o Preto tem for\u00e7a-tarefa para evitar falta d\u2019\u00e1gua durante festas de fim de ano","author":"noticiasribeiraopreto.com.br","date":"1 de January de 2026","format":false,"excerpt":"Para enfrentar o aumento do consumo de \u00e1gua nas festas de fim de ano e o calor intenso, a Saerp (Secretaria de \u00c1gua e Esgoto de Ribeir\u00e3o Preto) montou um plano operacional especial. O objetivo \u00e9 evitar interrup\u00e7\u00f5es no abastecimento e garantir reparos r\u00e1pidos em caso de problemas no sistema.\u2026","rel":"","context":"In &quot;Not\u00edcias de Ribeir\u00e3o Preto-SP e Regi\u00e3o&quot;","block_context":{"text":"Not\u00edcias de Ribeir\u00e3o Preto-SP e Regi\u00e3o","link":"https:\/\/noticiasribeiraopreto.com.br\/index.php\/category\/noticias-de-ribeirao-preto-sp-e-regiao-ismael-colosi\/"},"img":{"alt_text":"","src":"https:\/\/i0.wp.com\/noticiasribeiraopreto.com.br\/wp-content\/uploads\/2026\/01\/Imagem-do-WhatsApp-de-2025-12-31-as-09.37.52_db67b77f_2025-12-31_14-12-03.webp.webp?fit=1200%2C675&ssl=1&resize=350%2C200","width":350,"height":200,"srcset":"https:\/\/i0.wp.com\/noticiasribeiraopreto.com.br\/wp-content\/uploads\/2026\/01\/Imagem-do-WhatsApp-de-2025-12-31-as-09.37.52_db67b77f_2025-12-31_14-12-03.webp.webp?fit=1200%2C675&ssl=1&resize=350%2C200 1x, https:\/\/i0.wp.com\/noticiasribeiraopreto.com.br\/wp-content\/uploads\/2026\/01\/Imagem-do-WhatsApp-de-2025-12-31-as-09.37.52_db67b77f_2025-12-31_14-12-03.webp.webp?fit=1200%2C675&ssl=1&resize=525%2C300 1.5x, https:\/\/i0.wp.com\/noticiasribeiraopreto.com.br\/wp-content\/uploads\/2026\/01\/Imagem-do-WhatsApp-de-2025-12-31-as-09.37.52_db67b77f_2025-12-31_14-12-03.webp.webp?fit=1200%2C675&ssl=1&resize=700%2C400 2x, https:\/\/i0.wp.com\/noticiasribeiraopreto.com.br\/wp-content\/uploads\/2026\/01\/Imagem-do-WhatsApp-de-2025-12-31-as-09.37.52_db67b77f_2025-12-31_14-12-03.webp.webp?fit=1200%2C675&ssl=1&resize=1050%2C600 3x"},"classes":[]}],"jetpack_sharing_enabled":true,"jetpack_shortlink":"https:\/\/wp.me\/peQAOb-ju","_links":{"self":[{"href":"https:\/\/noticiasribeiraopreto.com.br\/index.php\/wp-json\/wp\/v2\/posts\/1208","targetHints":{"allow":["GET"]}}],"collection":[{"href":"https:\/\/noticiasribeiraopreto.com.br\/index.php\/wp-json\/wp\/v2\/posts"}],"about":[{"href":"https:\/\/noticiasribeiraopreto.com.br\/index.php\/wp-json\/wp\/v2\/types\/post"}],"author":[{"embeddable":true,"href":"https:\/\/noticiasribeiraopreto.com.br\/index.php\/wp-json\/wp\/v2\/users\/1"}],"replies":[{"embeddable":true,"href":"https:\/\/noticiasribeiraopreto.com.br\/index.php\/wp-json\/wp\/v2\/comments?post=1208"}],"version-history":[{"count":0,"href":"https:\/\/noticiasribeiraopreto.com.br\/index.php\/wp-json\/wp\/v2\/posts\/1208\/revisions"}],"wp:featuredmedia":[{"embeddable":true,"href":"https:\/\/noticiasribeiraopreto.com.br\/index.php\/wp-json\/wp\/v2\/media\/1209"}],"wp:attachment":[{"href":"https:\/\/noticiasribeiraopreto.com.br\/index.php\/wp-json\/wp\/v2\/media?parent=1208"}],"wp:term":[{"taxonomy":"category","embeddable":true,"href":"https:\/\/noticiasribeiraopreto.com.br\/index.php\/wp-json\/wp\/v2\/categories?post=1208"},{"taxonomy":"post_tag","embeddable":true,"href":"https:\/\/noticiasribeiraopreto.com.br\/index.php\/wp-json\/wp\/v2\/tags?post=1208"}],"curies":[{"name":"wp","href":"https:\/\/api.w.org\/{rel}","templated":true}]}}