{"id":12134,"date":"2023-12-07T13:55:33","date_gmt":"2023-12-07T16:55:33","guid":{"rendered":"https:\/\/noticiasribeiraopreto.com.br\/index.php\/2023\/12\/07\/8-paises-mais-dificeis-para-brasileiros-entrarem-meu-valor-digital\/"},"modified":"2023-12-07T13:55:33","modified_gmt":"2023-12-07T16:55:33","slug":"8-paises-mais-dificeis-para-brasileiros-entrarem-meu-valor-digital","status":"publish","type":"post","link":"https:\/\/noticiasribeiraopreto.com.br\/index.php\/2023\/12\/07\/8-paises-mais-dificeis-para-brasileiros-entrarem-meu-valor-digital\/","title":{"rendered":"8 pa\u00edses mais dif\u00edceis para brasileiros entrarem &#8211; Meu Valor Digital"},"content":{"rendered":"<div class='code-block code-block-1' style='margin: 8px 0 8px auto; text-align: right; display: block; clear: both;'>\n<p><a href=\"https:\/\/wa.link\/vpicfd\"><img data-recalc-dims=\"1\" class=\"wp-image-4922\" style=\"aspect-ratio: 2.0253164556962027; width: 561px; height: auto;\" src=\"https:\/\/i0.wp.com\/ismaelcolosi.com.br\/wp-content\/uploads\/2023\/11\/grupo-de-empregos-whatsapp-e-facebook-ismael-colosi-vagas.jpg?ssl=1\" alt=\"\" \/><\/a><\/p>\n<!-- \/wp:image -->\n<\/div>\n<p> <br \/>\n<\/p>\n<div>\n<p>Ao longo dos anos, os conflitos geopol\u00edticos e as mudan\u00e7as nas din\u00e2micas mundiais moldaram fronteiras nacionais, transformando algumas delas em verdadeiras fortalezas de dif\u00edcil acesso. Os processos burocr\u00e1ticos complexos, restri\u00e7\u00f5es rigorosas e desafios infraestruturais t\u00eam contribu\u00eddo para criar obst\u00e1culos significativos al\u00e9m dos habituais passaporte e visto.<\/p>\n<p>Neste guia, mergulharemos nas intricadas nuances que tornam alguns pa\u00edses destinos tur\u00edsticos t\u00e3o desafiadores, revelando as complexidades que os viajantes intr\u00e9pidos enfrentam ao planejar suas jornadas. Descubra conosco os territ\u00f3rios que exigem mais do que apenas a paix\u00e3o por explorar. Acompanhe e desbrave conosco as fronteiras menos acess\u00edveis do nosso planeta.<\/p>\n<h2 class=\"wp-block-heading\" id=\"h-1-eritreia\"><strong>1. Eritreia<\/strong><\/h2>\n<p>Localizada no Chifre da \u00c1frica, a Eritreia se destaca como um dos destinos mais desafiadores do mundo. Com sua independ\u00eancia conquistada em 1991 ap\u00f3s uma longa guerra com a Eti\u00f3pia, o pa\u00eds exige visto para todos os turistas, com uma taxa obrigat\u00f3ria de US$ 70. Al\u00e9m disso, a locomo\u00e7\u00e3o interna requer agendamento pr\u00e9vio e permiss\u00f5es governamentais.<\/p>\n<h2 class=\"wp-block-heading\" id=\"h-2-ira\"><strong>2. Ir\u00e3<\/strong><\/h2>\n<p>Apesar de sua rica hist\u00f3ria e contribui\u00e7\u00f5es para o mundo, o Ir\u00e3 enfrenta desafios no turismo devido a san\u00e7\u00f5es internacionais. Viajantes dos Estados Unidos e pa\u00edses aliados evitam o Ir\u00e3, enquanto as san\u00e7\u00f5es afetam at\u00e9 mesmo os turistas dom\u00e9sticos, diminuindo a receita e as oportunidades de viagem para os iranianos.<\/p>\n<h2 class=\"wp-block-heading\" id=\"h-3-turcomenistao\"><strong>3. Turcomenist\u00e3o<\/strong><\/h2>\n<p>Envolto em mist\u00e9rio, o Turcomenist\u00e3o faz fronteira com ex-estados sovi\u00e9ticos e \u00e9 um desafio para os turistas. A entrada \u00e9 permitida apenas com convite do governo ou de uma empresa de turismo. Turistas j\u00e1 na regi\u00e3o recebem vistos de cinco dias, mas s\u00e3o proibidos de usar redes sociais sem acompanhamento de guias tur\u00edsticos.<\/p>\n<p>Leia tamb\u00e9m | <a href=\"https:\/\/meuvalordigital.com.br\/9-paises-onde-e-possivel-entrar-apresentando-somente-o-rg\/\">9 pa\u00edses onde \u00e9 poss\u00edvel entrar apresentando somente o RG<\/a><\/p>\n<h2 class=\"wp-block-heading\" id=\"h-4-arabia-saudita\"><strong>4. Ar\u00e1bia Saudita<\/strong><\/h2>\n<p>Al\u00e9m de suas riquezas, a Ar\u00e1bia Saudita enfrenta cr\u00edticas por pr\u00e1ticas opressivas e abusos aos direitos humanos. A ind\u00fastria do turismo \u00e9 afetada por not\u00edcias negativas, prejudicando at\u00e9 mesmo os cidad\u00e3os locais. A pobreza contrasta com a riqueza da fam\u00edlia real, tornando o pa\u00eds um destino pol\u00eamico.<\/p>\n<h2 class=\"wp-block-heading\" id=\"h-5-butao\"><strong>5. But\u00e3o<\/strong><\/h2>\n<p>At\u00e9 1974, But\u00e3o proibia a entrada de turistas. Atualmente, a taxa de US$ 250 por dia durante a estadia, que cobre alojamento, transporte, alimenta\u00e7\u00e3o e guia, reflete a pol\u00edtica de turismo exclusivo. Visitantes convidados pelo governo est\u00e3o isentos dessa taxa.<\/p>\n<h2 class=\"wp-block-heading\" id=\"h-6-estados-unidos\"><strong>6. Estados Unidos<\/strong><\/h2>\n<p>Mesmo como uma pot\u00eancia global, os Estados Unidos mant\u00eam a exig\u00eancia de visto para brasileiros. O processo inclui preenchimento de formul\u00e1rio, como o DS160, seguido por uma entrevista para validar as informa\u00e7\u00f5es, situa\u00e7\u00e3o que frequentemente vemos brasileiros tendo o pedido de visto negado.<\/p>\n<h2 class=\"wp-block-heading\" id=\"h-7-somalia\"><strong>7. Som\u00e1lia<\/strong><\/h2>\n<p>A Som\u00e1lia enfrenta complica\u00e7\u00f5es internas, refletindo-se na falta de recursos e viol\u00eancia, tornando o turismo praticamente inexistente. Obter visto \u00e9 um desafio, e viajar sozinho para o pa\u00eds n\u00e3o \u00e9 aconselh\u00e1vel.<\/p>\n<h2 class=\"wp-block-heading\" id=\"h-8-coreia-do-norte\"><strong>8. Coreia do Norte<\/strong><\/h2>\n<p>Entre os pa\u00edses mais isolados, a Coreia do Norte imp\u00f5e restri\u00e7\u00f5es r\u00edgidas, incluindo proibi\u00e7\u00e3o de fotos e acompanhamento obrigat\u00f3rio por um funcion\u00e1rio do governo durante excurs\u00f5es. Viajar sozinho n\u00e3o \u00e9 uma op\u00e7\u00e3o.<\/p>\n<\/div>\n<p><br \/>\n<br \/><a href=\"https:\/\/meuvalordigital.com.br\/8-paises-mais-dificeis-para-brasileiros-entrarem\/\">Source link <\/a><\/p>\n<!-- CONTENT END 1 -->\n","protected":false},"excerpt":{"rendered":"<p>Ao longo dos anos, os conflitos geopol\u00edticos e as mudan\u00e7as nas din\u00e2micas mundiais moldaram fronteiras nacionais, transformando algumas delas em verdadeiras fortalezas de dif\u00edcil acesso&#8230;.<\/p>\n","protected":false},"author":1,"featured_media":12135,"comment_status":"open","ping_status":"open","sticky":false,"template":"","format":"standard","meta":{"advanced_seo_description":"","jetpack_seo_html_title":"","jetpack_seo_noindex":false,"jetpack_post_was_ever_published":false,"_jetpack_newsletter_access":"","_jetpack_dont_email_post_to_subs":false,"_jetpack_newsletter_tier_id":0,"_jetpack_memberships_contains_paywalled_content":false,"_jetpack_memberships_contains_paid_content":false,"footnotes":"","jetpack_publicize_message":"","jetpack_publicize_feature_enabled":true,"jetpack_social_post_already_shared":true,"jetpack_social_options":{"image_generator_settings":{"template":"highway","default_image_id":0,"font":"","enabled":false},"version":2}},"categories":[7],"tags":[],"class_list":["post-12134","post","type-post","status-publish","format-standard","has-post-thumbnail","hentry","category-vagas-de-empregos-em-ribeirao-preto-regiao-brasil"],"jetpack_publicize_connections":[],"jetpack_featured_media_url":"https:\/\/i0.wp.com\/noticiasribeiraopreto.com.br\/wp-content\/uploads\/2023\/12\/brasileiro-de-malas-prontas.jpg?fit=1208%2C805&ssl=1","jetpack-related-posts":[{"id":1295,"url":"https:\/\/noticiasribeiraopreto.com.br\/index.php\/2023\/11\/11\/manifestacao-em-ribeirao-preto-pede-cessar-fogo-em-gaza\/","url_meta":{"origin":12134,"position":0},"title":"Manifesta\u00e7\u00e3o em Ribeir\u00e3o Preto pede cessar-fogo em Gaza","author":"noticiasribeiraopreto.com.br","date":"11 de November de 2023","format":false,"excerpt":"Uma manifesta\u00e7\u00e3o, na manh\u00e3 deste s\u00e1bado (11), no Cal\u00e7ad\u00e3o de Ribeir\u00e3o Preto, pediu cessar-fogo na Faixa de Gaza. O grupo, levando v\u00e1rias bandeiras da Palestina, marchou pelo Centro da cidade (veja o v\u00eddeo logo baixo). Os manifestantes tamb\u00e9m gritam contra Israel por causa dos ataques em Gaza. Segundo o apurado,\u2026","rel":"","context":"In &quot;Not\u00edcias de Ribeir\u00e3o Preto-SP e Regi\u00e3o&quot;","block_context":{"text":"Not\u00edcias de Ribeir\u00e3o Preto-SP e Regi\u00e3o","link":"https:\/\/noticiasribeiraopreto.com.br\/index.php\/category\/noticias-de-ribeirao-preto-sp-e-regiao-ismael-colosi\/"},"img":{"alt_text":"","src":"https:\/\/i0.wp.com\/noticiasribeiraopreto.com.br\/wp-content\/uploads\/2023\/11\/WhatsApp-Image-2023-11-11-at-13.15.37.jpeg?fit=1200%2C693&ssl=1&resize=350%2C200","width":350,"height":200,"srcset":"https:\/\/i0.wp.com\/noticiasribeiraopreto.com.br\/wp-content\/uploads\/2023\/11\/WhatsApp-Image-2023-11-11-at-13.15.37.jpeg?fit=1200%2C693&ssl=1&resize=350%2C200 1x, https:\/\/i0.wp.com\/noticiasribeiraopreto.com.br\/wp-content\/uploads\/2023\/11\/WhatsApp-Image-2023-11-11-at-13.15.37.jpeg?fit=1200%2C693&ssl=1&resize=525%2C300 1.5x, https:\/\/i0.wp.com\/noticiasribeiraopreto.com.br\/wp-content\/uploads\/2023\/11\/WhatsApp-Image-2023-11-11-at-13.15.37.jpeg?fit=1200%2C693&ssl=1&resize=700%2C400 2x, https:\/\/i0.wp.com\/noticiasribeiraopreto.com.br\/wp-content\/uploads\/2023\/11\/WhatsApp-Image-2023-11-11-at-13.15.37.jpeg?fit=1200%2C693&ssl=1&resize=1050%2C600 3x"},"classes":[]},{"id":1101,"url":"https:\/\/noticiasribeiraopreto.com.br\/index.php\/2023\/11\/10\/fronteira-de-gaza-com-egito-e-fechada-e-brasileiros-ficam-retidos\/","url_meta":{"origin":12134,"position":1},"title":"Fronteira de Gaza com Egito \u00e9 fechada e brasileiros ficam retidos","author":"noticiasribeiraopreto.com.br","date":"10 de November de 2023","format":false,"excerpt":"10 de novembro de 2023 | 12:0510 de novembro de 2023 | 11:58 0O ministro das Rela\u00e7\u00f5es Exteriores, Mauro Vieira, confirmou nesta sexta-feira (10) o fechamento da fronteira entre a Faixa de Gaza e o Egito \u2013 antes que o grupo\u00a0de 34 brasileiros pudesse\u00a0deixar o local.Ap\u00f3s mais de um m\u00eas\u2026","rel":"","context":"In &quot;Not\u00edcias de Ribeir\u00e3o Preto-SP e Regi\u00e3o&quot;","block_context":{"text":"Not\u00edcias de Ribeir\u00e3o Preto-SP e Regi\u00e3o","link":"https:\/\/noticiasribeiraopreto.com.br\/index.php\/category\/noticias-de-ribeirao-preto-sp-e-regiao-ismael-colosi\/"},"img":{"alt_text":"","src":"https:\/\/i0.wp.com\/noticiasribeiraopreto.com.br\/wp-content\/uploads\/2023\/11\/brasileirogaza1-scaled.jpg?fit=1000%2C598&ssl=1&resize=350%2C200","width":350,"height":200,"srcset":"https:\/\/i0.wp.com\/noticiasribeiraopreto.com.br\/wp-content\/uploads\/2023\/11\/brasileirogaza1-scaled.jpg?fit=1000%2C598&ssl=1&resize=350%2C200 1x, https:\/\/i0.wp.com\/noticiasribeiraopreto.com.br\/wp-content\/uploads\/2023\/11\/brasileirogaza1-scaled.jpg?fit=1000%2C598&ssl=1&resize=525%2C300 1.5x, https:\/\/i0.wp.com\/noticiasribeiraopreto.com.br\/wp-content\/uploads\/2023\/11\/brasileirogaza1-scaled.jpg?fit=1000%2C598&ssl=1&resize=700%2C400 2x"},"classes":[]},{"id":16262,"url":"https:\/\/noticiasribeiraopreto.com.br\/index.php\/2023\/12\/15\/venezuela-e-guiana-se-comprometem-a-nao-usar-forca\/","url_meta":{"origin":12134,"position":2},"title":"Venezuela e Guiana se comprometem a n\u00e3o usar for\u00e7a","author":"noticiasribeiraopreto.com.br","date":"15 de December de 2023","format":false,"excerpt":"Os presidentes da Venezuela, Nicol\u00e1s Maduro, e da Guiana, Irfaan Ali (foto), assinaram uma declara\u00e7\u00e3o conjunta em que os dois pa\u00edses se comprometem a n\u00e3o usar a for\u00e7a um contra o outro \u2013 direta ou indiretamente \u2013 em nenhuma circunst\u00e2ncia. O documento deixa claro que nem a controv\u00e9rsia sobre a\u2026","rel":"","context":"In &quot;Not\u00edcias de Ribeir\u00e3o Preto-SP e Regi\u00e3o&quot;","block_context":{"text":"Not\u00edcias de Ribeir\u00e3o Preto-SP e Regi\u00e3o","link":"https:\/\/noticiasribeiraopreto.com.br\/index.php\/category\/noticias-de-ribeirao-preto-sp-e-regiao-ismael-colosi\/"},"img":{"alt_text":"","src":"https:\/\/i0.wp.com\/noticiasribeiraopreto.com.br\/wp-content\/uploads\/2023\/12\/maduro-scaled.jpg?fit=1000%2C598&ssl=1&resize=350%2C200","width":350,"height":200,"srcset":"https:\/\/i0.wp.com\/noticiasribeiraopreto.com.br\/wp-content\/uploads\/2023\/12\/maduro-scaled.jpg?fit=1000%2C598&ssl=1&resize=350%2C200 1x, https:\/\/i0.wp.com\/noticiasribeiraopreto.com.br\/wp-content\/uploads\/2023\/12\/maduro-scaled.jpg?fit=1000%2C598&ssl=1&resize=525%2C300 1.5x, https:\/\/i0.wp.com\/noticiasribeiraopreto.com.br\/wp-content\/uploads\/2023\/12\/maduro-scaled.jpg?fit=1000%2C598&ssl=1&resize=700%2C400 2x"},"classes":[]},{"id":1071,"url":"https:\/\/noticiasribeiraopreto.com.br\/index.php\/2023\/11\/10\/brasileiros-em-gaza-estao-na-fronteira-com-egito-aguardando-passagem\/","url_meta":{"origin":12134,"position":3},"title":"Brasileiros em Gaza est\u00e3o na fronteira com Egito aguardando passagem","author":"noticiasribeiraopreto.com.br","date":"10 de November de 2023","format":false,"excerpt":"10 de novembro de 2023 | 10:56 0O grupo dos brasileiros que est\u00e3o na Faixa de Gaza aguarda, desde o in\u00edcio da manh\u00e3 desta sexta-feira (10), a possibilidade de atravessar a fronteira de Rafah, com o Egito. A autoriza\u00e7\u00e3o para deixar o territ\u00f3rio palestino saiu ap\u00f3s 34 dias do in\u00edcio\u2026","rel":"","context":"In &quot;Not\u00edcias de Ribeir\u00e3o Preto-SP e Regi\u00e3o&quot;","block_context":{"text":"Not\u00edcias de Ribeir\u00e3o Preto-SP e Regi\u00e3o","link":"https:\/\/noticiasribeiraopreto.com.br\/index.php\/category\/noticias-de-ribeirao-preto-sp-e-regiao-ismael-colosi\/"},"img":{"alt_text":"","src":"https:\/\/i0.wp.com\/noticiasribeiraopreto.com.br\/wp-content\/uploads\/2023\/11\/gaza-1-scaled.jpg?fit=1000%2C598&ssl=1&resize=350%2C200","width":350,"height":200,"srcset":"https:\/\/i0.wp.com\/noticiasribeiraopreto.com.br\/wp-content\/uploads\/2023\/11\/gaza-1-scaled.jpg?fit=1000%2C598&ssl=1&resize=350%2C200 1x, https:\/\/i0.wp.com\/noticiasribeiraopreto.com.br\/wp-content\/uploads\/2023\/11\/gaza-1-scaled.jpg?fit=1000%2C598&ssl=1&resize=525%2C300 1.5x, https:\/\/i0.wp.com\/noticiasribeiraopreto.com.br\/wp-content\/uploads\/2023\/11\/gaza-1-scaled.jpg?fit=1000%2C598&ssl=1&resize=700%2C400 2x"},"classes":[]},{"id":34921,"url":"https:\/\/noticiasribeiraopreto.com.br\/index.php\/2024\/02\/04\/ameaca-de-guerra-na-fronteira-por-que-o-exercito-enviou-misseis-e-blindados-para-reforcar-a-divisas-do-brasil-com-venezuela-em-roraima\/","url_meta":{"origin":12134,"position":4},"title":"Amea\u00e7a de guerra na fronteira: Por que o ex\u00e9rcito enviou m\u00edsseis e blindados para refor\u00e7ar a divisas do Brasil com Venezuela em Roraima?","author":"noticiasribeiraopreto.com.br","date":"4 de February de 2024","format":false,"excerpt":"O Ex\u00e9rcito Brasileiro enviou 50 viaturas para Roraima, das quais 28 tratam-se de ve\u00edculos blindados, em um movimento para refor\u00e7ar a fronteira do Brasil com a Venezuela e a Guiana. Os equipamentos foram recebidos na \u00faltima ter\u00e7a-feira (30) pelo General Tom\u00e1s Miguel Min\u00e9 Ribeiro Paiva, no Centro de Embarca\u00e7\u00f5es do\u2026","rel":"","context":"In &quot;Dinheiro e Investimento&quot;","block_context":{"text":"Dinheiro e Investimento","link":"https:\/\/noticiasribeiraopreto.com.br\/index.php\/category\/dinheiro-e-investimento-como-fazer-como-ganhar\/"},"img":{"alt_text":"","src":"https:\/\/i0.wp.com\/noticiasribeiraopreto.com.br\/wp-content\/uploads\/2024\/02\/Artes-SD-Mille1-715x402.jpg?fit=715%2C402&ssl=1&resize=350%2C200","width":350,"height":200,"srcset":"https:\/\/i0.wp.com\/noticiasribeiraopreto.com.br\/wp-content\/uploads\/2024\/02\/Artes-SD-Mille1-715x402.jpg?fit=715%2C402&ssl=1&resize=350%2C200 1x, https:\/\/i0.wp.com\/noticiasribeiraopreto.com.br\/wp-content\/uploads\/2024\/02\/Artes-SD-Mille1-715x402.jpg?fit=715%2C402&ssl=1&resize=525%2C300 1.5x, https:\/\/i0.wp.com\/noticiasribeiraopreto.com.br\/wp-content\/uploads\/2024\/02\/Artes-SD-Mille1-715x402.jpg?fit=715%2C402&ssl=1&resize=700%2C400 2x"},"classes":[]},{"id":9649,"url":"https:\/\/noticiasribeiraopreto.com.br\/index.php\/2023\/12\/02\/venezuela-quer-75-do-territorio-da-guiana\/","url_meta":{"origin":12134,"position":5},"title":"Venezuela quer 75% do territ\u00f3rio da Guiana\u00a0","author":"noticiasribeiraopreto.com.br","date":"2 de December de 2023","format":false,"excerpt":"O Minist\u00e9rio da Defesa intensificou a presen\u00e7a militar em Roraima \u00e0s v\u00e9speras do referendo da Venezuela, que busca anexar a regi\u00e3o do Essequibo, equivalente a 75% do territ\u00f3rio da Guiana A disputa secular se intensificou nos \u00faltimos anos e chega ao ponto mais alto com a vota\u00e7\u00e3o, marcada para o\u2026","rel":"","context":"In &quot;Not\u00edcias de Ribeir\u00e3o Preto-SP e Regi\u00e3o&quot;","block_context":{"text":"Not\u00edcias de Ribeir\u00e3o Preto-SP e Regi\u00e3o","link":"https:\/\/noticiasribeiraopreto.com.br\/index.php\/category\/noticias-de-ribeirao-preto-sp-e-regiao-ismael-colosi\/"},"img":{"alt_text":"","src":"https:\/\/i0.wp.com\/noticiasribeiraopreto.com.br\/wp-content\/uploads\/2023\/12\/Guiana-scaled.jpg?fit=1000%2C609&ssl=1&resize=350%2C200","width":350,"height":200,"srcset":"https:\/\/i0.wp.com\/noticiasribeiraopreto.com.br\/wp-content\/uploads\/2023\/12\/Guiana-scaled.jpg?fit=1000%2C609&ssl=1&resize=350%2C200 1x, https:\/\/i0.wp.com\/noticiasribeiraopreto.com.br\/wp-content\/uploads\/2023\/12\/Guiana-scaled.jpg?fit=1000%2C609&ssl=1&resize=525%2C300 1.5x, https:\/\/i0.wp.com\/noticiasribeiraopreto.com.br\/wp-content\/uploads\/2023\/12\/Guiana-scaled.jpg?fit=1000%2C609&ssl=1&resize=700%2C400 2x"},"classes":[]}],"jetpack_sharing_enabled":true,"jetpack_shortlink":"https:\/\/wp.me\/peQAOb-39I","_links":{"self":[{"href":"https:\/\/noticiasribeiraopreto.com.br\/index.php\/wp-json\/wp\/v2\/posts\/12134","targetHints":{"allow":["GET"]}}],"collection":[{"href":"https:\/\/noticiasribeiraopreto.com.br\/index.php\/wp-json\/wp\/v2\/posts"}],"about":[{"href":"https:\/\/noticiasribeiraopreto.com.br\/index.php\/wp-json\/wp\/v2\/types\/post"}],"author":[{"embeddable":true,"href":"https:\/\/noticiasribeiraopreto.com.br\/index.php\/wp-json\/wp\/v2\/users\/1"}],"replies":[{"embeddable":true,"href":"https:\/\/noticiasribeiraopreto.com.br\/index.php\/wp-json\/wp\/v2\/comments?post=12134"}],"version-history":[{"count":0,"href":"https:\/\/noticiasribeiraopreto.com.br\/index.php\/wp-json\/wp\/v2\/posts\/12134\/revisions"}],"wp:featuredmedia":[{"embeddable":true,"href":"https:\/\/noticiasribeiraopreto.com.br\/index.php\/wp-json\/wp\/v2\/media\/12135"}],"wp:attachment":[{"href":"https:\/\/noticiasribeiraopreto.com.br\/index.php\/wp-json\/wp\/v2\/media?parent=12134"}],"wp:term":[{"taxonomy":"category","embeddable":true,"href":"https:\/\/noticiasribeiraopreto.com.br\/index.php\/wp-json\/wp\/v2\/categories?post=12134"},{"taxonomy":"post_tag","embeddable":true,"href":"https:\/\/noticiasribeiraopreto.com.br\/index.php\/wp-json\/wp\/v2\/tags?post=12134"}],"curies":[{"name":"wp","href":"https:\/\/api.w.org\/{rel}","templated":true}]}}