{"id":12142,"date":"2023-12-07T14:11:43","date_gmt":"2023-12-07T17:11:43","guid":{"rendered":"https:\/\/noticiasribeiraopreto.com.br\/index.php\/2023\/12\/07\/varejo-oferece-100-vagas-de-emprego\/"},"modified":"2023-12-07T14:11:43","modified_gmt":"2023-12-07T17:11:43","slug":"varejo-oferece-100-vagas-de-emprego","status":"publish","type":"post","link":"https:\/\/noticiasribeiraopreto.com.br\/index.php\/2023\/12\/07\/varejo-oferece-100-vagas-de-emprego\/","title":{"rendered":"Varejo oferece 100\u00a0vagas de emprego\u00a0"},"content":{"rendered":"<div class='code-block code-block-1' style='margin: 8px 0 8px auto; text-align: right; display: block; clear: both;'>\n<p><a href=\"https:\/\/wa.link\/vpicfd\"><img data-recalc-dims=\"1\" class=\"wp-image-4922\" style=\"aspect-ratio: 2.0253164556962027; width: 561px; height: auto;\" src=\"https:\/\/i0.wp.com\/ismaelcolosi.com.br\/wp-content\/uploads\/2023\/11\/grupo-de-empregos-whatsapp-e-facebook-ismael-colosi-vagas.jpg?ssl=1\" alt=\"\" \/><\/a><\/p>\n<!-- \/wp:image -->\n<\/div>\n<p> <br \/>\n<\/p>\n<div id=\"post-366536\">\n<header class=\"entry-header penci-entry-header penci-title-center\">\n<div class=\"penci-entry-categories\"><span class=\"penci-cat-links\">Destaque Empregos e Est\u00e1gios<\/span><\/div>\n<p> <span class=\"entry-meta-item penci-posted-on\"><i class=\"fa fa-clock-o\"\/><time class=\"entry-date published\" datetime=\"2023-12-07T14:00:16-03:00\">7 de dezembro de 2023 | 14:00<\/time><time class=\"updated\" datetime=\"2023-12-07T11:32:43-03:00\">7 de dezembro de 2023 | 11:32<\/time><\/span><\/p>\n<p> <span class=\"penci-social-buttons penci-social-share-footer\"><a href=\"#\" class=\"penci-post-like penci_post-meta_item  single-like-button penci-social-item like\" data-post_id=\"366536\" title=\"Like\" data-like=\"Like\" data-unlike=\"Unlike\"><i class=\"fa fa-thumbs-o-up\"\/><span class=\"penci-share-number\">0<\/span><\/a><i class=\"fa fa-facebook\"\/><a class=\"penci-social-item twitter\" target=\"_blank\" rel=\"noopener\" title=\"\" href=\"https:\/\/twitter.com\/intent\/tweet?text=Varejo%20oferece%20100\u00a0vagas%20de%20emprego\u00a0%20-%20https:\/\/www.tribunaribeirao.com.br\/site\/varejo-oferece-100-vagas-de-emprego\/\"><i class=\"fa fa-twitter\"\/><\/a><i class=\"fa fa-whatsapp\"\/><\/span><\/header>\n<div class=\"penci-entry-content entry-content\">\n<p><span class=\"TextRun SCXW36378831 BCX0\" lang=\"PT-BR\" xml:lang=\"PT-BR\" data-contrast=\"none\"><span class=\"NormalTextRun SCXW36378831 BCX0\">Quem est\u00e1 \u00e0 procura de emprego ou tem o sonho de construir uma carreira no Grupo <\/span><span class=\"NormalTextRun SCXW36378831 BCX0\">Savegnago<\/span><span class=\"NormalTextRun SCXW36378831 BCX0\"> n\u00e3o pode perder essa oportunidade. Na pr\u00f3xima ter\u00e7a-feira, 12<\/span><span class=\"NormalTextRun SCXW36378831 BCX0\"> de dezembro<\/span><span class=\"NormalTextRun SCXW36378831 BCX0\">, a Rede Forte do Interior <\/span><span class=\"NormalTextRun SCXW36378831 BCX0\">vai promover <\/span><span class=\"NormalTextRun SCXW36378831 BCX0\">um Feir\u00e3o de Empregos em Ribeir\u00e3o Preto para preencher mais de 100 vagas. <\/span><\/span><span class=\"LineBreakBlob BlobObject DragDrop SCXW36378831 BCX0\"><span class=\"SCXW36378831 BCX0\">\u00a0<\/span><br class=\"SCXW36378831 BCX0\"\/><\/span><span class=\"LineBreakBlob BlobObject DragDrop SCXW36378831 BCX0\"><span class=\"SCXW36378831 BCX0\">\u00a0<\/span><br class=\"SCXW36378831 BCX0\"\/><\/span><span class=\"TextRun SCXW36378831 BCX0\" lang=\"PT-BR\" xml:lang=\"PT-BR\" data-contrast=\"none\"><span class=\"NormalTextRun SCXW36378831 BCX0\">As oportunidades s\u00e3o para as lojas da cidade.<\/span> <span class=\"NormalTextRun SCXW36378831 BCX0\">Mas, para participar do processo seletivo, os interessados precisam preencher antes um <\/span><span class=\"NormalTextRun SpellingErrorV2Themed SCXW36378831 BCX0\">pr\u00e9<\/span><span class=\"NormalTextRun SCXW36378831 BCX0\">-cadastro por meio do Portal de Carreiras <\/span><span class=\"NormalTextRun SCXW36378831 BCX0\">Savegnago<\/span><span class=\"NormalTextRun SCXW36378831 BCX0\">, no site <\/span><span class=\"NormalTextRun SCXW36378831 BCX0\">https<\/span><span class=\"NormalTextRun SCXW36378831 BCX0\">:\/\/carreiragruposavegnago.jobs.recrut.ai\/<\/span><span class=\"NormalTextRun SCXW36378831 BCX0\">), <\/span><span class=\"NormalTextRun SCXW36378831 BCX0\">at\u00e9 <\/span><span class=\"NormalTextRun SCXW36378831 BCX0\">segunda-feira, dia 11<\/span><span class=\"NormalTextRun SCXW36378831 BCX0\">. <\/span><span class=\"NormalTextRun SCXW36378831 BCX0\">e<\/span><span class=\"NormalTextRun SCXW36378831 BCX0\"> se preparar para a sele\u00e7\u00e3o.<\/span><\/span><span class=\"LineBreakBlob BlobObject DragDrop SCXW36378831 BCX0\"><span class=\"SCXW36378831 BCX0\">\u00a0<\/span><br class=\"SCXW36378831 BCX0\"\/><\/span><span class=\"LineBreakBlob BlobObject DragDrop SCXW36378831 BCX0\"><span class=\"SCXW36378831 BCX0\">\u00a0<\/span><br class=\"SCXW36378831 BCX0\"\/><\/span><span class=\"TextRun SCXW36378831 BCX0\" lang=\"PT-BR\" xml:lang=\"PT-BR\" data-contrast=\"none\"><span class=\"NormalTextRun SCXW36378831 BCX0\">As chances s\u00e3o para diversos setores da loja como atendente de produtos financeiros, auxiliar de dep\u00f3sito, conferente de dep\u00f3sito, operador (a) de caixa, entre outras oportunidades.<\/span><span class=\"NormalTextRun SCXW36378831 BCX0\"> O feir\u00e3o para os <\/span><span class=\"NormalTextRun SCXW36378831 BCX0\">candidatos selecionados ser\u00e1 <\/span><span class=\"NormalTextRun SCXW36378831 BCX0\">das dez <\/span><span class=\"NormalTextRun SCXW36378831 BCX0\">\u00e0s 14<\/span> <span class=\"NormalTextRun SCXW36378831 BCX0\">h<\/span><span class=\"NormalTextRun SCXW36378831 BCX0\">oras<\/span><span class=\"NormalTextRun SCXW36378831 BCX0\">, no Sindicato do Com\u00e9rcio Varejista de Ribeir\u00e3o Preto<\/span><span class=\"NormalTextRun SCXW36378831 BCX0\"> (<\/span><span class=\"NormalTextRun SpellingErrorV2Themed SCXW36378831 BCX0\">Sincovarp<\/span><span class=\"NormalTextRun SCXW36378831 BCX0\">), na <\/span><span class=\"NormalTextRun SCXW36378831 BCX0\">r<\/span><span class=\"NormalTextRun SCXW36378831 BCX0\">ua<\/span><span class=\"NormalTextRun SCXW36378831 BCX0\"> Lafaiete<\/span><span class=\"NormalTextRun SCXW36378831 BCX0\"> n\u00ba <\/span><span class=\"NormalTextRun SCXW36378831 BCX0\">394, Centro.<\/span><\/span><span class=\"LineBreakBlob BlobObject DragDrop SCXW36378831 BCX0\"><span class=\"SCXW36378831 BCX0\">\u00a0<\/span><br class=\"SCXW36378831 BCX0\"\/><\/span><span class=\"LineBreakBlob BlobObject DragDrop SCXW36378831 BCX0\"><span class=\"SCXW36378831 BCX0\">\u00a0<\/span><br class=\"SCXW36378831 BCX0\"\/><\/span><span class=\"TextRun SCXW36378831 BCX0\" lang=\"PT-BR\" xml:lang=\"PT-BR\" data-contrast=\"none\"><span class=\"NormalTextRun SCXW36378831 BCX0\">Fundada em 1976 em Sert\u00e3ozinho, a Rede <\/span><span class=\"NormalTextRun SCXW36378831 BCX0\">Savegnago<\/span><span class=\"NormalTextRun SCXW36378831 BCX0\"> conta atualmente com 61 lojas em funcionamento em 20 munic\u00edpios do interior de S\u00e3o Paulo, quatro postos de combust\u00edvel, dois centros de distribui\u00e7\u00e3o, al\u00e9m de um Centro Comercial, um <\/span><span class=\"NormalTextRun SCXW36378831 BCX0\">Savegnago<\/span><span class=\"NormalTextRun SCXW36378831 BCX0\"> Pr\u00e1tico e um moderno centro administrativo na cidade de Sert\u00e3ozinho, matriz do grupo, que juntos geram mais de 12 mil postos de trabalho.<\/span><\/span><span class=\"LineBreakBlob BlobObject DragDrop SCXW36378831 BCX0\"><span class=\"SCXW36378831 BCX0\">\u00a0<\/span><br class=\"SCXW36378831 BCX0\"\/><\/span><span class=\"LineBreakBlob BlobObject DragDrop SCXW36378831 BCX0\"><span class=\"SCXW36378831 BCX0\">\u00a0<\/span><br class=\"SCXW36378831 BCX0\"\/><\/span><span class=\"TextRun SCXW36378831 BCX0\" lang=\"PT-BR\" xml:lang=\"PT-BR\" data-contrast=\"none\"><span class=\"NormalTextRun SCXW36378831 BCX0\">Em seu projeto de expans\u00e3o para os pr\u00f3ximos anos, entre 2023 e 2026, a expectativa da rede \u00e9 que o faturamento continue em crescimento ao chegar a um total de 65 lojas <\/span><span class=\"NormalTextRun SCXW36378831 BCX0\">Savegnago<\/span><span class=\"NormalTextRun SCXW36378831 BCX0\"> e 14 unidades do Paulist\u00e3o Atacadista em 22 munic\u00edpios do interior de S\u00e3o Paulo, atingindo cerca de 6,7 milh\u00f5es de habitantes.<\/span><\/span><span class=\"LineBreakBlob BlobObject DragDrop SCXW36378831 BCX0\"><span class=\"SCXW36378831 BCX0\">\u00a0<\/span><br class=\"SCXW36378831 BCX0\"\/><\/span><span class=\"LineBreakBlob BlobObject DragDrop SCXW36378831 BCX0\"><span class=\"SCXW36378831 BCX0\">\u00a0<\/span><br class=\"SCXW36378831 BCX0\"\/><\/span><\/p>\n<\/div>\n<footer class=\"penci-entry-footer\"\/><\/div>\n<p><script async src=\"\/\/platform.twitter.com\/widgets.js\" charset=\"utf-8\"><\/script><br \/>\n<br \/><br \/>\n<br \/><a href=\"https:\/\/www.tribunaribeirao.com.br\/site\/varejo-oferece-100-vagas-de-emprego\/\">Source link <\/a><\/p>\n<!-- CONTENT END 1 -->\n","protected":false},"excerpt":{"rendered":"<p>Destaque Empregos e Est\u00e1gios 7 de dezembro de 2023 | 14:007 de dezembro de 2023 | 11:32 0 Quem est\u00e1 \u00e0 procura de emprego ou&#8230;<\/p>\n","protected":false},"author":1,"featured_media":12143,"comment_status":"open","ping_status":"open","sticky":false,"template":"","format":"standard","meta":{"advanced_seo_description":"","jetpack_seo_html_title":"","jetpack_seo_noindex":false,"jetpack_post_was_ever_published":false,"_jetpack_newsletter_access":"","_jetpack_dont_email_post_to_subs":false,"_jetpack_newsletter_tier_id":0,"_jetpack_memberships_contains_paywalled_content":false,"_jetpack_memberships_contains_paid_content":false,"footnotes":"","jetpack_publicize_message":"","jetpack_publicize_feature_enabled":true,"jetpack_social_post_already_shared":true,"jetpack_social_options":{"image_generator_settings":{"template":"highway","default_image_id":0,"font":"","enabled":false},"version":2}},"categories":[11],"tags":[1695,144,548,238],"class_list":["post-12142","post","type-post","status-publish","format-standard","has-post-thumbnail","hentry","category-noticias-de-ribeirao-preto-sp-e-regiao-ismael-colosi","tag-100vagas","tag-emprego","tag-oferece","tag-varejo"],"jetpack_publicize_connections":[],"jetpack_featured_media_url":"https:\/\/i0.wp.com\/noticiasribeiraopreto.com.br\/wp-content\/uploads\/2023\/12\/Savegnago.jpeg?fit=968%2C645&ssl=1","jetpack-related-posts":[{"id":51215,"url":"https:\/\/noticiasribeiraopreto.com.br\/index.php\/2024\/05\/24\/mutirao-do-emprego-oferece-vagas-no-comercio-de-ribeirao-preto-veja-como-participar\/","url_meta":{"origin":12142,"position":0},"title":"Mutir\u00e3o do emprego oferece vagas no com\u00e9rcio de Ribeir\u00e3o Preto; Veja como participar","author":"noticiasribeiraopreto.com.br","date":"24 de May de 2024","format":false,"excerpt":"Ribeir\u00e3o Preto recebe neste s\u00e1bado (25) o 2\u00ba mutir\u00e3o \u201cEmprega Varejo\u201d com centenas de vagas no com\u00e9rcio. O evento \u00e9 gratuito. Como participar Os candidatos devem levar o curr\u00edculo das 8h \u00e0s 14h, na sede do Sincomerciarios (Sindicato dos Empregados no Com\u00e9rcio de Ribeir\u00e3o Preto), na rua Tamandar\u00e9, 163, no\u2026","rel":"","context":"In &quot;Not\u00edcias de Ribeir\u00e3o Preto-SP e Regi\u00e3o&quot;","block_context":{"text":"Not\u00edcias de Ribeir\u00e3o Preto-SP e Regi\u00e3o","link":"https:\/\/noticiasribeiraopreto.com.br\/index.php\/category\/noticias-de-ribeirao-preto-sp-e-regiao-ismael-colosi\/"},"img":{"alt_text":"","src":"https:\/\/i0.wp.com\/noticiasribeiraopreto.com.br\/wp-content\/uploads\/2024\/05\/carteira_de_500x320_23032017152450.jpg?fit=500%2C322&ssl=1&resize=350%2C200","width":350,"height":200},"classes":[]},{"id":73247,"url":"https:\/\/noticiasribeiraopreto.com.br\/index.php\/2025\/06\/27\/ribeirao-lanca-programa-que-vai-oferecer-16-mil-oportunidades-de-emprego-ate-o-fim-do-ano\/","url_meta":{"origin":12142,"position":1},"title":"Ribeir\u00e3o lan\u00e7a programa que vai oferecer 16 mil oportunidades de emprego at\u00e9 o fim do ano","author":"noticiasribeiraopreto.com.br","date":"27 de June de 2025","format":false,"excerpt":"A Prefeitura de Ribeir\u00e3o Preto lan\u00e7ou nesta sexta-feira (27), o programa \u201cEmprega Mais Ribeir\u00e3o\u201d, considerada a maior mobiliza\u00e7\u00e3o por empregabilidade do munic\u00edpio. De acordo com a Administra\u00e7\u00e3o, entre julho e dezembro deste ano, ser\u00e3o realizados 14 mutir\u00f5es de emprego, com expectativa de ofertar aproximadamente 16 mil vagas em diversos setores.\u2026","rel":"","context":"In &quot;Not\u00edcias de Ribeir\u00e3o Preto-SP e Regi\u00e3o&quot;","block_context":{"text":"Not\u00edcias de Ribeir\u00e3o Preto-SP e Regi\u00e3o","link":"https:\/\/noticiasribeiraopreto.com.br\/index.php\/category\/noticias-de-ribeirao-preto-sp-e-regiao-ismael-colosi\/"},"img":{"alt_text":"","src":"https:\/\/i0.wp.com\/noticiasribeiraopreto.com.br\/wp-content\/uploads\/2025\/06\/coletiva_emprega_mais_ribeirao_-_foto_guilherme_sircili_3_2025-06-27_21-08-20.webp.webp?fit=1200%2C800&ssl=1&resize=350%2C200","width":350,"height":200,"srcset":"https:\/\/i0.wp.com\/noticiasribeiraopreto.com.br\/wp-content\/uploads\/2025\/06\/coletiva_emprega_mais_ribeirao_-_foto_guilherme_sircili_3_2025-06-27_21-08-20.webp.webp?fit=1200%2C800&ssl=1&resize=350%2C200 1x, https:\/\/i0.wp.com\/noticiasribeiraopreto.com.br\/wp-content\/uploads\/2025\/06\/coletiva_emprega_mais_ribeirao_-_foto_guilherme_sircili_3_2025-06-27_21-08-20.webp.webp?fit=1200%2C800&ssl=1&resize=525%2C300 1.5x, https:\/\/i0.wp.com\/noticiasribeiraopreto.com.br\/wp-content\/uploads\/2025\/06\/coletiva_emprega_mais_ribeirao_-_foto_guilherme_sircili_3_2025-06-27_21-08-20.webp.webp?fit=1200%2C800&ssl=1&resize=700%2C400 2x, https:\/\/i0.wp.com\/noticiasribeiraopreto.com.br\/wp-content\/uploads\/2025\/06\/coletiva_emprega_mais_ribeirao_-_foto_guilherme_sircili_3_2025-06-27_21-08-20.webp.webp?fit=1200%2C800&ssl=1&resize=1050%2C600 3x"},"classes":[]},{"id":20183,"url":"https:\/\/noticiasribeiraopreto.com.br\/index.php\/2023\/12\/24\/b2w-digital-oferece-empregos-em-tres-estados\/","url_meta":{"origin":12142,"position":2},"title":"B2W Digital OFERECE EMPREGOS em TR\u00caS ESTADOS","author":"noticiasribeiraopreto.com.br","date":"24 de December de 2023","format":false,"excerpt":"A B2W Digital, empresa que atua no varejo online e \u00e9 refer\u00eancia na Am\u00e9rica Latina, est\u00e1 contratando novos profissionais para compor o seu time. Isto \u00e9, antes de falar com mais \u00eanfase sobre, verifique quais s\u00e3o os cargos e suas respectivas localidades: Assistente Administrativo \u2013 Osasco \u2013 SP \u2013 Administra\u00e7\u00e3o\u2026","rel":"","context":"In &quot;Vagas de Emprego em Ribeir\u00e3o Preto-SP&quot;","block_context":{"text":"Vagas de Emprego em Ribeir\u00e3o Preto-SP","link":"https:\/\/noticiasribeiraopreto.com.br\/index.php\/category\/empregos-classificados-vagas-trabalho\/vagas-de-empregos-em-ribeirao-preto-regiao-brasil\/"},"img":{"alt_text":"","src":"https:\/\/i0.wp.com\/noticiasribeiraopreto.com.br\/wp-content\/uploads\/2023\/12\/noticiasconcursos.com_.br-b2w-recruta-profissionais-em-sp-rj-rs-ba-pa-e-mg-b2w-marketplace-1.jpeg?fit=1200%2C675&ssl=1&resize=350%2C200","width":350,"height":200,"srcset":"https:\/\/i0.wp.com\/noticiasribeiraopreto.com.br\/wp-content\/uploads\/2023\/12\/noticiasconcursos.com_.br-b2w-recruta-profissionais-em-sp-rj-rs-ba-pa-e-mg-b2w-marketplace-1.jpeg?fit=1200%2C675&ssl=1&resize=350%2C200 1x, https:\/\/i0.wp.com\/noticiasribeiraopreto.com.br\/wp-content\/uploads\/2023\/12\/noticiasconcursos.com_.br-b2w-recruta-profissionais-em-sp-rj-rs-ba-pa-e-mg-b2w-marketplace-1.jpeg?fit=1200%2C675&ssl=1&resize=525%2C300 1.5x, https:\/\/i0.wp.com\/noticiasribeiraopreto.com.br\/wp-content\/uploads\/2023\/12\/noticiasconcursos.com_.br-b2w-recruta-profissionais-em-sp-rj-rs-ba-pa-e-mg-b2w-marketplace-1.jpeg?fit=1200%2C675&ssl=1&resize=700%2C400 2x, https:\/\/i0.wp.com\/noticiasribeiraopreto.com.br\/wp-content\/uploads\/2023\/12\/noticiasconcursos.com_.br-b2w-recruta-profissionais-em-sp-rj-rs-ba-pa-e-mg-b2w-marketplace-1.jpeg?fit=1200%2C675&ssl=1&resize=1050%2C600 3x"},"classes":[]},{"id":73699,"url":"https:\/\/noticiasribeiraopreto.com.br\/index.php\/2025\/07\/08\/primeiro-de-14-mutiroes-oferece-duas-mil-vagas\/","url_meta":{"origin":12142,"position":3},"title":"Primeiro de 14 mutir\u00f5es oferece duas mil vagas","author":"noticiasribeiraopreto.com.br","date":"8 de July de 2025","format":false,"excerpt":"A prefeitura de Ribeir\u00e3o Preto, por meio da Secretaria de Inova\u00e7\u00e3o e Desenvolvimento Econ\u00f4mico, realizar\u00e1 neste s\u00e1bado, 12 de julho, das nove \u00e0s 14 horas, no Gin\u00e1sio Gavino Virdes (Cava do Bosque), o Mega Mutir\u00e3o Emprega Ribeir\u00e3o. A iniciativa marca o in\u00edcio oficial da programa\u00e7\u00e3o 2025 do Programa Emprega Mais\u2026","rel":"","context":"In &quot;Not\u00edcias de Ribeir\u00e3o Preto-SP e Regi\u00e3o&quot;","block_context":{"text":"Not\u00edcias de Ribeir\u00e3o Preto-SP e Regi\u00e3o","link":"https:\/\/noticiasribeiraopreto.com.br\/index.php\/category\/noticias-de-ribeirao-preto-sp-e-regiao-ismael-colosi\/"},"img":{"alt_text":"","src":"https:\/\/i0.wp.com\/noticiasribeiraopreto.com.br\/wp-content\/uploads\/2025\/07\/carteira-trabalho-scaled-1.jpg?fit=970%2C645&ssl=1&resize=350%2C200","width":350,"height":200,"srcset":"https:\/\/i0.wp.com\/noticiasribeiraopreto.com.br\/wp-content\/uploads\/2025\/07\/carteira-trabalho-scaled-1.jpg?fit=970%2C645&ssl=1&resize=350%2C200 1x, https:\/\/i0.wp.com\/noticiasribeiraopreto.com.br\/wp-content\/uploads\/2025\/07\/carteira-trabalho-scaled-1.jpg?fit=970%2C645&ssl=1&resize=525%2C300 1.5x, https:\/\/i0.wp.com\/noticiasribeiraopreto.com.br\/wp-content\/uploads\/2025\/07\/carteira-trabalho-scaled-1.jpg?fit=970%2C645&ssl=1&resize=700%2C400 2x"},"classes":[]},{"id":59137,"url":"https:\/\/noticiasribeiraopreto.com.br\/index.php\/2024\/10\/15\/mutiroes-oferecem-mais-de-tres-mil-vagas-de-emprego-em-ribeirao-preto\/","url_meta":{"origin":12142,"position":4},"title":"Mutir\u00f5es oferecem mais de tr\u00eas mil vagas de emprego em Ribeir\u00e3o Preto","author":"noticiasribeiraopreto.com.br","date":"15 de October de 2024","format":false,"excerpt":"Ribeir\u00e3o Preto ter\u00e1 quatro mutir\u00f5es de emprego com cerca de 3.500 vagas de trabalho dispon\u00edveis, entre elas oportunidades no setor supermercadista e vagas tempor\u00e1rias para o fim de ano do com\u00e9rcio. A mobiliza\u00e7\u00e3o acontece entre 19 de outubro e 23 de novembro e as empresas que tenham vagas a oferecer\u2026","rel":"","context":"In &quot;Not\u00edcias de Ribeir\u00e3o Preto-SP e Regi\u00e3o&quot;","block_context":{"text":"Not\u00edcias de Ribeir\u00e3o Preto-SP e Regi\u00e3o","link":"https:\/\/noticiasribeiraopreto.com.br\/index.php\/category\/noticias-de-ribeirao-preto-sp-e-regiao-ismael-colosi\/"},"img":{"alt_text":"","src":"https:\/\/i0.wp.com\/noticiasribeiraopreto.com.br\/wp-content\/uploads\/2024\/07\/Copia-de-Copia-de-TAMANHO-EXATO-PARA-FOTOS-NO-SISTEMA-NOVO-14_2024-07-10_11-41-05_jpg_2024-07-10_11-41-06.webp.webp?fit=1200%2C675&ssl=1&resize=350%2C200","width":350,"height":200,"srcset":"https:\/\/i0.wp.com\/noticiasribeiraopreto.com.br\/wp-content\/uploads\/2024\/07\/Copia-de-Copia-de-TAMANHO-EXATO-PARA-FOTOS-NO-SISTEMA-NOVO-14_2024-07-10_11-41-05_jpg_2024-07-10_11-41-06.webp.webp?fit=1200%2C675&ssl=1&resize=350%2C200 1x, https:\/\/i0.wp.com\/noticiasribeiraopreto.com.br\/wp-content\/uploads\/2024\/07\/Copia-de-Copia-de-TAMANHO-EXATO-PARA-FOTOS-NO-SISTEMA-NOVO-14_2024-07-10_11-41-05_jpg_2024-07-10_11-41-06.webp.webp?fit=1200%2C675&ssl=1&resize=525%2C300 1.5x, https:\/\/i0.wp.com\/noticiasribeiraopreto.com.br\/wp-content\/uploads\/2024\/07\/Copia-de-Copia-de-TAMANHO-EXATO-PARA-FOTOS-NO-SISTEMA-NOVO-14_2024-07-10_11-41-05_jpg_2024-07-10_11-41-06.webp.webp?fit=1200%2C675&ssl=1&resize=700%2C400 2x, https:\/\/i0.wp.com\/noticiasribeiraopreto.com.br\/wp-content\/uploads\/2024\/07\/Copia-de-Copia-de-TAMANHO-EXATO-PARA-FOTOS-NO-SISTEMA-NOVO-14_2024-07-10_11-41-05_jpg_2024-07-10_11-41-06.webp.webp?fit=1200%2C675&ssl=1&resize=1050%2C600 3x"},"classes":[]},{"id":17702,"url":"https:\/\/noticiasribeiraopreto.com.br\/index.php\/2023\/12\/18\/raia-drogasil-abre-mais-um-processo-seletivo-135-vagas-de-emprego-2\/","url_meta":{"origin":12142,"position":5},"title":"Raia Drogasil abre mais um processo seletivo 135 vagas de emprego","author":"noticiasribeiraopreto.com.br","date":"18 de December de 2023","format":false,"excerpt":"A Raia Drogasil, um dos maiores grupos de varejo farmac\u00eautico do Brasil, est\u00e1 com 135 vagas de emprego abertas neste fim de ano. S\u00e3o 100 oportunidades para farmac\u00eauticos e 35 para atendentes, distribu\u00eddas por todo o pa\u00eds. N\u00e3o \u00e9 preciso ter experi\u00eancia pr\u00e9via para se candidatar. Para concorrer \u00e0s vagas\u2026","rel":"","context":"In &quot;Vagas de Emprego em Ribeir\u00e3o Preto-SP&quot;","block_context":{"text":"Vagas de Emprego em Ribeir\u00e3o Preto-SP","link":"https:\/\/noticiasribeiraopreto.com.br\/index.php\/category\/empregos-classificados-vagas-trabalho\/vagas-de-empregos-em-ribeirao-preto-regiao-brasil\/"},"img":{"alt_text":"","src":"https:\/\/i0.wp.com\/noticiasribeiraopreto.com.br\/wp-content\/uploads\/2023\/12\/raiadrogasil-raia-drogasil-canva.jpg?fit=1200%2C675&ssl=1&resize=350%2C200","width":350,"height":200,"srcset":"https:\/\/i0.wp.com\/noticiasribeiraopreto.com.br\/wp-content\/uploads\/2023\/12\/raiadrogasil-raia-drogasil-canva.jpg?fit=1200%2C675&ssl=1&resize=350%2C200 1x, https:\/\/i0.wp.com\/noticiasribeiraopreto.com.br\/wp-content\/uploads\/2023\/12\/raiadrogasil-raia-drogasil-canva.jpg?fit=1200%2C675&ssl=1&resize=525%2C300 1.5x, https:\/\/i0.wp.com\/noticiasribeiraopreto.com.br\/wp-content\/uploads\/2023\/12\/raiadrogasil-raia-drogasil-canva.jpg?fit=1200%2C675&ssl=1&resize=700%2C400 2x, https:\/\/i0.wp.com\/noticiasribeiraopreto.com.br\/wp-content\/uploads\/2023\/12\/raiadrogasil-raia-drogasil-canva.jpg?fit=1200%2C675&ssl=1&resize=1050%2C600 3x"},"classes":[]}],"jetpack_sharing_enabled":true,"jetpack_shortlink":"https:\/\/wp.me\/peQAOb-39Q","_links":{"self":[{"href":"https:\/\/noticiasribeiraopreto.com.br\/index.php\/wp-json\/wp\/v2\/posts\/12142","targetHints":{"allow":["GET"]}}],"collection":[{"href":"https:\/\/noticiasribeiraopreto.com.br\/index.php\/wp-json\/wp\/v2\/posts"}],"about":[{"href":"https:\/\/noticiasribeiraopreto.com.br\/index.php\/wp-json\/wp\/v2\/types\/post"}],"author":[{"embeddable":true,"href":"https:\/\/noticiasribeiraopreto.com.br\/index.php\/wp-json\/wp\/v2\/users\/1"}],"replies":[{"embeddable":true,"href":"https:\/\/noticiasribeiraopreto.com.br\/index.php\/wp-json\/wp\/v2\/comments?post=12142"}],"version-history":[{"count":0,"href":"https:\/\/noticiasribeiraopreto.com.br\/index.php\/wp-json\/wp\/v2\/posts\/12142\/revisions"}],"wp:featuredmedia":[{"embeddable":true,"href":"https:\/\/noticiasribeiraopreto.com.br\/index.php\/wp-json\/wp\/v2\/media\/12143"}],"wp:attachment":[{"href":"https:\/\/noticiasribeiraopreto.com.br\/index.php\/wp-json\/wp\/v2\/media?parent=12142"}],"wp:term":[{"taxonomy":"category","embeddable":true,"href":"https:\/\/noticiasribeiraopreto.com.br\/index.php\/wp-json\/wp\/v2\/categories?post=12142"},{"taxonomy":"post_tag","embeddable":true,"href":"https:\/\/noticiasribeiraopreto.com.br\/index.php\/wp-json\/wp\/v2\/tags?post=12142"}],"curies":[{"name":"wp","href":"https:\/\/api.w.org\/{rel}","templated":true}]}}