{"id":12152,"date":"2023-12-07T14:32:59","date_gmt":"2023-12-07T17:32:59","guid":{"rendered":"https:\/\/noticiasribeiraopreto.com.br\/index.php\/2023\/12\/07\/este-jardineiro-pode-virar-bilionario-logo-e-motivo-surpreende-herdeiro-de-imperio-de-luxo-quer-adota-lo\/"},"modified":"2023-12-07T14:32:59","modified_gmt":"2023-12-07T17:32:59","slug":"este-jardineiro-pode-virar-bilionario-logo-e-motivo-surpreende-herdeiro-de-imperio-de-luxo-quer-adota-lo","status":"publish","type":"post","link":"https:\/\/noticiasribeiraopreto.com.br\/index.php\/2023\/12\/07\/este-jardineiro-pode-virar-bilionario-logo-e-motivo-surpreende-herdeiro-de-imperio-de-luxo-quer-adota-lo\/","title":{"rendered":"Este jardineiro pode virar bilion\u00e1rio logo e motivo surpreende: herdeiro de imp\u00e9rio de luxo quer adot\u00e1-lo"},"content":{"rendered":"<div class='code-block code-block-1' style='margin: 8px 0 8px auto; text-align: right; display: block; clear: both;'>\n<p><a href=\"https:\/\/wa.link\/vpicfd\"><img data-recalc-dims=\"1\" class=\"wp-image-4922\" style=\"aspect-ratio: 2.0253164556962027; width: 561px; height: auto;\" src=\"https:\/\/i0.wp.com\/ismaelcolosi.com.br\/wp-content\/uploads\/2023\/11\/grupo-de-empregos-whatsapp-e-facebook-ismael-colosi-vagas.jpg?ssl=1\" alt=\"\" \/><\/a><\/p>\n<!-- \/wp:image -->\n<\/div>\n<p> <br \/>\n<\/p>\n<div id=\"js-first-letter\">\n<p>Um jardineiro de 51 anos est\u00e1 prestes a entrar para o seleto grupo de <strong>bilion\u00e1rios <\/strong>\u2014 e n\u00e3o por um neg\u00f3cio de sucesso ou por alguma inova\u00e7\u00e3o na jardinagem, mas sim por ser adotado por um herdeiro de 80 anos.<\/p>\n<p>Isso poderia facilmente se tratar da trama inveross\u00edmil de um livro de fic\u00e7\u00e3o ou s\u00e9rie da Netflix. Mas o que \u00e9 a fic\u00e7\u00e3o perto da realidade?<\/p>\n<p>O bilion\u00e1rio neto do fundador do imp\u00e9rio de varejo de luxo <strong>Herm\u00e8s<\/strong>, Nicolas Puech, quer adotar formalmente seu \u201cex-jardineiro e faz-tudo\u201d como filho, de acordo com o jornal su\u00ed\u00e7o <em>Tribune de Gen\u00e8ve<\/em>.<\/p>\n<p>Puech \u00e9 herdeiro da quinta gera\u00e7\u00e3o de Thierry Herm\u00e8s, que fundou a grife de luxo h\u00e1 quase dois s\u00e9culos, em 1837.<\/p>\n<p>Vale lembrar que a Herm\u00e8s \u00e9 a terceira maior empresa da Europa e est\u00e1 avaliada em aproximadamente 206,35 euros atualmente, o que equivale a algo pr\u00f3ximo de R$ 1,092 trilh\u00e3o, nas cota\u00e7\u00f5es atuais.<\/p>\n<p>Solteiro e sem filhos, Puech renunciou ao conselho de administra\u00e7\u00e3o da marca em 2014, em meio a <a href=\"https:\/\/www.seudinheiro.com\/2022\/especiaissd\/rota-do-bilhao-bernard-arnault-lvmh-miql\/#:~:text=A%20come%C3%A7ar%20pela%20ca%C3%B3tica%20situa%C3%A7%C3%A3o%20relacionada%20ao%20rival%20da%20LVMH%2C%20o%20Herm%C3%A8s%2C%20iniciada%20em%202010.\" target=\"_blank\" rel=\"noreferrer noopener\">uma confus\u00e3o com a LVMH<\/a>. Entretanto, o bilion\u00e1rio permanece sendo o principal acionista da empresa e \u00e9 dono de 5,7% da empresa.<\/p>\n<p>Desse modo, a fortuna do herdeiro da Herm\u00e8s hoje \u00e9 estimada em aproximadamente US$ 11,2 bilh\u00f5es (R$ 55 bilh\u00f5es) pela revista <em>Forbes<\/em>.<\/p>\n<p>Segundo o jornal su\u00ed\u00e7o, Puech estaria planejando passar cerca de metade de sua heran\u00e7a para o antigo funcion\u00e1rio, o que renderia cerca de <strong>US$ 5,6 bilh\u00f5es <\/strong>(<strong>R$ 27,5 bilh\u00f5es<\/strong>).<\/p>\n<p>A ag\u00eancia italiana <em>Sky TG24 <\/em>informou que o bilion\u00e1rio j\u00e1 teria entregado ao homem de 51 anos as chaves de uma propriedade em Marraquexe, no Marrocos, e de uma mans\u00e3o em Montreux, Su\u00ed\u00e7a. Juntos, os im\u00f3veis somam 5,5 milh\u00f5es de euros (R$ 29,12 milh\u00f5es).<\/p>\n<div class=\"banner banner-inArticle banner-inArticle--mobile\">\n<div class=\"banner-side\">\n<p class=\"borderAD\" style=\"display: none;\">CONTINUA DEPOIS DA PUBLICIDADE<\/p>\n<\/div>\n<\/div>\n<div class=\"banner banner-inArticle banner-inArticle--desktop\">\n<div class=\"banner-side\">\n<p class=\"borderAD\" style=\"display: none;\">CONTINUA DEPOIS DA PUBLICIDADE<\/p>\n<\/div>\n<\/div>\n<figure class=\"wp-block-embed is-type-video is-provider-youtube wp-block-embed-youtube wp-embed-aspect-16-9 wp-has-aspect-ratio\">\n<p>\n<iframe loading=\"lazy\" title=\"&quot;O BOOKING ME DEIXOU NA M\u00c3O&quot;: ALUGUEI UM QUARTO E ELE N\u00c3O EXISTIA! I A DINHEIRISTA\" width=\"500\" height=\"281\" src=\"https:\/\/www.youtube.com\/embed\/_LmQZBkF4mA?feature=oembed\" frameborder=\"0\" allow=\"accelerometer; autoplay; clipboard-write; encrypted-media; gyroscope; picture-in-picture; web-share\" referrerpolicy=\"strict-origin-when-cross-origin\" allowfullscreen><\/iframe>\n<\/p>\n<\/figure>\n<h2 class=\"wp-block-heading\" id=\"h-os-obstaculos-para-os-planos-do-bilionario-nbsp\">Os obst\u00e1culos para os planos do bilion\u00e1rio\u00a0<\/h2>\n<p>Como parte de seu plano de sucess\u00e3o, o Nicolas Puech teria contratado uma equipe jur\u00eddica para acompanh\u00e1-lo no processo de repassar sua riqueza para o ex-jardineiro. A <em>Tribune de Gen\u00e8ve <\/em>n\u00e3o revelou a identidade do funcion\u00e1rio, mas apurou que ele \u00e9 casado e tem dois filhos.<\/p>\n<p>Apesar de seu plano de sucess\u00e3o, Puech enfrenta obst\u00e1culos para conseguir entregar a fortuna ao ex-jardineiro por meio da ado\u00e7\u00e3o.<\/p>\n<p>Isso porque adotar um adulto na Su\u00ed\u00e7a \u2014 onde o bilion\u00e1rio mora atualmente \u2014 \u00e9 um processo complexo.<\/p>\n<p>Segundo as autoridades su\u00ed\u00e7as, algumas das condi\u00e7\u00f5es da ado\u00e7\u00e3o de um adulto (mesmo casado) por pais adotivos que n\u00e3o possuam descendentes na Su\u00ed\u00e7a incluem:<\/p>\n<ul>\n<li>Quando o adulto \u00e9 portador de necessidades especiais, f\u00edsicas ou mentais, que exijam cuidados constantes e os pais adotivos tenham cuidado do indiv\u00edduo, por no m\u00ednimo, um ano;<\/li>\n<li>Quando os pais adotivos educaram e cuidaram do indiv\u00edduo por, no m\u00ednimo, um ano, enquanto ele era menor de idade;<\/li>\n<li>Quando a pessoa que voc\u00ea pretende adotar houver morado com os pais adotivos por, no m\u00ednimo, um ano.<\/li>\n<\/ul>\n<p>N\u00e3o bastasse o desafio legal da ado\u00e7\u00e3o, Puech ainda precisaria voltar atr\u00e1s de um compromisso filantr\u00f3pico para ceder sua fortuna bilion\u00e1ria ao ex-jardineiro.<\/p>\n<p>Segundo o <em>Tribune de Gen\u00e8ve, <\/em>o bilion\u00e1rio j\u00e1 havia prometido deixar sua riqueza \u00e0 funda\u00e7\u00e3o Is\u00f3crates, criada em 2011 pelo pr\u00f3prio herdeiro para combater a desinforma\u00e7\u00e3o, como parte de um plano de sucess\u00e3o do executivo.<\/p>\n<p>O secret\u00e1rio-geral da Is\u00f3crates, Nicolas Borsinger, afirmou ao jornal su\u00ed\u00e7o que, caso Puech realmente consiga deixar a fortuna para o ex-jardineiro, se tratar\u00e1 de uma \u201canula\u00e7\u00e3o repentina e unilateral de um acordo de sucess\u00e3o, feita atrav\u00e9s de um ato que deve ser considerado nulo e sem efeito\u201d.<\/p>\n<p>A funda\u00e7\u00e3o ainda disse \u00e0 <em>AFP <\/em>que foi recentemente informada do desejo do fundador de anular o pacto de sucess\u00e3o, mas n\u00e3o que tinha conhecimento de qualquer possibilidade de acordos alternativos.<\/p>\n<\/div>\n<p><br \/>\n<br \/><a href=\"https:\/\/www.seudinheiro.com\/2023\/internacional\/este-jardineiro-pode-virar-bilionario-logo-e-motivo-surpreende-herdeiro-de-imperio-de-luxo-quer-adota-lo-miql\/\">Source link <\/a><\/p>\n<!-- CONTENT END 1 -->\n","protected":false},"excerpt":{"rendered":"<p>Um jardineiro de 51 anos est\u00e1 prestes a entrar para o seleto grupo de bilion\u00e1rios \u2014 e n\u00e3o por um neg\u00f3cio de sucesso ou por&#8230;<\/p>\n","protected":false},"author":1,"featured_media":12153,"comment_status":"open","ping_status":"open","sticky":false,"template":"","format":"standard","meta":{"advanced_seo_description":"","jetpack_seo_html_title":"","jetpack_seo_noindex":false,"jetpack_post_was_ever_published":false,"_jetpack_newsletter_access":"","_jetpack_dont_email_post_to_subs":false,"_jetpack_newsletter_tier_id":0,"_jetpack_memberships_contains_paywalled_content":false,"_jetpack_memberships_contains_paid_content":false,"footnotes":"","jetpack_publicize_message":"","jetpack_publicize_feature_enabled":true,"jetpack_social_post_already_shared":true,"jetpack_social_options":{"image_generator_settings":{"template":"highway","default_image_id":0,"font":"","enabled":false},"version":2}},"categories":[1235],"tags":[],"class_list":["post-12152","post","type-post","status-publish","format-standard","has-post-thumbnail","hentry","category-dinheiro-e-investimento-como-fazer-como-ganhar"],"jetpack_publicize_connections":[],"jetpack_featured_media_url":"https:\/\/i0.wp.com\/noticiasribeiraopreto.com.br\/wp-content\/uploads\/2023\/12\/O-imperio-bilionario-de-luxo-hermes-715x402.jpg?fit=715%2C402&ssl=1","jetpack-related-posts":[{"id":25273,"url":"https:\/\/noticiasribeiraopreto.com.br\/index.php\/2024\/01\/06\/herdeiro-de-bernard-arnault-dono-da-lvmh-assume-cadeira-de-comando-da-divisao-de-relogio-da-marca\/","url_meta":{"origin":12152,"position":0},"title":"Herdeiro de Bernard Arnault, dono da LVMH, assume cadeira de comando da divis\u00e3o de rel\u00f3gio da marca\u00a0","author":"noticiasribeiraopreto.com.br","date":"6 de January de 2024","format":false,"excerpt":"Um dos cinco filhos de Bernard Arnault, fundador e CEO da marca LVMH, est\u00e1 de cargo novo na companhia da fam\u00edlia. Frederic Arnault, de 29 anos, deve assumir o comando da divis\u00e3o de rel\u00f3gios da LVMH Watches.\u00a0 Em an\u00fancio nesta sexta-feira (5), a empresa de luxo informou que o herdeiro\u2026","rel":"","context":"In &quot;Dinheiro e Investimento&quot;","block_context":{"text":"Dinheiro e Investimento","link":"https:\/\/noticiasribeiraopreto.com.br\/index.php\/category\/dinheiro-e-investimento-como-fazer-como-ganhar\/"},"img":{"alt_text":"","src":"https:\/\/i0.wp.com\/noticiasribeiraopreto.com.br\/wp-content\/uploads\/2024\/01\/Bernard-Arnault-creditos-Shutterstock-Unsplash-montagem-Brenda-Silva-628x353.jpg?fit=628%2C353&ssl=1&resize=350%2C200","width":350,"height":200,"srcset":"https:\/\/i0.wp.com\/noticiasribeiraopreto.com.br\/wp-content\/uploads\/2024\/01\/Bernard-Arnault-creditos-Shutterstock-Unsplash-montagem-Brenda-Silva-628x353.jpg?fit=628%2C353&ssl=1&resize=350%2C200 1x, https:\/\/i0.wp.com\/noticiasribeiraopreto.com.br\/wp-content\/uploads\/2024\/01\/Bernard-Arnault-creditos-Shutterstock-Unsplash-montagem-Brenda-Silva-628x353.jpg?fit=628%2C353&ssl=1&resize=525%2C300 1.5x"},"classes":[]},{"id":34169,"url":"https:\/\/noticiasribeiraopreto.com.br\/index.php\/2024\/02\/01\/ela-construiu-um-imperio-no-mercado-imobiliario-nos-eua\/","url_meta":{"origin":12152,"position":1},"title":"Ela construiu um imp\u00e9rio no mercado imobili\u00e1rio nos EUA","author":"noticiasribeiraopreto.com.br","date":"1 de February de 2024","format":false,"excerpt":"Alicia Cervera se consagrou no mercado imobili\u00e1rio dos EUA, com uma carreira que envolve mais de 120 torres de condom\u00ednios na Fl\u00f3rida No in\u00edcio da d\u00e9cada de 1960, como rec\u00e9m-chegada aos Estados Unidos, a peruana Alicia Cervera se arriscava no ingl\u00eas e levava suas duas filhas toda vez que tinha\u2026","rel":"","context":"In &quot;Blog&quot;","block_context":{"text":"Blog","link":"https:\/\/noticiasribeiraopreto.com.br\/index.php\/category\/blog\/"},"img":{"alt_text":"","src":"https:\/\/i0.wp.com\/noticiasribeiraopreto.com.br\/wp-content\/uploads\/2024\/02\/mulher-alicia-cervera-1-1024x683.jpg?fit=1024%2C683&ssl=1&resize=350%2C200","width":350,"height":200,"srcset":"https:\/\/i0.wp.com\/noticiasribeiraopreto.com.br\/wp-content\/uploads\/2024\/02\/mulher-alicia-cervera-1-1024x683.jpg?fit=1024%2C683&ssl=1&resize=350%2C200 1x, https:\/\/i0.wp.com\/noticiasribeiraopreto.com.br\/wp-content\/uploads\/2024\/02\/mulher-alicia-cervera-1-1024x683.jpg?fit=1024%2C683&ssl=1&resize=525%2C300 1.5x, https:\/\/i0.wp.com\/noticiasribeiraopreto.com.br\/wp-content\/uploads\/2024\/02\/mulher-alicia-cervera-1-1024x683.jpg?fit=1024%2C683&ssl=1&resize=700%2C400 2x"},"classes":[]},{"id":14042,"url":"https:\/\/noticiasribeiraopreto.com.br\/index.php\/2023\/12\/11\/elon-musk-ficou-r-437-bilhoes-mais-rico-em-2023-mas-as-apostas-do-bilionario-podem-colocar-o-imperio-em-risco\/","url_meta":{"origin":12152,"position":2},"title":"Elon Musk ficou R$ 437 bilh\u00f5es mais rico em 2023 \u2014 mas as apostas do bilion\u00e1rio podem colocar o imp\u00e9rio em risco","author":"noticiasribeiraopreto.com.br","date":"11 de December de 2023","format":false,"excerpt":"Elon Musk foi do inferno ao c\u00e9u nos \u00faltimos meses. Se em janeiro o dono da Tesla e do X (antigo Twitter) batia o recorde de \u201cmaior perda de fortuna pessoal da hist\u00f3ria\u201d, o bilion\u00e1rio agora caminha para encerrar o ano como a pessoa que mais ganhou dinheiro em 2023.\u2026","rel":"","context":"In &quot;Dinheiro e Investimento&quot;","block_context":{"text":"Dinheiro e Investimento","link":"https:\/\/noticiasribeiraopreto.com.br\/index.php\/category\/dinheiro-e-investimento-como-fazer-como-ganhar\/"},"img":{"alt_text":"","src":"https:\/\/i0.wp.com\/noticiasribeiraopreto.com.br\/wp-content\/uploads\/2023\/12\/shutterstock_1985005055-628x353.jpg?fit=628%2C353&ssl=1&resize=350%2C200","width":350,"height":200,"srcset":"https:\/\/i0.wp.com\/noticiasribeiraopreto.com.br\/wp-content\/uploads\/2023\/12\/shutterstock_1985005055-628x353.jpg?fit=628%2C353&ssl=1&resize=350%2C200 1x, https:\/\/i0.wp.com\/noticiasribeiraopreto.com.br\/wp-content\/uploads\/2023\/12\/shutterstock_1985005055-628x353.jpg?fit=628%2C353&ssl=1&resize=525%2C300 1.5x"},"classes":[]},{"id":13961,"url":"https:\/\/noticiasribeiraopreto.com.br\/index.php\/2023\/12\/11\/os-clas-dos-bilionarios-donos-do-walmart-nao-sao-mais-a-familia-mais-rica-do-mundo-e-o-petroleo-e-um-dos-culpados\/","url_meta":{"origin":12152,"position":3},"title":"Os cl\u00e3s dos bilion\u00e1rios: Donos do Walmart n\u00e3o s\u00e3o mais a fam\u00edlia mais rica do mundo \u2014 e o petr\u00f3leo \u00e9 um dos \u201cculpados\u201d","author":"noticiasribeiraopreto.com.br","date":"11 de December de 2023","format":false,"excerpt":"A Casa de Nahyan entrou pela primeira vez na lista de fam\u00edlias mais ricas do mundo da Bloomberg. E ela j\u00e1 chegou causando: destronou os donos do Walmart e estreou logo no primeiro lugar dos cl\u00e3s de bilion\u00e1rios. Desde 2018, o topo do ranking era ocupado pela fam\u00edlia dona do\u2026","rel":"","context":"In &quot;Dinheiro e Investimento&quot;","block_context":{"text":"Dinheiro e Investimento","link":"https:\/\/noticiasribeiraopreto.com.br\/index.php\/category\/dinheiro-e-investimento-como-fazer-como-ganhar\/"},"img":{"alt_text":"","src":"https:\/\/i0.wp.com\/noticiasribeiraopreto.com.br\/wp-content\/uploads\/2023\/12\/Novo-Projeto-8-1-715x402.jpg?fit=715%2C402&ssl=1&resize=350%2C200","width":350,"height":200,"srcset":"https:\/\/i0.wp.com\/noticiasribeiraopreto.com.br\/wp-content\/uploads\/2023\/12\/Novo-Projeto-8-1-715x402.jpg?fit=715%2C402&ssl=1&resize=350%2C200 1x, https:\/\/i0.wp.com\/noticiasribeiraopreto.com.br\/wp-content\/uploads\/2023\/12\/Novo-Projeto-8-1-715x402.jpg?fit=715%2C402&ssl=1&resize=525%2C300 1.5x, https:\/\/i0.wp.com\/noticiasribeiraopreto.com.br\/wp-content\/uploads\/2023\/12\/Novo-Projeto-8-1-715x402.jpg?fit=715%2C402&ssl=1&resize=700%2C400 2x"},"classes":[]},{"id":46336,"url":"https:\/\/noticiasribeiraopreto.com.br\/index.php\/2024\/04\/11\/a-melhor-estrategia-de-carreira-para-se-tornar-bilionario\/","url_meta":{"origin":12152,"position":4},"title":"A melhor estrat\u00e9gia de carreira para se tornar bilion\u00e1rio","author":"noticiasribeiraopreto.com.br","date":"11 de April de 2024","format":false,"excerpt":"Forbes USConhe\u00e7a as estrat\u00e9gias que fizeram Bill Gates, Jeff Bezos, Elon Musk (e tantos outros) se tornarem bilion\u00e1rios O que os 2.781 bilion\u00e1rios na lista da Forbes deste ano fizeram para alcan\u00e7ar fortunas estratosf\u00e9ricas? As hist\u00f3rias de Jeff Bezos, Elon Musk e Bill Gates se tornaram lendas modernas e despertam\u2026","rel":"","context":"In &quot;Blog&quot;","block_context":{"text":"Blog","link":"https:\/\/noticiasribeiraopreto.com.br\/index.php\/category\/blog\/"},"img":{"alt_text":"","src":"https:\/\/i0.wp.com\/noticiasribeiraopreto.com.br\/wp-content\/uploads\/2024\/04\/carreira-bilionarios-bill-gates-bezos-musk-1024x683.jpg?fit=1024%2C683&ssl=1&resize=350%2C200","width":350,"height":200,"srcset":"https:\/\/i0.wp.com\/noticiasribeiraopreto.com.br\/wp-content\/uploads\/2024\/04\/carreira-bilionarios-bill-gates-bezos-musk-1024x683.jpg?fit=1024%2C683&ssl=1&resize=350%2C200 1x, https:\/\/i0.wp.com\/noticiasribeiraopreto.com.br\/wp-content\/uploads\/2024\/04\/carreira-bilionarios-bill-gates-bezos-musk-1024x683.jpg?fit=1024%2C683&ssl=1&resize=525%2C300 1.5x, https:\/\/i0.wp.com\/noticiasribeiraopreto.com.br\/wp-content\/uploads\/2024\/04\/carreira-bilionarios-bill-gates-bezos-musk-1024x683.jpg?fit=1024%2C683&ssl=1&resize=700%2C400 2x"},"classes":[]},{"id":54349,"url":"https:\/\/noticiasribeiraopreto.com.br\/index.php\/2024\/07\/09\/formula-dos-bilionarios-como-eles-construiram-fortuna\/","url_meta":{"origin":12152,"position":5},"title":"F\u00f3rmula dos bilion\u00e1rios: como eles constru\u00edram fortuna","author":"noticiasribeiraopreto.com.br","date":"9 de July de 2024","format":false,"excerpt":"O interesse pelos bilion\u00e1rios \u00e9 t\u00e3o cativante quanto complexo. O que eles fizeram para alcan\u00e7ar alturas financeiras t\u00e3o estratosf\u00e9ricas? As hist\u00f3rias de bilion\u00e1rios como Jeff Bezos, Elon Musk e Bill Gates tornaram-se lendas modernas, despertando uma fascina\u00e7\u00e3o sobre como eles emergiram da obscuridade para vastas riquezas. Acessibilidade L L A-\u2026","rel":"","context":"In &quot;Blog&quot;","block_context":{"text":"Blog","link":"https:\/\/noticiasribeiraopreto.com.br\/index.php\/category\/blog\/"},"img":{"alt_text":"","src":"https:\/\/i0.wp.com\/noticiasribeiraopreto.com.br\/wp-content\/uploads\/2024\/07\/carreira-bilionarios-elon-musk-1024x683.jpg?fit=1024%2C683&ssl=1&resize=350%2C200","width":350,"height":200,"srcset":"https:\/\/i0.wp.com\/noticiasribeiraopreto.com.br\/wp-content\/uploads\/2024\/07\/carreira-bilionarios-elon-musk-1024x683.jpg?fit=1024%2C683&ssl=1&resize=350%2C200 1x, https:\/\/i0.wp.com\/noticiasribeiraopreto.com.br\/wp-content\/uploads\/2024\/07\/carreira-bilionarios-elon-musk-1024x683.jpg?fit=1024%2C683&ssl=1&resize=525%2C300 1.5x, https:\/\/i0.wp.com\/noticiasribeiraopreto.com.br\/wp-content\/uploads\/2024\/07\/carreira-bilionarios-elon-musk-1024x683.jpg?fit=1024%2C683&ssl=1&resize=700%2C400 2x"},"classes":[]}],"jetpack_sharing_enabled":true,"jetpack_shortlink":"https:\/\/wp.me\/peQAOb-3a0","_links":{"self":[{"href":"https:\/\/noticiasribeiraopreto.com.br\/index.php\/wp-json\/wp\/v2\/posts\/12152","targetHints":{"allow":["GET"]}}],"collection":[{"href":"https:\/\/noticiasribeiraopreto.com.br\/index.php\/wp-json\/wp\/v2\/posts"}],"about":[{"href":"https:\/\/noticiasribeiraopreto.com.br\/index.php\/wp-json\/wp\/v2\/types\/post"}],"author":[{"embeddable":true,"href":"https:\/\/noticiasribeiraopreto.com.br\/index.php\/wp-json\/wp\/v2\/users\/1"}],"replies":[{"embeddable":true,"href":"https:\/\/noticiasribeiraopreto.com.br\/index.php\/wp-json\/wp\/v2\/comments?post=12152"}],"version-history":[{"count":0,"href":"https:\/\/noticiasribeiraopreto.com.br\/index.php\/wp-json\/wp\/v2\/posts\/12152\/revisions"}],"wp:featuredmedia":[{"embeddable":true,"href":"https:\/\/noticiasribeiraopreto.com.br\/index.php\/wp-json\/wp\/v2\/media\/12153"}],"wp:attachment":[{"href":"https:\/\/noticiasribeiraopreto.com.br\/index.php\/wp-json\/wp\/v2\/media?parent=12152"}],"wp:term":[{"taxonomy":"category","embeddable":true,"href":"https:\/\/noticiasribeiraopreto.com.br\/index.php\/wp-json\/wp\/v2\/categories?post=12152"},{"taxonomy":"post_tag","embeddable":true,"href":"https:\/\/noticiasribeiraopreto.com.br\/index.php\/wp-json\/wp\/v2\/tags?post=12152"}],"curies":[{"name":"wp","href":"https:\/\/api.w.org\/{rel}","templated":true}]}}