{"id":12154,"date":"2023-12-07T14:38:35","date_gmt":"2023-12-07T17:38:35","guid":{"rendered":"https:\/\/noticiasribeiraopreto.com.br\/index.php\/2023\/12\/07\/como-conciliar-vida-pessoal-e-profissional\/"},"modified":"2023-12-07T14:38:35","modified_gmt":"2023-12-07T17:38:35","slug":"como-conciliar-vida-pessoal-e-profissional","status":"publish","type":"post","link":"https:\/\/noticiasribeiraopreto.com.br\/index.php\/2023\/12\/07\/como-conciliar-vida-pessoal-e-profissional\/","title":{"rendered":"Como conciliar vida pessoal e profissional"},"content":{"rendered":"<div class='code-block code-block-1' style='margin: 8px 0 8px auto; text-align: right; display: block; clear: both;'>\n<p><a href=\"https:\/\/wa.link\/vpicfd\"><img data-recalc-dims=\"1\" class=\"wp-image-4922\" style=\"aspect-ratio: 2.0253164556962027; width: 561px; height: auto;\" src=\"https:\/\/i0.wp.com\/ismaelcolosi.com.br\/wp-content\/uploads\/2023\/11\/grupo-de-empregos-whatsapp-e-facebook-ismael-colosi-vagas.jpg?ssl=1\" alt=\"\" \/><\/a><\/p>\n<!-- \/wp:image -->\n<\/div>\n<p> <br \/>\n<\/p>\n<div>\n<p>Ei, voc\u00ea a\u00ed! Sim, voc\u00ea que est\u00e1 tentando ser o super-her\u00f3i da produtividade no trabalho e ainda quer ter tempo para a fam\u00edlia, amigos e hobbies.<\/p>\n<p>Sabemos que n\u00e3o \u00e9 f\u00e1cil, mas estamos aqui para ajudar. Vamos mergulhar juntos na arte de equilibrar a vida pessoal e profissional.<\/p>\n<h3 class=\"wp-block-heading\">Entendendo a import\u00e2ncia do equil\u00edbrio entre vida pessoal e profissional<\/h3>\n<p>Equilibrar a vida pessoal e profissional n\u00e3o \u00e9 apenas uma tend\u00eancia, \u00e9 uma necessidade! Quando voc\u00ea consegue esse equil\u00edbrio, voc\u00ea n\u00e3o apenas se sente melhor, mas tamb\u00e9m arrasa no trabalho.<\/p>\n<p>E adivinhe? Isso leva a uma vida mais feliz e produtiva. Ent\u00e3o, vamos descobrir como fazer isso acontecer!<\/p>\n<div class=\"code-block code-block-5\" style=\"margin: 8px auto; text-align: center; display: block; clear: both;\"> <a href=\"https:\/\/suaads.com\/ref\/ISMAELCOLOSI\" target=\"_blank\" rel=\"noopener\"><img data-recalc-dims=\"1\" decoding=\"async\" src=\"https:\/\/i0.wp.com\/suaurl.com\/img\/bannersref\/s.png?ssl=1\" alt=\"SuaUrl\"  style=\"max-width: 100%;\" class=\"lazy\" loading=\"lazy\"\/><noscript><img data-recalc-dims=\"1\" decoding=\"async\" src=\"https:\/\/i0.wp.com\/suaurl.com\/img\/bannersref\/s.png?ssl=1\" alt=\"SuaUrl\"  style=\"max-width: 100%;\"\/><\/noscript><\/a><\/div>\n<h3 class=\"wp-block-heading\">Desafios comuns na busca pelo equil\u00edbrio entre vida pessoal e profissional<\/h3>\n<p>Sabemos que a luta \u00e9 real. Longas horas de trabalho, responsabilidades familiares, press\u00e3o social \u2013 tudo isso pode tornar dif\u00edcil encontrar o equil\u00edbrio certo.<\/p>\n<p>E com a tecnologia tornando o trabalho acess\u00edvel 24\/7, a linha entre o trabalho e a vida pessoal est\u00e1 cada vez mais t\u00eanue. Mas n\u00e3o se preocupe, estamos aqui para ajudar voc\u00ea a superar esses desafios.<\/p>\n<h2 class=\"wp-block-heading\">Estrat\u00e9gias para equilibrar a vida pessoal e profissional<\/h2>\n<p>Agora que entendemos a import\u00e2ncia do equil\u00edbrio entre vida pessoal e profissional e os desafios que podem surgir, vamos falar sobre algumas estrat\u00e9gias que podem ajudar.<\/p>\n<p>N\u00e3o h\u00e1 uma solu\u00e7\u00e3o \u00fanica para todos, mas com um pouco de experimenta\u00e7\u00e3o, voc\u00ea pode encontrar o que funciona melhor para voc\u00ea.<\/p>\n<h3 class=\"wp-block-heading\">Estabelecendo limites claros<\/h3>\n<p>Primeiro, vamos falar sobre limites. Eles s\u00e3o super importantes quando se trata de equilibrar a vida pessoal e profissional.<\/p>\n<p>Isso pode significar definir um hor\u00e1rio espec\u00edfico para parar de trabalhar todos os dias, ou decidir n\u00e3o verificar e-mails de trabalho depois de um certo hor\u00e1rio.<\/p>\n<p>Lembre-se, \u00e9 seu direito estabelecer esses limites e \u00e9 essencial para manter sua sanidade!<\/p>\n<h3 class=\"wp-block-heading\">Gerenciando o tempo de maneira eficaz<\/h3>\n<p>Gerenciar seu tempo efetivamente \u00e9 outra estrat\u00e9gia chave.<\/p>\n<p>Isso pode envolver a cria\u00e7\u00e3o de listas de tarefas, a prioriza\u00e7\u00e3o de tarefas e a garantia de que voc\u00ea est\u00e1 dedicando tempo suficiente para as atividades pessoais que voc\u00ea ama. Aqui est\u00e3o algumas dicas para come\u00e7ar:<\/p>\n<ol>\n<li>Use uma agenda ou aplicativo de gerenciamento de tempo<\/li>\n<li>Priorize suas tarefas com base na urg\u00eancia e import\u00e2ncia<\/li>\n<li>N\u00e3o tenha medo de dizer n\u00e3o a tarefas que n\u00e3o s\u00e3o essenciais<\/li>\n<\/ol>\n<h3 class=\"wp-block-heading\">Priorizando a sa\u00fade mental e f\u00edsica<\/h3>\n<p>Por \u00faltimo, mas definitivamente n\u00e3o menos importante, \u00e9 a sa\u00fade mental e f\u00edsica. N\u00e3o importa o qu\u00e3o ocupado voc\u00ea esteja, \u00e9 crucial reservar um tempo para cuidar de si mesmo.<\/p>\n<p>Isso pode significar fazer uma caminhada durante o almo\u00e7o, meditar pela manh\u00e3, ou simplesmente garantir que voc\u00ea esteja dormindo o suficiente. Lembre-se, voc\u00ea n\u00e3o pode dar o seu melhor no trabalho se n\u00e3o estiver se sentindo bem!<\/p>\n<p>Al\u00e9m disso, manter-se motivado \u00e9 uma parte importante da sa\u00fade mental. Na verdade, existem v\u00e1rias estrat\u00e9gias eficazes para <a href=\"https:\/\/empregoemfranca.com\/dicas\/motivacao-na-busca-de-emprego\/\" target=\"_blank\" data-type=\"post\" data-id=\"25700\" rel=\"noreferrer noopener\">manter a motiva\u00e7\u00e3o<\/a>, que podem ser \u00fateis n\u00e3o apenas para quem est\u00e1 buscando emprego, mas tamb\u00e9m para quem j\u00e1 est\u00e1 empregado e busca manter o equil\u00edbrio entre a vida pessoal e profissional.<\/p>\n<h3 class=\"wp-block-heading\">Dicas pr\u00e1ticas para manter o equil\u00edbrio entre vida pessoal e profissional<\/h3>\n<p>Ent\u00e3o, voc\u00ea j\u00e1 tem algumas estrat\u00e9gias em mente. Agora, vamos torn\u00e1-las ainda mais tang\u00edveis com algumas dicas pr\u00e1ticas que voc\u00ea pode come\u00e7ar a implementar hoje mesmo.<\/p>\n<p>Lembre-se, pequenas mudan\u00e7as podem levar a grandes resultados!<\/p>\n<h3 class=\"wp-block-heading\">Desconectando-se do trabalho<\/h3>\n<p>Desconectar-se do trabalho \u00e9 mais f\u00e1cil dizer do que fazer, certo? Mas \u00e9 crucial para manter o equil\u00edbrio. Tente desligar as notifica\u00e7\u00f5es de trabalho no seu telefone fora do hor\u00e1rio de trabalho ou designar um espa\u00e7o em sua casa que seja livre de trabalho.<\/p>\n<p>E quando voc\u00ea estiver de folga, esteja realmente de folga. Seu e-mail de trabalho pode esperar at\u00e9 a manh\u00e3!<\/p>\n<h3 class=\"wp-block-heading\">Incorporando atividades de lazer na rotina<\/h3>\n<p>A vida n\u00e3o \u00e9 s\u00f3 trabalho, certo? Certifique-se de ter tempo para as coisas que voc\u00ea ama. Seja ler um livro, passar tempo com a fam\u00edlia, fazer um passeio na natureza ou praticar um hobby, essas atividades podem ajudar a recarregar suas baterias e melhorar seu bem-estar geral.<\/p>\n<h3 class=\"wp-block-heading\">Mantendo uma rotina regular de exerc\u00edcios f\u00edsicos<\/h3>\n<p>Exerc\u00edcio f\u00edsico n\u00e3o \u00e9 apenas bom para o corpo, mas tamb\u00e9m para a mente. Ele pode ajudar a reduzir o estresse, melhorar o humor e aumentar a produtividade.<\/p>\n<p>Ent\u00e3o, por que n\u00e3o tentar incorporar algum tipo de exerc\u00edcio em sua rotina di\u00e1ria? Pode ser uma caminhada r\u00e1pida, uma aula de ioga, ou at\u00e9 mesmo dan\u00e7ar na sala de estar. O importante \u00e9 se mover!<\/p>\n<h2 class=\"wp-block-heading\">Como as empresas podem apoiar o equil\u00edbrio entre vida pessoal e profissional<\/h2>\n<p>N\u00e3o \u00e9 apenas responsabilidade do indiv\u00edduo encontrar o equil\u00edbrio entre a vida pessoal e profissional. As empresas tamb\u00e9m t\u00eam um papel importante a desempenhar. Aqui est\u00e3o algumas maneiras pelas quais as empresas podem apoiar seus funcion\u00e1rios na busca por esse equil\u00edbrio.<\/p>\n<h3 class=\"wp-block-heading\">Implementando pol\u00edticas de trabalho flex\u00edveis<\/h3>\n<p>O trabalho flex\u00edvel pode ser um verdadeiro salva-vidas quando se trata de equilibrar as demandas da vida pessoal e profissional.<\/p>\n<p>Isso pode significar permitir que os funcion\u00e1rios trabalhem de casa, oferecer hor\u00e1rios de trabalho flex\u00edveis, ou at\u00e9 mesmo implementar uma semana de trabalho de quatro dias.<\/p>\n<p>Essas pol\u00edticas podem ajudar os funcion\u00e1rios a se sentirem mais no controle de seu tempo e reduzir o estresse.<\/p>\n<h3 class=\"wp-block-heading\">Fomentando uma cultura de respeito ao tempo pessoal<\/h3>\n<p>Uma cultura de trabalho que respeita o tempo pessoal dos funcion\u00e1rios \u00e9 crucial. Isso significa evitar o envio de e-mails fora do hor\u00e1rio de trabalho, respeitar os limites dos funcion\u00e1rios e entender que todos t\u00eam uma vida fora do trabalho.<\/p>\n<p>Uma cultura de respeito pode levar a funcion\u00e1rios mais felizes e mais produtivos.<\/p>\n<h3 class=\"wp-block-heading\">Oferecendo suporte \u00e0 sa\u00fade mental dos funcion\u00e1rios<\/h3>\n<p>A sa\u00fade mental \u00e9 uma parte importante do equil\u00edbrio entre vida pessoal e profissional.<\/p>\n<p>As empresas podem apoiar a sa\u00fade mental dos funcion\u00e1rios de v\u00e1rias maneiras, como oferecer programas de bem-estar, fornecer recursos de sa\u00fade mental e garantir que os funcion\u00e1rios se sintam confort\u00e1veis para tirar dias de sa\u00fade mental quando necess\u00e1rio.<\/p>\n<h2 class=\"wp-block-heading\">Conclus\u00e3o<\/h2>\n<p>Chegamos ao fim da nossa jornada sobre como equilibrar a vida pessoal e profissional. Esperamos que voc\u00ea tenha encontrado algumas dicas e estrat\u00e9gias \u00fateis que possa come\u00e7ar a implementar em sua vida.<\/p>\n<p>Lembre-se, o equil\u00edbrio perfeito pode n\u00e3o existir, mas pequenas mudan\u00e7as podem levar a grandes melhorias.<\/p>\n<h3 class=\"wp-block-heading\">Refletindo sobre a import\u00e2ncia do equil\u00edbrio entre vida pessoal e profissional<\/h3>\n<p>Equilibrar a vida pessoal e profissional \u00e9 essencial para o nosso bem-estar geral. N\u00e3o s\u00f3 nos ajuda a ser mais produtivos no trabalho, mas tamb\u00e9m a viver uma vida mais plena e satisfat\u00f3ria.<\/p>\n<p>Ent\u00e3o, por que n\u00e3o dar o primeiro passo hoje? Seja estabelecendo limites claros, gerenciando seu tempo de maneira mais eficaz, ou simplesmente tirando um tempo para si mesmo, cada passo conta.<\/p>\n<h3 class=\"wp-block-heading\">Passos a seguir para alcan\u00e7ar um melhor equil\u00edbrio entre vida pessoal e profissional<\/h3>\n<p>Agora \u00e9 a sua vez! Comece pequeno, experimente diferentes estrat\u00e9gias e veja o que funciona para voc\u00ea. E lembre-se, voc\u00ea n\u00e3o est\u00e1 sozinho nessa jornada.<\/p>\n<p>Seja gentil consigo mesmo e lembre-se de que \u00e9 um processo. Com o tempo, voc\u00ea encontrar\u00e1 o seu pr\u00f3prio equil\u00edbrio.<\/p>\n<\/p><\/div>\n<p><br \/>\n<br \/><a href=\"https:\/\/ismaelcolosi.com.br\/como-conciliar-vida-pessoal-e-profissional\/\">Source link <\/a><\/p>\n<!-- CONTENT END 1 -->\n","protected":false},"excerpt":{"rendered":"<p>Ei, voc\u00ea a\u00ed! Sim, voc\u00ea que est\u00e1 tentando ser o super-her\u00f3i da produtividade no trabalho e ainda quer ter tempo para a fam\u00edlia, amigos e&#8230;<\/p>\n","protected":false},"author":1,"featured_media":12155,"comment_status":"open","ping_status":"open","sticky":false,"template":"","format":"standard","meta":{"advanced_seo_description":"","jetpack_seo_html_title":"","jetpack_seo_noindex":false,"jetpack_post_was_ever_published":false,"_jetpack_newsletter_access":"","_jetpack_dont_email_post_to_subs":false,"_jetpack_newsletter_tier_id":0,"_jetpack_memberships_contains_paywalled_content":false,"_jetpack_memberships_contains_paid_content":false,"footnotes":"","jetpack_publicize_message":"","jetpack_publicize_feature_enabled":true,"jetpack_social_post_already_shared":true,"jetpack_social_options":{"image_generator_settings":{"template":"highway","default_image_id":0,"font":"","enabled":false},"version":2}},"categories":[7],"tags":[],"class_list":["post-12154","post","type-post","status-publish","format-standard","has-post-thumbnail","hentry","category-vagas-de-empregos-em-ribeirao-preto-regiao-brasil"],"jetpack_publicize_connections":[],"jetpack_featured_media_url":"https:\/\/i0.wp.com\/noticiasribeiraopreto.com.br\/wp-content\/uploads\/2023\/12\/1701970716_s.png?fit=300%2C250&ssl=1","jetpack-related-posts":[{"id":22092,"url":"https:\/\/noticiasribeiraopreto.com.br\/index.php\/2023\/12\/29\/como-ter-equilibrio-entre-trabalho-e-vida-pessoal-em-2024\/","url_meta":{"origin":12154,"position":0},"title":"Como ter equil\u00edbrio entre trabalho e vida pessoal em 2024","author":"noticiasribeiraopreto.com.br","date":"29 de December de 2023","format":false,"excerpt":"Getty ImagesPara garantir que voc\u00ea mantenha uma rotina de trabalho saud\u00e1vel, comece pensando nas coisas que ser\u00e3o prioridade para voc\u00ea neste pr\u00f3ximo ano Em um mercado de trabalho competitivo, com grandes empresas demitindo milhares de trabalhadores a cada ano, \u00e9 compreens\u00edvel que as pessoas estejam propensas a trabalhar um maior\u2026","rel":"","context":"In &quot;Blog&quot;","block_context":{"text":"Blog","link":"https:\/\/noticiasribeiraopreto.com.br\/index.php\/category\/blog\/"},"img":{"alt_text":"","src":"https:\/\/i0.wp.com\/noticiasribeiraopreto.com.br\/wp-content\/uploads\/2023\/12\/carreira-equilibrio-trabalho-1024x683.jpg?fit=1024%2C683&ssl=1&resize=350%2C200","width":350,"height":200,"srcset":"https:\/\/i0.wp.com\/noticiasribeiraopreto.com.br\/wp-content\/uploads\/2023\/12\/carreira-equilibrio-trabalho-1024x683.jpg?fit=1024%2C683&ssl=1&resize=350%2C200 1x, https:\/\/i0.wp.com\/noticiasribeiraopreto.com.br\/wp-content\/uploads\/2023\/12\/carreira-equilibrio-trabalho-1024x683.jpg?fit=1024%2C683&ssl=1&resize=525%2C300 1.5x, https:\/\/i0.wp.com\/noticiasribeiraopreto.com.br\/wp-content\/uploads\/2023\/12\/carreira-equilibrio-trabalho-1024x683.jpg?fit=1024%2C683&ssl=1&resize=700%2C400 2x"},"classes":[]},{"id":52749,"url":"https:\/\/noticiasribeiraopreto.com.br\/index.php\/2024\/06\/12\/dia-dos-namorados-dicas-para-lidar-com-crush-no-trabalho\/","url_meta":{"origin":12154,"position":1},"title":"Dia dos Namorados: dicas para lidar com crush no trabalho","author":"noticiasribeiraopreto.com.br","date":"12 de June de 2024","format":false,"excerpt":"\u00a0 Acessibilidade L L A- A+ \u25d0 Embora o local de trabalho possa fornecer oportunidades para conhecer potenciais parceiros e namorados, muitas vezes \u00e9 mais sensato explorar essas conex\u00f5es fora do \u00e2mbito profissional. H\u00e1 um mundo inteiro de romance esperando al\u00e9m das paredes do escrit\u00f3rio. Ter um crush por um\u2026","rel":"","context":"In &quot;Blog&quot;","block_context":{"text":"Blog","link":"https:\/\/noticiasribeiraopreto.com.br\/index.php\/category\/blog\/"},"img":{"alt_text":"","src":"https:\/\/i0.wp.com\/noticiasribeiraopreto.com.br\/wp-content\/uploads\/2024\/06\/crush-no-escritorio-1024x683.jpg?fit=1024%2C683&ssl=1&resize=350%2C200","width":350,"height":200,"srcset":"https:\/\/i0.wp.com\/noticiasribeiraopreto.com.br\/wp-content\/uploads\/2024\/06\/crush-no-escritorio-1024x683.jpg?fit=1024%2C683&ssl=1&resize=350%2C200 1x, https:\/\/i0.wp.com\/noticiasribeiraopreto.com.br\/wp-content\/uploads\/2024\/06\/crush-no-escritorio-1024x683.jpg?fit=1024%2C683&ssl=1&resize=525%2C300 1.5x, https:\/\/i0.wp.com\/noticiasribeiraopreto.com.br\/wp-content\/uploads\/2024\/06\/crush-no-escritorio-1024x683.jpg?fit=1024%2C683&ssl=1&resize=700%2C400 2x"},"classes":[]},{"id":27395,"url":"https:\/\/noticiasribeiraopreto.com.br\/index.php\/2024\/01\/12\/2024-tem-menos-feriados-10-dicas-para-manter-o-equilibrio\/","url_meta":{"origin":12154,"position":2},"title":"2024 tem menos feriados: 10 dicas para manter o equil\u00edbrio","author":"noticiasribeiraopreto.com.br","date":"12 de January de 2024","format":false,"excerpt":"Sem muitos feriados em 2024, \u00e9 preciso fazer descansos estrat\u00e9gicos e manter uma rotina saud\u00e1vel Diferente do ano passado, 2024 ter\u00e1 menos feriados prolongados \u2013 ser\u00e3o apenas dois com possibilidade de emenda no final de semana, contra quatro em 2023. Dos 10 feriados nacionais deste ano, 7 v\u00e3o cair em\u2026","rel":"","context":"In &quot;Blog&quot;","block_context":{"text":"Blog","link":"https:\/\/noticiasribeiraopreto.com.br\/index.php\/category\/blog\/"},"img":{"alt_text":"","src":"https:\/\/i0.wp.com\/noticiasribeiraopreto.com.br\/wp-content\/uploads\/2024\/01\/carreira-meditacao-equilibro-trabalho-1024x683.jpg?fit=1024%2C683&ssl=1&resize=350%2C200","width":350,"height":200,"srcset":"https:\/\/i0.wp.com\/noticiasribeiraopreto.com.br\/wp-content\/uploads\/2024\/01\/carreira-meditacao-equilibro-trabalho-1024x683.jpg?fit=1024%2C683&ssl=1&resize=350%2C200 1x, https:\/\/i0.wp.com\/noticiasribeiraopreto.com.br\/wp-content\/uploads\/2024\/01\/carreira-meditacao-equilibro-trabalho-1024x683.jpg?fit=1024%2C683&ssl=1&resize=525%2C300 1.5x, https:\/\/i0.wp.com\/noticiasribeiraopreto.com.br\/wp-content\/uploads\/2024\/01\/carreira-meditacao-equilibro-trabalho-1024x683.jpg?fit=1024%2C683&ssl=1&resize=700%2C400 2x"},"classes":[]},{"id":40108,"url":"https:\/\/noticiasribeiraopreto.com.br\/index.php\/2024\/03\/01\/seja-voce-mesmo-mas-nao-no-trabalho\/","url_meta":{"origin":12154,"position":3},"title":"Seja voc\u00ea mesmo (mas n\u00e3o no trabalho)","author":"noticiasribeiraopreto.com.br","date":"1 de March de 2024","format":false,"excerpt":"Canva ImagesA maneira como nos posicionamos tem impacto direto nas oportunidades que surgem. Em reuni\u00f5es de trabalho, voc\u00ea \u00e9 conhecido por expressar suas opini\u00f5es abertamente. Contudo, ao receber um feedback, \u00e9 alertado de que sua assertividade pode gerar desconforto no resto da equipe. Surge, ent\u00e3o, um dilema: manter-se aut\u00eantico ou\u2026","rel":"","context":"In &quot;Blog&quot;","block_context":{"text":"Blog","link":"https:\/\/noticiasribeiraopreto.com.br\/index.php\/category\/blog\/"},"img":{"alt_text":"","src":"https:\/\/i0.wp.com\/noticiasribeiraopreto.com.br\/wp-content\/uploads\/2024\/03\/Design-sem-nome-7-1024x683.png?fit=1024%2C683&ssl=1&resize=350%2C200","width":350,"height":200,"srcset":"https:\/\/i0.wp.com\/noticiasribeiraopreto.com.br\/wp-content\/uploads\/2024\/03\/Design-sem-nome-7-1024x683.png?fit=1024%2C683&ssl=1&resize=350%2C200 1x, https:\/\/i0.wp.com\/noticiasribeiraopreto.com.br\/wp-content\/uploads\/2024\/03\/Design-sem-nome-7-1024x683.png?fit=1024%2C683&ssl=1&resize=525%2C300 1.5x, https:\/\/i0.wp.com\/noticiasribeiraopreto.com.br\/wp-content\/uploads\/2024\/03\/Design-sem-nome-7-1024x683.png?fit=1024%2C683&ssl=1&resize=700%2C400 2x"},"classes":[]},{"id":40380,"url":"https:\/\/noticiasribeiraopreto.com.br\/index.php\/2024\/03\/03\/quiet-quitting-e-lazy-girl-job-entenda-o-vocabulario-da-geracao-z-no-mercado-de-trabalho\/","url_meta":{"origin":12154,"position":4},"title":"Quiet quitting e Lazy Girl Job: entenda o vocabul\u00e1rio da gera\u00e7\u00e3o Z no mercado de trabalho","author":"noticiasribeiraopreto.com.br","date":"3 de March de 2024","format":false,"excerpt":"Bruno Pavani Bruno Pavan 03\/03\/2024 - 9:00 O comportamento da chamada gera\u00e7\u00e3o Z no mercado de trabalho tem sido motivo de muitos debates sobre uma suposta falta de compromisso dessa popula\u00e7\u00e3o mais jovem contra quem acredita ser natural uma rela\u00e7\u00e3o diferente dessa gera\u00e7\u00e3o com o trabalho.\u00a0A Gera\u00e7\u00e3o Z \u00e9 conhecida\u2026","rel":"","context":"In &quot;Empregos - Classificados&quot;","block_context":{"text":"Empregos - Classificados","link":"https:\/\/noticiasribeiraopreto.com.br\/index.php\/category\/empregos-classificados-vagas-trabalho\/"},"img":{"alt_text":"","src":"https:\/\/i0.wp.com\/noticiasribeiraopreto.com.br\/wp-content\/uploads\/2024\/03\/trabalhadoracansada.jpg?fit=900%2C600&ssl=1&resize=350%2C200","width":350,"height":200,"srcset":"https:\/\/i0.wp.com\/noticiasribeiraopreto.com.br\/wp-content\/uploads\/2024\/03\/trabalhadoracansada.jpg?fit=900%2C600&ssl=1&resize=350%2C200 1x, https:\/\/i0.wp.com\/noticiasribeiraopreto.com.br\/wp-content\/uploads\/2024\/03\/trabalhadoracansada.jpg?fit=900%2C600&ssl=1&resize=525%2C300 1.5x, https:\/\/i0.wp.com\/noticiasribeiraopreto.com.br\/wp-content\/uploads\/2024\/03\/trabalhadoracansada.jpg?fit=900%2C600&ssl=1&resize=700%2C400 2x"},"classes":[]},{"id":24826,"url":"https:\/\/noticiasribeiraopreto.com.br\/index.php\/2024\/01\/05\/o-que-voce-pode-aprender-com-ceos-para-atingir-seus-objetivos-em-2024\/","url_meta":{"origin":12154,"position":5},"title":"O que voc\u00ea pode aprender com CEOs para atingir seus objetivos em 2024","author":"noticiasribeiraopreto.com.br","date":"5 de January de 2024","format":false,"excerpt":"Bruno Pavani Bruno Pavan 05\/01\/2024 - 9:30 Come\u00e7o de ano \u00e9 sempre um per\u00edodo em que promessas s\u00e3o feitas buscando sucesso para o novo per\u00edodo. Mas, \u00e9 necess\u00e1rio disciplina e planejamento para que essas resolu\u00e7\u00f5es do ano novo n\u00e3o morram na praia.\u00a0Tr\u00eas CEOs ouvidos pela Isto\u00c9 Dinheiro deram dicas de\u2026","rel":"","context":"In &quot;Vagas de Emprego em Ribeir\u00e3o Preto-SP&quot;","block_context":{"text":"Vagas de Emprego em Ribeir\u00e3o Preto-SP","link":"https:\/\/noticiasribeiraopreto.com.br\/index.php\/category\/empregos-classificados-vagas-trabalho\/vagas-de-empregos-em-ribeirao-preto-regiao-brasil\/"},"img":{"alt_text":"","src":"https:\/\/i0.wp.com\/noticiasribeiraopreto.com.br\/wp-content\/uploads\/2024\/01\/retrato-interior-feminino-meditando-scaled.jpg?fit=1200%2C800&ssl=1&resize=350%2C200","width":350,"height":200,"srcset":"https:\/\/i0.wp.com\/noticiasribeiraopreto.com.br\/wp-content\/uploads\/2024\/01\/retrato-interior-feminino-meditando-scaled.jpg?fit=1200%2C800&ssl=1&resize=350%2C200 1x, https:\/\/i0.wp.com\/noticiasribeiraopreto.com.br\/wp-content\/uploads\/2024\/01\/retrato-interior-feminino-meditando-scaled.jpg?fit=1200%2C800&ssl=1&resize=525%2C300 1.5x, https:\/\/i0.wp.com\/noticiasribeiraopreto.com.br\/wp-content\/uploads\/2024\/01\/retrato-interior-feminino-meditando-scaled.jpg?fit=1200%2C800&ssl=1&resize=700%2C400 2x, https:\/\/i0.wp.com\/noticiasribeiraopreto.com.br\/wp-content\/uploads\/2024\/01\/retrato-interior-feminino-meditando-scaled.jpg?fit=1200%2C800&ssl=1&resize=1050%2C600 3x"},"classes":[]}],"jetpack_sharing_enabled":true,"jetpack_shortlink":"https:\/\/wp.me\/peQAOb-3a2","_links":{"self":[{"href":"https:\/\/noticiasribeiraopreto.com.br\/index.php\/wp-json\/wp\/v2\/posts\/12154","targetHints":{"allow":["GET"]}}],"collection":[{"href":"https:\/\/noticiasribeiraopreto.com.br\/index.php\/wp-json\/wp\/v2\/posts"}],"about":[{"href":"https:\/\/noticiasribeiraopreto.com.br\/index.php\/wp-json\/wp\/v2\/types\/post"}],"author":[{"embeddable":true,"href":"https:\/\/noticiasribeiraopreto.com.br\/index.php\/wp-json\/wp\/v2\/users\/1"}],"replies":[{"embeddable":true,"href":"https:\/\/noticiasribeiraopreto.com.br\/index.php\/wp-json\/wp\/v2\/comments?post=12154"}],"version-history":[{"count":0,"href":"https:\/\/noticiasribeiraopreto.com.br\/index.php\/wp-json\/wp\/v2\/posts\/12154\/revisions"}],"wp:featuredmedia":[{"embeddable":true,"href":"https:\/\/noticiasribeiraopreto.com.br\/index.php\/wp-json\/wp\/v2\/media\/12155"}],"wp:attachment":[{"href":"https:\/\/noticiasribeiraopreto.com.br\/index.php\/wp-json\/wp\/v2\/media?parent=12154"}],"wp:term":[{"taxonomy":"category","embeddable":true,"href":"https:\/\/noticiasribeiraopreto.com.br\/index.php\/wp-json\/wp\/v2\/categories?post=12154"},{"taxonomy":"post_tag","embeddable":true,"href":"https:\/\/noticiasribeiraopreto.com.br\/index.php\/wp-json\/wp\/v2\/tags?post=12154"}],"curies":[{"name":"wp","href":"https:\/\/api.w.org\/{rel}","templated":true}]}}