{"id":12192,"date":"2023-12-07T16:09:00","date_gmt":"2023-12-07T19:09:00","guid":{"rendered":"https:\/\/noticiasribeiraopreto.com.br\/index.php\/2023\/12\/07\/petrolina-pe-prorroga-inscricao-de-concurso-para-agente-de-transito\/"},"modified":"2023-12-07T16:09:00","modified_gmt":"2023-12-07T19:09:00","slug":"petrolina-pe-prorroga-inscricao-de-concurso-para-agente-de-transito","status":"publish","type":"post","link":"https:\/\/noticiasribeiraopreto.com.br\/index.php\/2023\/12\/07\/petrolina-pe-prorroga-inscricao-de-concurso-para-agente-de-transito\/","title":{"rendered":"Petrolina PE prorroga inscri\u00e7\u00e3o de concurso para agente de tr\u00e2nsito"},"content":{"rendered":"<div class='code-block code-block-1' style='margin: 8px 0 8px auto; text-align: right; display: block; clear: both;'>\n<p><a href=\"https:\/\/wa.link\/vpicfd\"><img data-recalc-dims=\"1\" class=\"wp-image-4922\" style=\"aspect-ratio: 2.0253164556962027; width: 561px; height: auto;\" src=\"https:\/\/i0.wp.com\/ismaelcolosi.com.br\/wp-content\/uploads\/2023\/11\/grupo-de-empregos-whatsapp-e-facebook-ismael-colosi-vagas.jpg?ssl=1\" alt=\"\" \/><\/a><\/p>\n<!-- \/wp:image -->\n<\/div>\n<p> <br \/>\n<\/p>\n<div>\n<p>O prazo de inscri\u00e7\u00e3o do <strong><a href=\"https:\/\/jcconcursos.com.br\/concurso\/concurso-ammpla-petrolina-pe-78728\" rel=\"noopener\" target=\"_blank\">concurso da AMMPLA<\/a><\/strong> (Autarquia Municipal de Mobilidade de Petrolina) foi novamente prorrogado. Desta vez, <mark>as inscri\u00e7\u00f5es se encerrar\u00e3o no dia 5 de janeiro de 2024<\/mark>. Com a prorroga\u00e7\u00e3o do prazo, consequentemente, as provas foram adiadas para o m\u00eas de fevereiro.<\/p>\n<p>O certame re\u00fane 30 vagas para o cargo de agente de tr\u00e2nsito e transporte, sendo 15 para contrata\u00e7\u00e3o imediata e 15 para forma\u00e7\u00e3o de cadastro reserva (CR).\u00a0A carreira exige <a href=\"https:\/\/jcconcursos.com.br\/concursos\/nivel-escolar\/medio\" rel=\"noopener\" target=\"_blank\">escolaridade m\u00ednima de ensino m\u00e9dio completo<\/a>, al\u00e9m de Carteira Nacional de Habilita\u00e7\u00e3o (CNH) na categoria \u201cA\u201d e \u201cB\u201d. O sal\u00e1rio inicial \u00e9 de R$ 4.682,51, para jornada de trabalho de 30 horas semanais.<\/p>\n<p>As inscri\u00e7\u00f5es devem ser realizadas exclusivamente pela internet, atrav\u00e9s do site do Instituto de Desenvolvimento Institucional Brasileiro \u2013 IDIB (<a href=\"https:\/\/www.idib.org.br\/Concurso.aspx?ID=274\" rel=\"noopener\" target=\"_blank\">www.idib.org.br<\/a>), organizador do processo de sele\u00e7\u00e3o.<\/p>\n<p>Ap\u00f3s concluir o cadastro, o candidato dever\u00e1 imprimir o boleto banc\u00e1rio referente a taxa de participa\u00e7\u00e3o, no valor de R$ 148, e efetuar o seu pagamento at\u00e9 a data limite do prazo, observado o hor\u00e1rio de funcionamento do banco.<\/p>\n<h2>Veja quais provas ser\u00e3o aplicadas<\/h2>\n<p>O concurso da AMMPLA ser\u00e1 constitu\u00eddo das seguintes fases:<\/p>\n<ol style=\"list-style-type: upper-roman;\">\n<li>prova objetiva, de car\u00e1ter eliminat\u00f3rio e classificat\u00f3rio;<\/li>\n<li>prova discursiva, de car\u00e1ter eliminat\u00f3rio e classificat\u00f3rio;<\/li>\n<li>teste de aptid\u00e3o f\u00edsica, de car\u00e1ter eliminat\u00f3rio;<\/li>\n<li>heteroidentifica\u00e7\u00e3o e biopsicossocial, de car\u00e1ter eliminat\u00f3rio;<\/li>\n<li>psicol\u00f3gico e psicot\u00e9cnico, de car\u00e1ter eliminat\u00f3rio;<\/li>\n<li>avalia\u00e7\u00e3o de sa\u00fade e toxicol\u00f3gica, de car\u00e1ter eliminat\u00f3rio;<\/li>\n<li>investiga\u00e7\u00e3o social, de car\u00e1ter eliminat\u00f3rio; e<\/li>\n<li>curso de forma\u00e7\u00e3o, de car\u00e1ter eliminat\u00f3rio.<\/li>\n<\/ol>\n<p>A prova objetiva ser\u00e1 composta por 70 quest\u00f5es de m\u00faltipla escolha, distribu\u00eddas da seguinte forma:<\/p>\n<div class=\"code-block code-block-5\" style=\"margin: 8px auto; text-align: center; display: block; clear: both;\"> <a href=\"https:\/\/suaads.com\/ref\/ISMAELCOLOSI\" target=\"_blank\" rel=\"noopener\"><img data-recalc-dims=\"1\" decoding=\"async\" src=\"https:\/\/i0.wp.com\/suaurl.com\/img\/bannersref\/s.png?ssl=1\" alt=\"SuaUrl\"  style=\"max-width: 100%;\" class=\"lazy\" loading=\"lazy\"\/><noscript><img data-recalc-dims=\"1\" decoding=\"async\" src=\"https:\/\/i0.wp.com\/suaurl.com\/img\/bannersref\/s.png?ssl=1\" alt=\"SuaUrl\"  style=\"max-width: 100%;\"\/><\/noscript><\/a><\/div>\n<ul>\n<li>20 de l\u00edngua portuguesa;<\/li>\n<li>20 de legisla\u00e7\u00e3o de tr\u00e2nsito;<\/li>\n<li>10 de no\u00e7\u00f5es de direito administrativo;<\/li>\n<li>5 de no\u00e7\u00f5es de direito constitucional;<\/li>\n<li>5 de no\u00e7\u00f5es de direito penal; e<\/li>\n<li>10 de legisla\u00e7\u00e3o especial.<\/li>\n<\/ul>\n<p>J\u00e1 a prova discursiva consistir\u00e1 na reda\u00e7\u00e3o de texto dissertativo, de at\u00e9 30 linhas. Ser\u00e1 avaliado o dom\u00ednio do conte\u00fado dos temas abordados, a experi\u00eancia pr\u00e9via do candidato e sua adequabilidade quanto \u00e0s atribui\u00e7\u00f5es do cargo.<\/p>\n<p>As provas objetiva e discursiva ser\u00e3o aplicadas na <mark>data prevista de 4 de fevereiro de 2024<\/mark>, em locais e hor\u00e1rios a serem comunicados no edital de convoca\u00e7\u00e3o, a ser publicado em momento oportuno.<\/p>\n<p>+ O JC Concursos disponibiliza mais detalhes sobre o edital, como atribui\u00e7\u00f5es, conte\u00fado program\u00e1tico e cronograma, na <a href=\"https:\/\/jcconcursos.com.br\/concurso\/concurso-ammpla-petrolina-pe-78728\" rel=\"noopener\" target=\"_blank\">p\u00e1gina do concurso da AMMPLA<\/a>.<\/p>\n<p><em>* Not\u00edcia \u00fatil para o Estado de Pernambuco. Confira <a href=\"https:\/\/jcconcursos.com.br\/concursos\/pe\" rel=\"noopener\" target=\"_blank\">mais informa\u00e7\u00f5es sobre a regi\u00e3o aqui<\/a>.<\/em><\/p>\n<p><a id=\"gnews_btn\" href=\"https:\/\/news.google.com\/publications\/CAAqBwgKMOixlQswuZWrAw\" target=\"_blank\" class=\"border_jc_blue link_hover_bg_jc_blue font_85 d-block d-md-inline-block px-2 py-1 mr-0 mr-md-2 mb-3 w-100 text-center\" rel=\"noopener\"><span class=\"text_jc_blue\">Siga o <strong>JC Concursos no Google News<\/strong><\/span><\/a><span id=\"resumo\" class=\"anchor_link\"\/><a href=\"https:\/\/jcconcursos.com.br\/\" class=\"badge badge-light\">concursos publicos<\/a><a href=\"https:\/\/jcconcursos.com.br\/concursos\/inscricoes-abertas\" class=\"badge badge-light\">concursos abertos<\/a><a href=\"https:\/\/jcconcursos.com.br\/concursos\/pe\" class=\"badge badge-light\">concursos pe (pernambuco)<\/a><a href=\"https:\/\/jcconcursos.com.br\/provas\/por-orgao\" class=\"badge badge-light\">provas anteriores<\/a><\/p>\n<\/div>\n<p><br \/>\n<br \/><a href=\"https:\/\/ismaelcolosi.com.br\/petrolina-pe-prorroga-inscricao-de-concurso-para-agente-de-transito\/\">Source link <\/a><\/p>\n<!-- CONTENT END 1 -->\n","protected":false},"excerpt":{"rendered":"<p>O prazo de inscri\u00e7\u00e3o do concurso da AMMPLA (Autarquia Municipal de Mobilidade de Petrolina) foi novamente prorrogado. Desta vez, as inscri\u00e7\u00f5es se encerrar\u00e3o no dia&#8230;<\/p>\n","protected":false},"author":1,"featured_media":12193,"comment_status":"open","ping_status":"open","sticky":false,"template":"","format":"standard","meta":{"advanced_seo_description":"","jetpack_seo_html_title":"","jetpack_seo_noindex":false,"jetpack_post_was_ever_published":false,"_jetpack_newsletter_access":"","_jetpack_dont_email_post_to_subs":false,"_jetpack_newsletter_tier_id":0,"_jetpack_memberships_contains_paywalled_content":false,"_jetpack_memberships_contains_paid_content":false,"footnotes":"","jetpack_publicize_message":"","jetpack_publicize_feature_enabled":true,"jetpack_social_post_already_shared":true,"jetpack_social_options":{"image_generator_settings":{"template":"highway","default_image_id":0,"font":"","enabled":false},"version":2}},"categories":[7],"tags":[],"class_list":["post-12192","post","type-post","status-publish","format-standard","has-post-thumbnail","hentry","category-vagas-de-empregos-em-ribeirao-preto-regiao-brasil"],"jetpack_publicize_connections":[],"jetpack_featured_media_url":"https:\/\/i0.wp.com\/noticiasribeiraopreto.com.br\/wp-content\/uploads\/2023\/12\/concurso-petrolina-agente-de-transito-divulgacao.jpg?fit=1920%2C1080&ssl=1","jetpack-related-posts":[{"id":12140,"url":"https:\/\/noticiasribeiraopreto.com.br\/index.php\/2023\/12\/07\/concurso-da-prefeitura-de-guarulhos-sp-abre-inscricoes-para-quase-30-vagas\/","url_meta":{"origin":12192,"position":0},"title":"Concurso da Prefeitura de Guarulhos (SP) abre inscri\u00e7\u00f5es para quase 30 vagas","author":"noticiasribeiraopreto.com.br","date":"7 de December de 2023","format":false,"excerpt":"Um novo concurso da Prefeitura de Guarulhos, na Grande S\u00e3o Paulo, abriu inscri\u00e7\u00f5es nesta quinta-feira (7) para preencher 27 vagas em cargos de n\u00edveis fundamental e m\u00e9dio de escolaridade. H\u00e1 op\u00e7\u00f5es para pedreiro (1 posto), pintor (4), eletricista (2), agente de transporte e tr\u00e2nsito (15) e t\u00e9cnico em semaforiza\u00e7\u00e3o (5).\u2026","rel":"","context":"In &quot;Vagas de Emprego em Ribeir\u00e3o Preto-SP&quot;","block_context":{"text":"Vagas de Emprego em Ribeir\u00e3o Preto-SP","link":"https:\/\/noticiasribeiraopreto.com.br\/index.php\/category\/empregos-classificados-vagas-trabalho\/vagas-de-empregos-em-ribeirao-preto-regiao-brasil\/"},"img":{"alt_text":"","src":"https:\/\/i0.wp.com\/noticiasribeiraopreto.com.br\/wp-content\/uploads\/2023\/12\/1701968995_concurso-prefeitura-guarulhos-sp-2.jpg?fit=1200%2C675&ssl=1&resize=350%2C200","width":350,"height":200,"srcset":"https:\/\/i0.wp.com\/noticiasribeiraopreto.com.br\/wp-content\/uploads\/2023\/12\/1701968995_concurso-prefeitura-guarulhos-sp-2.jpg?fit=1200%2C675&ssl=1&resize=350%2C200 1x, https:\/\/i0.wp.com\/noticiasribeiraopreto.com.br\/wp-content\/uploads\/2023\/12\/1701968995_concurso-prefeitura-guarulhos-sp-2.jpg?fit=1200%2C675&ssl=1&resize=525%2C300 1.5x, https:\/\/i0.wp.com\/noticiasribeiraopreto.com.br\/wp-content\/uploads\/2023\/12\/1701968995_concurso-prefeitura-guarulhos-sp-2.jpg?fit=1200%2C675&ssl=1&resize=700%2C400 2x, https:\/\/i0.wp.com\/noticiasribeiraopreto.com.br\/wp-content\/uploads\/2023\/12\/1701968995_concurso-prefeitura-guarulhos-sp-2.jpg?fit=1200%2C675&ssl=1&resize=1050%2C600 3x"},"classes":[]},{"id":15221,"url":"https:\/\/noticiasribeiraopreto.com.br\/index.php\/2023\/12\/13\/concurso-do-corpo-de-bombeiros-de-pernambuco-tem-inscricoes-prorrogadas-2\/","url_meta":{"origin":12192,"position":1},"title":"Concurso do Corpo de Bombeiros de Pernambuco tem inscri\u00e7\u00f5es prorrogadas","author":"noticiasribeiraopreto.com.br","date":"13 de December de 2023","format":false,"excerpt":"As inscri\u00e7\u00f5es para o concurso do Corpo de Bombeiros de Pernambuco foram prorrogadas at\u00e9 segunda-feira (18), ao meio-dia. Inicialmente, o prazo terminaria hoje (13).\u00a0 Est\u00e3o em disputa\u00a0660 vagas na corpora\u00e7\u00e3o, das quais 600 para soldado e 60 para oficial (segundo-tenente), com sal\u00e1rios iniciais de R$ 3.419,88 e R$ 10.855,91, respectivamente.\u2026","rel":"","context":"In &quot;Vagas de Emprego em Ribeir\u00e3o Preto-SP&quot;","block_context":{"text":"Vagas de Emprego em Ribeir\u00e3o Preto-SP","link":"https:\/\/noticiasribeiraopreto.com.br\/index.php\/category\/empregos-classificados-vagas-trabalho\/vagas-de-empregos-em-ribeirao-preto-regiao-brasil\/"},"img":{"alt_text":"","src":"https:\/\/i0.wp.com\/noticiasribeiraopreto.com.br\/wp-content\/uploads\/2023\/12\/concurso-corpo-bombeiros-pernambuco-foto-divulgacao.jpg?fit=1200%2C675&ssl=1&resize=350%2C200","width":350,"height":200,"srcset":"https:\/\/i0.wp.com\/noticiasribeiraopreto.com.br\/wp-content\/uploads\/2023\/12\/concurso-corpo-bombeiros-pernambuco-foto-divulgacao.jpg?fit=1200%2C675&ssl=1&resize=350%2C200 1x, https:\/\/i0.wp.com\/noticiasribeiraopreto.com.br\/wp-content\/uploads\/2023\/12\/concurso-corpo-bombeiros-pernambuco-foto-divulgacao.jpg?fit=1200%2C675&ssl=1&resize=525%2C300 1.5x, https:\/\/i0.wp.com\/noticiasribeiraopreto.com.br\/wp-content\/uploads\/2023\/12\/concurso-corpo-bombeiros-pernambuco-foto-divulgacao.jpg?fit=1200%2C675&ssl=1&resize=700%2C400 2x, https:\/\/i0.wp.com\/noticiasribeiraopreto.com.br\/wp-content\/uploads\/2023\/12\/concurso-corpo-bombeiros-pernambuco-foto-divulgacao.jpg?fit=1200%2C675&ssl=1&resize=1050%2C600 3x"},"classes":[]},{"id":19492,"url":"https:\/\/noticiasribeiraopreto.com.br\/index.php\/2023\/12\/22\/aberto-concurso-da-prefeitura-de-franco-da-rocha-sp-para-14-vagas-2\/","url_meta":{"origin":12192,"position":2},"title":"Aberto concurso da Prefeitura de Franco da Rocha SP para 14 vagas","author":"noticiasribeiraopreto.com.br","date":"22 de December de 2023","format":false,"excerpt":"Est\u00e3o abertas as inscri\u00e7\u00f5es dos dois editais do concurso da Prefeitura de Franco da Rocha, cidade situada na Regi\u00e3o Metropolitana de S\u00e3o Paulo. Oferta \u00e9 de 14 vagas para contrata\u00e7\u00e3o imediata e forma\u00e7\u00e3o de cadastro reserva (CR). Para ensino m\u00e9dio e\/ou curso t\u00e9cnico, as chances s\u00e3o para os cargos de\u2026","rel":"","context":"In &quot;Vagas de Emprego em Ribeir\u00e3o Preto-SP&quot;","block_context":{"text":"Vagas de Emprego em Ribeir\u00e3o Preto-SP","link":"https:\/\/noticiasribeiraopreto.com.br\/index.php\/category\/empregos-classificados-vagas-trabalho\/vagas-de-empregos-em-ribeirao-preto-regiao-brasil\/"},"img":{"alt_text":"","src":"","width":0,"height":0},"classes":[]},{"id":5358,"url":"https:\/\/noticiasribeiraopreto.com.br\/index.php\/2023\/11\/23\/concursos-com-39-vagas-na-area-da-saude-tem-prazo-de-inscricao-prorrogado\/","url_meta":{"origin":12192,"position":3},"title":"Concursos com 39 vagas na \u00e1rea da sa\u00fade t\u00eam prazo de inscri\u00e7\u00e3o prorrogado","author":"noticiasribeiraopreto.com.br","date":"23 de November de 2023","format":false,"excerpt":"4 Em virtude de instabilidade t\u00e9cnica ocorrida no site da empresa RBO, respons\u00e1vel pela organiza\u00e7\u00e3o e realiza\u00e7\u00e3o dos concursos p\u00fablicos 03\/2023 e 04\/2023 da Prefeitura de Ribeir\u00e3o Preto, que somam 39 vagas na \u00e1rea da sa\u00fade, o prazo para inscri\u00e7\u00f5es foi prorrogado at\u00e9 o dia 27 de novembro, \u00e0s 16h.\u2026","rel":"","context":"In &quot;Not\u00edcias de Ribeir\u00e3o Preto-SP e Regi\u00e3o&quot;","block_context":{"text":"Not\u00edcias de Ribeir\u00e3o Preto-SP e Regi\u00e3o","link":"https:\/\/noticiasribeiraopreto.com.br\/index.php\/category\/noticias-de-ribeirao-preto-sp-e-regiao-ismael-colosi\/"},"img":{"alt_text":"","src":"https:\/\/i0.wp.com\/noticiasribeiraopreto.com.br\/wp-content\/uploads\/2023\/11\/concurso_saude_pro.jpeg?fit=1200%2C800&ssl=1&resize=350%2C200","width":350,"height":200,"srcset":"https:\/\/i0.wp.com\/noticiasribeiraopreto.com.br\/wp-content\/uploads\/2023\/11\/concurso_saude_pro.jpeg?fit=1200%2C800&ssl=1&resize=350%2C200 1x, https:\/\/i0.wp.com\/noticiasribeiraopreto.com.br\/wp-content\/uploads\/2023\/11\/concurso_saude_pro.jpeg?fit=1200%2C800&ssl=1&resize=525%2C300 1.5x, https:\/\/i0.wp.com\/noticiasribeiraopreto.com.br\/wp-content\/uploads\/2023\/11\/concurso_saude_pro.jpeg?fit=1200%2C800&ssl=1&resize=700%2C400 2x, https:\/\/i0.wp.com\/noticiasribeiraopreto.com.br\/wp-content\/uploads\/2023\/11\/concurso_saude_pro.jpeg?fit=1200%2C800&ssl=1&resize=1050%2C600 3x"},"classes":[]},{"id":14177,"url":"https:\/\/noticiasribeiraopreto.com.br\/index.php\/2023\/12\/11\/nordeste-oferece-mais-de-mil-vagas-para-professor-com-salarios-de-r-14-mil-2\/","url_meta":{"origin":12192,"position":4},"title":"Nordeste oferece mais de mil vagas para professor com sal\u00e1rios de R$ 14 mil","author":"noticiasribeiraopreto.com.br","date":"11 de December de 2023","format":false,"excerpt":"Nordeste oferece mais de mil vagas para professor com sal\u00e1rios de R$ 14 mil - Ismael Colosi Pular para o conte\u00fado O Nordeste oferece mais de mil vagas para professores em concursos p\u00fablicos abertos. As oportunidades s\u00e3o para diferentes n\u00edveis de escolaridade e \u00e1reas do conhecimento, com destaque para a\u2026","rel":"","context":"In &quot;Vagas de Emprego em Ribeir\u00e3o Preto-SP&quot;","block_context":{"text":"Vagas de Emprego em Ribeir\u00e3o Preto-SP","link":"https:\/\/noticiasribeiraopreto.com.br\/index.php\/category\/empregos-classificados-vagas-trabalho\/vagas-de-empregos-em-ribeirao-preto-regiao-brasil\/"},"img":{"alt_text":"","src":"https:\/\/i0.wp.com\/mliq9rbhanfv.i.optimole.com\/w%3A1200\/h%3A675\/q%3Amauto\/f%3Abest\/https%3A\/\/ismaelcolosi.com.br\/wp-content\/uploads\/2023\/12\/professor-novo-reajuste-salarial-1_widelg.jpg?resize=350%2C200&ssl=1","width":350,"height":200,"srcset":"https:\/\/i0.wp.com\/mliq9rbhanfv.i.optimole.com\/w%3A1200\/h%3A675\/q%3Amauto\/f%3Abest\/https%3A\/\/ismaelcolosi.com.br\/wp-content\/uploads\/2023\/12\/professor-novo-reajuste-salarial-1_widelg.jpg?resize=350%2C200&ssl=1 1x, https:\/\/i0.wp.com\/mliq9rbhanfv.i.optimole.com\/w%3A1200\/h%3A675\/q%3Amauto\/f%3Abest\/https%3A\/\/ismaelcolosi.com.br\/wp-content\/uploads\/2023\/12\/professor-novo-reajuste-salarial-1_widelg.jpg?resize=525%2C300&ssl=1 1.5x, https:\/\/i0.wp.com\/mliq9rbhanfv.i.optimole.com\/w%3A1200\/h%3A675\/q%3Amauto\/f%3Abest\/https%3A\/\/ismaelcolosi.com.br\/wp-content\/uploads\/2023\/12\/professor-novo-reajuste-salarial-1_widelg.jpg?resize=700%2C400&ssl=1 2x, https:\/\/i0.wp.com\/mliq9rbhanfv.i.optimole.com\/w%3A1200\/h%3A675\/q%3Amauto\/f%3Abest\/https%3A\/\/ismaelcolosi.com.br\/wp-content\/uploads\/2023\/12\/professor-novo-reajuste-salarial-1_widelg.jpg?resize=1050%2C600&ssl=1 3x"},"classes":[]},{"id":59685,"url":"https:\/\/noticiasribeiraopreto.com.br\/index.php\/2024\/10\/28\/inscricoes-para-concurso-dos-correios-terminam-hoje-ha-vagas-em-ribeirao\/","url_meta":{"origin":12192,"position":5},"title":"Inscri\u00e7\u00f5es para concurso dos Correios terminam hoje; H\u00e1 vagas\u00a0em\u00a0Ribeir\u00e3o","author":"noticiasribeiraopreto.com.br","date":"28 de October de 2024","format":false,"excerpt":"Termina nesta segunda-feira (28) o prazo para as inscri\u00e7\u00f5es no concurso dos Correios. O certame conta com mais de 3,4 mil vagas e tem oportunidades, em Ribeir\u00e3o Preto, para analista superior e agente carteiro. As inscri\u00e7\u00f5es, que come\u00e7aram no dia 10, devem ser feitas no\u00a0site\u00a0do Instituto Brasileiro de Forma\u00e7\u00e3o e\u2026","rel":"","context":"In &quot;Not\u00edcias de Ribeir\u00e3o Preto-SP e Regi\u00e3o&quot;","block_context":{"text":"Not\u00edcias de Ribeir\u00e3o Preto-SP e Regi\u00e3o","link":"https:\/\/noticiasribeiraopreto.com.br\/index.php\/category\/noticias-de-ribeirao-preto-sp-e-regiao-ismael-colosi\/"},"img":{"alt_text":"","src":"https:\/\/i0.wp.com\/noticiasribeiraopreto.com.br\/wp-content\/uploads\/2024\/08\/Copia-de-Copia-de-TAMANHO-EXATO-PARA-FOTOS-NO-SISTEMA-NOVO-33_2024-05-03_18-21-50_jpg_2024-05-03_18-21-50.webp.webp?fit=1200%2C675&ssl=1&resize=350%2C200","width":350,"height":200,"srcset":"https:\/\/i0.wp.com\/noticiasribeiraopreto.com.br\/wp-content\/uploads\/2024\/08\/Copia-de-Copia-de-TAMANHO-EXATO-PARA-FOTOS-NO-SISTEMA-NOVO-33_2024-05-03_18-21-50_jpg_2024-05-03_18-21-50.webp.webp?fit=1200%2C675&ssl=1&resize=350%2C200 1x, https:\/\/i0.wp.com\/noticiasribeiraopreto.com.br\/wp-content\/uploads\/2024\/08\/Copia-de-Copia-de-TAMANHO-EXATO-PARA-FOTOS-NO-SISTEMA-NOVO-33_2024-05-03_18-21-50_jpg_2024-05-03_18-21-50.webp.webp?fit=1200%2C675&ssl=1&resize=525%2C300 1.5x, https:\/\/i0.wp.com\/noticiasribeiraopreto.com.br\/wp-content\/uploads\/2024\/08\/Copia-de-Copia-de-TAMANHO-EXATO-PARA-FOTOS-NO-SISTEMA-NOVO-33_2024-05-03_18-21-50_jpg_2024-05-03_18-21-50.webp.webp?fit=1200%2C675&ssl=1&resize=700%2C400 2x, https:\/\/i0.wp.com\/noticiasribeiraopreto.com.br\/wp-content\/uploads\/2024\/08\/Copia-de-Copia-de-TAMANHO-EXATO-PARA-FOTOS-NO-SISTEMA-NOVO-33_2024-05-03_18-21-50_jpg_2024-05-03_18-21-50.webp.webp?fit=1200%2C675&ssl=1&resize=1050%2C600 3x"},"classes":[]}],"jetpack_sharing_enabled":true,"jetpack_shortlink":"https:\/\/wp.me\/peQAOb-3aE","_links":{"self":[{"href":"https:\/\/noticiasribeiraopreto.com.br\/index.php\/wp-json\/wp\/v2\/posts\/12192","targetHints":{"allow":["GET"]}}],"collection":[{"href":"https:\/\/noticiasribeiraopreto.com.br\/index.php\/wp-json\/wp\/v2\/posts"}],"about":[{"href":"https:\/\/noticiasribeiraopreto.com.br\/index.php\/wp-json\/wp\/v2\/types\/post"}],"author":[{"embeddable":true,"href":"https:\/\/noticiasribeiraopreto.com.br\/index.php\/wp-json\/wp\/v2\/users\/1"}],"replies":[{"embeddable":true,"href":"https:\/\/noticiasribeiraopreto.com.br\/index.php\/wp-json\/wp\/v2\/comments?post=12192"}],"version-history":[{"count":0,"href":"https:\/\/noticiasribeiraopreto.com.br\/index.php\/wp-json\/wp\/v2\/posts\/12192\/revisions"}],"wp:featuredmedia":[{"embeddable":true,"href":"https:\/\/noticiasribeiraopreto.com.br\/index.php\/wp-json\/wp\/v2\/media\/12193"}],"wp:attachment":[{"href":"https:\/\/noticiasribeiraopreto.com.br\/index.php\/wp-json\/wp\/v2\/media?parent=12192"}],"wp:term":[{"taxonomy":"category","embeddable":true,"href":"https:\/\/noticiasribeiraopreto.com.br\/index.php\/wp-json\/wp\/v2\/categories?post=12192"},{"taxonomy":"post_tag","embeddable":true,"href":"https:\/\/noticiasribeiraopreto.com.br\/index.php\/wp-json\/wp\/v2\/tags?post=12192"}],"curies":[{"name":"wp","href":"https:\/\/api.w.org\/{rel}","templated":true}]}}