{"id":12200,"date":"2023-12-07T16:23:09","date_gmt":"2023-12-07T19:23:09","guid":{"rendered":"https:\/\/noticiasribeiraopreto.com.br\/index.php\/2023\/12\/07\/municipios-na-regiao-de-ribeirao-se-destacam-no-ranking-de-melhores-cidades-para-negocios-veja-a-lista\/"},"modified":"2023-12-07T16:23:09","modified_gmt":"2023-12-07T19:23:09","slug":"municipios-na-regiao-de-ribeirao-se-destacam-no-ranking-de-melhores-cidades-para-negocios-veja-a-lista","status":"publish","type":"post","link":"https:\/\/noticiasribeiraopreto.com.br\/index.php\/2023\/12\/07\/municipios-na-regiao-de-ribeirao-se-destacam-no-ranking-de-melhores-cidades-para-negocios-veja-a-lista\/","title":{"rendered":"Munic\u00edpios na regi\u00e3o de Ribeir\u00e3o se destacam no ranking de Melhores Cidades para Neg\u00f3cios; Veja a lista"},"content":{"rendered":"<div class='code-block code-block-1' style='margin: 8px 0 8px auto; text-align: right; display: block; clear: both;'>\n<p><a href=\"https:\/\/wa.link\/vpicfd\"><img data-recalc-dims=\"1\" class=\"wp-image-4922\" style=\"aspect-ratio: 2.0253164556962027; width: 561px; height: auto;\" src=\"https:\/\/i0.wp.com\/ismaelcolosi.com.br\/wp-content\/uploads\/2023\/11\/grupo-de-empregos-whatsapp-e-facebook-ismael-colosi-vagas.jpg?ssl=1\" alt=\"\" \/><\/a><\/p>\n<!-- \/wp:image -->\n<\/div>\n<p> <br \/>\n<\/p>\n<div data-td-block-uid=\"tdi_104\">\n<div class=\"tdb-block-inner td-fix-index\">\n<p><strong>Ribeir\u00e3o Preto<\/strong> e <strong>outros munic\u00edpios da regi\u00e3o<\/strong> est\u00e3o entre as \u2018<strong>Melhores Cidades Para Se Fazer Neg\u00f3cios<\/strong>\u2019, de acordo com um estudo da Urban Systems, divulgado nesta quinta-feira (7).<\/p>\n<p>A pesquisa \u00e9 dividida em seis segmentos econ\u00f4micos, sendo eles: <strong>Educa\u00e7\u00e3o<\/strong>; <strong>Com\u00e9rcio<\/strong>; <strong>Servi\u00e7os<\/strong>; <strong>Ind\u00fastria<\/strong>; <strong>Mercado Imobili\u00e1rio<\/strong> e <strong>Agropecu\u00e1ria<\/strong>.<\/p>\n<p>O grande destaque na regi\u00e3o ficou por conta da cidade de <strong>Sert\u00e3ozinho<\/strong>, que apareceu entre os <strong>10 melhores munic\u00edpios do pa\u00eds na categoria Ind\u00fastria<\/strong>. <\/p>\n<p><strong>Ribeir\u00e3o Preto<\/strong> conquistou tamb\u00e9m uma boa coloca\u00e7\u00e3o e foi eleita a <strong>11\u00ba melhor <\/strong>cidade para se fazer neg\u00f3cios na<strong> categoria Sa\u00fade<\/strong>. A cidade aparece na <strong>18\u00ba posi\u00e7\u00e3o da divis\u00e3o de Mercado Imobili\u00e1rio<\/strong>.<\/p>\n<p><strong>Barretos <\/strong>ficou em <strong>11\u00ba lugar<\/strong> no ranking, na categoria <strong>Agropecu\u00e1ria<\/strong>. A cidade de <strong>Franca <\/strong>aparece em <strong>34\u00ba lugar<\/strong> na mesma categoria. <\/p>\n<h4 class=\"wp-block-heading\"><strong>A pesquisa<\/strong><\/h4>\n<p>O ranking, encomendado pela revista <strong>Exame<\/strong>, \u00e9 calculado atrav\u00e9s da metodologia de an\u00e1lise estat\u00edstica chamada <strong>IQM (\u00cdndice de Qualidade Mercadol\u00f3gica)<\/strong> e <mark style=\"background-color:#fcb900\" class=\"has-inline-color\">tem como objetivo,<strong> servir de par\u00e2metro para a qualifica\u00e7\u00e3o de determinados mercados.<\/strong><\/mark><\/p>\n<p>A cidade de <strong>S\u00e3o Paulo<\/strong> lidera todos os rankings, ocupando a primeira posi\u00e7\u00e3o em quatro categorias. O estudo levou em considera\u00e7\u00e3o <strong>319 cidades brasileiras<\/strong>, que s\u00e3o os munic\u00edpios com <strong>mais de 100 mil habitantes<\/strong>.<\/p>\n<h4 class=\"wp-block-heading\"><strong>Confira o ranking por setor<\/strong>:<\/h4>\n<h3 class=\"wp-block-heading\"><strong><mark style=\"background-color:rgba(0, 0, 0, 0)\" class=\"has-inline-color has-luminous-vivid-orange-color\">Ind\u00fastria<\/mark><\/strong><\/h3>\n<figure class=\"wp-block-image size-large\"><figcaption class=\"wp-element-caption\">Ranking das Melhores Cidades Para Se Fazer Neg\u00f3cios \u2013 Categoria Ind\u00fastria. (Foto: Reprodu\u00e7\u00e3o\/ Urban Systems)<\/figcaption><\/figure>\n<h3 class=\"wp-block-heading\"><strong><mark style=\"background-color:rgba(0, 0, 0, 0)\" class=\"has-inline-color has-luminous-vivid-orange-color\">Com\u00e9rcio <\/mark><\/strong><\/h3>\n<figure class=\"wp-block-image size-large is-resized\"><img data-recalc-dims=\"1\" decoding=\"async\" loading=\"lazy\" src=\"https:\/\/i0.wp.com\/www.acidadeon.com\/ribeiraopreto\/wp-content\/uploads\/sites\/3\/2023\/12\/Comercio-856x1024.jpg?resize=748%2C894&#038;ssl=1\" alt=\"\" class=\"wp-image-63121\" width=\"748\" height=\"894\" srcset=\"https:\/\/www.acidadeon.com\/ribeiraopreto\/wp-content\/uploads\/sites\/3\/2023\/12\/Comercio-856x1024.jpg 856w, https:\/\/www.acidadeon.com\/ribeiraopreto\/wp-content\/uploads\/sites\/3\/2023\/12\/Comercio-251x300.jpg 251w, https:\/\/www.acidadeon.com\/ribeiraopreto\/wp-content\/uploads\/sites\/3\/2023\/12\/Comercio-768x919.jpg 768w, https:\/\/www.acidadeon.com\/ribeiraopreto\/wp-content\/uploads\/sites\/3\/2023\/12\/Comercio-1284x1536.jpg 1284w, https:\/\/www.acidadeon.com\/ribeiraopreto\/wp-content\/uploads\/sites\/3\/2023\/12\/Comercio-1712x2048.jpg 1712w, https:\/\/www.acidadeon.com\/ribeiraopreto\/wp-content\/uploads\/sites\/3\/2023\/12\/Comercio-696x832.jpg 696w, https:\/\/www.acidadeon.com\/ribeiraopreto\/wp-content\/uploads\/sites\/3\/2023\/12\/Comercio-1068x1277.jpg 1068w, https:\/\/www.acidadeon.com\/ribeiraopreto\/wp-content\/uploads\/sites\/3\/2023\/12\/Comercio-1920x2296.jpg 1920w\" sizes=\"auto, (max-width: 748px) 100vw, 748px\"\/><figcaption class=\"wp-element-caption\">Ranking das Melhores Cidades Para Se Fazer Neg\u00f3cios \u2013 Categoria Com\u00e9rcio. (Foto: Reprodu\u00e7\u00e3o\/ Urban Systems)<\/figcaption><\/figure>\n<h3 class=\"wp-block-heading\"><strong><mark style=\"background-color:rgba(0, 0, 0, 0)\" class=\"has-inline-color has-luminous-vivid-orange-color\">Sa\u00fade<\/mark><\/strong><\/h3>\n<figure class=\"wp-block-image size-large\"><img data-recalc-dims=\"1\" decoding=\"async\" loading=\"lazy\" width=\"874\" height=\"1024\" src=\"https:\/\/i0.wp.com\/www.acidadeon.com\/ribeiraopreto\/wp-content\/uploads\/sites\/3\/2023\/12\/Saude-874x1024.jpg?resize=874%2C1024&#038;ssl=1\" alt=\"\" class=\"wp-image-63122\" srcset=\"https:\/\/www.acidadeon.com\/ribeiraopreto\/wp-content\/uploads\/sites\/3\/2023\/12\/Saude-874x1024.jpg 874w, https:\/\/www.acidadeon.com\/ribeiraopreto\/wp-content\/uploads\/sites\/3\/2023\/12\/Saude-256x300.jpg 256w, https:\/\/www.acidadeon.com\/ribeiraopreto\/wp-content\/uploads\/sites\/3\/2023\/12\/Saude-768x899.jpg 768w, https:\/\/www.acidadeon.com\/ribeiraopreto\/wp-content\/uploads\/sites\/3\/2023\/12\/Saude-1312x1536.jpg 1312w, https:\/\/www.acidadeon.com\/ribeiraopreto\/wp-content\/uploads\/sites\/3\/2023\/12\/Saude-1749x2048.jpg 1749w, https:\/\/www.acidadeon.com\/ribeiraopreto\/wp-content\/uploads\/sites\/3\/2023\/12\/Saude-696x815.jpg 696w, https:\/\/www.acidadeon.com\/ribeiraopreto\/wp-content\/uploads\/sites\/3\/2023\/12\/Saude-1068x1251.jpg 1068w, https:\/\/www.acidadeon.com\/ribeiraopreto\/wp-content\/uploads\/sites\/3\/2023\/12\/Saude-1920x2249.jpg 1920w\" sizes=\"auto, (max-width: 874px) 100vw, 874px\"\/><figcaption class=\"wp-element-caption\">Ranking das Melhores Cidades Para Se Fazer Neg\u00f3cios \u2013 Categoria Sa\u00fade. (Foto: Reprodu\u00e7\u00e3o\/ Urban Systems)<\/figcaption><\/figure>\n<h3 class=\"wp-block-heading\"><strong><mark style=\"background-color:rgba(0, 0, 0, 0)\" class=\"has-inline-color has-luminous-vivid-orange-color\">Agropecu\u00e1ria<\/mark><\/strong><\/h3>\n<figure class=\"wp-block-image size-large\"><img data-recalc-dims=\"1\" decoding=\"async\" loading=\"lazy\" width=\"866\" height=\"1024\" src=\"https:\/\/i0.wp.com\/www.acidadeon.com\/ribeiraopreto\/wp-content\/uploads\/sites\/3\/2023\/12\/Agropecuaria-866x1024.jpg?resize=866%2C1024&#038;ssl=1\" alt=\"\" class=\"wp-image-63124\" srcset=\"https:\/\/www.acidadeon.com\/ribeiraopreto\/wp-content\/uploads\/sites\/3\/2023\/12\/Agropecuaria-866x1024.jpg 866w, https:\/\/www.acidadeon.com\/ribeiraopreto\/wp-content\/uploads\/sites\/3\/2023\/12\/Agropecuaria-254x300.jpg 254w, https:\/\/www.acidadeon.com\/ribeiraopreto\/wp-content\/uploads\/sites\/3\/2023\/12\/Agropecuaria-768x909.jpg 768w, https:\/\/www.acidadeon.com\/ribeiraopreto\/wp-content\/uploads\/sites\/3\/2023\/12\/Agropecuaria-1298x1536.jpg 1298w, https:\/\/www.acidadeon.com\/ribeiraopreto\/wp-content\/uploads\/sites\/3\/2023\/12\/Agropecuaria-1731x2048.jpg 1731w, https:\/\/www.acidadeon.com\/ribeiraopreto\/wp-content\/uploads\/sites\/3\/2023\/12\/Agropecuaria-696x823.jpg 696w, https:\/\/www.acidadeon.com\/ribeiraopreto\/wp-content\/uploads\/sites\/3\/2023\/12\/Agropecuaria-1068x1264.jpg 1068w, https:\/\/www.acidadeon.com\/ribeiraopreto\/wp-content\/uploads\/sites\/3\/2023\/12\/Agropecuaria-1920x2272.jpg 1920w\" sizes=\"auto, (max-width: 866px) 100vw, 866px\"\/><figcaption class=\"wp-element-caption\">Ranking das Melhores Cidades Para Se Fazer Neg\u00f3cios \u2013 Categoria Agropecu\u00e1ria. (Foto: Reprodu\u00e7\u00e3o\/ Urban Systems)<\/figcaption><\/figure>\n<h4 class=\"wp-block-heading\"><strong><mark style=\"background-color:rgba(0, 0, 0, 0)\" class=\"has-inline-color has-luminous-vivid-orange-color\">Educa\u00e7\u00e3o<\/mark><\/strong><\/h4>\n<figure class=\"wp-block-image size-large\"><img data-recalc-dims=\"1\" decoding=\"async\" loading=\"lazy\" width=\"866\" height=\"1024\" src=\"https:\/\/i0.wp.com\/www.acidadeon.com\/ribeiraopreto\/wp-content\/uploads\/sites\/3\/2023\/12\/Educacao-866x1024.jpg?resize=866%2C1024&#038;ssl=1\" alt=\"\" class=\"wp-image-63125\" srcset=\"https:\/\/www.acidadeon.com\/ribeiraopreto\/wp-content\/uploads\/sites\/3\/2023\/12\/Educacao-866x1024.jpg 866w, https:\/\/www.acidadeon.com\/ribeiraopreto\/wp-content\/uploads\/sites\/3\/2023\/12\/Educacao-254x300.jpg 254w, https:\/\/www.acidadeon.com\/ribeiraopreto\/wp-content\/uploads\/sites\/3\/2023\/12\/Educacao-768x908.jpg 768w, https:\/\/www.acidadeon.com\/ribeiraopreto\/wp-content\/uploads\/sites\/3\/2023\/12\/Educacao-1300x1536.jpg 1300w, https:\/\/www.acidadeon.com\/ribeiraopreto\/wp-content\/uploads\/sites\/3\/2023\/12\/Educacao-1733x2048.jpg 1733w, https:\/\/www.acidadeon.com\/ribeiraopreto\/wp-content\/uploads\/sites\/3\/2023\/12\/Educacao-696x823.jpg 696w, https:\/\/www.acidadeon.com\/ribeiraopreto\/wp-content\/uploads\/sites\/3\/2023\/12\/Educacao-1068x1262.jpg 1068w, https:\/\/www.acidadeon.com\/ribeiraopreto\/wp-content\/uploads\/sites\/3\/2023\/12\/Educacao-1920x2269.jpg 1920w\" sizes=\"auto, (max-width: 866px) 100vw, 866px\"\/><figcaption class=\"wp-element-caption\">Ranking das Melhores Cidades Para Se Fazer Neg\u00f3cios \u2013 Categoria Educa\u00e7\u00e3o. (Foto: Reprodu\u00e7\u00e3o\/ Urban Systems)<\/figcaption><\/figure>\n<h3 class=\"wp-block-heading\"><strong><mark style=\"background-color:rgba(0, 0, 0, 0)\" class=\"has-inline-color has-luminous-vivid-orange-color\">Mercado Imobili\u00e1rio<\/mark><\/strong><\/h3>\n<figure class=\"wp-block-image size-large\"><img data-recalc-dims=\"1\" decoding=\"async\" loading=\"lazy\" width=\"868\" height=\"1024\" src=\"https:\/\/i0.wp.com\/www.acidadeon.com\/ribeiraopreto\/wp-content\/uploads\/sites\/3\/2023\/12\/Imobiliario-868x1024.jpg?resize=868%2C1024&#038;ssl=1\" alt=\"\" class=\"wp-image-63126\" srcset=\"https:\/\/www.acidadeon.com\/ribeiraopreto\/wp-content\/uploads\/sites\/3\/2023\/12\/Imobiliario-868x1024.jpg 868w, https:\/\/www.acidadeon.com\/ribeiraopreto\/wp-content\/uploads\/sites\/3\/2023\/12\/Imobiliario-254x300.jpg 254w, https:\/\/www.acidadeon.com\/ribeiraopreto\/wp-content\/uploads\/sites\/3\/2023\/12\/Imobiliario-768x906.jpg 768w, https:\/\/www.acidadeon.com\/ribeiraopreto\/wp-content\/uploads\/sites\/3\/2023\/12\/Imobiliario-1303x1536.jpg 1303w, https:\/\/www.acidadeon.com\/ribeiraopreto\/wp-content\/uploads\/sites\/3\/2023\/12\/Imobiliario-1737x2048.jpg 1737w, https:\/\/www.acidadeon.com\/ribeiraopreto\/wp-content\/uploads\/sites\/3\/2023\/12\/Imobiliario-696x821.jpg 696w, https:\/\/www.acidadeon.com\/ribeiraopreto\/wp-content\/uploads\/sites\/3\/2023\/12\/Imobiliario-1068x1259.jpg 1068w, https:\/\/www.acidadeon.com\/ribeiraopreto\/wp-content\/uploads\/sites\/3\/2023\/12\/Imobiliario-1920x2264.jpg 1920w\" sizes=\"auto, (max-width: 868px) 100vw, 868px\"\/><figcaption class=\"wp-element-caption\">Ranking das Melhores Cidades Para Se Fazer Neg\u00f3cios \u2013 Categoria Mercado Imobili\u00e1rio. (Foto: Reprodu\u00e7\u00e3o\/ Urban Systems)<\/figcaption><\/figure>\n<h3 class=\"wp-block-heading\"><strong><mark style=\"background-color:rgba(0, 0, 0, 0)\" class=\"has-inline-color has-luminous-vivid-orange-color\"><strong><mark style=\"background-color:rgba(0, 0, 0, 0)\" class=\"has-inline-color has-luminous-vivid-orange-color\">Servi\u00e7os<\/mark><\/strong><\/mark><\/strong><\/h3>\n<figure class=\"wp-block-image size-large\"><img data-recalc-dims=\"1\" decoding=\"async\" loading=\"lazy\" width=\"871\" height=\"1024\" src=\"https:\/\/i0.wp.com\/www.acidadeon.com\/ribeiraopreto\/wp-content\/uploads\/sites\/3\/2023\/12\/Servicos-871x1024.jpg?resize=871%2C1024&#038;ssl=1\" alt=\"\" class=\"wp-image-63128\" srcset=\"https:\/\/www.acidadeon.com\/ribeiraopreto\/wp-content\/uploads\/sites\/3\/2023\/12\/Servicos-871x1024.jpg 871w, https:\/\/www.acidadeon.com\/ribeiraopreto\/wp-content\/uploads\/sites\/3\/2023\/12\/Servicos-255x300.jpg 255w, https:\/\/www.acidadeon.com\/ribeiraopreto\/wp-content\/uploads\/sites\/3\/2023\/12\/Servicos-768x903.jpg 768w, https:\/\/www.acidadeon.com\/ribeiraopreto\/wp-content\/uploads\/sites\/3\/2023\/12\/Servicos-1306x1536.jpg 1306w, https:\/\/www.acidadeon.com\/ribeiraopreto\/wp-content\/uploads\/sites\/3\/2023\/12\/Servicos-1741x2048.jpg 1741w, https:\/\/www.acidadeon.com\/ribeiraopreto\/wp-content\/uploads\/sites\/3\/2023\/12\/Servicos-696x819.jpg 696w, https:\/\/www.acidadeon.com\/ribeiraopreto\/wp-content\/uploads\/sites\/3\/2023\/12\/Servicos-1068x1256.jpg 1068w, https:\/\/www.acidadeon.com\/ribeiraopreto\/wp-content\/uploads\/sites\/3\/2023\/12\/Servicos-1920x2258.jpg 1920w\" sizes=\"auto, (max-width: 871px) 100vw, 871px\"\/><figcaption class=\"wp-element-caption\">Ranking das Melhores Cidades Para Se Fazer Neg\u00f3cios \u2013 Categoria Servi\u00e7os. (Foto: Reprodu\u00e7\u00e3o\/ Urban Systems)<\/figcaption><\/figure>\n<p>VEJA TAMB\u00c9M<\/p>\n<p>Petrobras anuncia redu\u00e7\u00e3o no pre\u00e7o do diesel; Veja o novo valor<\/p>\n<h4 class=\"wp-block-heading\"><strong><mark style=\"background-color:#fcb900\" class=\"has-inline-color\">FIQUE ON<\/mark><\/strong><\/h4>\n<p>Fique ligado em tudo que acontece em Ribeir\u00e3o Preto e regi\u00e3o. Siga os perfis do\u00a0<strong>acidade on<\/strong>\u00a0no\u00a0<a href=\"https:\/\/www.instagram.com\/acidadeonribeirao\" target=\"_blank\" rel=\"noreferrer noopener\">Instagram<\/a>\u00a0e no\u00a0<a href=\"https:\/\/www.facebook.com\/acidadeonribeirao\" target=\"_blank\" rel=\"noreferrer noopener\">Facebook.<\/a><\/p>\n<p>Receba not\u00edcias do\u00a0<strong>acidade on<\/strong>\u00a0no WhatsApp.\u00a0<a href=\"https:\/\/chat.whatsapp.com\/Bnv2w66ZT4VDyZW3oiZ69n\" target=\"_blank\" rel=\"noreferrer noopener\">Para entrar no grupo, basta clicar aqui.<\/a><\/p>\n<p>Fa\u00e7a uma den\u00fancia ou sugira uma reportagem sobre a Ribeir\u00e3o Preto e regi\u00e3o pelo WhatsApp: (16) 99117 7802.<\/p>\n<p>LEIA MAIS<\/p>\n<p><a href=\"https:\/\/www.tudoep.com\/tudo-receitas\/NOT,0,0,1868562,linguica-de-pernil-especial-veja-prato-aprovado-por-ana-maria-braga.aspx\" target=\"_blank\" rel=\"noreferrer noopener\">Lingui\u00e7a de pernil especial: veja prato aprovado por Ana Maria Braga<\/a><\/p>\n<p><!-- AI CONTENT END 1 -->\n<\/div>\n<\/div>\n<p><script async src=\"\/\/www.instagram.com\/embed.js\"><\/script><br \/>\n<br \/><br \/>\n<br \/><a href=\"https:\/\/www.acidadeon.com\/ribeiraopreto\/economia\/municipios-na-regiao-de-ribeirao-se-destacam-no-ranking-de-melhores-cidades-para-negocios-veja-a-lista\/\">Source link <\/a><\/p>\n<!-- CONTENT END 1 -->\n","protected":false},"excerpt":{"rendered":"<p>Ribeir\u00e3o Preto e outros munic\u00edpios da regi\u00e3o est\u00e3o entre as \u2018Melhores Cidades Para Se Fazer Neg\u00f3cios\u2019, de acordo com um estudo da Urban Systems, divulgado&#8230;<\/p>\n","protected":false},"author":1,"featured_media":12201,"comment_status":"open","ping_status":"open","sticky":false,"template":"","format":"standard","meta":{"advanced_seo_description":"","jetpack_seo_html_title":"","jetpack_seo_noindex":false,"jetpack_post_was_ever_published":false,"_jetpack_newsletter_access":"","_jetpack_dont_email_post_to_subs":false,"_jetpack_newsletter_tier_id":0,"_jetpack_memberships_contains_paywalled_content":false,"_jetpack_memberships_contains_paid_content":false,"footnotes":"","jetpack_publicize_message":"","jetpack_publicize_feature_enabled":true,"jetpack_social_post_already_shared":true,"jetpack_social_options":{"image_generator_settings":{"template":"highway","default_image_id":0,"font":"","enabled":false},"version":2}},"categories":[11],"tags":[250,1702,766,1704,756,1705,71,1703,277,26,48],"class_list":["post-12200","post","type-post","status-publish","format-standard","has-post-thumbnail","hentry","category-noticias-de-ribeirao-preto-sp-e-regiao-ismael-colosi","tag-cidades","tag-destacam","tag-lista","tag-melhores","tag-municipios","tag-negocios","tag-para","tag-ranking","tag-regiao","tag-ribeirao","tag-veja"],"jetpack_publicize_connections":[],"jetpack_featured_media_url":"https:\/\/i0.wp.com\/noticiasribeiraopreto.com.br\/wp-content\/uploads\/2023\/12\/aerea-ribeirao-preto.jpg?fit=1620%2C1080&ssl=1","jetpack-related-posts":[{"id":59963,"url":"https:\/\/noticiasribeiraopreto.com.br\/index.php\/2024\/11\/02\/ribeirao-preto-aparece-em-lista-de-cidades-com-mais-ofertas-de-servicos-confira\/","url_meta":{"origin":12200,"position":0},"title":"Ribeir\u00e3o Preto aparece em lista de cidades com mais ofertas de servi\u00e7os;\u00a0Confira","author":"noticiasribeiraopreto.com.br","date":"2 de November de 2024","format":false,"excerpt":"As cidades de Ribeir\u00e3o Preto e Franca est\u00e3o entre as 100 maiores cidades do Brasil na quest\u00e3o de oferta de servi\u00e7os p\u00fablicos. De acordo com estudo da Macroplan, Franca aparece em segundo lugar enquanto Ribeir\u00e3o Preto ocupa a 13\u00ba coloca\u00e7\u00e3o. A lista \u00e9 feita baseada no \u00cdndice de Desafios da\u2026","rel":"","context":"In &quot;Not\u00edcias de Ribeir\u00e3o Preto-SP e Regi\u00e3o&quot;","block_context":{"text":"Not\u00edcias de Ribeir\u00e3o Preto-SP e Regi\u00e3o","link":"https:\/\/noticiasribeiraopreto.com.br\/index.php\/category\/noticias-de-ribeirao-preto-sp-e-regiao-ismael-colosi\/"},"img":{"alt_text":"","src":"https:\/\/i0.wp.com\/noticiasribeiraopreto.com.br\/wp-content\/uploads\/2024\/10\/catedral_2024-09-04_19-26-26_jpg_2024-09-04_19-26-26.webp.webp?fit=1200%2C900&ssl=1&resize=350%2C200","width":350,"height":200,"srcset":"https:\/\/i0.wp.com\/noticiasribeiraopreto.com.br\/wp-content\/uploads\/2024\/10\/catedral_2024-09-04_19-26-26_jpg_2024-09-04_19-26-26.webp.webp?fit=1200%2C900&ssl=1&resize=350%2C200 1x, https:\/\/i0.wp.com\/noticiasribeiraopreto.com.br\/wp-content\/uploads\/2024\/10\/catedral_2024-09-04_19-26-26_jpg_2024-09-04_19-26-26.webp.webp?fit=1200%2C900&ssl=1&resize=525%2C300 1.5x, https:\/\/i0.wp.com\/noticiasribeiraopreto.com.br\/wp-content\/uploads\/2024\/10\/catedral_2024-09-04_19-26-26_jpg_2024-09-04_19-26-26.webp.webp?fit=1200%2C900&ssl=1&resize=700%2C400 2x, https:\/\/i0.wp.com\/noticiasribeiraopreto.com.br\/wp-content\/uploads\/2024\/10\/catedral_2024-09-04_19-26-26_jpg_2024-09-04_19-26-26.webp.webp?fit=1200%2C900&ssl=1&resize=1050%2C600 3x"},"classes":[]},{"id":59427,"url":"https:\/\/noticiasribeiraopreto.com.br\/index.php\/2024\/10\/23\/ribeirao-esta-em-47o-lugar-em-ranking-de-melhor-acesso-a-internet-no-brasil-veja-lista\/","url_meta":{"origin":12200,"position":1},"title":"Ribeir\u00e3o est\u00e1 em 47\u00ba lugar em ranking de melhor acesso \u00e0 internet no Brasil; Veja lista","author":"noticiasribeiraopreto.com.br","date":"23 de October de 2024","format":false,"excerpt":"Ribeir\u00e3o Preto est\u00e1 em 47\u00ba lugar de melhor acesso \u00e0 internet do Brasil, com 81,60 pontos (em uma escala de 0 a 100), de acordo recorte do IPS Brasil (\u00cdndice de Progresso Social do Brasil). O levantamento foi publicado pelo Estad\u00e3o, nesta quarta-feira (23). Entre as cidades da regi\u00e3o, Serra\u2026","rel":"","context":"In &quot;Not\u00edcias de Ribeir\u00e3o Preto-SP e Regi\u00e3o&quot;","block_context":{"text":"Not\u00edcias de Ribeir\u00e3o Preto-SP e Regi\u00e3o","link":"https:\/\/noticiasribeiraopreto.com.br\/index.php\/category\/noticias-de-ribeirao-preto-sp-e-regiao-ismael-colosi\/"},"img":{"alt_text":"","src":"https:\/\/i0.wp.com\/noticiasribeiraopreto.com.br\/wp-content\/uploads\/2024\/10\/1729715442_cursos_funtec_-_foto_guilherme_sircili_4.jpg?fit=1200%2C799&ssl=1&resize=350%2C200","width":350,"height":200,"srcset":"https:\/\/i0.wp.com\/noticiasribeiraopreto.com.br\/wp-content\/uploads\/2024\/10\/1729715442_cursos_funtec_-_foto_guilherme_sircili_4.jpg?fit=1200%2C799&ssl=1&resize=350%2C200 1x, https:\/\/i0.wp.com\/noticiasribeiraopreto.com.br\/wp-content\/uploads\/2024\/10\/1729715442_cursos_funtec_-_foto_guilherme_sircili_4.jpg?fit=1200%2C799&ssl=1&resize=525%2C300 1.5x, https:\/\/i0.wp.com\/noticiasribeiraopreto.com.br\/wp-content\/uploads\/2024\/10\/1729715442_cursos_funtec_-_foto_guilherme_sircili_4.jpg?fit=1200%2C799&ssl=1&resize=700%2C400 2x, https:\/\/i0.wp.com\/noticiasribeiraopreto.com.br\/wp-content\/uploads\/2024\/10\/1729715442_cursos_funtec_-_foto_guilherme_sircili_4.jpg?fit=1200%2C799&ssl=1&resize=1050%2C600 3x"},"classes":[]},{"id":10594,"url":"https:\/\/noticiasribeiraopreto.com.br\/index.php\/2023\/12\/04\/cidades-na-regiao-de-ribeirao-estao-entre-as-menos-violentas-de-sp-veja-a-lista\/","url_meta":{"origin":12200,"position":2},"title":"Cidades na regi\u00e3o de Ribeir\u00e3o est\u00e3o entre as menos violentas de SP; Veja a lista","author":"noticiasribeiraopreto.com.br","date":"4 de December de 2023","format":false,"excerpt":"O Instituto Sou da Paz divulgou nesta segunda-feira (4) o IECV (\u00cdndice de Exposi\u00e7\u00e3o aos Crimes Violentos), que aponta quais s\u00e3o as cidades mais e menos violentas do Estado de S\u00e3o Paulo. A regi\u00e3o de Ribeir\u00e3o Preto conta com duas cidades entre as 10 mais seguras do estado. O IECV\u2026","rel":"","context":"In &quot;Not\u00edcias de Ribeir\u00e3o Preto-SP e Regi\u00e3o&quot;","block_context":{"text":"Not\u00edcias de Ribeir\u00e3o Preto-SP e Regi\u00e3o","link":"https:\/\/noticiasribeiraopreto.com.br\/index.php\/category\/noticias-de-ribeirao-preto-sp-e-regiao-ismael-colosi\/"},"img":{"alt_text":"","src":"https:\/\/i0.wp.com\/noticiasribeiraopreto.com.br\/wp-content\/uploads\/2023\/12\/monte-alto-1.jpg?fit=1200%2C800&ssl=1&resize=350%2C200","width":350,"height":200,"srcset":"https:\/\/i0.wp.com\/noticiasribeiraopreto.com.br\/wp-content\/uploads\/2023\/12\/monte-alto-1.jpg?fit=1200%2C800&ssl=1&resize=350%2C200 1x, https:\/\/i0.wp.com\/noticiasribeiraopreto.com.br\/wp-content\/uploads\/2023\/12\/monte-alto-1.jpg?fit=1200%2C800&ssl=1&resize=525%2C300 1.5x, https:\/\/i0.wp.com\/noticiasribeiraopreto.com.br\/wp-content\/uploads\/2023\/12\/monte-alto-1.jpg?fit=1200%2C800&ssl=1&resize=700%2C400 2x, https:\/\/i0.wp.com\/noticiasribeiraopreto.com.br\/wp-content\/uploads\/2023\/12\/monte-alto-1.jpg?fit=1200%2C800&ssl=1&resize=1050%2C600 3x"},"classes":[]},{"id":9554,"url":"https:\/\/noticiasribeiraopreto.com.br\/index.php\/2023\/12\/02\/investe-em-imoveis-os-precos-subiram-ate-40-nestas-cidades-nos-ultimos-cinco-anos-veja-em-quais-municipios-as-propriedades-mais-se-valorizaram-e-mais-perderam\/","url_meta":{"origin":12200,"position":3},"title":"Investe em im\u00f3veis? Os pre\u00e7os subiram at\u00e9 40% nestas cidades nos \u00faltimos cinco anos; veja em quais mun\u00edcipios as propriedades mais se valorizaram e mais perderam","author":"noticiasribeiraopreto.com.br","date":"2 de December de 2023","format":false,"excerpt":"Quem comprou im\u00f3veis nas cidades de Vit\u00f3ria, Vila Velha, Goi\u00e2nia, Curitiba e Florian\u00f3polis obteve ganhos acima da infla\u00e7\u00e3o nos \u00faltimos cinco anos. De acordo com dados p\u00fablicos do \u00edndice FipeZap analisados pelo\u00a0Estad\u00e3o, a valoriza\u00e7\u00e3o do pre\u00e7o m\u00e9dio do metro quadrado nesses munic\u00edpios ficou entre 16% e 40,8% (j\u00e1 descontada a\u2026","rel":"","context":"In &quot;Dinheiro e Investimento&quot;","block_context":{"text":"Dinheiro e Investimento","link":"https:\/\/noticiasribeiraopreto.com.br\/index.php\/category\/dinheiro-e-investimento-como-fazer-como-ganhar\/"},"img":{"alt_text":"","src":"https:\/\/i0.wp.com\/noticiasribeiraopreto.com.br\/wp-content\/uploads\/2023\/12\/Novo-Projeto-628x353.png?fit=628%2C353&ssl=1&resize=350%2C200","width":350,"height":200,"srcset":"https:\/\/i0.wp.com\/noticiasribeiraopreto.com.br\/wp-content\/uploads\/2023\/12\/Novo-Projeto-628x353.png?fit=628%2C353&ssl=1&resize=350%2C200 1x, https:\/\/i0.wp.com\/noticiasribeiraopreto.com.br\/wp-content\/uploads\/2023\/12\/Novo-Projeto-628x353.png?fit=628%2C353&ssl=1&resize=525%2C300 1.5x"},"classes":[]},{"id":59421,"url":"https:\/\/noticiasribeiraopreto.com.br\/index.php\/2024\/10\/23\/ribeirao-preto-esta-em-47o-lugar-de-melhor-acesso-a-internet-no-brasil-veja-ranking\/","url_meta":{"origin":12200,"position":4},"title":"Ribeir\u00e3o Preto est\u00e1 em 47\u00ba lugar de melhor acesso \u00e0 internet no Brasil; Veja ranking","author":"noticiasribeiraopreto.com.br","date":"23 de October de 2024","format":false,"excerpt":"Ribeir\u00e3o Preto est\u00e1 em 47\u00ba lugar de melhor acesso \u00e0 internet do Brasil, com 81,60 pontos (em uma escala de 0 a 100), de acordo recorte do IPS Brasil (\u00cdndice de Progresso Social do Brasil). O levantamento foi publicado pelo Estad\u00e3o, nesta quarta-feira (23). Entre as cidades da regi\u00e3o, Serra\u2026","rel":"","context":"In &quot;Not\u00edcias de Ribeir\u00e3o Preto-SP e Regi\u00e3o&quot;","block_context":{"text":"Not\u00edcias de Ribeir\u00e3o Preto-SP e Regi\u00e3o","link":"https:\/\/noticiasribeiraopreto.com.br\/index.php\/category\/noticias-de-ribeirao-preto-sp-e-regiao-ismael-colosi\/"},"img":{"alt_text":"","src":"https:\/\/i0.wp.com\/noticiasribeiraopreto.com.br\/wp-content\/uploads\/2024\/10\/cursos_funtec_-_foto_guilherme_sircili_4.jpg?fit=1200%2C799&ssl=1&resize=350%2C200","width":350,"height":200,"srcset":"https:\/\/i0.wp.com\/noticiasribeiraopreto.com.br\/wp-content\/uploads\/2024\/10\/cursos_funtec_-_foto_guilherme_sircili_4.jpg?fit=1200%2C799&ssl=1&resize=350%2C200 1x, https:\/\/i0.wp.com\/noticiasribeiraopreto.com.br\/wp-content\/uploads\/2024\/10\/cursos_funtec_-_foto_guilherme_sircili_4.jpg?fit=1200%2C799&ssl=1&resize=525%2C300 1.5x, https:\/\/i0.wp.com\/noticiasribeiraopreto.com.br\/wp-content\/uploads\/2024\/10\/cursos_funtec_-_foto_guilherme_sircili_4.jpg?fit=1200%2C799&ssl=1&resize=700%2C400 2x, https:\/\/i0.wp.com\/noticiasribeiraopreto.com.br\/wp-content\/uploads\/2024\/10\/cursos_funtec_-_foto_guilherme_sircili_4.jpg?fit=1200%2C799&ssl=1&resize=1050%2C600 3x"},"classes":[]},{"id":69706,"url":"https:\/\/noticiasribeiraopreto.com.br\/index.php\/2025\/05\/08\/ribeirao-preto-e-a-58a-cidade-mais-desenvolvidas-do-brasil-veja-ranking-da-firjan\/","url_meta":{"origin":12200,"position":5},"title":"Ribeir\u00e3o Preto \u00e9 a 58\u00aa cidade mais desenvolvidas do Brasil; Veja ranking da Firjan","author":"noticiasribeiraopreto.com.br","date":"8 de May de 2025","format":false,"excerpt":"Ribeir\u00e3o Preto ocupava em 2023, a 58\u00aa posi\u00e7\u00e3o no ranking das cidades mais desenvolvidas do Brasil, segundo o \u00cdndice Firjan de Desenvolvimento Municipal (IFDM). O indicador foi divulgado nesta quinta-feira (8), pela Federa\u00e7\u00e3o das Ind\u00fastrias do Estado do Rio de Janeiro (Firjan), e leva em conta tr\u00eas indicadores: emprego e\u2026","rel":"","context":"In &quot;Not\u00edcias de Ribeir\u00e3o Preto-SP e Regi\u00e3o&quot;","block_context":{"text":"Not\u00edcias de Ribeir\u00e3o Preto-SP e Regi\u00e3o","link":"https:\/\/noticiasribeiraopreto.com.br\/index.php\/category\/noticias-de-ribeirao-preto-sp-e-regiao-ismael-colosi\/"},"img":{"alt_text":"","src":"https:\/\/i0.wp.com\/noticiasribeiraopreto.com.br\/wp-content\/uploads\/2025\/05\/aerea-ribeirao-preto.jpg?fit=1200%2C800&ssl=1&resize=350%2C200","width":350,"height":200,"srcset":"https:\/\/i0.wp.com\/noticiasribeiraopreto.com.br\/wp-content\/uploads\/2025\/05\/aerea-ribeirao-preto.jpg?fit=1200%2C800&ssl=1&resize=350%2C200 1x, https:\/\/i0.wp.com\/noticiasribeiraopreto.com.br\/wp-content\/uploads\/2025\/05\/aerea-ribeirao-preto.jpg?fit=1200%2C800&ssl=1&resize=525%2C300 1.5x, https:\/\/i0.wp.com\/noticiasribeiraopreto.com.br\/wp-content\/uploads\/2025\/05\/aerea-ribeirao-preto.jpg?fit=1200%2C800&ssl=1&resize=700%2C400 2x, https:\/\/i0.wp.com\/noticiasribeiraopreto.com.br\/wp-content\/uploads\/2025\/05\/aerea-ribeirao-preto.jpg?fit=1200%2C800&ssl=1&resize=1050%2C600 3x"},"classes":[]}],"jetpack_sharing_enabled":true,"jetpack_shortlink":"https:\/\/wp.me\/peQAOb-3aM","_links":{"self":[{"href":"https:\/\/noticiasribeiraopreto.com.br\/index.php\/wp-json\/wp\/v2\/posts\/12200","targetHints":{"allow":["GET"]}}],"collection":[{"href":"https:\/\/noticiasribeiraopreto.com.br\/index.php\/wp-json\/wp\/v2\/posts"}],"about":[{"href":"https:\/\/noticiasribeiraopreto.com.br\/index.php\/wp-json\/wp\/v2\/types\/post"}],"author":[{"embeddable":true,"href":"https:\/\/noticiasribeiraopreto.com.br\/index.php\/wp-json\/wp\/v2\/users\/1"}],"replies":[{"embeddable":true,"href":"https:\/\/noticiasribeiraopreto.com.br\/index.php\/wp-json\/wp\/v2\/comments?post=12200"}],"version-history":[{"count":0,"href":"https:\/\/noticiasribeiraopreto.com.br\/index.php\/wp-json\/wp\/v2\/posts\/12200\/revisions"}],"wp:featuredmedia":[{"embeddable":true,"href":"https:\/\/noticiasribeiraopreto.com.br\/index.php\/wp-json\/wp\/v2\/media\/12201"}],"wp:attachment":[{"href":"https:\/\/noticiasribeiraopreto.com.br\/index.php\/wp-json\/wp\/v2\/media?parent=12200"}],"wp:term":[{"taxonomy":"category","embeddable":true,"href":"https:\/\/noticiasribeiraopreto.com.br\/index.php\/wp-json\/wp\/v2\/categories?post=12200"},{"taxonomy":"post_tag","embeddable":true,"href":"https:\/\/noticiasribeiraopreto.com.br\/index.php\/wp-json\/wp\/v2\/tags?post=12200"}],"curies":[{"name":"wp","href":"https:\/\/api.w.org\/{rel}","templated":true}]}}