{"id":12204,"date":"2023-12-07T16:26:10","date_gmt":"2023-12-07T19:26:10","guid":{"rendered":"https:\/\/noticiasribeiraopreto.com.br\/index.php\/2023\/12\/07\/hora-de-investir-na-acao\/"},"modified":"2023-12-07T16:26:10","modified_gmt":"2023-12-07T19:26:10","slug":"hora-de-investir-na-acao","status":"publish","type":"post","link":"https:\/\/noticiasribeiraopreto.com.br\/index.php\/2023\/12\/07\/hora-de-investir-na-acao\/","title":{"rendered":"hora de investir na a\u00e7\u00e3o?"},"content":{"rendered":"<div class='code-block code-block-1' style='margin: 8px 0 8px auto; text-align: right; display: block; clear: both;'>\n<p><a href=\"https:\/\/wa.link\/vpicfd\"><img data-recalc-dims=\"1\" class=\"wp-image-4922\" style=\"aspect-ratio: 2.0253164556962027; width: 561px; height: auto;\" src=\"https:\/\/i0.wp.com\/ismaelcolosi.com.br\/wp-content\/uploads\/2023\/11\/grupo-de-empregos-whatsapp-e-facebook-ismael-colosi-vagas.jpg?ssl=1\" alt=\"\" \/><\/a><\/p>\n<!-- \/wp:image -->\n<\/div>\n<p> <br \/>\n<\/p>\n<div id=\"js-first-letter\">\n<p>O governador de S\u00e3o Paulo, Tarc\u00edsio de Freitas, est\u00e1 muito perto de concluir uma de suas principais promessas de campanha. Nesta quarta-feira (6), o projeto que prev\u00ea a <strong>privatiza\u00e7\u00e3o da Sabesp (SBSP3) <\/strong>foi aprovado pelos deputados da Assembleia Legislativa do Estado de S\u00e3o Paulo (Alesp).<\/p>\n<p>A sess\u00e3o foi marcada por tumulto entre manifestantes e a Pol\u00edcia Militar, que chegou a usar spray de pimenta dentro do plen\u00e1rio. Por conta disso, os deputados da oposi\u00e7\u00e3o se retiraram e n\u00e3o participaram da vota\u00e7\u00e3o, que terminou com <strong>62 votos a favor <\/strong>da privatiza\u00e7\u00e3o e apenas um contra.\u00a0<\/p>\n<p>Agora, o texto vai para a san\u00e7\u00e3o de Tarc\u00edsio, que tem 15 dias para se manifestar a respeito da proposta aprovada.\u00a0<\/p>\n<p>Vale lembrar que a Sabesp j\u00e1 \u00e9 uma empresa <strong>parcialmente privada<\/strong>, que inclusive negocia em Bolsa sob o ticker SBSP3. Com o novo projeto, o governo estadual deve reduzir sua participa\u00e7\u00e3o dos atuais 50,3% para algo entre 15% e 30%, mantendo direito a veto em decis\u00f5es estrat\u00e9gicas.<\/p>\n<p>Toda a expectativa criada pela privatiza\u00e7\u00e3o da estatal se reflete no <strong>desempenho das suas a\u00e7\u00f5es<\/strong>, que j\u00e1 sobem mais de 20% em 2023. S\u00f3 em novembro, os pap\u00e9is SBSP3 deram um salto de 10%. Atualmente, as a\u00e7\u00f5es negociam a cerca de R$ 68, com leve queda nesta manh\u00e3 de quinta (7).\u00a0<\/p>\n<p>Mas se voc\u00ea pensa em incluir a\u00e7\u00f5es da Sabesp na sua carteira agora, ap\u00f3s mais essa etapa cumprida em prol da privatiza\u00e7\u00e3o, <strong>\u00e9 melhor repensar essa ideia.<\/strong><\/p>\n<p>Para alguns analistas, existe uma <strong><a href=\"https:\/\/lp1.empiricus.com.br\/10-melhores-acoes-mes-acao01-a\/?xpromo=XE-MEL-SD-ACAO01-AUDSD-20231207-PUBED-X-LBRDBM048\" target=\"_blank\" rel=\"noreferrer noopener\">outra companhia de saneamento listada na Bolsa brasileira<\/a><\/strong> com capacidade de entregar <strong>ganhos de capital mais relevantes<\/strong> a seus acionistas dentro dos pr\u00f3ximos meses.\u00a0<\/p>\n<p>Inclusive, essa outra companhia est\u00e1 <strong>negociando abaixo da sua m\u00e9dia hist\u00f3rica <\/strong>dos \u00faltimos anos, o que significa que ela est\u00e1 em \u00f3timo ponto de entrada agora.<\/p>\n<h2 class=\"wp-block-heading\" id=\"h-uma-das-acoes-mais-defensivas-da-bolsa\">Uma das a\u00e7\u00f5es mais defensivas da Bolsa<\/h2>\n<p>Com um <strong>hist\u00f3rico comprovado de execu\u00e7\u00e3o<\/strong> em regi\u00f5es extremamente dif\u00edceis de operar, essa outra companhia listada na Bolsa brasileira chamou a aten\u00e7\u00e3o da analista Larissa Quaresma, da Empiricus Research.\u00a0<\/p>\n<p>Trata-se de uma empresa que representa o terceiro maior grupo de distribui\u00e7\u00e3o de<strong> energia <\/strong>do Brasil e que tamb\u00e9m possui importante atua\u00e7\u00e3o no setor de <strong>saneamento b\u00e1sico<\/strong>.<\/p>\n<p>\u201cEssa empresa conta com uma administra\u00e7\u00e3o de extrema qualidade e, por atuar em segmentos de necessidade b\u00e1sica (energia e saneamento), seus resultados s\u00e3o <strong>menos sens\u00edveis<\/strong> \u00e0 uma poss\u00edvel desacelera\u00e7\u00e3o da economia\u201d, explica a analista.<\/p>\n<p>Ou seja: seus resultados dificilmente v\u00e3o oscilar de maneira radical \u2013 mesmo em momentos de crise econ\u00f4mica e aperto monet\u00e1rio.<\/p>\n<p>Tudo isso torna a a\u00e7\u00e3o dessa empresa uma das <strong>mais defensivas <\/strong>da Bolsa brasileira. Inclusive, ela representa uma das maiores hist\u00f3rias de valoriza\u00e7\u00e3o da Bolsa desde seu IPO, em 2006, com uma alta que ultrapassa os<strong> 2.000%.<\/strong><\/p>\n<p>E as expectativas da analista para o futuro da companhia s\u00e3o bastante <strong>positivas<\/strong>. Isso porque, al\u00e9m de algumas a\u00e7\u00f5es que podem resultar em <strong>maior receita e Ebitda<\/strong>, Larissa tamb\u00e9m n\u00e3o descarta a possibilidade de que haja <strong>novas aquisi\u00e7\u00f5es<\/strong>, especialmente, no segmento de saneamento b\u00e1sico.\u00a0<\/p>\n<p>Mesmo diante da enorme qualidade e hist\u00f3rico, as a\u00e7\u00f5es dessa companhia de saneamento encontram-se com um <strong>pre\u00e7o bastante atrativo na Bolsa.\u00a0<\/strong><\/p>\n<p>\u201cEm termos de EV\/Ebitda [m\u00faltiplo usado comumente para determinar o valor justo de uma empresa no mercado], essa a\u00e7\u00e3o est\u00e1 <strong>abaixo de sua m\u00e9dia dos \u00faltimos anos <\/strong>e negocia com um TIR (taxa interna de retorno) de 10% \u2013 em minha vis\u00e3o, um \u00f3timo ponto de entrada\u201d, estima a analista.\u00a0<\/p>\n<p>Em outras palavras: esse \u00e9 o momento de <strong>pagar barato<\/strong> na a\u00e7\u00e3o de uma empresa resiliente, que j\u00e1 cresceu muito oferecendo servi\u00e7os b\u00e1sicos \u00e0 popula\u00e7\u00e3o e que tem potencial para entregar <strong>resultados ainda melhores <\/strong>nos pr\u00f3ximos meses.\u00a0<\/p>\n<p>E tudo isso, \u00e9 claro, pode se refletir em uma<strong> valoriza\u00e7\u00e3o <\/strong>na Bolsa brasileira \u2013 e lucros no bolso de quem comprar os pap\u00e9is agora.\u00a0<\/p>\n<p>\u00c9 por isso que a analista incluiu a a\u00e7\u00e3o dessa empresa em sua <strong><a href=\"https:\/\/lp1.empiricus.com.br\/10-melhores-acoes-mes-acao01-a\/?xpromo=XE-MEL-SD-ACAO01-AUDSD-20231207-PUBED-X-LBRDBM048\" target=\"_blank\" rel=\"noreferrer noopener\">Carteira 10 Ideias<\/a><\/strong>: uma sele\u00e7\u00e3o com as<strong> melhores empresas para investir agora.\u00a0<\/strong><\/p>\n<p>O acesso \u00e0 essa carteira \u00e9 <strong>100% gratuito <\/strong>para qualquer brasileiro. Ou seja, voc\u00ea n\u00e3o paga nada para acessar a lista de 10 a\u00e7\u00f5es, incluindo essa de saneamento e energia, que podem trazer <strong>maior ganho de capital para o seu bolso <\/strong>nos pr\u00f3ximos meses, na vis\u00e3o da analista Larissa Quaresma.\u00a0<\/p>\n<p>Clique no bot\u00e3o abaixo e receba os <strong>tickers <\/strong>no seu e-mail de gra\u00e7a:<\/p>\n<\/div>\n<p><br \/>\n<br \/><a href=\"https:\/\/www.seudinheiro.com\/2023\/patrocinado\/empiricus\/privatizacao-da-sabesp-sbsp3-hora-de-investir-na-acao-veja-a-recomendacao-de-analista-lbrdbm048\/\">Source link <\/a><\/p>\n<!-- CONTENT END 1 -->\n","protected":false},"excerpt":{"rendered":"<p>O governador de S\u00e3o Paulo, Tarc\u00edsio de Freitas, est\u00e1 muito perto de concluir uma de suas principais promessas de campanha. Nesta quarta-feira (6), o projeto&#8230;<\/p>\n","protected":false},"author":1,"featured_media":12205,"comment_status":"open","ping_status":"open","sticky":false,"template":"","format":"standard","meta":{"advanced_seo_description":"","jetpack_seo_html_title":"","jetpack_seo_noindex":false,"jetpack_post_was_ever_published":false,"_jetpack_newsletter_access":"","_jetpack_dont_email_post_to_subs":false,"_jetpack_newsletter_tier_id":0,"_jetpack_memberships_contains_paywalled_content":false,"_jetpack_memberships_contains_paid_content":false,"footnotes":"","jetpack_publicize_message":"","jetpack_publicize_feature_enabled":true,"jetpack_social_post_already_shared":true,"jetpack_social_options":{"image_generator_settings":{"template":"highway","default_image_id":0,"font":"","enabled":false},"version":2}},"categories":[1235],"tags":[],"class_list":["post-12204","post","type-post","status-publish","format-standard","has-post-thumbnail","hentry","category-dinheiro-e-investimento-como-fazer-como-ganhar"],"jetpack_publicize_connections":[],"jetpack_featured_media_url":"https:\/\/i0.wp.com\/noticiasribeiraopreto.com.br\/wp-content\/uploads\/2023\/12\/sd-privatizacao-sabesp-sbsp3-715x402.png?fit=715%2C402&ssl=1","jetpack-related-posts":[{"id":12112,"url":"https:\/\/noticiasribeiraopreto.com.br\/index.php\/2023\/12\/07\/tarcisio-leva-batalha-por-sabesp-sbsp3-mas-guerra-da-privatizacao-ainda-e-longa-apos-votacao-sem-oposicao-parlamentares-querem-cancelar-sessao-veja-proximos-passos\/","url_meta":{"origin":12204,"position":0},"title":"Tarc\u00edsio leva batalha por Sabesp (SBSP3), mas guerra da privatiza\u00e7\u00e3o ainda \u00e9 longa: ap\u00f3s vota\u00e7\u00e3o sem oposi\u00e7\u00e3o, parlamentares querem cancelar sess\u00e3o; veja pr\u00f3ximos passos","author":"noticiasribeiraopreto.com.br","date":"7 de December de 2023","format":false,"excerpt":"G\u00e1s de pimenta, pancadaria e vota\u00e7\u00e3o esmagadora. Foi assim que terminou a sess\u00e3o na Assembleia Legislativa do Estado de S\u00e3o Paulo (Alesp) que permitiu a privatiza\u00e7\u00e3o da Sabesp (SBSP3). Foram por 62 votos a favor e apenas um contra o projeto de lei (PL) n\u00ba 1.501\/2023 que autoriza o Executivo\u2026","rel":"","context":"In &quot;Dinheiro e Investimento&quot;","block_context":{"text":"Dinheiro e Investimento","link":"https:\/\/noticiasribeiraopreto.com.br\/index.php\/category\/dinheiro-e-investimento-como-fazer-como-ganhar\/"},"img":{"alt_text":"","src":"https:\/\/i0.wp.com\/noticiasribeiraopreto.com.br\/wp-content\/uploads\/2023\/12\/Os-touros-voltaram-ao-mercado-de-criptomoedas-e-ao-bitcoin-BTC2-715x402.jpg?fit=715%2C402&ssl=1&resize=350%2C200","width":350,"height":200,"srcset":"https:\/\/i0.wp.com\/noticiasribeiraopreto.com.br\/wp-content\/uploads\/2023\/12\/Os-touros-voltaram-ao-mercado-de-criptomoedas-e-ao-bitcoin-BTC2-715x402.jpg?fit=715%2C402&ssl=1&resize=350%2C200 1x, https:\/\/i0.wp.com\/noticiasribeiraopreto.com.br\/wp-content\/uploads\/2023\/12\/Os-touros-voltaram-ao-mercado-de-criptomoedas-e-ao-bitcoin-BTC2-715x402.jpg?fit=715%2C402&ssl=1&resize=525%2C300 1.5x, https:\/\/i0.wp.com\/noticiasribeiraopreto.com.br\/wp-content\/uploads\/2023\/12\/Os-touros-voltaram-ao-mercado-de-criptomoedas-e-ao-bitcoin-BTC2-715x402.jpg?fit=715%2C402&ssl=1&resize=700%2C400 2x"},"classes":[]},{"id":11799,"url":"https:\/\/noticiasribeiraopreto.com.br\/index.php\/2023\/12\/06\/alesp-aprova-pl-da-privatizacao-da-sabesp-sbsp3\/","url_meta":{"origin":12204,"position":1},"title":"Alesp aprova PL da privatiza\u00e7\u00e3o da Sabesp (SBSP3)","author":"noticiasribeiraopreto.com.br","date":"6 de December de 2023","format":false,"excerpt":"A Assembleia Legislativa do Estado de S\u00e3o Paulo (Alesp) acaba de aprovar por 62 votos a favor e um contra o projeto de lei (PL) n\u00ba 1.501\/2023 que autoriza o Executivo estadual a privatizar a companhia de \u00e1guas do estado, a Sabesp (SBSP3). Assim, o governador de S\u00e3o Paulo, Tarcisio\u2026","rel":"","context":"In &quot;Dinheiro e Investimento&quot;","block_context":{"text":"Dinheiro e Investimento","link":"https:\/\/noticiasribeiraopreto.com.br\/index.php\/category\/dinheiro-e-investimento-como-fazer-como-ganhar\/"},"img":{"alt_text":"","src":"https:\/\/i0.wp.com\/noticiasribeiraopreto.com.br\/wp-content\/uploads\/2023\/12\/Tarcisio-de-Freitas-governador-de-Sao-Paulo-quer-aprovar-privatizacao-da-Sabesp-mas-caso-Enel-pesa1-715x402.jpg?fit=715%2C402&ssl=1&resize=350%2C200","width":350,"height":200,"srcset":"https:\/\/i0.wp.com\/noticiasribeiraopreto.com.br\/wp-content\/uploads\/2023\/12\/Tarcisio-de-Freitas-governador-de-Sao-Paulo-quer-aprovar-privatizacao-da-Sabesp-mas-caso-Enel-pesa1-715x402.jpg?fit=715%2C402&ssl=1&resize=350%2C200 1x, https:\/\/i0.wp.com\/noticiasribeiraopreto.com.br\/wp-content\/uploads\/2023\/12\/Tarcisio-de-Freitas-governador-de-Sao-Paulo-quer-aprovar-privatizacao-da-Sabesp-mas-caso-Enel-pesa1-715x402.jpg?fit=715%2C402&ssl=1&resize=525%2C300 1.5x, https:\/\/i0.wp.com\/noticiasribeiraopreto.com.br\/wp-content\/uploads\/2023\/12\/Tarcisio-de-Freitas-governador-de-Sao-Paulo-quer-aprovar-privatizacao-da-Sabesp-mas-caso-Enel-pesa1-715x402.jpg?fit=715%2C402&ssl=1&resize=700%2C400 2x"},"classes":[]},{"id":12871,"url":"https:\/\/noticiasribeiraopreto.com.br\/index.php\/2023\/12\/08\/novo-campo-de-batalha-para-privatizacao-da-sabesp-sbsp3-camara-de-sp-pode-atrapalhar-planos-de-tarcisio-freitas-para-a-empresa\/","url_meta":{"origin":12204,"position":2},"title":"Novo campo de batalha para privatiza\u00e7\u00e3o da Sabesp (SBSP3)? C\u00e2mara de SP pode atrapalhar planos de Tarc\u00edsio Freitas para a empresa","author":"noticiasribeiraopreto.com.br","date":"8 de December de 2023","format":false,"excerpt":"Mesmo com o avan\u00e7o do projeto de lei (PL) que prev\u00ea a privatiza\u00e7\u00e3o da Sabesp (SBSP3), o governador do Estado, Tarc\u00edsio de Freitas (Republicanos), ainda pode ter mais um campo de batalha para garantir o sucesso da desestatiza\u00e7\u00e3o da empresa. Na C\u00e2mara Municipal de S\u00e3o Paulo, cidade que representa 45%\u2026","rel":"","context":"In &quot;Dinheiro e Investimento&quot;","block_context":{"text":"Dinheiro e Investimento","link":"https:\/\/noticiasribeiraopreto.com.br\/index.php\/category\/dinheiro-e-investimento-como-fazer-como-ganhar\/"},"img":{"alt_text":"","src":"https:\/\/i0.wp.com\/noticiasribeiraopreto.com.br\/wp-content\/uploads\/2023\/12\/1702070117_Tarcisio-de-Freitas-governador-de-Sao-Paulo-quer-aprovar-privatizacao-da-Sabesp-mas-caso-Enel-pesa1-715x402.jpg?fit=715%2C402&ssl=1&resize=350%2C200","width":350,"height":200,"srcset":"https:\/\/i0.wp.com\/noticiasribeiraopreto.com.br\/wp-content\/uploads\/2023\/12\/1702070117_Tarcisio-de-Freitas-governador-de-Sao-Paulo-quer-aprovar-privatizacao-da-Sabesp-mas-caso-Enel-pesa1-715x402.jpg?fit=715%2C402&ssl=1&resize=350%2C200 1x, https:\/\/i0.wp.com\/noticiasribeiraopreto.com.br\/wp-content\/uploads\/2023\/12\/1702070117_Tarcisio-de-Freitas-governador-de-Sao-Paulo-quer-aprovar-privatizacao-da-Sabesp-mas-caso-Enel-pesa1-715x402.jpg?fit=715%2C402&ssl=1&resize=525%2C300 1.5x, https:\/\/i0.wp.com\/noticiasribeiraopreto.com.br\/wp-content\/uploads\/2023\/12\/1702070117_Tarcisio-de-Freitas-governador-de-Sao-Paulo-quer-aprovar-privatizacao-da-Sabesp-mas-caso-Enel-pesa1-715x402.jpg?fit=715%2C402&ssl=1&resize=700%2C400 2x"},"classes":[]},{"id":35182,"url":"https:\/\/noticiasribeiraopreto.com.br\/index.php\/2024\/02\/05\/tarcisio-vai-a-europa-mostrar-sabesp-sbsp3-e-outros-itens-do-cardapio-de-leiloes-de-privatizacao-e-concessao-aos-investidores\/","url_meta":{"origin":12204,"position":3},"title":"Tarc\u00edsio vai \u00e0 Europa mostrar Sabesp (SBSP3) e outros itens do card\u00e1pio de leil\u00f5es de privatiza\u00e7\u00e3o e concess\u00e3o aos investidores","author":"noticiasribeiraopreto.com.br","date":"5 de February de 2024","format":false,"excerpt":"O governador de S\u00e3o Paulo, Tarcisio de Freitas (Republicanos-SP), vai passar a semana viajando pela Europa para mostrar a potenciais investidores a carteira de leil\u00f5es de privatiza\u00e7\u00e3o e concess\u00e3o previstos para os pr\u00f3ximos anos. A j\u00f3ia da coroa do Estado \u00e9, sem d\u00favidas, a Sabesp (SBSP3). A empresa de \u00e1guas\u2026","rel":"","context":"In &quot;Dinheiro e Investimento&quot;","block_context":{"text":"Dinheiro e Investimento","link":"https:\/\/noticiasribeiraopreto.com.br\/index.php\/category\/dinheiro-e-investimento-como-fazer-como-ganhar\/"},"img":{"alt_text":"","src":"https:\/\/i0.wp.com\/noticiasribeiraopreto.com.br\/wp-content\/uploads\/2024\/02\/2-715x402.jpg?fit=715%2C402&ssl=1&resize=350%2C200","width":350,"height":200,"srcset":"https:\/\/i0.wp.com\/noticiasribeiraopreto.com.br\/wp-content\/uploads\/2024\/02\/2-715x402.jpg?fit=715%2C402&ssl=1&resize=350%2C200 1x, https:\/\/i0.wp.com\/noticiasribeiraopreto.com.br\/wp-content\/uploads\/2024\/02\/2-715x402.jpg?fit=715%2C402&ssl=1&resize=525%2C300 1.5x, https:\/\/i0.wp.com\/noticiasribeiraopreto.com.br\/wp-content\/uploads\/2024\/02\/2-715x402.jpg?fit=715%2C402&ssl=1&resize=700%2C400 2x"},"classes":[]},{"id":19435,"url":"https:\/\/noticiasribeiraopreto.com.br\/index.php\/2023\/12\/22\/sabesp-mais-proxima-da-privatizacao-acao-sbsp3-sobe-na-b3-apos-empresa-contratar-bancos-para-potencial-follow-on\/","url_meta":{"origin":12204,"position":4},"title":"Sabesp mais pr\u00f3xima da privatiza\u00e7\u00e3o? A\u00e7\u00e3o SBSP3 sobe na B3 ap\u00f3s empresa contratar bancos para potencial follow-on","author":"noticiasribeiraopreto.com.br","date":"22 de December de 2023","format":false,"excerpt":"J\u00e1 em ritmo de Natal, os investidores se preparam para um preg\u00e3o morno em termos de liquidez, mas animado no notici\u00e1rio financeiro. Apesar do volume de neg\u00f3cios abaixo da m\u00e9dia, uma a\u00e7\u00e3o se destaca em alta no Ibovespa nesta sexta-feira (22): a Sabesp (SBSP3). No in\u00edcio do preg\u00e3o, a a\u00e7\u00e3o\u2026","rel":"","context":"In &quot;Dinheiro e Investimento&quot;","block_context":{"text":"Dinheiro e Investimento","link":"https:\/\/noticiasribeiraopreto.com.br\/index.php\/category\/dinheiro-e-investimento-como-fazer-como-ganhar\/"},"img":{"alt_text":"","src":"https:\/\/i0.wp.com\/noticiasribeiraopreto.com.br\/wp-content\/uploads\/2023\/12\/shutterstock_1336037486-628x353.jpg?fit=628%2C353&ssl=1&resize=350%2C200","width":350,"height":200,"srcset":"https:\/\/i0.wp.com\/noticiasribeiraopreto.com.br\/wp-content\/uploads\/2023\/12\/shutterstock_1336037486-628x353.jpg?fit=628%2C353&ssl=1&resize=350%2C200 1x, https:\/\/i0.wp.com\/noticiasribeiraopreto.com.br\/wp-content\/uploads\/2023\/12\/shutterstock_1336037486-628x353.jpg?fit=628%2C353&ssl=1&resize=525%2C300 1.5x"},"classes":[]},{"id":11971,"url":"https:\/\/noticiasribeiraopreto.com.br\/index.php\/2023\/12\/07\/esquenta-dos-mercados-bolsas-internacionais-caem-na-maioria-apos-dados-da-china-e-antes-do-payroll-dos-eua-ibovespa-reage-a-privatizacao-da-sabesp-sbsp3-hoje\/","url_meta":{"origin":12204,"position":5},"title":"Esquenta dos mercados: Bolsas internacionais caem na maioria ap\u00f3s dados da China e antes do payroll dos EUA; Ibovespa reage \u00e0 privatiza\u00e7\u00e3o da Sabesp (SBSP3) hoje","author":"noticiasribeiraopreto.com.br","date":"7 de December de 2023","format":false,"excerpt":"O Ibovespa voltou ao campo negativo nesta quarta-feira (6), pressionado pelo forte recuo do petr\u00f3leo no mercado internacional. Por aqui, a agenda foi esvaziada e o principal \u00edndice da bolsa brasileira ficou \u00e0 merc\u00ea do desempenho das bolsas internacionais. O projeto de lei que trata da privatiza\u00e7\u00e3o da Sabesp (SBSP3)\u2026","rel":"","context":"In &quot;Dinheiro e Investimento&quot;","block_context":{"text":"Dinheiro e Investimento","link":"https:\/\/noticiasribeiraopreto.com.br\/index.php\/category\/dinheiro-e-investimento-como-fazer-como-ganhar\/"},"img":{"alt_text":"","src":"https:\/\/i0.wp.com\/noticiasribeiraopreto.com.br\/wp-content\/uploads\/2023\/12\/1701946274_Selo-Mercados-Touro-Alta-ESQUENTA-e1694168533397-715x402.jpg?fit=715%2C402&ssl=1&resize=350%2C200","width":350,"height":200,"srcset":"https:\/\/i0.wp.com\/noticiasribeiraopreto.com.br\/wp-content\/uploads\/2023\/12\/1701946274_Selo-Mercados-Touro-Alta-ESQUENTA-e1694168533397-715x402.jpg?fit=715%2C402&ssl=1&resize=350%2C200 1x, https:\/\/i0.wp.com\/noticiasribeiraopreto.com.br\/wp-content\/uploads\/2023\/12\/1701946274_Selo-Mercados-Touro-Alta-ESQUENTA-e1694168533397-715x402.jpg?fit=715%2C402&ssl=1&resize=525%2C300 1.5x, https:\/\/i0.wp.com\/noticiasribeiraopreto.com.br\/wp-content\/uploads\/2023\/12\/1701946274_Selo-Mercados-Touro-Alta-ESQUENTA-e1694168533397-715x402.jpg?fit=715%2C402&ssl=1&resize=700%2C400 2x"},"classes":[]}],"jetpack_sharing_enabled":true,"jetpack_shortlink":"https:\/\/wp.me\/peQAOb-3aQ","_links":{"self":[{"href":"https:\/\/noticiasribeiraopreto.com.br\/index.php\/wp-json\/wp\/v2\/posts\/12204","targetHints":{"allow":["GET"]}}],"collection":[{"href":"https:\/\/noticiasribeiraopreto.com.br\/index.php\/wp-json\/wp\/v2\/posts"}],"about":[{"href":"https:\/\/noticiasribeiraopreto.com.br\/index.php\/wp-json\/wp\/v2\/types\/post"}],"author":[{"embeddable":true,"href":"https:\/\/noticiasribeiraopreto.com.br\/index.php\/wp-json\/wp\/v2\/users\/1"}],"replies":[{"embeddable":true,"href":"https:\/\/noticiasribeiraopreto.com.br\/index.php\/wp-json\/wp\/v2\/comments?post=12204"}],"version-history":[{"count":0,"href":"https:\/\/noticiasribeiraopreto.com.br\/index.php\/wp-json\/wp\/v2\/posts\/12204\/revisions"}],"wp:featuredmedia":[{"embeddable":true,"href":"https:\/\/noticiasribeiraopreto.com.br\/index.php\/wp-json\/wp\/v2\/media\/12205"}],"wp:attachment":[{"href":"https:\/\/noticiasribeiraopreto.com.br\/index.php\/wp-json\/wp\/v2\/media?parent=12204"}],"wp:term":[{"taxonomy":"category","embeddable":true,"href":"https:\/\/noticiasribeiraopreto.com.br\/index.php\/wp-json\/wp\/v2\/categories?post=12204"},{"taxonomy":"post_tag","embeddable":true,"href":"https:\/\/noticiasribeiraopreto.com.br\/index.php\/wp-json\/wp\/v2\/tags?post=12204"}],"curies":[{"name":"wp","href":"https:\/\/api.w.org\/{rel}","templated":true}]}}