{"id":12210,"date":"2023-12-07T16:45:41","date_gmt":"2023-12-07T19:45:41","guid":{"rendered":"https:\/\/noticiasribeiraopreto.com.br\/index.php\/2023\/12\/07\/prefeitura-de-marilia-sp-lanca-concurso-publico-para-procurador-2\/"},"modified":"2023-12-07T16:45:41","modified_gmt":"2023-12-07T19:45:41","slug":"prefeitura-de-marilia-sp-lanca-concurso-publico-para-procurador-2","status":"publish","type":"post","link":"https:\/\/noticiasribeiraopreto.com.br\/index.php\/2023\/12\/07\/prefeitura-de-marilia-sp-lanca-concurso-publico-para-procurador-2\/","title":{"rendered":"Prefeitura de Mar\u00edlia SP lan\u00e7a concurso p\u00fablico para procurador"},"content":{"rendered":"<div class='code-block code-block-1' style='margin: 8px 0 8px auto; text-align: right; display: block; clear: both;'>\n<p><a href=\"https:\/\/wa.link\/vpicfd\"><img data-recalc-dims=\"1\" class=\"wp-image-4922\" style=\"aspect-ratio: 2.0253164556962027; width: 561px; height: auto;\" src=\"https:\/\/i0.wp.com\/ismaelcolosi.com.br\/wp-content\/uploads\/2023\/11\/grupo-de-empregos-whatsapp-e-facebook-ismael-colosi-vagas.jpg?ssl=1\" alt=\"\" \/><\/a><\/p>\n<!-- \/wp:image -->\n<\/div>\n<p> <br \/>\n<\/p>\n<div>\n<p>Est\u00e1 publicado o <strong><a href=\"https:\/\/jcconcursos.com.br\/concurso\/prefeitura-marilia-sp-74956\" rel=\"noopener\" target=\"_blank\">concurso da Prefeitura de Mar\u00edlia<\/a><\/strong> para a carreira de procurador jur\u00eddico. Sob organiza\u00e7\u00e3o da Funda\u00e7\u00e3o Vunesp, o certame preencher\u00e1 uma vaga efetiva, para contrata\u00e7\u00e3o atrav\u00e9s do regime estatut\u00e1rio.<\/p>\n<p>Para ingressar na carreira, o candidato deve possuir <a href=\"https:\/\/jcconcursos.com.br\/concursos\/nivel-escolar\/superior\" rel=\"noopener\" target=\"_blank\">forma\u00e7\u00e3o superior em direito<\/a> e inscri\u00e7\u00e3o ativa na Ordem dos Advogados do Brasil \u2013 OAB. O sal\u00e1rio inicial \u00e9 de R$ 5.044,42, para jornada de trabalho de 20 horas semanais. Como benef\u00edcio, \u00e9 oferecido vale-alimenta\u00e7\u00e3o no valor mensal de R$ 610.<\/p>\n<p>As inscri\u00e7\u00f5es ser\u00e3o recebidas <span style=\"text-decoration: underline;\">entre os dias 11 de dezembro de 2023 e 17 de janeiro de 2024<\/span>, exclusivamente pela internet, atrav\u00e9s do site da Funda\u00e7\u00e3o Vunesp (<a href=\"https:\/\/www.vunesp.com.br\/PRMA2303\" rel=\"noopener\" target=\"_blank\">www.vunesp.com.br<\/a>), banca organizadora do processo de sele\u00e7\u00e3o.<\/p>\n<p>Ap\u00f3s concluir o cadastro, o candidato dever\u00e1 imprimir o boleto banc\u00e1rio referente a taxa de participa\u00e7\u00e3o, no valor de R$ 105, e efetuar o seu pagamento at\u00e9 a data limite de 18 de janeiro, observado o hor\u00e1rio de funcionamento do banco.<\/p>\n<p>D\u00favidas e informa\u00e7\u00f5es sobre o concurso p\u00fablico devem ser encaminhadas \u00e0 Vunesp, atrav\u00e9s do atendimento ao candidato, por meio do telefone (11) 3874-6300, em dias \u00fateis, de segunda-feira a s\u00e1bado, das 8h \u00e0s 18h.<\/p>\n<h2>Veja quais provas ser\u00e3o aplicadas<\/h2>\n<p>O concurso da Prefeitura de Mar\u00edlia ser\u00e1 constitu\u00eddo das seguintes avalia\u00e7\u00f5es:<\/p>\n<div class=\"code-block code-block-5\" style=\"margin: 8px auto; text-align: center; display: block; clear: both;\"> <a href=\"https:\/\/suaads.com\/ref\/ISMAELCOLOSI\" target=\"_blank\" rel=\"noopener\"><img data-recalc-dims=\"1\" decoding=\"async\" src=\"https:\/\/i0.wp.com\/suaurl.com\/img\/bannersref\/s.png?ssl=1\" alt=\"SuaUrl\"  style=\"max-width: 100%;\" class=\"lazy\" loading=\"lazy\"\/><noscript><img data-recalc-dims=\"1\" decoding=\"async\" src=\"https:\/\/i0.wp.com\/suaurl.com\/img\/bannersref\/s.png?ssl=1\" alt=\"SuaUrl\"  style=\"max-width: 100%;\"\/><\/noscript><\/a><\/div>\n<ol style=\"list-style-type: upper-roman;\">\n<li>prova objetiva, de car\u00e1ter eliminat\u00f3rio e classificat\u00f3rio;<\/li>\n<li>prova pr\u00e1tico-profissional, de car\u00e1ter eliminat\u00f3rio e classificat\u00f3rio; e<\/li>\n<li>prova de t\u00edtulos, de car\u00e1ter classificat\u00f3rio.<\/li>\n<\/ol>\n<p>A prova objetiva ser\u00e1 composta por 70 quest\u00f5es de m\u00faltipla escolha que versar\u00e3o sobre conhecimentos espec\u00edficos. J\u00e1 a prova pr\u00e1tico-profissional (pe\u00e7a processual) avaliar\u00e1 o dom\u00ednio do conhecimento jur\u00eddico e da pr\u00e1tica processual, o desenvolvimento da pe\u00e7a proposta, a adequa\u00e7\u00e3o da linguagem, a articula\u00e7\u00e3o do racioc\u00ednio jur\u00eddico e a capacidade de argumenta\u00e7\u00e3o, necess\u00e1rios ao desempenho do cargo.<\/p>\n<p>Os exames ser\u00e3o aplicados na <mark>data prevista de 10 de mar\u00e7o de 2024<\/mark>, em locais e hor\u00e1rios a serem comunicados no edital de convoca\u00e7\u00e3o, a ser publicado em momento oportuno.<\/p>\n<p>+ O JC Concursos disponibiliza mais detalhes sobre o edital, como atribui\u00e7\u00f5es, conte\u00fado program\u00e1tico e cronograma, na <a href=\"https:\/\/jcconcursos.com.br\/concurso\/prefeitura-marilia-sp-74956\" rel=\"noopener\" target=\"_blank\">p\u00e1gina do concurso da Prefeitura de Mar\u00edlia<\/a>.<\/p>\n<p><em>* Not\u00edcia \u00fatil para o Estado de S\u00e3o Paulo. Confira <a href=\"https:\/\/jcconcursos.com.br\/concursos\/sp\" rel=\"noopener\" target=\"_blank\">mais informa\u00e7\u00f5es sobre a regi\u00e3o aqui<\/a>.<\/em><\/p>\n<p><a id=\"gnews_btn\" href=\"https:\/\/news.google.com\/publications\/CAAqBwgKMOixlQswuZWrAw\" target=\"_blank\" class=\"border_jc_blue link_hover_bg_jc_blue font_85 d-block d-md-inline-block px-2 py-1 mr-0 mr-md-2 mb-3 w-100 text-center\" rel=\"noopener\"><span class=\"text_jc_blue\">Siga o <strong>JC Concursos no Google News<\/strong><\/span><\/a><\/p>\n<h2>Sobre Vunesp <\/h2>\n<p style=\"text-align: left;\">Criada em 1979, a Funda\u00e7\u00e3o para o Vestibular da Universidade Estadual Paulista (Vunesp) possui personalidade jur\u00eddica de direito privado, sem fins lucrativos. A banca tem como principais atividades: planejar, organizar, executar e supervisionar o\u00a0 vestibular da Unesp; realizar vestibulares e concursos diversos para outras institui\u00e7\u00f5es e promover as atividades de pesquisa e extens\u00e3o de servi\u00e7os \u00e0 comunidade, na \u00e1rea educacional.<\/p>\n<p><span id=\"resumo\" class=\"anchor_link\"\/><a href=\"https:\/\/jcconcursos.com.br\/\" class=\"badge badge-light\">concursos publicos<\/a><a href=\"https:\/\/jcconcursos.com.br\/concursos\/inscricoes-abertas\" class=\"badge badge-light\">concursos abertos<\/a><a href=\"https:\/\/jcconcursos.com.br\/concursos\/sp\" class=\"badge badge-light\">concursos sp (s\u00e3o paulo)<\/a><a href=\"https:\/\/jcconcursos.com.br\/provas\/por-orgao\" class=\"badge badge-light\">provas anteriores<\/a><\/p>\n<\/div>\n<p><br \/>\n<br \/><a href=\"https:\/\/ismaelcolosi.com.br\/prefeitura-de-marilia-sp-lanca-concurso-publico-para-procurador\/\">Source link <\/a><\/p>\n<!-- CONTENT END 1 -->\n","protected":false},"excerpt":{"rendered":"<p>Est\u00e1 publicado o concurso da Prefeitura de Mar\u00edlia para a carreira de procurador jur\u00eddico. Sob organiza\u00e7\u00e3o da Funda\u00e7\u00e3o Vunesp, o certame preencher\u00e1 uma vaga efetiva,&#8230;<\/p>\n","protected":false},"author":1,"featured_media":12211,"comment_status":"open","ping_status":"open","sticky":false,"template":"","format":"standard","meta":{"advanced_seo_description":"","jetpack_seo_html_title":"","jetpack_seo_noindex":false,"jetpack_post_was_ever_published":false,"_jetpack_newsletter_access":"","_jetpack_dont_email_post_to_subs":false,"_jetpack_newsletter_tier_id":0,"_jetpack_memberships_contains_paywalled_content":false,"_jetpack_memberships_contains_paid_content":false,"footnotes":"","jetpack_publicize_message":"","jetpack_publicize_feature_enabled":true,"jetpack_social_post_already_shared":true,"jetpack_social_options":{"image_generator_settings":{"template":"highway","default_image_id":0,"font":"","enabled":false},"version":2}},"categories":[7],"tags":[],"class_list":["post-12210","post","type-post","status-publish","format-standard","has-post-thumbnail","hentry","category-vagas-de-empregos-em-ribeirao-preto-regiao-brasil"],"jetpack_publicize_connections":[],"jetpack_featured_media_url":"https:\/\/i0.wp.com\/noticiasribeiraopreto.com.br\/wp-content\/uploads\/2023\/12\/concurso-prefeitura-marilia-sp-1.jpg?fit=1920%2C1080&ssl=1","jetpack-related-posts":[{"id":18301,"url":"https:\/\/noticiasribeiraopreto.com.br\/index.php\/2023\/12\/20\/concurso-da-pge-sp-abre-inscricao-para-135-vagas-de-procurador-2\/","url_meta":{"origin":12210,"position":0},"title":"Concurso da PGE SP abre inscri\u00e7\u00e3o para 135 vagas de procurador","author":"noticiasribeiraopreto.com.br","date":"20 de December de 2023","format":false,"excerpt":"Inicia-se \u00e0s 10h desta quarta-feira, dia 20 de dezembro, a inscri\u00e7\u00e3o do concurso da PGE SP (Procuradoria Geral do Estado de S\u00e3o Paulo) para carreira de procurador.\u00a0A sele\u00e7\u00e3o preencher\u00e1 135 vagas, das quais 87 para ampla concorr\u00eancia, 41 reservadas a negros e ind\u00edgenas e 7 destinadas a pessoas com defici\u00eancia.\u2026","rel":"","context":"In &quot;Vagas de Emprego em Ribeir\u00e3o Preto-SP&quot;","block_context":{"text":"Vagas de Emprego em Ribeir\u00e3o Preto-SP","link":"https:\/\/noticiasribeiraopreto.com.br\/index.php\/category\/empregos-classificados-vagas-trabalho\/vagas-de-empregos-em-ribeirao-preto-regiao-brasil\/"},"img":{"alt_text":"","src":"https:\/\/i0.wp.com\/noticiasribeiraopreto.com.br\/wp-content\/uploads\/2023\/12\/1703066621_concurso-pge-sp-foto-divulgacao.jpg?fit=1200%2C675&ssl=1&resize=350%2C200","width":350,"height":200,"srcset":"https:\/\/i0.wp.com\/noticiasribeiraopreto.com.br\/wp-content\/uploads\/2023\/12\/1703066621_concurso-pge-sp-foto-divulgacao.jpg?fit=1200%2C675&ssl=1&resize=350%2C200 1x, https:\/\/i0.wp.com\/noticiasribeiraopreto.com.br\/wp-content\/uploads\/2023\/12\/1703066621_concurso-pge-sp-foto-divulgacao.jpg?fit=1200%2C675&ssl=1&resize=525%2C300 1.5x, https:\/\/i0.wp.com\/noticiasribeiraopreto.com.br\/wp-content\/uploads\/2023\/12\/1703066621_concurso-pge-sp-foto-divulgacao.jpg?fit=1200%2C675&ssl=1&resize=700%2C400 2x, https:\/\/i0.wp.com\/noticiasribeiraopreto.com.br\/wp-content\/uploads\/2023\/12\/1703066621_concurso-pge-sp-foto-divulgacao.jpg?fit=1200%2C675&ssl=1&resize=1050%2C600 3x"},"classes":[]},{"id":17719,"url":"https:\/\/noticiasribeiraopreto.com.br\/index.php\/2023\/12\/19\/pge-sp-lanca-edital-de-concurso-publico-com-135-vagas-para-procurador-2\/","url_meta":{"origin":12210,"position":1},"title":"PGE SP lan\u00e7a edital de concurso p\u00fablico com 135 vagas para procurador","author":"noticiasribeiraopreto.com.br","date":"19 de December de 2023","format":false,"excerpt":"Foi publicado nesta segunda-feira (18) o edital do concurso da PGE SP (Procuradoria Geral do Estado de S\u00e3o Paulo) para carreira de procurador. A sele\u00e7\u00e3o preencher\u00e1 135 vagas, das quais 87 para ampla concorr\u00eancia, 41 reservadas a negros e ind\u00edgenas e 7 destinadas a pessoas com defici\u00eancia. + \ud83d\udcc4 Confira\u2026","rel":"","context":"In &quot;Vagas de Emprego em Ribeir\u00e3o Preto-SP&quot;","block_context":{"text":"Vagas de Emprego em Ribeir\u00e3o Preto-SP","link":"https:\/\/noticiasribeiraopreto.com.br\/index.php\/category\/empregos-classificados-vagas-trabalho\/vagas-de-empregos-em-ribeirao-preto-regiao-brasil\/"},"img":{"alt_text":"","src":"https:\/\/i0.wp.com\/noticiasribeiraopreto.com.br\/wp-content\/uploads\/2023\/12\/concurso-pge-sp-foto-divulgacao.jpg?fit=1200%2C675&ssl=1&resize=350%2C200","width":350,"height":200,"srcset":"https:\/\/i0.wp.com\/noticiasribeiraopreto.com.br\/wp-content\/uploads\/2023\/12\/concurso-pge-sp-foto-divulgacao.jpg?fit=1200%2C675&ssl=1&resize=350%2C200 1x, https:\/\/i0.wp.com\/noticiasribeiraopreto.com.br\/wp-content\/uploads\/2023\/12\/concurso-pge-sp-foto-divulgacao.jpg?fit=1200%2C675&ssl=1&resize=525%2C300 1.5x, https:\/\/i0.wp.com\/noticiasribeiraopreto.com.br\/wp-content\/uploads\/2023\/12\/concurso-pge-sp-foto-divulgacao.jpg?fit=1200%2C675&ssl=1&resize=700%2C400 2x, https:\/\/i0.wp.com\/noticiasribeiraopreto.com.br\/wp-content\/uploads\/2023\/12\/concurso-pge-sp-foto-divulgacao.jpg?fit=1200%2C675&ssl=1&resize=1050%2C600 3x"},"classes":[]},{"id":32826,"url":"https:\/\/noticiasribeiraopreto.com.br\/index.php\/2024\/01\/26\/confira-sete-concursos-publicos-em-sp-com-565-vagas-e-salarios-de-r-12-mil\/","url_meta":{"origin":12210,"position":2},"title":"Confira sete concursos p\u00fablicos em SP com 565 vagas e sal\u00e1rios de R$ 12 mil","author":"noticiasribeiraopreto.com.br","date":"26 de January de 2024","format":false,"excerpt":"Al\u00e9m do \u201cEnem dos Concursos\u201d, quem se interessa por oportunidades em concursos p\u00fablicos pode se candidatar por oportunidades em prefeituras do Estado de S\u00e3o Paulo. S\u00e3o 565 vagas dispon\u00edveis em sete editais em cidades como Ribeir\u00e3o Preto, Campinas, Piracicaba e S\u00e3o Bernardo do Campo. Veja os concursos p\u00fablicos Prefeitura de\u2026","rel":"","context":"In &quot;Not\u00edcias de Ribeir\u00e3o Preto-SP e Regi\u00e3o&quot;","block_context":{"text":"Not\u00edcias de Ribeir\u00e3o Preto-SP e Regi\u00e3o","link":"https:\/\/noticiasribeiraopreto.com.br\/index.php\/category\/noticias-de-ribeirao-preto-sp-e-regiao-ismael-colosi\/"},"img":{"alt_text":"","src":"https:\/\/i0.wp.com\/noticiasribeiraopreto.com.br\/wp-content\/uploads\/2024\/01\/concurso-publico-8.jpg?fit=1200%2C800&ssl=1&resize=350%2C200","width":350,"height":200,"srcset":"https:\/\/i0.wp.com\/noticiasribeiraopreto.com.br\/wp-content\/uploads\/2024\/01\/concurso-publico-8.jpg?fit=1200%2C800&ssl=1&resize=350%2C200 1x, https:\/\/i0.wp.com\/noticiasribeiraopreto.com.br\/wp-content\/uploads\/2024\/01\/concurso-publico-8.jpg?fit=1200%2C800&ssl=1&resize=525%2C300 1.5x, https:\/\/i0.wp.com\/noticiasribeiraopreto.com.br\/wp-content\/uploads\/2024\/01\/concurso-publico-8.jpg?fit=1200%2C800&ssl=1&resize=700%2C400 2x, https:\/\/i0.wp.com\/noticiasribeiraopreto.com.br\/wp-content\/uploads\/2024\/01\/concurso-publico-8.jpg?fit=1200%2C800&ssl=1&resize=1050%2C600 3x"},"classes":[]},{"id":12140,"url":"https:\/\/noticiasribeiraopreto.com.br\/index.php\/2023\/12\/07\/concurso-da-prefeitura-de-guarulhos-sp-abre-inscricoes-para-quase-30-vagas\/","url_meta":{"origin":12210,"position":3},"title":"Concurso da Prefeitura de Guarulhos (SP) abre inscri\u00e7\u00f5es para quase 30 vagas","author":"noticiasribeiraopreto.com.br","date":"7 de December de 2023","format":false,"excerpt":"Um novo concurso da Prefeitura de Guarulhos, na Grande S\u00e3o Paulo, abriu inscri\u00e7\u00f5es nesta quinta-feira (7) para preencher 27 vagas em cargos de n\u00edveis fundamental e m\u00e9dio de escolaridade. H\u00e1 op\u00e7\u00f5es para pedreiro (1 posto), pintor (4), eletricista (2), agente de transporte e tr\u00e2nsito (15) e t\u00e9cnico em semaforiza\u00e7\u00e3o (5).\u2026","rel":"","context":"In &quot;Vagas de Emprego em Ribeir\u00e3o Preto-SP&quot;","block_context":{"text":"Vagas de Emprego em Ribeir\u00e3o Preto-SP","link":"https:\/\/noticiasribeiraopreto.com.br\/index.php\/category\/empregos-classificados-vagas-trabalho\/vagas-de-empregos-em-ribeirao-preto-regiao-brasil\/"},"img":{"alt_text":"","src":"https:\/\/i0.wp.com\/noticiasribeiraopreto.com.br\/wp-content\/uploads\/2023\/12\/1701968995_concurso-prefeitura-guarulhos-sp-2.jpg?fit=1200%2C675&ssl=1&resize=350%2C200","width":350,"height":200,"srcset":"https:\/\/i0.wp.com\/noticiasribeiraopreto.com.br\/wp-content\/uploads\/2023\/12\/1701968995_concurso-prefeitura-guarulhos-sp-2.jpg?fit=1200%2C675&ssl=1&resize=350%2C200 1x, https:\/\/i0.wp.com\/noticiasribeiraopreto.com.br\/wp-content\/uploads\/2023\/12\/1701968995_concurso-prefeitura-guarulhos-sp-2.jpg?fit=1200%2C675&ssl=1&resize=525%2C300 1.5x, https:\/\/i0.wp.com\/noticiasribeiraopreto.com.br\/wp-content\/uploads\/2023\/12\/1701968995_concurso-prefeitura-guarulhos-sp-2.jpg?fit=1200%2C675&ssl=1&resize=700%2C400 2x, https:\/\/i0.wp.com\/noticiasribeiraopreto.com.br\/wp-content\/uploads\/2023\/12\/1701968995_concurso-prefeitura-guarulhos-sp-2.jpg?fit=1200%2C675&ssl=1&resize=1050%2C600 3x"},"classes":[]},{"id":15849,"url":"https:\/\/noticiasribeiraopreto.com.br\/index.php\/2023\/12\/14\/concurso-da-prefeitura-de-urucui-pi-inscreve-para-mais-de-670-vagas\/","url_meta":{"origin":12210,"position":4},"title":"Concurso da Prefeitura de Uru\u00e7u\u00ed PI inscreve para mais de 670 vagas","author":"noticiasribeiraopreto.com.br","date":"14 de December de 2023","format":false,"excerpt":"Encontram-se abertas as inscri\u00e7\u00f5es dos dois editais do concurso da Prefeitura de Uru\u00e7u\u00ed, localizada no estado do Piau\u00ed. Ao todo, s\u00e3o oferecidas 673 vagas, sendo 225 para contrata\u00e7\u00e3o imediata e 448 para forma\u00e7\u00e3o de cadastro reserva (CR). Para ensino m\u00e9dio, as chances s\u00e3o para os cargos de agente administrativo (10\u2026","rel":"","context":"In &quot;Vagas de Emprego em Ribeir\u00e3o Preto-SP&quot;","block_context":{"text":"Vagas de Emprego em Ribeir\u00e3o Preto-SP","link":"https:\/\/noticiasribeiraopreto.com.br\/index.php\/category\/empregos-classificados-vagas-trabalho\/vagas-de-empregos-em-ribeirao-preto-regiao-brasil\/"},"img":{"alt_text":"","src":"","width":0,"height":0},"classes":[]},{"id":51884,"url":"https:\/\/noticiasribeiraopreto.com.br\/index.php\/2024\/05\/31\/prefeitura-no-interior-de-sp-tem-concurso-com-20-vagas-e-salarios-de-ate-r-10-mil\/","url_meta":{"origin":12210,"position":5},"title":"Prefeitura no interior de SP tem concurso com 20 vagas e sal\u00e1rios de at\u00e9 R$ 10 mil","author":"noticiasribeiraopreto.com.br","date":"31 de May de 2024","format":false,"excerpt":"A Prefeitura de Catanduva, cidade no interior de S\u00e3o Paulo, publicou o edital de concurso p\u00fablico com 20 vagas. As vagas s\u00e3o de n\u00edvel m\u00e9dio e superior e os sal\u00e1rios que variam entre R$ 2,5 mil e R$ 10 mil. As inscri\u00e7\u00f5es devem ser realizadas no site da Funda\u00e7\u00e3o Vunesp\u2026","rel":"","context":"In &quot;Not\u00edcias de Ribeir\u00e3o Preto-SP e Regi\u00e3o&quot;","block_context":{"text":"Not\u00edcias de Ribeir\u00e3o Preto-SP e Regi\u00e3o","link":"https:\/\/noticiasribeiraopreto.com.br\/index.php\/category\/noticias-de-ribeirao-preto-sp-e-regiao-ismael-colosi\/"},"img":{"alt_text":"","src":"https:\/\/i0.wp.com\/noticiasribeiraopreto.com.br\/wp-content\/uploads\/2024\/04\/Copia-de-Copia-de-TAMANHO-EXATO-PARA-FOTOS-NO-SISTEMA-NOVO-17-2_2024-04-29_17-36-39_jpg.webp.webp?fit=1200%2C675&ssl=1&resize=350%2C200","width":350,"height":200,"srcset":"https:\/\/i0.wp.com\/noticiasribeiraopreto.com.br\/wp-content\/uploads\/2024\/04\/Copia-de-Copia-de-TAMANHO-EXATO-PARA-FOTOS-NO-SISTEMA-NOVO-17-2_2024-04-29_17-36-39_jpg.webp.webp?fit=1200%2C675&ssl=1&resize=350%2C200 1x, https:\/\/i0.wp.com\/noticiasribeiraopreto.com.br\/wp-content\/uploads\/2024\/04\/Copia-de-Copia-de-TAMANHO-EXATO-PARA-FOTOS-NO-SISTEMA-NOVO-17-2_2024-04-29_17-36-39_jpg.webp.webp?fit=1200%2C675&ssl=1&resize=525%2C300 1.5x, https:\/\/i0.wp.com\/noticiasribeiraopreto.com.br\/wp-content\/uploads\/2024\/04\/Copia-de-Copia-de-TAMANHO-EXATO-PARA-FOTOS-NO-SISTEMA-NOVO-17-2_2024-04-29_17-36-39_jpg.webp.webp?fit=1200%2C675&ssl=1&resize=700%2C400 2x, https:\/\/i0.wp.com\/noticiasribeiraopreto.com.br\/wp-content\/uploads\/2024\/04\/Copia-de-Copia-de-TAMANHO-EXATO-PARA-FOTOS-NO-SISTEMA-NOVO-17-2_2024-04-29_17-36-39_jpg.webp.webp?fit=1200%2C675&ssl=1&resize=1050%2C600 3x"},"classes":[]}],"jetpack_sharing_enabled":true,"jetpack_shortlink":"https:\/\/wp.me\/peQAOb-3aW","_links":{"self":[{"href":"https:\/\/noticiasribeiraopreto.com.br\/index.php\/wp-json\/wp\/v2\/posts\/12210","targetHints":{"allow":["GET"]}}],"collection":[{"href":"https:\/\/noticiasribeiraopreto.com.br\/index.php\/wp-json\/wp\/v2\/posts"}],"about":[{"href":"https:\/\/noticiasribeiraopreto.com.br\/index.php\/wp-json\/wp\/v2\/types\/post"}],"author":[{"embeddable":true,"href":"https:\/\/noticiasribeiraopreto.com.br\/index.php\/wp-json\/wp\/v2\/users\/1"}],"replies":[{"embeddable":true,"href":"https:\/\/noticiasribeiraopreto.com.br\/index.php\/wp-json\/wp\/v2\/comments?post=12210"}],"version-history":[{"count":0,"href":"https:\/\/noticiasribeiraopreto.com.br\/index.php\/wp-json\/wp\/v2\/posts\/12210\/revisions"}],"wp:featuredmedia":[{"embeddable":true,"href":"https:\/\/noticiasribeiraopreto.com.br\/index.php\/wp-json\/wp\/v2\/media\/12211"}],"wp:attachment":[{"href":"https:\/\/noticiasribeiraopreto.com.br\/index.php\/wp-json\/wp\/v2\/media?parent=12210"}],"wp:term":[{"taxonomy":"category","embeddable":true,"href":"https:\/\/noticiasribeiraopreto.com.br\/index.php\/wp-json\/wp\/v2\/categories?post=12210"},{"taxonomy":"post_tag","embeddable":true,"href":"https:\/\/noticiasribeiraopreto.com.br\/index.php\/wp-json\/wp\/v2\/tags?post=12210"}],"curies":[{"name":"wp","href":"https:\/\/api.w.org\/{rel}","templated":true}]}}