{"id":12214,"date":"2023-12-07T16:49:25","date_gmt":"2023-12-07T19:49:25","guid":{"rendered":"https:\/\/noticiasribeiraopreto.com.br\/index.php\/2023\/12\/07\/suno-anuncia-compra-eleven-financial-e-entra-no-mercado-b2b\/"},"modified":"2023-12-07T16:49:25","modified_gmt":"2023-12-07T19:49:25","slug":"suno-anuncia-compra-eleven-financial-e-entra-no-mercado-b2b","status":"publish","type":"post","link":"https:\/\/noticiasribeiraopreto.com.br\/index.php\/2023\/12\/07\/suno-anuncia-compra-eleven-financial-e-entra-no-mercado-b2b\/","title":{"rendered":"Suno anuncia compra Eleven Financial e entra no mercado B2B"},"content":{"rendered":"<div class='code-block code-block-1' style='margin: 8px 0 8px auto; text-align: right; display: block; clear: both;'>\n<p><a href=\"https:\/\/wa.link\/vpicfd\"><img data-recalc-dims=\"1\" class=\"wp-image-4922\" style=\"aspect-ratio: 2.0253164556962027; width: 561px; height: auto;\" src=\"https:\/\/i0.wp.com\/ismaelcolosi.com.br\/wp-content\/uploads\/2023\/11\/grupo-de-empregos-whatsapp-e-facebook-ismael-colosi-vagas.jpg?ssl=1\" alt=\"\" \/><\/a><\/p>\n<!-- \/wp:image -->\n<\/div>\n<p> <br \/>\n<\/p>\n<div id=\"js-first-letter\">\n<p>A <strong>Suno <\/strong>anunciou nesta quinta-feira (7) sua entrada no mercado de atendimento de empresas com a compra da casa de an\u00e1lise <strong>Eleven Financial Research<\/strong>. O valor da transa\u00e7\u00e3o n\u00e3o foi revelado.<\/p>\n<p>Desde 2021, a Eleven pertencia ao Modalmais e, no ano passado, o banco passou a operar sob o guarda-chuva da XP Investimentos.<\/p>\n<p>Com o neg\u00f3cio, a Eleven passar\u00e1 a atuar dentro do ecossistema de solu\u00e7\u00f5es financeiras da Suno como a casa de <em>research <\/em>respons\u00e1vel pelo atendimento de investidores institucionais.<\/p>\n<p>\u201cA entrada da Eleven no ecossistema da Suno chancela o ano de 2023 como um dos mais importantes para o grupo, evidenciando sua estrat\u00e9gia de expans\u00e3o e diversifica\u00e7\u00e3o de neg\u00f3cios para atender todas as necessidades do investidor\u201d, escreveu a empresa, em nota.<\/p>\n<div class=\"banner banner-inArticle banner-inArticle--mobile\">\n<div class=\"banner-side\">\n<p class=\"borderAD\" style=\"display: none;\">CONTINUA DEPOIS DA PUBLICIDADE<\/p>\n<\/div>\n<\/div>\n<div class=\"banner banner-inArticle banner-inArticle--desktop\">\n<div class=\"banner-side\">\n<p class=\"borderAD\" style=\"display: none;\">CONTINUA DEPOIS DA PUBLICIDADE<\/p>\n<\/div>\n<\/div>\n<figure class=\"wp-block-embed is-type-video is-provider-youtube wp-block-embed-youtube wp-embed-aspect-16-9 wp-has-aspect-ratio\">\n<p>\n<iframe loading=\"lazy\" title=\"ONDE INVESTIR EM DEZEMBRO DE 2023: VEJA RECOMENDA\u00c7\u00d5ES GRATUITAS EM A\u00c7\u00d5ES, FIIS, BDRs E CRIPTOMOEDAS\" width=\"500\" height=\"281\" src=\"https:\/\/www.youtube.com\/embed\/uCCxJxG3GoQ?feature=oembed\" frameborder=\"0\" allow=\"accelerometer; autoplay; clipboard-write; encrypted-media; gyroscope; picture-in-picture; web-share\" referrerpolicy=\"strict-origin-when-cross-origin\" allowfullscreen><\/iframe>\n<\/p>\n<\/figure>\n<h2 class=\"wp-block-heading\" id=\"h-os-detalhes-da-compra-da-eleven\">Os detalhes da compra da Eleven<\/h2>\n<p>Segundo comunicado \u00e0 imprensa, as duas empresas permanecer\u00e3o independentes, com opera\u00e7\u00f5es e marcas separadas.\u00a0<\/p>\n<p>Tamb\u00e9m v\u00e3o manter suas sedes e equipes, com os executivos Raphael Figueredo e Carlos Daltozo continuando \u00e0 frente da Eleven Financial.<\/p>\n<p>\u201cEssa uni\u00e3o estrat\u00e9gica tamb\u00e9m est\u00e1 alinhada com nossa vis\u00e3o de proporcionar mais valor aos nossos acionistas\u201d, disse a Suno.<\/p>\n<p>Fundada em 2015, a Eleven Financial \u00e9 a maior casa de an\u00e1lise com foco exclusivo no mercado B2B (<em>business to business<\/em>, ou empresa para empresa, na tradu\u00e7\u00e3o literal).\u00a0<\/p>\n<p>H\u00e1 seis anos, a companhia tamb\u00e9m fornece solu\u00e7\u00f5es de an\u00e1lise e aloca\u00e7\u00e3o para escrit\u00f3rios de agentes aut\u00f4nomos.<\/p>\n<p>Al\u00e9m do mercado B2B, recentemente, a Suno ingressou no mercado de assessoria de investimentos, com o lan\u00e7amento do escrit\u00f3rio Status Invest Assessoria.<\/p>\n<p>Vale lembrar ainda que a XP possui participa\u00e7\u00e3o minorit\u00e1ria no grupo Suno desde janeiro do \u00faltimo ano.<\/p>\n<\/div>\n<p><br \/>\n<br \/><a href=\"https:\/\/www.seudinheiro.com\/2023\/empresas\/suno-anuncia-compra-eleven-financial-e-entra-no-mercado-b2b-miql\/\">Source link <\/a><\/p>\n<!-- CONTENT END 1 -->\n","protected":false},"excerpt":{"rendered":"<p>A Suno anunciou nesta quinta-feira (7) sua entrada no mercado de atendimento de empresas com a compra da casa de an\u00e1lise Eleven Financial Research. O&#8230;<\/p>\n","protected":false},"author":1,"featured_media":12215,"comment_status":"open","ping_status":"open","sticky":false,"template":"","format":"standard","meta":{"advanced_seo_description":"","jetpack_seo_html_title":"","jetpack_seo_noindex":false,"jetpack_post_was_ever_published":false,"_jetpack_newsletter_access":"","_jetpack_dont_email_post_to_subs":false,"_jetpack_newsletter_tier_id":0,"_jetpack_memberships_contains_paywalled_content":false,"_jetpack_memberships_contains_paid_content":false,"footnotes":"","jetpack_publicize_message":"","jetpack_publicize_feature_enabled":true,"jetpack_social_post_already_shared":true,"jetpack_social_options":{"image_generator_settings":{"template":"highway","default_image_id":0,"font":"","enabled":false},"version":2}},"categories":[1235],"tags":[],"class_list":["post-12214","post","type-post","status-publish","format-standard","has-post-thumbnail","hentry","category-dinheiro-e-investimento-como-fazer-como-ganhar"],"jetpack_publicize_connections":[],"jetpack_featured_media_url":"https:\/\/i0.wp.com\/noticiasribeiraopreto.com.br\/wp-content\/uploads\/2023\/12\/O-imperio-bilionario-de-luxo-hermes-2-715x402.jpg?fit=715%2C402&ssl=1","jetpack-related-posts":[{"id":18875,"url":"https:\/\/noticiasribeiraopreto.com.br\/index.php\/2023\/12\/21\/para-ceo-da-empiricus-research-o-ibovespa-pode-terminar-2024-acima-dos-162-mil-pontos-veja-10-acoes-que-melhor-podem-surfar-no-rali-da-bolsa\/","url_meta":{"origin":12214,"position":0},"title":"Para CEO da Empiricus Research, o Ibovespa pode terminar 2024 acima dos 162 mil pontos; veja 10 a\u00e7\u00f5es que melhor podem surfar no rali da bolsa","author":"noticiasribeiraopreto.com.br","date":"21 de December de 2023","format":false,"excerpt":"A bolsa brasileira decolou nos dois \u00faltimos meses do ano e renovou as suas m\u00e1ximas hist\u00f3ricas. Enquanto escrevo essa reportagem o Ibovespa, principal \u00edndice acion\u00e1rio do pa\u00eds, ultrapassa os 131 mil pontos. E tudo indica que esse ciclo de alta n\u00e3o deve parar por a\u00ed. Pelo menos \u00e9 o que\u2026","rel":"","context":"In &quot;Dinheiro e Investimento&quot;","block_context":{"text":"Dinheiro e Investimento","link":"https:\/\/noticiasribeiraopreto.com.br\/index.php\/category\/dinheiro-e-investimento-como-fazer-como-ganhar\/"},"img":{"alt_text":"","src":"https:\/\/i0.wp.com\/noticiasribeiraopreto.com.br\/wp-content\/uploads\/2023\/12\/felipe-miranda-empiricus-2-628x353.jpg?fit=628%2C353&ssl=1&resize=350%2C200","width":350,"height":200,"srcset":"https:\/\/i0.wp.com\/noticiasribeiraopreto.com.br\/wp-content\/uploads\/2023\/12\/felipe-miranda-empiricus-2-628x353.jpg?fit=628%2C353&ssl=1&resize=350%2C200 1x, https:\/\/i0.wp.com\/noticiasribeiraopreto.com.br\/wp-content\/uploads\/2023\/12\/felipe-miranda-empiricus-2-628x353.jpg?fit=628%2C353&ssl=1&resize=525%2C300 1.5x"},"classes":[]},{"id":58567,"url":"https:\/\/noticiasribeiraopreto.com.br\/index.php\/2024\/10\/01\/referencia-em-consorcio-na-regiao-de-ribeirao-preto\/","url_meta":{"origin":12214,"position":1},"title":"Refer\u00eancia em Cons\u00f3rcio na Regi\u00e3o de Ribeir\u00e3o Preto","author":"noticiasribeiraopreto.com.br","date":"1 de October de 2024","format":false,"excerpt":"A GAIA investimento, uma empresa da Gaia Group, tem se consolidado como uma das principais refer\u00eancias na nova era do cons\u00f3rcio e alavancagem patrimonial na regi\u00e3o de Ribeir\u00e3o Preto. Com uma abordagem inovadora e focada no crescimento sustent\u00e1vel de seus clientes, a empresa se destaca pela capacidade de proporcionar solu\u00e7\u00f5es\u2026","rel":"","context":"In &quot;Not\u00edcias de Ribeir\u00e3o Preto-SP e Regi\u00e3o&quot;","block_context":{"text":"Not\u00edcias de Ribeir\u00e3o Preto-SP e Regi\u00e3o","link":"https:\/\/noticiasribeiraopreto.com.br\/index.php\/category\/noticias-de-ribeirao-preto-sp-e-regiao-ismael-colosi\/"},"img":{"alt_text":"","src":"https:\/\/i0.wp.com\/noticiasribeiraopreto.com.br\/wp-content\/uploads\/2024\/10\/INFORME_2024-10-01_12-34-40_png_2024-10-01_12-34-40.webp.webp?fit=1200%2C799&ssl=1&resize=350%2C200","width":350,"height":200,"srcset":"https:\/\/i0.wp.com\/noticiasribeiraopreto.com.br\/wp-content\/uploads\/2024\/10\/INFORME_2024-10-01_12-34-40_png_2024-10-01_12-34-40.webp.webp?fit=1200%2C799&ssl=1&resize=350%2C200 1x, https:\/\/i0.wp.com\/noticiasribeiraopreto.com.br\/wp-content\/uploads\/2024\/10\/INFORME_2024-10-01_12-34-40_png_2024-10-01_12-34-40.webp.webp?fit=1200%2C799&ssl=1&resize=525%2C300 1.5x, https:\/\/i0.wp.com\/noticiasribeiraopreto.com.br\/wp-content\/uploads\/2024\/10\/INFORME_2024-10-01_12-34-40_png_2024-10-01_12-34-40.webp.webp?fit=1200%2C799&ssl=1&resize=700%2C400 2x, https:\/\/i0.wp.com\/noticiasribeiraopreto.com.br\/wp-content\/uploads\/2024\/10\/INFORME_2024-10-01_12-34-40_png_2024-10-01_12-34-40.webp.webp?fit=1200%2C799&ssl=1&resize=1050%2C600 3x"},"classes":[]},{"id":18917,"url":"https:\/\/noticiasribeiraopreto.com.br\/index.php\/2023\/12\/21\/klabin-klbn11-vai-desembolsar-quase-r-6-bilhoes-por-projeto-da-arauco-no-parana-o-que-isso-significa-para-o-acionista\/","url_meta":{"origin":12214,"position":2},"title":"Klabin (KLBN11) vai desembolsar quase R$ 6 bilh\u00f5es por projeto da Arauco no Paran\u00e1. O que isso significa para o acionista?","author":"noticiasribeiraopreto.com.br","date":"21 de December de 2023","format":false,"excerpt":"A contagem regressiva para as festas de fim de ano j\u00e1 come\u00e7ou, mas isso n\u00e3o quer dizer que os investidores ficar\u00e3o sem novidades no mercado financeiro. A Klabin (KLBN11) movimentou a manh\u00e3 desta quinta-feira (21) com um dos maiores neg\u00f3cios do ano: a empresa vai desembolsar quase R$ 6 bilh\u00f5es\u2026","rel":"","context":"In &quot;Dinheiro e Investimento&quot;","block_context":{"text":"Dinheiro e Investimento","link":"https:\/\/noticiasribeiraopreto.com.br\/index.php\/category\/dinheiro-e-investimento-como-fazer-como-ganhar\/"},"img":{"alt_text":"","src":"https:\/\/i0.wp.com\/noticiasribeiraopreto.com.br\/wp-content\/uploads\/2023\/12\/klabin-1-628x353.jpeg?fit=628%2C353&ssl=1&resize=350%2C200","width":350,"height":200,"srcset":"https:\/\/i0.wp.com\/noticiasribeiraopreto.com.br\/wp-content\/uploads\/2023\/12\/klabin-1-628x353.jpeg?fit=628%2C353&ssl=1&resize=350%2C200 1x, https:\/\/i0.wp.com\/noticiasribeiraopreto.com.br\/wp-content\/uploads\/2023\/12\/klabin-1-628x353.jpeg?fit=628%2C353&ssl=1&resize=525%2C300 1.5x"},"classes":[]},{"id":19017,"url":"https:\/\/noticiasribeiraopreto.com.br\/index.php\/2023\/12\/21\/cvm-suspende-emissao-de-cotas-do-fundo-imobiliario-snel11-como-ficam-os-investidores-que-ja-aderiram-a-oferta\/","url_meta":{"origin":12214,"position":3},"title":"CVM suspende emiss\u00e3o de cotas do fundo imobili\u00e1rio SNEL11; como ficam os investidores que j\u00e1 aderiram \u00e0 oferta?","author":"noticiasribeiraopreto.com.br","date":"21 de December de 2023","format":false,"excerpt":"A segunda emiss\u00e3o de cotas do fundo imobili\u00e1rio Suno Energias Limpas (SNEL11) estava prevista para ser liquidada na pr\u00f3xima semana. Mas esse cronograma deve mudar ap\u00f3s a Comiss\u00e3o de Valores Mobili\u00e1rios (CVM) enquadrar a opera\u00e7\u00e3o e suspend\u00ea-la por at\u00e9 30 dias. Segundo comunicado enviado \u00e0 imprensa na \u00faltima quarta-feira (21),\u2026","rel":"","context":"In &quot;Dinheiro e Investimento&quot;","block_context":{"text":"Dinheiro e Investimento","link":"https:\/\/noticiasribeiraopreto.com.br\/index.php\/category\/dinheiro-e-investimento-como-fazer-como-ganhar\/"},"img":{"alt_text":"","src":"https:\/\/i0.wp.com\/noticiasribeiraopreto.com.br\/wp-content\/uploads\/2023\/12\/1703180859_fundo-imobiliario-mxrf11-e-bcff11-715x402.jpg?fit=715%2C402&ssl=1&resize=350%2C200","width":350,"height":200,"srcset":"https:\/\/i0.wp.com\/noticiasribeiraopreto.com.br\/wp-content\/uploads\/2023\/12\/1703180859_fundo-imobiliario-mxrf11-e-bcff11-715x402.jpg?fit=715%2C402&ssl=1&resize=350%2C200 1x, https:\/\/i0.wp.com\/noticiasribeiraopreto.com.br\/wp-content\/uploads\/2023\/12\/1703180859_fundo-imobiliario-mxrf11-e-bcff11-715x402.jpg?fit=715%2C402&ssl=1&resize=525%2C300 1.5x, https:\/\/i0.wp.com\/noticiasribeiraopreto.com.br\/wp-content\/uploads\/2023\/12\/1703180859_fundo-imobiliario-mxrf11-e-bcff11-715x402.jpg?fit=715%2C402&ssl=1&resize=700%2C400 2x"},"classes":[]},{"id":34634,"url":"https:\/\/noticiasribeiraopreto.com.br\/index.php\/2024\/02\/02\/o-melhor-ponto-de-entrada-para-cosan-csan3-e-agora-diz-btg-para-analistas-acao-pode-disparar-60-com-joias-esquecidas\/","url_meta":{"origin":12214,"position":4},"title":"O melhor ponto de entrada para Cosan (CSAN3) \u00e9 agora, diz BTG; para analistas, a\u00e7\u00e3o pode disparar 60% com \u201cjoias esquecidas\u201d","author":"noticiasribeiraopreto.com.br","date":"2 de February de 2024","format":false,"excerpt":"Um dos maiores desafios para a maior parte dos investidores \u00e9 saber o momento certo de comprar uma a\u00e7\u00e3o. Pois os analistas do BTG Pactual se mostram convictos sobre a Cosan (CSAN3). Na vis\u00e3o do banco, os pap\u00e9is da empresa est\u00e3o baratos e \u201co melhor ponto de entrada para uma\u2026","rel":"","context":"In &quot;Dinheiro e Investimento&quot;","block_context":{"text":"Dinheiro e Investimento","link":"https:\/\/noticiasribeiraopreto.com.br\/index.php\/category\/dinheiro-e-investimento-como-fazer-como-ganhar\/"},"img":{"alt_text":"","src":"https:\/\/i0.wp.com\/noticiasribeiraopreto.com.br\/wp-content\/uploads\/2024\/02\/shutterstock_1388171117-628x353.jpg?fit=628%2C353&ssl=1&resize=350%2C200","width":350,"height":200,"srcset":"https:\/\/i0.wp.com\/noticiasribeiraopreto.com.br\/wp-content\/uploads\/2024\/02\/shutterstock_1388171117-628x353.jpg?fit=628%2C353&ssl=1&resize=350%2C200 1x, https:\/\/i0.wp.com\/noticiasribeiraopreto.com.br\/wp-content\/uploads\/2024\/02\/shutterstock_1388171117-628x353.jpg?fit=628%2C353&ssl=1&resize=525%2C300 1.5x"},"classes":[]},{"id":68919,"url":"https:\/\/noticiasribeiraopreto.com.br\/index.php\/2025\/04\/30\/casa-do-construtor-busca-investidores-para-expandir-no-interior\/","url_meta":{"origin":12214,"position":5},"title":"Casa do Construtor busca investidores para expandir no interior","author":"noticiasribeiraopreto.com.br","date":"30 de April de 2025","format":false,"excerpt":"A Casa do Construtor, maior rede de loca\u00e7\u00e3o de equipamentos para constru\u00e7\u00e3o civil da Am\u00e9rica Latina, segue expandindo a presen\u00e7a no estado de S\u00e3o Paulo e busca novos investidores para atuar em Jardin\u00f3polis, Pontal e Pitangueiras. Com uma economia robusta e um setor de constru\u00e7\u00e3o civil em constante crescimento, o\u2026","rel":"","context":"In &quot;Not\u00edcias de Ribeir\u00e3o Preto-SP e Regi\u00e3o&quot;","block_context":{"text":"Not\u00edcias de Ribeir\u00e3o Preto-SP e Regi\u00e3o","link":"https:\/\/noticiasribeiraopreto.com.br\/index.php\/category\/noticias-de-ribeirao-preto-sp-e-regiao-ismael-colosi\/"},"img":{"alt_text":"","src":"https:\/\/i0.wp.com\/noticiasribeiraopreto.com.br\/wp-content\/uploads\/2025\/04\/1-2025-04-30T091324.996_2025-04-30_12-13-31.webp.webp?fit=1200%2C800&ssl=1&resize=350%2C200","width":350,"height":200,"srcset":"https:\/\/i0.wp.com\/noticiasribeiraopreto.com.br\/wp-content\/uploads\/2025\/04\/1-2025-04-30T091324.996_2025-04-30_12-13-31.webp.webp?fit=1200%2C800&ssl=1&resize=350%2C200 1x, https:\/\/i0.wp.com\/noticiasribeiraopreto.com.br\/wp-content\/uploads\/2025\/04\/1-2025-04-30T091324.996_2025-04-30_12-13-31.webp.webp?fit=1200%2C800&ssl=1&resize=525%2C300 1.5x, https:\/\/i0.wp.com\/noticiasribeiraopreto.com.br\/wp-content\/uploads\/2025\/04\/1-2025-04-30T091324.996_2025-04-30_12-13-31.webp.webp?fit=1200%2C800&ssl=1&resize=700%2C400 2x, https:\/\/i0.wp.com\/noticiasribeiraopreto.com.br\/wp-content\/uploads\/2025\/04\/1-2025-04-30T091324.996_2025-04-30_12-13-31.webp.webp?fit=1200%2C800&ssl=1&resize=1050%2C600 3x"},"classes":[]}],"jetpack_sharing_enabled":true,"jetpack_shortlink":"https:\/\/wp.me\/peQAOb-3b0","_links":{"self":[{"href":"https:\/\/noticiasribeiraopreto.com.br\/index.php\/wp-json\/wp\/v2\/posts\/12214","targetHints":{"allow":["GET"]}}],"collection":[{"href":"https:\/\/noticiasribeiraopreto.com.br\/index.php\/wp-json\/wp\/v2\/posts"}],"about":[{"href":"https:\/\/noticiasribeiraopreto.com.br\/index.php\/wp-json\/wp\/v2\/types\/post"}],"author":[{"embeddable":true,"href":"https:\/\/noticiasribeiraopreto.com.br\/index.php\/wp-json\/wp\/v2\/users\/1"}],"replies":[{"embeddable":true,"href":"https:\/\/noticiasribeiraopreto.com.br\/index.php\/wp-json\/wp\/v2\/comments?post=12214"}],"version-history":[{"count":0,"href":"https:\/\/noticiasribeiraopreto.com.br\/index.php\/wp-json\/wp\/v2\/posts\/12214\/revisions"}],"wp:featuredmedia":[{"embeddable":true,"href":"https:\/\/noticiasribeiraopreto.com.br\/index.php\/wp-json\/wp\/v2\/media\/12215"}],"wp:attachment":[{"href":"https:\/\/noticiasribeiraopreto.com.br\/index.php\/wp-json\/wp\/v2\/media?parent=12214"}],"wp:term":[{"taxonomy":"category","embeddable":true,"href":"https:\/\/noticiasribeiraopreto.com.br\/index.php\/wp-json\/wp\/v2\/categories?post=12214"},{"taxonomy":"post_tag","embeddable":true,"href":"https:\/\/noticiasribeiraopreto.com.br\/index.php\/wp-json\/wp\/v2\/tags?post=12214"}],"curies":[{"name":"wp","href":"https:\/\/api.w.org\/{rel}","templated":true}]}}