{"id":12218,"date":"2023-12-07T17:03:08","date_gmt":"2023-12-07T20:03:08","guid":{"rendered":"https:\/\/noticiasribeiraopreto.com.br\/index.php\/2023\/12\/07\/plenario-do-stf-julgara-vinculo-com-aplicativo\/"},"modified":"2023-12-07T17:03:08","modified_gmt":"2023-12-07T20:03:08","slug":"plenario-do-stf-julgara-vinculo-com-aplicativo","status":"publish","type":"post","link":"https:\/\/noticiasribeiraopreto.com.br\/index.php\/2023\/12\/07\/plenario-do-stf-julgara-vinculo-com-aplicativo\/","title":{"rendered":"Plen\u00e1rio do STF julgar\u00e1 v\u00ednculo com aplicativo\u00a0"},"content":{"rendered":"<div class='code-block code-block-1' style='margin: 8px 0 8px auto; text-align: right; display: block; clear: both;'>\n<p><a href=\"https:\/\/wa.link\/vpicfd\"><img data-recalc-dims=\"1\" class=\"wp-image-4922\" style=\"aspect-ratio: 2.0253164556962027; width: 561px; height: auto;\" src=\"https:\/\/i0.wp.com\/ismaelcolosi.com.br\/wp-content\/uploads\/2023\/11\/grupo-de-empregos-whatsapp-e-facebook-ismael-colosi-vagas.jpg?ssl=1\" alt=\"\" \/><\/a><\/p>\n<!-- \/wp:image -->\n<\/div>\n<p> <br \/>\n<\/p>\n<div id=\"\">\n<p> <span class=\"entry-meta-item penci-posted-on\"><i class=\"fa fa-clock-o\"\/><time class=\"entry-date published\" datetime=\"2023-12-07T17:00:43-03:00\">7 de dezembro de 2023 | 17:00<\/time><time class=\"updated\" datetime=\"2023-12-07T10:54:53-03:00\">7 de dezembro de 2023 | 10:54<\/time><\/span><\/p>\n<p> <span class=\"penci-social-buttons penci-social-share-footer\"><a href=\"#\" class=\"penci-post-like penci_post-meta_item  single-like-button penci-social-item like\" data-post_id=\"366523\" title=\"Like\" data-like=\"Like\" data-unlike=\"Unlike\"><i class=\"fa fa-thumbs-o-up\"\/><span class=\"penci-share-number\">0<\/span><\/a><i class=\"fa fa-facebook\"\/><a class=\"penci-social-item twitter\" target=\"_blank\" rel=\"noopener\" title=\"\" href=\"https:\/\/twitter.com\/intent\/tweet?text=Plen\u00e1rio%20do%20STF%20julgar\u00e1%20v\u00ednculo%20com%20aplicativo\u00a0%20-%20https:\/\/www.tribunaribeirao.com.br\/site\/plenario-do-stf-julgara-vinculo-com-aplicativo\/\"><i class=\"fa fa-twitter\"\/><\/a><i class=\"fa fa-whatsapp\"\/><\/span><\/div>\n<div>\n<p><span data-contrast=\"auto\">A decis\u00e3o da Primeira Turma do Supremo Tribunal Federal (STF) que afastou v\u00ednculo de emprego entre um entregador e o aplicativo Cabify ser\u00e1 submetida ao plen\u00e1rio da Corte. \u00c9 a primeira vez que os ministros do STF v\u00e3o se debru\u00e7ar no plen\u00e1rio sobre o tema. O julgamento vai tra\u00e7ar um precedente importante sobre as rela\u00e7\u00f5es entre motoristas e aplicativos de entrega e transporte, como Uber e iFood.<\/span><\/p>\n<p><span data-contrast=\"auto\">A vota\u00e7\u00e3o ainda n\u00e3o tem data prevista. A expectativa \u00e9 que o julgamento seja pautado no plen\u00e1rio virtual, dada a proximidade com o recesso do Judici\u00e1rio e o volume da pauta das sess\u00f5es presenciais em dezembro. Caso contr\u00e1rio, deve ficar para 2024.<\/span><\/p>\n<p><span data-contrast=\"auto\">A Primeira Turma decidiu por unanimidade na ter\u00e7a-feira, 5 de dezembro, que os motoristas que prestam servi\u00e7o aos aplicativos n\u00e3o s\u00e3o empregados, nos moldes tradicionais da Consolida\u00e7\u00e3o das Leis do Trabalho (CLT). e que a f\u00f3rmula de trabalho precisa de uma regulamenta\u00e7\u00e3o pr\u00f3pria. <\/span><\/p>\n<p><span data-contrast=\"auto\">H\u00e1 projetos de lei em tramita\u00e7\u00e3o no Congresso sobre o tema. \u201cN\u00e3o tenho d\u00favida que daqui a 20 anos ou menos n\u00f3s vamos ter um grav\u00edssimo problema social e previdenci\u00e1rio, porque essas pessoas que ficam neste sistema de uberiza\u00e7\u00e3o n\u00e3o t\u00eam os direitos sociais garantidos na Constitui\u00e7\u00e3o por aus\u00eancia de serem devidamente suportados por uma legisla\u00e7\u00e3o que diga como ser\u00e1 a seguridade social para eles\u201d, disse a ministra C\u00e1rmen L\u00facia.<\/span><\/p>\n<p><span data-contrast=\"auto\">Os ministros consideraram que os colaboradores dessas plataformas t\u00eam flexibilidade para definir o pr\u00f3prio hor\u00e1rio de trabalho, autonomia para aceitarem ou n\u00e3o as entregas e corridas e liberdade para trabalharem em outras fun\u00e7\u00f5es.<\/span><\/p>\n<p><span data-contrast=\"auto\">\u201cN\u00e3o vejo uma rela\u00e7\u00e3o de trabalho t\u00edpica da CLT, mas sim uma outra forma de contrata\u00e7\u00e3o, que eventualmente possa merecer uma nova legisla\u00e7\u00e3o que discipline a mat\u00e9ria\u201d, defendeu o ministro Cristiano Zanin. A Primeira Turma analisou uma reclama\u00e7\u00e3o contra decis\u00e3o do Tribunal Regional do Trabalho da 3\u00aa Regi\u00e3o (TRT3), em Minas Gerais, que reconheceu o v\u00ednculo empregat\u00edcio entre o motorista e o Cabify.<\/span><\/p>\n<p><span data-contrast=\"auto\">Os ministros decidiram submeter a decis\u00e3o ao plen\u00e1rio do STF em uma tentativa de p\u00f4r fim a julgamentos divergentes na Justi\u00e7a do Trabalho. O Supremo j\u00e1 tomou decis\u00f5es, nas turmas e monocr\u00e1ticas, afastando o v\u00ednculo de emprego em casos semelhantes, mas senten\u00e7as nas inst\u00e2ncias inferiores t\u00eam dado ganho de causa aos motoristas.<\/span><\/p>\n<p><span data-contrast=\"auto\">Mais da metade das reclama\u00e7\u00f5es enviadas ao STF neste ano tratam de quest\u00f5es relacionadas ao direito trabalhista. A Corte virou uma frequente inst\u00e2ncia de recurso para tentar impor limites ou mesmo corrigir decis\u00f5es proferidas pela Justi\u00e7a do Trabalho. <\/span><\/p>\n<p><span data-contrast=\"auto\">De janeiro a novembro deste ano, o Supremo recebeu 6.148 reclama\u00e7\u00f5es \u2013 um tipo de a\u00e7\u00e3o que pode derrubar despachos ou atos administrativos que violem s\u00famulas vinculantes. Dessas, 3 334 s\u00e3o relacionadas ao direito do trabalho. O levantamento mostra que o tema j\u00e1 equivale a 54% das reclama\u00e7\u00f5es que chegam ao STF. <\/span><\/p>\n<p><span data-contrast=\"auto\">Esse \u00edndice subiu pelo segundo ano seguido. Em 2018, no ano posterior \u00e0 reforma, essas reclama\u00e7\u00f5es contra decis\u00f5es do TST no STF somavam 41%. O ministro Luiz Fux sugeriu que o Conselho Nacional de Justi\u00e7a (CNJ), \u00f3rg\u00e3o que administra o Poder Judici\u00e1rio, seja acionado. <\/span><\/p>\n<p><span data-ccp-props=\"{&quot;201341983&quot;:0,&quot;335559739&quot;:200,&quot;335559740&quot;:276}\">\u00a0<\/span><\/p>\n<p><span data-ccp-props=\"{&quot;201341983&quot;:0,&quot;335559739&quot;:200,&quot;335559740&quot;:276}\">\u00a0<\/span><\/p>\n<\/div>\n<p><script async src=\"\/\/platform.twitter.com\/widgets.js\" charset=\"utf-8\"><\/script><br \/>\n<br \/><br \/>\n<br \/><a href=\"https:\/\/www.tribunaribeirao.com.br\/site\/plenario-do-stf-julgara-vinculo-com-aplicativo\/\">Source link <\/a><\/p>\n<!-- CONTENT END 1 -->\n","protected":false},"excerpt":{"rendered":"<p>7 de dezembro de 2023 | 17:007 de dezembro de 2023 | 10:54 0 A decis\u00e3o da Primeira Turma do Supremo Tribunal Federal (STF) que&#8230;<\/p>\n","protected":false},"author":1,"featured_media":12219,"comment_status":"open","ping_status":"open","sticky":false,"template":"","format":"standard","meta":{"advanced_seo_description":"","jetpack_seo_html_title":"","jetpack_seo_noindex":false,"jetpack_post_was_ever_published":false,"_jetpack_newsletter_access":"","_jetpack_dont_email_post_to_subs":false,"_jetpack_newsletter_tier_id":0,"_jetpack_memberships_contains_paywalled_content":false,"_jetpack_memberships_contains_paid_content":false,"footnotes":"","jetpack_publicize_message":"","jetpack_publicize_feature_enabled":true,"jetpack_social_post_already_shared":true,"jetpack_social_options":{"image_generator_settings":{"template":"highway","default_image_id":0,"font":"","enabled":false},"version":2}},"categories":[11],"tags":[320,1707,1706,892,1708],"class_list":["post-12218","post","type-post","status-publish","format-standard","has-post-thumbnail","hentry","category-noticias-de-ribeirao-preto-sp-e-regiao-ismael-colosi","tag-aplicativo","tag-julgara","tag-plenario","tag-stf","tag-vinculo"],"jetpack_publicize_connections":[],"jetpack_featured_media_url":"https:\/\/i0.wp.com\/noticiasribeiraopreto.com.br\/wp-content\/uploads\/2023\/12\/uber-scaled.jpg?fit=1000%2C616&ssl=1","jetpack-related-posts":[{"id":11677,"url":"https:\/\/noticiasribeiraopreto.com.br\/index.php\/2023\/12\/06\/decisao-do-stf-sobre-vinculo-entre-motoristas-e-aplicativos-surpreende\/","url_meta":{"origin":12218,"position":0},"title":"Decis\u00e3o do STF sobre v\u00ednculo entre motoristas e aplicativos SURPREENDE","author":"noticiasribeiraopreto.com.br","date":"6 de December de 2023","format":false,"excerpt":"A Primeira Turma do Supremo Tribunal Federal (STF) decidiu nesta ter\u00e7a-feira, 5,\u00a0 que n\u00e3o h\u00e1 v\u00ednculo de emprego entre motoristas de aplicativos\u00a0e as empresas que operam as plataformas. O entendimento vale para todas as plataformas. Cr\u00e9ditos: Ag\u00eancia Brasil\/Marcello Casal JrDecis\u00e3o do STF sobre v\u00ednculo entre motoristas e aplicativos SURPREENDE O\u2026","rel":"","context":"In &quot;Variedades&quot;","block_context":{"text":"Variedades","link":"https:\/\/noticiasribeiraopreto.com.br\/index.php\/category\/variedades\/"},"img":{"alt_text":"","src":"https:\/\/i0.wp.com\/noticiasribeiraopreto.com.br\/wp-content\/uploads\/2023\/12\/decisao-surpreendente-contra-uber-impacta-motoristas-de-aplicativo.jpg?fit=1200%2C638&ssl=1&resize=350%2C200","width":350,"height":200,"srcset":"https:\/\/i0.wp.com\/noticiasribeiraopreto.com.br\/wp-content\/uploads\/2023\/12\/decisao-surpreendente-contra-uber-impacta-motoristas-de-aplicativo.jpg?fit=1200%2C638&ssl=1&resize=350%2C200 1x, https:\/\/i0.wp.com\/noticiasribeiraopreto.com.br\/wp-content\/uploads\/2023\/12\/decisao-surpreendente-contra-uber-impacta-motoristas-de-aplicativo.jpg?fit=1200%2C638&ssl=1&resize=525%2C300 1.5x, https:\/\/i0.wp.com\/noticiasribeiraopreto.com.br\/wp-content\/uploads\/2023\/12\/decisao-surpreendente-contra-uber-impacta-motoristas-de-aplicativo.jpg?fit=1200%2C638&ssl=1&resize=700%2C400 2x, https:\/\/i0.wp.com\/noticiasribeiraopreto.com.br\/wp-content\/uploads\/2023\/12\/decisao-surpreendente-contra-uber-impacta-motoristas-de-aplicativo.jpg?fit=1200%2C638&ssl=1&resize=1050%2C600 3x"},"classes":[]},{"id":11945,"url":"https:\/\/noticiasribeiraopreto.com.br\/index.php\/2023\/12\/07\/stf-toma-nova-decisao-sobre-vinculo-entre-motoristas-e-aplicativos\/","url_meta":{"origin":12218,"position":1},"title":"STF toma NOVA decis\u00e3o sobre v\u00ednculo entre motoristas e aplicativos","author":"noticiasribeiraopreto.com.br","date":"7 de December de 2023","format":false,"excerpt":"A Primeira Turma do Supremo Tribunal Federal (STF) decidiu nesta ter\u00e7a-feira, 5,\u00a0 que n\u00e3o h\u00e1 v\u00ednculo de emprego entre motoristas de aplicativos\u00a0e as empresas que operam as plataformas. O entendimento vale para todas as plataformas. Cr\u00e9ditos: Rovena Rosa\/Ag\u00eancia BrasilSTF toma NOVA decis\u00e3o sobre v\u00ednculo entre motoristas e aplicativos O colegiado\u2026","rel":"","context":"In &quot;Variedades&quot;","block_context":{"text":"Variedades","link":"https:\/\/noticiasribeiraopreto.com.br\/index.php\/category\/variedades\/"},"img":{"alt_text":"","src":"https:\/\/i0.wp.com\/noticiasribeiraopreto.com.br\/wp-content\/uploads\/2023\/12\/pessima-noticia-para-motoristas-de-carro-por-aplicativo-gera-grande-apreensao.jpg?fit=1200%2C638&ssl=1&resize=350%2C200","width":350,"height":200,"srcset":"https:\/\/i0.wp.com\/noticiasribeiraopreto.com.br\/wp-content\/uploads\/2023\/12\/pessima-noticia-para-motoristas-de-carro-por-aplicativo-gera-grande-apreensao.jpg?fit=1200%2C638&ssl=1&resize=350%2C200 1x, https:\/\/i0.wp.com\/noticiasribeiraopreto.com.br\/wp-content\/uploads\/2023\/12\/pessima-noticia-para-motoristas-de-carro-por-aplicativo-gera-grande-apreensao.jpg?fit=1200%2C638&ssl=1&resize=525%2C300 1.5x, https:\/\/i0.wp.com\/noticiasribeiraopreto.com.br\/wp-content\/uploads\/2023\/12\/pessima-noticia-para-motoristas-de-carro-por-aplicativo-gera-grande-apreensao.jpg?fit=1200%2C638&ssl=1&resize=700%2C400 2x, https:\/\/i0.wp.com\/noticiasribeiraopreto.com.br\/wp-content\/uploads\/2023\/12\/pessima-noticia-para-motoristas-de-carro-por-aplicativo-gera-grande-apreensao.jpg?fit=1200%2C638&ssl=1&resize=1050%2C600 3x"},"classes":[]},{"id":16150,"url":"https:\/\/noticiasribeiraopreto.com.br\/index.php\/2023\/12\/15\/revisao-da-vida-toda-supremo-autoriza-novo-julgamento-em-plenario\/","url_meta":{"origin":12218,"position":2},"title":"Revis\u00e3o da vida toda: Supremo autoriza novo julgamento em plen\u00e1rio\u00a0","author":"noticiasribeiraopreto.com.br","date":"15 de December de 2023","format":false,"excerpt":"14 de dezembro de 2023 | 14:3014 de dezembro de 2023 | 11:33 0O recurso sobre a revis\u00e3o da vida toda foi liberado nesta quarta-feira, 13 de dezembro, para julgamento no plen\u00e1rio do Supremo Tribunal Federal (STF). Cabe agora ao ministro Lu\u00eds Roberto Barroso, presidente da Corte, encaixar o processo\u2026","rel":"","context":"In &quot;Not\u00edcias de Ribeir\u00e3o Preto-SP e Regi\u00e3o&quot;","block_context":{"text":"Not\u00edcias de Ribeir\u00e3o Preto-SP e Regi\u00e3o","link":"https:\/\/noticiasribeiraopreto.com.br\/index.php\/category\/noticias-de-ribeirao-preto-sp-e-regiao-ismael-colosi\/"},"img":{"alt_text":"","src":"https:\/\/i0.wp.com\/noticiasribeiraopreto.com.br\/wp-content\/uploads\/2023\/12\/previdenciainss-scaled.jpg?fit=700%2C419&ssl=1&resize=350%2C200","width":350,"height":200,"srcset":"https:\/\/i0.wp.com\/noticiasribeiraopreto.com.br\/wp-content\/uploads\/2023\/12\/previdenciainss-scaled.jpg?fit=700%2C419&ssl=1&resize=350%2C200 1x, https:\/\/i0.wp.com\/noticiasribeiraopreto.com.br\/wp-content\/uploads\/2023\/12\/previdenciainss-scaled.jpg?fit=700%2C419&ssl=1&resize=525%2C300 1.5x, https:\/\/i0.wp.com\/noticiasribeiraopreto.com.br\/wp-content\/uploads\/2023\/12\/previdenciainss-scaled.jpg?fit=700%2C419&ssl=1&resize=700%2C400 2x"},"classes":[]},{"id":67508,"url":"https:\/\/noticiasribeiraopreto.com.br\/index.php\/2025\/04\/15\/todos-os-processos-de-pjs-para-pedir-vinculo-de-trabalho-a-empresas-estao-suspensos\/","url_meta":{"origin":12218,"position":3},"title":"Todos os processos de &#8220;PJs&#8221; para pedir v\u00ednculo de trabalho a empresas est\u00e3o suspensos","author":"noticiasribeiraopreto.com.br","date":"15 de April de 2025","format":false,"excerpt":"O ministro Gilmar Mendes, do Supremo Tribunal Federal, determinou a suspens\u00e3o nacional de todos os processos que tratam da licitude da contrata\u00e7\u00e3o de trabalhador aut\u00f4nomo ou pessoa jur\u00eddica para a presta\u00e7\u00e3o de servi\u00e7os, a chamada \u201cpejotiza\u00e7\u00e3o\u201d. Esse tipo de contrato \u00e9 comum em diversos setores, como representa\u00e7\u00e3o comercial, corretagem de\u2026","rel":"","context":"In &quot;Not\u00edcias de Franca-SP&quot;","block_context":{"text":"Not\u00edcias de Franca-SP","link":"https:\/\/noticiasribeiraopreto.com.br\/index.php\/category\/noticias-de-ribeirao-preto-sp-e-regiao-ismael-colosi\/noticias-franca-sp\/"},"img":{"alt_text":"","src":"https:\/\/i0.wp.com\/noticiasribeiraopreto.com.br\/wp-content\/uploads\/2025\/04\/stf_-e1620411203174.jpg?fit=600%2C359&ssl=1&resize=350%2C200","width":350,"height":200,"srcset":"https:\/\/i0.wp.com\/noticiasribeiraopreto.com.br\/wp-content\/uploads\/2025\/04\/stf_-e1620411203174.jpg?fit=600%2C359&ssl=1&resize=350%2C200 1x, https:\/\/i0.wp.com\/noticiasribeiraopreto.com.br\/wp-content\/uploads\/2025\/04\/stf_-e1620411203174.jpg?fit=600%2C359&ssl=1&resize=525%2C300 1.5x"},"classes":[]},{"id":10484,"url":"https:\/\/noticiasribeiraopreto.com.br\/index.php\/2023\/12\/04\/moraes-toma-decisao-em-julgamento-sobre-revisao-da-vida-toda\/","url_meta":{"origin":12218,"position":4},"title":"Moraes toma decis\u00e3o em julgamento sobre &#8216;revis\u00e3o da vida toda&#8217;","author":"noticiasribeiraopreto.com.br","date":"4 de December de 2023","format":false,"excerpt":"Cr\u00e9ditos: Reprodu\u00e7\u00e3o\/TSE O julgamento virtual do recurso do INSS acabou suspenso O Alexandre de Moraes, ministro do Supremo Tribunal Federal (STF), decidiu suspender o julgamento sobre a chamada \u201crevis\u00e3o da vida toda\u201d de aposentadorias pagas pelo Instituto Nacional do Seguro Social (INSS). O julgamento em plen\u00e1rio virtual analisava os embargos\u2026","rel":"","context":"In &quot;Variedades&quot;","block_context":{"text":"Variedades","link":"https:\/\/noticiasribeiraopreto.com.br\/index.php\/category\/variedades\/"},"img":{"alt_text":"","src":"https:\/\/i0.wp.com\/noticiasribeiraopreto.com.br\/wp-content\/uploads\/2023\/12\/fotos-catraca-2023-12-04t121538457.png?fit=1200%2C638&ssl=1&resize=350%2C200","width":350,"height":200,"srcset":"https:\/\/i0.wp.com\/noticiasribeiraopreto.com.br\/wp-content\/uploads\/2023\/12\/fotos-catraca-2023-12-04t121538457.png?fit=1200%2C638&ssl=1&resize=350%2C200 1x, https:\/\/i0.wp.com\/noticiasribeiraopreto.com.br\/wp-content\/uploads\/2023\/12\/fotos-catraca-2023-12-04t121538457.png?fit=1200%2C638&ssl=1&resize=525%2C300 1.5x, https:\/\/i0.wp.com\/noticiasribeiraopreto.com.br\/wp-content\/uploads\/2023\/12\/fotos-catraca-2023-12-04t121538457.png?fit=1200%2C638&ssl=1&resize=700%2C400 2x, https:\/\/i0.wp.com\/noticiasribeiraopreto.com.br\/wp-content\/uploads\/2023\/12\/fotos-catraca-2023-12-04t121538457.png?fit=1200%2C638&ssl=1&resize=1050%2C600 3x"},"classes":[]},{"id":10684,"url":"https:\/\/noticiasribeiraopreto.com.br\/index.php\/2023\/12\/04\/stf-deve-julgar-descriminalizacao-do-porte-de-drogas-no-ano-que-vem\/","url_meta":{"origin":12218,"position":5},"title":"STF deve julgar descriminaliza\u00e7\u00e3o do porte de drogas no ano que vem","author":"noticiasribeiraopreto.com.br","date":"4 de December de 2023","format":false,"excerpt":"4 de dezembro de 2023 | 15:004 de dezembro de 2023 | 12:29 0O plen\u00e1rio do Supremo Tribunal Federal (STF) deve julgar no in\u00edcio de 2024 a possibilidade de descriminaliza\u00e7\u00e3o do porte de drogas. A informa\u00e7\u00e3o foi confirmada pela assessoria da Corte ap\u00f3s a devolu\u00e7\u00e3o autom\u00e1tica de uma vista do\u2026","rel":"","context":"In &quot;Not\u00edcias de Ribeir\u00e3o Preto-SP e Regi\u00e3o&quot;","block_context":{"text":"Not\u00edcias de Ribeir\u00e3o Preto-SP e Regi\u00e3o","link":"https:\/\/noticiasribeiraopreto.com.br\/index.php\/category\/noticias-de-ribeirao-preto-sp-e-regiao-ismael-colosi\/"},"img":{"alt_text":"","src":"https:\/\/i0.wp.com\/noticiasribeiraopreto.com.br\/wp-content\/uploads\/2023\/12\/stf_1908200973-scaled.jpg?fit=1000%2C598&ssl=1&resize=350%2C200","width":350,"height":200,"srcset":"https:\/\/i0.wp.com\/noticiasribeiraopreto.com.br\/wp-content\/uploads\/2023\/12\/stf_1908200973-scaled.jpg?fit=1000%2C598&ssl=1&resize=350%2C200 1x, https:\/\/i0.wp.com\/noticiasribeiraopreto.com.br\/wp-content\/uploads\/2023\/12\/stf_1908200973-scaled.jpg?fit=1000%2C598&ssl=1&resize=525%2C300 1.5x, https:\/\/i0.wp.com\/noticiasribeiraopreto.com.br\/wp-content\/uploads\/2023\/12\/stf_1908200973-scaled.jpg?fit=1000%2C598&ssl=1&resize=700%2C400 2x"},"classes":[]}],"jetpack_sharing_enabled":true,"jetpack_shortlink":"https:\/\/wp.me\/peQAOb-3b4","_links":{"self":[{"href":"https:\/\/noticiasribeiraopreto.com.br\/index.php\/wp-json\/wp\/v2\/posts\/12218","targetHints":{"allow":["GET"]}}],"collection":[{"href":"https:\/\/noticiasribeiraopreto.com.br\/index.php\/wp-json\/wp\/v2\/posts"}],"about":[{"href":"https:\/\/noticiasribeiraopreto.com.br\/index.php\/wp-json\/wp\/v2\/types\/post"}],"author":[{"embeddable":true,"href":"https:\/\/noticiasribeiraopreto.com.br\/index.php\/wp-json\/wp\/v2\/users\/1"}],"replies":[{"embeddable":true,"href":"https:\/\/noticiasribeiraopreto.com.br\/index.php\/wp-json\/wp\/v2\/comments?post=12218"}],"version-history":[{"count":0,"href":"https:\/\/noticiasribeiraopreto.com.br\/index.php\/wp-json\/wp\/v2\/posts\/12218\/revisions"}],"wp:featuredmedia":[{"embeddable":true,"href":"https:\/\/noticiasribeiraopreto.com.br\/index.php\/wp-json\/wp\/v2\/media\/12219"}],"wp:attachment":[{"href":"https:\/\/noticiasribeiraopreto.com.br\/index.php\/wp-json\/wp\/v2\/media?parent=12218"}],"wp:term":[{"taxonomy":"category","embeddable":true,"href":"https:\/\/noticiasribeiraopreto.com.br\/index.php\/wp-json\/wp\/v2\/categories?post=12218"},{"taxonomy":"post_tag","embeddable":true,"href":"https:\/\/noticiasribeiraopreto.com.br\/index.php\/wp-json\/wp\/v2\/tags?post=12218"}],"curies":[{"name":"wp","href":"https:\/\/api.w.org\/{rel}","templated":true}]}}