{"id":12230,"date":"2023-12-07T17:29:56","date_gmt":"2023-12-07T20:29:56","guid":{"rendered":"https:\/\/noticiasribeiraopreto.com.br\/index.php\/2023\/12\/07\/inss-realiza-novo-deposito-para-esses-aposentados-nesta-quinta-feira-7-veja-2\/"},"modified":"2023-12-07T17:29:56","modified_gmt":"2023-12-07T20:29:56","slug":"inss-realiza-novo-deposito-para-esses-aposentados-nesta-quinta-feira-7-veja-2","status":"publish","type":"post","link":"https:\/\/noticiasribeiraopreto.com.br\/index.php\/2023\/12\/07\/inss-realiza-novo-deposito-para-esses-aposentados-nesta-quinta-feira-7-veja-2\/","title":{"rendered":"INSS realiza novo dep\u00f3sito para ESSES aposentados nesta quinta-feira (7); VEJA"},"content":{"rendered":"<div class='code-block code-block-1' style='margin: 8px 0 8px auto; text-align: right; display: block; clear: both;'>\n<p><a href=\"https:\/\/wa.link\/vpicfd\"><img data-recalc-dims=\"1\" class=\"wp-image-4922\" style=\"aspect-ratio: 2.0253164556962027; width: 561px; height: auto;\" src=\"https:\/\/i0.wp.com\/ismaelcolosi.com.br\/wp-content\/uploads\/2023\/11\/grupo-de-empregos-whatsapp-e-facebook-ismael-colosi-vagas.jpg?ssl=1\" alt=\"\" \/><\/a><\/p>\n<!-- \/wp:image -->\n<\/div>\n<p> <br \/>\n<\/p>\n<div>\n<p>O<a href=\"https:\/\/jcconcursos.com.br\/tags\/previdencia-social\" rel=\"noopener\" target=\"_blank\"> Instituto Nacional do Seguro Social (INSS)<\/a> realiza, nesta quinta-feira (7) o \u00faltimo dep\u00f3sito para novo grupo de <strong>aposentados<\/strong> que recebem mais do que um sal\u00e1rio m\u00ednimo (R$ 1.320). Ser\u00e3o beneficiados os segurados com pen\u00faltimo n\u00famero de benef\u00edcio 5 e 0.\u00a0<\/p>\n<p>O calend\u00e1rio referente ao m\u00eas passado ir\u00e1 beneficiar com aposentadorias, pens\u00f5es e demais aux\u00edlios 39.036.865 de brasileiros. Segundo o INSS, esse grupo \u00e9 composto por 5.657.745 de benef\u00edcios assistenciais e 33.379.120 previdenci\u00e1rios.<\/p>\n<p>O levantamento aponta ainda que o n\u00famero de pessoas que recebem at\u00e9 um sal\u00e1rio m\u00ednimo \u00e9 de 26.168.062. Os que ganham acima do piso nacional somam 12.868.803 pessoas.<\/p>\n<p><a href=\"https:\/\/jcconcursos.com.br\/noticia\/brasil\/13-salario-segunda-parcela-injeta-r-106-bi-na-economia-e-impulsiona-o-consumo-119722\" rel=\"noopener\" target=\"_blank\">+ 13\u00ba sal\u00e1rio: segunda parcela injeta R$ 106 bi na economia e impulsiona o consumo<\/a><\/p>\n<h2>Calend\u00e1rio INSS 2023 em novembro<\/h2>\n<p>Para saber o dia exato do recebimento, o segurado deve verificar o n\u00famero do benef\u00edcio (NB) que possui dez d\u00edgitos no formato: 999.999.99<strong>9<\/strong>-9. Neste caso, \u00e9 necess\u00e1rio considerar o pen\u00faltimo n\u00famero que fica antes do d\u00edgito. Veja abaixo as datas de pagamento dos benef\u00edcios de novembro:<\/p>\n<p><strong>Benef\u00edcio de at\u00e9 1 sal\u00e1rio m\u00ednimo<\/strong><\/p>\n<div class=\"code-block code-block-5\" style=\"margin: 8px auto; text-align: center; display: block; clear: both;\"> <a href=\"https:\/\/suaads.com\/ref\/ISMAELCOLOSI\" target=\"_blank\" rel=\"noopener\"><img data-recalc-dims=\"1\" decoding=\"async\" src=\"https:\/\/i0.wp.com\/suaurl.com\/img\/bannersref\/s.png?ssl=1\" alt=\"SuaUrl\"  style=\"max-width: 100%;\" class=\"lazy\" loading=\"lazy\"\/><noscript><img data-recalc-dims=\"1\" decoding=\"async\" src=\"https:\/\/i0.wp.com\/suaurl.com\/img\/bannersref\/s.png?ssl=1\" alt=\"SuaUrl\"  style=\"max-width: 100%;\"\/><\/noscript><\/a><\/div>\n<ul>\n<li aria-level=\"1\" style=\"font-weight: 400;\">Pen\u00faltimo d\u00edgito 1 \u2013 24 de novembro \u2013 j\u00e1 pago;<\/li>\n<li aria-level=\"1\" style=\"font-weight: 400;\">Pen\u00faltimo d\u00edgito 2 \u2013 27 de novembro \u2013 j\u00e1 pago;<\/li>\n<li aria-level=\"1\" style=\"font-weight: 400;\">Pen\u00faltimo d\u00edgito 3 \u2013 28 de novembro \u2013 j\u00e1 pago;<\/li>\n<li aria-level=\"1\" style=\"font-weight: 400;\">Pen\u00faltimo d\u00edgito 4 \u2013 29 de novembro \u2013 j\u00e1 pago;<\/li>\n<li aria-level=\"1\" style=\"font-weight: 400;\">Pen\u00faltimo d\u00edgito 5 \u2013 30 de novembro \u2013 j\u00e1 pago;<\/li>\n<li aria-level=\"1\" style=\"font-weight: 400;\">Pen\u00faltimo d\u00edgito 6 \u2013 1\u00ba de dezembro \u2013 j\u00e1 pago;<\/li>\n<li aria-level=\"1\" style=\"font-weight: 400;\">Pen\u00faltimo d\u00edgito 7 \u2013 4 de dezembro \u2013 j\u00e1 pago;<\/li>\n<li aria-level=\"1\" style=\"font-weight: 400;\">Pen\u00faltimo d\u00edgito 8 \u2013 5 de dezembro- j\u00e1 pago;<\/li>\n<li aria-level=\"1\" style=\"font-weight: 400;\">Pen\u00faltimo d\u00edgito 9 \u2013 6 de dezembro \u2013 j\u00e1 pago;<\/li>\n<li aria-level=\"1\" style=\"font-weight: 400;\">Pen\u00faltimo d\u00edgito 0 \u2013 7 de dezembro.<\/li>\n<\/ul>\n<p><strong>Benef\u00edcios acima de 1 sal\u00e1rio m\u00ednimo<\/strong><\/p>\n<ul>\n<li aria-level=\"1\" style=\"font-weight: 400;\">Pen\u00faltimo d\u00edgito 1 e 6 \u2013 1\u00ba de dezembro \u2013 j\u00e1 pago;<\/li>\n<li aria-level=\"1\" style=\"font-weight: 400;\">Pen\u00faltimo d\u00edgito 2 e 7 \u2013 4 de dezembro \u2013 j\u00e1 pago;<\/li>\n<li aria-level=\"1\" style=\"font-weight: 400;\">Pen\u00faltimo d\u00edgito 3 e 8 \u2013 5 de dezembro \u2013 j\u00e1 pago;<\/li>\n<li aria-level=\"1\" style=\"font-weight: 400;\">Pen\u00faltimo d\u00edgito 4 e 9 \u2013 6 de dezembro \u2013 j\u00e1 pago;<\/li>\n<li aria-level=\"1\" style=\"font-weight: 400;\">Pen\u00faltimo d\u00edgito 5 e 0 \u2013 7 de dezembro.<\/li>\n<\/ul>\n<h2>Saiba como consultar benef\u00edcio do INSS<\/h2>\n<p>Os valores do calend\u00e1rio de julho j\u00e1 podem ser consultados. Os canais para checar essas informa\u00e7\u00f5es s\u00e3o do site ou do aplicativo MEU INSS, dispon\u00edvel para os sistemas (<a href=\"https:\/\/play.google.com\/store\/apps\/details?gl=US&amp;hl=pt_BR&amp;id=br.gov.dataprev.meuinss\" rel=\"noopener\" target=\"_blank\">Android<\/a> e <a href=\"https:\/\/apps.apple.com\/br\/app\/meu-inss-central-de-servi%C3%A7os\/id1243048358\" rel=\"noopener\" target=\"_blank\">iOS<\/a>).<\/p>\n<p>Para aqueles que n\u00e3o possuem acesso \u00e0 internet, podem realizar a consulta ligando para a Central de Atendimento do INSS, no n\u00famero 135, de segunda-feira a s\u00e1bado, das 7h at\u00e9 \u00e0s 22h, no hor\u00e1rio de Bras\u00edlia.<\/p>\n<h2>Benef\u00edcios pagos pelo INSS\u00a0<\/h2>\n<p>O Instituto Nacional do Seguro Social (INSS) foi criado em 27 de junho de 1990, por meio do Decreto n\u00b0 99.350, a partir da fus\u00e3o do Instituto de Administra\u00e7\u00e3o Financeira da Previd\u00eancia e Assist\u00eancia Social (IAPAS) com o Instituto Nacional de Previd\u00eancia Social (INPS).<\/p>\n<p>O INSS \u00e9 uma autarquia vinculada ao Minist\u00e9rio do Trabalho e Previd\u00eancia, respons\u00e1vel por garantir a prote\u00e7\u00e3o social dos trabalhadores brasileiros. O INSS \u00e9 respons\u00e1vel por pagar os seguintes benef\u00edcios previdenci\u00e1rios:<\/p>\n<ul>\n<li aria-level=\"1\" style=\"font-weight: 400;\">Aposentadoria por idade;<\/li>\n<li aria-level=\"1\" style=\"font-weight: 400;\">Aposentadoria por tempo de contribui\u00e7\u00e3o;<\/li>\n<li aria-level=\"1\" style=\"font-weight: 400;\">Aposentadoria por invalidez;<\/li>\n<li aria-level=\"1\" style=\"font-weight: 400;\">Aux\u00edlio-doen\u00e7a;<\/li>\n<li aria-level=\"1\" style=\"font-weight: 400;\">Sal\u00e1rio-maternidade;<\/li>\n<li aria-level=\"1\" style=\"font-weight: 400;\">Pens\u00e3o por morte;<\/li>\n<li aria-level=\"1\" style=\"font-weight: 400;\">Aux\u00edlio-acidente;<\/li>\n<li aria-level=\"1\" style=\"font-weight: 400;\">Aux\u00edlio-reclus\u00e3o;<\/li>\n<li aria-level=\"1\" style=\"font-weight: 400;\">Benef\u00edcios assistenciais.<\/li>\n<\/ul>\n<p>O INSS tamb\u00e9m \u00e9 respons\u00e1vel pela administra\u00e7\u00e3o do FGTS, o qual \u00e9 um fundo de natureza constitucional cujo objetivo \u00e9 amparar o trabalhador no caso de desemprego involunt\u00e1rio, aposentadoria, doen\u00e7a, acidente de trabalho, entre outras situa\u00e7\u00f5es.<\/p>\n<p>+ Acompanhe as principais informa\u00e7\u00f5es sobre <a href=\"https:\/\/jcconcursos.com.br\/noticia\/brasil\/\" rel=\"noopener\" target=\"_blank\">Sociedade e Brasil no JC Concurso<\/a><\/p>\n<p><a id=\"gnews_btn\" href=\"https:\/\/news.google.com\/publications\/CAAqBwgKMOixlQswuZWrAw\" target=\"_blank\" class=\"border_jc_blue link_hover_bg_jc_blue font_85 d-block d-md-inline-block px-2 py-1 mr-0 mr-md-2 mb-3 w-100 text-center\" rel=\"noopener\"><span class=\"text_jc_blue\">Siga o <strong>JC Concursos no Google News<\/strong><\/span><\/a><a href=\"https:\/\/jcconcursos.com.br\/noticia\/brasil\/\" class=\"badge badge-light\">Sociedade<\/a><a href=\"https:\/\/jcconcursos.com.br\/noticia\/brasil\/\" class=\"badge badge-light\">Brasil<\/a><\/p>\n<\/div>\n<p><br \/>\n<br \/><a href=\"https:\/\/ismaelcolosi.com.br\/inss-realiza-novo-deposito-para-esses-aposentados-nesta-quinta-feira-7-veja\/\">Source link <\/a><\/p>\n<!-- CONTENT END 1 -->\n","protected":false},"excerpt":{"rendered":"<p>O Instituto Nacional do Seguro Social (INSS) realiza, nesta quinta-feira (7) o \u00faltimo dep\u00f3sito para novo grupo de aposentados que recebem mais do que um&#8230;<\/p>\n","protected":false},"author":1,"featured_media":12231,"comment_status":"open","ping_status":"open","sticky":false,"template":"","format":"standard","meta":{"advanced_seo_description":"","jetpack_seo_html_title":"","jetpack_seo_noindex":false,"jetpack_post_was_ever_published":false,"_jetpack_newsletter_access":"","_jetpack_dont_email_post_to_subs":false,"_jetpack_newsletter_tier_id":0,"_jetpack_memberships_contains_paywalled_content":false,"_jetpack_memberships_contains_paid_content":false,"footnotes":"","jetpack_publicize_message":"","jetpack_publicize_feature_enabled":true,"jetpack_social_post_already_shared":true,"jetpack_social_options":{"image_generator_settings":{"template":"highway","default_image_id":0,"font":"","enabled":false},"version":2}},"categories":[7],"tags":[],"class_list":["post-12230","post","type-post","status-publish","format-standard","has-post-thumbnail","hentry","category-vagas-de-empregos-em-ribeirao-preto-regiao-brasil"],"jetpack_publicize_connections":[],"jetpack_featured_media_url":"https:\/\/i0.wp.com\/noticiasribeiraopreto.com.br\/wp-content\/uploads\/2023\/12\/real-moeda-novo-2.jpg?fit=1920%2C1080&ssl=1","jetpack-related-posts":[{"id":62883,"url":"https:\/\/noticiasribeiraopreto.com.br\/index.php\/2025\/01\/27\/confira-o-calendario-de-pagamento-de-aposentados-e-pensionistas-do-inss\/","url_meta":{"origin":12230,"position":0},"title":"Confira o calend\u00e1rio de pagamento de aposentados e pensionistas do INSS","author":"noticiasribeiraopreto.com.br","date":"27 de January de 2025","format":false,"excerpt":"Come\u00e7aram nesta segunda-feira (27) os pagamentos de aposentados, pensionistas e benefici\u00e1rios de aux\u00edlios pagos pelo INSS (Instituto Nacional do Seguro Social) \u2013 veja o calend\u00e1rio abaixo. Calend\u00e1rio At\u00e9 um sal\u00e1rio-m\u00ednimo Acima do piso nacional Finais 1 e 6: 3 de fevereiro Finais 2 e 7: 4 de fevereiro Finais 3\u2026","rel":"","context":"In &quot;Not\u00edcias de Ribeir\u00e3o Preto-SP e Regi\u00e3o&quot;","block_context":{"text":"Not\u00edcias de Ribeir\u00e3o Preto-SP e Regi\u00e3o","link":"https:\/\/noticiasribeiraopreto.com.br\/index.php\/category\/noticias-de-ribeirao-preto-sp-e-regiao-ismael-colosi\/"},"img":{"alt_text":"","src":"https:\/\/i0.wp.com\/noticiasribeiraopreto.com.br\/wp-content\/uploads\/2025\/01\/AnyConv.com__aposentado.webp.webp?fit=1167%2C699&ssl=1&resize=350%2C200","width":350,"height":200,"srcset":"https:\/\/i0.wp.com\/noticiasribeiraopreto.com.br\/wp-content\/uploads\/2025\/01\/AnyConv.com__aposentado.webp.webp?fit=1167%2C699&ssl=1&resize=350%2C200 1x, https:\/\/i0.wp.com\/noticiasribeiraopreto.com.br\/wp-content\/uploads\/2025\/01\/AnyConv.com__aposentado.webp.webp?fit=1167%2C699&ssl=1&resize=525%2C300 1.5x, https:\/\/i0.wp.com\/noticiasribeiraopreto.com.br\/wp-content\/uploads\/2025\/01\/AnyConv.com__aposentado.webp.webp?fit=1167%2C699&ssl=1&resize=700%2C400 2x, https:\/\/i0.wp.com\/noticiasribeiraopreto.com.br\/wp-content\/uploads\/2025\/01\/AnyConv.com__aposentado.webp.webp?fit=1167%2C699&ssl=1&resize=1050%2C600 3x"},"classes":[]},{"id":21032,"url":"https:\/\/noticiasribeiraopreto.com.br\/index.php\/2023\/12\/27\/inss-veja-quem-recebe-nesta-semana-meu-valor-digital\/","url_meta":{"origin":12230,"position":1},"title":"INSS: veja quem recebe nesta semana &#8211; Meu Valor Digital","author":"noticiasribeiraopreto.com.br","date":"27 de December de 2023","format":false,"excerpt":"O INSS (Instituto Nacional do Seguro Social) come\u00e7ou a pagar os aposentados e pensionistas na quinta-feira (21). Ap\u00f3s o feriado do dia 25 de dezembro, a autarquia voltou a liberar os dep\u00f3sitos a partir desta ter\u00e7a-feira (26). Os aposentados com finais de benef\u00edcio 4 recebem na quarta-feira (27), os que\u2026","rel":"","context":"In &quot;Vagas de Emprego em Ribeir\u00e3o Preto-SP&quot;","block_context":{"text":"Vagas de Emprego em Ribeir\u00e3o Preto-SP","link":"https:\/\/noticiasribeiraopreto.com.br\/index.php\/category\/empregos-classificados-vagas-trabalho\/vagas-de-empregos-em-ribeirao-preto-regiao-brasil\/"},"img":{"alt_text":"","src":"https:\/\/i0.wp.com\/noticiasribeiraopreto.com.br\/wp-content\/uploads\/2023\/12\/INSS-paga-aposentados.jpg?fit=1200%2C800&ssl=1&resize=350%2C200","width":350,"height":200,"srcset":"https:\/\/i0.wp.com\/noticiasribeiraopreto.com.br\/wp-content\/uploads\/2023\/12\/INSS-paga-aposentados.jpg?fit=1200%2C800&ssl=1&resize=350%2C200 1x, https:\/\/i0.wp.com\/noticiasribeiraopreto.com.br\/wp-content\/uploads\/2023\/12\/INSS-paga-aposentados.jpg?fit=1200%2C800&ssl=1&resize=525%2C300 1.5x, https:\/\/i0.wp.com\/noticiasribeiraopreto.com.br\/wp-content\/uploads\/2023\/12\/INSS-paga-aposentados.jpg?fit=1200%2C800&ssl=1&resize=700%2C400 2x, https:\/\/i0.wp.com\/noticiasribeiraopreto.com.br\/wp-content\/uploads\/2023\/12\/INSS-paga-aposentados.jpg?fit=1200%2C800&ssl=1&resize=1050%2C600 3x"},"classes":[]},{"id":22652,"url":"https:\/\/noticiasribeiraopreto.com.br\/index.php\/2023\/12\/30\/reajuste-para-aposentados-do-inss-em-2024-e-anunciado-confira\/","url_meta":{"origin":12230,"position":2},"title":"Reajuste para Aposentados do INSS em 2024 \u00e9 ANUNCIADO; confira","author":"noticiasribeiraopreto.com.br","date":"30 de December de 2023","format":false,"excerpt":"O INSS (Instituto Nacional do Seguro Social) \u00e9 uma institui\u00e7\u00e3o crucial para os cidad\u00e3os brasileiros. Ele garante direitos como aposentadoria, pens\u00f5es e outros benef\u00edcios. Nesta mat\u00e9ria do Not\u00edcias Concursos vamos explorar o impacto da recente mudan\u00e7a no valor do sal\u00e1rio m\u00ednimo sobre os benef\u00edcios concedidos pelo INSS, especialmente para os\u2026","rel":"","context":"In &quot;Vagas de Emprego em Ribeir\u00e3o Preto-SP&quot;","block_context":{"text":"Vagas de Emprego em Ribeir\u00e3o Preto-SP","link":"https:\/\/noticiasribeiraopreto.com.br\/index.php\/category\/empregos-classificados-vagas-trabalho\/vagas-de-empregos-em-ribeirao-preto-regiao-brasil\/"},"img":{"alt_text":"","src":"","width":0,"height":0},"classes":[]},{"id":68304,"url":"https:\/\/noticiasribeiraopreto.com.br\/index.php\/2025\/04\/24\/inss-libera-primeira-parcela-do-13o\/","url_meta":{"origin":12230,"position":3},"title":"INSS libera primeira parcela do 13\u00ba \u00a0","author":"noticiasribeiraopreto.com.br","date":"24 de April de 2025","format":false,"excerpt":"O Instituto Nacional do Seguro Social (INSS) credita nesta quinta-feira, 24 de abril, a primeira parcela do d\u00e9cimo terceiro sal\u00e1rio e o pagamento do m\u00eas para 34,2 milh\u00f5es de aposentados, pensionistas e benefici\u00e1rios de aux\u00edlios pagos pelo \u00f3rg\u00e3o. Os valores podem ser consultados via Central de Atendimento 135 ou pelo\u2026","rel":"","context":"In &quot;Not\u00edcias de Ribeir\u00e3o Preto-SP e Regi\u00e3o&quot;","block_context":{"text":"Not\u00edcias de Ribeir\u00e3o Preto-SP e Regi\u00e3o","link":"https:\/\/noticiasribeiraopreto.com.br\/index.php\/category\/noticias-de-ribeirao-preto-sp-e-regiao-ismael-colosi\/"},"img":{"alt_text":"","src":"https:\/\/i0.wp.com\/noticiasribeiraopreto.com.br\/wp-content\/uploads\/2025\/04\/Apose13-Fernando-Frazao-Ag.Br_.-2.jpg?fit=1170%2C700&ssl=1&resize=350%2C200","width":350,"height":200,"srcset":"https:\/\/i0.wp.com\/noticiasribeiraopreto.com.br\/wp-content\/uploads\/2025\/04\/Apose13-Fernando-Frazao-Ag.Br_.-2.jpg?fit=1170%2C700&ssl=1&resize=350%2C200 1x, https:\/\/i0.wp.com\/noticiasribeiraopreto.com.br\/wp-content\/uploads\/2025\/04\/Apose13-Fernando-Frazao-Ag.Br_.-2.jpg?fit=1170%2C700&ssl=1&resize=525%2C300 1.5x, https:\/\/i0.wp.com\/noticiasribeiraopreto.com.br\/wp-content\/uploads\/2025\/04\/Apose13-Fernando-Frazao-Ag.Br_.-2.jpg?fit=1170%2C700&ssl=1&resize=700%2C400 2x, https:\/\/i0.wp.com\/noticiasribeiraopreto.com.br\/wp-content\/uploads\/2025\/04\/Apose13-Fernando-Frazao-Ag.Br_.-2.jpg?fit=1170%2C700&ssl=1&resize=1050%2C600 3x"},"classes":[]},{"id":17646,"url":"https:\/\/noticiasribeiraopreto.com.br\/index.php\/2023\/12\/18\/inss-comeca-a-pagar-aposentados-nesta-quinta-feira-dia-21-meu-valor-digital\/","url_meta":{"origin":12230,"position":4},"title":"INSS come\u00e7a a pagar aposentados nesta quinta-feira, dia 21 &#8211; Meu Valor Digital","author":"noticiasribeiraopreto.com.br","date":"18 de December de 2023","format":false,"excerpt":"Uma boa not\u00edcia para os aposentados e pensionistas, o INSS (Instituto Nacional do Seguro Social) antecipou o pagamento dos benef\u00edcios neste m\u00eas. Como dia 25 de dezembro \u00e9 feriado natalino, a autarquia antecipou o calend\u00e1rio para esta quinta-feira (21). O Minist\u00e9rio da Previd\u00eancia Social informou que 37 milh\u00f5es de aposentados\u2026","rel":"","context":"In &quot;Vagas de Emprego em Ribeir\u00e3o Preto-SP&quot;","block_context":{"text":"Vagas de Emprego em Ribeir\u00e3o Preto-SP","link":"https:\/\/noticiasribeiraopreto.com.br\/index.php\/category\/empregos-classificados-vagas-trabalho\/vagas-de-empregos-em-ribeirao-preto-regiao-brasil\/"},"img":{"alt_text":"","src":"https:\/\/i0.wp.com\/noticiasribeiraopreto.com.br\/wp-content\/uploads\/2023\/12\/1702942405_INSS-dinheiro-1.jpg?fit=1200%2C773&ssl=1&resize=350%2C200","width":350,"height":200,"srcset":"https:\/\/i0.wp.com\/noticiasribeiraopreto.com.br\/wp-content\/uploads\/2023\/12\/1702942405_INSS-dinheiro-1.jpg?fit=1200%2C773&ssl=1&resize=350%2C200 1x, https:\/\/i0.wp.com\/noticiasribeiraopreto.com.br\/wp-content\/uploads\/2023\/12\/1702942405_INSS-dinheiro-1.jpg?fit=1200%2C773&ssl=1&resize=525%2C300 1.5x, https:\/\/i0.wp.com\/noticiasribeiraopreto.com.br\/wp-content\/uploads\/2023\/12\/1702942405_INSS-dinheiro-1.jpg?fit=1200%2C773&ssl=1&resize=700%2C400 2x, https:\/\/i0.wp.com\/noticiasribeiraopreto.com.br\/wp-content\/uploads\/2023\/12\/1702942405_INSS-dinheiro-1.jpg?fit=1200%2C773&ssl=1&resize=1050%2C600 3x"},"classes":[]},{"id":19109,"url":"https:\/\/noticiasribeiraopreto.com.br\/index.php\/2023\/12\/21\/otima-noticia-para-brasileiros-que-recebem-ate-um-salario-minimo-2\/","url_meta":{"origin":12230,"position":5},"title":"\u00d3tima not\u00edcia para brasileiros que recebem at\u00e9 um sal\u00e1rio m\u00ednimo","author":"noticiasribeiraopreto.com.br","date":"21 de December de 2023","format":false,"excerpt":"Uma \u00f3tima not\u00edcia para os brasileiros que recebem at\u00e9 um sal\u00e1rio m\u00ednimo (R$ 1.320). Os aposentados e pensionistas come\u00e7am a receber o calend\u00e1rio de dezembro do INSS nesta quinta-feira (21). Segundo informa\u00e7\u00f5es do Minist\u00e9rio da Previd\u00eancia Social, 37 milh\u00f5es de pessoas ser\u00e3o contempladas com os repasses ao longo do ano.\u00a0\u2026","rel":"","context":"In &quot;Vagas de Emprego em Ribeir\u00e3o Preto-SP&quot;","block_context":{"text":"Vagas de Emprego em Ribeir\u00e3o Preto-SP","link":"https:\/\/noticiasribeiraopreto.com.br\/index.php\/category\/empregos-classificados-vagas-trabalho\/vagas-de-empregos-em-ribeirao-preto-regiao-brasil\/"},"img":{"alt_text":"","src":"https:\/\/i0.wp.com\/noticiasribeiraopreto.com.br\/wp-content\/uploads\/2023\/12\/novo-lula-evento-agencia-brasil-2.jpg?fit=1200%2C675&ssl=1&resize=350%2C200","width":350,"height":200,"srcset":"https:\/\/i0.wp.com\/noticiasribeiraopreto.com.br\/wp-content\/uploads\/2023\/12\/novo-lula-evento-agencia-brasil-2.jpg?fit=1200%2C675&ssl=1&resize=350%2C200 1x, https:\/\/i0.wp.com\/noticiasribeiraopreto.com.br\/wp-content\/uploads\/2023\/12\/novo-lula-evento-agencia-brasil-2.jpg?fit=1200%2C675&ssl=1&resize=525%2C300 1.5x, https:\/\/i0.wp.com\/noticiasribeiraopreto.com.br\/wp-content\/uploads\/2023\/12\/novo-lula-evento-agencia-brasil-2.jpg?fit=1200%2C675&ssl=1&resize=700%2C400 2x, https:\/\/i0.wp.com\/noticiasribeiraopreto.com.br\/wp-content\/uploads\/2023\/12\/novo-lula-evento-agencia-brasil-2.jpg?fit=1200%2C675&ssl=1&resize=1050%2C600 3x"},"classes":[]}],"jetpack_sharing_enabled":true,"jetpack_shortlink":"https:\/\/wp.me\/peQAOb-3bg","_links":{"self":[{"href":"https:\/\/noticiasribeiraopreto.com.br\/index.php\/wp-json\/wp\/v2\/posts\/12230","targetHints":{"allow":["GET"]}}],"collection":[{"href":"https:\/\/noticiasribeiraopreto.com.br\/index.php\/wp-json\/wp\/v2\/posts"}],"about":[{"href":"https:\/\/noticiasribeiraopreto.com.br\/index.php\/wp-json\/wp\/v2\/types\/post"}],"author":[{"embeddable":true,"href":"https:\/\/noticiasribeiraopreto.com.br\/index.php\/wp-json\/wp\/v2\/users\/1"}],"replies":[{"embeddable":true,"href":"https:\/\/noticiasribeiraopreto.com.br\/index.php\/wp-json\/wp\/v2\/comments?post=12230"}],"version-history":[{"count":0,"href":"https:\/\/noticiasribeiraopreto.com.br\/index.php\/wp-json\/wp\/v2\/posts\/12230\/revisions"}],"wp:featuredmedia":[{"embeddable":true,"href":"https:\/\/noticiasribeiraopreto.com.br\/index.php\/wp-json\/wp\/v2\/media\/12231"}],"wp:attachment":[{"href":"https:\/\/noticiasribeiraopreto.com.br\/index.php\/wp-json\/wp\/v2\/media?parent=12230"}],"wp:term":[{"taxonomy":"category","embeddable":true,"href":"https:\/\/noticiasribeiraopreto.com.br\/index.php\/wp-json\/wp\/v2\/categories?post=12230"},{"taxonomy":"post_tag","embeddable":true,"href":"https:\/\/noticiasribeiraopreto.com.br\/index.php\/wp-json\/wp\/v2\/tags?post=12230"}],"curies":[{"name":"wp","href":"https:\/\/api.w.org\/{rel}","templated":true}]}}