{"id":12302,"date":"2023-12-07T19:19:27","date_gmt":"2023-12-07T22:19:27","guid":{"rendered":"https:\/\/noticiasribeiraopreto.com.br\/index.php\/2023\/12\/07\/caminhoneiro-entra-em-oracao-segundos-antes-de-filmar-colisao-entre-duas-carretas-ele-escapou-por-pouco-imagens-viralizam\/"},"modified":"2023-12-07T19:19:27","modified_gmt":"2023-12-07T22:19:27","slug":"caminhoneiro-entra-em-oracao-segundos-antes-de-filmar-colisao-entre-duas-carretas-ele-escapou-por-pouco-imagens-viralizam","status":"publish","type":"post","link":"https:\/\/noticiasribeiraopreto.com.br\/index.php\/2023\/12\/07\/caminhoneiro-entra-em-oracao-segundos-antes-de-filmar-colisao-entre-duas-carretas-ele-escapou-por-pouco-imagens-viralizam\/","title":{"rendered":"Caminhoneiro entra em ora\u00e7\u00e3o segundos antes de filmar colis\u00e3o entre duas carretas, ele escapou por pouco- Imagens viralizam"},"content":{"rendered":"<div class='code-block code-block-1' style='margin: 8px 0 8px auto; text-align: right; display: block; clear: both;'>\n<p><a href=\"https:\/\/wa.link\/vpicfd\"><img data-recalc-dims=\"1\" class=\"wp-image-4922\" style=\"aspect-ratio: 2.0253164556962027; width: 561px; height: auto;\" src=\"https:\/\/i0.wp.com\/ismaelcolosi.com.br\/wp-content\/uploads\/2023\/11\/grupo-de-empregos-whatsapp-e-facebook-ismael-colosi-vagas.jpg?ssl=1\" alt=\"\" \/><\/a><\/p>\n<!-- \/wp:image -->\n<\/div>\n<p> <br \/>\n<\/p>\n<div itemprop=\"text\">\n<p>Nas \u00faltimas horas um v\u00eddeo viralizou nas redes sociais e acabou ganhando destaque nos portais de not\u00edcias online. Um motorista de um caminh\u00e3o que pode ser considerado como um sobrevivente do asfalto, parece ter tido uma suposta premoni\u00e7\u00e3o de que algo bastante grave est\u00e1 prestes a acontecer.<\/p>\n<p>Nas imagens, o condutor que n\u00e3o teve seu nome revelado, pega o celular e passa a fazer a grava\u00e7\u00e3o neste momento ele parece fazer uma ora\u00e7\u00e3o.<\/p>\n<p>O homem seguia atr\u00e1s de uma das carretas que se envolveu no acidente, segundos depois, ele flagra o acidente, passa com seu caminh\u00e3o no meio dos destro\u00e7os das duas carretas sem ser atingido por nenhuma delas.<\/p>\n<p>Ao sair completamente ileso do desastre ele continua orando, contudo, agora ele agradece por seu livramento. Segundo as informa\u00e7\u00f5es repassadas pela Pol\u00edcia Rodovi\u00e1ria Federal (PRF), o acidente brutal aconteceu na rodovia BR-364, na altura da localidade conhecida como Pedra Petra, que fica no interior do estado do Mato Grosso.<\/p>\n<p>O tormento teve in\u00edcio quando uma das pessoas perdeu o controle ao tentar evitar outro acidente que j\u00e1 havia acontecido pouco antes no mesmo local. Ela invadiu a pista oposta e chocou-se de frente com outro ve\u00edculo pesado. O desfecho foi catastr\u00f3fico, deixando ambos os motoristas gravemente feridos.<\/p>\n<p><iframe loading=\"lazy\" title=\"Caminhoneiro tem premoni\u00e7\u00e3o e filma colis\u00e3o de carretas\" width=\"500\" height=\"281\" src=\"https:\/\/www.youtube.com\/embed\/6cXS6HQClkA?feature=oembed\" frameborder=\"0\" allow=\"accelerometer; autoplay; clipboard-write; encrypted-media; gyroscope; picture-in-picture; web-share\" referrerpolicy=\"strict-origin-when-cross-origin\" allowfullscreen><\/iframe><\/p>\n<p>Esse s\u00e9rio acidente, caracterizado pela suposta premoni\u00e7\u00e3o peculiar do motorista de caminh\u00e3o, suscita reflex\u00f5es profundas sobre a intui\u00e7\u00e3o e a liga\u00e7\u00e3o inexplic\u00e1vel com o destino.<\/p>\n<p>Enquanto as autoridades respons\u00e1veis pelo atendimento da ocorr\u00eancia procuram entender as circunst\u00e2ncias e as causas deste acidente assustado, o v\u00eddeo nos convoca a refletir sobre a viol\u00eancia no tr\u00e2nsito e o alto risco de morte de quem pega a estrada todos os dias.<\/p>\n<\/div>\n<p><br \/>\n<br \/><a href=\"https:\/\/fnmais.com\/premonicao-assombrosa-caminhoneiro-entra-em-oracao-segundos-antes-filmar-colisao-entre-duas-carretas-ele-escapou-por-pouco-imagens-viralizam\/\">Source link <\/a><\/p>\n<!-- CONTENT END 1 -->\n","protected":false},"excerpt":{"rendered":"<p>Nas \u00faltimas horas um v\u00eddeo viralizou nas redes sociais e acabou ganhando destaque nos portais de not\u00edcias online. Um motorista de um caminh\u00e3o que pode&#8230;<\/p>\n","protected":false},"author":1,"featured_media":12303,"comment_status":"open","ping_status":"open","sticky":false,"template":"","format":"standard","meta":{"advanced_seo_description":"","jetpack_seo_html_title":"","jetpack_seo_noindex":false,"jetpack_seo_schema_type":"","_jetpack_newsletter_access":"","_jetpack_dont_email_post_to_subs":false,"_jetpack_newsletter_tier_id":0,"_jetpack_memberships_contains_paywalled_content":false,"_jetpack_feature_clip_id":0,"_jetpack_memberships_contains_paid_content":false,"footnotes":"","jetpack_publicize_message":"","jetpack_publicize_feature_enabled":true,"jetpack_social_post_already_shared":true,"jetpack_social_options":{"image_generator_settings":{"template":"highway","default_image_id":0,"font":"","enabled":false},"version":2},"jetpack_post_was_ever_published":false},"categories":[1],"tags":[],"class_list":["post-12302","post","type-post","status-publish","format-standard","has-post-thumbnail","hentry","category-blog"],"jetpack_publicize_connections":[],"jetpack-related-posts":[{"id":90681,"url":"https:\/\/noticiasribeiraopreto.com.br\/index.php\/2026\/08\/27\/acidente-entre-carro-carreta-e-caminhao-deixa-dois-feridos-na-anhanguera\/","url_meta":{"origin":12302,"position":0},"title":"Acidente entre carro e caminh\u00f5es deixa feridos na Anhanguera","author":"noticiasribeiraopreto.com.br","date":"27 de August de 2026","format":false,"excerpt":"Um acidente envolvendo um carro, uma carreta e um caminh\u00e3o deixou dois motoristas feridos no final da tarde desta quarta-feira (26), na altura do km 445,2 da rodovia Anhanguera (SP-330), em Igarapava, regi\u00e3o de Ribeir\u00e3o Preto. Segundo informa\u00e7\u00f5es do CCI da Artesp, o carro seguia no sentido sul quando o\u2026","rel":"","context":"In &quot;Not\u00edcias de Ribeir\u00e3o Preto-SP e Regi\u00e3o&quot;","block_context":{"text":"Not\u00edcias de Ribeir\u00e3o Preto-SP e Regi\u00e3o","link":"https:\/\/noticiasribeiraopreto.com.br\/index.php\/category\/noticias-de-ribeirao-preto-sp-e-regiao-ismael-colosi\/"},"img":{"alt_text":"","src":"https:\/\/i0.wp.com\/noticiasribeiraopreto.com.br\/wp-content\/uploads\/2026\/08\/acidente-anhanguera-igarapava.jpg?fit=1200%2C675&ssl=1&resize=350%2C200","width":350,"height":200,"srcset":"https:\/\/i0.wp.com\/noticiasribeiraopreto.com.br\/wp-content\/uploads\/2026\/08\/acidente-anhanguera-igarapava.jpg?fit=1200%2C675&ssl=1&resize=350%2C200 1x, https:\/\/i0.wp.com\/noticiasribeiraopreto.com.br\/wp-content\/uploads\/2026\/08\/acidente-anhanguera-igarapava.jpg?fit=1200%2C675&ssl=1&resize=525%2C300 1.5x, https:\/\/i0.wp.com\/noticiasribeiraopreto.com.br\/wp-content\/uploads\/2026\/08\/acidente-anhanguera-igarapava.jpg?fit=1200%2C675&ssl=1&resize=700%2C400 2x, https:\/\/i0.wp.com\/noticiasribeiraopreto.com.br\/wp-content\/uploads\/2026\/08\/acidente-anhanguera-igarapava.jpg?fit=1200%2C675&ssl=1&resize=1050%2C600 3x"},"classes":[]},{"id":4860,"url":"https:\/\/noticiasribeiraopreto.com.br\/index.php\/2023\/11\/22\/casal-e-crianca-de-10-anos-perdem-a-vida-apos-carro-ser-esmagado-entre-carretas\/","url_meta":{"origin":12302,"position":1},"title":"Casal e crian\u00e7a de 10 anos perdem a vida ap\u00f3s carro ser esmagado entre carretas","author":"noticiasribeiraopreto.com.br","date":"22 de November de 2023","format":false,"excerpt":"Um acidente envolveu duas carretas e um Chevrolet Corsa em uma trag\u00e9dia na madrugada desta quarta, dia 22 de novembro, na rodovia Presidente Dutra, pr\u00f3xima a Taubat\u00e9 (SP) e Pindamonhangaba (SP).No acidente, ocorrido por volta das 0h40 no sentido Rio de Janeiro, foi constatado a morte de um casal e\u2026","rel":"","context":"In &quot;Blog&quot;","block_context":{"text":"Blog","link":"https:\/\/noticiasribeiraopreto.com.br\/index.php\/category\/blog\/"},"img":{"alt_text":"","src":"https:\/\/i0.wp.com\/noticiasribeiraopreto.com.br\/wp-content\/uploads\/2023\/11\/postimg-655e1c0b189548969.jpg?fit=1200%2C628&ssl=1&resize=350%2C200","width":350,"height":200,"srcset":"https:\/\/i0.wp.com\/noticiasribeiraopreto.com.br\/wp-content\/uploads\/2023\/11\/postimg-655e1c0b189548969.jpg?fit=1200%2C628&ssl=1&resize=350%2C200 1x, https:\/\/i0.wp.com\/noticiasribeiraopreto.com.br\/wp-content\/uploads\/2023\/11\/postimg-655e1c0b189548969.jpg?fit=1200%2C628&ssl=1&resize=525%2C300 1.5x, https:\/\/i0.wp.com\/noticiasribeiraopreto.com.br\/wp-content\/uploads\/2023\/11\/postimg-655e1c0b189548969.jpg?fit=1200%2C628&ssl=1&resize=700%2C400 2x, https:\/\/i0.wp.com\/noticiasribeiraopreto.com.br\/wp-content\/uploads\/2023\/11\/postimg-655e1c0b189548969.jpg?fit=1200%2C628&ssl=1&resize=1050%2C600 3x"},"classes":[]},{"id":71419,"url":"https:\/\/noticiasribeiraopreto.com.br\/index.php\/2025\/06\/05\/acidente-entre-carreta-e-caminhao-interdita-rodovia-anhanguera\/","url_meta":{"origin":12302,"position":2},"title":"Acidente entre carreta e caminh\u00e3o interdita rodovia Anhanguera","author":"noticiasribeiraopreto.com.br","date":"5 de June de 2025","format":false,"excerpt":"Na final da tarde desta quarta-feira (5), um acidente entre uma carreta e um caminh\u00e3o causa interdi\u00e7\u00e3o parcial na rodovia Anhanguera (SP-330), no km 339+209, sentido norte, em Jardin\u00f3polis, na regi\u00e3o de Ribeir\u00e3o Preto. Segundo informa\u00e7\u00f5es do Centro de Controle de Informa\u00e7\u00f5es da Artesp, a carreta colidiu na traseira do\u2026","rel":"","context":"In &quot;Not\u00edcias de Ribeir\u00e3o Preto-SP e Regi\u00e3o&quot;","block_context":{"text":"Not\u00edcias de Ribeir\u00e3o Preto-SP e Regi\u00e3o","link":"https:\/\/noticiasribeiraopreto.com.br\/index.php\/category\/noticias-de-ribeirao-preto-sp-e-regiao-ismael-colosi\/"},"img":{"alt_text":"","src":"https:\/\/i0.wp.com\/noticiasribeiraopreto.com.br\/wp-content\/uploads\/2025\/06\/Copia-de-Copia-de-Copia-de-TAMANHO-EXATO-PARA-FOTOS-NO-SISTEMA-NOVO-2025-06-05T180058.568_2025-06-05_21-01-14.webp.webp?fit=1200%2C675&ssl=1&resize=350%2C200","width":350,"height":200,"srcset":"https:\/\/i0.wp.com\/noticiasribeiraopreto.com.br\/wp-content\/uploads\/2025\/06\/Copia-de-Copia-de-Copia-de-TAMANHO-EXATO-PARA-FOTOS-NO-SISTEMA-NOVO-2025-06-05T180058.568_2025-06-05_21-01-14.webp.webp?fit=1200%2C675&ssl=1&resize=350%2C200 1x, https:\/\/i0.wp.com\/noticiasribeiraopreto.com.br\/wp-content\/uploads\/2025\/06\/Copia-de-Copia-de-Copia-de-TAMANHO-EXATO-PARA-FOTOS-NO-SISTEMA-NOVO-2025-06-05T180058.568_2025-06-05_21-01-14.webp.webp?fit=1200%2C675&ssl=1&resize=525%2C300 1.5x, https:\/\/i0.wp.com\/noticiasribeiraopreto.com.br\/wp-content\/uploads\/2025\/06\/Copia-de-Copia-de-Copia-de-TAMANHO-EXATO-PARA-FOTOS-NO-SISTEMA-NOVO-2025-06-05T180058.568_2025-06-05_21-01-14.webp.webp?fit=1200%2C675&ssl=1&resize=700%2C400 2x, https:\/\/i0.wp.com\/noticiasribeiraopreto.com.br\/wp-content\/uploads\/2025\/06\/Copia-de-Copia-de-Copia-de-TAMANHO-EXATO-PARA-FOTOS-NO-SISTEMA-NOVO-2025-06-05T180058.568_2025-06-05_21-01-14.webp.webp?fit=1200%2C675&ssl=1&resize=1050%2C600 3x"},"classes":[]},{"id":70717,"url":"https:\/\/noticiasribeiraopreto.com.br\/index.php\/2025\/05\/29\/video-acidente-trava-transito-em-rodovia-de-rp\/","url_meta":{"origin":12302,"position":3},"title":"V\u00cdDEO &#8211; Acidente trava tr\u00e2nsito em rodovia de RP","author":"noticiasribeiraopreto.com.br","date":"29 de May de 2025","format":false,"excerpt":"Caminh\u00e3o e carreta bateram e ca\u00e7ambas ca\u00edram na pista do sentido oposto, interditando parcialmente as duas pistas 29 de maio de 2025 09:453 Compartilhar1 Por: Adalberto Luque Um acidente entre uma carreta e um caminh\u00e3o que carrega ca\u00e7ambas causou um grande congestionamento, na manh\u00e3 desta quinta-feira (28). A colis\u00e3o ocorreu\u2026","rel":"","context":"In &quot;Not\u00edcias de Ribeir\u00e3o Preto-SP e Regi\u00e3o&quot;","block_context":{"text":"Not\u00edcias de Ribeir\u00e3o Preto-SP e Regi\u00e3o","link":"https:\/\/noticiasribeiraopreto.com.br\/index.php\/category\/noticias-de-ribeirao-preto-sp-e-regiao-ismael-colosi\/"},"img":{"alt_text":"","src":"https:\/\/i0.wp.com\/noticiasribeiraopreto.com.br\/wp-content\/uploads\/2025\/05\/29-mai-2025-acidentebiagi4.jpg?fit=1059%2C842&ssl=1&resize=350%2C200","width":350,"height":200,"srcset":"https:\/\/i0.wp.com\/noticiasribeiraopreto.com.br\/wp-content\/uploads\/2025\/05\/29-mai-2025-acidentebiagi4.jpg?fit=1059%2C842&ssl=1&resize=350%2C200 1x, https:\/\/i0.wp.com\/noticiasribeiraopreto.com.br\/wp-content\/uploads\/2025\/05\/29-mai-2025-acidentebiagi4.jpg?fit=1059%2C842&ssl=1&resize=525%2C300 1.5x, https:\/\/i0.wp.com\/noticiasribeiraopreto.com.br\/wp-content\/uploads\/2025\/05\/29-mai-2025-acidentebiagi4.jpg?fit=1059%2C842&ssl=1&resize=700%2C400 2x, https:\/\/i0.wp.com\/noticiasribeiraopreto.com.br\/wp-content\/uploads\/2025\/05\/29-mai-2025-acidentebiagi4.jpg?fit=1059%2C842&ssl=1&resize=1050%2C600 3x"},"classes":[]},{"id":90287,"url":"https:\/\/noticiasribeiraopreto.com.br\/index.php\/2026\/08\/20\/video-motociclista-fica-ferido-apos-colisao-com-carreta\/","url_meta":{"origin":12302,"position":4},"title":"V\u00cdDEO &#8211; Motociclista fica ferido ap\u00f3s colis\u00e3o com carreta","author":"noticiasribeiraopreto.com.br","date":"20 de August de 2026","format":false,"excerpt":"\r \r \r V\u00edtima teve fratura exposta no ombro direito e precisou ser retirada debaixo da roda do caminh\u00e3o com aux\u00edlio de um macaco hidr\u00e1ulico\r \r 20 de agosto de 2026 11:00 \r Compartilhar2 \r | Por: Adalberto Luque | Um acidente entre uma motocicleta e uma carreta deixou um\u2026","rel":"","context":"In &quot;Not\u00edcias de Ribeir\u00e3o Preto-SP e Regi\u00e3o&quot;","block_context":{"text":"Not\u00edcias de Ribeir\u00e3o Preto-SP e Regi\u00e3o","link":"https:\/\/noticiasribeiraopreto.com.br\/index.php\/category\/noticias-de-ribeirao-preto-sp-e-regiao-ismael-colosi\/"},"img":{"alt_text":"","src":"https:\/\/i0.wp.com\/noticiasribeiraopreto.com.br\/wp-content\/uploads\/2026\/08\/20-ago-2026-motoecarreta1-scaled.jpg?fit=1200%2C532&ssl=1&resize=350%2C200","width":350,"height":200,"srcset":"https:\/\/i0.wp.com\/noticiasribeiraopreto.com.br\/wp-content\/uploads\/2026\/08\/20-ago-2026-motoecarreta1-scaled.jpg?fit=1200%2C532&ssl=1&resize=350%2C200 1x, https:\/\/i0.wp.com\/noticiasribeiraopreto.com.br\/wp-content\/uploads\/2026\/08\/20-ago-2026-motoecarreta1-scaled.jpg?fit=1200%2C532&ssl=1&resize=525%2C300 1.5x, https:\/\/i0.wp.com\/noticiasribeiraopreto.com.br\/wp-content\/uploads\/2026\/08\/20-ago-2026-motoecarreta1-scaled.jpg?fit=1200%2C532&ssl=1&resize=700%2C400 2x, https:\/\/i0.wp.com\/noticiasribeiraopreto.com.br\/wp-content\/uploads\/2026\/08\/20-ago-2026-motoecarreta1-scaled.jpg?fit=1200%2C532&ssl=1&resize=1050%2C600 3x"},"classes":[]},{"id":84367,"url":"https:\/\/noticiasribeiraopreto.com.br\/index.php\/2026\/04\/08\/motorista-tem-apagao-carreta-desce-de-marcha-a-re-e-bate-em-caminhao-na-anhanguera\/","url_meta":{"origin":12302,"position":5},"title":"Motorista tem &#8216;apag\u00e3o&#8217;, carreta desce de marcha \u00e0 r\u00e9 e bate em caminh\u00e3o na Anhanguera","author":"noticiasribeiraopreto.com.br","date":"8 de April de 2026","format":false,"excerpt":"Ler o resumo da not\u00edcia Acidente occurred on quarta-feira (8) no km 366 da rodovia Anhanguera (SP-330), em Orl\u00e2ndia, a 50 km de Ribeir\u00e3o Preto. Motorista de carreta sofreu \"apag\u00e3o\" (mal s\u00fabito), ve\u00edculo desceu de marcha \u00e0 r\u00e9 e atingiu lateral de caminh\u00e3o com perec\u00edveis. Carreta tombou ap\u00f3s bater na\u2026","rel":"","context":"In &quot;Not\u00edcias de Ribeir\u00e3o Preto-SP e Regi\u00e3o&quot;","block_context":{"text":"Not\u00edcias de Ribeir\u00e3o Preto-SP e Regi\u00e3o","link":"https:\/\/noticiasribeiraopreto.com.br\/index.php\/category\/noticias-de-ribeirao-preto-sp-e-regiao-ismael-colosi\/"},"img":{"alt_text":"","src":"https:\/\/i0.wp.com\/noticiasribeiraopreto.com.br\/wp-content\/uploads\/2026\/04\/WhatsApp-Image-2026-04-08-at-12.20.46_2026-04-08_15-21-29.webp.webp?fit=1200%2C833&ssl=1&resize=350%2C200","width":350,"height":200,"srcset":"https:\/\/i0.wp.com\/noticiasribeiraopreto.com.br\/wp-content\/uploads\/2026\/04\/WhatsApp-Image-2026-04-08-at-12.20.46_2026-04-08_15-21-29.webp.webp?fit=1200%2C833&ssl=1&resize=350%2C200 1x, https:\/\/i0.wp.com\/noticiasribeiraopreto.com.br\/wp-content\/uploads\/2026\/04\/WhatsApp-Image-2026-04-08-at-12.20.46_2026-04-08_15-21-29.webp.webp?fit=1200%2C833&ssl=1&resize=525%2C300 1.5x, https:\/\/i0.wp.com\/noticiasribeiraopreto.com.br\/wp-content\/uploads\/2026\/04\/WhatsApp-Image-2026-04-08-at-12.20.46_2026-04-08_15-21-29.webp.webp?fit=1200%2C833&ssl=1&resize=700%2C400 2x, https:\/\/i0.wp.com\/noticiasribeiraopreto.com.br\/wp-content\/uploads\/2026\/04\/WhatsApp-Image-2026-04-08-at-12.20.46_2026-04-08_15-21-29.webp.webp?fit=1200%2C833&ssl=1&resize=1050%2C600 3x"},"classes":[]}],"jetpack_sharing_enabled":true,"jetpack_shortlink":"https:\/\/wp.me\/peQAOb-3cq","jetpack_featured_media_url":"https:\/\/i0.wp.com\/noticiasribeiraopreto.com.br\/wp-content\/uploads\/2023\/12\/postimg-65723fa6a78e21689.jpg?fit=1200%2C628&ssl=1","_links":{"self":[{"href":"https:\/\/noticiasribeiraopreto.com.br\/index.php\/wp-json\/wp\/v2\/posts\/12302","targetHints":{"allow":["GET"]}}],"collection":[{"href":"https:\/\/noticiasribeiraopreto.com.br\/index.php\/wp-json\/wp\/v2\/posts"}],"about":[{"href":"https:\/\/noticiasribeiraopreto.com.br\/index.php\/wp-json\/wp\/v2\/types\/post"}],"author":[{"embeddable":true,"href":"https:\/\/noticiasribeiraopreto.com.br\/index.php\/wp-json\/wp\/v2\/users\/1"}],"replies":[{"embeddable":true,"href":"https:\/\/noticiasribeiraopreto.com.br\/index.php\/wp-json\/wp\/v2\/comments?post=12302"}],"version-history":[{"count":0,"href":"https:\/\/noticiasribeiraopreto.com.br\/index.php\/wp-json\/wp\/v2\/posts\/12302\/revisions"}],"wp:featuredmedia":[{"embeddable":true,"href":"https:\/\/noticiasribeiraopreto.com.br\/index.php\/wp-json\/wp\/v2\/media\/12303"}],"wp:attachment":[{"href":"https:\/\/noticiasribeiraopreto.com.br\/index.php\/wp-json\/wp\/v2\/media?parent=12302"}],"wp:term":[{"taxonomy":"category","embeddable":true,"href":"https:\/\/noticiasribeiraopreto.com.br\/index.php\/wp-json\/wp\/v2\/categories?post=12302"},{"taxonomy":"post_tag","embeddable":true,"href":"https:\/\/noticiasribeiraopreto.com.br\/index.php\/wp-json\/wp\/v2\/tags?post=12302"}],"curies":[{"name":"wp","href":"https:\/\/api.w.org\/{rel}","templated":true}]}}